{"id":274044,"date":"2025-11-21T07:20:46","date_gmt":"2025-11-21T10:20:46","guid":{"rendered":"https:\/\/www.agrobase.com.br\/concursos\/?p=274044"},"modified":"2025-11-19T12:40:21","modified_gmt":"2025-11-19T15:40:21","slug":"prefeitura-santa-maria-de-jetiba-es-selecao-simplificada-56-2025","status":"publish","type":"post","link":"https:\/\/www.agrobase.com.br\/concursos\/2025\/prefeitura-santa-maria-de-jetiba-es-selecao-simplificada-56-2025\/","title":{"rendered":"Prefeitura Santa Maria de Jetib\u00e1 (ES) &#8211; Sele\u00e7\u00e3o Simplificada 56\/2025"},"content":{"rendered":"<h2>Informa\u00e7\u00f5es Gerais<\/h2>\n<p>O Munic\u00edpio de Santa Maria de Jetib\u00e1, no Esp\u00edrito Santo, publicou o Edital n\u00ba 056\/2025 para realiza\u00e7\u00e3o de Processo Seletivo Simplificado Emergencial voltado \u00e0 contrata\u00e7\u00e3o tempor\u00e1ria de <strong>professores habilitados<\/strong> para a Educa\u00e7\u00e3o B\u00e1sica. O certame \u00e9 promovido pela Prefeitura Municipal e coordenado por Comiss\u00e3o espec\u00edfica nomeada pela Portaria n\u00ba 2206\/2025.<\/p>\n<p>O objetivo do processo \u00e9 formar <strong>cadastro de reserva<\/strong> para atender necessidades da rede municipal de ensino at\u00e9 31 de dezembro de 2026, contemplando Educa\u00e7\u00e3o Infantil, Ensino Fundamental (anos iniciais e finais), Educa\u00e7\u00e3o Especial e Educa\u00e7\u00e3o de Jovens e Adultos (EJA). Todas as oportunidades s\u00e3o para <strong>n\u00edvel superior<\/strong>, em diferentes licenciaturas e \u00e1reas da Educa\u00e7\u00e3o.<\/p>\n<p>As fun\u00e7\u00f5es ofertadas abrangem doc\u00eancia em diversas disciplinas, educa\u00e7\u00e3o especial, atendimento educacional especializado, projetos pedag\u00f3gicos espec\u00edficos (como xadrez e conta\u00e7\u00e3o de hist\u00f3rias), al\u00e9m de fun\u00e7\u00f5es de supervis\u00e3o e inspe\u00e7\u00e3o escolar. As contrata\u00e7\u00f5es ser\u00e3o tempor\u00e1rias, em regime de fun\u00e7\u00e3o p\u00fablica, com remunera\u00e7\u00e3o inicial a partir de R$ 3.884,34 para jornada de 25 horas semanais.<\/p>\n<p>Se voc\u00ea atua na \u00e1rea de Educa\u00e7\u00e3o e busca uma oportunidade na rede municipal de Santa Maria de Jetib\u00e1\/ES, siga para as pr\u00f3ximas se\u00e7\u00f5es para entender como funcionam as inscri\u00e7\u00f5es, etapas e resultados deste processo seletivo.<\/p>\n<h2>Inscri\u00e7\u00f5es<\/h2>\n<p>As inscri\u00e7\u00f5es para o Processo Seletivo Simplificado Emergencial da Prefeitura de Santa Maria de Jetib\u00e1\/ES ser\u00e3o realizadas <strong>exclusivamente pela internet<\/strong>, no per\u00edodo das <strong>08h do dia 21 de novembro de 2025 at\u00e9 23h59 do dia 26 de novembro de 2025<\/strong>, considerando o hor\u00e1rio oficial de Bras\u00edlia\/DF.<\/p>\n<p>O candidato deve acessar o site da Prefeitura (www.pmsmj.es.gov.br) ou diretamente o endere\u00e7o eletr\u00f4nico <a href=\"https:\/\/selecao.pmsmj.com.br\" target=\"_blank\" rel=\"noopener\">https:\/\/selecao.pmsmj.com.br<\/a> e preencher integralmente o formul\u00e1rio de inscri\u00e7\u00e3o. As inscri\u00e7\u00f5es s\u00e3o <strong>gratuitas<\/strong>, n\u00e3o havendo cobran\u00e7a de taxa em nenhum n\u00edvel de escolaridade.<\/p>\n<p>\u00c9 de inteira responsabilidade do candidato a correta inser\u00e7\u00e3o de todos os dados no sistema. Ap\u00f3s concluir o cadastro, \u00e9 <strong>obrigat\u00f3ria a impress\u00e3o da Ficha de Inscri\u00e7\u00e3o<\/strong>, que dever\u00e1 ser apresentada no ato da chamada para escolha de vaga. O munic\u00edpio e a Comiss\u00e3o do Processo Seletivo n\u00e3o se responsabilizam por erros de preenchimento, falhas t\u00e9cnicas, problemas de comunica\u00e7\u00e3o ou congestionamento que impe\u00e7am a efetiva\u00e7\u00e3o da inscri\u00e7\u00e3o ou a impress\u00e3o de documentos.<\/p>\n<p>O edital permite que o candidato realize <strong>at\u00e9 duas inscri\u00e7\u00f5es<\/strong>, desde que atenda aos requisitos. Entre os requisitos b\u00e1sicos para se inscrever est\u00e3o: ser brasileiro nato ou naturalizado e ter, na data da chamada para escolha de vagas, idade m\u00ednima de 18 anos completos.<\/p>\n<p>N\u00e3o h\u00e1 previs\u00e3o de taxa de inscri\u00e7\u00e3o, portanto n\u00e3o existem regras de pagamento ou boleto banc\u00e1rio. Recomenda-se que o candidato acompanhe o status de sua inscri\u00e7\u00e3o e eventuais comunicados diretamente no site da sele\u00e7\u00e3o. Para todos os detalhes e demais exig\u00eancias, \u00e9 indispens\u00e1vel a leitura atenta do edital completo.<\/p>\n<h2>Etapas e Provas<\/h2>\n<p>O processo seletivo ser\u00e1 composto por <strong>duas etapas principais<\/strong>, ambas sem aplica\u00e7\u00e3o de prova objetiva tradicional, baseando-se em an\u00e1lise de informa\u00e7\u00f5es e documentos apresentados pelos candidatos.<\/p>\n<ul>\n<li><strong>Primeira Etapa \u2013 Inscri\u00e7\u00e3o e declara\u00e7\u00e3o de t\u00edtulos<\/strong> (car\u00e1ter classificat\u00f3rio): nesta fase, o candidato realiza a inscri\u00e7\u00e3o on-line e declara sua escolaridade, titula\u00e7\u00e3o, cursos e experi\u00eancia profissional, conforme requisitos de cada cargo. A pontua\u00e7\u00e3o de t\u00edtulos e qualifica\u00e7\u00e3o profissional segue os crit\u00e9rios estabelecidos no Anexo II do edital, considerando, entre outros, p\u00f3s-gradua\u00e7\u00e3o (lato e stricto sensu) e cursos de forma\u00e7\u00e3o continuada na \u00e1rea da Educa\u00e7\u00e3o.<\/li>\n<li><strong>Segunda Etapa \u2013 Chamada presencial e comprova\u00e7\u00e3o de escolaridade, t\u00edtulos e experi\u00eancia<\/strong> (car\u00e1ter eliminat\u00f3rio e confirmat\u00f3rio): os candidatos convocados dever\u00e3o comparecer, em data, hor\u00e1rio e local definidos em edital de convoca\u00e7\u00e3o, munidos de documentos pessoais, comprovantes de escolaridade, experi\u00eancia profissional e t\u00edtulos declarados na inscri\u00e7\u00e3o, em original ou c\u00f3pia autenticada. A an\u00e1lise ser\u00e1 feita pela Comiss\u00e3o do Processo Seletivo. A n\u00e3o apresenta\u00e7\u00e3o de qualquer documento declarado, ou a n\u00e3o comprova\u00e7\u00e3o dos requisitos m\u00ednimos para o cargo, implicar\u00e1 <strong>elimina\u00e7\u00e3o<\/strong> do candidato.<\/li>\n<\/ul>\n<p>Para todos os cargos, somente ser\u00e3o computados como experi\u00eancia profissional os per\u00edodos efetivamente trabalhados na fun\u00e7\u00e3o pleiteada, n\u00e3o sendo aceitos est\u00e1gios, monitorias, bolsas ou trabalho volunt\u00e1rio. Tamb\u00e9m s\u00f3 ser\u00e3o pontuados cursos relacionados \u00e0 \u00e1rea da Educa\u00e7\u00e3o, emitidos at\u00e9 o \u00faltimo dia de inscri\u00e7\u00e3o e com documenta\u00e7\u00e3o completa e autentic\u00e1vel.<\/p>\n<p><strong>Etapa espec\u00edfica \u2013 Professor de L\u00edngua Pomerana<\/strong>: para este cargo, haver\u00e1 ainda uma <strong>entrevista com Prova de Desempenho Did\u00e1tico<\/strong>, voltada \u00e0 avalia\u00e7\u00e3o da capacidade de atua\u00e7\u00e3o no cargo, realizada no mesmo dia da chamada para escolha de vagas.<\/p>\n<p>O candidato poder\u00e1 ter apenas &lt;stronguma reclassifica\u00e7\u00e3o<\/strong> em caso de desist\u00eancia ou n\u00e3o comparecimento em chamada. Para conhecer a distribui\u00e7\u00e3o de pontos, documentos aceitos, prazos e demais regras, \u00e9 fundamental consultar o edital e seus anexos, especialmente o conte\u00fado do Anexo II e o cronograma do Anexo I.<\/p>\n<h2>Resultados e Gabarito<\/h2>\n<p>A classifica\u00e7\u00e3o dos candidatos ser\u00e1 divulgada conforme cronograma previsto no Anexo I do edital, por meio de publica\u00e7\u00e3o no quadro interno de avisos da Prefeitura de Santa Maria de Jetib\u00e1\/ES e nos endere\u00e7os eletr\u00f4nicos oficiais: site da Prefeitura (www.pmsmj.es.gov.br) e portal da sele\u00e7\u00e3o <a href=\"https:\/\/selecao.pmsmj.com.br\" target=\"_blank\" rel=\"noopener\">https:\/\/selecao.pmsmj.com.br<\/a>.<\/p>\n<p>De acordo com o cronograma, est\u00e1 prevista a <strong>divulga\u00e7\u00e3o do resultado parcial<\/strong> em <strong>28\/11\/2025<\/strong> e do <strong>resultado final geral<\/strong> em <strong>05\/12\/2025<\/strong>. Ap\u00f3s a conclus\u00e3o de todas as etapas e da classifica\u00e7\u00e3o final, a Comiss\u00e3o Geral encaminhar\u00e1 o resultado ao Prefeito Municipal para <strong>homologa\u00e7\u00e3o<\/strong>. Somente ap\u00f3s a homologa\u00e7\u00e3o o resultado final ser\u00e1 considerado definitivo e publicado oficialmente nos canais da Prefeitura.<\/p>\n<p>Em caso de empate na classifica\u00e7\u00e3o, ser\u00e3o aplicados, nesta ordem, os seguintes crit\u00e9rios de desempate: <strong>(I)<\/strong> maior titula\u00e7\u00e3o apresentada; <strong>(II)<\/strong> maior experi\u00eancia profissional; <strong>(III)<\/strong> maior idade, considerando dia, m\u00eas e ano de nascimento.<\/p>\n<p>A aprova\u00e7\u00e3o no processo seletivo gera apenas <strong>expectativa de contrata\u00e7\u00e3o<\/strong>, n\u00e3o configurando direito autom\u00e1tico \u00e0 admiss\u00e3o. As convoca\u00e7\u00f5es ocorrer\u00e3o conforme a necessidade excepcional da Rede Municipal de Ensino no ano letivo de 2026, respeitada a ordem de classifica\u00e7\u00e3o e as regras de reclassifica\u00e7\u00e3o. A chamada para contrata\u00e7\u00e3o e escolha de vagas ser\u00e1 feita por meio de editais publicados no site da Prefeitura e no portal da sele\u00e7\u00e3o, e o n\u00e3o comparecimento ou a n\u00e3o comprova\u00e7\u00e3o dos requisitos implicar\u00e1 elimina\u00e7\u00e3o ou reclassifica\u00e7\u00e3o para o final da lista, conforme o caso.<\/p>\n<p>\u00c9 responsabilidade exclusiva do candidato acompanhar, de forma cont\u00ednua, todas as publica\u00e7\u00f5es oficiais relacionadas ao processo seletivo, tanto no site da banca\/Prefeitura quanto, quando for o caso, no Di\u00e1rio Oficial, n\u00e3o podendo alegar desconhecimento de prazos, convoca\u00e7\u00f5es ou resultados.<\/p>\n","protected":false},"excerpt":{"rendered":"<p>Inscri\u00e7\u00f5es abrem 21\/11! Sel. Simplificada Pref. Santa Maria de Jetib\u00e1 (ES) p\/ Professores (Superior). Sal\u00e1rios at\u00e9 R$ 5.1k. Prepare-se e veja o edital!<\/p>\n","protected":false},"author":7,"featured_media":274043,"comment_status":"open","ping_status":"open","sticky":false,"template":"","format":"standard","meta":{"_acf_changed":false,"_breakdance_hide_in_design_set":false,"_breakdance_tags":"","footnotes":""},"categories":[6433,141,6434,111,100,20,6871,116,119,25],"tags":[45],"_amplo":[],"destaque":[],"instituicoes":[],"class_list":["post-274044","post","type-post","status-publish","format-standard","has-post-thumbnail","hentry","category-biologia-licenciatura","category-educacao-artistica","category-educacao-fisica-licenciatura","category-geografia","category-historia","category-letras","category-letras-ingles","category-matematica","category-musica","category-pedagogia","tag-espirito-santo"],"acf":{"_tipo_vagas":"vagas","_numero_vagas":"","_quadro_vagas":"","_cargos":"diversos","_cargos_especificos":"","_salario_max":"R$ 5146.75","_abertura":"20251121","_encerramento":"20251126","_inscricoes":"https:\/\/selecao.pmsmj.com.br","_executora_concurso":"","_instituicao_concurso":[],"_link_adicional":null,"_anexos":null,"_produtos":null,"_vagas":"CR","_salario_min":"R$ 3884.34","_instituicao":"Prefeitura de Santa Maria de Jetib\u00e1","_edital":"https:\/\/www.agrobase.com.br\/concursos\/wp-content\/uploads\/sites\/4\/2025\/11\/edital-56-2025-prefeitura-de-santa-maria-de-jetiba-es.pdf","_anexos_edital":"https:\/\/www.agrobase.com.br\/concursos\/wp-content\/uploads\/sites\/4\/2025\/11\/anexos-edital-56-2025-prefeitura-de-santa-maria-de-jetiba-es.pdf","_fund_incompleto":"","_fund_completo":"","_medio":"","_superior":"<div>\r\n<table class=\"quadro\">\r\n<thead>\r\n<tr>\r\n<th class=\"hcargo\">Cargo<\/th>\r\n<th class=\"hvagas\">Vagas<\/th>\r\n<th class=\"hremuneracao\">Remunera\u00e7\u00e3o<\/th>\r\n<\/tr>\r\n<\/thead>\r\n    <tbody>\r\n      <tr>\r\n<td class=\"ccargos\">\r\n<span data-balloon-length=\"medium\" aria-label=\"Licenciatura Plena em Pedagogia (Habilita\u00e7\u00e3o Magist\u00e9rio da educa\u00e7\u00e3o infantil e das s\u00e9ries iniciais) OU Licenciatura Plena em Pedagogia regulamentada pela Resolu\u00e7\u00e3o CNE\/CP N\u00b0. 1, de 15\/05\/2006 OU Licenciatura\/Curso Normal Superior OU Licenciatura em Educa\u00e7\u00e3o do Campo OU Programa Especial de Forma\u00e7\u00e3o Pedag\u00f3gica para Docentes.\" data-balloon-pos=\"up\">Professor PA - Educa\u00e7\u00e3o Infantil, Ensino Fundamental (Anos Iniciais) e EJA (1\u00b0 segmento)<\/span><\/td>\r\n<td class=\"cvagas\">CR<\/td>\r\n<td class=\"cremuneracao\">R$ 3.884,34 \/25h<\/td>\r\n<\/tr><tr>\r\n<td class=\"ccargos\">\r\n<span data-balloon-length=\"medium\" aria-label=\"Licenciatura em Matem\u00e1tica OU Licenciatura em Educa\u00e7\u00e3o do Campo - Habilita\u00e7\u00e3o em Matem\u00e1tica OU Programa Especial de Forma\u00e7\u00e3o Pedag\u00f3gica para Docentes.\" data-balloon-pos=\"up\">Professor PB - Matem\u00e1tica<\/span><\/td>\r\n<td class=\"cvagas\">CR<\/td>\r\n<td class=\"cremuneracao\">R$ 3.884,34 \/25h<\/td>\r\n<\/tr><tr>\r\n<td class=\"ccargos\">\r\n<span data-balloon-length=\"medium\" aria-label=\"Licenciatura em Biologia\/Ci\u00eancias Biol\u00f3gicas OU Licenciatura em Educa\u00e7\u00e3o do Campo - Habilita\u00e7\u00e3o em Ci\u00eancias da Natureza OU Programa Especial de Forma\u00e7\u00e3o Pedag\u00f3gica para Docentes.\" data-balloon-pos=\"up\">Professor PB - Ci\u00eancias<\/span><\/td>\r\n<td class=\"cvagas\">CR<\/td>\r\n<td class=\"cremuneracao\">R$ 3.884,34 \/25h<\/td>\r\n<\/tr><tr>\r\n<td class=\"ccargos\">\r\n<span data-balloon-length=\"medium\" aria-label=\"Licenciatura em Letras\/Portugu\u00eas OU Licenciatura em Educa\u00e7\u00e3o do Campo - Habilita\u00e7\u00e3o em Linguagens OU Programa Especial de Forma\u00e7\u00e3o Pedag\u00f3gica para Docentes.\" data-balloon-pos=\"up\">Professor PB - L\u00edngua Portuguesa<\/span><\/td>\r\n<td class=\"cvagas\">CR<\/td>\r\n<td class=\"cremuneracao\">R$ 3.884,34 \/25h<\/td>\r\n<\/tr><tr>\r\n<td class=\"ccargos\">\r\n<span data-balloon-length=\"medium\" aria-label=\"Licenciatura em Geografia OU Licenciatura em Educa\u00e7\u00e3o do Campo - Habilita\u00e7\u00e3o em Ci\u00eancias Humanas OU Programa Especial de Forma\u00e7\u00e3o Pedag\u00f3gica para Docentes.\" data-balloon-pos=\"up\">Professor PB - Geografia<\/span><\/td>\r\n<td class=\"cvagas\">CR<\/td>\r\n<td class=\"cremuneracao\">R$ 3.884,34 \/25h<\/td>\r\n<\/tr><tr>\r\n<td class=\"ccargos\">\r\n<span data-balloon-length=\"medium\" aria-label=\"Licenciatura em Hist\u00f3ria OU Licenciatura em Educa\u00e7\u00e3o do Campo - Habilita\u00e7\u00e3o em Ci\u00eancias Humanas OU Programa Especial de Forma\u00e7\u00e3o Pedag\u00f3gica para Docentes.\" data-balloon-pos=\"up\">Professor PB - Hist\u00f3ria<\/span><\/td>\r\n<td class=\"cvagas\">CR<\/td>\r\n<td class=\"cremuneracao\">R$ 3.884,34 \/25h<\/td>\r\n<\/tr><tr>\r\n<td class=\"ccargos\">\r\n<span data-balloon-length=\"medium\" aria-label=\"Licenciatura em L\u00edngua Inglesa OU Licenciatura em Educa\u00e7\u00e3o do Campo - Habilita\u00e7\u00e3o em Ci\u00eancias Humanas OU Programa Especial de Forma\u00e7\u00e3o Pedag\u00f3gica para Docentes.\" data-balloon-pos=\"up\">Professor PB - L\u00edngua Inglesa<\/span><\/td>\r\n<td class=\"cvagas\">CR<\/td>\r\n<td class=\"cremuneracao\">R$ 3.884,34 \/25h<\/td>\r\n<\/tr><tr>\r\n<td class=\"ccargos\">\r\n<span data-balloon-length=\"medium\" aria-label=\"Licenciatura em Educa\u00e7\u00e3o F\u00edsica OU Licenciatura em Educa\u00e7\u00e3o do Campo - Habilita\u00e7\u00e3o em Ci\u00eancias da Natureza E registro profissional atualizado no CREF\/ES.\" data-balloon-pos=\"up\">Professor PB - Educa\u00e7\u00e3o F\u00edsica<\/span><\/td>\r\n<td class=\"cvagas\">CR<\/td>\r\n<td class=\"cremuneracao\">R$ 3.884,34 \/25h<\/td>\r\n<\/tr><tr>\r\n<td class=\"ccargos\">\r\n<span data-balloon-length=\"medium\" aria-label=\"Licenciatura em Artes Pl\u00e1sticas OU Diploma de Licenciatura em Educa\u00e7\u00e3o Art\u00edstica OU Licenciatura em Artes Visuais OU Licenciatura em Artes C\u00eanicas OU Licenciatura em M\u00fasica OU Licenciatura em Educa\u00e7\u00e3o do Campo - Habilita\u00e7\u00e3o em Linguagens OU Programa Especial de Forma\u00e7\u00e3o Pedag\u00f3gica para Docentes.\" data-balloon-pos=\"up\">Professor PB - Arte<\/span><\/td>\r\n<td class=\"cvagas\">CR<\/td>\r\n<td class=\"cremuneracao\">R$ 3.884,34 \/25h<\/td>\r\n<\/tr><tr>\r\n<td class=\"ccargos\">\r\n<span data-balloon-length=\"medium\" aria-label=\"Licenciatura Plena em Pedagogia (Habilita\u00e7\u00e3o Magist\u00e9rio da Educa\u00e7\u00e3o Infantil e das s\u00e9ries iniciais) OU Licenciatura Plena em Pedagogia regulamentada pela Resolu\u00e7\u00e3o CNE\/CP N\u00b0. 1, de 15\/05\/2006 OU Licenciatura Curso Normal Superior OU Licenciatura em Educa\u00e7\u00e3o do Campo - Habilita\u00e7\u00e3o em Linguagens OU outra Licenciatura Plena. * Ser falante da L\u00edngua Pomerana, bem como ter dom\u00ednio da escrita.\" data-balloon-pos=\"up\">Professor PA - L\u00edngua Pomerana Educa\u00e7\u00e3o Infantil e Ensino Fundamental<\/span><\/td>\r\n<td class=\"cvagas\">CR<\/td>\r\n<td class=\"cremuneracao\">R$ 3.884,34 \/25h<\/td>\r\n<\/tr><tr>\r\n<td class=\"ccargos\">\r\n<span data-balloon-length=\"medium\" aria-label=\"Licenciatura Plena em Pedagogia (Habilita\u00e7\u00e3o Magist\u00e9rio da Educa\u00e7\u00e3o Infantil e das s\u00e9ries iniciais) OU Licenciatura Plena em Pedagogia regulamentada pela Resolu\u00e7\u00e3o CNE\/CP N\u00b0.1, de 15\/05\/2006 OU Licenciatura Curso Normal Superior OU Outra Licenciatura Plena OU Programa Especial de Forma\u00e7\u00e3o Pedag\u00f3gica para Docentes. *Ter dom\u00ednio das habilidades t\u00e9cnicas e conhecimento te\u00f3rico e pr\u00e1tico para o ensino do xadrez.\" data-balloon-pos=\"up\">Professor PA - Xadrez (Ensino Fundamental Anos Iniciais)<\/span><\/td>\r\n<td class=\"cvagas\">CR<\/td>\r\n<td class=\"cremuneracao\">R$ 3.884,34 \/25h<\/td>\r\n<\/tr><tr>\r\n<td class=\"ccargos\">\r\n<span data-balloon-length=\"medium\" aria-label=\"Licenciatura Plena em Pedagogia (Habilita\u00e7\u00e3o Magist\u00e9rio das s\u00e9ries iniciais) OU Licenciatura Plena em Pedagogia regulamentada pela Resolu\u00e7\u00e3o CNE\/CP N\u00b0. 1, de 15\/05\/2006 OU Licenciatura Curso Normal Superior acrescido de Curso com carga hor\u00e1ria presencial de 120h na \u00e1rea de Defici\u00eancia mental\/intelectual, TGD ou altas habilidades\/superdota\u00e7\u00e3o OU Curso de P\u00f3s-Gradua\u00e7\u00e3o na \u00e1rea de Educa\u00e7\u00e3o Inclusiva. *Ter disponibilidade para atuar em 2 turnos at\u00e9 40 horas.\" data-balloon-pos=\"up\">Professor PB - Educa\u00e7\u00e3o Especial<\/span><\/td>\r\n<td class=\"cvagas\">CR<\/td>\r\n<td class=\"cremuneracao\">R$ 3.884,34 \/25h<\/td>\r\n<\/tr><tr>\r\n<td class=\"ccargos\">\r\n<span data-balloon-length=\"medium\" aria-label=\"Licenciatura Plena em qualquer \u00e1rea da Educa\u00e7\u00e3o E Certificado de Profici\u00eancia (PROLIBRAS) OU Certificado de Curso de Tradutor com carga hor\u00e1ria m\u00ednima de 120h, OU Curso de forma\u00e7\u00e3o continuada em Tradu\u00e7\u00e3o e Interpreta\u00e7\u00e3o de Libras OU Extens\u00e3o Universit\u00e1ria em Tradu\u00e7\u00e3o e Interpreta\u00e7\u00e3o de Libras OU Bacharel em Letras Libras.\" data-balloon-pos=\"up\">Professor PB - Professor Tradutor e Int\u00e9rprete de Libras<\/span><\/td>\r\n<td class=\"cvagas\">CR<\/td>\r\n<td class=\"cremuneracao\">R$ 3.884,34 \/25h<\/td>\r\n<\/tr><tr>\r\n<td class=\"ccargos\">\r\n<span data-balloon-length=\"medium\" aria-label=\"Licenciatura em Educa\u00e7\u00e3o Especial OU Licenciatura Plena em Pedagogia (Habilita\u00e7\u00e3o Magist\u00e9rio da Educa\u00e7\u00e3o Infantil e das s\u00e9ries iniciais) ou Licenciatura Plena em Pedagogia regulamentada pela Resolu\u00e7\u00e3o CNE\/CP N\u00b0. 1, de 15\/05\/2006 OU Licenciatura Curso Normal Superior acrescido de Curso com carga hor\u00e1ria presencial de no m\u00ednimo 120h na \u00e1rea de defici\u00eancia visual E Curso de surdocegueira de 40h ou Curso de Atendimento Educacional Especializado na \u00c1rea da Defici\u00eancia Auditiva - CAEEDA com 180h OU Curso de LIBRAS com carga hor\u00e1ria m\u00ednima de 240h OU Certifica\u00e7\u00e3o de profici\u00eancia em LIBRAS (PROLIBRAS).\" data-balloon-pos=\"up\">Professor PA - Atendimento Educacional Especializado - AEE - na \u00e1rea de Surdocegueira<\/span><\/td>\r\n<td class=\"cvagas\">CR<\/td>\r\n<td class=\"cremuneracao\">R$ 3.884,34 \/25h<\/td>\r\n<\/tr><tr>\r\n<td class=\"ccargos\">\r\n<span data-balloon-length=\"medium\" aria-label=\"Licenciatura Plena em qualquer \u00e1rea da Educa\u00e7\u00e3o OU Programa Especial de Forma\u00e7\u00e3o Pedag\u00f3gica para Docentes.\" data-balloon-pos=\"up\">Professor PA - Projeto de Estudo Orientado (Anos Finais)<\/span><\/td>\r\n<td class=\"cvagas\">CR<\/td>\r\n<td class=\"cremuneracao\">R$ 3.884,34 \/25h<\/td>\r\n<\/tr><tr>\r\n<td class=\"ccargos\">\r\n<span data-balloon-length=\"medium\" aria-label=\"Licenciatura em Pedagogia OU Licenciatura Curso Normal Superior Ou Programa Especial de Forma\u00e7\u00e3o Pedag\u00f3gica para Docentes OU Diploma de Licenciatura ou Licenciatura Plena em Artes Pl\u00e1sticas ou Licenciatura Plena em Artes Visuais ou Licenciatura em Educa\u00e7\u00e3o Art\u00edstica.\" data-balloon-pos=\"up\">Professor PA - Conta\u00e7\u00e3o de Hist\u00f3ria<\/span><\/td>\r\n<td class=\"cvagas\">CR<\/td>\r\n<td class=\"cremuneracao\">R$ 3.884,34 \/25h<\/td>\r\n<\/tr><tr>\r\n<td class=\"ccargos\">\r\n<span data-balloon-length=\"medium\" aria-label=\"Licenciatura Plena em Pedagogia com Habilita\u00e7\u00e3o em Supervis\u00e3o Escolar e\/ou Orienta\u00e7\u00e3o Educacional e\/ou Administra\u00e7\u00e3o Escolar e\/ou Gest\u00e3o Escolar e\/ou Gest\u00e3o Educacional e\/ou Inspe\u00e7\u00e3o Escolar OU Pedagogia amparada pela Resolu\u00e7\u00e3o CNE\/CP n\u00ba 1, de 15 de maio de 2006 OU Licenciatura Plena em qualquer \u00e1rea da educa\u00e7\u00e3o acrescido de p\u00f3s-gradua\u00e7\u00e3o com habilita\u00e7\u00e3o em Supervis\u00e3o escolar\/orienta\u00e7\u00e3o educacional\/administra\u00e7\u00e3o escolar\/gest\u00e3o escolar\/gest\u00e3o educacional ou Inspe\u00e7\u00e3o Escolar OU programa de forma\u00e7\u00e3o pedag\u00f3gica acrescido de p\u00f3s-gradua\u00e7\u00e3o. *Ter no m\u00ednimo dois anos de experi\u00eancia docente.\" data-balloon-pos=\"up\">Professor PP - Supervisor Escolar<\/span><\/td>\r\n<td class=\"cvagas\">CR<\/td>\r\n<td class=\"cremuneracao\">R$ 3.884,34 \/25h<\/td>\r\n<\/tr><tr>\r\n<td class=\"ccargos\">\r\n<span data-balloon-length=\"medium\" aria-label=\"Licenciatura Plena em Pedagogia com Habilita\u00e7\u00e3o em Supervis\u00e3o Escolar e\/ou Orienta\u00e7\u00e3o Educacional e\/ou Administra\u00e7\u00e3o Escolar e\/ou Gest\u00e3o Escolar e\/ou Gest\u00e3o Educacional e\/ou Inspe\u00e7\u00e3o Escolar OU Pedagogia amparada pela Resolu\u00e7\u00e3o CNE\/CP n\u00ba 1, de 15 de maio de 2006 OU Licenciatura Plena em qualquer \u00e1rea da educa\u00e7\u00e3o acrescido de p\u00f3s-gradua\u00e7\u00e3o com habilita\u00e7\u00e3o em Supervis\u00e3o escolar\/orienta\u00e7\u00e3o educacional\/administra\u00e7\u00e3o escolar\/gest\u00e3o escolar\/gest\u00e3o educacional ou Inspe\u00e7\u00e3o Escolar OU programa de forma\u00e7\u00e3o pedag\u00f3gica acrescido de p\u00f3s-gradua\u00e7\u00e3o. *Ter no m\u00ednimo dois anos de experi\u00eancia docente.\" data-balloon-pos=\"up\">Professor PP - Inspetor Escolar<\/span><\/td>\r\n<td class=\"cvagas\">CR<\/td>\r\n<td class=\"cremuneracao\">R$ 3.884,34 \/25h<\/td>\r\n<\/tr>\r\n    <\/tbody>\r\n  <\/table>\r\n<\/div>"},"_links":{"self":[{"href":"https:\/\/www.agrobase.com.br\/concursos\/wp-json\/wp\/v2\/posts\/274044","targetHints":{"allow":["GET"]}}],"collection":[{"href":"https:\/\/www.agrobase.com.br\/concursos\/wp-json\/wp\/v2\/posts"}],"about":[{"href":"https:\/\/www.agrobase.com.br\/concursos\/wp-json\/wp\/v2\/types\/post"}],"author":[{"embeddable":true,"href":"https:\/\/www.agrobase.com.br\/concursos\/wp-json\/wp\/v2\/users\/7"}],"replies":[{"embeddable":true,"href":"https:\/\/www.agrobase.com.br\/concursos\/wp-json\/wp\/v2\/comments?post=274044"}],"version-history":[{"count":2,"href":"https:\/\/www.agrobase.com.br\/concursos\/wp-json\/wp\/v2\/posts\/274044\/revisions"}],"predecessor-version":[{"id":274048,"href":"https:\/\/www.agrobase.com.br\/concursos\/wp-json\/wp\/v2\/posts\/274044\/revisions\/274048"}],"wp:featuredmedia":[{"embeddable":true,"href":"https:\/\/www.agrobase.com.br\/concursos\/wp-json\/wp\/v2\/media\/274043"}],"wp:attachment":[{"href":"https:\/\/www.agrobase.com.br\/concursos\/wp-json\/wp\/v2\/media?parent=274044"}],"wp:term":[{"taxonomy":"category","embeddable":true,"href":"https:\/\/www.agrobase.com.br\/concursos\/wp-json\/wp\/v2\/categories?post=274044"},{"taxonomy":"post_tag","embeddable":true,"href":"https:\/\/www.agrobase.com.br\/concursos\/wp-json\/wp\/v2\/tags?post=274044"},{"taxonomy":"_amplo","embeddable":true,"href":"https:\/\/www.agrobase.com.br\/concursos\/wp-json\/wp\/v2\/_amplo?post=274044"},{"taxonomy":"destaque","embeddable":true,"href":"https:\/\/www.agrobase.com.br\/concursos\/wp-json\/wp\/v2\/destaque?post=274044"},{"taxonomy":"instituicoes","embeddable":true,"href":"https:\/\/www.agrobase.com.br\/concursos\/wp-json\/wp\/v2\/instituicoes?post=274044"}],"curies":[{"name":"wp","href":"https:\/\/api.w.org\/{rel}","templated":true}]}}