{"id":274038,"date":"2025-11-21T07:10:41","date_gmt":"2025-11-21T10:10:41","guid":{"rendered":"https:\/\/www.agrobase.com.br\/concursos\/?p=274038"},"modified":"2025-11-19T11:53:22","modified_gmt":"2025-11-19T14:53:22","slug":"prefeitura-lindolfo-collor-rs-concurso-59-2025","status":"publish","type":"post","link":"https:\/\/www.agrobase.com.br\/concursos\/2025\/prefeitura-lindolfo-collor-rs-concurso-59-2025\/","title":{"rendered":"Prefeitura Lindolfo Collor (RS) &#8211; Concurso 59\/2025"},"content":{"rendered":"<h2>Informa\u00e7\u00f5es Gerais<\/h2>\n<p>O <strong>Concurso P\u00fablico n\u00ba 01\/2025 da Prefeitura Municipal de Lindolfo Collor (RS)<\/strong> est\u00e1 com edital publicado, sob execu\u00e7\u00e3o da empresa <strong>HC Assessoria Administrativa Ltda<\/strong>. O certame visa ao <strong>preenchimento de vagas efetivas<\/strong> e forma\u00e7\u00e3o de cadastro reserva em diversos cargos da administra\u00e7\u00e3o municipal, abrangendo n\u00edveis <strong>fundamental, m\u00e9dio\/t\u00e9cnico e superior<\/strong>.<\/p>\n<p>As oportunidades contemplam \u00e1reas administrativas, educacionais, t\u00e9cnicas e da sa\u00fade, com remunera\u00e7\u00f5es que variam de <strong>R$ 2.400,00 a R$ 7.980,00<\/strong>. Entre os cargos de destaque, h\u00e1 vagas para <em>Bi\u00f3logo<\/em> e <em>Nutricionista<\/em>, de interesse especial para candidatos das \u00e1reas de Ci\u00eancias Biol\u00f3gicas e Alimenta\u00e7\u00e3o.<\/p>\n<p>O concurso ser\u00e1 regido pelo regime estatut\u00e1rio e ter\u00e1 validade de dois anos, podendo ser prorrogado por igual per\u00edodo. Os candidatos interessados devem atentar-se \u00e0s datas e etapas descritas a seguir para garantir sua participa\u00e7\u00e3o no processo seletivo.<\/p>\n<h2>Inscri\u00e7\u00f5es<\/h2>\n<p>As inscri\u00e7\u00f5es para o Concurso P\u00fablico n\u00ba 01\/2025 da Prefeitura de Lindolfo Collor estar\u00e3o abertas <strong>exclusivamente pela internet<\/strong>, no per\u00edodo de <strong>29 de outubro a 26 de novembro de 2025<\/strong>, por meio do site oficial da organizadora: <a href=\"https:\/\/www.hcassessoriaadm.com.br\" target=\"_blank\" rel=\"noopener\">www.hcassessoriaadm.com.br<\/a>.<\/p>\n<p>As taxas de inscri\u00e7\u00e3o variam conforme o n\u00edvel de escolaridade: <strong>R$ 44,65<\/strong> para cargos de n\u00edvel fundamental, <strong>R$ 89,30<\/strong> para n\u00edvel m\u00e9dio\/t\u00e9cnico e <strong>R$ 148,83<\/strong> para n\u00edvel superior. O pagamento dever\u00e1 ser efetuado exclusivamente via boleto banc\u00e1rio, at\u00e9 o dia <strong>27 de novembro de 2025<\/strong>, observando o hor\u00e1rio de funcionamento da rede banc\u00e1ria.<\/p>\n<p>A inscri\u00e7\u00e3o s\u00f3 ser\u00e1 validada ap\u00f3s a confirma\u00e7\u00e3o do pagamento. O candidato deve preencher corretamente o formul\u00e1rio eletr\u00f4nico, conferir os dados e acompanhar o status de sua inscri\u00e7\u00e3o na \u00e1rea restrita do site da banca. Recomenda-se a leitura atenta do edital completo antes do envio da inscri\u00e7\u00e3o.<\/p>\n<h2>Etapas e Provas<\/h2>\n<p>O Concurso P\u00fablico de Lindolfo Collor ser\u00e1 composto por at\u00e9 tr\u00eas etapas, conforme o cargo:<\/p>\n<ul>\n<li><strong>Prova Te\u00f3rica\/Objetiva<\/strong> \u2013 de car\u00e1ter eliminat\u00f3rio e classificat\u00f3rio, com 40 quest\u00f5es de m\u00faltipla escolha. As disciplinas incluem <em>Conhecimentos Gerais, Legisla\u00e7\u00e3o, L\u00edngua Portuguesa, Matem\u00e1tica, Inform\u00e1tica<\/em> e <em>Conhecimentos Espec\u00edficos<\/em>. A prova est\u00e1 prevista para o dia <strong>7 de dezembro de 2025<\/strong>, com dura\u00e7\u00e3o m\u00e1xima de 4 horas, aplicada nos turnos da manh\u00e3 e tarde conforme o cargo.<\/li>\n<li><strong>Prova Pr\u00e1tica<\/strong> \u2013 aplicada apenas para cargos que exigem habilidades espec\u00edficas, como Motorista, Operador de M\u00e1quinas e Oper\u00e1rio Especializado. Tem car\u00e1ter eliminat\u00f3rio e classificat\u00f3rio.<\/li>\n<li><strong>Prova de T\u00edtulos<\/strong> \u2013 exclusiva para cargos de n\u00edvel superior, de car\u00e1ter classificat\u00f3rio. Ser\u00e3o aceitos diplomas de especializa\u00e7\u00e3o, mestrado e doutorado, com pontua\u00e7\u00e3o m\u00e1xima de 25 pontos.<\/li>\n<\/ul>\n<p>Ser\u00e3o considerados aprovados os candidatos que obtiverem nota final igual ou superior a 50 pontos. \u00c9 responsabilidade do candidato acompanhar a divulga\u00e7\u00e3o dos locais e hor\u00e1rios das provas no site da organizadora. Para detalhes sobre conte\u00fado program\u00e1tico e crit\u00e9rios de avalia\u00e7\u00e3o, recomenda-se a leitura integral do edital.<\/p>\n<h2>Resultados e Gabarito<\/h2>\n<p>O cronograma do Concurso P\u00fablico n\u00ba 01\/2025 prev\u00ea a divulga\u00e7\u00e3o do <strong>gabarito preliminar<\/strong> da prova objetiva em <strong>8 de dezembro de 2025<\/strong> e do <strong>gabarito oficial<\/strong> em <strong>17 de dezembro de 2025<\/strong>. As <strong>notas preliminares<\/strong> das provas objetiva e de t\u00edtulos ser\u00e3o publicadas em <strong>19 de dezembro de 2025<\/strong>, enquanto a <strong>nota final<\/strong> dessas etapas sair\u00e1 em <strong>8 de janeiro de 2026<\/strong>. J\u00e1 as <strong>notas preliminares da prova pr\u00e1tica<\/strong> est\u00e3o previstas para <strong>19 de janeiro de 2026<\/strong>, e a <strong>classifica\u00e7\u00e3o final<\/strong> ser\u00e1 divulgada em <strong>26 de janeiro de 2026<\/strong>, com <strong>homologa\u00e7\u00e3o<\/strong> no dia <strong>27 de janeiro de 2026<\/strong>.<\/p>\n<p>Os candidatos ser\u00e3o classificados em ordem decrescente da pontua\u00e7\u00e3o final. Em caso de empate, ser\u00e3o observados crit\u00e9rios como idade igual ou superior a 60 anos, exerc\u00edcio de fun\u00e7\u00e3o de jurado e maior pontua\u00e7\u00e3o em \u00e1reas espec\u00edficas da prova. A homologa\u00e7\u00e3o oficial marca o in\u00edcio do prazo de validade do concurso, de dois anos, prorrog\u00e1vel uma vez por igual per\u00edodo.<\/p>\n<p>As convoca\u00e7\u00f5es e demais publica\u00e7\u00f5es oficiais devem ser acompanhadas exclusivamente no site da <strong>HC Assessoria Administrativa<\/strong> e no <strong>Di\u00e1rio Oficial do Munic\u00edpio<\/strong>, sendo de responsabilidade do candidato manter-se informado sobre todas as etapas e resultados.<\/p>\n","protected":false},"excerpt":{"rendered":"<p>Concurso Pref. Lindolfo Collor (RS) com edital publicado! Vagas p\/ Professor, Enfermeiro (Fund. a Sup.). Inscri\u00e7\u00f5es a partir de 29\/10. Confira detalhes!<\/p>\n","protected":false},"author":7,"featured_media":274037,"comment_status":"open","ping_status":"open","sticky":false,"template":"","format":"standard","meta":{"_acf_changed":false,"_breakdance_hide_in_design_set":false,"_breakdance_tags":"","footnotes":""},"categories":[3,5,6,6433,9,10,6434,12,17,18,111,100,20,6871,116,119,23,25,26,101],"tags":[58],"_amplo":[],"destaque":[],"instituicoes":[],"class_list":["post-274038","post","type-post","status-publish","format-standard","has-post-thumbnail","hentry","category-administracao","category-arquitetura","category-biologia","category-biologia-licenciatura","category-ciencias-contabeis","category-direito","category-educacao-fisica-licenciatura","category-enfermagem","category-farmacia","category-fisioterapia","category-geografia","category-historia","category-letras","category-letras-ingles","category-matematica","category-musica","category-nutricao","category-pedagogia","category-psicologia","category-servico-social","tag-rio-grande-sul"],"acf":{"_tipo_vagas":"vagas","_numero_vagas":"","_quadro_vagas":"","_cargos":"diversos","_cargos_especificos":"","_salario_max":"R$ 7980","_abertura":"20251029","_encerramento":"20251126","_inscricoes":"https:\/\/www.hcassessoriaadm.com.br","_executora_concurso":"","_instituicao_concurso":[],"_link_adicional":null,"_anexos":null,"_produtos":null,"_vagas":"CR","_salario_min":"R$ 2400","_instituicao":"Prefeitura de Lindolfo Collor","_edital":"https:\/\/www.agrobase.com.br\/concursos\/wp-content\/uploads\/sites\/4\/2025\/11\/edital-59-2025-prefeitura-de-lindolfo-collor-rs.pdf","_anexos_edital":"https:\/\/www.agrobase.com.br\/concursos\/wp-content\/uploads\/sites\/4\/2025\/11\/anexos-edital-59-2025-prefeitura-de-lindolfo-collor-rs.pdf","_fund_incompleto":"<div>\r\n<table class=\"quadro\">\r\n<thead>\r\n<tr>\r\n<th class=\"hcargo\">Cargo<\/th>\r\n<th class=\"hvagas\">Vagas<\/th>\r\n<th class=\"hremuneracao\">Remunera\u00e7\u00e3o<\/th>\r\n<\/tr>\r\n<\/thead>\r\n    <tbody>\r\n      <td class=\"ccargos\">\r\n<span data-balloon-length=\"medium\" data-balloon-pos=\"up\">Motorista<\/span><\/td>\r\n<td class=\"cvagas\">CR<\/td>\r\n<td class=\"cremuneracao\">R$ 2.570,00 \/44h<\/td>\r\n<\/tr><td class=\"ccargos\">\r\n<span data-balloon-length=\"medium\" data-balloon-pos=\"up\">Operador de M\u00e1quinas<\/span><\/td>\r\n<td class=\"cvagas\">CR<\/td>\r\n<td class=\"cremuneracao\">R$ 2.680,00 \/44h<\/td>\r\n<\/tr><td class=\"ccargos\">\r\n<span data-balloon-length=\"medium\" aria-label=\"4\u00aa s\u00e9rie do Ensino Fundamental.\" data-balloon-pos=\"up\">Oper\u00e1rio<\/span><\/td>\r\n<td class=\"cvagas\">CR<\/td>\r\n<td class=\"cremuneracao\">R$ 2.400,00 \/44h<\/td>\r\n<\/tr><td class=\"ccargos\">\r\n<span data-balloon-length=\"medium\" data-balloon-pos=\"up\">Oper\u00e1rio Especializado<\/span><\/td>\r\n<td class=\"cvagas\">CR<\/td>\r\n<td class=\"cremuneracao\">R$ 2.570,00 \/44h<\/td>\r\n<\/tr><td class=\"ccargos\">\r\n<span data-balloon-length=\"medium\" aria-label=\"4\u00aa S\u00e9rie do Ensino Fundamental\" data-balloon-pos=\"up\">Servente\/Merendeira<\/span><\/td>\r\n<td class=\"cvagas\">CR<\/td>\r\n<td class=\"cremuneracao\">R$ 2.400,00 \/44h<\/td>\r\n<\/tr>\r\n    <\/tbody>\r\n  <\/table>\r\n<\/div>","_fund_completo":"<div>\r\n<table class=\"quadro\">\r\n<thead>\r\n<tr>\r\n<th class=\"hcargo\">Cargo<\/th>\r\n<th class=\"hvagas\">Vagas<\/th>\r\n<th class=\"hremuneracao\">Remunera\u00e7\u00e3o<\/th>\r\n<\/tr>\r\n<\/thead>\r\n    <tbody>\r\n      <td class=\"ccargos\">\r\n<span data-balloon-length=\"medium\" aria-label=\"Ensino Fundamental Completo.\" data-balloon-pos=\"up\">Telefonista\/Recepcionista<\/span><\/td>\r\n<td class=\"cvagas\">CR<\/td>\r\n<td class=\"cremuneracao\">R$ 2.400,00 \/40h<\/td>\r\n<\/tr>\r\n    <\/tbody>\r\n  <\/table>\r\n<\/div>","_medio":"<div>\r\n<table class=\"quadro\">\r\n<thead>\r\n<tr>\r\n<th class=\"hcargo\">Cargo<\/th>\r\n<th class=\"hvagas\">Vagas<\/th>\r\n<th class=\"hremuneracao\">Remunera\u00e7\u00e3o<\/th>\r\n<\/tr>\r\n<\/thead>\r\n    <tbody>\r\n      <td class=\"ccargos\">\r\n<span data-balloon-length=\"medium\" aria-label=\"Ensino M\u00e9dio Completo\" data-balloon-pos=\"up\">Auxiliar de Biblioteca<\/span><\/td>\r\n<td class=\"cvagas\">CR<\/td>\r\n<td class=\"cremuneracao\">R$ 2.500,00 \/40h<\/td>\r\n<\/tr><td class=\"ccargos\">\r\n<span data-balloon-length=\"medium\" data-balloon-pos=\"up\">Fiscal<\/span><\/td>\r\n<td class=\"cvagas\">CR<\/td>\r\n<td class=\"cremuneracao\">R$ 2.800,00 \/40h<\/td>\r\n<\/tr><td class=\"ccargos\">\r\n<span data-balloon-length=\"medium\" aria-label=\"Ensino M\u00e9dio Completo.\" data-balloon-pos=\"up\">Monitor Geral<\/span><\/td>\r\n<td class=\"cvagas\">CR<\/td>\r\n<td class=\"cremuneracao\">R$ 2.680,00 \/44h<\/td>\r\n<\/tr><td class=\"ccargos\">\r\n<span data-balloon-length=\"medium\" aria-label=\"Ensino M\u00e9dio Completo\" data-balloon-pos=\"up\">Secret\u00e1rio de Escola<\/span><\/td>\r\n<td class=\"cvagas\">CR<\/td>\r\n<td class=\"cremuneracao\">R$ 2.565,00 \/44h<\/td>\r\n<\/tr><td class=\"ccargos\">\r\n<span data-balloon-length=\"medium\" aria-label=\"Ensino M\u00e9dio Completo\" data-balloon-pos=\"up\">Tesoureiro<\/span><\/td>\r\n<td class=\"cvagas\">CR<\/td>\r\n<td class=\"cremuneracao\">R$ 3.500,00 \/40h<\/td>\r\n<\/tr>\r\n    <\/tbody>\r\n  <\/table>\r\n<\/div>","_superior":"<div>\r\n<table class=\"quadro\">\r\n<thead>\r\n<tr>\r\n<th class=\"hcargo\">Cargo<\/th>\r\n<th class=\"hvagas\">Vagas<\/th>\r\n<th class=\"hremuneracao\">Remunera\u00e7\u00e3o<\/th>\r\n<\/tr>\r\n<\/thead>\r\n    <tbody>\r\n      <tr>\r\n<td class=\"ccargos\">\r\n<span data-balloon-length=\"medium\" data-balloon-pos=\"up\">Advogado<\/span><\/td>\r\n<td class=\"cvagas\">CR<\/td>\r\n<td class=\"cremuneracao\">R$ 3.980,00 \/20h<\/td>\r\n<\/tr><tr>\r\n<td class=\"ccargos\">\r\n<span data-balloon-length=\"medium\" data-balloon-pos=\"up\">Arquiteto e Urbanista<\/span><\/td>\r\n<td class=\"cvagas\">CR<\/td>\r\n<td class=\"cremuneracao\">R$ 3.980,00 \/20h<\/td>\r\n<\/tr><tr>\r\n<td class=\"ccargos\">\r\n<span data-balloon-length=\"medium\" aria-label=\"Ensino Superior completo - Curso Superior com forma\u00e7\u00e3o em Servi\u00e7o Social; Registro profissional ativo no Conselho Regional de Servi\u00e7o Social do Estado do Rio Grande do Sul - CRESS\/RS.\" data-balloon-pos=\"up\">Assistente Social<\/span><\/td>\r\n<td class=\"cvagas\">CR<\/td>\r\n<td class=\"cremuneracao\">R$ 3.980,00 \/20h<\/td>\r\n<\/tr><tr>\r\n<td class=\"ccargos\">\r\n<span data-balloon-length=\"medium\" data-balloon-pos=\"up\">Bi\u00f3logo<\/span><\/td>\r\n<td class=\"cvagas\">CR<\/td>\r\n<td class=\"cremuneracao\">R$ 3.980,00 \/20h<\/td>\r\n<\/tr><tr>\r\n<td class=\"ccargos\">\r\n<span data-balloon-length=\"medium\" aria-label=\"Ensino Superior completo em Enfermagem; Registro profissional ativo no Conselho Regional de Enfermagem do Estado do Rio Grande do Sul - COREN\/RS.\" data-balloon-pos=\"up\">Enfermeiro - 36h<\/span><\/td>\r\n<td class=\"cvagas\">CR<\/td>\r\n<td class=\"cremuneracao\">R$ 6.795,00 \/36h<\/td>\r\n<\/tr><tr>\r\n<td class=\"ccargos\">\r\n<span data-balloon-length=\"medium\" aria-label=\"Ensino Superior completo em Enfermagem; Registro profissional ativo no Conselho Regional de Enfermagem do Estado do Rio Grande do Sul - COREN\/RS.\" data-balloon-pos=\"up\">Enfermeiro ESF - 40h<\/span><\/td>\r\n<td class=\"cvagas\">CR<\/td>\r\n<td class=\"cremuneracao\">R$ 7.980,00 \/40h<\/td>\r\n<\/tr><tr>\r\n<td class=\"ccargos\">\r\n<span data-balloon-length=\"medium\" aria-label=\"Ensino Superior completo em Enfermagem; Registro profissional ativo no Conselho Regional de Enfermagem do Estado do Rio Grande do Sul - COREN\/RS.\" data-balloon-pos=\"up\">Farmac\u00eautico<\/span><\/td>\r\n<td class=\"cvagas\">CR<\/td>\r\n<td class=\"cremuneracao\">R$ 3.980,00 \/20h<\/td>\r\n<\/tr><tr>\r\n<td class=\"ccargos\">\r\n<span data-balloon-length=\"medium\" data-balloon-pos=\"up\">Fiscal Tribut\u00e1rio<\/span><\/td>\r\n<td class=\"cvagas\">CR<\/td>\r\n<td class=\"cremuneracao\">R$ 3.980,00 \/20h<\/td>\r\n<\/tr><tr>\r\n<td class=\"ccargos\">\r\n<span data-balloon-length=\"medium\" aria-label=\"Ensino Superior em Fisioterapia; Registro profissional ativo no Conselho Regional de Farm\u00e1cia do Estado do Rio Grande do Sul - CREFITO-5\" data-balloon-pos=\"up\">Fisioterapeuta<\/span><\/td>\r\n<td class=\"cvagas\">CR<\/td>\r\n<td class=\"cremuneracao\">R$ 3.980,00 \/20h<\/td>\r\n<\/tr><tr>\r\n<td class=\"ccargos\">\r\n<span data-balloon-length=\"medium\" aria-label=\"Ensino Superior em Nutri\u00e7\u00e3o. Registro profissional ativo no Conselho Regional de Farm\u00e1cia do Estado do Rio Grande do Sul - CRN\/RS.\" data-balloon-pos=\"up\">Nutricionista<\/span><\/td>\r\n<td class=\"cvagas\">CR<\/td>\r\n<td class=\"cremuneracao\">R$ 3.980,00 \/20h<\/td>\r\n<\/tr><tr>\r\n<td class=\"ccargos\">\r\n<span data-balloon-length=\"medium\" aria-label=\"Licenciatura Plena em Artes.\" data-balloon-pos=\"up\">Professor de Anos Finais do Ensino Fundamental - Artes 22 horas<\/span><\/td>\r\n<td class=\"cvagas\">CR<\/td>\r\n<td class=\"cremuneracao\">R$ 3.192,00 \/22h<\/td>\r\n<\/tr><tr>\r\n<td class=\"ccargos\">\r\n<span data-balloon-length=\"medium\" aria-label=\"Licenciatura Plena em Artes.\" data-balloon-pos=\"up\">Professor de Anos Finais do Ensino Fundamental - Artes 25 horas<\/span><\/td>\r\n<td class=\"cvagas\">CR<\/td>\r\n<td class=\"cremuneracao\">R$ 3.627,28 \/25h<\/td>\r\n<\/tr><tr>\r\n<td class=\"ccargos\">\r\n<span data-balloon-length=\"medium\" aria-label=\"Licenciatura Plena em Ci\u00eancias.\" data-balloon-pos=\"up\">Professor de Anos Finais do Ensino Fundamental - Ci\u00eancias 22 horas<\/span><\/td>\r\n<td class=\"cvagas\">CR<\/td>\r\n<td class=\"cremuneracao\">R$ 3.192,00 \/22h<\/td>\r\n<\/tr><tr>\r\n<td class=\"ccargos\">\r\n<span data-balloon-length=\"medium\" aria-label=\"Licenciatura Plena em Ci\u00eancias.\" data-balloon-pos=\"up\">Professor de Anos Finais do Ensino Fundamental - Ci\u00eancias 25 horas<\/span><\/td>\r\n<td class=\"cvagas\">CR<\/td>\r\n<td class=\"cremuneracao\">R$ 3.627,28 \/25h<\/td>\r\n<\/tr><tr>\r\n<td class=\"ccargos\">\r\n<span data-balloon-length=\"medium\" aria-label=\"Licenciatura Plena em Hist\u00f3ria.\" data-balloon-pos=\"up\">Professor de Anos Finais do Ensino Fundamental - Hist\u00f3ria 22 horas<\/span><\/td>\r\n<td class=\"cvagas\">CR<\/td>\r\n<td class=\"cremuneracao\">R$ 3.192,00 \/22h<\/td>\r\n<\/tr><tr>\r\n<td class=\"ccargos\">\r\n<span data-balloon-length=\"medium\" aria-label=\"Licenciatura Plena em Hist\u00f3ria.\" data-balloon-pos=\"up\">Professor de Anos Finais do Ensino Fundamental - Hist\u00f3ria 25 horas<\/span><\/td>\r\n<td class=\"cvagas\">CR<\/td>\r\n<td class=\"cremuneracao\">R$ 3.627,28 \/25h<\/td>\r\n<\/tr><tr>\r\n<td class=\"ccargos\">\r\n<span data-balloon-length=\"medium\" aria-label=\"Licenciatura Plena em Letras Ingl\u00eas.\" data-balloon-pos=\"up\">Professor de Anos Finais do Ensino Fundamental - Ingl\u00eas 22 horas<\/span><\/td>\r\n<td class=\"cvagas\">CR<\/td>\r\n<td class=\"cremuneracao\">R$ 3.192,00 \/22h<\/td>\r\n<\/tr><tr>\r\n<td class=\"ccargos\">\r\n<span data-balloon-length=\"medium\" aria-label=\"Licenciatura Plena em Letras Ingl\u00eas.\" data-balloon-pos=\"up\">Professor de Anos Finais do Ensino Fundamental - Ingl\u00eas 25 horas<\/span><\/td>\r\n<td class=\"cvagas\">CR<\/td>\r\n<td class=\"cremuneracao\">R$ 3.627,28 \/25h<\/td>\r\n<\/tr><tr>\r\n<td class=\"ccargos\">\r\n<span data-balloon-length=\"medium\" aria-label=\"Licenciatura Plena em Matem\u00e1tica.\" data-balloon-pos=\"up\">Professor de Anos Finais do Ensino Fundamental - Matem\u00e1tica 22 horas<\/span><\/td>\r\n<td class=\"cvagas\">CR<\/td>\r\n<td class=\"cremuneracao\">R$ 3.192,00 \/22h<\/td>\r\n<\/tr><tr>\r\n<td class=\"ccargos\">\r\n<span data-balloon-length=\"medium\" aria-label=\"Licenciatura Plena em Matem\u00e1tica.\" data-balloon-pos=\"up\">Professor de Anos Finais do Ensino Fundamental - Matem\u00e1tica 25 horas<\/span><\/td>\r\n<td class=\"cvagas\">CR<\/td>\r\n<td class=\"cremuneracao\">R$ 3.627,28 \/25h<\/td>\r\n<\/tr><tr>\r\n<td class=\"ccargos\">\r\n<span data-balloon-length=\"medium\" aria-label=\"Licenciatura Plena em Geografia.\" data-balloon-pos=\"up\">Professor de Anos Finais do Ensino Fundamental - Geografia 22 horas<\/span><\/td>\r\n<td class=\"cvagas\">CR<\/td>\r\n<td class=\"cremuneracao\">R$ 3.192,00 \/22h<\/td>\r\n<\/tr><tr>\r\n<td class=\"ccargos\">\r\n<span data-balloon-length=\"medium\" aria-label=\"Licenciatura Plena em Geografia.\" data-balloon-pos=\"up\">Professor de Anos Finais do Ensino Fundamental - Geografia 25 horas<\/span><\/td>\r\n<td class=\"cvagas\">CR<\/td>\r\n<td class=\"cremuneracao\">R$ 3.627,28 \/25h<\/td>\r\n<\/tr><tr>\r\n<td class=\"ccargos\">\r\n<span data-balloon-length=\"medium\" aria-label=\"Licenciatura Plena em Letras Portugu\u00eas\" data-balloon-pos=\"up\">Professor de Anos Finais do Ensino Fundamental - Portugu\u00eas 22 horas<\/span><\/td>\r\n<td class=\"cvagas\">CR<\/td>\r\n<td class=\"cremuneracao\">R$ 3.192,00 \/22h<\/td>\r\n<\/tr><tr>\r\n<td class=\"ccargos\">\r\n<span data-balloon-length=\"medium\" aria-label=\"Licenciatura Plena em Letras Portugu\u00eas\" data-balloon-pos=\"up\">Professor de Anos Finais do Ensino Fundamental - Portugu\u00eas 25 horas<\/span><\/td>\r\n<td class=\"cvagas\">CR<\/td>\r\n<td class=\"cremuneracao\">R$ 3.627,28 \/25h<\/td>\r\n<\/tr><tr>\r\n<td class=\"ccargos\">\r\n<span data-balloon-length=\"medium\" aria-label=\"Licenciatura em Pedagogia, com habilita\u00e7\u00e3o nos Anos Iniciais ou Licenciatura em Pedagogia ou Curso Normal Superior.\" data-balloon-pos=\"up\">Professor de Anos Iniciais 22 horas<\/span><\/td>\r\n<td class=\"cvagas\">CR<\/td>\r\n<td class=\"cremuneracao\">R$ 3.192,00 \/22h<\/td>\r\n<\/tr><tr>\r\n<td class=\"ccargos\">\r\n<span data-balloon-length=\"medium\" aria-label=\"Licenciatura em Pedagogia, com habilita\u00e7\u00e3o nos Anos Iniciais ou Licenciatura em Pedagogia ou Curso Normal Superior.\" data-balloon-pos=\"up\">Professor de Anos Iniciais 25 horas<\/span><\/td>\r\n<td class=\"cvagas\">CR<\/td>\r\n<td class=\"cremuneracao\">R$ 3.627,28 \/25h<\/td>\r\n<\/tr><tr>\r\n<td class=\"ccargos\">\r\n<span data-balloon-length=\"medium\" aria-label=\"Licenciatura Plena em Letras Alem\u00e3o\" data-balloon-pos=\"up\">Professor de Anos Iniciais do Ensino Fundamental - Alem\u00e3o 22 horas<\/span><\/td>\r\n<td class=\"cvagas\">CR<\/td>\r\n<td class=\"cremuneracao\">R$ 3.192,00 \/22h<\/td>\r\n<\/tr><tr>\r\n<td class=\"ccargos\">\r\n<span data-balloon-length=\"medium\" aria-label=\"Licenciatura Plena em Letras Alem\u00e3o\" data-balloon-pos=\"up\">Professor de Anos Iniciais do Ensino Fundamental - Alem\u00e3o 25 horas<\/span><\/td>\r\n<td class=\"cvagas\">CR<\/td>\r\n<td class=\"cremuneracao\">R$ 3.627,28 \/25h<\/td>\r\n<\/tr><tr>\r\n<td class=\"ccargos\">\r\n<span data-balloon-length=\"medium\" aria-label=\"Licenciatura em Pedagogia, com habilita\u00e7\u00e3o em Educa\u00e7\u00e3o Infantil; ou Licenciatura em Pedagogia ou Curso Normal Superior.\" data-balloon-pos=\"up\">Professor de Educa\u00e7\u00e3o Infantil 22 horas<\/span><\/td>\r\n<td class=\"cvagas\">CR<\/td>\r\n<td class=\"cremuneracao\">R$ 3.192,00 \/22h<\/td>\r\n<\/tr><tr>\r\n<td class=\"ccargos\">\r\n<span data-balloon-length=\"medium\" aria-label=\"Licenciatura em Pedagogia, com habilita\u00e7\u00e3o em Educa\u00e7\u00e3o Infantil; ou Licenciatura em Pedagogia ou Curso Normal Superior.\" data-balloon-pos=\"up\">Professor de Educa\u00e7\u00e3o Infantil 25 horas<\/span><\/td>\r\n<td class=\"cvagas\">CR<\/td>\r\n<td class=\"cremuneracao\">R$ 3.627,28 \/25h<\/td>\r\n<\/tr><tr>\r\n<td class=\"ccargos\">\r\n<span data-balloon-length=\"medium\" aria-label=\"Ensino Superior Completo em Licenciatura Plena em Educa\u00e7\u00e3o F\u00edsica.\" data-balloon-pos=\"up\">Professor de Ensino Fundamental e Educa\u00e7\u00e3o Infantil - Educa\u00e7\u00e3o F\u00edsica 22 horas<\/span><\/td>\r\n<td class=\"cvagas\">CR<\/td>\r\n<td class=\"cremuneracao\">R$ 3.192,00 \/22h<\/td>\r\n<\/tr><tr>\r\n<td class=\"ccargos\">\r\n<span data-balloon-length=\"medium\" aria-label=\"Ensino Superior Completo em Licenciatura Plena em Educa\u00e7\u00e3o F\u00edsica.\" data-balloon-pos=\"up\">Professor de Ensino Fundamental e Educa\u00e7\u00e3o Infantil - Educa\u00e7\u00e3o F\u00edsica 25 horas<\/span><\/td>\r\n<td class=\"cvagas\">CR<\/td>\r\n<td class=\"cremuneracao\">R$ 3.627,28 \/25h<\/td>\r\n<\/tr><tr>\r\n<td class=\"ccargos\">\r\n<span data-balloon-length=\"medium\" aria-label=\"Licenciatura Plena em Letras M\u00fasica\" data-balloon-pos=\"up\">Professor de Ensino Fundamental e Educa\u00e7\u00e3o Infantil - M\u00fasica 22 horas<\/span><\/td>\r\n<td class=\"cvagas\">CR<\/td>\r\n<td class=\"cremuneracao\">R$ 3.192,00 \/22h<\/td>\r\n<\/tr><tr>\r\n<td class=\"ccargos\">\r\n<span data-balloon-length=\"medium\" aria-label=\"Licenciatura Plena em Letras M\u00fasica\" data-balloon-pos=\"up\">Professor de Ensino Fundamental e Educa\u00e7\u00e3o Infantil - M\u00fasica 25 horas<\/span><\/td>\r\n<td class=\"cvagas\">CR<\/td>\r\n<td class=\"cremuneracao\">R$ 3.627,28 \/25h<\/td>\r\n<\/tr><tr>\r\n<td class=\"ccargos\">\r\n<span data-balloon-length=\"medium\" aria-label=\"Ensino Superior em Psicologia; Registro profissional ativo no Conselho Regional de Psicologia do Estado do Rio Grande do Sul - CRP\/RS.\" data-balloon-pos=\"up\">Psic\u00f3logo<\/span><\/td>\r\n<td class=\"cvagas\">CR<\/td>\r\n<td class=\"cremuneracao\">R$ 3.980,00 \/20h<\/td>\r\n<\/tr>\r\n    <\/tbody>\r\n  <\/table>\r\n<\/div>"},"_links":{"self":[{"href":"https:\/\/www.agrobase.com.br\/concursos\/wp-json\/wp\/v2\/posts\/274038","targetHints":{"allow":["GET"]}}],"collection":[{"href":"https:\/\/www.agrobase.com.br\/concursos\/wp-json\/wp\/v2\/posts"}],"about":[{"href":"https:\/\/www.agrobase.com.br\/concursos\/wp-json\/wp\/v2\/types\/post"}],"author":[{"embeddable":true,"href":"https:\/\/www.agrobase.com.br\/concursos\/wp-json\/wp\/v2\/users\/7"}],"replies":[{"embeddable":true,"href":"https:\/\/www.agrobase.com.br\/concursos\/wp-json\/wp\/v2\/comments?post=274038"}],"version-history":[{"count":2,"href":"https:\/\/www.agrobase.com.br\/concursos\/wp-json\/wp\/v2\/posts\/274038\/revisions"}],"predecessor-version":[{"id":274042,"href":"https:\/\/www.agrobase.com.br\/concursos\/wp-json\/wp\/v2\/posts\/274038\/revisions\/274042"}],"wp:featuredmedia":[{"embeddable":true,"href":"https:\/\/www.agrobase.com.br\/concursos\/wp-json\/wp\/v2\/media\/274037"}],"wp:attachment":[{"href":"https:\/\/www.agrobase.com.br\/concursos\/wp-json\/wp\/v2\/media?parent=274038"}],"wp:term":[{"taxonomy":"category","embeddable":true,"href":"https:\/\/www.agrobase.com.br\/concursos\/wp-json\/wp\/v2\/categories?post=274038"},{"taxonomy":"post_tag","embeddable":true,"href":"https:\/\/www.agrobase.com.br\/concursos\/wp-json\/wp\/v2\/tags?post=274038"},{"taxonomy":"_amplo","embeddable":true,"href":"https:\/\/www.agrobase.com.br\/concursos\/wp-json\/wp\/v2\/_amplo?post=274038"},{"taxonomy":"destaque","embeddable":true,"href":"https:\/\/www.agrobase.com.br\/concursos\/wp-json\/wp\/v2\/destaque?post=274038"},{"taxonomy":"instituicoes","embeddable":true,"href":"https:\/\/www.agrobase.com.br\/concursos\/wp-json\/wp\/v2\/instituicoes?post=274038"}],"curies":[{"name":"wp","href":"https:\/\/api.w.org\/{rel}","templated":true}]}}