{"id":273976,"date":"2025-11-19T07:00:09","date_gmt":"2025-11-19T10:00:09","guid":{"rendered":"https:\/\/www.agrobase.com.br\/concursos\/?p=273976"},"modified":"2025-11-18T13:43:20","modified_gmt":"2025-11-18T16:43:20","slug":"prefeitura-cascavel-pr-concurso-277-2025","status":"publish","type":"post","link":"https:\/\/www.agrobase.com.br\/concursos\/2025\/prefeitura-cascavel-pr-concurso-277-2025\/","title":{"rendered":"Prefeitura Cascavel (PR) &#8211; Concurso 277\/2025"},"content":{"rendered":"<h2>Informa\u00e7\u00f5es Gerais<\/h2>\n<p>O <strong>Concurso P\u00fablico n\u00ba 277\/2025 da Prefeitura de Cascavel (PR)<\/strong> est\u00e1 com edital publicado e visa ao provimento de <strong>110 vagas imediatas, al\u00e9m de cadastro reserva<\/strong>, para diversos cargos do quadro permanente da administra\u00e7\u00e3o municipal. A execu\u00e7\u00e3o do certame est\u00e1 sob responsabilidade da <strong>Funda\u00e7\u00e3o FAFIPA<\/strong>, e as contrata\u00e7\u00f5es ocorrer\u00e3o sob o <strong>regime estatut\u00e1rio<\/strong>.<\/p>\n<p>O concurso contempla oportunidades para todos os n\u00edveis de escolaridade \u2014 fundamental, m\u00e9dio\/t\u00e9cnico e superior \u2014 abrangendo \u00e1reas administrativas, operacionais, educacionais e de sa\u00fade. Entre os cargos de destaque est\u00e3o fun\u00e7\u00f5es nas \u00e1reas de <strong>Biologia<\/strong> e <strong>Engenharia Florestal<\/strong>, al\u00e9m de vagas para professores, t\u00e9cnicos em sa\u00fade e m\u00e9dicos especialistas, com remunera\u00e7\u00f5es que variam de <strong>R$ 1.902,87 a R$ 13.201,61<\/strong>.<\/p>\n<p>Com validade inicial de dois anos, prorrog\u00e1vel por igual per\u00edodo, o certame representa uma excelente oportunidade para quem busca estabilidade e carreira p\u00fablica no munic\u00edpio. A seguir, confira as informa\u00e7\u00f5es sobre inscri\u00e7\u00f5es, etapas e resultados do processo seletivo.<\/p>\n<h2>Inscri\u00e7\u00f5es<\/h2>\n<p>As inscri\u00e7\u00f5es para o Concurso P\u00fablico n\u00ba 277\/2025 da Prefeitura de Cascavel \u2013 PR estar\u00e3o abertas <strong>das 8h do dia 29 de outubro at\u00e9 23h59 de 25 de novembro de 2025<\/strong>, exclusivamente pela internet, no site <a href=\"https:\/\/www.fundacaofafipa.org.br\" target=\"_blank\" rel=\"noopener\">www.fundacaofafipa.org.br<\/a>. O candidato deve preencher o formul\u00e1rio eletr\u00f4nico, gerar o boleto banc\u00e1rio e efetuar o pagamento dentro do prazo estabelecido.<\/p>\n<p>O pagamento da taxa poder\u00e1 ser realizado em toda a rede banc\u00e1ria credenciada at\u00e9 <strong>26 de novembro de 2025<\/strong>. \u00c9 importante verificar se o boleto foi emitido corretamente pelo Banco do Brasil (c\u00f3digo 001) e conferir os dados antes de efetuar o pagamento. O status da inscri\u00e7\u00e3o ser\u00e1 atualizado em at\u00e9 72 horas ap\u00f3s a compensa\u00e7\u00e3o banc\u00e1ria, podendo ser acompanhado na \u201c\u00c1rea do Candidato\u201d.<\/p>\n<p>N\u00e3o ser\u00e3o aceitas inscri\u00e7\u00f5es enviadas por outros meios, nem pagamentos via cheque, PIX ou transfer\u00eancia. Em caso de cancelamento da inscri\u00e7\u00e3o, n\u00e3o haver\u00e1 devolu\u00e7\u00e3o da taxa paga. Recomenda-se a leitura atenta do edital completo antes de efetuar a inscri\u00e7\u00e3o.<\/p>\n<h2>Etapas e Provas<\/h2>\n<p>O concurso ser\u00e1 composto por diversas etapas, variando conforme o cargo escolhido. De modo geral, todos os candidatos realizar\u00e3o <strong>prova objetiva<\/strong> de car\u00e1ter eliminat\u00f3rio e classificat\u00f3rio, com quest\u00f5es de L\u00edngua Portuguesa, Racioc\u00ednio L\u00f3gico, Legisla\u00e7\u00e3o e Conhecimentos Espec\u00edficos. A prova ter\u00e1 dura\u00e7\u00e3o de tr\u00eas horas e exigir\u00e1 nota m\u00ednima de 60 pontos para aprova\u00e7\u00e3o.<\/p>\n<ul>\n<li><strong>Prova Dissertativa<\/strong>: aplicada aos cargos de Agente Administrativo, Professor e Professor de Educa\u00e7\u00e3o Infantil, com car\u00e1ter eliminat\u00f3rio e classificat\u00f3rio. O candidato dever\u00e1 redigir texto entre 20 e 30 linhas, sendo avaliado em dom\u00ednio t\u00e9cnico, clareza e uso da L\u00edngua Portuguesa.<\/li>\n<li><strong>Prova Pr\u00e1tica<\/strong>: destinada a cargos como Carpinteiro, Marceneiro, Motorista II, Operador de M\u00e1quinas, Pedreiro e Tradutor e Int\u00e9rprete de Libras. Avalia habilidades espec\u00edficas e ser\u00e1 eliminat\u00f3ria e classificat\u00f3ria.<\/li>\n<li><strong>Teste de Aptid\u00e3o F\u00edsica (TAF)<\/strong>: exclusivo para o cargo de Educador Social Masculino, de car\u00e1ter eliminat\u00f3rio, composto por testes de for\u00e7a, agilidade e resist\u00eancia.<\/li>\n<li><strong>Prova de T\u00edtulos<\/strong>: fase classificat\u00f3ria para Professor e Professor de Educa\u00e7\u00e3o Infantil, com pontua\u00e7\u00e3o baseada em especializa\u00e7\u00f5es, mestrado e doutorado.<\/li>\n<li><strong>Exame Pr\u00e9-admissional<\/strong>: etapa final, de car\u00e1ter eliminat\u00f3rio, com avalia\u00e7\u00e3o m\u00e9dica e psicol\u00f3gica sob responsabilidade da Prefeitura de Cascavel.<\/li>\n<\/ul>\n<p>As provas objetivas e dissertativas est\u00e3o previstas para <strong>14 de dezembro de 2025<\/strong>, com locais divulgados no site da Funda\u00e7\u00e3o FAFIPA. Recomenda-se acompanhar o edital e comunicados oficiais para detalhes sobre cronograma e conte\u00fado program\u00e1tico.<\/p>\n<h2>Resultados e Gabarito<\/h2>\n<p>O <strong>gabarito preliminar<\/strong> e o caderno de quest\u00f5es da prova objetiva ser\u00e3o divulgados em <strong>15 de dezembro de 2025<\/strong>, um dia ap\u00f3s a aplica\u00e7\u00e3o das provas, no site <a href=\"https:\/\/www.fundacaofafipa.org.br\" target=\"_blank\" rel=\"noopener\">www.fundacaofafipa.org.br<\/a>. O resultado preliminar da prova objetiva est\u00e1 previsto para <strong>22 de janeiro de 2026<\/strong>, com resultado definitivo em <strong>3 de fevereiro de 2026<\/strong>.<\/p>\n<p>As demais etapas seguir\u00e3o o cronograma: resultados das provas dissertativa, pr\u00e1tica, de t\u00edtulos e do teste f\u00edsico entre fevereiro e mar\u00e7o de 2026. O <strong>resultado final e a classifica\u00e7\u00e3o geral<\/strong> ser\u00e3o divulgados em <strong>5 de mar\u00e7o de 2026<\/strong>, e a <strong>homologa\u00e7\u00e3o do concurso<\/strong> est\u00e1 prevista para <strong>17 de mar\u00e7o de 2026<\/strong>.<\/p>\n<p>Os crit\u00e9rios de desempate incluem maior idade (para candidatos com 60 anos ou mais), maior pontua\u00e7\u00e3o em Conhecimentos Espec\u00edficos e, sucessivamente, nas demais provas. Persistindo o empate, ser\u00e1 realizado sorteio p\u00fablico. A convoca\u00e7\u00e3o dos aprovados ocorrer\u00e1 conforme a necessidade da administra\u00e7\u00e3o, respeitando a ordem de classifica\u00e7\u00e3o e o prazo de validade do concurso.<\/p>\n<p>O acompanhamento das publica\u00e7\u00f5es oficiais no site da banca organizadora e no <em>Di\u00e1rio Oficial do Munic\u00edpio de Cascavel<\/em> \u00e9 de responsabilidade exclusiva do candidato.<\/p>\n","protected":false},"excerpt":{"rendered":"<p>Concurso Pref. Cascavel (PR) com edital publicado! Vagas p\/ Agente Adm. e M\u00e9dico (Fund. a Sup.). Inscri\u00e7\u00f5es a partir de 29\/10. Sal\u00e1rios at\u00e9 R$13,2k. Confira!<\/p>\n","protected":false},"author":7,"featured_media":273975,"comment_status":"open","ping_status":"open","sticky":false,"template":"","format":"standard","meta":{"_acf_changed":false,"_breakdance_hide_in_design_set":false,"_breakdance_tags":"","footnotes":""},"categories":[94,6,9,15,152,19,20,21,25,31,108,161,143,134],"tags":[52],"_amplo":[],"destaque":[],"instituicoes":[],"class_list":["post-273976","post","type-post","status-publish","format-standard","has-post-thumbnail","hentry","category-biblioteconomia","category-biologia","category-ciencias-contabeis","category-engenharia-florestal","category-engenharia-seguranca-trabalho","category-fonoaudiologia","category-letras","category-medicina","category-pedagogia","category-tecnico-ambiental","category-tecnico-enfermagem","category-tecnico-laboratorio","category-tecnico-odontologia","category-terapia-ocupacional","tag-parana"],"acf":{"_tipo_vagas":"vagas","_numero_vagas":"","_quadro_vagas":"","_cargos":"diversos","_cargos_especificos":"","_salario_max":"R$ 13201.61","_abertura":"20251029","_encerramento":"20251125","_inscricoes":"https:\/\/www.fundacaofafipa.org.br","_executora_concurso":"","_instituicao_concurso":[],"_link_adicional":null,"_anexos":null,"_produtos":null,"_vagas":"110 vagas + CR","_salario_min":"R$ 1902.87","_instituicao":"Prefeitura de Cascavel","_edital":"https:\/\/www.agrobase.com.br\/concursos\/wp-content\/uploads\/sites\/4\/2025\/11\/edital-277-2025-prefeitura-de-cascavel-pr.pdf","_anexos_edital":"https:\/\/www.agrobase.com.br\/concursos\/wp-content\/uploads\/sites\/4\/2025\/11\/anexos-edital-277-2025-prefeitura-de-cascavel-pr.pdf","_fund_incompleto":"","_fund_completo":"<div>\r\n<table class=\"quadro\">\r\n<thead>\r\n<tr>\r\n<th class=\"hcargo\">Cargo<\/th>\r\n<th class=\"hvagas\">Vagas<\/th>\r\n<th class=\"hremuneracao\">Remunera\u00e7\u00e3o<\/th>\r\n<\/tr>\r\n<\/thead>\r\n    <tbody>\r\n      <td class=\"ccargos\">\r\n<span data-balloon-length=\"medium\" aria-label=\"Ensino fundamental completo\" data-balloon-pos=\"up\">Carpinteiro<\/span><\/td>\r\n<td class=\"cvagas\">CR<\/td>\r\n<td class=\"cremuneracao\">R$ 1.902,87 \/40h<\/td>\r\n<\/tr><td class=\"ccargos\">\r\n<span data-balloon-length=\"medium\" aria-label=\"Ensino fundamental completo\" data-balloon-pos=\"up\">Marceneiro<\/span><\/td>\r\n<td class=\"cvagas\">01<\/td>\r\n<td class=\"cremuneracao\">R$ 2.097,92 \/40h<\/td>\r\n<\/tr><td class=\"ccargos\">\r\n<span data-balloon-length=\"medium\" data-balloon-pos=\"up\">Operador de M\u00e1quinas Leves<\/span><\/td>\r\n<td class=\"cvagas\">CR<\/td>\r\n<td class=\"cremuneracao\">R$ 2.428,61 \/40h<\/td>\r\n<\/tr><td class=\"ccargos\">\r\n<span data-balloon-length=\"medium\" data-balloon-pos=\"up\">Operador de M\u00e1quinas Pesadas<\/span><\/td>\r\n<td class=\"cvagas\">CR<\/td>\r\n<td class=\"cremuneracao\">R$ 3.254,56 \/40h<\/td>\r\n<\/tr><td class=\"ccargos\">\r\n<span data-balloon-length=\"medium\" aria-label=\"Ensino fundamental\" data-balloon-pos=\"up\">Pedreiro<\/span><\/td>\r\n<td class=\"cvagas\">CR<\/td>\r\n<td class=\"cremuneracao\">R$ 2.677,53 \/40h<\/td>\r\n<\/tr>\r\n    <\/tbody>\r\n  <\/table>\r\n<\/div>","_medio":"<div>\r\n<table class=\"quadro\">\r\n<thead>\r\n<tr>\r\n<th class=\"hcargo\">Cargo<\/th>\r\n<th class=\"hvagas\">Vagas<\/th>\r\n<th class=\"hremuneracao\">Remunera\u00e7\u00e3o<\/th>\r\n<\/tr>\r\n<\/thead>\r\n    <tbody>\r\n      <td class=\"ccargos\">\r\n<span data-balloon-length=\"medium\" aria-label=\"Ensino m\u00e9dio completo. Residir na \u00e1rea da comunidade em que atuar, desde a data da publica\u00e7\u00e3o do edital de abertura do concurso.\" data-balloon-pos=\"up\">Agente Comunit\u00e1rio de Sa\u00fade<\/span><\/td>\r\n<td class=\"cvagas\">03 + CR<\/td>\r\n<td class=\"cremuneracao\">R$ 3.149,79 \/40h<\/td>\r\n<\/tr><td class=\"ccargos\">\r\n<span data-balloon-length=\"medium\" aria-label=\"Ensino m\u00e9dio completo. Conhecimentos na opera\u00e7\u00e3o de computador, editor de textos e planilha eletr\u00f4nica.\" data-balloon-pos=\"up\">Agente Administrativo<\/span><\/td>\r\n<td class=\"cvagas\">60<\/td>\r\n<td class=\"cremuneracao\">R$ 2.250,63 \/40h<\/td>\r\n<\/tr><td class=\"ccargos\">\r\n<span data-balloon-length=\"medium\" aria-label=\"Ensino m\u00e9dio completo. Curso de Forma\u00e7\u00e3o Espec\u00edfico legalmente reconhecido. Registro no Conselho de Classe Espec\u00edfico.\" data-balloon-pos=\"up\">Auxiliar em Sa\u00fade Bucal<\/span><\/td>\r\n<td class=\"cvagas\">05<\/td>\r\n<td class=\"cremuneracao\">R$ 1.950,76 \/30h<\/td>\r\n<\/tr><td class=\"ccargos\">\r\n<span data-balloon-length=\"medium\" aria-label=\"Ensino m\u00e9dio completo\" data-balloon-pos=\"up\">Educador Social - masculino<\/span><\/td>\r\n<td class=\"cvagas\">CR<\/td>\r\n<td class=\"cremuneracao\">R$ 2.856,29 \/40h<\/td>\r\n<\/tr><td class=\"ccargos\">\r\n<span data-balloon-length=\"medium\" data-balloon-pos=\"up\">Motorista II<\/span><\/td>\r\n<td class=\"cvagas\">10<\/td>\r\n<td class=\"cremuneracao\">R$ 2.677,53 \/40h<\/td>\r\n<\/tr><td class=\"ccargos\">\r\n<span data-balloon-length=\"medium\" aria-label=\"Curso t\u00e9cnico em Enfermagem legalmente reconhecido. Registro no Conselho de Classe correspondente.\" data-balloon-pos=\"up\">T\u00e9cnico em Enfermagem<\/span><\/td>\r\n<td class=\"cvagas\">12<\/td>\r\n<td class=\"cremuneracao\">R$ 2.723,25 \/30h<\/td>\r\n<\/tr><td class=\"ccargos\">\r\n<span data-balloon-length=\"medium\" aria-label=\"Ensino m\u00e9dio completo. Forma\u00e7\u00e3o: Curso profissionalizante de T\u00e9cnico em Farm\u00e1cia, legalmente reconhecido, com carga hor\u00e1ria m\u00ednima de 1200h. Possuir conhecimentos na operacionaliza\u00e7\u00e3o de computador, editor de textos e planilha eletr\u00f4nica.\" data-balloon-pos=\"up\">T\u00e9cnico em Farm\u00e1cia<\/span><\/td>\r\n<td class=\"cvagas\">02<\/td>\r\n<td class=\"cremuneracao\">R$ 2.146,03 \/30h<\/td>\r\n<\/tr><td class=\"ccargos\">\r\n<span data-balloon-length=\"medium\" aria-label=\"Ensino m\u00e9dio completo. Curso T\u00e9cnico em Laborat\u00f3rio de An\u00e1lise Cl\u00ednicas legalmente reconhecido. Registro no Conselho de Classe espec\u00edfico.\" data-balloon-pos=\"up\">T\u00e9cnico em Laborat\u00f3rio de An\u00e1lises Cl\u00ednicas<\/span><\/td>\r\n<td class=\"cvagas\">05<\/td>\r\n<td class=\"cremuneracao\">R$ 2.360,50 \/30h<\/td>\r\n<\/tr><td class=\"ccargos\">\r\n<span data-balloon-length=\"medium\" aria-label=\"Ensino m\u00e9dio integrado em Meio Ambiente ou Ensino m\u00e9dio completo, mais curso p\u00f3s m\u00e9dio na \u00e1rea Ambiental ou Curso de Tecnologia em Meio Ambiente. Possuir conhecimentos na opera\u00e7\u00e3o de computador, editor de texto,\" data-balloon-pos=\"up\">T\u00e9cnico em Meio Ambiente<\/span><\/td>\r\n<td class=\"cvagas\">02<\/td>\r\n<td class=\"cremuneracao\">R$ 2.856,29 \/40h<\/td>\r\n<\/tr><td class=\"ccargos\">\r\n<span data-balloon-length=\"medium\" aria-label=\"Ensino m\u00e9dio completo. Forma\u00e7\u00e3o: curso T\u00e9cnico em Higiene Dental, legalmente reconhecido.\" data-balloon-pos=\"up\">T\u00e9cnico em Sa\u00fade Bucal<\/span><\/td>\r\n<td class=\"cvagas\">CR<\/td>\r\n<td class=\"cremuneracao\">R$ 2.146,03 \/30h<\/td>\r\n<\/tr>\r\n    <\/tbody>\r\n  <\/table>\r\n<\/div>","_superior":"<div>\r\n<table class=\"quadro\">\r\n<thead>\r\n<tr>\r\n<th class=\"hcargo\">Cargo<\/th>\r\n<th class=\"hvagas\">Vagas<\/th>\r\n<th class=\"hremuneracao\">Remunera\u00e7\u00e3o<\/th>\r\n<\/tr>\r\n<\/thead>\r\n    <tbody>\r\n      <tr>\r\n<td class=\"ccargos\">\r\n<span data-balloon-length=\"medium\" aria-label=\"Ensino m\u00e9dio, no Curso de Forma\u00e7\u00e3o Docentes (Magist\u00e9rio); ou Ensino Superior no Curso de Licenciatura Plena em pedagogia; ou Ensino Superior no Curso de Licenciatura Normal Superior.\" data-balloon-pos=\"up\">Professor de Educa\u00e7\u00e3o Infantil<\/span><\/td>\r\n<td class=\"cvagas\">CR<\/td>\r\n<td class=\"cremuneracao\">R$ 4.037,86 \/40h<\/td>\r\n<\/tr><tr>\r\n<td class=\"ccargos\">\r\n<span data-balloon-length=\"medium\" aria-label=\"Curso superior em Biblioteconomia com registro no Conselho de classe espec\u00edfico.\" data-balloon-pos=\"up\">Bibliotec\u00e1rio<\/span><\/td>\r\n<td class=\"cvagas\">CR<\/td>\r\n<td class=\"cremuneracao\">R$ 6.052,48 \/40h<\/td>\r\n<\/tr><tr>\r\n<td class=\"ccargos\">\r\n<span data-balloon-length=\"medium\" aria-label=\"Curso superior Bacharelado em Ci\u00eancias Biol\u00f3gicas, registro no Conselho de Classe espec\u00edfico.\" data-balloon-pos=\"up\">Bi\u00f3logo<\/span><\/td>\r\n<td class=\"cvagas\">CR<\/td>\r\n<td class=\"cremuneracao\">R$ 6.052,48 \/40h<\/td>\r\n<\/tr><tr>\r\n<td class=\"ccargos\">\r\n<span data-balloon-length=\"medium\" aria-label=\"Curso superior em Ci\u00eancias Cont\u00e1beis, registro no Conselho de Classe espec\u00edfico.\" data-balloon-pos=\"up\">Contador<\/span><\/td>\r\n<td class=\"cvagas\">01<\/td>\r\n<td class=\"cremuneracao\">R$ 6.052,48 \/40h<\/td>\r\n<\/tr><tr>\r\n<td class=\"ccargos\">\r\n<span data-balloon-length=\"medium\" aria-label=\"Curso superior em Arquitetura ou Engenharia e especializa\u00e7\u00e3o em Engenharia e Seguran\u00e7a do Trabalho. Registro no conselho de classe espec\u00edfico.\" data-balloon-pos=\"up\">Engenheiro de Seguran\u00e7a do Trabalho<\/span><\/td>\r\n<td class=\"cvagas\">CR<\/td>\r\n<td class=\"cremuneracao\">R$ 8.386,18 \/40h<\/td>\r\n<\/tr><tr>\r\n<td class=\"ccargos\">\r\n<span data-balloon-length=\"medium\" aria-label=\"Curso superior em Engenharia Florestal. Registro no conselho de classe espec\u00edfico.\" data-balloon-pos=\"up\">Engenheiro Florestal<\/span><\/td>\r\n<td class=\"cvagas\">CR<\/td>\r\n<td class=\"cremuneracao\">R$ 8.386,18 \/40h<\/td>\r\n<\/tr><tr>\r\n<td class=\"ccargos\">\r\n<span data-balloon-length=\"medium\" aria-label=\"Curso superior em Fonoaudiologia. Registro no Conselho de Classe espec\u00edfico.\" data-balloon-pos=\"up\">Fonoaudi\u00f3logo<\/span><\/td>\r\n<td class=\"cvagas\">01<\/td>\r\n<td class=\"cremuneracao\">R$ 4.576,47 \/30h<\/td>\r\n<\/tr><tr>\r\n<td class=\"ccargos\">\r\n<span data-balloon-length=\"medium\" aria-label=\"Curso superior em Medicina, com especializa\u00e7\u00e3o em Ginecologista\/ Obstetra. Registro no Conselho de Classe espec\u00edfico.\" data-balloon-pos=\"up\">M\u00e9dico Especialista - Ginecologista\/Obstetra<\/span><\/td>\r\n<td class=\"cvagas\">02<\/td>\r\n<td class=\"cremuneracao\">R$ 13.201,61 \/20h<\/td>\r\n<\/tr><tr>\r\n<td class=\"ccargos\">\r\n<span data-balloon-length=\"medium\" aria-label=\"Curso superior em Medicina, com especializa\u00e7\u00e3o em Medicina do Trabalho. Registro no Conselho de Classe espec\u00edfico.\" data-balloon-pos=\"up\">M\u00e9dico Especialista - M\u00e9dico do Trabalho<\/span><\/td>\r\n<td class=\"cvagas\">01<\/td>\r\n<td class=\"cremuneracao\">R$ 13.201,61 \/20h<\/td>\r\n<\/tr><tr>\r\n<td class=\"ccargos\">\r\n<span data-balloon-length=\"medium\" aria-label=\"Curso superior em Medicina, com especializa\u00e7\u00e3o em Ortopedia. Registro no Conselho de Classe espec\u00edfico.\" data-balloon-pos=\"up\">M\u00e9dico Especialista - Ortopedista<\/span><\/td>\r\n<td class=\"cvagas\">CR<\/td>\r\n<td class=\"cremuneracao\">R$ 13.201,61 \/20h<\/td>\r\n<\/tr><tr>\r\n<td class=\"ccargos\">\r\n<span data-balloon-length=\"medium\" aria-label=\"Curso superior em Medicina, com especializa\u00e7\u00e3o em Pediatria. Registro no Conselho de Classe espec\u00edfico.\" data-balloon-pos=\"up\">M\u00e9dico Especialista - Pediatra<\/span><\/td>\r\n<td class=\"cvagas\">02<\/td>\r\n<td class=\"cremuneracao\">R$ 13.201,61 \/20h<\/td>\r\n<\/tr><tr>\r\n<td class=\"ccargos\">\r\n<span data-balloon-length=\"medium\" aria-label=\"Curso superior em Medicina, com especializa\u00e7\u00e3o em Per\u00edcia M\u00e9dica. Registro no Conselho de Classe espec\u00edfico.\" data-balloon-pos=\"up\">M\u00e9dico Especialista \u2013 Per\u00edcia M\u00e9dica<\/span><\/td>\r\n<td class=\"cvagas\">CR<\/td>\r\n<td class=\"cremuneracao\">R$ 13.201,61 \/20h<\/td>\r\n<\/tr><tr>\r\n<td class=\"ccargos\">\r\n<span data-balloon-length=\"medium\" aria-label=\"Curso superior em Medicina, com especializa\u00e7\u00e3o em Psiquiatria. Registro no Conselho de Classe espec\u00edfico.\" data-balloon-pos=\"up\">M\u00e9dico Especialista - Psiquiatra<\/span><\/td>\r\n<td class=\"cvagas\">CR<\/td>\r\n<td class=\"cremuneracao\">R$ 13.201,61 \/20h<\/td>\r\n<\/tr><tr>\r\n<td class=\"ccargos\">\r\n<span data-balloon-length=\"medium\" aria-label=\"Forma\u00e7\u00e3o em n\u00edvel superior em curso de licenciatura de gradua\u00e7\u00e3o plena em Pedagogia e\/ou Normal Superior.\" data-balloon-pos=\"up\">Professor<\/span><\/td>\r\n<td class=\"cvagas\">01<\/td>\r\n<td class=\"cremuneracao\">R$ 3.547,05 \/20h<\/td>\r\n<\/tr><tr>\r\n<td class=\"ccargos\">\r\n<span data-balloon-length=\"medium\" aria-label=\"Curso Superior em Terapia Ocupacional. Registro no Conselho de Classe Espec\u00edfico.\" data-balloon-pos=\"up\">Terapeuta Ocupacional<\/span><\/td>\r\n<td class=\"cvagas\">01<\/td>\r\n<td class=\"cremuneracao\">R$ 4.576,47 \/30h<\/td>\r\n<\/tr><tr>\r\n<td class=\"ccargos\">\r\n<span data-balloon-length=\"medium\" aria-label=\"Ensino superior completo. Forma\u00e7\u00e3o: Ensino Superior em Letras - Bacharel com habilita\u00e7\u00e3o em L\u00edngua Brasileira de Sinais - Libras; ou ensino superior completo, em qualquer \u00e1rea, com: certifica\u00e7\u00e3o em exame de profici\u00eancia em tradu\u00e7\u00e3o e interpreta\u00e7\u00e3o de Libras - L\u00edngua Portuguesa (PROLIBRAS), reconhecido pelo Minist\u00e9rio da Educa\u00e7\u00e3o, ou Certifica\u00e7\u00e3o em banca examinadora da Federa\u00e7\u00e3o Nacional de Educa\u00e7\u00e3o e Integra\u00e7\u00e3o dos Surdos - FENEIS; ou Certifica\u00e7\u00e3o em banca examinadora do Centro de capacita\u00e7\u00e3o dos Profissionais da Educa\u00e7\u00e3o e atendimento \u00e0s Pessoas com Surdez - CAS.\" data-balloon-pos=\"up\">Tradutor e Int\u00e9rprete de Libras<\/span><\/td>\r\n<td class=\"cvagas\">CR<\/td>\r\n<td class=\"cremuneracao\">R$ 4.576,47 \/40h<\/td>\r\n<\/tr>\r\n    <\/tbody>\r\n  <\/table>\r\n<\/div>"},"_links":{"self":[{"href":"https:\/\/www.agrobase.com.br\/concursos\/wp-json\/wp\/v2\/posts\/273976","targetHints":{"allow":["GET"]}}],"collection":[{"href":"https:\/\/www.agrobase.com.br\/concursos\/wp-json\/wp\/v2\/posts"}],"about":[{"href":"https:\/\/www.agrobase.com.br\/concursos\/wp-json\/wp\/v2\/types\/post"}],"author":[{"embeddable":true,"href":"https:\/\/www.agrobase.com.br\/concursos\/wp-json\/wp\/v2\/users\/7"}],"replies":[{"embeddable":true,"href":"https:\/\/www.agrobase.com.br\/concursos\/wp-json\/wp\/v2\/comments?post=273976"}],"version-history":[{"count":2,"href":"https:\/\/www.agrobase.com.br\/concursos\/wp-json\/wp\/v2\/posts\/273976\/revisions"}],"predecessor-version":[{"id":273980,"href":"https:\/\/www.agrobase.com.br\/concursos\/wp-json\/wp\/v2\/posts\/273976\/revisions\/273980"}],"wp:featuredmedia":[{"embeddable":true,"href":"https:\/\/www.agrobase.com.br\/concursos\/wp-json\/wp\/v2\/media\/273975"}],"wp:attachment":[{"href":"https:\/\/www.agrobase.com.br\/concursos\/wp-json\/wp\/v2\/media?parent=273976"}],"wp:term":[{"taxonomy":"category","embeddable":true,"href":"https:\/\/www.agrobase.com.br\/concursos\/wp-json\/wp\/v2\/categories?post=273976"},{"taxonomy":"post_tag","embeddable":true,"href":"https:\/\/www.agrobase.com.br\/concursos\/wp-json\/wp\/v2\/tags?post=273976"},{"taxonomy":"_amplo","embeddable":true,"href":"https:\/\/www.agrobase.com.br\/concursos\/wp-json\/wp\/v2\/_amplo?post=273976"},{"taxonomy":"destaque","embeddable":true,"href":"https:\/\/www.agrobase.com.br\/concursos\/wp-json\/wp\/v2\/destaque?post=273976"},{"taxonomy":"instituicoes","embeddable":true,"href":"https:\/\/www.agrobase.com.br\/concursos\/wp-json\/wp\/v2\/instituicoes?post=273976"}],"curies":[{"name":"wp","href":"https:\/\/api.w.org\/{rel}","templated":true}]}}