{"id":273947,"date":"2025-11-18T08:10:58","date_gmt":"2025-11-18T11:10:58","guid":{"rendered":"https:\/\/www.agrobase.com.br\/concursos\/?p=273947"},"modified":"2025-11-17T15:37:23","modified_gmt":"2025-11-17T18:37:23","slug":"ufvjm-mg-selecao-simplificada-93-2025","status":"publish","type":"post","link":"https:\/\/www.agrobase.com.br\/concursos\/2025\/ufvjm-mg-selecao-simplificada-93-2025\/","title":{"rendered":"UFVJM (MG) &#8211; Sele\u00e7\u00e3o Simplificada 93\/2025"},"content":{"rendered":"<h2>Informa\u00e7\u00f5es Gerais<\/h2>\n<p>O <strong>Edital n\u00ba 93\/2025<\/strong> da <strong>Universidade Federal dos Vales do Jequitinhonha e Mucuri (UFVJM)<\/strong> anuncia a abertura do <em>Processo Seletivo Simplificado<\/em> destinado \u00e0 contrata\u00e7\u00e3o tempor\u00e1ria de <strong>professores substitutos<\/strong> do magist\u00e9rio superior. O certame visa preencher <strong>11 vagas<\/strong> distribu\u00eddas entre diferentes campi da institui\u00e7\u00e3o, com validade de um ano a partir da homologa\u00e7\u00e3o do resultado no Di\u00e1rio Oficial da Uni\u00e3o.<\/p>\n<p>As oportunidades abrangem diversas \u00e1reas do conhecimento, com destaque para <strong>Ci\u00eancias Agr\u00e1rias<\/strong>, <strong>Agronomia<\/strong>, <strong>Engenharia Agr\u00edcola<\/strong>, <strong>Engenharia Florestal<\/strong>, <strong>Biologia<\/strong> e <strong>Medicina Veterin\u00e1ria<\/strong>, al\u00e9m de vagas em Medicina, Educa\u00e7\u00e3o F\u00edsica, Economia e Educa\u00e7\u00e3o do Campo. As remunera\u00e7\u00f5es variam de <strong>R$ 3.090,43<\/strong> a <strong>R$ 8.058,29<\/strong>, conforme a titula\u00e7\u00e3o exigida e a carga hor\u00e1ria.<\/p>\n<p>O regime de contrata\u00e7\u00e3o \u00e9 tempor\u00e1rio, conforme a legisla\u00e7\u00e3o vigente para professores substitutos do magist\u00e9rio federal. Este processo representa uma excelente oportunidade para profissionais com forma\u00e7\u00e3o superior e p\u00f3s-gradua\u00e7\u00e3o que desejam atuar no ensino superior p\u00fablico. A seguir, confira as informa\u00e7\u00f5es sobre inscri\u00e7\u00f5es, etapas e resultados do certame.<\/p>\n<h2>Inscri\u00e7\u00f5es<\/h2>\n<p>As inscri\u00e7\u00f5es para o processo seletivo estar\u00e3o abertas de <strong>14 a 24 de novembro de 2025<\/strong>. O procedimento dever\u00e1 ser realizado <strong>presencialmente<\/strong> ou via <strong>envio postal (SEDEX)<\/strong> para os endere\u00e7os indicados no edital, conforme o campus de interesse (Diamantina, Mucuri ou Una\u00ed). O atendimento ocorrer\u00e1 de segunda a sexta-feira, das 9h30 \u00e0s 11h30 e das 14h00 \u00e0s 16h30, exceto feriados e pontos facultativos.<\/p>\n<p>O valor da taxa de inscri\u00e7\u00e3o varia de acordo com o n\u00edvel de titula\u00e7\u00e3o exigido: <strong>R$ 75,00<\/strong> para \u00e1reas que exigem gradua\u00e7\u00e3o ou especializa\u00e7\u00e3o, <strong>R$ 140,00<\/strong> para mestrado e <strong>R$ 200,00<\/strong> para doutorado. O pagamento deve ser efetuado exclusivamente via <a href=\"https:\/\/pagtesouro.tesouro.gov.br\/portal-gru\/#\/emissao-gru\" target=\"_blank\" rel=\"noopener\">GRU Simples<\/a> emitida no sistema PagTesouro, utilizando os c\u00f3digos informados no edital. O boleto deve ser pago no Banco do Brasil, e a taxa n\u00e3o ser\u00e1 restitu\u00edda.<\/p>\n<p>Os candidatos dever\u00e3o apresentar toda a documenta\u00e7\u00e3o exigida, incluindo formul\u00e1rio de inscri\u00e7\u00e3o, comprovante de pagamento ou pedido de isen\u00e7\u00e3o, curr\u00edculo Lattes e c\u00f3pias autenticadas dos t\u00edtulos. Recomenda-se acompanhar o status da inscri\u00e7\u00e3o junto \u00e0 Pr\u00f3-Reitoria de Gest\u00e3o de Pessoas (PROGEP) da UFVJM. Para mais detalhes, consulte o edital completo antes de efetuar a inscri\u00e7\u00e3o.<\/p>\n<h2>Etapas e Provas<\/h2>\n<p>O processo seletivo ser\u00e1 composto por tr\u00eas etapas principais: <strong>an\u00e1lise de curr\u00edculo Lattes<\/strong>, <strong>prova did\u00e1tica<\/strong> e, quando aplic\u00e1vel, <strong>entrevista<\/strong> ou <strong>prova pr\u00e1tica<\/strong>, conforme as instru\u00e7\u00f5es espec\u00edficas de cada \u00e1rea. As provas ocorrer\u00e3o entre os dias <strong>9 e 12 de dezembro de 2025<\/strong>, em diferentes campi da UFVJM (Diamantina, Una\u00ed e Mucuri), nos locais e hor\u00e1rios definidos no edital.<\/p>\n<ul>\n<li><strong>An\u00e1lise de Curr\u00edculo Lattes<\/strong> \u2013 de car\u00e1ter classificat\u00f3rio, avalia a forma\u00e7\u00e3o acad\u00eamica, experi\u00eancia profissional e produ\u00e7\u00e3o cient\u00edfica do candidato, com \u00eanfase em t\u00edtulos e certificados relacionados \u00e0 \u00e1rea de atua\u00e7\u00e3o.<\/li>\n<li><strong>Prova Did\u00e1tica<\/strong> \u2013 de car\u00e1ter eliminat\u00f3rio e classificat\u00f3rio, consiste em uma aula expositiva com dura\u00e7\u00e3o m\u00ednima de 50 e m\u00e1xima de 60 minutos. O tema ser\u00e1 sorteado com pelo menos 24 horas de anteced\u00eancia, e a presen\u00e7a do candidato \u00e9 obrigat\u00f3ria.<\/li>\n<li><strong>Entrevista ou Prova Pr\u00e1tica<\/strong> \u2013 quando prevista, tem car\u00e1ter classificat\u00f3rio e visa avaliar a capacidade de comunica\u00e7\u00e3o, dom\u00ednio t\u00e9cnico e adequa\u00e7\u00e3o ao perfil da vaga.<\/li>\n<\/ul>\n<p>Cada etapa ser\u00e1 pontuada de zero a dez, sendo considerado aprovado o candidato que obtiver m\u00e9dia igual ou superior a sete. N\u00e3o haver\u00e1 segunda chamada, e as provas dever\u00e3o ser realizadas exclusivamente nos locais e hor\u00e1rios designados. Recomenda-se a leitura atenta do edital para conhecer o conte\u00fado program\u00e1tico, crit\u00e9rios de pontua\u00e7\u00e3o e cronograma detalhado.<\/p>\n<h2>Resultados e Gabarito<\/h2>\n<p>Os resultados do processo seletivo ser\u00e3o divulgados conforme cronograma estabelecido pela UFVJM, ap\u00f3s a realiza\u00e7\u00e3o das provas e an\u00e1lise de t\u00edtulos. Em caso de empate, a classifica\u00e7\u00e3o seguir\u00e1 a seguinte ordem de crit\u00e9rios: <strong>maior nota na prova did\u00e1tica<\/strong>, <strong>maior nota na an\u00e1lise do curr\u00edculo Lattes<\/strong> e, persistindo o empate, <strong>maior idade do candidato<\/strong>.<\/p>\n<p>Ap\u00f3s a homologa\u00e7\u00e3o do resultado final no Di\u00e1rio Oficial da Uni\u00e3o, o processo seletivo ter\u00e1 validade de um ano. Os candidatos ter\u00e3o at\u00e9 30 dias corridos, contados da publica\u00e7\u00e3o da homologa\u00e7\u00e3o, para solicitar a devolu\u00e7\u00e3o dos documentos apresentados para a prova de t\u00edtulos. Findo esse prazo, os materiais ser\u00e3o descartados pela Pr\u00f3-Reitoria de Gest\u00e3o de Pessoas.<\/p>\n<p>As convoca\u00e7\u00f5es e demais comunicados oficiais ser\u00e3o publicados no <strong>site da UFVJM<\/strong>, na se\u00e7\u00e3o de concursos e sele\u00e7\u00f5es. \u00c9 de responsabilidade exclusiva do candidato acompanhar todas as atualiza\u00e7\u00f5es e publica\u00e7\u00f5es oficiais, tanto no portal da universidade quanto no Di\u00e1rio Oficial da Uni\u00e3o.<\/p>\n","protected":false},"excerpt":{"rendered":"<p>Sel. Simplificada UFVJM (MG) p\/ Prof. Substituto em Agr\u00e1rias, Sa\u00fade e Economia (Superior). Inscri\u00e7\u00f5es a partir de 14\/11. Sal\u00e1rios at\u00e9 R$ 8.0k. Confira detalhes!<\/p>\n","protected":false},"author":7,"featured_media":273946,"comment_status":"open","ping_status":"open","sticky":false,"template":"","format":"standard","meta":{"_acf_changed":false,"_breakdance_hide_in_design_set":false,"_breakdance_tags":"","footnotes":""},"categories":[4,6433,97,117,6434,95,13,15,104,6436,116,21,22,6435,101,118,28],"tags":[50],"_amplo":[],"destaque":[],"instituicoes":[],"class_list":["post-273947","post","type-post","status-publish","format-standard","has-post-thumbnail","hentry","category-agronomia","category-biologia-licenciatura","category-ecologia","category-economia","category-educacao-fisica-licenciatura","category-engenharia-agricola","category-engenharia-ambiental","category-engenharia-florestal","category-engenharia-mecanica","category-fisica-licenciatura","category-matematica","category-medicina","category-veterinaria","category-quimica-licenciatura","category-servico-social","category-sociologia","category-zootecnia","tag-minas-gerais"],"acf":{"_tipo_vagas":"vagas","_numero_vagas":"","_quadro_vagas":"","_cargos":"diversos","_cargos_especificos":"","_salario_max":"R$ 8058.29","_abertura":"20251114","_encerramento":"20251124","_inscricoes":"https:\/\/pagtesouro.tesouro.gov.br\/portal-gru\/#\/emissao-gru","_executora_concurso":"","_instituicao_concurso":[],"_link_adicional":null,"_anexos":null,"_produtos":null,"_vagas":"11 vagas","_salario_min":"R$ 3090.43","_instituicao":"UFVJM","_edital":"https:\/\/www.agrobase.com.br\/concursos\/wp-content\/uploads\/sites\/4\/2025\/11\/edital-93-2025-ufvjm-mg.pdf","_anexos_edital":"https:\/\/www.agrobase.com.br\/concursos\/wp-content\/uploads\/sites\/4\/2025\/11\/anexos-edital-93-2025-ufvjm-mg.pdf","_fund_incompleto":"","_fund_completo":"","_medio":"","_superior":"<div>\r\n<table class=\"quadro\">\r\n<thead>\r\n<tr>\r\n<th class=\"hcargo\">Cargo<\/th>\r\n<th class=\"hvagas\">Vagas<\/th>\r\n<th class=\"hremuneracao\">Remunera\u00e7\u00e3o<\/th>\r\n<\/tr>\r\n<\/thead>\r\n    <tbody>\r\n      <tr>\r\n<td class=\"ccargos\">\r\n<span data-balloon-length=\"medium\" aria-label=\"Gradua\u00e7\u00e3o em cursos de Ci\u00eancias Agr\u00e1rias e Doutorado em Agronomia OU Produ\u00e7\u00e3o Vegetal OU Engenharia Florestal OU Ci\u00eancias Florestais OU Engenharia Agr\u00edcola.\" data-balloon-pos=\"up\">Professor Substituto - Ci\u00eancias Agr\u00e1rias- Agronomia\/Agricultura Digital\/Uso, manejo e conserva\u00e7\u00e3o do solo<\/span><\/td>\r\n<td class=\"cvagas\">01<\/td>\r\n<td class=\"cremuneracao\">R$ 8.058,29 \/40h<\/td>\r\n<\/tr><tr>\r\n<td class=\"ccargos\">\r\n<span data-balloon-length=\"medium\" aria-label=\"Gradua\u00e7\u00e3o em cursos de Ci\u00eancias Agr\u00e1rias e Doutorado em Engenharia Agr\u00edcola OU Agronomia OU Produ\u00e7\u00e3o Vegetal OU Ci\u00eancias Agr\u00e1rias.\" data-balloon-pos=\"up\">Professor Substituto - Ci\u00eancias Agr\u00e1rias- Engenharia Agr\u00edcola\/ Agronomia\/ Engenharia de \u00c1gua e Solo<\/span><\/td>\r\n<td class=\"cvagas\">01<\/td>\r\n<td class=\"cremuneracao\">R$ 8.058,29 \/40h<\/td>\r\n<\/tr><tr>\r\n<td class=\"ccargos\">\r\n<span data-balloon-length=\"medium\" aria-label=\"Gradua\u00e7\u00e3o em Biologia OU Agronomia OU Engenharia Agr\u00edcola e Ambiental OU Zootecnia OU Engenharia Florestal e Mestrado em Agronomia OU Produ\u00e7\u00e3o Vegetal OU Ci\u00eancias do Solo OU Fitotecnia OU Ecologia de Ecossistemas OU Estudos Rurais OU Engenharia Agr\u00edcola e Ambiental OU Ci\u00eancias.\" data-balloon-pos=\"up\">Professor Substituto - Ci\u00eancias Agr\u00e1rias- Biologia dos Solos\/ Ecologia e Gest\u00e3o Ambiental\/ Gest\u00e3o e Tratamento de Res\u00edduos<\/span><\/td>\r\n<td class=\"cvagas\">01<\/td>\r\n<td class=\"cremuneracao\">R$  8.058,29 \/40h<\/td>\r\n<\/tr><tr>\r\n<td class=\"ccargos\">\r\n<span data-balloon-length=\"medium\" aria-label=\"Gradua\u00e7\u00e3o em Agronomia OU Ci\u00eancias Biol\u00f3gicas OU Engenharia Agr\u00edcola e Ambiental Ou Zootecnia OU Medicina Veterin\u00e1ria OU Sociologia OU Ci\u00eancias Agr\u00e1rias OU Engenharia Florestal e Mestrado em qualquer \u00e1rea do conhecimento.\" data-balloon-pos=\"up\">Professor Substituto - Ci\u00eancias Agr\u00e1rias - Extens\u00e3o Rural\/ Agroecologia\/ Metodologia Cient\u00edfica<\/span><\/td>\r\n<td class=\"cvagas\">01<\/td>\r\n<td class=\"cremuneracao\">R$  8.058,29 \/40h<\/td>\r\n<\/tr><tr>\r\n<td class=\"ccargos\">\r\n<span data-balloon-length=\"medium\" aria-label=\"Gradua\u00e7\u00e3o em Engenharia Agr\u00edcola e Ambiental OU Engenharia Agr\u00edcola OU Engenharia Mec\u00e2nica OU Agronomia OU Engenharia Florestal OU Zootecnia OU Bacharelado em Ci\u00eancias Agr\u00e1rias e Mestrado em qualquer \u00e1rea do conhecimento.\" data-balloon-pos=\"up\">Professor Substituto - Ci\u00eancias Agr\u00e1rias - M\u00e1quinas e Mecaniza\u00e7\u00e3o Agr\u00edcola; M\u00e1quinas e Implementos Agr\u00edcolas; Mecaniza\u00e7\u00e3o Agr\u00edcola<\/span><\/td>\r\n<td class=\"cvagas\">01<\/td>\r\n<td class=\"cremuneracao\">R$  8.058,29 \/40h<\/td>\r\n<\/tr><tr>\r\n<td class=\"ccargos\">\r\n<span data-balloon-length=\"medium\" aria-label=\"Gradua\u00e7\u00e3o em Medicina\" data-balloon-pos=\"up\">Professor Substituto - Ci\u00eancias da Sa\u00fade - Medicina - Cl\u00ednica M\u00e9dica<\/span><\/td>\r\n<td class=\"cvagas\">01<\/td>\r\n<td class=\"cremuneracao\">R$  8.058,29 \/40h<\/td>\r\n<\/tr><tr>\r\n<td class=\"ccargos\">\r\n<span data-balloon-length=\"medium\" aria-label=\"Gradua\u00e7\u00e3o em Medicina\" data-balloon-pos=\"up\">Professor Substituto - Ci\u00eancias da Sa\u00fade- Medicina - Psiquiatria<\/span><\/td>\r\n<td class=\"cvagas\">01<\/td>\r\n<td class=\"cremuneracao\">R$  8.058,29 \/20h<\/td>\r\n<\/tr><tr>\r\n<td class=\"ccargos\">\r\n<span data-balloon-length=\"medium\" aria-label=\"Gradua\u00e7\u00e3o em Educa\u00e7\u00e3o F\u00edsica (Licenciatura ou Bacharelado) e Mestrado em qualquer \u00e1rea do conhecimento.\" data-balloon-pos=\"up\">Professor Substituto - Dan\u00e7a e Did\u00e1tica da Educa\u00e7\u00e3o F\u00edsica<\/span><\/td>\r\n<td class=\"cvagas\">01<\/td>\r\n<td class=\"cremuneracao\">R$  8.058,29 \/40h<\/td>\r\n<\/tr><tr>\r\n<td class=\"ccargos\">\r\n<span data-balloon-length=\"medium\" aria-label=\"Gradua\u00e7\u00e3o em Ci\u00eancias Econ\u00f4micas OU Economia e Mestrado em Ci\u00eancias Econ\u00f4micas OU Economia OU Hist\u00f3ria Econ\u00f4mica OU Economia Pol\u00edtica OU Economia Pol\u00edtica Internacional OU Teoria Econ\u00f4mica OU Desenvolvimento Econ\u00f4mico OU Economia Aplicada OU Sociologia OU Servi\u00e7o Social OU Pol\u00edtica Social OU Tecnologia, Ambiente e Sociedade.\" data-balloon-pos=\"up\">Professor Substituto - Economia - Teoria Econ\u00f4mica<\/span><\/td>\r\n<td class=\"cvagas\">02<\/td>\r\n<td class=\"cremuneracao\">R$  8.058,29 \/40h<\/td>\r\n<\/tr><tr>\r\n<td class=\"ccargos\">\r\n<span data-balloon-length=\"medium\" aria-label=\"Gradua\u00e7\u00e3o Licenciatura em Educa\u00e7\u00e3o do Campo com Habilita\u00e7\u00e3o em Ci\u00eancias da Natureza OU Matem\u00e1tica E Mestrado em Ensino de Ci\u00eancias e Matem\u00e1tica OU Ensino de Ci\u00eancias OU Educa\u00e7\u00e3o OU Estudos Rurais.\" data-balloon-pos=\"up\">Professor Substituto - Educa\u00e7\u00e3o do Campo, Ensino de Ci\u00eancias da Natureza e Matem\u00e1tica. Disciplinas: Estat\u00edstica aplicada ao campo; Ensino de Astronomia no contexto da Educa\u00e7\u00e3o do Campo; Ensino de F\u00edsica no contexto do Campo; Tecnologias Digitais da Informa\u00e7\u00e3o e Comunica\u00e7\u00e3o aplicadas ao Ensino de Ci\u00eancias da Natureza no contexto do campo; Perspectiva freireana no Ensino de Ci\u00eancias da natureza e Est\u00e1gio Supervisionado<\/span><\/td>\r\n<td class=\"cvagas\">01<\/td>\r\n<td class=\"cremuneracao\">R$  8.058,29 \/40h<\/td>\r\n<\/tr>\r\n    <\/tbody>\r\n  <\/table>\r\n<\/div>"},"_links":{"self":[{"href":"https:\/\/www.agrobase.com.br\/concursos\/wp-json\/wp\/v2\/posts\/273947","targetHints":{"allow":["GET"]}}],"collection":[{"href":"https:\/\/www.agrobase.com.br\/concursos\/wp-json\/wp\/v2\/posts"}],"about":[{"href":"https:\/\/www.agrobase.com.br\/concursos\/wp-json\/wp\/v2\/types\/post"}],"author":[{"embeddable":true,"href":"https:\/\/www.agrobase.com.br\/concursos\/wp-json\/wp\/v2\/users\/7"}],"replies":[{"embeddable":true,"href":"https:\/\/www.agrobase.com.br\/concursos\/wp-json\/wp\/v2\/comments?post=273947"}],"version-history":[{"count":3,"href":"https:\/\/www.agrobase.com.br\/concursos\/wp-json\/wp\/v2\/posts\/273947\/revisions"}],"predecessor-version":[{"id":273952,"href":"https:\/\/www.agrobase.com.br\/concursos\/wp-json\/wp\/v2\/posts\/273947\/revisions\/273952"}],"wp:featuredmedia":[{"embeddable":true,"href":"https:\/\/www.agrobase.com.br\/concursos\/wp-json\/wp\/v2\/media\/273946"}],"wp:attachment":[{"href":"https:\/\/www.agrobase.com.br\/concursos\/wp-json\/wp\/v2\/media?parent=273947"}],"wp:term":[{"taxonomy":"category","embeddable":true,"href":"https:\/\/www.agrobase.com.br\/concursos\/wp-json\/wp\/v2\/categories?post=273947"},{"taxonomy":"post_tag","embeddable":true,"href":"https:\/\/www.agrobase.com.br\/concursos\/wp-json\/wp\/v2\/tags?post=273947"},{"taxonomy":"_amplo","embeddable":true,"href":"https:\/\/www.agrobase.com.br\/concursos\/wp-json\/wp\/v2\/_amplo?post=273947"},{"taxonomy":"destaque","embeddable":true,"href":"https:\/\/www.agrobase.com.br\/concursos\/wp-json\/wp\/v2\/destaque?post=273947"},{"taxonomy":"instituicoes","embeddable":true,"href":"https:\/\/www.agrobase.com.br\/concursos\/wp-json\/wp\/v2\/instituicoes?post=273947"}],"curies":[{"name":"wp","href":"https:\/\/api.w.org\/{rel}","templated":true}]}}