{"id":273937,"date":"2025-11-18T07:50:32","date_gmt":"2025-11-18T10:50:32","guid":{"rendered":"https:\/\/www.agrobase.com.br\/concursos\/?p=273937"},"modified":"2025-11-18T12:52:02","modified_gmt":"2025-11-18T15:52:02","slug":"prefeitura-colina-sp-selecao-publica-01-2025","status":"publish","type":"post","link":"https:\/\/www.agrobase.com.br\/concursos\/2025\/prefeitura-colina-sp-selecao-publica-01-2025\/","title":{"rendered":"Prefeitura Colina (SP) &#8211; Sele\u00e7\u00e3o P\u00fablica 01\/2025"},"content":{"rendered":"<h2>Informa\u00e7\u00f5es Gerais<\/h2>\n<p>O <strong>Processo Seletivo n\u00ba 001\/2025<\/strong> da <strong>Prefeitura Municipal de Colina\/SP<\/strong> est\u00e1 com edital publicado, sob execu\u00e7\u00e3o da GL Consultoria. O certame visa \u00e0 forma\u00e7\u00e3o de cadastro reserva para fun\u00e7\u00f5es p\u00fablicas tempor\u00e1rias, conforme a Lei Complementar Municipal n\u00ba 120\/2009, com validade de um ano, prorrog\u00e1vel por igual per\u00edodo.<\/p>\n<p>As oportunidades destinam-se a profissionais de n\u00edvel superior para diversas \u00e1reas da educa\u00e7\u00e3o municipal, abrangendo disciplinas do ensino fundamental e m\u00e9dio, como L\u00edngua Portuguesa, Matem\u00e1tica, Ci\u00eancias, Hist\u00f3ria, Geografia, Artes, Educa\u00e7\u00e3o F\u00edsica e outras. H\u00e1 destaque para vagas nas \u00e1reas de <strong>Agronomia<\/strong>, <strong>Medicina Veterin\u00e1ria<\/strong>, <strong>Zootecnia<\/strong> e <strong>Engenharia de Alimentos<\/strong>, que exigem forma\u00e7\u00e3o espec\u00edfica e complementa\u00e7\u00e3o pedag\u00f3gica.<\/p>\n<p>Os contratados atuar\u00e3o em regime tempor\u00e1rio, com jornadas entre 25h e 40h semanais e remunera\u00e7\u00f5es que variam de R$ 616,50 a R$ 986,40, conforme a fun\u00e7\u00e3o. O processo seletivo busca atender necessidades emergenciais da rede municipal de ensino, garantindo a continuidade dos servi\u00e7os educacionais. Continue a leitura para saber como participar e acompanhar todas as etapas do certame.<\/p>\n<h2>Inscri\u00e7\u00f5es<\/h2>\n<p>As inscri\u00e7\u00f5es para o Processo Seletivo n\u00ba 001\/2025 da Prefeitura de Colina\/SP estar\u00e3o abertas exclusivamente pela internet, no per\u00edodo das <strong>13h de 14 de novembro de 2025<\/strong> at\u00e9 as <strong>13h de 24 de novembro de 2025<\/strong>, por meio do site <a href=\"https:\/\/www.glconsultoria.com.br\" target=\"_blank\" rel=\"noopener\">www.glconsultoria.com.br<\/a>. N\u00e3o ser\u00e3o aceitas inscri\u00e7\u00f5es presenciais ou via postal.<\/p>\n<p>O candidato dever\u00e1 preencher o formul\u00e1rio eletr\u00f4nico, gerar o boleto banc\u00e1rio e efetuar o pagamento dentro do prazo de vencimento. O deferimento da inscri\u00e7\u00e3o depender\u00e1 do correto preenchimento dos dados e da compensa\u00e7\u00e3o do pagamento. N\u00e3o haver\u00e1 devolu\u00e7\u00e3o de valores pagos, salvo em caso de cancelamento do certame.<\/p>\n<p>Durante o cadastro, \u00e9 necess\u00e1rio confirmar a leitura do edital e concordar com os termos de uso do sistema. Ap\u00f3s a inscri\u00e7\u00e3o, o candidato poder\u00e1 acompanhar o status e imprimir o comprovante na \u00e1rea restrita do site. \u00c9 importante verificar o edital de homologa\u00e7\u00e3o das inscri\u00e7\u00f5es e, se necess\u00e1rio, interpor recurso dentro do prazo previsto.<\/p>\n<p>Recomenda-se a leitura atenta do edital completo antes de efetuar o pagamento da taxa e o acompanhamento das atualiza\u00e7\u00f5es no site da banca organizadora.<\/p>\n<h2>Etapas e Provas<\/h2>\n<p>O processo seletivo ser\u00e1 composto por duas etapas principais, conforme a fun\u00e7\u00e3o p\u00fablica pretendida:<\/p>\n<ul>\n<li><strong>Prova Objetiva de M\u00faltipla Escolha (PVO)<\/strong> \u2013 de car\u00e1ter <em>eliminat\u00f3rio e classificat\u00f3rio<\/em>, aplicada a todos os inscritos. A avalia\u00e7\u00e3o ter\u00e1 dura\u00e7\u00e3o de 2 horas e ser\u00e1 composta por 30 quest\u00f5es, distribu\u00eddas entre L\u00edngua Portuguesa, Legisla\u00e7\u00e3o Educacional e Conhecimentos Pedag\u00f3gicos, totalizando 100 pontos. Ser\u00e1 considerado habilitado o candidato que obtiver aproveitamento m\u00ednimo de 20%.<\/li>\n<li><strong>Avalia\u00e7\u00e3o de T\u00edtulos (AVT)<\/strong> \u2013 de car\u00e1ter <em>classificat\u00f3rio<\/em>, destinada aos candidatos habilitados na prova objetiva. Ser\u00e3o pontuados diplomas e certificados de p\u00f3s-gradua\u00e7\u00e3o (especializa\u00e7\u00e3o, mestrado e doutorado), conforme crit\u00e9rios definidos no edital, at\u00e9 o limite de 6 pontos.<\/li>\n<\/ul>\n<p>As provas objetivas est\u00e3o previstas para o dia <strong>14 de dezembro de 2025<\/strong>, com confirma\u00e7\u00e3o de data, hor\u00e1rio e local at\u00e9 4 de dezembro de 2025, no site da GL Consultoria. A avalia\u00e7\u00e3o de t\u00edtulos ser\u00e1 realizada de forma digital, mediante envio dos documentos durante o per\u00edodo de inscri\u00e7\u00e3o.<\/p>\n<p>Os candidatos devem comparecer ao local de prova com anteced\u00eancia m\u00ednima de 30 minutos, portando documento oficial com foto. Recomenda-se a leitura detalhada do edital para conhecer o conte\u00fado program\u00e1tico, regras de aplica\u00e7\u00e3o e crit\u00e9rios de pontua\u00e7\u00e3o.<\/p>\n<h2>Resultados e Gabarito<\/h2>\n<p>O gabarito preliminar da Prova Objetiva ser\u00e1 divulgado em <strong>14 de dezembro de 2025<\/strong>, at\u00e9 as 23h59, com prazo para interposi\u00e7\u00e3o de recursos nos dias 15 e 16 de dezembro. As respostas aos recursos e o resultado classificat\u00f3rio das etapas PVO e AVT est\u00e3o previstos para <strong>23 de dezembro de 2025<\/strong>. O resultado final e a homologa\u00e7\u00e3o dever\u00e3o ser publicados em <strong>janeiro de 2026<\/strong>.<\/p>\n<p>A classifica\u00e7\u00e3o final considerar\u00e1 a soma das notas da prova objetiva e da avalia\u00e7\u00e3o de t\u00edtulos. Em caso de empate, ser\u00e3o aplicados os seguintes crit\u00e9rios, nesta ordem: idade igual ou superior a 60 anos, maior pontua\u00e7\u00e3o em Conhecimentos Espec\u00edficos, comprova\u00e7\u00e3o de exerc\u00edcio de fun\u00e7\u00e3o de jurado e, por fim, menor n\u00famero de inscri\u00e7\u00e3o.<\/p>\n<p>Os candidatos aprovados ser\u00e3o convocados conforme a necessidade da administra\u00e7\u00e3o municipal, respeitando a ordem de classifica\u00e7\u00e3o e o prazo de validade do processo seletivo, de um ano, prorrog\u00e1vel por igual per\u00edodo. A convoca\u00e7\u00e3o e demais comunicados oficiais ser\u00e3o publicados no <a href=\"https:\/\/imprensaoficialmunicipal.com.br\/colina\" target=\"_blank\" rel=\"noopener\">Di\u00e1rio Oficial Eletr\u00f4nico do Munic\u00edpio de Colina\/SP<\/a> e nos sites da Prefeitura e da GL Consultoria.<\/p>\n<p>\u00c9 responsabilidade exclusiva do candidato acompanhar todas as publica\u00e7\u00f5es oficiais e eventuais altera\u00e7\u00f5es de cronograma nos canais indicados no edital.<\/p>\n","protected":false},"excerpt":{"rendered":"<p>Processo Seletivo Pref. Colina (SP) com edital publicado! Vagas p\/ Professores (Superior). Inscri\u00e7\u00f5es a partir de 14\/11. Sal\u00e1rios at\u00e9 R$986. Confira detalhes!<\/p>\n","protected":false},"author":7,"featured_media":273936,"comment_status":"open","ping_status":"open","sticky":false,"template":"","format":"standard","meta":{"_acf_changed":false,"_breakdance_hide_in_design_set":false,"_breakdance_tags":"","footnotes":""},"categories":[3,4,6433,126,9,141,6434,95,14,151,79,112,6436,111,100,20,6871,116,22,25,6435,118,28],"tags":[62],"_amplo":[],"destaque":[],"instituicoes":[],"class_list":["post-273937","post","type-post","status-publish","format-standard","has-post-thumbnail","hentry","category-administracao","category-agronomia","category-biologia-licenciatura","category-ciencia-computacao","category-ciencias-contabeis","category-educacao-artistica","category-educacao-fisica-licenciatura","category-engenharia-agricola","category-engenharia","category-engenharia-computacao","category-engenharia-alimentos","category-filosofia","category-fisica-licenciatura","category-geografia","category-historia","category-letras","category-letras-ingles","category-matematica","category-veterinaria","category-pedagogia","category-quimica-licenciatura","category-sociologia","category-zootecnia","tag-sao-paulo"],"acf":{"_tipo_vagas":"vagas","_numero_vagas":"","_quadro_vagas":"","_cargos":"diversos","_cargos_especificos":"","_salario_max":"R$ 986.4","_abertura":"20251114","_encerramento":"20251124","_inscricoes":"https:\/\/www.glconsultoria.com.br","_executora_concurso":"","_instituicao_concurso":[],"_link_adicional":null,"_anexos":null,"_produtos":null,"_vagas":"CR","_salario_min":"R$ 616.5","_instituicao":"Prefeitura de Colina","_edital":"https:\/\/www.agrobase.com.br\/concursos\/wp-content\/uploads\/sites\/4\/2025\/11\/edital-01-2025-prefeitura-de-colina-sp.pdf","_anexos_edital":"https:\/\/www.agrobase.com.br\/concursos\/wp-content\/uploads\/sites\/4\/2025\/11\/anexos-edital-01-2025-prefeitura-de-colina-sp.pdf","_fund_incompleto":"","_fund_completo":"","_medio":"","_superior":"<div>\r\n<table class=\"quadro\">\r\n<thead>\r\n<tr>\r\n<th class=\"hcargo\">Cargo<\/th>\r\n<th class=\"hvagas\">Vagas<\/th>\r\n<th class=\"hremuneracao\">Remunera\u00e7\u00e3o<\/th>\r\n<\/tr>\r\n<\/thead>\r\n    <tbody>\r\n      <tr>\r\n<td class=\"ccargos\">\r\n<span data-balloon-length=\"medium\" aria-label=\"Curso Superior -Gradua\u00e7\u00e3o em Agronomia ou em Engenharia Agr\u00edcola ou em Engenharia Agron\u00f4mica ou em Ci\u00eancias Agr\u00edcolas e com curso de complementa\u00e7\u00e3o pedag\u00f3gica para graduados ou especializa\u00e7\u00e3o latu sensu com no m\u00ednimo 120h de conte\u00fados program\u00e1ticos dedicados \u00e0 forma\u00e7\u00e3o pedag\u00f3gica.\" data-balloon-pos=\"up\">PEB II (Professor de Educa\u00e7\u00e3o B\u00e1sica II) - AGRONOMIA<\/span><\/td>\r\n<td class=\"cvagas\">CR<\/td>\r\n<td class=\"cremuneracao\">R$ 616,50 \/25h<\/td>\r\n<\/tr><tr>\r\n<td class=\"ccargos\">\r\n<span data-balloon-length=\"medium\" aria-label=\"Curso Superior - Licenciatura em Educa\u00e7\u00e3o Art\u00edstica ou em Arte.\" data-balloon-pos=\"up\">PEB II (Professor de Educa\u00e7\u00e3o B\u00e1sica II) - ARTE<\/span><\/td>\r\n<td class=\"cvagas\">CR<\/td>\r\n<td class=\"cremuneracao\">R$ 616,50 \/25h<\/td>\r\n<\/tr><tr>\r\n<td class=\"ccargos\">\r\n<span data-balloon-length=\"medium\" aria-label=\"Curso Superior - Licenciatura em Ci\u00eancias Biol\u00f3gicas ou em Ci\u00eancias da Natureza ou em Biologia.\" data-balloon-pos=\"up\">PEB II (Professor de Educa\u00e7\u00e3o B\u00e1sica II) CI\u00caNCIAS<\/span><\/td>\r\n<td class=\"cvagas\">CR<\/td>\r\n<td class=\"cremuneracao\">R$ 616,50 \/25h<\/td>\r\n<\/tr><tr>\r\n<td class=\"ccargos\">\r\n<span data-balloon-length=\"medium\" aria-label=\"Curso Superior Licenciatura em Educa\u00e7\u00e3o F\u00edsica com credenciamento no Conselho Regional de Educa\u00e7\u00e3o F\u00edsica - CREF (Resolu\u00e7\u00e3o CNE\/CP 01\/02 e\/ou Resolu\u00e7\u00e3o CFE 03\/87).\" data-balloon-pos=\"up\">PEB II (Professor de Educa\u00e7\u00e3o B\u00e1sica II) EDUCA\u00c7\u00c3O F\u00cdSICA<\/span><\/td>\r\n<td class=\"cvagas\">CR<\/td>\r\n<td class=\"cremuneracao\">R$ 616,50 \/25h<\/td>\r\n<\/tr><tr>\r\n<td class=\"ccargos\">\r\n<span data-balloon-length=\"medium\" aria-label=\"Curso Superior -Gradua\u00e7\u00e3o em Engenharia Civil e com curso de complementa\u00e7\u00e3o pedag\u00f3gica para graduados ou especializa\u00e7\u00e3o latu sensu com no m\u00ednimo 120h de conte\u00fados program\u00e1ticos dedicados \u00e0 forma\u00e7\u00e3o pedag\u00f3gica\" data-balloon-pos=\"up\">PEB II (Professor de Educa\u00e7\u00e3o B\u00e1sica II) - ENGENHARIA CIVIL<\/span><\/td>\r\n<td class=\"cvagas\">CR<\/td>\r\n<td class=\"cremuneracao\">R$ 616,50 \/25h<\/td>\r\n<\/tr><tr>\r\n<td class=\"ccargos\">\r\n<span data-balloon-length=\"medium\" aria-label=\"Curso Superior -Licenciatura em Filosofia ou em Sociologia, ou em Filosofia com habilita\u00e7\u00e3o em Sociologia.\" data-balloon-pos=\"up\">PEB II (Professor de Educa\u00e7\u00e3o B\u00e1sica II) - FILOSOFIA\/SOCIOLOGIA<\/span><\/td>\r\n<td class=\"cvagas\">CR<\/td>\r\n<td class=\"cremuneracao\">R$ 616,50 \/25h<\/td>\r\n<\/tr><tr>\r\n<td class=\"ccargos\">\r\n<span data-balloon-length=\"medium\" aria-label=\"Curso Superior -Licenciatura em F\u00edsica ou em Ci\u00eancias ou em Ci\u00eancias Exatas com habilita\u00e7\u00e3o em F\u00edsica.\" data-balloon-pos=\"up\">PEB II (Professor de Educa\u00e7\u00e3o B\u00e1sica II) - F\u00cdSICA<\/span><\/td>\r\n<td class=\"cvagas\">CR<\/td>\r\n<td class=\"cremuneracao\">R$ 616,50 \/25h<\/td>\r\n<\/tr><tr>\r\n<td class=\"ccargos\">\r\n<span data-balloon-length=\"medium\" aria-label=\"Curso Superior - Licenciatura em Geografia ou em Estudos Sociais com habilita\u00e7\u00e3o em Geografia ou em Ci\u00eancias Sociais com habilita\u00e7\u00e3o em Geografia.\" data-balloon-pos=\"up\">PEB II (Professor de Educa\u00e7\u00e3o B\u00e1sica II) \u2013 GEOGRAFIA<\/span><\/td>\r\n<td class=\"cvagas\">CR<\/td>\r\n<td class=\"cremuneracao\">R$ 616,50 \/25h<\/td>\r\n<\/tr><tr>\r\n<td class=\"ccargos\">\r\n<span data-balloon-length=\"medium\" aria-label=\"Curso Superior Licenciatura em Hist\u00f3ria ou em Estudos Sociais com habilita\u00e7\u00e3o em Hist\u00f3ria ou em Ci\u00eancias Sociais com habilita\u00e7\u00e3o em Hist\u00f3ria.\" data-balloon-pos=\"up\">PEB II (Professor de Educa\u00e7\u00e3o B\u00e1sica II) HIST\u00d3RIA<\/span><\/td>\r\n<td class=\"cvagas\">CR<\/td>\r\n<td class=\"cremuneracao\">R$ 616,50 \/25h<\/td>\r\n<\/tr><tr>\r\n<td class=\"ccargos\">\r\n<span data-balloon-length=\"medium\" aria-label=\"Curso Superior - Licenciatura em Letras com habilita\u00e7\u00e3o em Ingl\u00eas.\" data-balloon-pos=\"up\">PEB II (Professor de Educa\u00e7\u00e3o B\u00e1sica II) \u2013 L\u00cdNGUA INGLESA<\/span><\/td>\r\n<td class=\"cvagas\">CR<\/td>\r\n<td class=\"cremuneracao\">R$ 616,50 \/25h<\/td>\r\n<\/tr><tr>\r\n<td class=\"ccargos\">\r\n<span data-balloon-length=\"medium\" aria-label=\"Curso Superior - Licenciatura em Letras com habilita\u00e7\u00e3o em L\u00edngua Portuguesa ou em Letras L\u00edngua e Literatura Portuguesa.\" data-balloon-pos=\"up\">PEB II (Professor de Educa\u00e7\u00e3o B\u00e1sica II) L\u00cdNGUA PORTUGUESA<\/span><\/td>\r\n<td class=\"cvagas\">CR<\/td>\r\n<td class=\"cremuneracao\">R$ 616,50 \/25h<\/td>\r\n<\/tr><tr>\r\n<td class=\"ccargos\">\r\n<span data-balloon-length=\"medium\" aria-label=\"Curso Superior Licenciatura em Matem\u00e1tica ou em Ci\u00eancias Exatas com habilita\u00e7\u00e3o em Matem\u00e1tica.\" data-balloon-pos=\"up\">PEB II (Professor de Educa\u00e7\u00e3o B\u00e1sica II) MATEM\u00c1TICA<\/span><\/td>\r\n<td class=\"cvagas\">CR<\/td>\r\n<td class=\"cremuneracao\">R$ 616,50 \/25h<\/td>\r\n<\/tr><tr>\r\n<td class=\"ccargos\">\r\n<span data-balloon-length=\"medium\" aria-label=\"Curso Superior Gradua\u00e7\u00e3o em Administra\u00e7\u00e3o ou em Ci\u00eancias Cont\u00e1beis ou em Engenharia de Alimentos e com curso de complementa\u00e7\u00e3o pedag\u00f3gica para graduados ou especializa\u00e7\u00e3o latu sensu com no m\u00ednimo 120h de conte\u00fados program\u00e1ticos dedicados \u00e0 forma\u00e7\u00e3o pedag\u00f3gica\" data-balloon-pos=\"up\">PEB II (Professor de Educa\u00e7\u00e3o B\u00e1sica II) PR\u00c1TICAS COMERCIAIS\/INDUSTRIAIS<\/span><\/td>\r\n<td class=\"cvagas\">CR<\/td>\r\n<td class=\"cremuneracao\">R$ 616,50 \/25h<\/td>\r\n<\/tr><tr>\r\n<td class=\"ccargos\">\r\n<span data-balloon-length=\"medium\" aria-label=\"Curso Superior-Licenciatura em Qu\u00edmica ou em Ci\u00eancias ou em Ci\u00eancias Exatas com habilita\u00e7\u00e3o em Qu\u00edmica.\" data-balloon-pos=\"up\">PEB II (Professor de Educa\u00e7\u00e3o B\u00e1sica II) QU\u00cdMICA<\/span><\/td>\r\n<td class=\"cvagas\">CR<\/td>\r\n<td class=\"cremuneracao\">R$ 616,50 \/25h<\/td>\r\n<\/tr><tr>\r\n<td class=\"ccargos\">\r\n<span data-balloon-length=\"medium\" aria-label=\"Curso Superior - Gradua\u00e7\u00e3o em Medicina Veterin\u00e1ria ou em Zootecnia e com curso de complementa\u00e7\u00e3o pedag\u00f3gica para graduados ou especializa\u00e7\u00e3o latu sensu com no m\u00ednimo 120h de conte\u00fados program\u00e1ticos dedicados \u00e0 forma\u00e7\u00e3o pedag\u00f3gica.\" data-balloon-pos=\"up\">PEB II (Professor de Educa\u00e7\u00e3o B\u00e1sica II) VETERIN\u00c1RIA\/ZOOTECNIA<\/span><\/td>\r\n<td class=\"cvagas\">CR<\/td>\r\n<td class=\"cremuneracao\">R$ 616,50 \/25h<\/td>\r\n<\/tr><tr>\r\n<td class=\"ccargos\">\r\n<span data-balloon-length=\"medium\" aria-label=\"Curso Superior -Gradua\u00e7\u00e3o em Inform\u00e1tica ou em Ci\u00eancia da Computa\u00e7\u00e3o ou em Sistemas de Informa\u00e7\u00e3o ou em Engenharia da Computa\u00e7\u00e3o ou em Processamento de Dados ou em An\u00e1lises de Sistemas ou outros cursos da \u00e1rea de inform\u00e1tica\/computa\u00e7\u00e3o e com curso de complementa\u00e7\u00e3o pedag\u00f3gica para graduados ou especializa\u00e7\u00e3o latu sensu com no m\u00ednimo 120h de conte\u00fados program\u00e1ticos dedicados \u00e0 forma\u00e7\u00e3o pedag\u00f3gica.\" data-balloon-pos=\"up\">PEB II (Professor de Educa\u00e7\u00e3o B\u00e1sica II) TECNOLOGIA E INOVA\u00c7\u00c3O<\/span><\/td>\r\n<td class=\"cvagas\">CR<\/td>\r\n<td class=\"cremuneracao\">R$ 616,50 \/25h<\/td>\r\n<\/tr><tr>\r\n<td class=\"ccargos\">\r\n<span data-balloon-length=\"medium\" aria-label=\"Curso Superior - Licenciatura em Pedagogia com habilita\u00e7\u00e3o \/ forma\u00e7\u00e3o inerente \u00e0 educa\u00e7\u00e3o especializada.\" data-balloon-pos=\"up\">PEB I (Professor de Educa\u00e7\u00e3o B\u00e1sica I) - ATENDIMENTO EDUCACINAL ESPECIALIZADO (AEE)<\/span><\/td>\r\n<td class=\"cvagas\">CR<\/td>\r\n<td class=\"cremuneracao\">R$ 739,80 \/30h<\/td>\r\n<\/tr><tr>\r\n<td class=\"ccargos\">\r\n<span data-balloon-length=\"medium\" aria-label=\"Curso Superior - Licenciatura em Pedagogia com habilita\u00e7\u00e3o para o magist\u00e9rio dos Anos Iniciais do Ensino Fundamental\" data-balloon-pos=\"up\">PEB I (Professor de Educa\u00e7\u00e3o B\u00e1sica Ensino Fundamental Anos Iniciais)<\/span><\/td>\r\n<td class=\"cvagas\">CR<\/td>\r\n<td class=\"cremuneracao\">R$ 739,80 \/30h<\/td>\r\n<\/tr><tr>\r\n<td class=\"ccargos\">\r\n<span data-balloon-length=\"medium\" aria-label=\"Curso Superior com Licenciatura em Pedagogia com habilita\u00e7\u00e3o para o magist\u00e9rio da Educa\u00e7\u00e3o Infantil.\" data-balloon-pos=\"up\">PEIPE (Professor de Educa\u00e7\u00e3o Infantil Pr\u00e9-Escolar)<\/span><\/td>\r\n<td class=\"cvagas\">CR<\/td>\r\n<td class=\"cremuneracao\">R$ 739,80 \/30h<\/td>\r\n<\/tr><tr>\r\n<td class=\"ccargos\">\r\n<span data-balloon-length=\"medium\" aria-label=\"Curso Superior - Licenciatura em Pedagogia com habilita\u00e7\u00e3o para o magist\u00e9rio da Educa\u00e7\u00e3o Infantil.\" data-balloon-pos=\"up\">PEIC (Professor de Educa\u00e7\u00e3o Infantil Creche)<\/span><\/td>\r\n<td class=\"cvagas\">CR<\/td>\r\n<td class=\"cremuneracao\">R$ 986,40 \/40h<\/td>\r\n<\/tr>\r\n    <\/tbody>\r\n  <\/table>\r\n<\/div>"},"_links":{"self":[{"href":"https:\/\/www.agrobase.com.br\/concursos\/wp-json\/wp\/v2\/posts\/273937","targetHints":{"allow":["GET"]}}],"collection":[{"href":"https:\/\/www.agrobase.com.br\/concursos\/wp-json\/wp\/v2\/posts"}],"about":[{"href":"https:\/\/www.agrobase.com.br\/concursos\/wp-json\/wp\/v2\/types\/post"}],"author":[{"embeddable":true,"href":"https:\/\/www.agrobase.com.br\/concursos\/wp-json\/wp\/v2\/users\/7"}],"replies":[{"embeddable":true,"href":"https:\/\/www.agrobase.com.br\/concursos\/wp-json\/wp\/v2\/comments?post=273937"}],"version-history":[{"count":1,"href":"https:\/\/www.agrobase.com.br\/concursos\/wp-json\/wp\/v2\/posts\/273937\/revisions"}],"predecessor-version":[{"id":273939,"href":"https:\/\/www.agrobase.com.br\/concursos\/wp-json\/wp\/v2\/posts\/273937\/revisions\/273939"}],"wp:featuredmedia":[{"embeddable":true,"href":"https:\/\/www.agrobase.com.br\/concursos\/wp-json\/wp\/v2\/media\/273936"}],"wp:attachment":[{"href":"https:\/\/www.agrobase.com.br\/concursos\/wp-json\/wp\/v2\/media?parent=273937"}],"wp:term":[{"taxonomy":"category","embeddable":true,"href":"https:\/\/www.agrobase.com.br\/concursos\/wp-json\/wp\/v2\/categories?post=273937"},{"taxonomy":"post_tag","embeddable":true,"href":"https:\/\/www.agrobase.com.br\/concursos\/wp-json\/wp\/v2\/tags?post=273937"},{"taxonomy":"_amplo","embeddable":true,"href":"https:\/\/www.agrobase.com.br\/concursos\/wp-json\/wp\/v2\/_amplo?post=273937"},{"taxonomy":"destaque","embeddable":true,"href":"https:\/\/www.agrobase.com.br\/concursos\/wp-json\/wp\/v2\/destaque?post=273937"},{"taxonomy":"instituicoes","embeddable":true,"href":"https:\/\/www.agrobase.com.br\/concursos\/wp-json\/wp\/v2\/instituicoes?post=273937"}],"curies":[{"name":"wp","href":"https:\/\/api.w.org\/{rel}","templated":true}]}}