{"id":273905,"date":"2025-11-17T08:20:05","date_gmt":"2025-11-17T11:20:05","guid":{"rendered":"https:\/\/www.agrobase.com.br\/concursos\/?p=273905"},"modified":"2025-11-17T10:08:51","modified_gmt":"2025-11-17T13:08:51","slug":"prefeitura-miracatu-sp-concurso-01-2025","status":"publish","type":"post","link":"https:\/\/www.agrobase.com.br\/concursos\/2025\/prefeitura-miracatu-sp-concurso-01-2025\/","title":{"rendered":"Prefeitura Miracatu (SP) &#8211; Concurso 01\/2025"},"content":{"rendered":"<h2>Informa\u00e7\u00f5es Gerais<\/h2>\n<p>O Concurso P\u00fablico da <strong>Prefeitura Municipal de Miracatu (SP)<\/strong>, regido pelo <strong>Edital n\u00ba 001\/2025<\/strong> e organizado pela Associa\u00e7\u00e3o Brasileira de Concursos P\u00fablicos (ABCP), est\u00e1 com edital publicado e inscri\u00e7\u00f5es abertas. O certame visa ao <strong>preenchimento de 30 vagas imediatas e forma\u00e7\u00e3o de cadastro reserva<\/strong> para diversos cargos do quadro efetivo municipal, abrangendo n\u00edveis <strong>fundamental, m\u00e9dio\/t\u00e9cnico e superior<\/strong>.<\/p>\n<p>As oportunidades contemplam \u00e1reas administrativas, operacionais, educacionais e de sa\u00fade, com remunera\u00e7\u00f5es que variam de <strong>R$ 2.043,90 a R$ 7.128,00<\/strong>, sob o regime <strong>estatut\u00e1rio<\/strong>. H\u00e1 vagas em setores de interesse t\u00e9cnico e cient\u00edfico, incluindo cargos para <strong>Bi\u00f3logo<\/strong>, <strong>M\u00e9dico Veterin\u00e1rio<\/strong> e <strong>Nutricionista<\/strong>, entre outros de relev\u00e2ncia para a gest\u00e3o p\u00fablica e o meio ambiente.<\/p>\n<p>O concurso oferece uma ampla gama de fun\u00e7\u00f5es, com jornadas de 20h a 40h semanais, garantindo oportunidades para diferentes perfis profissionais. A seguir, confira as informa\u00e7\u00f5es detalhadas sobre inscri\u00e7\u00f5es, etapas e resultados para decidir com seguran\u00e7a sua participa\u00e7\u00e3o no certame.<\/p>\n<h2>Inscri\u00e7\u00f5es<\/h2>\n<p>As inscri\u00e7\u00f5es para o Concurso P\u00fablico n\u00ba 001\/2025 da Prefeitura de Miracatu est\u00e3o <strong>abertas de 14 de outubro a 24 de novembro de 2025<\/strong>, exclusivamente pela internet, no site <a href=\"https:\/\/www.abconcursospublicos.org\" target=\"_blank\" rel=\"noopener\">www.abconcursospublicos.org<\/a>. Cada candidato poder\u00e1 se inscrever para at\u00e9 quatro cargos, desde que em per\u00edodos de prova distintos.<\/p>\n<p>As taxas de inscri\u00e7\u00e3o variam conforme o n\u00edvel de escolaridade: <strong>R$ 50,00<\/strong> para cargos de n\u00edvel fundamental, <strong>R$ 70,00<\/strong> para m\u00e9dio\/t\u00e9cnico, <strong>R$ 90,00<\/strong> para superior e <strong>R$ 110,00<\/strong> para Advogado e Procurador Jur\u00eddico. O pagamento deve ser feito via boleto banc\u00e1rio at\u00e9 25 de novembro de 2025, em ag\u00eancias banc\u00e1rias, internet banking ou casas lot\u00e9ricas. N\u00e3o s\u00e3o aceitos PIX, transfer\u00eancias ou dep\u00f3sitos.<\/p>\n<p>A confirma\u00e7\u00e3o da inscri\u00e7\u00e3o ocorrer\u00e1 ap\u00f3s a compensa\u00e7\u00e3o do pagamento. O candidato poder\u00e1 reimprimir o boleto e acompanhar o status na <em>\u00c1rea do Candidato<\/em>. Em caso de inconsist\u00eancias, \u00e9 poss\u00edvel contatar a organizadora pelo e-mail <em>abcp@abconcursospublicos.org<\/em>. Recomenda-se a leitura atenta do edital completo antes da inscri\u00e7\u00e3o.<\/p>\n<h2>Etapas e Provas<\/h2>\n<p>O processo seletivo da Prefeitura de Miracatu ser\u00e1 composto por at\u00e9 quatro etapas, conforme o cargo:<\/p>\n<ul>\n<li><strong>Prova Objetiva<\/strong> \u2013 de car\u00e1ter <em>eliminat\u00f3rio e classificat\u00f3rio<\/em>, com quest\u00f5es de m\u00faltipla escolha abrangendo conhecimentos b\u00e1sicos e espec\u00edficos. A prova ter\u00e1 dura\u00e7\u00e3o de at\u00e9 3 horas, sendo aprovado o candidato que obtiver, no m\u00ednimo, 50% de acertos.<\/li>\n<li><strong>Prova Redacional<\/strong> \u2013 aplicada para cargos de n\u00edvel superior espec\u00edficos (como Advogado, Diretor de Escola, Procurador Jur\u00eddico e Professor Coordenador Pedag\u00f3gico), de car\u00e1ter <em>classificat\u00f3rio e eliminat\u00f3rio<\/em>. A reda\u00e7\u00e3o valer\u00e1 at\u00e9 1 ponto, exigindo nota m\u00ednima de 0,5 para aprova\u00e7\u00e3o.<\/li>\n<li><strong>Prova Pr\u00e1tica<\/strong> \u2013 destinada a fun\u00e7\u00f5es operacionais (como Motorista, Operador de M\u00e1quinas e similares), de car\u00e1ter <em>eliminat\u00f3rio<\/em>, avaliando habilidades t\u00e9cnicas e desempenho em tarefas espec\u00edficas.<\/li>\n<li><strong>Prova de T\u00edtulos<\/strong> \u2013 exclusiva para cargos de n\u00edvel superior, de car\u00e1ter <em>classificat\u00f3rio<\/em>, com pontua\u00e7\u00e3o somada \u00e0 nota da prova objetiva.<\/li>\n<\/ul>\n<p>As provas objetivas e redacionais ocorrer\u00e3o nos dias <strong>11 e 18 de janeiro de 2026<\/strong>, conforme o cargo. As provas pr\u00e1ticas est\u00e3o previstas para os dias <strong>24 e 25 de janeiro de 2026<\/strong>. Todas as etapas ser\u00e3o realizadas em Miracatu-SP, podendo ocorrer em cidades pr\u00f3ximas caso haja necessidade. Recomenda-se a leitura do edital para detalhes sobre conte\u00fados, crit\u00e9rios de avalia\u00e7\u00e3o e cronograma completo.<\/p>\n<h2>Resultados e Gabarito<\/h2>\n<p>De acordo com o cronograma previsto, os <strong>gabaritos preliminares<\/strong> das provas objetivas ser\u00e3o divulgados entre <strong>11 e 19 de janeiro de 2026<\/strong>, e os <strong>gabaritos oficiais<\/strong> entre <strong>20 e 27 de janeiro de 2026<\/strong>. As <strong>listas provis\u00f3rias de resultados<\/strong> tamb\u00e9m est\u00e3o programadas para o per\u00edodo de 20 a 27 de janeiro de 2026.<\/p>\n<p>O <strong>resultado da prova pr\u00e1tica<\/strong> ser\u00e1 publicado em <strong>26 de janeiro de 2026<\/strong>, seguido das listas com notas da prova de t\u00edtulos e reda\u00e7\u00e3o em <strong>30 de janeiro de 2026<\/strong>. A <strong>classifica\u00e7\u00e3o final<\/strong> e a <strong>homologa\u00e7\u00e3o<\/strong> do concurso est\u00e3o previstas para <strong>3 de fevereiro de 2026<\/strong>.<\/p>\n<p>Em caso de empate, os crit\u00e9rios de desempate incluem: idade igual ou superior a 60 anos, maior n\u00famero de acertos em Conhecimentos Espec\u00edficos, L\u00edngua Portuguesa, Matem\u00e1tica e Atualidades, al\u00e9m da maior idade e comprova\u00e7\u00e3o de exerc\u00edcio da fun\u00e7\u00e3o de jurado.<\/p>\n<p>A homologa\u00e7\u00e3o ser\u00e1 publicada pelo Prefeito Municipal no Di\u00e1rio Oficial e no site da organizadora. As convoca\u00e7\u00f5es seguir\u00e3o a ordem de classifica\u00e7\u00e3o e ser\u00e3o divulgadas oficialmente. \u00c9 responsabilidade exclusiva do candidato acompanhar todas as publica\u00e7\u00f5es no site <a href=\"https:\/\/www.abconcursospublicos.org\" target=\"_blank\" rel=\"noopener\">www.abconcursospublicos.org<\/a> e no Di\u00e1rio Oficial do Munic\u00edpio.<\/p>\n","protected":false},"excerpt":{"rendered":"<p>Concurso Pref. Miracatu (SP) com edital publicado! Vagas p\/ Professor e Educador (Fund. a Sup.). Inscri\u00e7\u00f5es a partir de 14\/10. Sal\u00e1rios at\u00e9 R$7.1k. Confira!<\/p>\n","protected":false},"author":7,"featured_media":273904,"comment_status":"open","ping_status":"open","sticky":false,"template":"","format":"standard","meta":{"_acf_changed":false,"_breakdance_hide_in_design_set":false,"_breakdance_tags":"","footnotes":""},"categories":[3,6,9,10,117,141,6434,12,17,19,6871,22,119,23,24,25,26,101,108,130,143,134],"tags":[62],"_amplo":[],"destaque":[],"instituicoes":[],"class_list":["post-273905","post","type-post","status-publish","format-standard","has-post-thumbnail","hentry","category-administracao","category-biologia","category-ciencias-contabeis","category-direito","category-economia","category-educacao-artistica","category-educacao-fisica-licenciatura","category-enfermagem","category-farmacia","category-fonoaudiologia","category-letras-ingles","category-veterinaria","category-musica","category-nutricao","category-odontologia","category-pedagogia","category-psicologia","category-servico-social","category-tecnico-enfermagem","category-tecnico-informatica","category-tecnico-odontologia","category-terapia-ocupacional","tag-sao-paulo"],"acf":{"_tipo_vagas":"vagas","_numero_vagas":"","_quadro_vagas":"","_cargos":"diversos","_cargos_especificos":"","_salario_max":"R$ 7128","_abertura":"20251014","_encerramento":"20251124","_inscricoes":"https:\/\/www.abconcursospublicos.org","_executora_concurso":"","_instituicao_concurso":[],"_link_adicional":null,"_anexos":null,"_produtos":null,"_vagas":"30 vagas + CR","_salario_min":"R$ 2043.9","_instituicao":"Prefeitura de Miracatu","_edital":"https:\/\/www.agrobase.com.br\/concursos\/wp-content\/uploads\/sites\/4\/2025\/11\/edital-01-2025-prefeitura-de-miracatu-sp.pdf","_anexos_edital":"https:\/\/www.agrobase.com.br\/concursos\/wp-content\/uploads\/sites\/4\/2025\/11\/anexos-edital-01-2025-prefeitura-de-miracatu-sp.pdf","_fund_incompleto":"","_fund_completo":"<div>\r\n<table class=\"quadro\">\r\n<thead>\r\n<tr>\r\n<th class=\"hcargo\">Cargo<\/th>\r\n<th class=\"hvagas\">Vagas<\/th>\r\n<th class=\"hremuneracao\">Remunera\u00e7\u00e3o<\/th>\r\n<\/tr>\r\n<\/thead>\r\n    <tbody>\r\n      <td class=\"ccargos\">\r\n<span data-balloon-length=\"medium\" aria-label=\"Ensino Fundamental (Ciclo I)\" data-balloon-pos=\"up\">AJUDANTE GERAL<\/span><\/td>\r\n<td class=\"cvagas\">CR<\/td>\r\n<td class=\"cremuneracao\">R$ 2.043,90 \/40h<\/td>\r\n<\/tr><td class=\"ccargos\">\r\n<span data-balloon-length=\"medium\" aria-label=\"Ensino Fundamental (Ciclo I)\" data-balloon-pos=\"up\">AUXILIAR DE SERVI\u00c7O INFANTIL<\/span><\/td>\r\n<td class=\"cvagas\">01 + CR<\/td>\r\n<td class=\"cremuneracao\">R$ 2.043,90 \/40h<\/td>\r\n<\/tr><td class=\"ccargos\">\r\n<span data-balloon-length=\"medium\" aria-label=\"Ensino Fundamental (Ciclo I)\" data-balloon-pos=\"up\">COLETOR DE LIXO<\/span><\/td>\r\n<td class=\"cvagas\">02 + CR<\/td>\r\n<td class=\"cremuneracao\">R$ 2.043,90 \/40h<\/td>\r\n<\/tr><td class=\"ccargos\">\r\n<span data-balloon-length=\"medium\" aria-label=\"Ensino Fundamental (Ciclo I)\" data-balloon-pos=\"up\">COVEIRO<\/span><\/td>\r\n<td class=\"cvagas\">CR<\/td>\r\n<td class=\"cremuneracao\">R$ 2.043,90 \/40h<\/td>\r\n<\/tr><td class=\"ccargos\">\r\n<span data-balloon-length=\"medium\" aria-label=\"Ensino Fundamental (Ciclo I)\" data-balloon-pos=\"up\">COZINHEIRA<\/span><\/td>\r\n<td class=\"cvagas\">01 + CR<\/td>\r\n<td class=\"cremuneracao\">R$ 2.043,90 \/40h<\/td>\r\n<\/tr><td class=\"ccargos\">\r\n<span data-balloon-length=\"medium\" aria-label=\"Ensino Fundamental\" data-balloon-pos=\"up\">ELETRICISTA<\/span><\/td>\r\n<td class=\"cvagas\">CR<\/td>\r\n<td class=\"cremuneracao\">R$ 2.466,47 \/40h<\/td>\r\n<\/tr><td class=\"ccargos\">\r\n<span data-balloon-length=\"medium\" aria-label=\"Ensino Fundamental (Ciclo I)\" data-balloon-pos=\"up\">LAVADOR\/LUBRIFICADOR<\/span><\/td>\r\n<td class=\"cvagas\">CR<\/td>\r\n<td class=\"cremuneracao\">R$ 2.043,90 \/40h<\/td>\r\n<\/tr><td class=\"ccargos\">\r\n<span data-balloon-length=\"medium\" data-balloon-pos=\"up\">MOTORISTA<\/span><\/td>\r\n<td class=\"cvagas\">CR<\/td>\r\n<td class=\"cremuneracao\">R$ 2.116,59 \/40h<\/td>\r\n<\/tr><td class=\"ccargos\">\r\n<span data-balloon-length=\"medium\" aria-label=\"Ensino Fundamental\" data-balloon-pos=\"up\">OPERADOR DE BRITADOR<\/span><\/td>\r\n<td class=\"cvagas\">CR<\/td>\r\n<td class=\"cremuneracao\">R$ 2.549,52 \/40h<\/td>\r\n<\/tr><td class=\"ccargos\">\r\n<span data-balloon-length=\"medium\" data-balloon-pos=\"up\">OPERADOR DE M\u00c1QUINAS<\/span><\/td>\r\n<td class=\"cvagas\">02 + CR<\/td>\r\n<td class=\"cremuneracao\">R$ 3.100,37 \/40h<\/td>\r\n<\/tr><td class=\"ccargos\">\r\n<span data-balloon-length=\"medium\" data-balloon-pos=\"up\">OPERADOR DE M\u00c1QUINAS AGR\u00cdCOLA<\/span><\/td>\r\n<td class=\"cvagas\">CR<\/td>\r\n<td class=\"cremuneracao\">R$ 3.100,37 \/40h<\/td>\r\n<\/tr><td class=\"ccargos\">\r\n<span data-balloon-length=\"medium\" aria-label=\"Ensino Fundamental\" data-balloon-pos=\"up\">PEDREIRO<\/span><\/td>\r\n<td class=\"cvagas\">CR<\/td>\r\n<td class=\"cremuneracao\">R$ 2.051,88 \/40h<\/td>\r\n<\/tr><td class=\"ccargos\">\r\n<span data-balloon-length=\"medium\" aria-label=\"Ensino Fundamental (Ciclo I)\" data-balloon-pos=\"up\">PINTOR<\/span><\/td>\r\n<td class=\"cvagas\">CR<\/td>\r\n<td class=\"cremuneracao\">R$ 2.754,71 \/40h<\/td>\r\n<\/tr><td class=\"ccargos\">\r\n<span data-balloon-length=\"medium\" aria-label=\"Ensino Fundamental (Ciclo I)\" data-balloon-pos=\"up\">SERVENTE<\/span><\/td>\r\n<td class=\"cvagas\">CR<\/td>\r\n<td class=\"cremuneracao\">R$ 2.043,90 \/40h<\/td>\r\n<\/tr><td class=\"ccargos\">\r\n<span data-balloon-length=\"medium\" aria-label=\"Ensino Fundamental (Ciclo I)\" data-balloon-pos=\"up\">VIGIA<\/span><\/td>\r\n<td class=\"cvagas\">01 + CR<\/td>\r\n<td class=\"cremuneracao\">R$ 2.043,90 \/40h<\/td>\r\n<\/tr>\r\n    <\/tbody>\r\n  <\/table>\r\n<\/div>","_medio":"<div>\r\n<table class=\"quadro\">\r\n<thead>\r\n<tr>\r\n<th class=\"hcargo\">Cargo<\/th>\r\n<th class=\"hvagas\">Vagas<\/th>\r\n<th class=\"hremuneracao\">Remunera\u00e7\u00e3o<\/th>\r\n<\/tr>\r\n<\/thead>\r\n    <tbody>\r\n      <td class=\"ccargos\">\r\n<span data-balloon-length=\"medium\" aria-label=\"Ensino M\u00e9dio Completo + habilidade de digita\u00e7\u00e3o\" data-balloon-pos=\"up\">AGENTE ADMINISTRATIVO<\/span><\/td>\r\n<td class=\"cvagas\">CR<\/td>\r\n<td class=\"cremuneracao\">R$ 2.051,88 \/40h<\/td>\r\n<\/tr><td class=\"ccargos\">\r\n<span data-balloon-length=\"medium\" data-balloon-pos=\"up\">AGENTE DE TR\u00c2NSITO<\/span><\/td>\r\n<td class=\"cvagas\">CR<\/td>\r\n<td class=\"cremuneracao\">R$ 2.466,47 \/40h<\/td>\r\n<\/tr><td class=\"ccargos\">\r\n<span data-balloon-length=\"medium\" aria-label=\"Ensino M\u00e9dio Completo\" data-balloon-pos=\"up\">AGENTE DE SANEAMENTO<\/span><\/td>\r\n<td class=\"cvagas\">CR<\/td>\r\n<td class=\"cremuneracao\">R$ 2.332,93 \/40h<\/td>\r\n<\/tr><td class=\"ccargos\">\r\n<span data-balloon-length=\"medium\" aria-label=\"Ensino M\u00e9dio Completo\" data-balloon-pos=\"up\">ALMOXARIFE<\/span><\/td>\r\n<td class=\"cvagas\">CR<\/td>\r\n<td class=\"cremuneracao\">R$ 2.466,47 \/40h<\/td>\r\n<\/tr><td class=\"ccargos\">\r\n<span data-balloon-length=\"medium\" aria-label=\"Ensino M\u00e9dio Completo\" data-balloon-pos=\"up\">ATENDENTE ESCOLAR<\/span><\/td>\r\n<td class=\"cvagas\">01 + CR<\/td>\r\n<td class=\"cremuneracao\">R$ 2.083,90 \/40h<\/td>\r\n<\/tr><td class=\"ccargos\">\r\n<span data-balloon-length=\"medium\" aria-label=\"Ensino M\u00e9dio Completo\" data-balloon-pos=\"up\">AUXILIAR DE SA\u00daDE BUCAL - ASB<\/span><\/td>\r\n<td class=\"cvagas\">CR<\/td>\r\n<td class=\"cremuneracao\">R$ 2.083,90 \/40h<\/td>\r\n<\/tr><td class=\"ccargos\">\r\n<span data-balloon-length=\"medium\" aria-label=\"Ensino M\u00e9dio Completo + Curso Espec\u00edfico de Forma\u00e7\u00e3o na \u00e1rea\" data-balloon-pos=\"up\">CUIDADOR ESCOLAR<\/span><\/td>\r\n<td class=\"cvagas\">CR<\/td>\r\n<td class=\"cremuneracao\">R$ 2.083,90 \/40h<\/td>\r\n<\/tr><td class=\"ccargos\">\r\n<span data-balloon-length=\"medium\" aria-label=\"Ensino M\u00e9dio Completo\" data-balloon-pos=\"up\">EDUCADOR SOCIAL<\/span><\/td>\r\n<td class=\"cvagas\">05 + CR<\/td>\r\n<td class=\"cremuneracao\">R$ 2.169,12 \/40h<\/td>\r\n<\/tr><td class=\"ccargos\">\r\n<span data-balloon-length=\"medium\" aria-label=\"Ensino M\u00e9dio Completo\" data-balloon-pos=\"up\">FISCAL DE TRIBUTOS<\/span><\/td>\r\n<td class=\"cvagas\">CR<\/td>\r\n<td class=\"cremuneracao\">R$ 2.332,93 \/40h<\/td>\r\n<\/tr><td class=\"ccargos\">\r\n<span data-balloon-length=\"medium\" aria-label=\"Ensino M\u00e9dio Completo\" data-balloon-pos=\"up\">RECEPCIONISTA<\/span><\/td>\r\n<td class=\"cvagas\">CR<\/td>\r\n<td class=\"cremuneracao\">R$ 2.083,90 \/40h<\/td>\r\n<\/tr><td class=\"ccargos\">\r\n<span data-balloon-length=\"medium\" aria-label=\"Ensino M\u00e9dio Completo + Curso de Inform\u00e1tica\" data-balloon-pos=\"up\">SECRET\u00c1RIO DE ESCOLA<\/span><\/td>\r\n<td class=\"cvagas\">01 + CR<\/td>\r\n<td class=\"cremuneracao\">R$ 2.116,59 \/40h<\/td>\r\n<\/tr><td class=\"ccargos\">\r\n<span data-balloon-length=\"medium\" aria-label=\"Ensino M\u00e9dio + No\u00e7\u00f5es de Inform\u00e1tica\" data-balloon-pos=\"up\">T\u00c9CNICO OPERACIONAL DO CADASTRO \u00daNICO<\/span><\/td>\r\n<td class=\"cvagas\">CR<\/td>\r\n<td class=\"cremuneracao\">R$ 2.043,90 \/40h<\/td>\r\n<\/tr><td class=\"ccargos\">\r\n<span data-balloon-length=\"medium\" aria-label=\"Curso T\u00e9cnico de Farm\u00e1cia\" data-balloon-pos=\"up\">AUXILIAR DE FARM\u00c1CIA<\/span><\/td>\r\n<td class=\"cvagas\">CR<\/td>\r\n<td class=\"cremuneracao\">R$ 2.332,93 \/40h<\/td>\r\n<\/tr><td class=\"ccargos\">\r\n<span data-balloon-length=\"medium\" data-balloon-pos=\"up\">FISCAL DE OBRAS E POSTURAS<\/span><\/td>\r\n<td class=\"cvagas\">CR<\/td>\r\n<td class=\"cremuneracao\">R$ 3.218,36 \/40h<\/td>\r\n<\/tr><td class=\"ccargos\">\r\n<span data-balloon-length=\"medium\" aria-label=\"Curso T\u00e9cnico na \u00c1rea + registro no respectivo conselho de classe\" data-balloon-pos=\"up\">T\u00c9CNICO DE SA\u00daDE BUCAL<\/span><\/td>\r\n<td class=\"cvagas\">CR<\/td>\r\n<td class=\"cremuneracao\">R$ 2.466,47 \/40h<\/td>\r\n<\/tr><td class=\"ccargos\">\r\n<span data-balloon-length=\"medium\" aria-label=\"Curso T\u00e9cnico + COREN\" data-balloon-pos=\"up\">T\u00c9CNICO DE ENFERMAGEM<\/span><\/td>\r\n<td class=\"cvagas\">CR<\/td>\r\n<td class=\"cremuneracao\">R$ 2.169,12 \/40h<\/td>\r\n<\/tr><td class=\"ccargos\">\r\n<span data-balloon-length=\"medium\" aria-label=\"Curso T\u00e9cnico-Gesso\" data-balloon-pos=\"up\">T\u00c9CNICO DE GESSO<\/span><\/td>\r\n<td class=\"cvagas\">CR<\/td>\r\n<td class=\"cremuneracao\">R$ 2.169,12 \/20h<\/td>\r\n<\/tr><td class=\"ccargos\">\r\n<span data-balloon-length=\"medium\" aria-label=\"Curso T\u00e9cnico + CRTR\" data-balloon-pos=\"up\">T\u00c9CNICO DE RAIO-X<\/span><\/td>\r\n<td class=\"cvagas\">CR<\/td>\r\n<td class=\"cremuneracao\">R$ 2.169,12 \/20h<\/td>\r\n<\/tr><td class=\"ccargos\">\r\n<span data-balloon-length=\"medium\" data-balloon-pos=\"up\">T\u00c9CNICO DE INFORM\u00c1TICA<\/span><\/td>\r\n<td class=\"cvagas\">CR<\/td>\r\n<td class=\"cremuneracao\">R$ 2.466,47 \/40h<\/td>\r\n<\/tr>\r\n    <\/tbody>\r\n  <\/table>\r\n<\/div>","_superior":"<div>\r\n<table class=\"quadro\">\r\n<thead>\r\n<tr>\r\n<th class=\"hcargo\">Cargo<\/th>\r\n<th class=\"hvagas\">Vagas<\/th>\r\n<th class=\"hremuneracao\">Remunera\u00e7\u00e3o<\/th>\r\n<\/tr>\r\n<\/thead>\r\n    <tbody>\r\n      <tr>\r\n<td class=\"ccargos\">\r\n<span data-balloon-length=\"medium\" aria-label=\"Superior + OAB\" data-balloon-pos=\"up\">ADVOGADO<\/span><\/td>\r\n<td class=\"cvagas\">CR<\/td>\r\n<td class=\"cremuneracao\">R$ 5.289,21 \/20h<\/td>\r\n<\/tr><tr>\r\n<td class=\"ccargos\">\r\n<span data-balloon-length=\"medium\" data-balloon-pos=\"up\">ANALISTA ADMINISTRATIVO<\/span><\/td>\r\n<td class=\"cvagas\">CR<\/td>\r\n<td class=\"cremuneracao\">R$ 3.218,36 \/40h<\/td>\r\n<\/tr><tr>\r\n<td class=\"ccargos\">\r\n<span data-balloon-length=\"medium\" aria-label=\"Superior + CRESS\" data-balloon-pos=\"up\">ASSISTENTE SOCIAL<\/span><\/td>\r\n<td class=\"cvagas\">01 + CR<\/td>\r\n<td class=\"cremuneracao\">R$ 4.305,64 \/30h<\/td>\r\n<\/tr><tr>\r\n<td class=\"ccargos\">\r\n<span data-balloon-length=\"medium\" aria-label=\"Ensino Superior em Ci\u00eancias Biol\u00f3gicas + Registro Ativo e Regular no CRBIO\" data-balloon-pos=\"up\">BI\u00d3LOGO<\/span><\/td>\r\n<td class=\"cvagas\">CR<\/td>\r\n<td class=\"cremuneracao\">R$ 4.883,94 \/40h<\/td>\r\n<\/tr><tr>\r\n<td class=\"ccargos\">\r\n<span data-balloon-length=\"medium\" aria-label=\"Superior + Inscri\u00e7\u00e3o no \u00d3rg\u00e3o de Classe + Experi\u00eancia Profissional comprovada na \u00e1rea\" data-balloon-pos=\"up\">CIRURGI\u00c3O DENTISTA PSF<\/span><\/td>\r\n<td class=\"cvagas\">CR<\/td>\r\n<td class=\"cremuneracao\">R$ 5.899,57 \/40h<\/td>\r\n<\/tr><tr>\r\n<td class=\"ccargos\">\r\n<span data-balloon-length=\"medium\" aria-label=\"Superior + CRC\" data-balloon-pos=\"up\">CONTADOR<\/span><\/td>\r\n<td class=\"cvagas\">CR<\/td>\r\n<td class=\"cremuneracao\">R$ 5.289,21 \/40h<\/td>\r\n<\/tr><tr>\r\n<td class=\"ccargos\">\r\n<span data-balloon-length=\"medium\" aria-label=\"Ensino Superior em Administra\u00e7\u00e3o ou Direito ou Ci\u00eancias cont\u00e1beis ou Economia ou Gest\u00e3o P\u00fablica + Inscri\u00e7\u00e3o no Conselho (se houver)\" data-balloon-pos=\"up\">CONTROLADOR INTERNO<\/span><\/td>\r\n<td class=\"cvagas\">CR<\/td>\r\n<td class=\"cremuneracao\">R$ 3.802,72 \/40h<\/td>\r\n<\/tr><tr>\r\n<td class=\"ccargos\">\r\n<span data-balloon-length=\"medium\" aria-label=\"Licenciatura Plena em Pedagogia com Habilita\u00e7\u00e3o em Administra\u00e7\u00e3o Escolar ou P\u00f3s-Gradua\u00e7\u00e3o em Administra\u00e7\u00e3o Escolar + Experi\u00eancia Profissional comprovada de 05 anos no Magist\u00e9rio P\u00fablico\" data-balloon-pos=\"up\">DIRETOR DE ESCOLA<\/span><\/td>\r\n<td class=\"cvagas\">01 + CR<\/td>\r\n<td class=\"cremuneracao\">R$ 7.128,00 \/40h<\/td>\r\n<\/tr><tr>\r\n<td class=\"ccargos\">\r\n<span data-balloon-length=\"medium\" aria-label=\"Superior + COREN\" data-balloon-pos=\"up\">ENFERMEIRO<\/span><\/td>\r\n<td class=\"cvagas\">CR<\/td>\r\n<td class=\"cremuneracao\">R$ 4.305,64 \/40h<\/td>\r\n<\/tr><tr>\r\n<td class=\"ccargos\">\r\n<span data-balloon-length=\"medium\" aria-label=\"Superior + CRF\" data-balloon-pos=\"up\">FARMAC\u00caUTICO<\/span><\/td>\r\n<td class=\"cvagas\">CR<\/td>\r\n<td class=\"cremuneracao\">R$ 4.305,64 \/40h<\/td>\r\n<\/tr><tr>\r\n<td class=\"ccargos\">\r\n<span data-balloon-length=\"medium\" aria-label=\"Superior + CRFa\" data-balloon-pos=\"up\">FONOAUDI\u00d3LOGO<\/span><\/td>\r\n<td class=\"cvagas\">CR<\/td>\r\n<td class=\"cremuneracao\">R$ 4.305,64 \/40h<\/td>\r\n<\/tr><tr>\r\n<td class=\"ccargos\">\r\n<span data-balloon-length=\"medium\" aria-label=\"Superior + CRN\" data-balloon-pos=\"up\">NUTRICIONISTA<\/span><\/td>\r\n<td class=\"cvagas\">CR<\/td>\r\n<td class=\"cremuneracao\">R$ 4.305,64 \/40h<\/td>\r\n<\/tr><tr>\r\n<td class=\"ccargos\">\r\n<span data-balloon-length=\"medium\" aria-label=\"Superior + OAB\" data-balloon-pos=\"up\">PROCURADOR JUR\u00cdDICO<\/span><\/td>\r\n<td class=\"cvagas\">CR<\/td>\r\n<td class=\"cremuneracao\">R$ 5.289,21 \/20h<\/td>\r\n<\/tr><tr>\r\n<td class=\"ccargos\">\r\n<span data-balloon-length=\"medium\" aria-label=\"Licenciatura Plena em Pedagogia + Experi\u00eancia m\u00ednima de 02 anos no Magist\u00e9rio P\u00fablico\" data-balloon-pos=\"up\">PROFESSOR COORDENADOR PEDAG\u00d3GICO<\/span><\/td>\r\n<td class=\"cvagas\">10 + CR<\/td>\r\n<td class=\"cremuneracao\">R$ 5.868,00 \/40h<\/td>\r\n<\/tr><tr>\r\n<td class=\"ccargos\">\r\n<span data-balloon-length=\"medium\" aria-label=\"Licenciatura Plena com Habilita\u00e7\u00e3o Espec\u00edfica em arte\" data-balloon-pos=\"up\">PROFESSOR DE ARTE<\/span><\/td>\r\n<td class=\"cvagas\">01 + CR<\/td>\r\n<td class=\"cremuneracao\">R$ 4.094,09 \/30h<\/td>\r\n<\/tr><tr>\r\n<td class=\"ccargos\">\r\n<span data-balloon-length=\"medium\" aria-label=\"Licenciatura Plena com Habilita\u00e7\u00e3o Espec\u00edfica em Educa\u00e7\u00e3o F\u00edsica + Registro no CREF\" data-balloon-pos=\"up\">PROFESSOR DE EDUCA\u00c7\u00c3O F\u00cdSICA<\/span><\/td>\r\n<td class=\"cvagas\">CR<\/td>\r\n<td class=\"cremuneracao\">R$ 4.094,09 \/30h<\/td>\r\n<\/tr><tr>\r\n<td class=\"ccargos\">\r\n<span data-balloon-length=\"medium\" aria-label=\"Licenciatura Plena em Pedagogia + Habilita\u00e7\u00e3o Espec\u00edfica\" data-balloon-pos=\"up\">PROFESSOR DE EDUCA\u00c7\u00c3O INFANTIL<\/span><\/td>\r\n<td class=\"cvagas\">CR<\/td>\r\n<td class=\"cremuneracao\">R$ 4.094,09 \/30h<\/td>\r\n<\/tr><tr>\r\n<td class=\"ccargos\">\r\n<span data-balloon-length=\"medium\" aria-label=\"Licenciatura Plena em Pedagogia + Habilita\u00e7\u00e3o Espec\u00edfica\" data-balloon-pos=\"up\">PROFESSOR DE ENSINO FUNDAMENTAL<\/span><\/td>\r\n<td class=\"cvagas\">CR<\/td>\r\n<td class=\"cremuneracao\">R$ 4.094,09 \/30h<\/td>\r\n<\/tr><tr>\r\n<td class=\"ccargos\">\r\n<span data-balloon-length=\"medium\" aria-label=\"Licenciatura Plena em Letras + Habilita\u00e7\u00e3o em Ingl\u00eas\" data-balloon-pos=\"up\">PROFESSOR DE INGL\u00caS<\/span><\/td>\r\n<td class=\"cvagas\">02 + CR<\/td>\r\n<td class=\"cremuneracao\">R$ 4.094,09 \/30h<\/td>\r\n<\/tr><tr>\r\n<td class=\"ccargos\">\r\n<span data-balloon-length=\"medium\" aria-label=\"Licenciatura Plena em M\u00fasica\" data-balloon-pos=\"up\">PROFESSOR DE M\u00daSICA<\/span><\/td>\r\n<td class=\"cvagas\">01 + CR<\/td>\r\n<td class=\"cremuneracao\">R$ 4.094,09 \/30h<\/td>\r\n<\/tr><tr>\r\n<td class=\"ccargos\">\r\n<span data-balloon-length=\"medium\" aria-label=\"Superior + CRP\" data-balloon-pos=\"up\">PSIC\u00d3LOGO<\/span><\/td>\r\n<td class=\"cvagas\">CR<\/td>\r\n<td class=\"cremuneracao\">R$ 4.305,64 \/40h<\/td>\r\n<\/tr><tr>\r\n<td class=\"ccargos\">\r\n<span data-balloon-length=\"medium\" aria-label=\"Licenciatura Plena em qualquer \u00e1rea + P\u00f3s-gradua\u00e7\u00e3o em Psicopedagogia Institucional + Experi\u00eancia Profissional de 03 anos no Magist\u00e9rio\" data-balloon-pos=\"up\">PSICOPEDAGOGO<\/span><\/td>\r\n<td class=\"cvagas\">CR<\/td>\r\n<td class=\"cremuneracao\">R$ 4.305,64 \/40h<\/td>\r\n<\/tr><tr>\r\n<td class=\"ccargos\">\r\n<span data-balloon-length=\"medium\" aria-label=\"Superior + COFFITO\" data-balloon-pos=\"up\">TERAPEUTA OCUPACIONAL<\/span><\/td>\r\n<td class=\"cvagas\">CR<\/td>\r\n<td class=\"cremuneracao\">R$ 4.305,64 \/30h<\/td>\r\n<\/tr><tr>\r\n<td class=\"ccargos\">\r\n<span data-balloon-length=\"medium\" aria-label=\"Superior + CRMV\" data-balloon-pos=\"up\">M\u00c9DICO VETERIN\u00c1RIO<\/span><\/td>\r\n<td class=\"cvagas\">CR<\/td>\r\n<td class=\"cremuneracao\">R$ 5.899,57 \/40h<\/td>\r\n<\/tr>\r\n    <\/tbody>\r\n  <\/table>\r\n<\/div>"},"_links":{"self":[{"href":"https:\/\/www.agrobase.com.br\/concursos\/wp-json\/wp\/v2\/posts\/273905","targetHints":{"allow":["GET"]}}],"collection":[{"href":"https:\/\/www.agrobase.com.br\/concursos\/wp-json\/wp\/v2\/posts"}],"about":[{"href":"https:\/\/www.agrobase.com.br\/concursos\/wp-json\/wp\/v2\/types\/post"}],"author":[{"embeddable":true,"href":"https:\/\/www.agrobase.com.br\/concursos\/wp-json\/wp\/v2\/users\/7"}],"replies":[{"embeddable":true,"href":"https:\/\/www.agrobase.com.br\/concursos\/wp-json\/wp\/v2\/comments?post=273905"}],"version-history":[{"count":2,"href":"https:\/\/www.agrobase.com.br\/concursos\/wp-json\/wp\/v2\/posts\/273905\/revisions"}],"predecessor-version":[{"id":273909,"href":"https:\/\/www.agrobase.com.br\/concursos\/wp-json\/wp\/v2\/posts\/273905\/revisions\/273909"}],"wp:featuredmedia":[{"embeddable":true,"href":"https:\/\/www.agrobase.com.br\/concursos\/wp-json\/wp\/v2\/media\/273904"}],"wp:attachment":[{"href":"https:\/\/www.agrobase.com.br\/concursos\/wp-json\/wp\/v2\/media?parent=273905"}],"wp:term":[{"taxonomy":"category","embeddable":true,"href":"https:\/\/www.agrobase.com.br\/concursos\/wp-json\/wp\/v2\/categories?post=273905"},{"taxonomy":"post_tag","embeddable":true,"href":"https:\/\/www.agrobase.com.br\/concursos\/wp-json\/wp\/v2\/tags?post=273905"},{"taxonomy":"_amplo","embeddable":true,"href":"https:\/\/www.agrobase.com.br\/concursos\/wp-json\/wp\/v2\/_amplo?post=273905"},{"taxonomy":"destaque","embeddable":true,"href":"https:\/\/www.agrobase.com.br\/concursos\/wp-json\/wp\/v2\/destaque?post=273905"},{"taxonomy":"instituicoes","embeddable":true,"href":"https:\/\/www.agrobase.com.br\/concursos\/wp-json\/wp\/v2\/instituicoes?post=273905"}],"curies":[{"name":"wp","href":"https:\/\/api.w.org\/{rel}","templated":true}]}}