{"id":273890,"date":"2025-11-17T07:50:03","date_gmt":"2025-11-17T10:50:03","guid":{"rendered":"https:\/\/www.agrobase.com.br\/concursos\/?p=273890"},"modified":"2025-11-14T14:05:41","modified_gmt":"2025-11-14T17:05:41","slug":"prefeitura-guatambu-sc-concurso-01-2025","status":"publish","type":"post","link":"https:\/\/www.agrobase.com.br\/concursos\/2025\/prefeitura-guatambu-sc-concurso-01-2025\/","title":{"rendered":"Prefeitura Guatambu (SC) &#8211; Concurso 01\/2025"},"content":{"rendered":"<h2>Informa\u00e7\u00f5es Gerais<\/h2>\n<p>O <strong>Concurso P\u00fablico do Munic\u00edpio de Guatambu (SC)<\/strong>, regido pelo Edital n\u00ba 01\/2025 e executado pela <strong>Funda\u00e7\u00e3o Universit\u00e1ria do Desenvolvimento do Oeste \u2013 FUNDESTE<\/strong>, est\u00e1 com <strong>inscri\u00e7\u00f5es abertas<\/strong> para o provimento de <strong>50 vagas imediatas e forma\u00e7\u00e3o de cadastro reserva<\/strong> em diversos cargos do quadro municipal. O certame segue o disposto no artigo 37, inciso II, da Constitui\u00e7\u00e3o Federal e nas leis municipais vigentes.<\/p>\n<p>As oportunidades abrangem cargos de n\u00edveis <strong>fundamental, m\u00e9dio\/t\u00e9cnico e superior<\/strong>, com remunera\u00e7\u00f5es que variam de <strong>R$ 1.216,94 a R$ 16.785,59<\/strong>, conforme a fun\u00e7\u00e3o e a carga hor\u00e1ria. H\u00e1 vagas em \u00e1reas estrat\u00e9gicas da administra\u00e7\u00e3o p\u00fablica, educa\u00e7\u00e3o e sa\u00fade, incluindo setores de destaque como <strong>Agronomia, Medicina Veterin\u00e1ria e Nutri\u00e7\u00e3o<\/strong>, al\u00e9m de fun\u00e7\u00f5es voltadas \u00e0 Engenharia, Educa\u00e7\u00e3o e Administra\u00e7\u00e3o.<\/p>\n<p>Os candidatos aprovados ser\u00e3o contratados sob o regime <strong>estatut\u00e1rio<\/strong>, garantindo estabilidade e benef\u00edcios previstos na legisla\u00e7\u00e3o municipal. O concurso tem validade de dois anos, prorrog\u00e1vel por igual per\u00edodo. Continue a leitura para saber como se inscrever, as etapas do processo e o cronograma de resultados.<\/p>\n<h2>Inscri\u00e7\u00f5es<\/h2>\n<p>As inscri\u00e7\u00f5es para o Concurso P\u00fablico de Guatambu est\u00e3o <strong>abertas de 24 de outubro a 24 de novembro de 2025<\/strong> e devem ser realizadas <strong>exclusivamente pela internet<\/strong>, no site oficial da banca organizadora: <a href=\"http:\/\/acafe.org.br\/uno\/concurso-guatambu-2025\" target=\"_blank\" rel=\"noopener\">acafe.org.br\/uno\/concurso-guatambu-2025<\/a>.<\/p>\n<p>O candidato deve preencher o requerimento de inscri\u00e7\u00e3o com seus dados pessoais, escolher o cargo desejado e cadastrar uma senha para acesso \u00e0 \u00e1rea restrita. Ap\u00f3s o envio do formul\u00e1rio, ser\u00e1 necess\u00e1rio <strong>imprimir o boleto banc\u00e1rio<\/strong> e efetuar o pagamento at\u00e9 <strong>25 de novembro de 2025<\/strong>, em qualquer ag\u00eancia banc\u00e1ria ou via internet banking. A inscri\u00e7\u00e3o s\u00f3 ser\u00e1 confirmada ap\u00f3s a compensa\u00e7\u00e3o do pagamento pela FUNDESTE.<\/p>\n<p>N\u00e3o s\u00e3o aceitos dep\u00f3sitos, transfer\u00eancias, PIX ou qualquer outro meio de pagamento al\u00e9m do boleto emitido no sistema. Recomenda-se que o candidato acompanhe a confirma\u00e7\u00e3o do pagamento e demais comunica\u00e7\u00f5es na <strong>\u00c1rea do Candidato<\/strong> do site da organizadora. Em caso de inconsist\u00eancias, \u00e9 poss\u00edvel contatar a banca pelo e-mail informado no edital.<\/p>\n<p>Antes de efetuar a inscri\u00e7\u00e3o, \u00e9 essencial ler atentamente o edital completo, dispon\u00edvel no site da FUNDESTE, para conhecer todas as regras e prazos do certame.<\/p>\n<h2>Etapas e Provas<\/h2>\n<p>O processo seletivo do Concurso P\u00fablico de Guatambu ser\u00e1 composto por at\u00e9 <strong>duas etapas<\/strong>, conforme o cargo pretendido:<\/p>\n<ul>\n<li><strong>Prova Objetiva<\/strong> \u2013 de car\u00e1ter <em>eliminat\u00f3rio e classificat\u00f3rio<\/em>, obrigat\u00f3ria para todos os cargos. A avalia\u00e7\u00e3o ser\u00e1 aplicada em <strong>07 de dezembro de 2025<\/strong>, na Unochapec\u00f3 (Chapec\u00f3\/SC), com dura\u00e7\u00e3o de 4 horas. A prova conter\u00e1 <strong>40 quest\u00f5es de m\u00faltipla escolha<\/strong>, abrangendo as disciplinas de <em>L\u00edngua Portuguesa, Matem\u00e1tica, No\u00e7\u00f5es de Inform\u00e1tica, Legisla\u00e7\u00e3o Municipal<\/em> (para cargos de n\u00edvel superior) e <em>Conhecimentos Espec\u00edficos<\/em>. Ser\u00e3o aprovados os candidatos que obtiverem nota igual ou superior a 5,00.<\/li>\n<li><strong>Prova de T\u00edtulos<\/strong> \u2013 de car\u00e1ter <em>classificat\u00f3rio<\/em>, exclusiva para os cargos de <em>Assistente Social Educacional, Professores (todas as \u00e1reas) e Psic\u00f3logo Educacional<\/em>. Ser\u00e3o aceitos diplomas ou certificados de <strong>p\u00f3s-gradua\u00e7\u00e3o, mestrado ou doutorado<\/strong> na \u00e1rea de atua\u00e7\u00e3o, conforme crit\u00e9rios definidos no edital. O envio dos documentos dever\u00e1 ser feito em formato PDF, entre <strong>23 e 26 de dezembro de 2025<\/strong>, diretamente na \u00e1rea do candidato.<\/li>\n<\/ul>\n<p>Os candidatos devem comparecer ao local de prova com anteced\u00eancia m\u00ednima de uma hora, portando documento de identidade original e caneta esferogr\u00e1fica transparente de tinta preta ou azul. Recomenda-se a leitura atenta do edital para conhecer as normas de aplica\u00e7\u00e3o, crit\u00e9rios de corre\u00e7\u00e3o e demais orienta\u00e7\u00f5es.<\/p>\n<h2>Resultados e Gabarito<\/h2>\n<p>O cronograma do concurso prev\u00ea a <strong>divulga\u00e7\u00e3o do gabarito preliminar<\/strong> e do caderno de provas em <strong>08 de dezembro de 2025<\/strong>, nos sites da FUNDESTE e da Prefeitura de Guatambu. O <strong>espelho do cart\u00e3o-resposta<\/strong> estar\u00e1 dispon\u00edvel na \u00e1rea do candidato em <strong>10 de dezembro de 2025<\/strong>. J\u00e1 o <strong>gabarito definitivo e as notas preliminares<\/strong> da prova objetiva ser\u00e3o publicados em <strong>18 de dezembro de 2025<\/strong>, com resultado oficial em <strong>23 de dezembro de 2025<\/strong>.<\/p>\n<p>Para os cargos com prova de t\u00edtulos, a <strong>nota preliminar<\/strong> ser\u00e1 divulgada em <strong>02 de janeiro de 2026<\/strong>, e o <strong>resultado final dessa etapa<\/strong> em <strong>08 de janeiro de 2026<\/strong>. O <strong>resultado final preliminar do concurso<\/strong> ser\u00e1 publicado tamb\u00e9m em 08 de janeiro, seguido da <strong>homologa\u00e7\u00e3o oficial<\/strong> prevista para <strong>14 de janeiro de 2026<\/strong>.<\/p>\n<p>Em caso de empate, ser\u00e3o aplicados crit\u00e9rios como maior idade (para candidatos com 60 anos ou mais), maior pontua\u00e7\u00e3o em Conhecimentos Espec\u00edficos e, sucessivamente, nas demais disciplinas, conforme o edital. A convoca\u00e7\u00e3o dos aprovados obedecer\u00e1 \u00e0 ordem de classifica\u00e7\u00e3o e \u00e0s necessidades do Munic\u00edpio, dentro do prazo de validade do concurso.<\/p>\n<p>O acompanhamento das publica\u00e7\u00f5es oficiais \u00e9 de responsabilidade exclusiva do candidato, devendo ser feito pelos sites da banca organizadora, da Prefeitura de Guatambu e pelo Di\u00e1rio Oficial dos Munic\u00edpios de Santa Catarina (DOM\/SC).<\/p>\n","protected":false},"excerpt":{"rendered":"<p>Concurso Pref. Guatambu (SC) com edital publicado! Vagas p\/ M\u00e9dico e Aux. de Creche (Fund. a Sup.). Inscri\u00e7\u00f5es a partir de 24\/10. Sal\u00e1rios at\u00e9 R$16.7k. Confira!<\/p>\n","protected":false},"author":7,"featured_media":273889,"comment_status":"open","ping_status":"open","sticky":false,"template":"","format":"standard","meta":{"_acf_changed":false,"_breakdance_hide_in_design_set":false,"_breakdance_tags":"","footnotes":""},"categories":[3,4,5,9,10,141,6434,12,17,6871,21,22,23,25,26,101,30,108,130,143],"tags":[61],"_amplo":[],"destaque":[],"instituicoes":[],"class_list":["post-273890","post","type-post","status-publish","format-standard","has-post-thumbnail","hentry","category-administracao","category-agronomia","category-arquitetura","category-ciencias-contabeis","category-direito","category-educacao-artistica","category-educacao-fisica-licenciatura","category-enfermagem","category-farmacia","category-letras-ingles","category-medicina","category-veterinaria","category-nutricao","category-pedagogia","category-psicologia","category-servico-social","category-tecnico-agropecuaria","category-tecnico-enfermagem","category-tecnico-informatica","category-tecnico-odontologia","tag-santa-catarina"],"acf":{"_tipo_vagas":"vagas","_numero_vagas":"","_quadro_vagas":"","_cargos":"diversos","_cargos_especificos":"","_salario_max":"R$ 16785.59","_abertura":"20251024","_encerramento":"20251124","_inscricoes":"http:\/\/acafe.org.br\/uno\/concurso-guatambu-2025","_executora_concurso":"","_instituicao_concurso":[],"_link_adicional":null,"_anexos":null,"_produtos":null,"_vagas":"50 vagas + CR","_salario_min":"R$ 1216.94","_instituicao":"Prefeitura de Guatambu","_edital":"https:\/\/www.agrobase.com.br\/concursos\/wp-content\/uploads\/sites\/4\/2025\/11\/edital-01-2025-prefeitura-de-guatambu-sc.pdf","_anexos_edital":"https:\/\/www.agrobase.com.br\/concursos\/wp-content\/uploads\/sites\/4\/2025\/11\/anexos-edital-01-2025-prefeitura-de-guatambu-sc.pdf","_fund_incompleto":"","_fund_completo":"<div>\r\n<table class=\"quadro\">\r\n<thead>\r\n<tr>\r\n<th class=\"hcargo\">Cargo<\/th>\r\n<th class=\"hvagas\">Vagas<\/th>\r\n<th class=\"hremuneracao\">Remunera\u00e7\u00e3o<\/th>\r\n<\/tr>\r\n<\/thead>\r\n    <tbody>\r\n      <td class=\"ccargos\">\r\n<span data-balloon-length=\"medium\" aria-label=\"Ensino fundamental\" data-balloon-pos=\"up\">Agente de Sa\u00fade P\u00fablica<\/span><\/td>\r\n<td class=\"cvagas\">1 + CR<\/td>\r\n<td class=\"cremuneracao\">R$ 3.036,00 \/40h<\/td>\r\n<\/tr><td class=\"ccargos\">\r\n<span data-balloon-length=\"medium\" aria-label=\"Ensino fundamental\" data-balloon-pos=\"up\">Auxiliar de Oficina<\/span><\/td>\r\n<td class=\"cvagas\">CR<\/td>\r\n<td class=\"cremuneracao\">R$ 3.647,19 \/40h<\/td>\r\n<\/tr><td class=\"ccargos\">\r\n<span data-balloon-length=\"medium\" aria-label=\"Ensino fundamental\" data-balloon-pos=\"up\">Mec\u00e2nico<\/span><\/td>\r\n<td class=\"cvagas\">CR<\/td>\r\n<td class=\"cremuneracao\">R$ 6.269,58 \/40h<\/td>\r\n<\/tr><td class=\"ccargos\">\r\n<span data-balloon-length=\"medium\" aria-label=\"Ensino fundamental\" data-balloon-pos=\"up\">Merendeira<\/span><\/td>\r\n<td class=\"cvagas\">1 + CR<\/td>\r\n<td class=\"cremuneracao\">R$ 2.200,91 \/40h<\/td>\r\n<\/tr><td class=\"ccargos\">\r\n<span data-balloon-length=\"medium\" aria-label=\"Ensino fundamental\" data-balloon-pos=\"up\">Monitor de Transporte Escolar<\/span><\/td>\r\n<td class=\"cvagas\">1 + CR<\/td>\r\n<td class=\"cremuneracao\">R$ 2.200,91 \/40h<\/td>\r\n<\/tr>\r\n    <\/tbody>\r\n  <\/table>\r\n<\/div>","_medio":"<div>\r\n<table class=\"quadro\">\r\n<thead>\r\n<tr>\r\n<th class=\"hcargo\">Cargo<\/th>\r\n<th class=\"hvagas\">Vagas<\/th>\r\n<th class=\"hremuneracao\">Remunera\u00e7\u00e3o<\/th>\r\n<\/tr>\r\n<\/thead>\r\n    <tbody>\r\n      <td class=\"ccargos\">\r\n<span data-balloon-length=\"medium\" aria-label=\"Ensino m\u00e9dio. Residir na micro\u00e1rea da comunidade em que atuar, desde a data da publica\u00e7\u00e3o do presente edital, conforme mapa do anexo V deste edital (mapa das micro\u00e1reas de atendimento de agentes de sa\u00fade)\" data-balloon-pos=\"up\">Agente Comunit\u00e1rio de Sa\u00fade - Micro\u00e1rea 1 (Comunidade Fazenda Zandavalli, Comunidade Nova Uni\u00e3o, Comunidade Vila Nova)<\/span><\/td>\r\n<td class=\"cvagas\">1 + CR<\/td>\r\n<td class=\"cremuneracao\">R$ 3.036,00 \/40h<\/td>\r\n<\/tr><td class=\"ccargos\">\r\n<span data-balloon-length=\"medium\" aria-label=\"Ensino m\u00e9dio. Residir na micro\u00e1rea da comunidade em que atuar, desde a data da publica\u00e7\u00e3o do presente edital, conforme mapa do anexo V deste edital (mapa das micro\u00e1reas de atendimento de agentes de sa\u00fade)\" data-balloon-pos=\"up\">Agente Comunit\u00e1rio de Sa\u00fade - Micro\u00e1rea 2 (Col\u00f4nia Bolsoni, Col\u00f4nia Linha Divisora, Col\u00f4nia Linha Gramado Dos Rosas)<\/span><\/td>\r\n<td class=\"cvagas\">1 + CR<\/td>\r\n<td class=\"cremuneracao\">R$ 3.036,00 \/40h<\/td>\r\n<\/tr><td class=\"ccargos\">\r\n<span data-balloon-length=\"medium\" aria-label=\"Ensino m\u00e9dio. Residir na micro\u00e1rea da comunidade em que atuar, desde a data da publica\u00e7\u00e3o do presente edital, conforme mapa do anexo V deste edital (mapa das micro\u00e1reas de atendimento de agentes de sa\u00fade)\" data-balloon-pos=\"up\">Agente Comunit\u00e1rio de Sa\u00fade - Micro\u00e1rea 3 (Linha Lageado Peao, Linha Matte, Linha Lambedor, Parte Da Linha Feliz, Parte Da Linha Killian)<\/span><\/td>\r\n<td class=\"cvagas\">1 + CR<\/td>\r\n<td class=\"cremuneracao\">R$ 3.036,00 \/40h<\/td>\r\n<\/tr><td class=\"ccargos\">\r\n<span data-balloon-length=\"medium\" aria-label=\"Ensino m\u00e9dio. Residir na micro\u00e1rea da comunidade em que atuar, desde a data da publica\u00e7\u00e3o do presente edital, conforme mapa do anexo V deste edital (mapa das micro\u00e1reas de atendimento de agentes de sa\u00fade)\" data-balloon-pos=\"up\">Agente Comunit\u00e1rio de Sa\u00fade - Micro\u00e1rea 4 (Linha Porto Chalana, Linha Elisb\u00e3o, Linha Schneider)<\/span><\/td>\r\n<td class=\"cvagas\">1 + CR<\/td>\r\n<td class=\"cremuneracao\">R$ 3.036,00 \/40h<\/td>\r\n<\/tr><td class=\"ccargos\">\r\n<span data-balloon-length=\"medium\" aria-label=\"Ensino m\u00e9dio. Residir na micro\u00e1rea da comunidade em que atuar, desde a data da publica\u00e7\u00e3o do presente edital, conforme mapa do anexo V deste edital (mapa das micro\u00e1reas de atendimento de agentes de sa\u00fade)\" data-balloon-pos=\"up\">Agente Comunit\u00e1rio de Sa\u00fade - Micro\u00e1rea 5 (Linha Siqueira, Linha S\u00e3o Jose, Linha Annes, Ville Bodanese, Condominio Guatapara)<\/span><\/td>\r\n<td class=\"cvagas\">1 + CR<\/td>\r\n<td class=\"cremuneracao\">R$ 3.036,00 \/40h<\/td>\r\n<\/tr><td class=\"ccargos\">\r\n<span data-balloon-length=\"medium\" aria-label=\"Ensino m\u00e9dio. Residir na micro\u00e1rea da comunidade em que atuar, desde a data da publica\u00e7\u00e3o do presente edital, conforme mapa do anexo V deste edital (mapa das micro\u00e1reas de atendimento de agentes de sa\u00fade)\" data-balloon-pos=\"up\">Agente Comunit\u00e1rio de Sa\u00fade - Micro\u00e1rea 6 (Centro Lado Direito Da Avenida E Grenville Quadras 17, 19, 20, 22, 46, 47, 48, 51, 52, 53, 57, 58, 59, 63, 28, 29, 27, 26, 23, 05, 07, 08, 12, 13, 16, Don Guilherme, Lado Direito da Estrada Chalana at\u00e9 o Cemit\u00e9rio Municipal)<\/span><\/td>\r\n<td class=\"cvagas\">1 + CR<\/td>\r\n<td class=\"cremuneracao\">R$ 3.036,00 \/40h<\/td>\r\n<\/tr><td class=\"ccargos\">\r\n<span data-balloon-length=\"medium\" aria-label=\"Ensino m\u00e9dio. Residir na micro\u00e1rea da comunidade em que atuar, desde a data da publica\u00e7\u00e3o do presente edital, conforme mapa do anexo V deste edital (mapa das micro\u00e1reas de atendimento de agentes de sa\u00fade)\" data-balloon-pos=\"up\">Agente Comunit\u00e1rio de Sa\u00fade - Micro\u00e1rea 7 (Col\u00f4nia Linha Feliz, Col\u00f4nia Linha Kilian)<\/span><\/td>\r\n<td class=\"cvagas\">1 + CR<\/td>\r\n<td class=\"cremuneracao\">R$ 3.036,00 \/40h<\/td>\r\n<\/tr><td class=\"ccargos\">\r\n<span data-balloon-length=\"medium\" aria-label=\"Ensino m\u00e9dio. Residir na micro\u00e1rea da comunidade em que atuar, desde a data da publica\u00e7\u00e3o do presente edital, conforme mapa do anexo V deste edital (mapa das micro\u00e1reas de atendimento de agentes de sa\u00fade)\" data-balloon-pos=\"up\">Agente Comunit\u00e1rio de Sa\u00fade - Micro\u00e1rea 8 (Parte do Grenville Quadras 45, 50, 56, 62, 64, 61, 55, 60 Vila Santa Luzia, Loteamento Habitar, Linha Flor, Parte do Lambedor, Parte da Linha Schneider)<\/span><\/td>\r\n<td class=\"cvagas\">1 + CR<\/td>\r\n<td class=\"cremuneracao\">R$ 3.036,00 \/40h<\/td>\r\n<\/tr><td class=\"ccargos\">\r\n<span data-balloon-length=\"medium\" aria-label=\"Ensino m\u00e9dio. Residir na micro\u00e1rea da comunidade em que atuar, desde a data da publica\u00e7\u00e3o do presente edital, conforme mapa do anexo V deste edital (mapa das micro\u00e1reas de atendimento de agentes de sa\u00fade)\" data-balloon-pos=\"up\">Agente Comunit\u00e1rio de Sa\u00fade - Micro\u00e1rea 9 (Col\u00f4nia Fazenda Zandavalli, Col\u00f4nia Linha Bettu)<\/span><\/td>\r\n<td class=\"cvagas\">1 + CR<\/td>\r\n<td class=\"cremuneracao\">R$ 3.036,00 \/40h<\/td>\r\n<\/tr><td class=\"ccargos\">\r\n<span data-balloon-length=\"medium\" aria-label=\"Ensino m\u00e9dio. Residir na micro\u00e1rea da comunidade em que atuar, desde a data da publica\u00e7\u00e3o do presente edital, conforme mapa do anexo V deste edital (mapa das micro\u00e1reas de atendimento de agentes de sa\u00fade)\" data-balloon-pos=\"up\">Agente Comunit\u00e1rio de Sa\u00fade - Micro\u00e1rea 10 (Centro depois da Ponte Quadras 82, 89, 37, Loteamento Fermino Machado, Barragem, Parte da Linha Annes)<\/span><\/td>\r\n<td class=\"cvagas\">1 + CR<\/td>\r\n<td class=\"cremuneracao\">R$ 3.036,00 \/40h<\/td>\r\n<\/tr><td class=\"ccargos\">\r\n<span data-balloon-length=\"medium\" aria-label=\"Ensino m\u00e9dio. Residir na micro\u00e1rea da comunidade em que atuar, desde a data da publica\u00e7\u00e3o do presente edital, conforme mapa do anexo V deste edital (mapa das micro\u00e1reas de atendimento de agentes de sa\u00fade)\" data-balloon-pos=\"up\">Agente Comunit\u00e1rio de Sa\u00fade - Micro\u00e1rea 11 (Centro Lado Esquerdo da Avenida Quadras 23, 08, 09, 10, 11, 39, 13, 14, 15, 17, 18, 20, 21, 22, Loteamento Abilio Dal Piva I, Loteamento Abilio Dal Piva II e Loteamento Abilio Dal Piva III)<\/span><\/td>\r\n<td class=\"cvagas\">1 + CR<\/td>\r\n<td class=\"cremuneracao\">R$ 3.036,00 \/40h<\/td>\r\n<\/tr><td class=\"ccargos\">\r\n<span data-balloon-length=\"medium\" aria-label=\"Ensino m\u00e9dio. Residir na micro\u00e1rea da comunidade em que atuar, desde a data da publica\u00e7\u00e3o do presente edital, conforme mapa do anexo V deste edital (mapa das micro\u00e1reas de atendimento de agentes de sa\u00fade)\" data-balloon-pos=\"up\">Agente Comunit\u00e1rio de Sa\u00fade - Micro\u00e1rea 12 (Loteamento Di Fiori, Loteamento Jardins Mezomo, Parte da Linha S\u00e3o Jose)<\/span><\/td>\r\n<td class=\"cvagas\">1 + CR<\/td>\r\n<td class=\"cremuneracao\">R$ 3.036,00 \/40h<\/td>\r\n<\/tr><td class=\"ccargos\">\r\n<span data-balloon-length=\"medium\" aria-label=\"Ensino m\u00e9dio\" data-balloon-pos=\"up\">Assistente Administrativo<\/span><\/td>\r\n<td class=\"cvagas\">1 + CR<\/td>\r\n<td class=\"cremuneracao\">R$ 2.708,99 \/40h<\/td>\r\n<\/tr><td class=\"ccargos\">\r\n<span data-balloon-length=\"medium\" aria-label=\"Ensino m\u00e9dio\" data-balloon-pos=\"up\">Auxiliar de Creche<\/span><\/td>\r\n<td class=\"cvagas\">10 + CR<\/td>\r\n<td class=\"cremuneracao\">R$ 1.708,18 \/30h<\/td>\r\n<\/tr><td class=\"ccargos\">\r\n<span data-balloon-length=\"medium\" aria-label=\"Ensino m\u00e9dio\" data-balloon-pos=\"up\">Secret\u00e1rio Escolar<\/span><\/td>\r\n<td class=\"cvagas\">1 + CR<\/td>\r\n<td class=\"cremuneracao\">R$ 2.708,99 \/40h<\/td>\r\n<\/tr><td class=\"ccargos\">\r\n<span data-balloon-length=\"medium\" aria-label=\"Ensino m\u00e9dio e curso t\u00e9cnico em enfermagem\" data-balloon-pos=\"up\">T\u00e9cnico em Enfermagem<\/span><\/td>\r\n<td class=\"cvagas\">1 + CR<\/td>\r\n<td class=\"cremuneracao\">R$ 4.116,14 \/40h<\/td>\r\n<\/tr><td class=\"ccargos\">\r\n<span data-balloon-length=\"medium\" aria-label=\"Ensino m\u00e9dio e T\u00e9cnico em Auxiliar\/Atendente de Farm\u00e1cia e\/ou T\u00e9cnico em Enfermagem.\" data-balloon-pos=\"up\">T\u00e9cnico em Farm\u00e1cia<\/span><\/td>\r\n<td class=\"cvagas\">1 + CR<\/td>\r\n<td class=\"cremuneracao\">R$ 2.985,27 \/40h<\/td>\r\n<\/tr><td class=\"ccargos\">\r\n<span data-balloon-length=\"medium\" aria-label=\"Ensino m\u00e9dio e curso t\u00e9cnico em higiene bucal\" data-balloon-pos=\"up\">T\u00e9cnico em Higiene Dental<\/span><\/td>\r\n<td class=\"cvagas\">1 + CR<\/td>\r\n<td class=\"cremuneracao\">R$ 3.125,54 \/40h<\/td>\r\n<\/tr><td class=\"ccargos\">\r\n<span data-balloon-length=\"medium\" aria-label=\"Ensino m\u00e9dio e curso t\u00e9cnico em inform\u00e1tica com carga hor\u00e1ria n\u00e3o inferior a 1.200 horas\" data-balloon-pos=\"up\">T\u00e9cnico em Inform\u00e1tica<\/span><\/td>\r\n<td class=\"cvagas\">1 + CR<\/td>\r\n<td class=\"cremuneracao\">R$ 3.125,53 \/40h<\/td>\r\n<\/tr>\r\n    <\/tbody>\r\n  <\/table>\r\n<\/div>","_superior":"<div>\r\n<table class=\"quadro\">\r\n<thead>\r\n<tr>\r\n<th class=\"hcargo\">Cargo<\/th>\r\n<th class=\"hvagas\">Vagas<\/th>\r\n<th class=\"hremuneracao\">Remunera\u00e7\u00e3o<\/th>\r\n<\/tr>\r\n<\/thead>\r\n    <tbody>\r\n      <tr>\r\n<td class=\"ccargos\">\r\n<span data-balloon-length=\"medium\" aria-label=\"Curso Superior em Direito, Administra\u00e7\u00e3o ou Contabilidade.\" data-balloon-pos=\"up\">Analista de Compras<\/span><\/td>\r\n<td class=\"cvagas\">1 + CR<\/td>\r\n<td class=\"cremuneracao\">R$ 6.269,58 \/40h<\/td>\r\n<\/tr><tr>\r\n<td class=\"ccargos\">\r\n<span data-balloon-length=\"medium\" aria-label=\"Curso Superior em Direito, Administra\u00e7\u00e3o ou Contabilidade.\" data-balloon-pos=\"up\">Analista de Licita\u00e7\u00f5es<\/span><\/td>\r\n<td class=\"cvagas\">1 + CR<\/td>\r\n<td class=\"cremuneracao\">R$ 6.269,58 \/40h<\/td>\r\n<\/tr><tr>\r\n<td class=\"ccargos\">\r\n<span data-balloon-length=\"medium\" aria-label=\"Curso Superior em Direito, Administra\u00e7\u00e3o ou Contabilidade.\" data-balloon-pos=\"up\">Analista de Patrim\u00f4nio<\/span><\/td>\r\n<td class=\"cvagas\">CR<\/td>\r\n<td class=\"cremuneracao\">R$ 6.269,58 \/40h<\/td>\r\n<\/tr><tr>\r\n<td class=\"ccargos\">\r\n<span data-balloon-length=\"medium\" aria-label=\"Curso Superior em Arquitetura e Urbanismo\" data-balloon-pos=\"up\">Arquiteto<\/span><\/td>\r\n<td class=\"cvagas\">1 + CR<\/td>\r\n<td class=\"cremuneracao\">R$ 4.629,84 \/20h<\/td>\r\n<\/tr><tr>\r\n<td class=\"ccargos\">\r\n<span data-balloon-length=\"medium\" aria-label=\"Curso Superior em Servi\u00e7o Social com Especializa\u00e7\u00e3o em Educa\u00e7\u00e3o. Registro no respectivo \u00d3rg\u00e3o Regulador de Classe\" data-balloon-pos=\"up\">Assistente Social Educacional<\/span><\/td>\r\n<td class=\"cvagas\">1 + CR<\/td>\r\n<td class=\"cremuneracao\">R$ 6.281,63 \/30h<\/td>\r\n<\/tr><tr>\r\n<td class=\"ccargos\">\r\n<span data-balloon-length=\"medium\" aria-label=\"Curso Superior em Ci\u00eancias Cont\u00e1beis. Registro no respectivo \u00d3rg\u00e3o Regulador de Classe\" data-balloon-pos=\"up\">Auxiliar de Contabilidade<\/span><\/td>\r\n<td class=\"cvagas\">CR<\/td>\r\n<td class=\"cremuneracao\">R$ 6.269,58 \/40h<\/td>\r\n<\/tr><tr>\r\n<td class=\"ccargos\">\r\n<span data-balloon-length=\"medium\" aria-label=\"Curso Superior em Enfermagem. Registro no respectivo \u00d3rg\u00e3o Regulador de Classe\" data-balloon-pos=\"up\">Enfermeiro<\/span><\/td>\r\n<td class=\"cvagas\">1 + CR<\/td>\r\n<td class=\"cremuneracao\">R$ 6.833,84 \/40h<\/td>\r\n<\/tr><tr>\r\n<td class=\"ccargos\">\r\n<span data-balloon-length=\"medium\" aria-label=\"Curso Superior em Agronomia. Registro no respectivo \u00d3rg\u00e3o Regulador de Classe\" data-balloon-pos=\"up\">Engenheiro Agr\u00f4nomo<\/span><\/td>\r\n<td class=\"cvagas\">CR<\/td>\r\n<td class=\"cremuneracao\">R$ 6.281,63 \/40h<\/td>\r\n<\/tr><tr>\r\n<td class=\"ccargos\">\r\n<span data-balloon-length=\"medium\" aria-label=\"Curso Superior em Farm\u00e1cia. Registro no respectivo \u00d3rg\u00e3o Regulador de Classe\" data-balloon-pos=\"up\">Farmac\u00eautico<\/span><\/td>\r\n<td class=\"cvagas\">1 + CR<\/td>\r\n<td class=\"cremuneracao\">R$ 6.269,58 \/40h<\/td>\r\n<\/tr><tr>\r\n<td class=\"ccargos\">\r\n<span data-balloon-length=\"medium\" aria-label=\"Curso Superior em Medicina. Registro no respectivo \u00d3rg\u00e3o Regulador de Classe\" data-balloon-pos=\"up\">M\u00e9dico<\/span><\/td>\r\n<td class=\"cvagas\">3 + CR<\/td>\r\n<td class=\"cremuneracao\">R$ 16.785,59 \/40h<\/td>\r\n<\/tr><tr>\r\n<td class=\"ccargos\">\r\n<span data-balloon-length=\"medium\" aria-label=\"Curso Superior em Medicina. Registro no respectivo \u00d3rg\u00e3o Regulador de Classe\" data-balloon-pos=\"up\">M\u00e9dico<\/span><\/td>\r\n<td class=\"cvagas\">1 + CR<\/td>\r\n<td class=\"cremuneracao\">R$ 8.392,79 \/20h<\/td>\r\n<\/tr><tr>\r\n<td class=\"ccargos\">\r\n<span data-balloon-length=\"medium\" aria-label=\"Curso Superior em Medicina Veterin\u00e1ria. Registro no respectivo \u00d3rg\u00e3o Regulador de Classe\" data-balloon-pos=\"up\">M\u00e9dico Veterin\u00e1rio<\/span><\/td>\r\n<td class=\"cvagas\">CR<\/td>\r\n<td class=\"cremuneracao\">R$ 6.269,58 \/40h<\/td>\r\n<\/tr><tr>\r\n<td class=\"ccargos\">\r\n<span data-balloon-length=\"medium\" aria-label=\"Curso Superior em Nutri\u00e7\u00e3o. Registro no respectivo \u00d3rg\u00e3o Regulador de Classe\" data-balloon-pos=\"up\">Nutricionista<\/span><\/td>\r\n<td class=\"cvagas\">2 + CR<\/td>\r\n<td class=\"cremuneracao\">R$ 6.269,58 \/40h<\/td>\r\n<\/tr><tr>\r\n<td class=\"ccargos\">\r\n<span data-balloon-length=\"medium\" aria-label=\"Curso superior de Licenciatura plena com habilita\u00e7\u00e3o em Artes\" data-balloon-pos=\"up\">Professor de Artes<\/span><\/td>\r\n<td class=\"cvagas\">1 + CR<\/td>\r\n<td class=\"cremuneracao\">R$ 1.216,94 \/10h<\/td>\r\n<\/tr><tr>\r\n<td class=\"ccargos\">\r\n<span data-balloon-length=\"medium\" aria-label=\"Curso superior de Licenciatura plena com habilita\u00e7\u00e3o em Artes\" data-balloon-pos=\"up\">Professor de Artes<\/span><\/td>\r\n<td class=\"cvagas\">1 + CR<\/td>\r\n<td class=\"cremuneracao\">R$ 2.433,89 \/20h<\/td>\r\n<\/tr><tr>\r\n<td class=\"ccargos\">\r\n<span data-balloon-length=\"medium\" aria-label=\"Curso superior de Licenciatura plena com habilita\u00e7\u00e3o em Artes\" data-balloon-pos=\"up\">Professor de Artes<\/span><\/td>\r\n<td class=\"cvagas\">1 + CR<\/td>\r\n<td class=\"cremuneracao\">R$ 3.650,83 \/30h<\/td>\r\n<\/tr><tr>\r\n<td class=\"ccargos\">\r\n<span data-balloon-length=\"medium\" aria-label=\"-Curso superior de Licenciatura plena, com habilita\u00e7\u00e3o em Educa\u00e7\u00e3o Especial; -Curso superior de licenciatura plena em Pedagogia, ou normal superior, com especializa\u00e7\u00e3o em educa\u00e7\u00e3o especial\" data-balloon-pos=\"up\">Professor de Educa\u00e7\u00e3o Especial<\/span><\/td>\r\n<td class=\"cvagas\">1 + CR<\/td>\r\n<td class=\"cremuneracao\">R$ 2.433,89 \/10h<\/td>\r\n<\/tr><tr>\r\n<td class=\"ccargos\">\r\n<span data-balloon-length=\"medium\" aria-label=\"-Curso superior de Licenciatura plena, com habilita\u00e7\u00e3o em Educa\u00e7\u00e3o Especial; -Curso superior de licenciatura plena em Pedagogia, ou normal superior, com especializa\u00e7\u00e3o em educa\u00e7\u00e3o especial\" data-balloon-pos=\"up\">Professor de Educa\u00e7\u00e3o Especial<\/span><\/td>\r\n<td class=\"cvagas\">1 + CR<\/td>\r\n<td class=\"cremuneracao\">R$ 4.867,77 \/20h<\/td>\r\n<\/tr><tr>\r\n<td class=\"ccargos\">\r\n<span data-balloon-length=\"medium\" aria-label=\"-Curso superior de Licenciatura plena, com habilita\u00e7\u00e3o em Educa\u00e7\u00e3o Especial; -Curso superior de licenciatura plena em Pedagogia, ou normal superior, com especializa\u00e7\u00e3o em educa\u00e7\u00e3o especial\" data-balloon-pos=\"up\">Professor de Educa\u00e7\u00e3o Especial<\/span><\/td>\r\n<td class=\"cvagas\">1 + CR<\/td>\r\n<td class=\"cremuneracao\">R$ 4.867,77 \/40h<\/td>\r\n<\/tr><tr>\r\n<td class=\"ccargos\">\r\n<span data-balloon-length=\"medium\" aria-label=\"Curso superior de Licenciatura plena em Educa\u00e7\u00e3o F\u00edsica. Registro no respectivo \u00d3rg\u00e3o Regulador de Classe\" data-balloon-pos=\"up\">Professor de Educa\u00e7\u00e3o F\u00edsica<\/span><\/td>\r\n<td class=\"cvagas\">CR<\/td>\r\n<td class=\"cremuneracao\">R$ 2.433,89 \/10h<\/td>\r\n<\/tr><tr>\r\n<td class=\"ccargos\">\r\n<span data-balloon-length=\"medium\" aria-label=\"Curso superior de Licenciatura plena em Educa\u00e7\u00e3o F\u00edsica. Registro no respectivo \u00d3rg\u00e3o Regulador de Classe\" data-balloon-pos=\"up\">Professor de Educa\u00e7\u00e3o F\u00edsica<\/span><\/td>\r\n<td class=\"cvagas\">CR<\/td>\r\n<td class=\"cremuneracao\">R$ 4.867,77 \/20h<\/td>\r\n<\/tr><tr>\r\n<td class=\"ccargos\">\r\n<span data-balloon-length=\"medium\" aria-label=\"Curso superior de Licenciatura plena em Educa\u00e7\u00e3o F\u00edsica. Registro no respectivo \u00d3rg\u00e3o Regulador de Classe\" data-balloon-pos=\"up\">Professor de Educa\u00e7\u00e3o F\u00edsica<\/span><\/td>\r\n<td class=\"cvagas\">CR<\/td>\r\n<td class=\"cremuneracao\">R$ 4.867,77 \/40h<\/td>\r\n<\/tr><tr>\r\n<td class=\"ccargos\">\r\n<span data-balloon-length=\"medium\" aria-label=\"Curso superior de Licenciatura plena em Pedagogia ou Normal Superior, com habilita\u00e7\u00e3o em Educa\u00e7\u00e3o Infantil\" data-balloon-pos=\"up\">Professor de Educa\u00e7\u00e3o Infantil<\/span><\/td>\r\n<td class=\"cvagas\">CR<\/td>\r\n<td class=\"cremuneracao\">R$ 2.433,89 \/10h<\/td>\r\n<\/tr><tr>\r\n<td class=\"ccargos\">\r\n<span data-balloon-length=\"medium\" aria-label=\"Curso superior de Licenciatura plena em Pedagogia ou Normal Superior, com habilita\u00e7\u00e3o em Educa\u00e7\u00e3o Infantil\" data-balloon-pos=\"up\">Professor de Educa\u00e7\u00e3o Infantil<\/span><\/td>\r\n<td class=\"cvagas\">CR<\/td>\r\n<td class=\"cremuneracao\">R$ 4.867,77 \/20h<\/td>\r\n<\/tr><tr>\r\n<td class=\"ccargos\">\r\n<span data-balloon-length=\"medium\" aria-label=\"Curso superior de Licenciatura plena em Pedagogia ou Normal Superior, com habilita\u00e7\u00e3o em Educa\u00e7\u00e3o Infantil\" data-balloon-pos=\"up\">Professor de Educa\u00e7\u00e3o Infantil<\/span><\/td>\r\n<td class=\"cvagas\">CR<\/td>\r\n<td class=\"cremuneracao\">R$ 4.867,77 \/40h<\/td>\r\n<\/tr><tr>\r\n<td class=\"ccargos\">\r\n<span data-balloon-length=\"medium\" aria-label=\"Curso superior de Licenciatura plena em Pedagogia, ou Normal Superior, com habilita\u00e7\u00e3o em Anos Iniciais.\" data-balloon-pos=\"up\">Professor de Ensino Fundamental I<\/span><\/td>\r\n<td class=\"cvagas\">CR<\/td>\r\n<td class=\"cremuneracao\">R$ 2.433,89 \/10h<\/td>\r\n<\/tr><tr>\r\n<td class=\"ccargos\">\r\n<span data-balloon-length=\"medium\" aria-label=\"Curso superior de Licenciatura plena em Pedagogia, ou Normal Superior, com habilita\u00e7\u00e3o em Anos Iniciais.\" data-balloon-pos=\"up\">Professor de Ensino Fundamental I<\/span><\/td>\r\n<td class=\"cvagas\">CR<\/td>\r\n<td class=\"cremuneracao\">R$ 4.867,77 \/20h<\/td>\r\n<\/tr><tr>\r\n<td class=\"ccargos\">\r\n<span data-balloon-length=\"medium\" aria-label=\"Curso superior de Licenciatura plena em Pedagogia, ou Normal Superior, com habilita\u00e7\u00e3o em Anos Iniciais.\" data-balloon-pos=\"up\">Professor de Ensino Fundamental I<\/span><\/td>\r\n<td class=\"cvagas\">CR<\/td>\r\n<td class=\"cremuneracao\">R$ 4.867,77 \/40h<\/td>\r\n<\/tr><tr>\r\n<td class=\"ccargos\">\r\n<span data-balloon-length=\"medium\" aria-label=\"Curso superior de Licenciatura Plena na \u00e1rea espec\u00edfica de atua\u00e7\u00e3o\" data-balloon-pos=\"up\">Professor de L\u00edngua Estrangeira - Ingl\u00eas<\/span><\/td>\r\n<td class=\"cvagas\">1 + CR<\/td>\r\n<td class=\"cremuneracao\">R$ 1.216,94 \/10h<\/td>\r\n<\/tr><tr>\r\n<td class=\"ccargos\">\r\n<span data-balloon-length=\"medium\" aria-label=\"Curso superior de Licenciatura Plena na \u00e1rea espec\u00edfica de atua\u00e7\u00e3o\" data-balloon-pos=\"up\">Professor de L\u00edngua Estrangeira - Ingl\u00eas<\/span><\/td>\r\n<td class=\"cvagas\">1 + CR<\/td>\r\n<td class=\"cremuneracao\">R$ 2.433,89 \/20h<\/td>\r\n<\/tr><tr>\r\n<td class=\"ccargos\">\r\n<span data-balloon-length=\"medium\" aria-label=\"Curso superior de Licenciatura Plena na \u00e1rea espec\u00edfica de atua\u00e7\u00e3o\" data-balloon-pos=\"up\">Professor de L\u00edngua Estrangeira - Ingl\u00eas<\/span><\/td>\r\n<td class=\"cvagas\">1 + CR<\/td>\r\n<td class=\"cremuneracao\">R$ 3.650,83 \/30h<\/td>\r\n<\/tr><tr>\r\n<td class=\"ccargos\">\r\n<span data-balloon-length=\"medium\" aria-label=\"Curso superior de Licenciatura Plena na \u00e1rea espec\u00edfica de atua\u00e7\u00e3o\" data-balloon-pos=\"up\">Professor de L\u00edngua Estrangeira - Ingl\u00eas<\/span><\/td>\r\n<td class=\"cvagas\">1 + CR<\/td>\r\n<td class=\"cremuneracao\">R$ 4.867,77 \/40h<\/td>\r\n<\/tr><tr>\r\n<td class=\"ccargos\">\r\n<span data-balloon-length=\"medium\" aria-label=\"- Licenciatura em Inform\u00e1tica ou em computa\u00e7\u00e3o e Especializa\u00e7\u00e3o em tecnologias educacionais; ou - Licenciatura Plena nas \u00e1reas da educa\u00e7\u00e3o e, no m\u00ednimo de 160h de curso na \u00e1rea de inform\u00e1tica (\u00faltimos 2 anos).\" data-balloon-pos=\"up\">Professor de Tecnologias Educacionais<\/span><\/td>\r\n<td class=\"cvagas\">1 + CR<\/td>\r\n<td class=\"cremuneracao\">R$ 1.216,94 \/10h<\/td>\r\n<\/tr><tr>\r\n<td class=\"ccargos\">\r\n<span data-balloon-length=\"medium\" aria-label=\"- Licenciatura em Inform\u00e1tica ou em computa\u00e7\u00e3o e Especializa\u00e7\u00e3o em tecnologias educacionais; ou - Licenciatura Plena nas \u00e1reas da educa\u00e7\u00e3o e, no m\u00ednimo de 160h de curso na \u00e1rea de inform\u00e1tica (\u00faltimos 2 anos).\" data-balloon-pos=\"up\">Professor de Tecnologias Educacionais<\/span><\/td>\r\n<td class=\"cvagas\">1 + CR<\/td>\r\n<td class=\"cremuneracao\">R$ 2.433,89 \/20h<\/td>\r\n<\/tr><tr>\r\n<td class=\"ccargos\">\r\n<span data-balloon-length=\"medium\" aria-label=\"- Licenciatura em Inform\u00e1tica ou em computa\u00e7\u00e3o e Especializa\u00e7\u00e3o em tecnologias educacionais; ou - Licenciatura Plena nas \u00e1reas da educa\u00e7\u00e3o e, no m\u00ednimo de 160h de curso na \u00e1rea de inform\u00e1tica (\u00faltimos 2 anos).\" data-balloon-pos=\"up\">Professor de Tecnologias Educacionais<\/span><\/td>\r\n<td class=\"cvagas\">1 + CR<\/td>\r\n<td class=\"cremuneracao\">R$ 3.650,83 \/30h<\/td>\r\n<\/tr><tr>\r\n<td class=\"ccargos\">\r\n<span data-balloon-length=\"medium\" aria-label=\"- Licenciatura em Inform\u00e1tica ou em computa\u00e7\u00e3o e Especializa\u00e7\u00e3o em tecnologias educacionais; ou - Licenciatura Plena nas \u00e1reas da educa\u00e7\u00e3o e, no m\u00ednimo de 160h de curso na \u00e1rea de inform\u00e1tica (\u00faltimos 2 anos).\" data-balloon-pos=\"up\">Professor de Tecnologias Educacionais<\/span><\/td>\r\n<td class=\"cvagas\">1 + CR<\/td>\r\n<td class=\"cremuneracao\">R$ 4.867,77 \/40h<\/td>\r\n<\/tr><tr>\r\n<td class=\"ccargos\">\r\n<span data-balloon-length=\"medium\" aria-label=\"Curso Superior em Psicologia com Especializa\u00e7\u00e3o em Educa\u00e7\u00e3o ou \u00e1rea afim. Registro no respectivo \u00d3rg\u00e3o Regulador de Classe\" data-balloon-pos=\"up\">Psic\u00f3logo Educacional<\/span><\/td>\r\n<td class=\"cvagas\">1 + CR<\/td>\r\n<td class=\"cremuneracao\">R$ 6.281,63 \/40h<\/td>\r\n<\/tr><tr>\r\n<td class=\"ccargos\">\r\n<span data-balloon-length=\"medium\" aria-label=\"Curso Superior em Agronomia\" data-balloon-pos=\"up\">T\u00e9cnico em Agropecu\u00e1ria<\/span><\/td>\r\n<td class=\"cvagas\">CR<\/td>\r\n<td class=\"cremuneracao\">R$ 3.617,05 \/40h<\/td>\r\n<\/tr><tr>\r\n<td class=\"ccargos\">\r\n<span data-balloon-length=\"medium\" aria-label=\"Curso Superior de Tecn\u00f3logo em Recursos Humanos; ou Curso Superior de Tecn\u00f3logo em Processos Gerenciais; ou Curso Superior em Administra\u00e7\u00e3o; ou Curso Superior em Ci\u00eancias Cont\u00e1beis. Registro no respectivo \u00d3rg\u00e3o Regulador de Classe\" data-balloon-pos=\"up\">T\u00e9cnico em Recursos Humanos<\/span><\/td>\r\n<td class=\"cvagas\">CR<\/td>\r\n<td class=\"cremuneracao\">R$ 5.155,46 \/40h<\/td>\r\n<\/tr>\r\n    <\/tbody>\r\n  <\/table>\r\n<\/div>"},"_links":{"self":[{"href":"https:\/\/www.agrobase.com.br\/concursos\/wp-json\/wp\/v2\/posts\/273890","targetHints":{"allow":["GET"]}}],"collection":[{"href":"https:\/\/www.agrobase.com.br\/concursos\/wp-json\/wp\/v2\/posts"}],"about":[{"href":"https:\/\/www.agrobase.com.br\/concursos\/wp-json\/wp\/v2\/types\/post"}],"author":[{"embeddable":true,"href":"https:\/\/www.agrobase.com.br\/concursos\/wp-json\/wp\/v2\/users\/7"}],"replies":[{"embeddable":true,"href":"https:\/\/www.agrobase.com.br\/concursos\/wp-json\/wp\/v2\/comments?post=273890"}],"version-history":[{"count":1,"href":"https:\/\/www.agrobase.com.br\/concursos\/wp-json\/wp\/v2\/posts\/273890\/revisions"}],"predecessor-version":[{"id":273892,"href":"https:\/\/www.agrobase.com.br\/concursos\/wp-json\/wp\/v2\/posts\/273890\/revisions\/273892"}],"wp:featuredmedia":[{"embeddable":true,"href":"https:\/\/www.agrobase.com.br\/concursos\/wp-json\/wp\/v2\/media\/273889"}],"wp:attachment":[{"href":"https:\/\/www.agrobase.com.br\/concursos\/wp-json\/wp\/v2\/media?parent=273890"}],"wp:term":[{"taxonomy":"category","embeddable":true,"href":"https:\/\/www.agrobase.com.br\/concursos\/wp-json\/wp\/v2\/categories?post=273890"},{"taxonomy":"post_tag","embeddable":true,"href":"https:\/\/www.agrobase.com.br\/concursos\/wp-json\/wp\/v2\/tags?post=273890"},{"taxonomy":"_amplo","embeddable":true,"href":"https:\/\/www.agrobase.com.br\/concursos\/wp-json\/wp\/v2\/_amplo?post=273890"},{"taxonomy":"destaque","embeddable":true,"href":"https:\/\/www.agrobase.com.br\/concursos\/wp-json\/wp\/v2\/destaque?post=273890"},{"taxonomy":"instituicoes","embeddable":true,"href":"https:\/\/www.agrobase.com.br\/concursos\/wp-json\/wp\/v2\/instituicoes?post=273890"}],"curies":[{"name":"wp","href":"https:\/\/api.w.org\/{rel}","templated":true}]}}