{"id":273874,"date":"2025-11-17T07:20:34","date_gmt":"2025-11-17T10:20:34","guid":{"rendered":"https:\/\/www.agrobase.com.br\/concursos\/?p=273874"},"modified":"2025-11-14T12:18:06","modified_gmt":"2025-11-14T15:18:06","slug":"prefeitura-agudo-rs-concurso-01-2025","status":"publish","type":"post","link":"https:\/\/www.agrobase.com.br\/concursos\/2025\/prefeitura-agudo-rs-concurso-01-2025\/","title":{"rendered":"Prefeitura Agudo (RS) &#8211; Concurso 01\/2025"},"content":{"rendered":"<h2>Informa\u00e7\u00f5es Gerais<\/h2>\n<p>O <strong>Concurso P\u00fablico da Prefeitura Municipal de Agudo\/RS<\/strong>, regido pelo Edital n\u00ba 01\/2025 e executado pela <strong>FUNDATEC<\/strong>, est\u00e1 com edital publicado e inscri\u00e7\u00f5es abertas. O certame visa ao <strong>provimento de 35 vagas imediatas e forma\u00e7\u00e3o de cadastro reserva<\/strong> para diversos cargos do quadro efetivo municipal, abrangendo n\u00edveis <strong>fundamental, m\u00e9dio\/t\u00e9cnico e superior<\/strong>. A sele\u00e7\u00e3o oferece remunera\u00e7\u00f5es que variam de <strong>R$ 1.576,34 a R$ 13.088,43<\/strong>, conforme o cargo e a jornada semanal.<\/p>\n<p>Os aprovados ingressar\u00e3o sob o <strong>regime estatut\u00e1rio<\/strong>, conforme a Lei Org\u00e2nica do Munic\u00edpio e o Estatuto dos Servidores Municipais. H\u00e1 oportunidades em \u00e1reas administrativas, educacionais, operacionais e de sa\u00fade, com destaque para cargos de <strong>Nutricionista, M\u00e9dico Veterin\u00e1rio, Fiscal Ambiental e Engenheiro Civil<\/strong>, de interesse especial para profissionais das \u00e1reas de ci\u00eancias agr\u00e1rias e ambientais.<\/p>\n<p>O concurso tem validade de dois anos, prorrog\u00e1vel uma vez por igual per\u00edodo, e representa uma excelente oportunidade para quem busca estabilidade e carreira no servi\u00e7o p\u00fablico municipal. Confira a seguir as informa\u00e7\u00f5es sobre inscri\u00e7\u00f5es, etapas e resultados.<\/p>\n<h2>Inscri\u00e7\u00f5es<\/h2>\n<p>As inscri\u00e7\u00f5es para o Concurso P\u00fablico da Prefeitura de Agudo\/RS est\u00e3o <strong>abertas<\/strong> e devem ser realizadas <strong>exclusivamente pela internet<\/strong>, no site da <a href=\"https:\/\/www.fundatec.org.br\" target=\"_blank\" rel=\"noopener\">FUNDATEC<\/a>. O per\u00edodo de inscri\u00e7\u00e3o vai de <strong>24 de outubro de 2025<\/strong> at\u00e9 as <strong>17h do dia 24 de novembro de 2025<\/strong>, conforme o cronograma oficial.<\/p>\n<p>As taxas de inscri\u00e7\u00e3o variam conforme o n\u00edvel de escolaridade exigido: <strong>R$ 180,00<\/strong> para cargos de n\u00edvel superior, <strong>R$ 110,00<\/strong> para m\u00e9dio\/t\u00e9cnico e <strong>R$ 80,00<\/strong> para fundamental completo ou incompleto. O pagamento deve ser efetuado por boleto banc\u00e1rio emitido no ato da inscri\u00e7\u00e3o, respeitando o prazo de vencimento indicado. A confirma\u00e7\u00e3o do pagamento poder\u00e1 ser consultada no site da FUNDATEC ap\u00f3s dois dias \u00fateis.<\/p>\n<p>N\u00e3o ser\u00e3o aceitas inscri\u00e7\u00f5es por outros meios, nem pagamentos via PIX, cart\u00e3o ou dep\u00f3sito. A FUNDATEC disponibilizar\u00e1 computadores em sua sede, em Porto Alegre\/RS, para candidatos que necessitem de acesso \u00e0 internet. Recomenda-se aten\u00e7\u00e3o aos prazos e \u00e0 correta utiliza\u00e7\u00e3o do CPF, pois inscri\u00e7\u00f5es com dados incorretos ser\u00e3o canceladas.<\/p>\n<p>O candidato deve acompanhar a homologa\u00e7\u00e3o de sua inscri\u00e7\u00e3o e demais comunicados no site da FUNDATEC. \u00c9 indispens\u00e1vel a leitura atenta do edital completo antes de efetuar a inscri\u00e7\u00e3o.<\/p>\n<h2>Etapas e Provas<\/h2>\n<p>O concurso ser\u00e1 composto por at\u00e9 <strong>tr\u00eas etapas<\/strong>, conforme o cargo pretendido:<\/p>\n<ul>\n<li><strong>Prova Te\u00f3rico-Objetiva<\/strong> \u2013 de car\u00e1ter eliminat\u00f3rio e classificat\u00f3rio, aplicada a todos os cargos. As quest\u00f5es ser\u00e3o de m\u00faltipla escolha e abordar\u00e3o conte\u00fados de <em>L\u00edngua Portuguesa, Matem\u00e1tica\/Racioc\u00ednio L\u00f3gico, Conhecimentos Gerais e Conhecimentos Espec\u00edficos<\/em>. A prova ter\u00e1 dura\u00e7\u00e3o de 3 horas e ser\u00e1 realizada em Agudo\/RS e cidades pr\u00f3ximas, com data prov\u00e1vel em <strong>10 e 11 de janeiro de 2026<\/strong>.<\/li>\n<li><strong>Prova Pr\u00e1tica<\/strong> \u2013 de car\u00e1ter eliminat\u00f3rio, destinada aos cargos de <em>Eletricista, Mec\u00e2nico, Motorista, Operador de M\u00e1quinas, Pedreiro, Pintor e Oper\u00e1rio<\/em>. Avaliar\u00e1 habilidades t\u00e9cnicas e desempenho nas atividades do cargo, com pontua\u00e7\u00e3o m\u00e1xima de 100 pontos e exig\u00eancia m\u00ednima de 60% para aprova\u00e7\u00e3o. A realiza\u00e7\u00e3o est\u00e1 prevista para <strong>28 de fevereiro e\/ou 1\u00ba de mar\u00e7o de 2026<\/strong>.<\/li>\n<li><strong>Prova de T\u00edtulos<\/strong> \u2013 de car\u00e1ter classificat\u00f3rio, exclusiva para cargos de <em>Professor<\/em>. Ser\u00e3o pontuados diplomas e certificados conforme crit\u00e9rios definidos no edital. A entrega dos t\u00edtulos ocorrer\u00e1 entre <strong>16 e 18 de fevereiro de 2026<\/strong>.<\/li>\n<\/ul>\n<p>Os candidatos devem comparecer aos locais de prova com anteced\u00eancia m\u00ednima de uma hora, munidos de documento oficial com foto e caneta esferogr\u00e1fica azul ou preta. O n\u00e3o comparecimento implicar\u00e1 elimina\u00e7\u00e3o. Recomenda-se a leitura do edital para conhecer o conte\u00fado program\u00e1tico e as regras de cada etapa.<\/p>\n<h2>Resultados e Gabarito<\/h2>\n<p>O cronograma de resultados do Concurso da Prefeitura de Agudo\/RS prev\u00ea a divulga\u00e7\u00e3o dos <strong>gabaritos preliminares<\/strong> das provas objetivas em <strong>12 de janeiro de 2026<\/strong> e dos <strong>gabaritos definitivos<\/strong> em <strong>30 de janeiro de 2026<\/strong>. As <strong>notas preliminares<\/strong> ser\u00e3o disponibilizadas em <strong>4 de fevereiro<\/strong> e as <strong>notas definitivas<\/strong> em <strong>13 de fevereiro de 2026<\/strong>.<\/p>\n<p>Para os cargos com Prova de T\u00edtulos, as notas preliminares e definitivas ser\u00e3o publicadas em <strong>3 e 17 de mar\u00e7o de 2026<\/strong>, respectivamente. J\u00e1 os cargos com Prova Pr\u00e1tica ter\u00e3o classifica\u00e7\u00e3o final divulgada em <strong>26 de mar\u00e7o de 2026<\/strong>.<\/p>\n<p>Em caso de empate, ser\u00e3o aplicados crit\u00e9rios sucessivos como: idade mais elevada (para candidatos com 60 anos ou mais), maior pontua\u00e7\u00e3o em Conhecimentos Espec\u00edficos, L\u00edngua Portuguesa, Legisla\u00e7\u00e3o e demais disciplinas, al\u00e9m da participa\u00e7\u00e3o como jurado em Tribunal do J\u00fari. Persistindo o empate, ser\u00e1 realizado sorteio p\u00fablico.<\/p>\n<p>A <strong>homologa\u00e7\u00e3o do resultado final<\/strong> ser\u00e1 publicada no site da FUNDATEC e em jornal local, autorizada pelo Prefeito Municipal. As convoca\u00e7\u00f5es para posse ocorrer\u00e3o conforme a ordem de classifica\u00e7\u00e3o, dentro do prazo de validade de dois anos, prorrog\u00e1vel uma vez. O acompanhamento das publica\u00e7\u00f5es oficiais no site da banca e no Di\u00e1rio Oficial \u00e9 de responsabilidade exclusiva do candidato.<\/p>\n","protected":false},"excerpt":{"rendered":"<p>Concurso Pref. Agudo (RS) com edital publicado! Vagas p\/ M\u00e9dico e Agente Sa\u00fade (Fund. a Sup.). Inscri\u00e7\u00f5es a partir de 24\/10. Sal\u00e1rios at\u00e9 R$13k. Confira!<\/p>\n","protected":false},"author":7,"featured_media":273873,"comment_status":"open","ping_status":"open","sticky":false,"template":"","format":"standard","meta":{"_acf_changed":false,"_breakdance_hide_in_design_set":false,"_breakdance_tags":"","footnotes":""},"categories":[3,4,6,6433,9,10,117,141,6434,12,13,14,15,102,16,17,18,19,111,115,155,100,20,6871,116,21,22,119,23,24,25,26,101,108,143,157,134],"tags":[58],"_amplo":[],"destaque":[],"instituicoes":[],"class_list":["post-273874","post","type-post","status-publish","format-standard","has-post-thumbnail","hentry","category-administracao","category-agronomia","category-biologia","category-biologia-licenciatura","category-ciencias-contabeis","category-direito","category-economia","category-educacao-artistica","category-educacao-fisica-licenciatura","category-enfermagem","category-engenharia-ambiental","category-engenharia","category-engenharia-florestal","category-engenharia-quimica","category-engenharia-sanitaria","category-farmacia","category-fisioterapia","category-fonoaudiologia","category-geografia","category-geologia","category-gestao-ambiental","category-historia","category-letras","category-letras-ingles","category-matematica","category-medicina","category-veterinaria","category-musica","category-nutricao","category-odontologia","category-pedagogia","category-psicologia","category-servico-social","category-tecnico-enfermagem","category-tecnico-odontologia","category-tecnico-seguranca-trabalho","category-terapia-ocupacional","tag-rio-grande-sul"],"acf":{"_tipo_vagas":"vagas","_numero_vagas":"","_quadro_vagas":"","_cargos":"diversos","_cargos_especificos":"","_salario_max":"R$ 13088.43","_abertura":"20251024","_encerramento":"20251124","_inscricoes":"https:\/\/www.fundatec.org.br","_executora_concurso":"","_instituicao_concurso":[],"_link_adicional":null,"_anexos":null,"_produtos":null,"_vagas":"35 vagas + CR","_salario_min":"R$ 1576.34","_instituicao":"Prefeitura de Agudo","_edital":"https:\/\/www.agrobase.com.br\/concursos\/wp-content\/uploads\/sites\/4\/2025\/11\/edital-01-2025-prefeitura-de-agudo-rs.pdf","_anexos_edital":"https:\/\/www.agrobase.com.br\/concursos\/wp-content\/uploads\/sites\/4\/2025\/11\/anexos-edital-01-2025-prefeitura-de-agudo-rs.pdf","_fund_incompleto":"<div>\r\n<table class=\"quadro\">\r\n<thead>\r\n<tr>\r\n<th class=\"hcargo\">Cargo<\/th>\r\n<th class=\"hvagas\">Vagas<\/th>\r\n<th class=\"hremuneracao\">Remunera\u00e7\u00e3o<\/th>\r\n<\/tr>\r\n<\/thead>\r\n    <tbody>\r\n      <td class=\"ccargos\">\r\n<span data-balloon-length=\"medium\" aria-label=\"Ensino Fundamental Incompleto.\" data-balloon-pos=\"up\">Merendeira-Servente<\/span><\/td>\r\n<td class=\"cvagas\">05 + CR<\/td>\r\n<td class=\"cremuneracao\">R$ 1.576,34 \/44h<\/td>\r\n<\/tr><td class=\"ccargos\">\r\n<span data-balloon-length=\"medium\" aria-label=\"Ensino Fundamental Incompleto.\" data-balloon-pos=\"up\">Oper\u00e1rio<\/span><\/td>\r\n<td class=\"cvagas\">CR<\/td>\r\n<td class=\"cremuneracao\">R$ 1.576,34 \/44h<\/td>\r\n<\/tr>\r\n    <\/tbody>\r\n  <\/table>\r\n<\/div>","_fund_completo":"<div>\r\n<table class=\"quadro\">\r\n<thead>\r\n<tr>\r\n<th class=\"hcargo\">Cargo<\/th>\r\n<th class=\"hvagas\">Vagas<\/th>\r\n<th class=\"hremuneracao\">Remunera\u00e7\u00e3o<\/th>\r\n<\/tr>\r\n<\/thead>\r\n    <tbody>\r\n      <td class=\"ccargos\">\r\n<span data-balloon-length=\"medium\" aria-label=\"Ensino Fundamental Completo.\" data-balloon-pos=\"up\">Eletricista<\/span><\/td>\r\n<td class=\"cvagas\">CR<\/td>\r\n<td class=\"cremuneracao\">R$ 1.958,48 \/44h<\/td>\r\n<\/tr><td class=\"ccargos\">\r\n<span data-balloon-length=\"medium\" aria-label=\"Ensino Fundamental Completo.\" data-balloon-pos=\"up\">Mec\u00e2nico<\/span><\/td>\r\n<td class=\"cvagas\">CR<\/td>\r\n<td class=\"cremuneracao\">R$ 3.104,92 \/44h<\/td>\r\n<\/tr><td class=\"ccargos\">\r\n<span data-balloon-length=\"medium\" aria-label=\"Ensino Fundamental Completo.\" data-balloon-pos=\"up\">Monitor de Escola<\/span><\/td>\r\n<td class=\"cvagas\">10 + CR<\/td>\r\n<td class=\"cremuneracao\">R$ 1.767,41 \/44h<\/td>\r\n<\/tr><td class=\"ccargos\">\r\n<span data-balloon-length=\"medium\" data-balloon-pos=\"up\">Motorista<\/span><\/td>\r\n<td class=\"cvagas\">CR<\/td>\r\n<td class=\"cremuneracao\">R$ 2.627,24 \/44h<\/td>\r\n<\/tr><td class=\"ccargos\">\r\n<span data-balloon-length=\"medium\" data-balloon-pos=\"up\">Operador de M\u00e1quinas<\/span><\/td>\r\n<td class=\"cvagas\">CR<\/td>\r\n<td class=\"cremuneracao\">R$ 3.104,92 \/44h<\/td>\r\n<\/tr><td class=\"ccargos\">\r\n<span data-balloon-length=\"medium\" aria-label=\"Ensino Fundamental Completo.\" data-balloon-pos=\"up\">Pedreiro<\/span><\/td>\r\n<td class=\"cvagas\">CR<\/td>\r\n<td class=\"cremuneracao\">R$ 2.149,56 \/44h<\/td>\r\n<\/tr><td class=\"ccargos\">\r\n<span data-balloon-length=\"medium\" aria-label=\"Ensino Fundamental Completo.\" data-balloon-pos=\"up\">Pintor<\/span><\/td>\r\n<td class=\"cvagas\">CR<\/td>\r\n<td class=\"cremuneracao\">R$ 1.958,48 \/44h<\/td>\r\n<\/tr>\r\n    <\/tbody>\r\n  <\/table>\r\n<\/div>","_medio":"<div>\r\n<table class=\"quadro\">\r\n<thead>\r\n<tr>\r\n<th class=\"hcargo\">Cargo<\/th>\r\n<th class=\"hvagas\">Vagas<\/th>\r\n<th class=\"hremuneracao\">Remunera\u00e7\u00e3o<\/th>\r\n<\/tr>\r\n<\/thead>\r\n    <tbody>\r\n      <td class=\"ccargos\">\r\n<span data-balloon-length=\"medium\" aria-label=\"Curso T\u00e9cnico Completo de Enfermagem com registro no respectivo Conselho da Classe.\" data-balloon-pos=\"up\">T\u00e9cnico em Enfermagem<\/span><\/td>\r\n<td class=\"cvagas\">CR<\/td>\r\n<td class=\"cremuneracao\">R$ 3.467,95 \/40h<\/td>\r\n<\/tr><td class=\"ccargos\">\r\n<span data-balloon-length=\"medium\" aria-label=\"Curso T\u00e9cnico Completo de Seguran\u00e7a do Trabalho e habilita\u00e7\u00e3o para o exerc\u00edcio da profiss\u00e3o.\" data-balloon-pos=\"up\">T\u00e9cnico em Seguran\u00e7a do Trabalho<\/span><\/td>\r\n<td class=\"cvagas\">CR<\/td>\r\n<td class=\"cremuneracao\">R$ 3.467,95 \/40h<\/td>\r\n<\/tr><td class=\"ccargos\">\r\n<span data-balloon-length=\"medium\" aria-label=\"Ensino M\u00e9dio Completo; possuir curso de qualifica\u00e7\u00e3o para o cargo; ter conclu\u00eddo, com aproveitamento, curso introdut\u00f3rio de forma\u00e7\u00e3o inicial e continuada que ser\u00e1 oferecido pelo munic\u00edpio.\" data-balloon-pos=\"up\">Agente de Combate a Endemias<\/span><\/td>\r\n<td class=\"cvagas\">CR<\/td>\r\n<td class=\"cremuneracao\">R$ 2.818,31 \/40h<\/td>\r\n<\/tr><td class=\"ccargos\">\r\n<span data-balloon-length=\"medium\" aria-label=\"Ensino M\u00e9dio Completo; residir na \u00e1rea da micro\u00e1rea 01 desde a data deste Edital; possuir curso de qualifica\u00e7\u00e3o para o cargo; ter conclu\u00eddo, com aproveitamento, curso introdut\u00f3rio de forma\u00e7\u00e3o inicial e continuada que ser\u00e1 oferecido pelo munic\u00edpio.\" data-balloon-pos=\"up\">Agente Comunit\u00e1rio de Sa\u00fade - Micro\u00e1rea 01<\/span><\/td>\r\n<td class=\"cvagas\">01 + CR<\/td>\r\n<td class=\"cremuneracao\">R$ 2.818,31 \/40h<\/td>\r\n<\/tr><td class=\"ccargos\">\r\n<span data-balloon-length=\"medium\" aria-label=\"Ensino M\u00e9dio Completo; residir na \u00e1rea da micro\u00e1rea 02 desde a data deste Edital; possuir curso de qualifica\u00e7\u00e3o para o cargo; ter conclu\u00eddo, com aproveitamento, curso introdut\u00f3rio de forma\u00e7\u00e3o inicial e continuada que ser\u00e1 oferecido pelo munic\u00edpio.\" data-balloon-pos=\"up\">Agente Comunit\u00e1rio de Sa\u00fade - Micro\u00e1rea 02<\/span><\/td>\r\n<td class=\"cvagas\">07 + CR<\/td>\r\n<td class=\"cremuneracao\">R$ 2.818,31 \/40h<\/td>\r\n<\/tr><td class=\"ccargos\">\r\n<span data-balloon-length=\"medium\" aria-label=\"Ensino M\u00e9dio Completo; residir na \u00e1rea da micro\u00e1rea 03 desde a data deste Edital; possuir curso de qualifica\u00e7\u00e3o para o cargo; ter conclu\u00eddo, com aproveitamento, curso introdut\u00f3rio de forma\u00e7\u00e3o inicial e continuada que ser\u00e1 oferecido pelo munic\u00edpio.\" data-balloon-pos=\"up\">Agente Comunit\u00e1rio de Sa\u00fade - Micro\u00e1rea 03<\/span><\/td>\r\n<td class=\"cvagas\">01 + CR<\/td>\r\n<td class=\"cremuneracao\">R$ 2.818,31 \/40h<\/td>\r\n<\/tr><td class=\"ccargos\">\r\n<span data-balloon-length=\"medium\" aria-label=\"Ensino M\u00e9dio Completo; residir na \u00e1rea da micro\u00e1rea 04 desde a data deste Edital; possuir curso de qualifica\u00e7\u00e3o para o cargo; ter conclu\u00eddo, com aproveitamento, curso introdut\u00f3rio de forma\u00e7\u00e3o inicial e continuada que ser\u00e1 oferecido pelo munic\u00edpio.\" data-balloon-pos=\"up\">Agente Comunit\u00e1rio de Sa\u00fade - Micro\u00e1rea 04<\/span><\/td>\r\n<td class=\"cvagas\">01 + CR<\/td>\r\n<td class=\"cremuneracao\">R$ 2.818,31 \/40h<\/td>\r\n<\/tr><td class=\"ccargos\">\r\n<span data-balloon-length=\"medium\" aria-label=\"Ensino M\u00e9dio Completo; residir na \u00e1rea da micro\u00e1rea 05 desde a data deste Edital; possuir curso de qualifica\u00e7\u00e3o para o cargo; ter conclu\u00eddo, com aproveitamento, curso introdut\u00f3rio de forma\u00e7\u00e3o inicial e continuada que ser\u00e1 oferecido pelo munic\u00edpio.\" data-balloon-pos=\"up\">Agente Comunit\u00e1rio de Sa\u00fade - Micro\u00e1rea 05<\/span><\/td>\r\n<td class=\"cvagas\">02 + CR<\/td>\r\n<td class=\"cremuneracao\">R$ 2.818,31 \/40h<\/td>\r\n<\/tr><td class=\"ccargos\">\r\n<span data-balloon-length=\"medium\" aria-label=\"Ensino M\u00e9dio Completo.\" data-balloon-pos=\"up\">Auxiliar Administrativo<\/span><\/td>\r\n<td class=\"cvagas\">01 + CR<\/td>\r\n<td class=\"cremuneracao\">R$ 3.467,95 \/40h<\/td>\r\n<\/tr><td class=\"ccargos\">\r\n<span data-balloon-length=\"medium\" aria-label=\"Ensino M\u00e9dio Completo; Curso de Forma\u00e7\u00e3o de Atendente de Consult\u00f3rio Dent\u00e1rio e Inscri\u00e7\u00e3o no Conselho Regional de Odontologia.\" data-balloon-pos=\"up\">Auxiliar de Sa\u00fade Bucal<\/span><\/td>\r\n<td class=\"cvagas\">01 + CR<\/td>\r\n<td class=\"cremuneracao\">R$ 3.104,92 \/40h<\/td>\r\n<\/tr><td class=\"ccargos\">\r\n<span data-balloon-length=\"medium\" aria-label=\"Ensino M\u00e9dio Completo.\" data-balloon-pos=\"up\">Secret\u00e1rio de Escola<\/span><\/td>\r\n<td class=\"cvagas\">CR<\/td>\r\n<td class=\"cremuneracao\">R$ 2.627,24 \/40h<\/td>\r\n<\/tr><td class=\"ccargos\">\r\n<span data-balloon-length=\"medium\" aria-label=\"Ensino M\u00e9dio Completo.\" data-balloon-pos=\"up\">Telefonista-Recepcionista<\/span><\/td>\r\n<td class=\"cvagas\">CR<\/td>\r\n<td class=\"cremuneracao\">R$ 2.149,56 \/40h<\/td>\r\n<\/tr>\r\n    <\/tbody>\r\n  <\/table>\r\n<\/div>","_superior":"<div>\r\n<table class=\"quadro\">\r\n<thead>\r\n<tr>\r\n<th class=\"hcargo\">Cargo<\/th>\r\n<th class=\"hvagas\">Vagas<\/th>\r\n<th class=\"hremuneracao\">Remunera\u00e7\u00e3o<\/th>\r\n<\/tr>\r\n<\/thead>\r\n    <tbody>\r\n      <tr>\r\n<td class=\"ccargos\">\r\n<span data-balloon-length=\"medium\" aria-label=\"Ensino Superior em Servi\u00e7o Social e registro no respectivo Conselho da Classe.\" data-balloon-pos=\"up\">Assistente Social<\/span><\/td>\r\n<td class=\"cvagas\">CR<\/td>\r\n<td class=\"cremuneracao\">R$ 8.722,43 \/30h<\/td>\r\n<\/tr><tr>\r\n<td class=\"ccargos\">\r\n<span data-balloon-length=\"medium\" aria-label=\"Ensino Superior Completo em Ci\u00eancias Cont\u00e1beis e registro no respectivo Conselho da Classe.\" data-balloon-pos=\"up\">Contador<\/span><\/td>\r\n<td class=\"cvagas\">CR<\/td>\r\n<td class=\"cremuneracao\">R$ 8.722,43 \/40h<\/td>\r\n<\/tr><tr>\r\n<td class=\"ccargos\">\r\n<span data-balloon-length=\"medium\" aria-label=\"Ensino Superior Completo em Enfermagem e registro no respectivo Conselho da Classe.\" data-balloon-pos=\"up\">Enfermeiro<\/span><\/td>\r\n<td class=\"cvagas\">CR<\/td>\r\n<td class=\"cremuneracao\">R$ 8.722,43 \/40h<\/td>\r\n<\/tr><tr>\r\n<td class=\"ccargos\">\r\n<span data-balloon-length=\"medium\" aria-label=\"Ensino Superior Completo em Engenharia Civil e registro no respectivo Conselho da Classe.\" data-balloon-pos=\"up\">Engenheiro Civil<\/span><\/td>\r\n<td class=\"cvagas\">CR<\/td>\r\n<td class=\"cremuneracao\">R$ 8.722,43 \/40h<\/td>\r\n<\/tr><tr>\r\n<td class=\"ccargos\">\r\n<span data-balloon-length=\"medium\" aria-label=\"Ensino Superior Completo em Farm\u00e1cia e registro no respectivo Conselho da Classe.\" data-balloon-pos=\"up\">Farmac\u00eautico<\/span><\/td>\r\n<td class=\"cvagas\">01 + CR<\/td>\r\n<td class=\"cremuneracao\">R$ 8.722,43 \/40h<\/td>\r\n<\/tr><tr>\r\n<td class=\"ccargos\">\r\n<span data-balloon-length=\"medium\" aria-label=\"Ensino Superior nas \u00e1reas dispostas no Anexo I da Lei Municipal N.\u00ba 2.646\/2025.\" data-balloon-pos=\"up\">Fiscal Ambiental<\/span><\/td>\r\n<td class=\"cvagas\">01 + CR<\/td>\r\n<td class=\"cremuneracao\">R$ 8.722,43 \/40h<\/td>\r\n<\/tr><tr>\r\n<td class=\"ccargos\">\r\n<span data-balloon-length=\"medium\" aria-label=\"Ensino Superior em Ci\u00eancias Cont\u00e1beis, Ci\u00eancias Econ\u00f4micas, Administra\u00e7\u00e3o ou Direito.\" data-balloon-pos=\"up\">Fiscal de Tributos Municipais<\/span><\/td>\r\n<td class=\"cvagas\">01 + CR<\/td>\r\n<td class=\"cremuneracao\">R$ 8.722,43 \/40h<\/td>\r\n<\/tr><tr>\r\n<td class=\"ccargos\">\r\n<span data-balloon-length=\"medium\" aria-label=\"Ensino Superior Completo em Fisioterapia e registro no respectivo Conselho da Classe.\" data-balloon-pos=\"up\">Fisioterapeuta<\/span><\/td>\r\n<td class=\"cvagas\">01 + CR<\/td>\r\n<td class=\"cremuneracao\">R$ 8.722,43 \/30h<\/td>\r\n<\/tr><tr>\r\n<td class=\"ccargos\">\r\n<span data-balloon-length=\"medium\" aria-label=\"Ensino Superior Completo em Fonoaudiologia e registro no respectivo Conselho profissional.\" data-balloon-pos=\"up\">Fonoaudi\u00f3logo<\/span><\/td>\r\n<td class=\"cvagas\">CR<\/td>\r\n<td class=\"cremuneracao\">R$ 4.356,44 \/20h<\/td>\r\n<\/tr><tr>\r\n<td class=\"ccargos\">\r\n<span data-balloon-length=\"medium\" aria-label=\"Ensino Superior Completo em Medicina e registro no respectivo Conselho de Classe.\" data-balloon-pos=\"up\">M\u00e9dico Cl\u00ednico Geral<\/span><\/td>\r\n<td class=\"cvagas\">01 + CR<\/td>\r\n<td class=\"cremuneracao\">R$ 13.088,43 \/20h<\/td>\r\n<\/tr><tr>\r\n<td class=\"ccargos\">\r\n<span data-balloon-length=\"medium\" aria-label=\"Ensino Superior Completo em Medicina com especializa\u00e7\u00e3o em Ginecologia e Obstetr\u00edcia e registro no respectivo Conselho de Classe.\" data-balloon-pos=\"up\">M\u00e9dico Ginecologista Obstetra<\/span><\/td>\r\n<td class=\"cvagas\">CR<\/td>\r\n<td class=\"cremuneracao\">R$ 13.088,43 \/20h<\/td>\r\n<\/tr><tr>\r\n<td class=\"ccargos\">\r\n<span data-balloon-length=\"medium\" aria-label=\"Ensino Superior Completo em Medicina com especializa\u00e7\u00e3o em Pediatria e registro no respectivo Conselho de Classe.\" data-balloon-pos=\"up\">M\u00e9dico Pediatra<\/span><\/td>\r\n<td class=\"cvagas\">CR<\/td>\r\n<td class=\"cremuneracao\">R$ 13.088,43 \/20h<\/td>\r\n<\/tr><tr>\r\n<td class=\"ccargos\">\r\n<span data-balloon-length=\"medium\" aria-label=\"Ensino Superior Completo em Medicina com especializa\u00e7\u00e3o em Psiquiatria e registro no respectivo Conselho de Classe.\" data-balloon-pos=\"up\">M\u00e9dico Psiquiatra<\/span><\/td>\r\n<td class=\"cvagas\">CR<\/td>\r\n<td class=\"cremuneracao\">R$ 13.088,43 \/20h<\/td>\r\n<\/tr><tr>\r\n<td class=\"ccargos\">\r\n<span data-balloon-length=\"medium\" aria-label=\"Ensino Superior Completo em Medicina Veterin\u00e1ria e registro no respectivo Conselho de Classe.\" data-balloon-pos=\"up\">M\u00e9dico Veterin\u00e1rio<\/span><\/td>\r\n<td class=\"cvagas\">CR<\/td>\r\n<td class=\"cremuneracao\">R$ 8.722,43 \/40h<\/td>\r\n<\/tr><tr>\r\n<td class=\"ccargos\">\r\n<span data-balloon-length=\"medium\" aria-label=\"Ensino Superior Completo em Nutri\u00e7\u00e3o e registro no respectivo Conselho de Classe.\" data-balloon-pos=\"up\">Nutricionista<\/span><\/td>\r\n<td class=\"cvagas\">01 + CR<\/td>\r\n<td class=\"cremuneracao\">R$ 8.722,43 \/40h<\/td>\r\n<\/tr><tr>\r\n<td class=\"ccargos\">\r\n<span data-balloon-length=\"medium\" aria-label=\"Ensino Superior Completo em Odontologia e registro no respectivo Conselho de Classe.\" data-balloon-pos=\"up\">Odont\u00f3logo<\/span><\/td>\r\n<td class=\"cvagas\">01 + CR<\/td>\r\n<td class=\"cremuneracao\">R$ 8.722,43 \/40h<\/td>\r\n<\/tr><tr>\r\n<td class=\"ccargos\">\r\n<span data-balloon-length=\"medium\" aria-label=\"Ensino Superior Completo em Psicologia e registro no respectivo Conselho de Classe.\" data-balloon-pos=\"up\">Psic\u00f3logo<\/span><\/td>\r\n<td class=\"cvagas\">CR<\/td>\r\n<td class=\"cremuneracao\">R$ 8.722,43 \/40h<\/td>\r\n<\/tr><tr>\r\n<td class=\"ccargos\">\r\n<span data-balloon-length=\"medium\" aria-label=\"Ensino Superior Completo em Terapia Ocupacional e registro no respectivo Conselho de Classe.\" data-balloon-pos=\"up\">Terapeuta Ocupacional<\/span><\/td>\r\n<td class=\"cvagas\">CR<\/td>\r\n<td class=\"cremuneracao\">R$ 4.356,44 \/20h<\/td>\r\n<\/tr><tr>\r\n<td class=\"ccargos\">\r\n<span data-balloon-length=\"medium\" aria-label=\"Ensino Superior Completo de Licenciatura Plena em Pedagogia com Habilita\u00e7\u00e3o para Educa\u00e7\u00e3o Infantil.\" data-balloon-pos=\"up\">Professor de Educa\u00e7\u00e3o Infantil<\/span><\/td>\r\n<td class=\"cvagas\">01 + CR<\/td>\r\n<td class=\"cremuneracao\">R$ 2.751,43 \/20h<\/td>\r\n<\/tr><tr>\r\n<td class=\"ccargos\">\r\n<span data-balloon-length=\"medium\" aria-label=\"Ensino Superior Completo de Licenciatura Plena em Pedagogia com Habilita\u00e7\u00e3o para S\u00e9ries\/Anos Iniciais.\" data-balloon-pos=\"up\">Professor de Anos Iniciais<\/span><\/td>\r\n<td class=\"cvagas\">01 + CR<\/td>\r\n<td class=\"cremuneracao\">R$ 2.751,43 \/20h<\/td>\r\n<\/tr><tr>\r\n<td class=\"ccargos\">\r\n<span data-balloon-length=\"medium\" aria-label=\"Ensino Superior Completo de Licenciatura Plena em Pedagogia com Habilita\u00e7\u00e3o em Educa\u00e7\u00e3o Especial.\" data-balloon-pos=\"up\">Professor de Educa\u00e7\u00e3o Especial<\/span><\/td>\r\n<td class=\"cvagas\">CR<\/td>\r\n<td class=\"cremuneracao\">R$ 2.751,43 \/20h<\/td>\r\n<\/tr><tr>\r\n<td class=\"ccargos\">\r\n<span data-balloon-length=\"medium\" aria-label=\"Ensino Superior Completo de Licenciatura Plena em Educa\u00e7\u00e3o F\u00edsica e registro no respectivo Conselho da Classe.\" data-balloon-pos=\"up\">Professor de Educa\u00e7\u00e3o F\u00edsica<\/span><\/td>\r\n<td class=\"cvagas\">CR<\/td>\r\n<td class=\"cremuneracao\">R$ 2.751,43 \/20h<\/td>\r\n<\/tr><tr>\r\n<td class=\"ccargos\">\r\n<span data-balloon-length=\"medium\" aria-label=\"Ensino Superior Completo de Licenciatura Plena em Ci\u00eancias.\" data-balloon-pos=\"up\">Professor de Ci\u00eancias<\/span><\/td>\r\n<td class=\"cvagas\">CR<\/td>\r\n<td class=\"cremuneracao\">R$ 2.751,43 \/20h<\/td>\r\n<\/tr><tr>\r\n<td class=\"ccargos\">\r\n<span data-balloon-length=\"medium\" aria-label=\"Ensino Superior Completo de Licenciatura Plena em Geografia.\" data-balloon-pos=\"up\">Professor de Geografia<\/span><\/td>\r\n<td class=\"cvagas\">CR<\/td>\r\n<td class=\"cremuneracao\">R$ 2.751,43 \/20h<\/td>\r\n<\/tr><tr>\r\n<td class=\"ccargos\">\r\n<span data-balloon-length=\"medium\" aria-label=\"Ensino Superior Completo de Licenciatura Plena em Hist\u00f3ria.\" data-balloon-pos=\"up\">Professor de Hist\u00f3ria<\/span><\/td>\r\n<td class=\"cvagas\">CR<\/td>\r\n<td class=\"cremuneracao\">R$ 2.751,43 \/20h<\/td>\r\n<\/tr><tr>\r\n<td class=\"ccargos\">\r\n<span data-balloon-length=\"medium\" aria-label=\"Ensino Superior Completo de Licenciatura Plena em L\u00edngua Alem\u00e3.\" data-balloon-pos=\"up\">Professor de L\u00edngua Alem\u00e3<\/span><\/td>\r\n<td class=\"cvagas\">CR<\/td>\r\n<td class=\"cremuneracao\">R$ 2.751,43 \/20h<\/td>\r\n<\/tr><tr>\r\n<td class=\"ccargos\">\r\n<span data-balloon-length=\"medium\" aria-label=\"Ensino Superior Completo de Licenciatura Plena em L\u00edngua Inglesa.\" data-balloon-pos=\"up\">Professor de L\u00edngua Inglesa<\/span><\/td>\r\n<td class=\"cvagas\">CR<\/td>\r\n<td class=\"cremuneracao\">R$ 2.751,43 \/20h<\/td>\r\n<\/tr><tr>\r\n<td class=\"ccargos\">\r\n<span data-balloon-length=\"medium\" aria-label=\"Ensino Superior Completo de Licenciatura Plena em L\u00edngua Portuguesa.\" data-balloon-pos=\"up\">Professor de L\u00edngua Portuguesa<\/span><\/td>\r\n<td class=\"cvagas\">CR<\/td>\r\n<td class=\"cremuneracao\">R$ 2.751,43 \/20h<\/td>\r\n<\/tr><tr>\r\n<td class=\"ccargos\">\r\n<span data-balloon-length=\"medium\" aria-label=\"Ensino Superior Completo de Licenciatura Plena em Matem\u00e1tica.\" data-balloon-pos=\"up\">Professor de Matem\u00e1tica<\/span><\/td>\r\n<td class=\"cvagas\">CR<\/td>\r\n<td class=\"cremuneracao\">R$ 2.751,43 \/20h<\/td>\r\n<\/tr><tr>\r\n<td class=\"ccargos\">\r\n<span data-balloon-length=\"medium\" aria-label=\"Ensino Superior Completo de Licenciatura Plena em M\u00fasica.\" data-balloon-pos=\"up\">Professor de M\u00fasica<\/span><\/td>\r\n<td class=\"cvagas\">CR<\/td>\r\n<td class=\"cremuneracao\">R$ 2.751,43 \/20h<\/td>\r\n<\/tr><tr>\r\n<td class=\"ccargos\">\r\n<span data-balloon-length=\"medium\" aria-label=\"Ensino Superior Completo de Licenciatura Plena em Artes.\" data-balloon-pos=\"up\">Professor de Artes<\/span><\/td>\r\n<td class=\"cvagas\">CR<\/td>\r\n<td class=\"cremuneracao\">R$ 2.751,43 \/20h<\/td>\r\n<\/tr>\r\n    <\/tbody>\r\n  <\/table>\r\n<\/div>"},"_links":{"self":[{"href":"https:\/\/www.agrobase.com.br\/concursos\/wp-json\/wp\/v2\/posts\/273874","targetHints":{"allow":["GET"]}}],"collection":[{"href":"https:\/\/www.agrobase.com.br\/concursos\/wp-json\/wp\/v2\/posts"}],"about":[{"href":"https:\/\/www.agrobase.com.br\/concursos\/wp-json\/wp\/v2\/types\/post"}],"author":[{"embeddable":true,"href":"https:\/\/www.agrobase.com.br\/concursos\/wp-json\/wp\/v2\/users\/7"}],"replies":[{"embeddable":true,"href":"https:\/\/www.agrobase.com.br\/concursos\/wp-json\/wp\/v2\/comments?post=273874"}],"version-history":[{"count":1,"href":"https:\/\/www.agrobase.com.br\/concursos\/wp-json\/wp\/v2\/posts\/273874\/revisions"}],"predecessor-version":[{"id":273876,"href":"https:\/\/www.agrobase.com.br\/concursos\/wp-json\/wp\/v2\/posts\/273874\/revisions\/273876"}],"wp:featuredmedia":[{"embeddable":true,"href":"https:\/\/www.agrobase.com.br\/concursos\/wp-json\/wp\/v2\/media\/273873"}],"wp:attachment":[{"href":"https:\/\/www.agrobase.com.br\/concursos\/wp-json\/wp\/v2\/media?parent=273874"}],"wp:term":[{"taxonomy":"category","embeddable":true,"href":"https:\/\/www.agrobase.com.br\/concursos\/wp-json\/wp\/v2\/categories?post=273874"},{"taxonomy":"post_tag","embeddable":true,"href":"https:\/\/www.agrobase.com.br\/concursos\/wp-json\/wp\/v2\/tags?post=273874"},{"taxonomy":"_amplo","embeddable":true,"href":"https:\/\/www.agrobase.com.br\/concursos\/wp-json\/wp\/v2\/_amplo?post=273874"},{"taxonomy":"destaque","embeddable":true,"href":"https:\/\/www.agrobase.com.br\/concursos\/wp-json\/wp\/v2\/destaque?post=273874"},{"taxonomy":"instituicoes","embeddable":true,"href":"https:\/\/www.agrobase.com.br\/concursos\/wp-json\/wp\/v2\/instituicoes?post=273874"}],"curies":[{"name":"wp","href":"https:\/\/api.w.org\/{rel}","templated":true}]}}