{"id":273870,"date":"2025-11-17T07:10:45","date_gmt":"2025-11-17T10:10:45","guid":{"rendered":"https:\/\/www.agrobase.com.br\/concursos\/?p=273870"},"modified":"2025-11-14T12:00:38","modified_gmt":"2025-11-14T15:00:38","slug":"prefeitura-afonso-claudio-es-selecao-simplificada-08-2025","status":"publish","type":"post","link":"https:\/\/www.agrobase.com.br\/concursos\/2025\/prefeitura-afonso-claudio-es-selecao-simplificada-08-2025\/","title":{"rendered":"Prefeitura Afonso Cl\u00e1udio (ES) &#8211; Sele\u00e7\u00e3o Simplificada 08\/2025"},"content":{"rendered":"<h2>Informa\u00e7\u00f5es Gerais<\/h2>\n<p>O <strong>Processo Seletivo Simplificado Edital n\u00ba 08\/2025<\/strong> foi publicado pela <strong>Prefeitura Municipal de Afonso Cl\u00e1udio (ES)<\/strong>, por meio da Secretaria Municipal de Sa\u00fade, com o objetivo de selecionar profissionais para contrata\u00e7\u00f5es tempor\u00e1rias e forma\u00e7\u00e3o de cadastro reserva. O certame segue o disposto no Art. 37, inciso IX, da Constitui\u00e7\u00e3o Federal e na Lei Municipal n\u00ba 1.773\/2007, destinando-se ao atendimento de necessidades emergenciais do munic\u00edpio.<\/p>\n<p>As oportunidades abrangem cargos de n\u00edveis <strong>fundamental, t\u00e9cnico e superior<\/strong>, com remunera\u00e7\u00f5es que variam de <strong>R$ 1.906,81 a R$ 6.680,55<\/strong>. As vagas contemplam diversas \u00e1reas da sa\u00fade, incluindo fun\u00e7\u00f5es de grande interesse p\u00fablico como <em>Nutri\u00e7\u00e3o<\/em> e <em>Medicina Veterin\u00e1ria<\/em>, al\u00e9m de cargos para m\u00e9dicos, enfermeiros, fisioterapeutas, odont\u00f3logos, psic\u00f3logos e assistentes sociais.<\/p>\n<p>Os contratos ser\u00e3o firmados por tempo determinado, conforme a necessidade da Secretaria Municipal de Sa\u00fade, e os profissionais dever\u00e3o ter disponibilidade para atuar nas unidades e centros de atendimento do munic\u00edpio. A seguir, confira as informa\u00e7\u00f5es completas sobre inscri\u00e7\u00f5es, etapas e resultados do processo seletivo.<\/p>\n<h2>Inscri\u00e7\u00f5es<\/h2>\n<p>As inscri\u00e7\u00f5es para o Processo Seletivo Simplificado da Prefeitura de Afonso Cl\u00e1udio (Edital n\u00ba 08\/2025) estar\u00e3o abertas de <strong>17 a 24 de novembro de 2025<\/strong>, das 7h \u00e0s 16h, conforme o hor\u00e1rio oficial de Bras\u00edlia. O procedimento \u00e9 <strong>gratuito<\/strong> e deve ser realizado em duas etapas: preenchimento da ficha on-line no site oficial da Prefeitura (<a href=\"http:\/\/www.afonsoclaudio.es.gov.br\/site\/\" target=\"_blank\" rel=\"noopener\">http:\/\/www.afonsoclaudio.es.gov.br\/site\/<\/a>) e entrega presencial dos documentos comprobat\u00f3rios no setor de Protocolo, localizado na Pra\u00e7a da Independ\u00eancia, n\u00ba 341, Centro \u2013 Afonso Cl\u00e1udio\/ES.<\/p>\n<p>O candidato dever\u00e1 apresentar envelope lacrado contendo a ficha de inscri\u00e7\u00e3o impressa e assinada, c\u00f3pias dos documentos pessoais, comprovante de escolaridade, certificados de cursos e comprova\u00e7\u00e3o de experi\u00eancia profissional, conforme especificado no edital. Cada candidato poder\u00e1 efetuar apenas uma inscri\u00e7\u00e3o por CPF.<\/p>\n<p>N\u00e3o h\u00e1 cobran\u00e7a de taxa de inscri\u00e7\u00e3o, e n\u00e3o ser\u00e3o aceitas inscri\u00e7\u00f5es fora do prazo. A efetiva\u00e7\u00e3o implica o conhecimento e aceita\u00e7\u00e3o integral das normas do edital. Recomenda-se que o candidato acompanhe o status da inscri\u00e7\u00e3o e eventuais comunicados diretamente no site da Prefeitura e consulte o edital completo para todos os detalhes.<\/p>\n<h2>Etapas e Provas<\/h2>\n<p>O processo seletivo ser\u00e1 conduzido pela Comiss\u00e3o Organizadora designada pela Portaria n\u00ba 233\/2025 e compreender\u00e1 as seguintes fases:<\/p>\n<ul>\n<li><strong>An\u00e1lise documental:<\/strong> etapa inicial de car\u00e1ter eliminat\u00f3rio, na qual ser\u00e3o verificadas as informa\u00e7\u00f5es e documentos apresentados pelos candidatos no ato da inscri\u00e7\u00e3o.<\/li>\n<li><strong>An\u00e1lise de t\u00edtulos:<\/strong> de car\u00e1ter classificat\u00f3rio, realizada entre 25\/11\/2025 e 12\/12\/2025. Ser\u00e3o pontuados o tempo de servi\u00e7o e certificados de cursos na \u00e1rea da sa\u00fade, conforme crit\u00e9rios do Anexo V do edital. Certificados com carga hor\u00e1ria inferior a 40 horas n\u00e3o ser\u00e3o considerados.<\/li>\n<\/ul>\n<p>Os documentos comprobat\u00f3rios dever\u00e3o ser entregues exclusivamente de forma impressa no setor de Protocolo da Prefeitura de Afonso Cl\u00e1udio, dentro dos prazos estabelecidos. A documenta\u00e7\u00e3o ser\u00e1 avaliada em conformidade com as informa\u00e7\u00f5es da ficha de inscri\u00e7\u00e3o e as exig\u00eancias do edital.<\/p>\n<p>Para detalhes sobre pontua\u00e7\u00e3o, crit\u00e9rios de avalia\u00e7\u00e3o e cronograma completo, recomenda-se a leitura atenta do edital e de seus anexos dispon\u00edveis no site oficial da Prefeitura.<\/p>\n<h2>Resultados e Gabarito<\/h2>\n<p>A divulga\u00e7\u00e3o das etapas e resultados do Processo Seletivo Simplificado Edital n\u00ba 08\/2025 ser\u00e1 feita exclusivamente no site oficial da Prefeitura de Afonso Cl\u00e1udio (<a href=\"http:\/\/www.afonsoclaudio.es.gov.br\/site\/\" target=\"_blank\" rel=\"noopener\">http:\/\/www.afonsoclaudio.es.gov.br\/site\/<\/a>), conforme o cronograma do Anexo III. O resultado preliminar est\u00e1 previsto para <strong>16 de dezembro de 2025<\/strong>, com per\u00edodo de recursos entre <strong>17 e 19 de dezembro de 2025<\/strong>. O resultado da an\u00e1lise dos recursos ser\u00e1 divulgado em <strong>23 de dezembro de 2025<\/strong>, e a homologa\u00e7\u00e3o final ocorrer\u00e1 em <strong>30 de dezembro de 2025<\/strong>.<\/p>\n<p>Em caso de empate na pontua\u00e7\u00e3o final, ser\u00e3o aplicados os seguintes crit\u00e9rios de desempate, nesta ordem: maior idade, maior tempo de servi\u00e7o como profissional de sa\u00fade e maior pontua\u00e7\u00e3o em cursos na \u00e1rea da sa\u00fade.<\/p>\n<p>Ap\u00f3s a homologa\u00e7\u00e3o, as convoca\u00e7\u00f5es para contrata\u00e7\u00e3o tempor\u00e1ria ocorrer\u00e3o conforme a necessidade da Secretaria Municipal de Sa\u00fade, respeitando rigorosamente a ordem de classifica\u00e7\u00e3o. O candidato convocado dever\u00e1 apresentar a documenta\u00e7\u00e3o exigida no prazo de cinco dias \u00fateis, sob pena de elimina\u00e7\u00e3o.<\/p>\n<p>\u00c9 responsabilidade exclusiva do candidato acompanhar todas as publica\u00e7\u00f5es oficiais referentes ao processo seletivo no site da Prefeitura e no Di\u00e1rio Oficial, inclusive eventuais retifica\u00e7\u00f5es, resultados e convoca\u00e7\u00f5es.<\/p>\n","protected":false},"excerpt":{"rendered":"<p>Sel. Simplificada Pref. Afonso Cl\u00e1udio (ES) com edital publicado! Vagas p\/ M\u00e9dico e Enfermeiro (Fund. a Sup.). Inscri\u00e7\u00f5es a partir de 17\/11. Confira detalhes!<\/p>\n","protected":false},"author":7,"featured_media":273869,"comment_status":"open","ping_status":"open","sticky":false,"template":"","format":"standard","meta":{"_acf_changed":false,"_breakdance_hide_in_design_set":false,"_breakdance_tags":"","footnotes":""},"categories":[106,12,17,18,19,21,22,23,24,26,101,108,134],"tags":[45],"_amplo":[],"destaque":[],"instituicoes":[],"class_list":["post-273870","post","type-post","status-publish","format-standard","has-post-thumbnail","hentry","category-bioquimica","category-enfermagem","category-farmacia","category-fisioterapia","category-fonoaudiologia","category-medicina","category-veterinaria","category-nutricao","category-odontologia","category-psicologia","category-servico-social","category-tecnico-enfermagem","category-terapia-ocupacional","tag-espirito-santo"],"acf":{"_tipo_vagas":"vagas","_numero_vagas":"","_quadro_vagas":"","_cargos":"diversos","_cargos_especificos":"","_salario_max":"R$ 6680.55","_abertura":"20251117","_encerramento":"20251124","_inscricoes":"http:\/\/www.afonsoclaudio.es.gov.br\/site\/","_executora_concurso":"","_instituicao_concurso":[],"_link_adicional":null,"_anexos":null,"_produtos":null,"_vagas":"CR","_salario_min":"R$ 1906.81","_instituicao":"Prefeitura de Afonso Cl\u00e1udio","_edital":"https:\/\/www.agrobase.com.br\/concursos\/wp-content\/uploads\/sites\/4\/2025\/11\/edital-08-2025-prefeitura-de-afonso-claudio-es.pdf","_anexos_edital":"","_fund_incompleto":"","_fund_completo":"<div>\r\n<table class=\"quadro\">\r\n<thead>\r\n<tr>\r\n<th class=\"hcargo\">Cargo<\/th>\r\n<th class=\"hvagas\">Vagas<\/th>\r\n<th class=\"hremuneracao\">Remunera\u00e7\u00e3o<\/th>\r\n<\/tr>\r\n<\/thead>\r\n    <tbody>\r\n      <td class=\"ccargos\">\r\n<span data-balloon-length=\"medium\" aria-label=\"Ensino Fundamental completo\" data-balloon-pos=\"up\">Atendente de Farm\u00e1cia<\/span><\/td>\r\n<td class=\"cvagas\">CR<\/td>\r\n<td class=\"cremuneracao\">R$ 1.906,81 \/40h<\/td>\r\n<\/tr><td class=\"ccargos\">\r\n<span data-balloon-length=\"medium\" aria-label=\"Ensino Fundamental completo + registro no CRO.\" data-balloon-pos=\"up\">Atendente para Consult\u00f3rio Odontol\u00f3gico<\/span><\/td>\r\n<td class=\"cvagas\">CR<\/td>\r\n<td class=\"cremuneracao\">R$ 1.906,81 \/40h<\/td>\r\n<\/tr>\r\n    <\/tbody>\r\n  <\/table>\r\n<\/div>","_medio":"<div>\r\n<table class=\"quadro\">\r\n<thead>\r\n<tr>\r\n<th class=\"hcargo\">Cargo<\/th>\r\n<th class=\"hvagas\">Vagas<\/th>\r\n<th class=\"hremuneracao\">Remunera\u00e7\u00e3o<\/th>\r\n<\/tr>\r\n<\/thead>\r\n    <tbody>\r\n      <td class=\"ccargos\">\r\n<span data-balloon-length=\"medium\" aria-label=\"Curso de T\u00e9cnico em Enfermagem em n\u00edvel de segundo grau e habilita\u00e7\u00e3o legal para o exerc\u00edcio da profiss\u00e3o.\" data-balloon-pos=\"up\">T\u00e9cnico em enfermagem<\/span><\/td>\r\n<td class=\"cvagas\">CR<\/td>\r\n<td class=\"cremuneracao\">R$ 0,00 \/40h<\/td>\r\n<\/tr>\r\n    <\/tbody>\r\n  <\/table>\r\n<\/div>","_superior":"<div>\r\n<table class=\"quadro\">\r\n<thead>\r\n<tr>\r\n<th class=\"hcargo\">Cargo<\/th>\r\n<th class=\"hvagas\">Vagas<\/th>\r\n<th class=\"hremuneracao\">Remunera\u00e7\u00e3o<\/th>\r\n<\/tr>\r\n<\/thead>\r\n    <tbody>\r\n      <tr>\r\n<td class=\"ccargos\">\r\n<span data-balloon-length=\"medium\" aria-label=\"Curso de n\u00edvel superior em Servi\u00e7o Social, acrescido de registro no respectivo conselho de classe.\" data-balloon-pos=\"up\">Assistente Social<\/span><\/td>\r\n<td class=\"cvagas\">CR<\/td>\r\n<td class=\"cremuneracao\">R$ 4.209,43 \/30h<\/td>\r\n<\/tr><tr>\r\n<td class=\"ccargos\">\r\n<span data-balloon-length=\"medium\" aria-label=\"Curso de n\u00edvel superior em Enfermagem, acrescido de registro no respectivo conselho de classe. Concedido gratifica\u00e7\u00e3o de 60% se investido na fun\u00e7\u00e3o de coordena\u00e7\u00e3o de programas.\" data-balloon-pos=\"up\">Enfermeiros para Unidades<\/span><\/td>\r\n<td class=\"cvagas\">CR<\/td>\r\n<td class=\"cremuneracao\">R$ 6.435,09 \/40h<\/td>\r\n<\/tr><tr>\r\n<td class=\"ccargos\">\r\n<span data-balloon-length=\"medium\" aria-label=\"Curso de n\u00edvel superior em Enfermagem, acrescido de registro no respectivo conselho de classe. Concedido gratifica\u00e7\u00e3o de 60% se investido na fun\u00e7\u00e3o de coordena\u00e7\u00e3o de programas.\" data-balloon-pos=\"up\">Enfermeiros p\/ ESF<\/span><\/td>\r\n<td class=\"cvagas\">CR<\/td>\r\n<td class=\"cremuneracao\">R$ 6.435,09 \/40h<\/td>\r\n<\/tr><tr>\r\n<td class=\"ccargos\">\r\n<span data-balloon-length=\"medium\" aria-label=\"Curso de n\u00edvel superior em Farmacia\/Bioqu\u00edmica, acrescido de registro no respectivo conselho de classe.\" data-balloon-pos=\"up\">Farmac\u00eautico\/Bioqu\u00edmico<\/span><\/td>\r\n<td class=\"cvagas\">CR<\/td>\r\n<td class=\"cremuneracao\">R$ 2.848,71 \/20h<\/td>\r\n<\/tr><tr>\r\n<td class=\"ccargos\">\r\n<span data-balloon-length=\"medium\" aria-label=\"Curso de n\u00edvel superior Fonoaudiologia, acrescido de registro no respectivo conselho de classe.\" data-balloon-pos=\"up\">Fonoaudi\u00f3logo<\/span><\/td>\r\n<td class=\"cvagas\">CR<\/td>\r\n<td class=\"cremuneracao\">R$ 4.209,43 \/30h<\/td>\r\n<\/tr><tr>\r\n<td class=\"ccargos\">\r\n<span data-balloon-length=\"medium\" aria-label=\"Curso de n\u00edvel superior em Fisioterapia, acrescido de registro no respectivo conselho de classe.\" data-balloon-pos=\"up\">Fisioterapeuta<\/span><\/td>\r\n<td class=\"cvagas\">CR<\/td>\r\n<td class=\"cremuneracao\">R$ 4.209,43 \/20h<\/td>\r\n<\/tr><tr>\r\n<td class=\"ccargos\">\r\n<span data-balloon-length=\"medium\" aria-label=\"Curso de N\u00edvel Superior em Medicina e registro no respectivo conselho de classe. Concedido gratifica\u00e7\u00e3o de 60% se investido na fun\u00e7\u00e3o de coordena\u00e7\u00e3o de programas.\" data-balloon-pos=\"up\">M\u00e9dico ESF<\/span><\/td>\r\n<td class=\"cvagas\">CR<\/td>\r\n<td class=\"cremuneracao\">R$ 6.435,09 \/40h<\/td>\r\n<\/tr><tr>\r\n<td class=\"ccargos\">\r\n<span data-balloon-length=\"medium\" aria-label=\"Curso de N\u00edvel Superior em Medicina e registro no respectivo conselho de classe.\" data-balloon-pos=\"up\">M\u00e9dico Cl\u00ednico Geral<\/span><\/td>\r\n<td class=\"cvagas\">CR<\/td>\r\n<td class=\"cremuneracao\">R$ 6.680,55 \/20h<\/td>\r\n<\/tr><tr>\r\n<td class=\"ccargos\">\r\n<span data-balloon-length=\"medium\" aria-label=\"Curso de n\u00edvel superior em Nutri\u00e7\u00e3o, acrescido de registro no respectivo conselho de classe.\" data-balloon-pos=\"up\">Nutricionista<\/span><\/td>\r\n<td class=\"cvagas\">CR<\/td>\r\n<td class=\"cremuneracao\">R$ 4.209,43 \/30h<\/td>\r\n<\/tr><tr>\r\n<td class=\"ccargos\">\r\n<span data-balloon-length=\"medium\" aria-label=\"Curso de N\u00edvel Superior em Medicina Veterin\u00e1ria e registro no respectivo conselho de classe.\" data-balloon-pos=\"up\">M\u00e9dico Veterin\u00e1rio<\/span><\/td>\r\n<td class=\"cvagas\">CR<\/td>\r\n<td class=\"cremuneracao\">R$ 4.209,43 \/20h<\/td>\r\n<\/tr><tr>\r\n<td class=\"ccargos\">\r\n<span data-balloon-length=\"medium\" aria-label=\"Curso de n\u00edvel superior em Odontologia, acrescido de registro no respectivo conselho de classe.\" data-balloon-pos=\"up\">Odont\u00f3logo<\/span><\/td>\r\n<td class=\"cvagas\">CR<\/td>\r\n<td class=\"cremuneracao\">R$ 4.209,43 \/20h<\/td>\r\n<\/tr><tr>\r\n<td class=\"ccargos\">\r\n<span data-balloon-length=\"medium\" aria-label=\"Curso de n\u00edvel superior em Odontologia, acrescido de registro no respectivo conselho de classe. Concedido gratifica\u00e7\u00e3o de 60% se investido na fun\u00e7\u00e3o de coordena\u00e7\u00e3o de programas.\" data-balloon-pos=\"up\">Odont\u00f3logo do ESF<\/span><\/td>\r\n<td class=\"cvagas\">CR<\/td>\r\n<td class=\"cremuneracao\">R$ 6.435,09 \/40h<\/td>\r\n<\/tr><tr>\r\n<td class=\"ccargos\">\r\n<span data-balloon-length=\"medium\" aria-label=\"Curso de n\u00edvel superior em Psicologia, acrescido de registro no respectivo conselho de classe.\" data-balloon-pos=\"up\">Psic\u00f3logo<\/span><\/td>\r\n<td class=\"cvagas\">CR<\/td>\r\n<td class=\"cremuneracao\">R$ 4.209,43 \/40h<\/td>\r\n<\/tr><tr>\r\n<td class=\"ccargos\">\r\n<span data-balloon-length=\"medium\" aria-label=\"Curso de n\u00edvel superior em Terapia Ocupacional, acrescido de registro no respectivo conselho de classe.\" data-balloon-pos=\"up\">Terapeuta Ocupacional<\/span><\/td>\r\n<td class=\"cvagas\">CR<\/td>\r\n<td class=\"cremuneracao\">R$ 4.209,43 \/30h<\/td>\r\n<\/tr>\r\n    <\/tbody>\r\n  <\/table>\r\n<\/div>"},"_links":{"self":[{"href":"https:\/\/www.agrobase.com.br\/concursos\/wp-json\/wp\/v2\/posts\/273870","targetHints":{"allow":["GET"]}}],"collection":[{"href":"https:\/\/www.agrobase.com.br\/concursos\/wp-json\/wp\/v2\/posts"}],"about":[{"href":"https:\/\/www.agrobase.com.br\/concursos\/wp-json\/wp\/v2\/types\/post"}],"author":[{"embeddable":true,"href":"https:\/\/www.agrobase.com.br\/concursos\/wp-json\/wp\/v2\/users\/7"}],"replies":[{"embeddable":true,"href":"https:\/\/www.agrobase.com.br\/concursos\/wp-json\/wp\/v2\/comments?post=273870"}],"version-history":[{"count":1,"href":"https:\/\/www.agrobase.com.br\/concursos\/wp-json\/wp\/v2\/posts\/273870\/revisions"}],"predecessor-version":[{"id":273872,"href":"https:\/\/www.agrobase.com.br\/concursos\/wp-json\/wp\/v2\/posts\/273870\/revisions\/273872"}],"wp:featuredmedia":[{"embeddable":true,"href":"https:\/\/www.agrobase.com.br\/concursos\/wp-json\/wp\/v2\/media\/273869"}],"wp:attachment":[{"href":"https:\/\/www.agrobase.com.br\/concursos\/wp-json\/wp\/v2\/media?parent=273870"}],"wp:term":[{"taxonomy":"category","embeddable":true,"href":"https:\/\/www.agrobase.com.br\/concursos\/wp-json\/wp\/v2\/categories?post=273870"},{"taxonomy":"post_tag","embeddable":true,"href":"https:\/\/www.agrobase.com.br\/concursos\/wp-json\/wp\/v2\/tags?post=273870"},{"taxonomy":"_amplo","embeddable":true,"href":"https:\/\/www.agrobase.com.br\/concursos\/wp-json\/wp\/v2\/_amplo?post=273870"},{"taxonomy":"destaque","embeddable":true,"href":"https:\/\/www.agrobase.com.br\/concursos\/wp-json\/wp\/v2\/destaque?post=273870"},{"taxonomy":"instituicoes","embeddable":true,"href":"https:\/\/www.agrobase.com.br\/concursos\/wp-json\/wp\/v2\/instituicoes?post=273870"}],"curies":[{"name":"wp","href":"https:\/\/api.w.org\/{rel}","templated":true}]}}