{"id":273834,"date":"2025-11-14T08:00:18","date_gmt":"2025-11-14T11:00:18","guid":{"rendered":"https:\/\/www.agrobase.com.br\/concursos\/?p=273834"},"modified":"2025-11-26T16:03:30","modified_gmt":"2025-11-26T19:03:30","slug":"prefeitura-viana-es-selecao-simplificada-08-2025","status":"publish","type":"post","link":"https:\/\/www.agrobase.com.br\/concursos\/2025\/prefeitura-viana-es-selecao-simplificada-08-2025\/","title":{"rendered":"Prefeitura Viana (ES) &#8211; Sele\u00e7\u00e3o Simplificada 08\/2025"},"content":{"rendered":"<h2>Informa\u00e7\u00f5es Gerais<\/h2>\n<p>O <strong>Processo Seletivo Simplificado da Secretaria Municipal de Gest\u00e3o de Pessoas (SEMGEP)<\/strong>, regido pelo <strong>Edital n\u00ba 008\/2025<\/strong>, foi publicado com o objetivo de selecionar e formar cadastro de reserva de <strong>profissionais de sa\u00fade<\/strong> para atender necessidades tempor\u00e1rias de excepcional interesse p\u00fablico no munic\u00edpio de <strong>Viana (ES)<\/strong>. O certame \u00e9 realizado em regime de <em>designa\u00e7\u00e3o tempor\u00e1ria<\/em>, com validade de 12 meses, prorrog\u00e1vel por igual per\u00edodo, conforme a legisla\u00e7\u00e3o municipal vigente.<\/p>\n<p>As oportunidades abrangem cargos de n\u00edveis <strong>m\u00e9dio\/t\u00e9cnico e superior<\/strong>, com remunera\u00e7\u00f5es que variam de <strong>R$ 2.037,88 a R$ 5.370,71<\/strong>. As vagas destinam-se a diversas \u00e1reas da sa\u00fade, incluindo fun\u00e7\u00f5es como <em>T\u00e9cnico de Enfermagem<\/em>, <em>Auxiliar de Sa\u00fade Bucal<\/em>, <em>Fisioterapeuta<\/em>, <em>Psic\u00f3logo<\/em>, <em>Nutricionista<\/em>, <em>Fonoaudi\u00f3logo<\/em> e <em>Cirurgi\u00e3o-Dentista<\/em>, entre outras. O processo \u00e9 coordenado pela Comiss\u00e3o Especial de Realiza\u00e7\u00e3o de Processos Seletivos Simplificados (CERPS).<\/p>\n<p>Se voc\u00ea busca uma oportunidade tempor\u00e1ria na \u00e1rea da sa\u00fade p\u00fablica e deseja contribuir com o atendimento municipal, continue a leitura para conhecer as etapas, prazos e orienta\u00e7\u00f5es sobre as inscri\u00e7\u00f5es.<\/p>\n<h2>Inscri\u00e7\u00f5es<\/h2>\n<p>As inscri\u00e7\u00f5es para o Processo Seletivo Simplificado da SEMGEP estar\u00e3o abertas <strong>exclusivamente pela internet<\/strong>, no per\u00edodo das <strong>12h do dia 7 de novembro de 2025<\/strong> at\u00e9 \u00e0s <strong>18h do dia 23 de novembro de 2025<\/strong>, observando o hor\u00e1rio de Bras\u00edlia. O candidato dever\u00e1 acessar o site oficial da Prefeitura de Viana, no endere\u00e7o <a href=\"https:\/\/www.viana.es.gov.br\/documento?tipo=1\" target=\"_blank\" rel=\"noopener\">https:\/\/www.viana.es.gov.br\/documento?tipo=1<\/a>, selecionar o Edital n\u00ba 008\/2025 e seguir as instru\u00e7\u00f5es do sistema de inscri\u00e7\u00e3o.<\/p>\n<p>Durante o procedimento, ser\u00e1 necess\u00e1rio preencher a ficha de inscri\u00e7\u00e3o, anexar documento de identidade com foto, termo de compromisso, al\u00e9m dos t\u00edtulos e comprovantes de experi\u00eancia profissional, conforme orienta\u00e7\u00f5es do edital. Todos os arquivos devem ser enviados em formato PDF, frente e verso, individualmente. O candidato poder\u00e1 se inscrever para mais de uma jornada de trabalho, desde que realize inscri\u00e7\u00f5es separadas.<\/p>\n<p>Recomenda-se que o candidato verifique cuidadosamente os dados informados, pois informa\u00e7\u00f5es incorretas ou aus\u00eancia de documentos poder\u00e3o resultar em elimina\u00e7\u00e3o. Ap\u00f3s a confirma\u00e7\u00e3o, ser\u00e1 poss\u00edvel alterar dados e anexos apenas dentro do prazo de inscri\u00e7\u00e3o.<\/p>\n<p>\u00c9 indispens\u00e1vel a leitura atenta do edital completo antes de efetuar a inscri\u00e7\u00e3o, garantindo o cumprimento de todos os requisitos e prazos estabelecidos.<\/p>\n<h2>Etapas e Provas<\/h2>\n<p>O Processo Seletivo Simplificado ser\u00e1 composto por <strong>uma \u00fanica etapa: Prova de T\u00edtulos<\/strong>, de car\u00e1ter <em>classificat\u00f3rio e eliminat\u00f3rio<\/em>, realizada de forma eletr\u00f4nica. Essa etapa tem como objetivo avaliar a forma\u00e7\u00e3o acad\u00eamica, cursos de qualifica\u00e7\u00e3o e experi\u00eancia profissional dos candidatos, conforme crit\u00e9rios definidos no edital e nos anexos II-A e II-B.<\/p>\n<ul>\n<li><strong>T\u00edtulos de Escolaridade:<\/strong> ser\u00e3o pontuados diplomas ou certificados de cursos de gradua\u00e7\u00e3o e p\u00f3s-gradua\u00e7\u00e3o superiores ao n\u00edvel exigido para o cargo. Para cargos de n\u00edvel m\u00e9dio, poder\u00e3o ser considerados cursos t\u00e9cnicos e de qualifica\u00e7\u00e3o profissional na \u00e1rea de atua\u00e7\u00e3o.<\/li>\n<li><strong>Cursos de Qualifica\u00e7\u00e3o Profissional:<\/strong> certificados de capacita\u00e7\u00e3o na \u00e1rea espec\u00edfica do cargo, emitidos por institui\u00e7\u00f5es reconhecidas, poder\u00e3o ser utilizados para pontua\u00e7\u00e3o adicional.<\/li>\n<li><strong>Experi\u00eancia Profissional:<\/strong> ser\u00e1 considerada a atua\u00e7\u00e3o comprovada na fun\u00e7\u00e3o correspondente ao cargo pretendido, em institui\u00e7\u00f5es p\u00fablicas ou privadas, at\u00e9 o limite de 60 meses, com pontua\u00e7\u00e3o de 0,1 ponto por m\u00eas completo de trabalho.<\/li>\n<\/ul>\n<p>Somente ser\u00e3o aceitos documentos que atendam rigorosamente \u00e0s exig\u00eancias de autentica\u00e7\u00e3o, assinatura e validade descritas no edital. A aus\u00eancia de comprova\u00e7\u00e3o documental ou a apresenta\u00e7\u00e3o de informa\u00e7\u00f5es inconsistentes implicar\u00e1 elimina\u00e7\u00e3o do candidato. Para detalhes sobre pontua\u00e7\u00e3o, crit\u00e9rios de desempate e cronograma, recomenda-se a leitura integral do edital.<\/p>\n<h2>Resultados e Gabarito<\/h2>\n<p>De acordo com o cronograma do Edital n\u00ba 008\/2025, a <strong>classifica\u00e7\u00e3o inicial<\/strong> ser\u00e1 divulgada em <strong>26 de novembro de 2025<\/strong> nos canais oficiais da Prefeitura de Viana e no <a href=\"https:\/\/ioes.dio.es.gov.br\/dom\" target=\"_blank\" rel=\"noopener\">Di\u00e1rio Oficial dos Munic\u00edpios do Esp\u00edrito Santo<\/a>. O candidato poder\u00e1 interpor recurso at\u00e9 o dia <strong>27 de novembro de 2025<\/strong>, por meio do e-mail processoseletivo@viana.es.gov.br. Caso haja altera\u00e7\u00e3o, o novo resultado ser\u00e1 publicado em <strong>1\u00ba de dezembro de 2025<\/strong>.<\/p>\n<p>A classifica\u00e7\u00e3o ser\u00e1 feita em ordem decrescente da pontua\u00e7\u00e3o obtida na an\u00e1lise de t\u00edtulos e experi\u00eancia. Em caso de empate, ser\u00e3o aplicados os seguintes crit\u00e9rios: maior escolaridade, maior qualifica\u00e7\u00e3o profissional, maior tempo de experi\u00eancia e, por fim, maior idade.<\/p>\n<p>Os candidatos habilitados poder\u00e3o ser convocados conforme a necessidade das secretarias municipais, durante o prazo de validade do processo seletivo. As convoca\u00e7\u00f5es e resultados ser\u00e3o publicados exclusivamente nos canais oficiais mencionados, n\u00e3o havendo comunica\u00e7\u00e3o individual.<\/p>\n<p>\u00c9 responsabilidade exclusiva do candidato acompanhar todas as publica\u00e7\u00f5es referentes ao processo seletivo no site da Prefeitura de Viana e no Di\u00e1rio Oficial dos Munic\u00edpios do Esp\u00edrito Santo, garantindo que n\u00e3o perca prazos ou convoca\u00e7\u00f5es.<\/p>\n","protected":false},"excerpt":{"rendered":"<p>Proc. Seletivo Pref. Viana (ES) com edital publicado! Vagas p\/ Aux. Sa\u00fade Bucal e T\u00e9c. Enfermagem (M\u00e9dio\/Sup.). Inscri\u00e7\u00f5es a partir de 07\/11. Confira detalhes!<\/p>\n","protected":false},"author":7,"featured_media":273833,"comment_status":"open","ping_status":"open","sticky":false,"template":"","format":"standard","meta":{"_acf_changed":false,"_breakdance_hide_in_design_set":false,"_breakdance_tags":"","footnotes":""},"categories":[11,18,19,23,24,26,101,108,143,134],"tags":[45],"_amplo":[],"destaque":[],"instituicoes":[],"class_list":["post-273834","post","type-post","status-publish","format-standard","has-post-thumbnail","hentry","category-educacao-fisica","category-fisioterapia","category-fonoaudiologia","category-nutricao","category-odontologia","category-psicologia","category-servico-social","category-tecnico-enfermagem","category-tecnico-odontologia","category-terapia-ocupacional","tag-espirito-santo"],"acf":{"_tipo_vagas":"vagas","_numero_vagas":"","_quadro_vagas":"","_cargos":"diversos","_cargos_especificos":"","_salario_max":"R$ 5370.71","_abertura":"20251107","_encerramento":"20251123","_inscricoes":"https:\/\/www.viana.es.gov.br\/documento?tipo=1","_executora_concurso":"","_instituicao_concurso":[],"_link_adicional":null,"_anexos":null,"_produtos":null,"_vagas":"CR","_salario_min":"R$ 2037.88","_instituicao":"Prefeitura de Viana","_edital":"https:\/\/www.agrobase.com.br\/concursos\/wp-content\/uploads\/sites\/4\/2025\/11\/edital-08-2025-prefeitura-de-viana-es.pdf","_anexos_edital":"","_fund_incompleto":"","_fund_completo":"","_medio":"<div>\r\n<table class=\"quadro\">\r\n<thead>\r\n<tr>\r\n<th class=\"hcargo\">Cargo<\/th>\r\n<th class=\"hvagas\">Vagas<\/th>\r\n<th class=\"hremuneracao\">Remunera\u00e7\u00e3o<\/th>\r\n<\/tr>\r\n<\/thead>\r\n    <tbody>\r\n      <td class=\"ccargos\">\r\n<span data-balloon-length=\"medium\" aria-label=\"Ensino m\u00e9dio completo, Curso de Auxiliar de Consult\u00f3rio Dent\u00e1rio ou Auxiliar de Sa\u00fade Bucal e registro no Conselho de Classe.\" data-balloon-pos=\"up\">Auxiliar de Sa\u00fade Bucal<\/span><\/td>\r\n<td class=\"cvagas\">CR<\/td>\r\n<td class=\"cremuneracao\">R$ 2.044,35 \/40h<\/td>\r\n<\/tr><td class=\"ccargos\">\r\n<span data-balloon-length=\"medium\" aria-label=\"Ensino m\u00e9dio completo, Curso T\u00e9cnico em Enfermagem, Curso de Capacita\u00e7\u00e3o em Sala de Vacina, com carga hor\u00e1ria m\u00ednima de 08 horas e registro no Conselho Classe.\" data-balloon-pos=\"up\">T\u00e9cnico de Enfermagem atua\u00e7\u00e3o: Sala de vacina<\/span><\/td>\r\n<td class=\"cvagas\">CR<\/td>\r\n<td class=\"cremuneracao\">R$ 2.037,88 \/40h<\/td>\r\n<\/tr>\r\n    <\/tbody>\r\n  <\/table>\r\n<\/div>","_superior":"<div>\r\n<table class=\"quadro\">\r\n<thead>\r\n<tr>\r\n<th class=\"hcargo\">Cargo<\/th>\r\n<th class=\"hvagas\">Vagas<\/th>\r\n<th class=\"hremuneracao\">Remunera\u00e7\u00e3o<\/th>\r\n<\/tr>\r\n<\/thead>\r\n    <tbody>\r\n      <tr>\r\n<td class=\"ccargos\">\r\n<span data-balloon-length=\"medium\" aria-label=\"Gradua\u00e7\u00e3o em Servi\u00e7o Social e registro no Conselho de Classe.\" data-balloon-pos=\"up\">Assistente Social<\/span><\/td>\r\n<td class=\"cvagas\">CR<\/td>\r\n<td class=\"cremuneracao\">R$ 2.246,99 \/30h<\/td>\r\n<\/tr><tr>\r\n<td class=\"ccargos\">\r\n<span data-balloon-length=\"medium\" aria-label=\"Gradua\u00e7\u00e3o em Odontologia e registro no Conselho de Classe.\" data-balloon-pos=\"up\">Cirurgi\u00e3o Dentista (Endodontia)<\/span><\/td>\r\n<td class=\"cvagas\">CR<\/td>\r\n<td class=\"cremuneracao\">R$ 5.370,71 \/40h<\/td>\r\n<\/tr><tr>\r\n<td class=\"ccargos\">\r\n<span data-balloon-length=\"medium\" aria-label=\"Gradua\u00e7\u00e3o em Educa\u00e7\u00e3o F\u00edsica e registro no Conselho de Classe.\" data-balloon-pos=\"up\">Educador F\u00edsico<\/span><\/td>\r\n<td class=\"cvagas\">CR<\/td>\r\n<td class=\"cremuneracao\">R$ 2.812,64 \/40h<\/td>\r\n<\/tr><tr>\r\n<td class=\"ccargos\">\r\n<span data-balloon-length=\"medium\" aria-label=\"Gradua\u00e7\u00e3o em Fisioterapia e registro no Conselho de Classe.\" data-balloon-pos=\"up\">Fisioterapeuta<\/span><\/td>\r\n<td class=\"cvagas\">CR<\/td>\r\n<td class=\"cremuneracao\">R$ 2.246,99 \/30h<\/td>\r\n<\/tr><tr>\r\n<td class=\"ccargos\">\r\n<span data-balloon-length=\"medium\" aria-label=\"Gradua\u00e7\u00e3o em Fonoaudiologia e registro no Conselho de Classe.\" data-balloon-pos=\"up\">Fonoaudi\u00f3logo<\/span><\/td>\r\n<td class=\"cvagas\">CR<\/td>\r\n<td class=\"cremuneracao\">R$ 2.246,98 \/30h<\/td>\r\n<\/tr><tr>\r\n<td class=\"ccargos\">\r\n<span data-balloon-length=\"medium\" aria-label=\"Gradua\u00e7\u00e3o em Nutri\u00e7\u00e3o e registro no Conselho de Classe.\" data-balloon-pos=\"up\">Nutricionista<\/span><\/td>\r\n<td class=\"cvagas\">CR<\/td>\r\n<td class=\"cremuneracao\">R$ 2.812,64 \/40h<\/td>\r\n<\/tr><tr>\r\n<td class=\"ccargos\">\r\n<span data-balloon-length=\"medium\" aria-label=\"Gradua\u00e7\u00e3o em Psicologia e registro no Conselho de Classe.\" data-balloon-pos=\"up\">Psic\u00f3logo<\/span><\/td>\r\n<td class=\"cvagas\">CR<\/td>\r\n<td class=\"cremuneracao\">R$ 2.812,64 \/40h<\/td>\r\n<\/tr><tr>\r\n<td class=\"ccargos\">\r\n<span data-balloon-length=\"medium\" aria-label=\"Gradua\u00e7\u00e3o em Terapia Ocupacional e registro no Conselho de Classe.\" data-balloon-pos=\"up\">Terapeuta Ocupacional<\/span><\/td>\r\n<td class=\"cvagas\">CR<\/td>\r\n<td class=\"cremuneracao\">R$ 2.812,64 \/40h<\/td>\r\n<\/tr>\r\n    <\/tbody>\r\n  <\/table>\r\n<\/div>"},"_links":{"self":[{"href":"https:\/\/www.agrobase.com.br\/concursos\/wp-json\/wp\/v2\/posts\/273834","targetHints":{"allow":["GET"]}}],"collection":[{"href":"https:\/\/www.agrobase.com.br\/concursos\/wp-json\/wp\/v2\/posts"}],"about":[{"href":"https:\/\/www.agrobase.com.br\/concursos\/wp-json\/wp\/v2\/types\/post"}],"author":[{"embeddable":true,"href":"https:\/\/www.agrobase.com.br\/concursos\/wp-json\/wp\/v2\/users\/7"}],"replies":[{"embeddable":true,"href":"https:\/\/www.agrobase.com.br\/concursos\/wp-json\/wp\/v2\/comments?post=273834"}],"version-history":[{"count":2,"href":"https:\/\/www.agrobase.com.br\/concursos\/wp-json\/wp\/v2\/posts\/273834\/revisions"}],"predecessor-version":[{"id":274321,"href":"https:\/\/www.agrobase.com.br\/concursos\/wp-json\/wp\/v2\/posts\/273834\/revisions\/274321"}],"wp:featuredmedia":[{"embeddable":true,"href":"https:\/\/www.agrobase.com.br\/concursos\/wp-json\/wp\/v2\/media\/273833"}],"wp:attachment":[{"href":"https:\/\/www.agrobase.com.br\/concursos\/wp-json\/wp\/v2\/media?parent=273834"}],"wp:term":[{"taxonomy":"category","embeddable":true,"href":"https:\/\/www.agrobase.com.br\/concursos\/wp-json\/wp\/v2\/categories?post=273834"},{"taxonomy":"post_tag","embeddable":true,"href":"https:\/\/www.agrobase.com.br\/concursos\/wp-json\/wp\/v2\/tags?post=273834"},{"taxonomy":"_amplo","embeddable":true,"href":"https:\/\/www.agrobase.com.br\/concursos\/wp-json\/wp\/v2\/_amplo?post=273834"},{"taxonomy":"destaque","embeddable":true,"href":"https:\/\/www.agrobase.com.br\/concursos\/wp-json\/wp\/v2\/destaque?post=273834"},{"taxonomy":"instituicoes","embeddable":true,"href":"https:\/\/www.agrobase.com.br\/concursos\/wp-json\/wp\/v2\/instituicoes?post=273834"}],"curies":[{"name":"wp","href":"https:\/\/api.w.org\/{rel}","templated":true}]}}