{"id":273822,"date":"2025-11-14T07:40:10","date_gmt":"2025-11-14T10:40:10","guid":{"rendered":"https:\/\/www.agrobase.com.br\/concursos\/?p=273822"},"modified":"2025-11-13T11:49:45","modified_gmt":"2025-11-13T14:49:45","slug":"prefeitura-pontes-e-lacerda-mt-selecao-simplificada-01-2025","status":"publish","type":"post","link":"https:\/\/www.agrobase.com.br\/concursos\/2025\/prefeitura-pontes-e-lacerda-mt-selecao-simplificada-01-2025\/","title":{"rendered":"Prefeitura Pontes e Lacerda (MT) &#8211; Sele\u00e7\u00e3o Simplificada 01\/2025"},"content":{"rendered":"<h2>Informa\u00e7\u00f5es Gerais<\/h2>\n<p>O <strong>Processo Seletivo Simplificado n\u00ba 001\/2025<\/strong> da <strong>Prefeitura Municipal de Pontes e Lacerda<\/strong>, no Estado de Mato Grosso, teve seu edital publicado em 24 de outubro de 2025. O certame, organizado pelo <strong>Instituto Atame<\/strong>, visa \u00e0 contrata\u00e7\u00e3o tempor\u00e1ria de profissionais para atender necessidades de excepcional interesse p\u00fablico do munic\u00edpio, conforme a Lei Municipal n\u00ba 1.948\/2018.<\/p>\n<p>O processo oferece <strong>48 vagas imediatas mais cadastro reserva<\/strong>, com remunera\u00e7\u00f5es que variam de <strong>R$ 1.778,23 a R$ 10.821,40<\/strong>, abrangendo cargos de n\u00edveis <strong>M\u00e9dio\/T\u00e9cnico e Superior<\/strong>. As oportunidades contemplam \u00e1reas administrativas, educacionais e de sa\u00fade, com destaque para fun\u00e7\u00f5es como <em>Nutricionista<\/em>, <em>Bioqu\u00edmico\/Farmac\u00eautico<\/em>, <em>Odont\u00f3logo<\/em> e <em>Enfermeiro<\/em>, de interesse especial para profissionais das \u00e1reas de Nutri\u00e7\u00e3o e Ci\u00eancias Biol\u00f3gicas.<\/p>\n<p>Os contratos ser\u00e3o regidos por regime administrativo especial e vinculados ao Regime Geral de Previd\u00eancia Social (INSS). O processo seletivo ter\u00e1 validade de um ano, prorrog\u00e1vel por igual per\u00edodo. Confira a seguir as informa\u00e7\u00f5es sobre inscri\u00e7\u00f5es, etapas e resultados para decidir sua participa\u00e7\u00e3o com seguran\u00e7a.<\/p>\n<h2>Inscri\u00e7\u00f5es<\/h2>\n<p>As inscri\u00e7\u00f5es para o Processo Seletivo Simplificado n\u00ba 001\/2025 da Prefeitura de Pontes e Lacerda estar\u00e3o abertas <strong>exclusivamente pela internet<\/strong>, no site do <a href=\"https:\/\/institutoatame.org.br\/\" target=\"_blank\" rel=\"noopener\">Instituto Atame<\/a>, entre <strong>10 e 23 de novembro de 2025<\/strong>, considerando o hor\u00e1rio oficial de Mato Grosso. O candidato dever\u00e1 preencher o formul\u00e1rio eletr\u00f4nico, confirmar o envio e efetuar o pagamento da taxa por meio de boleto banc\u00e1rio at\u00e9 a data de vencimento indicada no cronograma.<\/p>\n<p>Os valores das taxas de inscri\u00e7\u00e3o variam conforme o n\u00edvel de escolaridade, conforme especificado no Anexo I do edital. O pagamento deve ser realizado em ag\u00eancias banc\u00e1rias, casas lot\u00e9ricas ou via internet banking, sendo desconsideradas outras formas de quita\u00e7\u00e3o.<\/p>\n<p>Pedidos de <strong>isen\u00e7\u00e3o da taxa<\/strong> poder\u00e3o ser feitos entre <strong>10 e 12 de novembro de 2025<\/strong>, mediante comprova\u00e7\u00e3o dos requisitos previstos no edital. Cada candidato poder\u00e1 efetuar apenas uma inscri\u00e7\u00e3o v\u00e1lida, devendo acompanhar a confirma\u00e7\u00e3o de seu cadastro na <em>\u00c1rea do Candidato<\/em> do site organizador.<\/p>\n<p>\u00c9 fundamental que o participante leia atentamente o edital completo antes de se inscrever, garantindo o cumprimento de todos os requisitos e prazos estabelecidos.<\/p>\n<h2>Etapas e Provas<\/h2>\n<p>O processo seletivo ser\u00e1 composto por duas etapas principais, conforme o edital:<\/p>\n<ul>\n<li><strong>Prova Escrita Objetiva<\/strong> \u2013 de car\u00e1ter <em>eliminat\u00f3rio e classificat\u00f3rio<\/em>, aplicada a todos os cargos. A avalia\u00e7\u00e3o ser\u00e1 de m\u00faltipla escolha, com 4 alternativas por quest\u00e3o e dura\u00e7\u00e3o de 3 horas. Para fun\u00e7\u00f5es de n\u00edvel m\u00e9dio, ser\u00e3o cobradas disciplinas de <em>L\u00edngua Portuguesa<\/em>, <em>Matem\u00e1tica<\/em>, <em>Conhecimentos Gerais<\/em> e <em>Conhecimentos Espec\u00edficos<\/em>. J\u00e1 para cargos de n\u00edvel superior, as provas incluir\u00e3o <em>L\u00edngua Portuguesa<\/em>, <em>Conhecimentos Gerais<\/em> e <em>Conhecimentos Espec\u00edficos<\/em>.<\/li>\n<li><strong>Prova de T\u00edtulos<\/strong> \u2013 de car\u00e1ter <em>classificat\u00f3rio<\/em>, destinada apenas aos cargos de n\u00edvel superior. Ser\u00e3o pontuados certificados de especializa\u00e7\u00e3o (1 ponto), mestrado (2 pontos) e doutorado (3 pontos), desde que relacionados \u00e0 \u00e1rea de atua\u00e7\u00e3o e devidamente reconhecidos pelo MEC.<\/li>\n<\/ul>\n<p>As provas escritas e a entrega dos t\u00edtulos ocorrer\u00e3o no dia <strong>7 de dezembro de 2025<\/strong>, com locais e hor\u00e1rios a serem divulgados em edital complementar. Ser\u00e1 considerado aprovado o candidato que obtiver, no m\u00ednimo, <strong>30% da pontua\u00e7\u00e3o total<\/strong> da prova escrita. Em caso de empate, ser\u00e3o aplicados crit\u00e9rios sucessivos, como idade, desempenho em disciplinas espec\u00edficas e sorteio p\u00fablico.<\/p>\n<p>Recomenda-se a leitura atenta do edital completo para conhecer o conte\u00fado program\u00e1tico, regras de aplica\u00e7\u00e3o e o cronograma detalhado de cada etapa.<\/p>\n<h2>Resultados e Gabarito<\/h2>\n<p>O cronograma do edital prev\u00ea a divulga\u00e7\u00e3o do <strong>gabarito preliminar<\/strong> das provas escritas at\u00e9 as <strong>16h do dia 8 de dezembro de 2025<\/strong>, nos sites oficiais da Prefeitura e do Instituto Atame. A <strong>pontua\u00e7\u00e3o dos t\u00edtulos<\/strong> ser\u00e1 publicada at\u00e9 <strong>12 de dezembro de 2025<\/strong>, seguida do <strong>resultado preliminar<\/strong> at\u00e9 <strong>17 de dezembro<\/strong> e do <strong>resultado final<\/strong> at\u00e9 <strong>22 de dezembro de 2025<\/strong>.<\/p>\n<p>Ap\u00f3s a publica\u00e7\u00e3o do resultado final, o processo ser\u00e1 <strong>homologado por decreto<\/strong> do Prefeito Municipal, com divulga\u00e7\u00e3o no Di\u00e1rio Oficial do Munic\u00edpio e nos canais oficiais mencionados no edital. A <strong>convoca\u00e7\u00e3o dos aprovados<\/strong> ocorrer\u00e1 conforme a necessidade da administra\u00e7\u00e3o, dentro do prazo de validade de um ano, prorrog\u00e1vel por igual per\u00edodo.<\/p>\n<p>Os candidatos dever\u00e3o acompanhar atentamente todas as publica\u00e7\u00f5es no site do <a href=\"https:\/\/institutoatame.org.br\/\" target=\"_blank\" rel=\"noopener\">Instituto Atame<\/a>, no portal da Prefeitura de Pontes e Lacerda e no Di\u00e1rio Oficial do Munic\u00edpio, sendo de responsabilidade exclusiva do participante manter-se informado sobre resultados, homologa\u00e7\u00f5es e convoca\u00e7\u00f5es.<\/p>\n","protected":false},"excerpt":{"rendered":"<p>Proc. Seletivo Pref. Pontes e Lacerda (MT) com edital publicado! Vagas p\/ Professores e M\u00e9dico (M\u00e9d.\/Sup.). Inscri\u00e7\u00f5es a partir de 10\/11. Confira detalhes!<\/p>\n","protected":false},"author":7,"featured_media":273821,"comment_status":"open","ping_status":"open","sticky":false,"template":"","format":"standard","meta":{"_acf_changed":false,"_breakdance_hide_in_design_set":false,"_breakdance_tags":"","footnotes":""},"categories":[106,11,6434,12,17,18,19,6871,21,23,24,25,26,101,108,143,134],"tags":[47],"_amplo":[],"destaque":[],"instituicoes":[],"class_list":["post-273822","post","type-post","status-publish","format-standard","has-post-thumbnail","hentry","category-bioquimica","category-educacao-fisica","category-educacao-fisica-licenciatura","category-enfermagem","category-farmacia","category-fisioterapia","category-fonoaudiologia","category-letras-ingles","category-medicina","category-nutricao","category-odontologia","category-pedagogia","category-psicologia","category-servico-social","category-tecnico-enfermagem","category-tecnico-odontologia","category-terapia-ocupacional","tag-mato-grosso"],"acf":{"_tipo_vagas":"vagas","_numero_vagas":"","_quadro_vagas":"","_cargos":"diversos","_cargos_especificos":"","_salario_max":"R$ 10821.4","_abertura":"20251110","_encerramento":"20251123","_inscricoes":"https:\/\/institutoatame.org.br\/","_executora_concurso":"","_instituicao_concurso":[],"_link_adicional":null,"_anexos":null,"_produtos":null,"_vagas":"48 vagas + CR","_salario_min":"R$ 1778.23","_instituicao":"Prefeitura de Pontes e Lacerda","_edital":"https:\/\/www.agrobase.com.br\/concursos\/wp-content\/uploads\/sites\/4\/2025\/11\/edital-01-2025-prefeitura-de-pontes-e-lacerda-mt.pdf","_anexos_edital":"https:\/\/www.agrobase.com.br\/concursos\/wp-content\/uploads\/sites\/4\/2025\/11\/anexos-edital-01-2025-prefeitura-de-pontes-e-lacerda-mt.pdf","_fund_incompleto":"","_fund_completo":"","_medio":"<div>\r\n<table class=\"quadro\">\r\n<thead>\r\n<tr>\r\n<th class=\"hcargo\">Cargo<\/th>\r\n<th class=\"hvagas\">Vagas<\/th>\r\n<th class=\"hremuneracao\">Remunera\u00e7\u00e3o<\/th>\r\n<\/tr>\r\n<\/thead>\r\n    <tbody>\r\n      <td class=\"ccargos\">\r\n<span data-balloon-length=\"medium\" aria-label=\"Ensino M\u00e9dio\" data-balloon-pos=\"up\">Assistente Administrativo<\/span><\/td>\r\n<td class=\"cvagas\">03<\/td>\r\n<td class=\"cremuneracao\">R$ 1.778,31 \/40h<\/td>\r\n<\/tr><td class=\"ccargos\">\r\n<span data-balloon-length=\"medium\" aria-label=\"Ensino M\u00e9dio + Curso T\u00e9cnico espec\u00edfico e registro em conselho\/\u00f3rg\u00e3o competente quando exigido para o exerc\u00edcio da fun\u00e7\u00e3o\" data-balloon-pos=\"up\">Auxiliar de Consult\u00f3rio Dent\u00e1rio<\/span><\/td>\r\n<td class=\"cvagas\">CR<\/td>\r\n<td class=\"cremuneracao\">R$ 1.859,12 \/40h<\/td>\r\n<\/tr><td class=\"ccargos\">\r\n<span data-balloon-length=\"medium\" aria-label=\"Ensino m\u00e9dio\" data-balloon-pos=\"up\">TAE - T\u00e9cnico em Administra\u00e7\u00e3o Escolar<\/span><\/td>\r\n<td class=\"cvagas\">01<\/td>\r\n<td class=\"cremuneracao\">R$ 1.778,23 \/30h<\/td>\r\n<\/tr><td class=\"ccargos\">\r\n<span data-balloon-length=\"medium\" aria-label=\"Ensino m\u00e9dio\" data-balloon-pos=\"up\">TAE - T\u00e9cnico em Administra\u00e7\u00e3o Escolar - Zona Rural<\/span><\/td>\r\n<td class=\"cvagas\">CR<\/td>\r\n<td class=\"cremuneracao\">R$ 1.778,23 \/30h<\/td>\r\n<\/tr><td class=\"ccargos\">\r\n<span data-balloon-length=\"medium\" aria-label=\"Ensino m\u00e9dio\" data-balloon-pos=\"up\">TAE - T\u00e9cnico em Desenvolvimento Infantil<\/span><\/td>\r\n<td class=\"cvagas\">02<\/td>\r\n<td class=\"cremuneracao\">R$ 1.778,23 \/30h<\/td>\r\n<\/tr><td class=\"ccargos\">\r\n<span data-balloon-length=\"medium\" aria-label=\"Ensino m\u00e9dio\" data-balloon-pos=\"up\">TAE - T\u00e9cnico em Desenvolvimento Infantil - Zona Rural<\/span><\/td>\r\n<td class=\"cvagas\">CR<\/td>\r\n<td class=\"cremuneracao\">R$ 1.778,23 \/30h<\/td>\r\n<\/tr><td class=\"ccargos\">\r\n<span data-balloon-length=\"medium\" aria-label=\"Ensino m\u00e9dio\" data-balloon-pos=\"up\">TAE - T\u00e9cnico Multimeios Did\u00e1ticos<\/span><\/td>\r\n<td class=\"cvagas\">02<\/td>\r\n<td class=\"cremuneracao\">R$ 1.778,23 \/30h<\/td>\r\n<\/tr><td class=\"ccargos\">\r\n<span data-balloon-length=\"medium\" aria-label=\"Ensino m\u00e9dio\" data-balloon-pos=\"up\">TAE - T\u00e9cnico Multimeios Did\u00e1ticos - Zona Rural<\/span><\/td>\r\n<td class=\"cvagas\">CR<\/td>\r\n<td class=\"cremuneracao\">R$ 1.778,23 \/30h<\/td>\r\n<\/tr><td class=\"ccargos\">\r\n<span data-balloon-length=\"medium\" aria-label=\"Ensino M\u00e9dio + Curso T\u00e9cnico espec\u00edfico e registro em conselho\/\u00f3rg\u00e3o competente quando exigido para o exerc\u00edcio da fun\u00e7\u00e3o\" data-balloon-pos=\"up\">T\u00e9cnico em Enfermagem<\/span><\/td>\r\n<td class=\"cvagas\">CR<\/td>\r\n<td class=\"cremuneracao\">R$ 2.942,66 \/40h<\/td>\r\n<\/tr><td class=\"ccargos\">\r\n<span data-balloon-length=\"medium\" aria-label=\"Ensino M\u00e9dio + Curso T\u00e9cnico espec\u00edfico e registro em conselho\/\u00f3rg\u00e3o competente quando exigido para o exerc\u00edcio da fun\u00e7\u00e3o\" data-balloon-pos=\"up\">T\u00e9cnico em Enfermagem - Zona Rural<\/span><\/td>\r\n<td class=\"cvagas\">CR<\/td>\r\n<td class=\"cremuneracao\">R$ 2.942,66 \/40h<\/td>\r\n<\/tr><td class=\"ccargos\">\r\n<span data-balloon-length=\"medium\" aria-label=\"Ensino M\u00e9dio + Curso T\u00e9cnico espec\u00edfico e registro em conselho\/\u00f3rg\u00e3o competente quando exigido para o exerc\u00edcio da fun\u00e7\u00e3o\" data-balloon-pos=\"up\">T\u00e9cnico em Gesso Ortop\u00e9dico\/Hospitalar<\/span><\/td>\r\n<td class=\"cvagas\">CR<\/td>\r\n<td class=\"cremuneracao\">R$ 2.942,66 \/40h<\/td>\r\n<\/tr><td class=\"ccargos\">\r\n<span data-balloon-length=\"medium\" aria-label=\"Ensino M\u00e9dio + Curso T\u00e9cnico espec\u00edfico e registro em conselho\/\u00f3rg\u00e3o competente quando exigido para o exerc\u00edcio da fun\u00e7\u00e3o\" data-balloon-pos=\"up\">T\u00e9cnico em Higiene Dental<\/span><\/td>\r\n<td class=\"cvagas\">CR<\/td>\r\n<td class=\"cremuneracao\">R$ 2.942,66 \/40h<\/td>\r\n<\/tr><td class=\"ccargos\">\r\n<span data-balloon-length=\"medium\" aria-label=\"Ensino M\u00e9dio\" data-balloon-pos=\"up\">T\u00e9cnico Operacional Assistente Administrativo<\/span><\/td>\r\n<td class=\"cvagas\">CR<\/td>\r\n<td class=\"cremuneracao\">R$ 2.942,66 \/40h<\/td>\r\n<\/tr><td class=\"ccargos\">\r\n<span data-balloon-length=\"medium\" aria-label=\"Ensino M\u00e9dio + Curso T\u00e9cnico espec\u00edfico e registro em conselho\/\u00f3rg\u00e3o competente quando exigido para o exerc\u00edcio da fun\u00e7\u00e3o\" data-balloon-pos=\"up\">T\u00e9cnico Operacional em Raio- X<\/span><\/td>\r\n<td class=\"cvagas\">CR<\/td>\r\n<td class=\"cremuneracao\">R$ 2.942,66 \/40h<\/td>\r\n<\/tr>\r\n    <\/tbody>\r\n  <\/table>\r\n<\/div>","_superior":"<div>\r\n<table class=\"quadro\">\r\n<thead>\r\n<tr>\r\n<th class=\"hcargo\">Cargo<\/th>\r\n<th class=\"hvagas\">Vagas<\/th>\r\n<th class=\"hremuneracao\">Remunera\u00e7\u00e3o<\/th>\r\n<\/tr>\r\n<\/thead>\r\n    <tbody>\r\n      <tr>\r\n<td class=\"ccargos\">\r\n<span data-balloon-length=\"medium\" aria-label=\"Gradua\u00e7\u00e3o em Servi\u00e7o Social e registro no conselho\/\u00f3rg\u00e3o competente.\" data-balloon-pos=\"up\">Assistente Social<\/span><\/td>\r\n<td class=\"cvagas\">CR<\/td>\r\n<td class=\"cremuneracao\">R$ 4.277,93 \/30h<\/td>\r\n<\/tr><tr>\r\n<td class=\"ccargos\">\r\n<span data-balloon-length=\"medium\" aria-label=\"Gradua\u00e7\u00e3o em Servi\u00e7o Social e registro no conselho\/\u00f3rg\u00e3o competente.\" data-balloon-pos=\"up\">Assistente Social Educacional<\/span><\/td>\r\n<td class=\"cvagas\">CR<\/td>\r\n<td class=\"cremuneracao\">R$ 4.277,93 \/30h<\/td>\r\n<\/tr><tr>\r\n<td class=\"ccargos\">\r\n<span data-balloon-length=\"medium\" aria-label=\"Gradua\u00e7\u00e3o em Bioqu\u00edmica, ou Farm\u00e1cia-Bioqu\u00edmica, ou Farm\u00e1cia An\u00e1lises Cl\u00ednicas e registro no conselho\/\u00f3rg\u00e3o competente.\" data-balloon-pos=\"up\">Bioqu\u00edmico\/Farmac\u00eautico<\/span><\/td>\r\n<td class=\"cvagas\">CR<\/td>\r\n<td class=\"cremuneracao\">R$ 4.277,93 \/40h<\/td>\r\n<\/tr><tr>\r\n<td class=\"ccargos\">\r\n<span data-balloon-length=\"medium\" aria-label=\"Gradua\u00e7\u00e3o em Enfermagem e registro no Conselho\/\u00f3rg\u00e3o competente.\" data-balloon-pos=\"up\">Enfermeiro<\/span><\/td>\r\n<td class=\"cvagas\">01<\/td>\r\n<td class=\"cremuneracao\">R$ 4.277,93 \/40h<\/td>\r\n<\/tr><tr>\r\n<td class=\"ccargos\">\r\n<span data-balloon-length=\"medium\" aria-label=\"Gradua\u00e7\u00e3o em Enfermagem e registro no Conselho\/\u00f3rg\u00e3o competente.\" data-balloon-pos=\"up\">Enfermeiro - Zona Rural<\/span><\/td>\r\n<td class=\"cvagas\">CR<\/td>\r\n<td class=\"cremuneracao\">R$ 4.277,93 \/40h<\/td>\r\n<\/tr><tr>\r\n<td class=\"ccargos\">\r\n<span data-balloon-length=\"medium\" aria-label=\"Gradua\u00e7\u00e3o em Fisioterapia e registro no conselho\/\u00f3rg\u00e3o competente.\" data-balloon-pos=\"up\">Fisioterapeuta<\/span><\/td>\r\n<td class=\"cvagas\">CR<\/td>\r\n<td class=\"cremuneracao\">R$ 4.277,93 \/30h<\/td>\r\n<\/tr><tr>\r\n<td class=\"ccargos\">\r\n<span data-balloon-length=\"medium\" aria-label=\"Gradua\u00e7\u00e3o em Fonoaudiologia e registro no conselho\/\u00f3rg\u00e3o competente.\" data-balloon-pos=\"up\">Fonoaudi\u00f3logo<\/span><\/td>\r\n<td class=\"cvagas\">CR<\/td>\r\n<td class=\"cremuneracao\">R$ 4.277,93 \/40h<\/td>\r\n<\/tr><tr>\r\n<td class=\"ccargos\">\r\n<span data-balloon-length=\"medium\" aria-label=\"Gradua\u00e7\u00e3o em Medicina e registro no conselho\/\u00f3rg\u00e3o competente.\" data-balloon-pos=\"up\">M\u00e9dico 20H<\/span><\/td>\r\n<td class=\"cvagas\">CR<\/td>\r\n<td class=\"cremuneracao\">R$ 5.410,71 \/20h<\/td>\r\n<\/tr><tr>\r\n<td class=\"ccargos\">\r\n<span data-balloon-length=\"medium\" aria-label=\"Gradua\u00e7\u00e3o em Medicina e registro no conselho\/\u00f3rg\u00e3o competente\" data-balloon-pos=\"up\">M\u00e9dico 40H<\/span><\/td>\r\n<td class=\"cvagas\">01<\/td>\r\n<td class=\"cremuneracao\">R$ 10.821,40 \/40h<\/td>\r\n<\/tr><tr>\r\n<td class=\"ccargos\">\r\n<span data-balloon-length=\"medium\" aria-label=\"Gradua\u00e7\u00e3o em Nutri\u00e7\u00e3o e registro no conselho\/\u00f3rg\u00e3o competente.\" data-balloon-pos=\"up\">Nutricionista<\/span><\/td>\r\n<td class=\"cvagas\">CR<\/td>\r\n<td class=\"cremuneracao\">R$ 4.277,93 \/40h<\/td>\r\n<\/tr><tr>\r\n<td class=\"ccargos\">\r\n<span data-balloon-length=\"medium\" aria-label=\"Gradua\u00e7\u00e3o em Odontologia e registro no conselho\/\u00f3rg\u00e3o competente.\" data-balloon-pos=\"up\">Odont\u00f3logo<\/span><\/td>\r\n<td class=\"cvagas\">CR<\/td>\r\n<td class=\"cremuneracao\">R$ 4.277,93 \/40h<\/td>\r\n<\/tr><tr>\r\n<td class=\"ccargos\">\r\n<span data-balloon-length=\"medium\" aria-label=\"Licenciatura Plena em Pedagogia\" data-balloon-pos=\"up\">Pedagogo<\/span><\/td>\r\n<td class=\"cvagas\">CR<\/td>\r\n<td class=\"cremuneracao\">R$ 4.277,93 \/40h<\/td>\r\n<\/tr><tr>\r\n<td class=\"ccargos\">\r\n<span data-balloon-length=\"medium\" aria-label=\"Licenciatura Plena em Letras com Habilita\u00e7\u00e3o para o ensino de L\u00edngua Inglesa\" data-balloon-pos=\"up\">Professor (a) de L\u00edngua Inglesa - Sec. de Educa\u00e7\u00e3o<\/span><\/td>\r\n<td class=\"cvagas\">02<\/td>\r\n<td class=\"cremuneracao\">R$ 3.661,67 \/30h<\/td>\r\n<\/tr><tr>\r\n<td class=\"ccargos\">\r\n<span data-balloon-length=\"medium\" aria-label=\"Licenciatura Plena em Letras com Habilita\u00e7\u00e3o para o ensino de L\u00edngua Inglesa\" data-balloon-pos=\"up\">Professor (a) de L\u00edngua Inglesa - Sec. de Educa\u00e7\u00e3o - Zona Rural<\/span><\/td>\r\n<td class=\"cvagas\">01<\/td>\r\n<td class=\"cremuneracao\">R$ 3.661,67 \/30h<\/td>\r\n<\/tr><tr>\r\n<td class=\"ccargos\">\r\n<span data-balloon-length=\"medium\" aria-label=\"Licenciatura Plena em Pedagogia\" data-balloon-pos=\"up\">Professor Anos Iniciais - Sec. de Educa\u00e7\u00e3o<\/span><\/td>\r\n<td class=\"cvagas\">17<\/td>\r\n<td class=\"cremuneracao\">R$ 3.661,67 \/30h<\/td>\r\n<\/tr><tr>\r\n<td class=\"ccargos\">\r\n<span data-balloon-length=\"medium\" aria-label=\"Licenciatura Plena em Pedagogia\" data-balloon-pos=\"up\">Professor Anos Iniciais - Sec. de Educa\u00e7\u00e3o - Zona Rural<\/span><\/td>\r\n<td class=\"cvagas\">01<\/td>\r\n<td class=\"cremuneracao\">R$ 3.661,67 \/30h<\/td>\r\n<\/tr><tr>\r\n<td class=\"ccargos\">\r\n<span data-balloon-length=\"medium\" aria-label=\"Licenciatura Plena em Educa\u00e7\u00e3o F\u00edsica\" data-balloon-pos=\"up\">Professor de Educa\u00e7\u00e3o F\u00edsica 30H - Sec. de Educa\u00e7\u00e3o<\/span><\/td>\r\n<td class=\"cvagas\">02<\/td>\r\n<td class=\"cremuneracao\">R$ 3.661,67 \/30h<\/td>\r\n<\/tr><tr>\r\n<td class=\"ccargos\">\r\n<span data-balloon-length=\"medium\" aria-label=\"Licenciatura Plena em Educa\u00e7\u00e3o F\u00edsica\" data-balloon-pos=\"up\">Professor de Educa\u00e7\u00e3o F\u00edsica 30H - Sec. de Educa\u00e7\u00e3o - Zona Rural<\/span><\/td>\r\n<td class=\"cvagas\">CR<\/td>\r\n<td class=\"cremuneracao\">R$ 3.661,67 \/30h<\/td>\r\n<\/tr><tr>\r\n<td class=\"ccargos\">\r\n<span data-balloon-length=\"medium\" aria-label=\"Licenciatura Plena em Pedagogia\" data-balloon-pos=\"up\">Professor de Educa\u00e7\u00e3o Infantil - Sec. de Educa\u00e7\u00e3o<\/span><\/td>\r\n<td class=\"cvagas\">13<\/td>\r\n<td class=\"cremuneracao\">R$ 3.661,67 \/30h<\/td>\r\n<\/tr><tr>\r\n<td class=\"ccargos\">\r\n<span data-balloon-length=\"medium\" aria-label=\"Licenciatura Plena em Pedagogia\" data-balloon-pos=\"up\">Professor de Educa\u00e7\u00e3o Infantil - Sec. de Educa\u00e7\u00e3o - Zona Rural<\/span><\/td>\r\n<td class=\"cvagas\">02<\/td>\r\n<td class=\"cremuneracao\">R$ 3.661,67 \/30h<\/td>\r\n<\/tr><tr>\r\n<td class=\"ccargos\">\r\n<span data-balloon-length=\"medium\" aria-label=\"Gradua\u00e7\u00e3o em Educa\u00e7\u00e3o F\u00edsica e registro no conselho\/\u00f3rg\u00e3o competente.\" data-balloon-pos=\"up\">Professor de Educa\u00e7\u00e3o F\u00edsica 20H<\/span><\/td>\r\n<td class=\"cvagas\">CR<\/td>\r\n<td class=\"cremuneracao\">R$ 2.149,13 \/20h<\/td>\r\n<\/tr><tr>\r\n<td class=\"ccargos\">\r\n<span data-balloon-length=\"medium\" aria-label=\"Gradua\u00e7\u00e3o em Psicologia e registro no conselho\/\u00f3rg\u00e3o competente.\" data-balloon-pos=\"up\">Psic\u00f3logo<\/span><\/td>\r\n<td class=\"cvagas\">CR<\/td>\r\n<td class=\"cremuneracao\">R$ 4.277,93 \/40h<\/td>\r\n<\/tr><tr>\r\n<td class=\"ccargos\">\r\n<span data-balloon-length=\"medium\" aria-label=\"Gradua\u00e7\u00e3o em Psicologia e registro no conselho\/\u00f3rg\u00e3o competente.\" data-balloon-pos=\"up\">Psic\u00f3logo Educacional<\/span><\/td>\r\n<td class=\"cvagas\">CR<\/td>\r\n<td class=\"cremuneracao\">R$ 4.277,93 \/40h<\/td>\r\n<\/tr><tr>\r\n<td class=\"ccargos\">\r\n<span data-balloon-length=\"medium\" aria-label=\"Gradua\u00e7\u00e3o em Terapia Ocupacional registro no conselho\" data-balloon-pos=\"up\">Terapeuta Ocupacional<\/span><\/td>\r\n<td class=\"cvagas\">CR<\/td>\r\n<td class=\"cremuneracao\">R$ 4.277,93 \/40h<\/td>\r\n<\/tr>\r\n    <\/tbody>\r\n  <\/table>\r\n<\/div>"},"_links":{"self":[{"href":"https:\/\/www.agrobase.com.br\/concursos\/wp-json\/wp\/v2\/posts\/273822","targetHints":{"allow":["GET"]}}],"collection":[{"href":"https:\/\/www.agrobase.com.br\/concursos\/wp-json\/wp\/v2\/posts"}],"about":[{"href":"https:\/\/www.agrobase.com.br\/concursos\/wp-json\/wp\/v2\/types\/post"}],"author":[{"embeddable":true,"href":"https:\/\/www.agrobase.com.br\/concursos\/wp-json\/wp\/v2\/users\/7"}],"replies":[{"embeddable":true,"href":"https:\/\/www.agrobase.com.br\/concursos\/wp-json\/wp\/v2\/comments?post=273822"}],"version-history":[{"count":2,"href":"https:\/\/www.agrobase.com.br\/concursos\/wp-json\/wp\/v2\/posts\/273822\/revisions"}],"predecessor-version":[{"id":273826,"href":"https:\/\/www.agrobase.com.br\/concursos\/wp-json\/wp\/v2\/posts\/273822\/revisions\/273826"}],"wp:featuredmedia":[{"embeddable":true,"href":"https:\/\/www.agrobase.com.br\/concursos\/wp-json\/wp\/v2\/media\/273821"}],"wp:attachment":[{"href":"https:\/\/www.agrobase.com.br\/concursos\/wp-json\/wp\/v2\/media?parent=273822"}],"wp:term":[{"taxonomy":"category","embeddable":true,"href":"https:\/\/www.agrobase.com.br\/concursos\/wp-json\/wp\/v2\/categories?post=273822"},{"taxonomy":"post_tag","embeddable":true,"href":"https:\/\/www.agrobase.com.br\/concursos\/wp-json\/wp\/v2\/tags?post=273822"},{"taxonomy":"_amplo","embeddable":true,"href":"https:\/\/www.agrobase.com.br\/concursos\/wp-json\/wp\/v2\/_amplo?post=273822"},{"taxonomy":"destaque","embeddable":true,"href":"https:\/\/www.agrobase.com.br\/concursos\/wp-json\/wp\/v2\/destaque?post=273822"},{"taxonomy":"instituicoes","embeddable":true,"href":"https:\/\/www.agrobase.com.br\/concursos\/wp-json\/wp\/v2\/instituicoes?post=273822"}],"curies":[{"name":"wp","href":"https:\/\/api.w.org\/{rel}","templated":true}]}}