{"id":273816,"date":"2025-11-14T07:30:44","date_gmt":"2025-11-14T10:30:44","guid":{"rendered":"https:\/\/www.agrobase.com.br\/concursos\/?p=273816"},"modified":"2025-11-13T11:28:36","modified_gmt":"2025-11-13T14:28:36","slug":"prefeitura-pomerode-sc-selecao-simplificada-27-2025","status":"publish","type":"post","link":"https:\/\/www.agrobase.com.br\/concursos\/2025\/prefeitura-pomerode-sc-selecao-simplificada-27-2025\/","title":{"rendered":"Prefeitura Pomerode (SC) &#8211; Sele\u00e7\u00e3o Simplificada 27\/2025"},"content":{"rendered":"<h2>Informa\u00e7\u00f5es Gerais<\/h2>\n<p>O Munic\u00edpio de Pomerode, em Santa Catarina, publicou o <strong>Edital n\u00ba 27\/2025<\/strong> para a realiza\u00e7\u00e3o de um novo <strong>Processo Seletivo Simplificado<\/strong>, com execu\u00e7\u00e3o do Instituto de Estudos, Pesquisa e Projetos \u2013 Instituto Fucap. O certame visa \u00e0 <strong>contrata\u00e7\u00e3o tempor\u00e1ria<\/strong> e \u00e0 forma\u00e7\u00e3o de <strong>cadastro de reserva<\/strong> para diversos cargos que integram o quadro de pessoal da administra\u00e7\u00e3o direta e indireta municipal.<\/p>\n<p>O processo contempla oportunidades para os n\u00edveis <strong>fundamental, m\u00e9dio\/t\u00e9cnico e superior<\/strong>, abrangendo \u00e1reas como educa\u00e7\u00e3o, sa\u00fade e assist\u00eancia social. Entre os cargos dispon\u00edveis est\u00e3o fun\u00e7\u00f5es de <em>professores em diferentes disciplinas e cargas hor\u00e1rias<\/em>, <em>pedagogo<\/em>, <em>enfermeiro<\/em>, <em>m\u00e9dico cl\u00ednico geral<\/em>, <em>assistente social<\/em>, <em>psic\u00f3logo<\/em>, al\u00e9m de fun\u00e7\u00f5es administrativas e operacionais, como <em>auxiliar de servi\u00e7os gerais<\/em> e <em>t\u00e9cnico em inform\u00e1tica<\/em>.<\/p>\n<p>As remunera\u00e7\u00f5es variam de <strong>R$ 1.295,22 a R$ 22.383,63<\/strong>, conforme o cargo e a jornada semanal. O regime de contrata\u00e7\u00e3o segue a legisla\u00e7\u00e3o municipal espec\u00edfica para contrata\u00e7\u00f5es tempor\u00e1rias. O edital encontra-se <strong>publicado<\/strong> e as inscri\u00e7\u00f5es estar\u00e3o abertas dentro do per\u00edodo indicado a seguir. Continue a leitura para saber como participar do processo seletivo.<\/p>\n<h2>Inscri\u00e7\u00f5es<\/h2>\n<p>As inscri\u00e7\u00f5es para o Processo Seletivo da Prefeitura de Pomerode estar\u00e3o <strong>abertas de 23 de outubro a 23 de novembro de 2025<\/strong>, exclusivamente pela internet, no site do <a href=\"https:\/\/www.institutofucap.org.br\/concursos\" target=\"_blank\" rel=\"noopener\">Instituto Fucap<\/a>, organizador do certame. N\u00e3o ser\u00e3o aceitas inscri\u00e7\u00f5es presenciais, via e-mail ou outros meios.<\/p>\n<p>As taxas de inscri\u00e7\u00e3o variam conforme o n\u00edvel de escolaridade: <strong>R$ 150,00<\/strong> para cargos de n\u00edvel superior, <strong>R$ 120,00<\/strong> para n\u00edvel m\u00e9dio e <strong>R$ 80,00<\/strong> para n\u00edvel fundamental. O pagamento dever\u00e1 ser efetuado por meio de boleto banc\u00e1rio emitido no pr\u00f3prio sistema de inscri\u00e7\u00e3o, at\u00e9 o dia <strong>24 de novembro de 2025<\/strong>, observando o hor\u00e1rio limite das institui\u00e7\u00f5es financeiras.<\/p>\n<p>O candidato poder\u00e1 emitir a segunda via do boleto dentro do per\u00edodo de inscri\u00e7\u00f5es e dever\u00e1 acompanhar o deferimento de sua inscri\u00e7\u00e3o diretamente na \u00e1rea do candidato. O valor pago n\u00e3o ser\u00e1 devolvido, salvo em caso de cancelamento do processo. D\u00favidas podem ser esclarecidas pela Central de Atendimento do Instituto Fucap, via telefone, WhatsApp ou e-mail informados no edital.<\/p>\n<p>Recomenda-se a leitura atenta do edital completo antes de efetuar a inscri\u00e7\u00e3o, para ci\u00eancia integral das regras e prazos.<\/p>\n<h2>Etapas e Provas<\/h2>\n<p>O Processo Seletivo da Prefeitura de Pomerode ser\u00e1 composto por at\u00e9 <strong>duas etapas<\/strong>, conforme o cargo pretendido:<\/p>\n<ul>\n<li><strong>Prova Objetiva<\/strong> \u2013 de car\u00e1ter <em>eliminat\u00f3rio e classificat\u00f3rio<\/em>, aplicada a todos os cargos. A avalia\u00e7\u00e3o ser\u00e1 composta por quest\u00f5es de m\u00faltipla escolha, com cinco alternativas e apenas uma correta. A prova ter\u00e1 dura\u00e7\u00e3o de <strong>2h30<\/strong> e ser\u00e1 realizada no dia <strong>7 de dezembro de 2025<\/strong>. A nota m\u00ednima exigida para aprova\u00e7\u00e3o \u00e9 de <strong>3 pontos<\/strong>.<\/li>\n<li><strong>Prova de T\u00edtulos<\/strong> \u2013 de car\u00e1ter <em>classificat\u00f3rio<\/em>, exclusiva para os cargos de <strong>Professor<\/strong> e <strong>Pedagogo<\/strong>. Os candidatos dever\u00e3o enviar os documentos comprobat\u00f3rios digitalizados na \u00e1rea do candidato, entre <strong>23 de outubro e 23 de novembro de 2025<\/strong>. A pontua\u00e7\u00e3o m\u00e1xima atribu\u00edda \u00e0 avalia\u00e7\u00e3o de t\u00edtulos \u00e9 de <strong>3 pontos<\/strong>.<\/li>\n<\/ul>\n<p>As provas objetivas abordar\u00e3o conte\u00fados de conhecimentos gerais e espec\u00edficos, conforme o cargo. O local e hor\u00e1rio de aplica\u00e7\u00e3o ser\u00e3o divulgados oportunamente no site da banca organizadora. Recomenda-se a leitura do edital para detalhes sobre o conte\u00fado program\u00e1tico, crit\u00e9rios de corre\u00e7\u00e3o e demais orienta\u00e7\u00f5es.<\/p>\n<h2>Resultados e Gabarito<\/h2>\n<p>De acordo com o cronograma, o <strong>gabarito preliminar<\/strong> e o caderno de provas ser\u00e3o divulgados em <strong>8 de dezembro de 2025<\/strong>, exclusivamente na \u00e1rea do candidato. Os <strong>resultados preliminares<\/strong> da prova objetiva e da avalia\u00e7\u00e3o de t\u00edtulos est\u00e3o previstos para <strong>16 de dezembro de 2025<\/strong>, enquanto o <strong>resultado definitivo e a homologa\u00e7\u00e3o<\/strong> do certame ocorrer\u00e3o em <strong>19 de dezembro de 2025<\/strong>.<\/p>\n<p>A classifica\u00e7\u00e3o final ser\u00e1 definida pela soma das notas da prova objetiva e, quando aplic\u00e1vel, da prova de t\u00edtulos. Em caso de empate, ser\u00e3o observados os seguintes crit\u00e9rios, nesta ordem: idade igual ou superior a 60 anos, maior n\u00famero de acertos em conhecimentos espec\u00edficos, maior n\u00famero de acertos em conhecimentos gerais e maior idade.<\/p>\n<p>Ap\u00f3s a homologa\u00e7\u00e3o, as convoca\u00e7\u00f5es para admiss\u00e3o ser\u00e3o realizadas pela Prefeitura de Pomerode, conforme a necessidade e disponibilidade or\u00e7ament\u00e1ria, seguindo a ordem de classifica\u00e7\u00e3o. As publica\u00e7\u00f5es oficiais ser\u00e3o feitas no <em>Di\u00e1rio Oficial dos Munic\u00edpios de Santa Catarina (DOM-SC)<\/em> e no site da banca organizadora.<\/p>\n<p>\u00c9 responsabilidade exclusiva do candidato acompanhar todas as divulga\u00e7\u00f5es e comunicados oficiais referentes ao processo seletivo, inclusive convoca\u00e7\u00f5es e prazos.<\/p>\n","protected":false},"excerpt":{"rendered":"<p>Sel. Simplificada Pref. Pomerode (SC) com edital publicado! Vagas p\/ Professor e M\u00e9dico (Fund. a Sup.). Inscri\u00e7\u00f5es a partir de 23\/10. Confira detalhes!<\/p>\n","protected":false},"author":7,"featured_media":273815,"comment_status":"open","ping_status":"open","sticky":false,"template":"","format":"standard","meta":{"_acf_changed":false,"_breakdance_hide_in_design_set":false,"_breakdance_tags":"","footnotes":""},"categories":[6433,141,6434,12,111,100,20,6871,116,21,25,26,101,108,130,159],"tags":[61],"_amplo":[],"destaque":[],"instituicoes":[],"class_list":["post-273816","post","type-post","status-publish","format-standard","has-post-thumbnail","hentry","category-biologia-licenciatura","category-educacao-artistica","category-educacao-fisica-licenciatura","category-enfermagem","category-geografia","category-historia","category-letras","category-letras-ingles","category-matematica","category-medicina","category-pedagogia","category-psicologia","category-servico-social","category-tecnico-enfermagem","category-tecnico-informatica","category-tecnologia-da-informacao","tag-santa-catarina"],"acf":{"_tipo_vagas":"vagas","_numero_vagas":"","_quadro_vagas":"","_cargos":"diversos","_cargos_especificos":"","_salario_max":"R$ 22383.63","_abertura":"20251023","_encerramento":"20251123","_inscricoes":"https:\/\/www.institutofucap.org.br\/concursos","_executora_concurso":"","_instituicao_concurso":[],"_link_adicional":null,"_anexos":null,"_produtos":null,"_vagas":"7 vagas + CR","_salario_min":"R$ 1295.22","_instituicao":"Prefeitura de Pomerode","_edital":"https:\/\/www.agrobase.com.br\/concursos\/wp-content\/uploads\/sites\/4\/2025\/11\/edital-27-2025-prefeitura-de-pomerode-sc.pdf","_anexos_edital":"https:\/\/www.agrobase.com.br\/concursos\/wp-content\/uploads\/sites\/4\/2025\/11\/anexos-edital-27-2025-prefeitura-de-pomerode-sc.pdf","_fund_incompleto":"","_fund_completo":"<div>\r\n<table class=\"quadro\">\r\n<thead>\r\n<tr>\r\n<th class=\"hcargo\">Cargo<\/th>\r\n<th class=\"hvagas\">Vagas<\/th>\r\n<th class=\"hremuneracao\">Remunera\u00e7\u00e3o<\/th>\r\n<\/tr>\r\n<\/thead>\r\n    <tbody>\r\n      <td class=\"ccargos\">\r\n<span data-balloon-length=\"medium\" aria-label=\"Ensino Fundamental Completo.\" data-balloon-pos=\"up\">Auxiliar de Servi\u00e7os Gerais<\/span><\/td>\r\n<td class=\"cvagas\">01<\/td>\r\n<td class=\"cremuneracao\">R$ 2.166,65 \/40h<\/td>\r\n<\/tr><td class=\"ccargos\">\r\n<span data-balloon-length=\"medium\" aria-label=\"Ensino Fundamental Completo. Conhecimentos na \u00e1rea de inform\u00e1tica.\" data-balloon-pos=\"up\">Recepcionista<\/span><\/td>\r\n<td class=\"cvagas\">CR<\/td>\r\n<td class=\"cremuneracao\">R$ 2.166,65 \/40h<\/td>\r\n<\/tr><td class=\"ccargos\">\r\n<span data-balloon-length=\"medium\" aria-label=\"Ensino Fundamental Completo.\" data-balloon-pos=\"up\">Vigia<\/span><\/td>\r\n<td class=\"cvagas\">CR<\/td>\r\n<td class=\"cremuneracao\">R$ 2.166,65 \/40h<\/td>\r\n<\/tr>\r\n    <\/tbody>\r\n  <\/table>\r\n<\/div>","_medio":"<div>\r\n<table class=\"quadro\">\r\n<thead>\r\n<tr>\r\n<th class=\"hcargo\">Cargo<\/th>\r\n<th class=\"hvagas\">Vagas<\/th>\r\n<th class=\"hremuneracao\">Remunera\u00e7\u00e3o<\/th>\r\n<\/tr>\r\n<\/thead>\r\n    <tbody>\r\n      <td class=\"ccargos\">\r\n<span data-balloon-length=\"medium\" aria-label=\"Ensino M\u00e9dio Completo. Conhecimentos na \u00e1rea de inform\u00e1tica.\" data-balloon-pos=\"up\">Atendente de Biblioteca<\/span><\/td>\r\n<td class=\"cvagas\">CR<\/td>\r\n<td class=\"cremuneracao\">R$ 2.587,10 \/40h<\/td>\r\n<\/tr><td class=\"ccargos\">\r\n<span data-balloon-length=\"medium\" aria-label=\"Ensino M\u00e9dio completo.\" data-balloon-pos=\"up\">Auxiliar de Educa\u00e7\u00e3o Especial<\/span><\/td>\r\n<td class=\"cvagas\">01<\/td>\r\n<td class=\"cremuneracao\">R$ 2.587,10 \/40h<\/td>\r\n<\/tr><td class=\"ccargos\">\r\n<span data-balloon-length=\"medium\" aria-label=\"Ensino M\u00e9dio completo.\" data-balloon-pos=\"up\">Auxiliar de Educa\u00e7\u00e3o Infantil<\/span><\/td>\r\n<td class=\"cvagas\">01<\/td>\r\n<td class=\"cremuneracao\">R$ 2.587,10 \/40h<\/td>\r\n<\/tr><td class=\"ccargos\">\r\n<span data-balloon-length=\"medium\" aria-label=\"Ensino M\u00e9dio Completo. Conhecimentos na \u00e1rea de inform\u00e1tica.\" data-balloon-pos=\"up\">Secret\u00e1rio de Escola<\/span><\/td>\r\n<td class=\"cvagas\">CR<\/td>\r\n<td class=\"cremuneracao\">R$ 3.913,22 \/40h<\/td>\r\n<\/tr><td class=\"ccargos\">\r\n<span data-balloon-length=\"medium\" aria-label=\"Ensino M\u00e9dio completo. Curso T\u00e9cnico em Enfermagem, devidamente registrado no \u00f3rg\u00e3o competente. Registro no Conselho Regional da categoria. CNH categoria B.\" data-balloon-pos=\"up\">T\u00e9cnico em Enfermagem<\/span><\/td>\r\n<td class=\"cvagas\">CR<\/td>\r\n<td class=\"cremuneracao\">R$ 4.404,37 \/40h<\/td>\r\n<\/tr><td class=\"ccargos\">\r\n<span data-balloon-length=\"medium\" aria-label=\"Ensino M\u00e9dio Completo. Diploma ou certificado de Curso de T\u00e9cnico em Inform\u00e1tica, devidamente registrado no \u00f3rg\u00e3o competente CNH categoria B.\" data-balloon-pos=\"up\">T\u00e9cnico em Inform\u00e1tica<\/span><\/td>\r\n<td class=\"cvagas\">CR<\/td>\r\n<td class=\"cremuneracao\">R$ 4.404,37 \/40h<\/td>\r\n<\/tr>\r\n    <\/tbody>\r\n  <\/table>\r\n<\/div>","_superior":"<div>\r\n<table class=\"quadro\">\r\n<thead>\r\n<tr>\r\n<th class=\"hcargo\">Cargo<\/th>\r\n<th class=\"hvagas\">Vagas<\/th>\r\n<th class=\"hremuneracao\">Remunera\u00e7\u00e3o<\/th>\r\n<\/tr>\r\n<\/thead>\r\n    <tbody>\r\n      <tr>\r\n<td class=\"ccargos\">\r\n<span data-balloon-length=\"medium\" aria-label=\"N\u00edvel superior em Servi\u00e7o Social, devidamente registrado no \u00f3rg\u00e3o competente. Registro no Conselho Regional da categoria. CNH categoria B.\" data-balloon-pos=\"up\">Assistente Social<\/span><\/td>\r\n<td class=\"cvagas\">CR<\/td>\r\n<td class=\"cremuneracao\">R$ 7.067,72 \/40h<\/td>\r\n<\/tr><tr>\r\n<td class=\"ccargos\">\r\n<span data-balloon-length=\"medium\" aria-label=\"N\u00edvel superior em Enfermagem, devidamente registrado no \u00f3rg\u00e3o competente. Registro no Conselho Regional da categoria. CNH categoria B.\" data-balloon-pos=\"up\">Enfermeiro<\/span><\/td>\r\n<td class=\"cvagas\">01<\/td>\r\n<td class=\"cremuneracao\">R$ 7.067,72 \/40h<\/td>\r\n<\/tr><tr>\r\n<td class=\"ccargos\">\r\n<span data-balloon-length=\"medium\" aria-label=\"N\u00edvel Superior em Medicina, devidamente registrado no \u00f3rg\u00e3o competente. Registro no Conselho Regional da categoria.\" data-balloon-pos=\"up\">M\u00e9dico Cl\u00ednico Geral<\/span><\/td>\r\n<td class=\"cvagas\">CR<\/td>\r\n<td class=\"cremuneracao\">R$ 11.341,60 \/20h<\/td>\r\n<\/tr><tr>\r\n<td class=\"ccargos\">\r\n<span data-balloon-length=\"medium\" aria-label=\"N\u00edvel Superior em Medicina, devidamente registrado no \u00f3rg\u00e3o competente. Registro no Conselho Regional da categoria. CNH categoria B.\" data-balloon-pos=\"up\">Medico Cl\u00ednico Geral Comunit\u00e1rio<\/span><\/td>\r\n<td class=\"cvagas\">01<\/td>\r\n<td class=\"cremuneracao\">R$ 22.383,63 \/40h<\/td>\r\n<\/tr><tr>\r\n<td class=\"ccargos\">\r\n<span data-balloon-length=\"medium\" aria-label=\"Curso Superior de licenciatura em Pedagogia com habilita\u00e7\u00e3o em Gest\u00e3o Escolar ou Orienta\u00e7\u00e3o Educacional ou Supervis\u00e3o, ou outra licenciatura na \u00e1rea da Educa\u00e7\u00e3o com p\u00f3s gradua\u00e7\u00e3o que habilite para Gest\u00e3o Escolar, Orienta\u00e7\u00e3o Educacional ou Supervis\u00e3o.\" data-balloon-pos=\"up\">Pedagogo<\/span><\/td>\r\n<td class=\"cvagas\">CR<\/td>\r\n<td class=\"cremuneracao\">R$ 5.180,89 \/40h<\/td>\r\n<\/tr><tr>\r\n<td class=\"ccargos\">\r\n<span data-balloon-length=\"medium\" aria-label=\"Curso Superior de licenciatura em pedagogia ou normal superior.\" data-balloon-pos=\"up\">Professor de Anos Iniciais<\/span><\/td>\r\n<td class=\"cvagas\">01<\/td>\r\n<td class=\"cremuneracao\">R$ 2.590,45 \/20h<\/td>\r\n<\/tr><tr>\r\n<td class=\"ccargos\">\r\n<span data-balloon-length=\"medium\" aria-label=\"Curso Superior de licenciatura em pedagogia ou normal superior.\" data-balloon-pos=\"up\">Professor de Anos Iniciais<\/span><\/td>\r\n<td class=\"cvagas\">01<\/td>\r\n<td class=\"cremuneracao\">R$ 5.180,89 \/40h<\/td>\r\n<\/tr><tr>\r\n<td class=\"ccargos\">\r\n<span data-balloon-length=\"medium\" aria-label=\"Curso Superior de Licenciatura em Educa\u00e7\u00e3o Especial.\" data-balloon-pos=\"up\">Professor de Atendimento Educacional Especializado<\/span><\/td>\r\n<td class=\"cvagas\">CR<\/td>\r\n<td class=\"cremuneracao\">R$ 2.590,45 \/20h<\/td>\r\n<\/tr><tr>\r\n<td class=\"ccargos\">\r\n<span data-balloon-length=\"medium\" aria-label=\"Curso Superior de Licenciatura em Educa\u00e7\u00e3o Especial.\" data-balloon-pos=\"up\">Professor de Atendimento Educacional Especializado<\/span><\/td>\r\n<td class=\"cvagas\">CR<\/td>\r\n<td class=\"cremuneracao\">R$ 5.180,89 \/40h<\/td>\r\n<\/tr><tr>\r\n<td class=\"ccargos\">\r\n<span data-balloon-length=\"medium\" aria-label=\"Curso Superior de licenciatura em pedagogia ou normal superior com complementa\u00e7\u00e3o que habilite em Educa\u00e7\u00e3o Infantil.\" data-balloon-pos=\"up\">Professor de Educa\u00e7\u00e3o Infantil<\/span><\/td>\r\n<td class=\"cvagas\">01<\/td>\r\n<td class=\"cremuneracao\">R$ 1.295,22 \/10h<\/td>\r\n<\/tr><tr>\r\n<td class=\"ccargos\">\r\n<span data-balloon-length=\"medium\" aria-label=\"Curso Superior de licenciatura em pedagogia ou normal superior com complementa\u00e7\u00e3o que habilite em Educa\u00e7\u00e3o Infantil.\" data-balloon-pos=\"up\">Professor de Educa\u00e7\u00e3o Infantil<\/span><\/td>\r\n<td class=\"cvagas\">01<\/td>\r\n<td class=\"cremuneracao\">R$ 2.590,45 \/20h<\/td>\r\n<\/tr><tr>\r\n<td class=\"ccargos\">\r\n<span data-balloon-length=\"medium\" aria-label=\"Curso Superior de licenciatura em pedagogia ou normal superior com complementa\u00e7\u00e3o que habilite em Educa\u00e7\u00e3o Infantil.\" data-balloon-pos=\"up\">Professor de Educa\u00e7\u00e3o Infantil<\/span><\/td>\r\n<td class=\"cvagas\">01<\/td>\r\n<td class=\"cremuneracao\">R$ 3.885,60 \/30h<\/td>\r\n<\/tr><tr>\r\n<td class=\"ccargos\">\r\n<span data-balloon-length=\"medium\" aria-label=\"Curso Superior de licenciatura em pedagogia ou normal superior com complementa\u00e7\u00e3o que habilite em Educa\u00e7\u00e3o Infantil.\" data-balloon-pos=\"up\">Professor de Educa\u00e7\u00e3o Infantil<\/span><\/td>\r\n<td class=\"cvagas\">01<\/td>\r\n<td class=\"cremuneracao\">R$ 5.180,89 \/40h<\/td>\r\n<\/tr><tr>\r\n<td class=\"ccargos\">\r\n<span data-balloon-length=\"medium\" aria-label=\"Curso Superior de licenciatura na Disciplina Espec\u00edfica.\" data-balloon-pos=\"up\">Professor Disciplina Espec\u00edfica- Artes<\/span><\/td>\r\n<td class=\"cvagas\">CR<\/td>\r\n<td class=\"cremuneracao\">R$ 1.295,22 \/10h<\/td>\r\n<\/tr><tr>\r\n<td class=\"ccargos\">\r\n<span data-balloon-length=\"medium\" aria-label=\"Curso Superior de licenciatura na Disciplina Espec\u00edfica.\" data-balloon-pos=\"up\">Professor Disciplina Espec\u00edfica- Artes<\/span><\/td>\r\n<td class=\"cvagas\">CR<\/td>\r\n<td class=\"cremuneracao\">R$ 2.590,45 \/20h<\/td>\r\n<\/tr><tr>\r\n<td class=\"ccargos\">\r\n<span data-balloon-length=\"medium\" aria-label=\"Curso Superior de licenciatura na Disciplina Espec\u00edfica.\" data-balloon-pos=\"up\">Professor Disciplina Espec\u00edfica- Artes<\/span><\/td>\r\n<td class=\"cvagas\">CR<\/td>\r\n<td class=\"cremuneracao\">R$ 3.885,60 \/30h<\/td>\r\n<\/tr><tr>\r\n<td class=\"ccargos\">\r\n<span data-balloon-length=\"medium\" aria-label=\"Curso Superior de licenciatura na Disciplina Espec\u00edfica.\" data-balloon-pos=\"up\">Professor Disciplina Espec\u00edfica- Artes<\/span><\/td>\r\n<td class=\"cvagas\">CR<\/td>\r\n<td class=\"cremuneracao\">R$ 5.180,89 \/40h<\/td>\r\n<\/tr><tr>\r\n<td class=\"ccargos\">\r\n<span data-balloon-length=\"medium\" aria-label=\"Curso Superior de licenciatura na Disciplina Espec\u00edfica.\" data-balloon-pos=\"up\">Professor Disciplina Espec\u00edfica- Ci\u00eancias<\/span><\/td>\r\n<td class=\"cvagas\">CR<\/td>\r\n<td class=\"cremuneracao\">R$ 1.295,22 \/10h<\/td>\r\n<\/tr><tr>\r\n<td class=\"ccargos\">\r\n<span data-balloon-length=\"medium\" aria-label=\"Curso Superior de licenciatura na Disciplina Espec\u00edfica.\" data-balloon-pos=\"up\">Professor Disciplina Espec\u00edfica- Ci\u00eancias<\/span><\/td>\r\n<td class=\"cvagas\">CR<\/td>\r\n<td class=\"cremuneracao\">R$ 2.590,45 \/20h<\/td>\r\n<\/tr><tr>\r\n<td class=\"ccargos\">\r\n<span data-balloon-length=\"medium\" aria-label=\"Curso Superior de licenciatura na Disciplina Espec\u00edfica.\" data-balloon-pos=\"up\">Professor Disciplina Espec\u00edfica- Ci\u00eancias<\/span><\/td>\r\n<td class=\"cvagas\">CR<\/td>\r\n<td class=\"cremuneracao\">R$ 3.885,60 \/30h<\/td>\r\n<\/tr><tr>\r\n<td class=\"ccargos\">\r\n<span data-balloon-length=\"medium\" aria-label=\"Curso Superior de licenciatura na Disciplina Espec\u00edfica.\" data-balloon-pos=\"up\">Professor Disciplina Espec\u00edfica- Ci\u00eancias<\/span><\/td>\r\n<td class=\"cvagas\">CR<\/td>\r\n<td class=\"cremuneracao\">R$ 5.180,89 \/40h<\/td>\r\n<\/tr><tr>\r\n<td class=\"ccargos\">\r\n<span data-balloon-length=\"medium\" aria-label=\"Curso Superior de licenciatura na Disciplina Espec\u00edfica.\" data-balloon-pos=\"up\">Professor Disciplina Espec\u00edfica- Ensino Religioso<\/span><\/td>\r\n<td class=\"cvagas\">CR<\/td>\r\n<td class=\"cremuneracao\">R$ 1.295,22 \/10h<\/td>\r\n<\/tr><tr>\r\n<td class=\"ccargos\">\r\n<span data-balloon-length=\"medium\" aria-label=\"Curso Superior de licenciatura na Disciplina Espec\u00edfica.\" data-balloon-pos=\"up\">Professor Disciplina Espec\u00edfica- Ensino Religioso<\/span><\/td>\r\n<td class=\"cvagas\">CR<\/td>\r\n<td class=\"cremuneracao\">R$ 2.590,45 \/20h<\/td>\r\n<\/tr><tr>\r\n<td class=\"ccargos\">\r\n<span data-balloon-length=\"medium\" aria-label=\"Curso Superior de licenciatura na Disciplina Espec\u00edfica.\" data-balloon-pos=\"up\">Professor Disciplina Espec\u00edfica- Ensino Religioso<\/span><\/td>\r\n<td class=\"cvagas\">CR<\/td>\r\n<td class=\"cremuneracao\">R$ 3.885,60 \/30h<\/td>\r\n<\/tr><tr>\r\n<td class=\"ccargos\">\r\n<span data-balloon-length=\"medium\" aria-label=\"Curso Superior de licenciatura na Disciplina Espec\u00edfica.\" data-balloon-pos=\"up\">Professor Disciplina Espec\u00edfica- Ensino Religioso<\/span><\/td>\r\n<td class=\"cvagas\">CR<\/td>\r\n<td class=\"cremuneracao\">R$ 5.180,89 \/40h<\/td>\r\n<\/tr><tr>\r\n<td class=\"ccargos\">\r\n<span data-balloon-length=\"medium\" aria-label=\"Curso Superior de licenciatura na Disciplina Espec\u00edfica.\" data-balloon-pos=\"up\">Professor Disciplina Espec\u00edfica- Educa\u00e7\u00e3o F\u00edsica<\/span><\/td>\r\n<td class=\"cvagas\">CR<\/td>\r\n<td class=\"cremuneracao\">R$ 1.295,22 \/10h<\/td>\r\n<\/tr><tr>\r\n<td class=\"ccargos\">\r\n<span data-balloon-length=\"medium\" aria-label=\"Curso Superior de licenciatura na Disciplina Espec\u00edfica.\" data-balloon-pos=\"up\">Professor Disciplina Espec\u00edfica- Educa\u00e7\u00e3o F\u00edsica<\/span><\/td>\r\n<td class=\"cvagas\">CR<\/td>\r\n<td class=\"cremuneracao\">R$ 2.590,45 \/20h<\/td>\r\n<\/tr><tr>\r\n<td class=\"ccargos\">\r\n<span data-balloon-length=\"medium\" aria-label=\"Curso Superior de licenciatura na Disciplina Espec\u00edfica.\" data-balloon-pos=\"up\">Professor Disciplina Espec\u00edfica- Educa\u00e7\u00e3o F\u00edsica<\/span><\/td>\r\n<td class=\"cvagas\">CR<\/td>\r\n<td class=\"cremuneracao\">R$ 3.885,60 \/30h<\/td>\r\n<\/tr><tr>\r\n<td class=\"ccargos\">\r\n<span data-balloon-length=\"medium\" aria-label=\"Curso Superior de licenciatura na Disciplina Espec\u00edfica.\" data-balloon-pos=\"up\">Professor Disciplina Espec\u00edfica- Educa\u00e7\u00e3o F\u00edsica<\/span><\/td>\r\n<td class=\"cvagas\">CR<\/td>\r\n<td class=\"cremuneracao\">R$ 5.180,89 \/40h<\/td>\r\n<\/tr><tr>\r\n<td class=\"ccargos\">\r\n<span data-balloon-length=\"medium\" aria-label=\"Curso Superior de licenciatura na Disciplina Espec\u00edfica.\" data-balloon-pos=\"up\">Professor Disciplina Espec\u00edfica- Geografia<\/span><\/td>\r\n<td class=\"cvagas\">CR<\/td>\r\n<td class=\"cremuneracao\">R$ 1.295,22 \/10h<\/td>\r\n<\/tr><tr>\r\n<td class=\"ccargos\">\r\n<span data-balloon-length=\"medium\" aria-label=\"Curso Superior de licenciatura na Disciplina Espec\u00edfica.\" data-balloon-pos=\"up\">Professor Disciplina Espec\u00edfica- Geografia<\/span><\/td>\r\n<td class=\"cvagas\">CR<\/td>\r\n<td class=\"cremuneracao\">R$ 2.590,45 \/20h<\/td>\r\n<\/tr><tr>\r\n<td class=\"ccargos\">\r\n<span data-balloon-length=\"medium\" aria-label=\"Curso Superior de licenciatura na Disciplina Espec\u00edfica.\" data-balloon-pos=\"up\">Professor Disciplina Espec\u00edfica- Geografia<\/span><\/td>\r\n<td class=\"cvagas\">CR<\/td>\r\n<td class=\"cremuneracao\">R$ 3.885,60 \/30h<\/td>\r\n<\/tr><tr>\r\n<td class=\"ccargos\">\r\n<span data-balloon-length=\"medium\" aria-label=\"Curso Superior de licenciatura na Disciplina Espec\u00edfica.\" data-balloon-pos=\"up\">Professor Disciplina Espec\u00edfica- Geografia<\/span><\/td>\r\n<td class=\"cvagas\">CR<\/td>\r\n<td class=\"cremuneracao\">R$ 5.180,89 \/40h<\/td>\r\n<\/tr><tr>\r\n<td class=\"ccargos\">\r\n<span data-balloon-length=\"medium\" aria-label=\"Curso Superior de licenciatura na Disciplina Espec\u00edfica.\" data-balloon-pos=\"up\">Professor Disciplina Espec\u00edfica- Hist\u00f3ria<\/span><\/td>\r\n<td class=\"cvagas\">CR<\/td>\r\n<td class=\"cremuneracao\">R$ 1.295,22 \/10h<\/td>\r\n<\/tr><tr>\r\n<td class=\"ccargos\">\r\n<span data-balloon-length=\"medium\" aria-label=\"Curso Superior de licenciatura na Disciplina Espec\u00edfica.\" data-balloon-pos=\"up\">Professor Disciplina Espec\u00edfica- Hist\u00f3ria<\/span><\/td>\r\n<td class=\"cvagas\">CR<\/td>\r\n<td class=\"cremuneracao\">R$ 2.590,45 \/20h<\/td>\r\n<\/tr><tr>\r\n<td class=\"ccargos\">\r\n<span data-balloon-length=\"medium\" aria-label=\"Curso Superior de licenciatura na Disciplina Espec\u00edfica.\" data-balloon-pos=\"up\">Professor Disciplina Espec\u00edfica- Hist\u00f3ria<\/span><\/td>\r\n<td class=\"cvagas\">CR<\/td>\r\n<td class=\"cremuneracao\">R$ 3.885,60 \/30h<\/td>\r\n<\/tr><tr>\r\n<td class=\"ccargos\">\r\n<span data-balloon-length=\"medium\" aria-label=\"Curso Superior de licenciatura na Disciplina Espec\u00edfica.\" data-balloon-pos=\"up\">Professor Disciplina Espec\u00edfica- Hist\u00f3ria<\/span><\/td>\r\n<td class=\"cvagas\">CR<\/td>\r\n<td class=\"cremuneracao\">R$ 5.180,89 \/40h<\/td>\r\n<\/tr><tr>\r\n<td class=\"ccargos\">\r\n<span data-balloon-length=\"medium\" aria-label=\"Curso Superior de licenciatura na Disciplina Espec\u00edfica.\" data-balloon-pos=\"up\">Professor Disciplina Espec\u00edfica- L\u00edngua Alem\u00e3<\/span><\/td>\r\n<td class=\"cvagas\">CR<\/td>\r\n<td class=\"cremuneracao\">R$ 1.295,22 \/10h<\/td>\r\n<\/tr><tr>\r\n<td class=\"ccargos\">\r\n<span data-balloon-length=\"medium\" aria-label=\"Curso Superior de licenciatura na Disciplina Espec\u00edfica.\" data-balloon-pos=\"up\">Professor Disciplina Espec\u00edfica- L\u00edngua Alem\u00e3<\/span><\/td>\r\n<td class=\"cvagas\">CR<\/td>\r\n<td class=\"cremuneracao\">R$ 2.590,45 \/20h<\/td>\r\n<\/tr><tr>\r\n<td class=\"ccargos\">\r\n<span data-balloon-length=\"medium\" aria-label=\"Curso Superior de licenciatura na Disciplina Espec\u00edfica.\" data-balloon-pos=\"up\">Professor Disciplina Espec\u00edfica- L\u00edngua Alem\u00e3<\/span><\/td>\r\n<td class=\"cvagas\">CR<\/td>\r\n<td class=\"cremuneracao\">R$ 3.885,60 \/30h<\/td>\r\n<\/tr><tr>\r\n<td class=\"ccargos\">\r\n<span data-balloon-length=\"medium\" aria-label=\"Curso Superior de licenciatura na Disciplina Espec\u00edfica.\" data-balloon-pos=\"up\">Professor Disciplina Espec\u00edfica- L\u00edngua Alem\u00e3<\/span><\/td>\r\n<td class=\"cvagas\">CR<\/td>\r\n<td class=\"cremuneracao\">R$ 5.180,89 \/40h<\/td>\r\n<\/tr><tr>\r\n<td class=\"ccargos\">\r\n<span data-balloon-length=\"medium\" aria-label=\"Curso Superior de licenciatura na Disciplina Espec\u00edfica.\" data-balloon-pos=\"up\">Professor Disciplina Espec\u00edfica- L\u00edngua Inglesa<\/span><\/td>\r\n<td class=\"cvagas\">CR<\/td>\r\n<td class=\"cremuneracao\">R$ 1.295,22 \/10h<\/td>\r\n<\/tr><tr>\r\n<td class=\"ccargos\">\r\n<span data-balloon-length=\"medium\" aria-label=\"Curso Superior de licenciatura na Disciplina Espec\u00edfica.\" data-balloon-pos=\"up\">Professor Disciplina Espec\u00edfica- L\u00edngua Inglesa<\/span><\/td>\r\n<td class=\"cvagas\">CR<\/td>\r\n<td class=\"cremuneracao\">R$ 2.590,45 \/20h<\/td>\r\n<\/tr><tr>\r\n<td class=\"ccargos\">\r\n<span data-balloon-length=\"medium\" aria-label=\"Curso Superior de licenciatura na Disciplina Espec\u00edfica.\" data-balloon-pos=\"up\">Professor Disciplina Espec\u00edfica- L\u00edngua Inglesa<\/span><\/td>\r\n<td class=\"cvagas\">CR<\/td>\r\n<td class=\"cremuneracao\">R$ 3.885,60 \/30h<\/td>\r\n<\/tr><tr>\r\n<td class=\"ccargos\">\r\n<span data-balloon-length=\"medium\" aria-label=\"Curso Superior de licenciatura na Disciplina Espec\u00edfica.\" data-balloon-pos=\"up\">Professor Disciplina Espec\u00edfica- L\u00edngua Inglesa<\/span><\/td>\r\n<td class=\"cvagas\">CR<\/td>\r\n<td class=\"cremuneracao\">R$ 5.180,89 \/40h<\/td>\r\n<\/tr><tr>\r\n<td class=\"ccargos\">\r\n<span data-balloon-length=\"medium\" aria-label=\"Curso Superior de licenciatura na Disciplina Espec\u00edfica.\" data-balloon-pos=\"up\">Professor Disciplina Espec\u00edfica \u2013 L\u00edngua Portuguesa<\/span><\/td>\r\n<td class=\"cvagas\">CR<\/td>\r\n<td class=\"cremuneracao\">R$ 1.295,22 \/10h<\/td>\r\n<\/tr><tr>\r\n<td class=\"ccargos\">\r\n<span data-balloon-length=\"medium\" aria-label=\"Curso Superior de licenciatura na Disciplina Espec\u00edfica.\" data-balloon-pos=\"up\">Professor Disciplina Espec\u00edfica \u2013 L\u00edngua Portuguesa<\/span><\/td>\r\n<td class=\"cvagas\">CR<\/td>\r\n<td class=\"cremuneracao\">R$ 2.590,45 \/20h<\/td>\r\n<\/tr><tr>\r\n<td class=\"ccargos\">\r\n<span data-balloon-length=\"medium\" aria-label=\"Curso Superior de licenciatura na Disciplina Espec\u00edfica.\" data-balloon-pos=\"up\">Professor Disciplina Espec\u00edfica \u2013 L\u00edngua Portuguesa<\/span><\/td>\r\n<td class=\"cvagas\">CR<\/td>\r\n<td class=\"cremuneracao\">R$ 3.885,60 \/30h<\/td>\r\n<\/tr><tr>\r\n<td class=\"ccargos\">\r\n<span data-balloon-length=\"medium\" aria-label=\"Curso Superior de licenciatura na Disciplina Espec\u00edfica.\" data-balloon-pos=\"up\">Professor Disciplina Espec\u00edfica \u2013 L\u00edngua Portuguesa<\/span><\/td>\r\n<td class=\"cvagas\">CR<\/td>\r\n<td class=\"cremuneracao\">R$ 5.180,89 \/40h<\/td>\r\n<\/tr><tr>\r\n<td class=\"ccargos\">\r\n<span data-balloon-length=\"medium\" aria-label=\"Curso Superior de licenciatura na Disciplina Espec\u00edfica.\" data-balloon-pos=\"up\">Professor Disciplina Espec\u00edfica - Matem\u00e1tica<\/span><\/td>\r\n<td class=\"cvagas\">CR<\/td>\r\n<td class=\"cremuneracao\">R$ 1.295,22 \/10h<\/td>\r\n<\/tr><tr>\r\n<td class=\"ccargos\">\r\n<span data-balloon-length=\"medium\" aria-label=\"Curso Superior de licenciatura na Disciplina Espec\u00edfica.\" data-balloon-pos=\"up\">Professor Disciplina Espec\u00edfica - Matem\u00e1tica<\/span><\/td>\r\n<td class=\"cvagas\">CR<\/td>\r\n<td class=\"cremuneracao\">R$ 2.590,45 \/20h<\/td>\r\n<\/tr><tr>\r\n<td class=\"ccargos\">\r\n<span data-balloon-length=\"medium\" aria-label=\"Curso Superior de licenciatura na Disciplina Espec\u00edfica.\" data-balloon-pos=\"up\">Professor Disciplina Espec\u00edfica - Matem\u00e1tica<\/span><\/td>\r\n<td class=\"cvagas\">CR<\/td>\r\n<td class=\"cremuneracao\">R$ 3.885,60 \/30h<\/td>\r\n<\/tr><tr>\r\n<td class=\"ccargos\">\r\n<span data-balloon-length=\"medium\" aria-label=\"Curso Superior de licenciatura na Disciplina Espec\u00edfica.\" data-balloon-pos=\"up\">Professor Disciplina Espec\u00edfica - Matem\u00e1tica<\/span><\/td>\r\n<td class=\"cvagas\">CR<\/td>\r\n<td class=\"cremuneracao\">R$ 5.180,89 \/40h<\/td>\r\n<\/tr><tr>\r\n<td class=\"ccargos\">\r\n<span data-balloon-length=\"medium\" aria-label=\"N\u00edvel superior em Psicologia, devidamente registrado no \u00f3rg\u00e3o competente. Registro no Conselho Regional da categoria. CNH categoria B.\" data-balloon-pos=\"up\">Psic\u00f3logo<\/span><\/td>\r\n<td class=\"cvagas\">CR<\/td>\r\n<td class=\"cremuneracao\">R$ 7.067,72 \/40h<\/td>\r\n<\/tr><tr>\r\n<td class=\"ccargos\">\r\n<span data-balloon-length=\"medium\" aria-label=\"N\u00edvel Superior na \u00c1rea de Inform\u00e1tica, devidamente registrado no \u00f3rg\u00e3o competente. CNH categoria B.\" data-balloon-pos=\"up\">Tecn\u00f3logo Educacional<\/span><\/td>\r\n<td class=\"cvagas\">CR<\/td>\r\n<td class=\"cremuneracao\">R$ 5.105,87 \/40h<\/td>\r\n<\/tr>\r\n    <\/tbody>\r\n  <\/table>\r\n<\/div>"},"_links":{"self":[{"href":"https:\/\/www.agrobase.com.br\/concursos\/wp-json\/wp\/v2\/posts\/273816","targetHints":{"allow":["GET"]}}],"collection":[{"href":"https:\/\/www.agrobase.com.br\/concursos\/wp-json\/wp\/v2\/posts"}],"about":[{"href":"https:\/\/www.agrobase.com.br\/concursos\/wp-json\/wp\/v2\/types\/post"}],"author":[{"embeddable":true,"href":"https:\/\/www.agrobase.com.br\/concursos\/wp-json\/wp\/v2\/users\/7"}],"replies":[{"embeddable":true,"href":"https:\/\/www.agrobase.com.br\/concursos\/wp-json\/wp\/v2\/comments?post=273816"}],"version-history":[{"count":2,"href":"https:\/\/www.agrobase.com.br\/concursos\/wp-json\/wp\/v2\/posts\/273816\/revisions"}],"predecessor-version":[{"id":273820,"href":"https:\/\/www.agrobase.com.br\/concursos\/wp-json\/wp\/v2\/posts\/273816\/revisions\/273820"}],"wp:featuredmedia":[{"embeddable":true,"href":"https:\/\/www.agrobase.com.br\/concursos\/wp-json\/wp\/v2\/media\/273815"}],"wp:attachment":[{"href":"https:\/\/www.agrobase.com.br\/concursos\/wp-json\/wp\/v2\/media?parent=273816"}],"wp:term":[{"taxonomy":"category","embeddable":true,"href":"https:\/\/www.agrobase.com.br\/concursos\/wp-json\/wp\/v2\/categories?post=273816"},{"taxonomy":"post_tag","embeddable":true,"href":"https:\/\/www.agrobase.com.br\/concursos\/wp-json\/wp\/v2\/tags?post=273816"},{"taxonomy":"_amplo","embeddable":true,"href":"https:\/\/www.agrobase.com.br\/concursos\/wp-json\/wp\/v2\/_amplo?post=273816"},{"taxonomy":"destaque","embeddable":true,"href":"https:\/\/www.agrobase.com.br\/concursos\/wp-json\/wp\/v2\/destaque?post=273816"},{"taxonomy":"instituicoes","embeddable":true,"href":"https:\/\/www.agrobase.com.br\/concursos\/wp-json\/wp\/v2\/instituicoes?post=273816"}],"curies":[{"name":"wp","href":"https:\/\/api.w.org\/{rel}","templated":true}]}}