{"id":273805,"date":"2025-11-14T07:10:13","date_gmt":"2025-11-14T10:10:13","guid":{"rendered":"https:\/\/www.agrobase.com.br\/concursos\/?p=273805"},"modified":"2025-11-13T10:45:00","modified_gmt":"2025-11-13T13:45:00","slug":"ufes-es-selecao-simplificada-176-2025","status":"publish","type":"post","link":"https:\/\/www.agrobase.com.br\/concursos\/2025\/ufes-es-selecao-simplificada-176-2025\/","title":{"rendered":"UFES (ES) &#8211; Sele\u00e7\u00e3o Simplificada 176\/2025"},"content":{"rendered":"<h2>Informa\u00e7\u00f5es Gerais<\/h2>\n<p>O <strong>Processo Seletivo Simplificado da Universidade Federal do Esp\u00edrito Santo (UFES)<\/strong>, regido pelo <strong>Edital n\u00ba 176\/2025<\/strong>, foi publicado pela Pr\u00f3-Reitoria de Gest\u00e3o de Pessoas com o objetivo de contratar <strong>professores substitutos<\/strong> em car\u00e1ter tempor\u00e1rio, conforme a Lei n\u00ba 8.745\/93 e demais normas institucionais. O certame visa ao preenchimento de <strong>17 vagas<\/strong> distribu\u00eddas entre diversos departamentos da universidade, abrangendo \u00e1reas de conhecimento das ci\u00eancias humanas, exatas, sociais aplicadas, sa\u00fade e engenharias.<\/p>\n<p>As oportunidades s\u00e3o destinadas a profissionais de <strong>n\u00edvel superior<\/strong> com titula\u00e7\u00e3o m\u00ednima de mestrado ou doutorado, conforme os requisitos espec\u00edficos de cada \u00e1rea. Entre os campos contemplados, destacam-se <strong>Nutri\u00e7\u00e3o<\/strong>, <strong>Engenharia Civil<\/strong> e <strong>Engenharia Mec\u00e2nica<\/strong>. O regime de trabalho varia entre 20h e 40h semanais, conforme o departamento e a necessidade institucional.<\/p>\n<p>Os contratos ter\u00e3o dura\u00e7\u00e3o de at\u00e9 um per\u00edodo letivo, podendo ser prorrogados at\u00e9 o limite de dois anos, sem gerar v\u00ednculo permanente com a carreira de magist\u00e9rio superior. A seguir, confira as informa\u00e7\u00f5es sobre inscri\u00e7\u00f5es, etapas e resultados para decidir sua participa\u00e7\u00e3o neste processo seletivo.<\/p>\n<h2>Inscri\u00e7\u00f5es<\/h2>\n<p>As inscri\u00e7\u00f5es para o processo seletivo da UFES estar\u00e3o abertas de <strong>17 a 21 de novembro de 2025<\/strong>, exclusivamente de forma <strong>online<\/strong>, por meio do site da Pr\u00f3-Reitoria de Gest\u00e3o de Pessoas: <a href=\"http:\/\/www.progep.ufes.br\/processos-seletivos\/professor-substituto\" target=\"_blank\" rel=\"noopener\">www.progep.ufes.br<\/a>. O candidato dever\u00e1 preencher o formul\u00e1rio oficial de inscri\u00e7\u00e3o, anexar c\u00f3pia de documento de identidade e curr\u00edculo comprovado, conforme as orienta\u00e7\u00f5es do edital.<\/p>\n<p>Durante o per\u00edodo de inscri\u00e7\u00e3o, o departamento respons\u00e1vel fornecer\u00e1 o conte\u00fado program\u00e1tico e o cronograma das provas. \u00c9 imprescind\u00edvel que o candidato leia atentamente o edital e verifique se atende aos requisitos de titula\u00e7\u00e3o e \u00e1rea de forma\u00e7\u00e3o exigidos para a vaga pretendida. As inscri\u00e7\u00f5es ser\u00e3o analisadas e deferidas pela Comiss\u00e3o de Sele\u00e7\u00e3o de cada departamento, com divulga\u00e7\u00e3o dos resultados nos sites e quadros de avisos dos Centros.<\/p>\n<p>Somente ser\u00e3o aceitas inscri\u00e7\u00f5es realizadas dentro do prazo e na forma estabelecida. Recomenda-se que o candidato acompanhe o status de sua inscri\u00e7\u00e3o e demais comunicados no portal da UFES. Para informa\u00e7\u00f5es completas sobre documenta\u00e7\u00e3o, prazos e crit\u00e9rios de participa\u00e7\u00e3o, \u00e9 indispens\u00e1vel a leitura integral do edital.<\/p>\n<h2>Etapas e Provas<\/h2>\n<p>O processo seletivo ser\u00e1 composto por duas etapas principais, conduzidas pelos departamentos respons\u00e1veis pelas vagas:<\/p>\n<ul>\n<li><strong>Prova de Aptid\u00e3o Did\u00e1tica<\/strong> \u2013 de car\u00e1ter <em>eliminat\u00f3rio e classificat\u00f3rio<\/em>, consistir\u00e1 em uma aula ministrada sobre tema sorteado do programa do processo seletivo. A avalia\u00e7\u00e3o seguir\u00e1 crit\u00e9rios definidos na Resolu\u00e7\u00e3o n\u00ba 41\/2011-CEPE, com pontua\u00e7\u00e3o de 0 a 100, sendo eliminados os candidatos que obtiverem nota inferior a 60 pontos. A prova ser\u00e1 gravada em \u00e1udio e v\u00eddeo para fins de registro e eventuais recursos.<\/li>\n<li><strong>An\u00e1lise de Curr\u00edculo<\/strong> \u2013 de car\u00e1ter <em>classificat\u00f3rio<\/em>, avaliar\u00e1 a forma\u00e7\u00e3o acad\u00eamica, experi\u00eancia profissional e produ\u00e7\u00e3o cient\u00edfica, conforme tabela de pontua\u00e7\u00e3o constante no anexo da referida resolu\u00e7\u00e3o.<\/li>\n<\/ul>\n<p>O cronograma com as datas, hor\u00e1rios e locais das provas ser\u00e1 divulgado pelos departamentos promotores, a partir de <strong>1\u00ba de dezembro de 2025<\/strong>. O n\u00e3o comparecimento ao sorteio de temas ou \u00e0 prova did\u00e1tica implicar\u00e1 elimina\u00e7\u00e3o do candidato. Em caso de empate, ser\u00e3o considerados, sucessivamente, a maior nota na prova de aptid\u00e3o did\u00e1tica e o maior tempo de obten\u00e7\u00e3o do diploma de gradua\u00e7\u00e3o.<\/p>\n<p>Para detalhes sobre crit\u00e9rios de avalia\u00e7\u00e3o, conte\u00fados e prazos, recomenda-se a leitura completa do edital e o acompanhamento das publica\u00e7\u00f5es nos sites dos departamentos.<\/p>\n<h2>Resultados e Gabarito<\/h2>\n<p>Ao t\u00e9rmino das etapas, a comiss\u00e3o de sele\u00e7\u00e3o elaborar\u00e1 parecer conclusivo com a <strong>ordem de classifica\u00e7\u00e3o<\/strong> dos candidatos por \u00e1rea e modalidade de vaga (ampla concorr\u00eancia, cotas raciais e pessoas com defici\u00eancia). O resultado final ser\u00e1 publicado no site da UFES e posteriormente <strong>homologado no Di\u00e1rio Oficial da Uni\u00e3o<\/strong>, conforme o Decreto n\u00ba 9.739\/2019.<\/p>\n<p>Ser\u00e3o considerados aprovados apenas os candidatos classificados dentro do n\u00famero m\u00e1ximo previsto no anexo do decreto. Em caso de empate na \u00faltima posi\u00e7\u00e3o de aprovados, todos os empatados ser\u00e3o considerados aprovados. Ap\u00f3s a homologa\u00e7\u00e3o, os departamentos seguir\u00e3o as orienta\u00e7\u00f5es da Pr\u00f3-Reitoria de Gest\u00e3o de Pessoas para convoca\u00e7\u00e3o e contrata\u00e7\u00e3o, respeitando rigorosamente a ordem de classifica\u00e7\u00e3o.<\/p>\n<p>O candidato deve acompanhar todas as publica\u00e7\u00f5es oficiais no site da banca organizadora e no <strong>Di\u00e1rio Oficial da Uni\u00e3o<\/strong>, sendo de sua exclusiva responsabilidade manter-se informado sobre resultados, homologa\u00e7\u00f5es e convoca\u00e7\u00f5es.<\/p>\n","protected":false},"excerpt":{"rendered":"<p>Sel. Simplificada UFES (ES) com edital publicado! 17 vagas p\/ Prof. Substituto (Superior). Inscri\u00e7\u00f5es a partir de 17\/11. Confira detalhes!<\/p>\n","protected":false},"author":7,"featured_media":273804,"comment_status":"open","ping_status":"open","sticky":false,"template":"","format":"standard","meta":{"_acf_changed":false,"_breakdance_hide_in_design_set":false,"_breakdance_tags":"","footnotes":""},"categories":[3,6433,9,121,120,14,104,18,19,111,99,20,6871,23,24,25,124,101,118,134],"tags":[45],"_amplo":[],"destaque":[],"instituicoes":[],"class_list":["post-273805","post","type-post","status-publish","format-standard","has-post-thumbnail","hentry","category-administracao","category-biologia-licenciatura","category-ciencias-contabeis","category-ciencias-sociais","category-comunicacao-social","category-engenharia","category-engenharia-mecanica","category-fisioterapia","category-fonoaudiologia","category-geografia","category-jornalismo","category-letras","category-letras-ingles","category-nutricao","category-odontologia","category-pedagogia","category-publicidade","category-servico-social","category-sociologia","category-terapia-ocupacional","tag-espirito-santo"],"acf":{"_tipo_vagas":"vagas","_numero_vagas":"","_quadro_vagas":"","_cargos":"diversos","_cargos_especificos":"","_salario_max":"R$ 8.058,29","_abertura":"20251117","_encerramento":"20251121","_inscricoes":"http:\/\/www.progep.ufes.br\/processos-seletivos\/professor-substituto","_executora_concurso":"","_instituicao_concurso":[],"_link_adicional":null,"_anexos":null,"_produtos":null,"_vagas":"17 vagas","_salario_min":"R$ 4.975,59","_instituicao":"UFES","_edital":"https:\/\/www.agrobase.com.br\/concursos\/wp-content\/uploads\/sites\/4\/2025\/11\/edital-176-2025-ufes-es.pdf","_anexos_edital":"","_fund_incompleto":"","_fund_completo":"","_medio":"","_superior":"<div>\r\n<table class=\"quadro\">\r\n<thead>\r\n<tr>\r\n<th class=\"hcargo\">Cargo<\/th>\r\n<th class=\"hvagas\">Vagas<\/th>\r\n<th class=\"hremuneracao\">Remunera\u00e7\u00e3o<\/th>\r\n<\/tr>\r\n<\/thead>\r\n    <tbody>\r\n      <tr>\r\n<td class=\"ccargos\">\r\n<span data-balloon-length=\"medium\" aria-label=\"Gradua\u00e7\u00e3o em Cinema e Audiovisual ou Comunica\u00e7\u00e3o Social ou Artes Visuais ou Jornalismo ou Publicidade e Propaganda ou R\u00e1dio e TV ou Audiovisual ou \u00e1reas afins e Mestrado nas \u00e1reas de Comunica\u00e7\u00e3o ou Cinema ou R\u00e1dio e TV ou Artes ou Som e Imagem ou Multimeios ou \u00e1reas afins.\" data-balloon-pos=\"up\">Comunica\u00e7\u00e3o (C\u00f3d.CNPq 6.09.00.00-8) \/ R\u00e1dio e Televis\u00e3o (C\u00f3d.CNPq 6.09.03.00-7).<\/span><\/td>\r\n<td class=\"cvagas\">01<\/td>\r\n<td class=\"cremuneracao\">R$ 0,00 \/40h<\/td>\r\n<\/tr><tr>\r\n<td class=\"ccargos\">\r\n<span data-balloon-length=\"medium\" aria-label=\"Gradua\u00e7\u00e3o em Nutri\u00e7\u00e3o. Mestrado em Ci\u00eancia da Nutri\u00e7\u00e3o, Sa\u00fade Coletiva, Ci\u00eancia e Tecnologia de Alimentos, Alimentos e Sa\u00fade, Ci\u00eancias da Sa\u00fade, Nutri\u00e7\u00e3o e Sa\u00fade.\" data-balloon-pos=\"up\">Nutri\u00e7\u00e3o (4.05.00.00-4).<\/span><\/td>\r\n<td class=\"cvagas\">01<\/td>\r\n<td class=\"cremuneracao\">R$ 0,00 \/40h<\/td>\r\n<\/tr><tr>\r\n<td class=\"ccargos\">\r\n<span data-balloon-length=\"medium\" aria-label=\"Gradua\u00e7\u00e3o em Geografia e Doutorado em Geografia.\" data-balloon-pos=\"up\">Geografia \/ Geografia Humana.<\/span><\/td>\r\n<td class=\"cvagas\">02<\/td>\r\n<td class=\"cremuneracao\">R$ 0,00 \/40h<\/td>\r\n<\/tr><tr>\r\n<td class=\"ccargos\">\r\n<span data-balloon-length=\"medium\" aria-label=\"Mestrado em Letras Cl\u00e1ssicas; Letras; Lingu\u00edstica; Estudos Liter\u00e1rios; Estudos Lingu\u00edsticos; Ci\u00eancia da Literatura; Tradu\u00e7\u00e3o.\" data-balloon-pos=\"up\">Letras \/ L\u00ednguas Cl\u00e1ssicas - Latim.<\/span><\/td>\r\n<td class=\"cvagas\">01<\/td>\r\n<td class=\"cremuneracao\">R$ 0,00 \/40h<\/td>\r\n<\/tr><tr>\r\n<td class=\"ccargos\">\r\n<span data-balloon-length=\"medium\" aria-label=\"Licenciatura em Letras Ingl\u00eas ou Portugu\u00eas-Ingl\u00eas; Mestrado em Letras, Lingu\u00edstica, Estudos Lingu\u00edsticos, Lingu\u00edstica Aplicada ou Educa\u00e7\u00e3o.\" data-balloon-pos=\"up\">Lingu\u00edstica aplicada \/ L\u00ednguas Estrangeiras Modernas - Ingl\u00eas.<\/span><\/td>\r\n<td class=\"cvagas\">01<\/td>\r\n<td class=\"cremuneracao\">R$ 0,00 \/40h<\/td>\r\n<\/tr><tr>\r\n<td class=\"ccargos\">\r\n<span data-balloon-length=\"medium\" aria-label=\"Doutorado em Ci\u00eancias Sociais ou Ci\u00eancia Pol\u00edtica ou Sociologia Pol\u00edtica ou Antropologia ou Sociologia.\" data-balloon-pos=\"up\">Ci\u00eancias Sociais (C\u00f3d. CNPq: 9.08.00.00-1).<\/span><\/td>\r\n<td class=\"cvagas\">02<\/td>\r\n<td class=\"cremuneracao\">R$ 0,00 \/40h<\/td>\r\n<\/tr><tr>\r\n<td class=\"ccargos\">\r\n<span data-balloon-length=\"medium\" aria-label=\"Gradua\u00e7\u00e3o em Administra\u00e7\u00e3o e Mestrado em: Administra\u00e7\u00e3o ou Ci\u00eancias Cont\u00e1beis; OU Gradua\u00e7\u00e3o em Ci\u00eancias Cont\u00e1beis e Mestrado em: Administra\u00e7\u00e3o ou Ci\u00eancias Cont\u00e1beis.\" data-balloon-pos=\"up\">Administra\u00e7\u00e3o (c\u00f3digo CNPq: 6.02.00.00-6) \/ Administra\u00e7\u00e3o Financeira (c\u00f3digo CNPq: 6.02.01.02-9).<\/span><\/td>\r\n<td class=\"cvagas\">01<\/td>\r\n<td class=\"cremuneracao\">R$ 0,00 \/40h<\/td>\r\n<\/tr><tr>\r\n<td class=\"ccargos\">\r\n<span data-balloon-length=\"medium\" aria-label=\"Gradua\u00e7\u00e3o em Terapia Ocupacional e Especializa\u00e7\u00e3o na \u00e1rea da sa\u00fade ou ci\u00eancias humanas ou ci\u00eancias sociais ou \u00e1reas afins.\" data-balloon-pos=\"up\">Fisioterapia e Terapia Ocupacional (CNPq 4.08.00.00-8). Terapia Ocupacional Social.<\/span><\/td>\r\n<td class=\"cvagas\">01<\/td>\r\n<td class=\"cremuneracao\">R$ 0,00 \/20h<\/td>\r\n<\/tr><tr>\r\n<td class=\"ccargos\">\r\n<span data-balloon-length=\"medium\" aria-label=\"Gradua\u00e7\u00e3o: Odontologia; P\u00f3s-gradua\u00e7\u00e3o: Mestrado nas \u00e1reas de concentra\u00e7\u00e3o de Dent\u00edstica ou de Pr\u00f3tese Dent\u00e1ria.\" data-balloon-pos=\"up\">Ci\u00eancias da Sa\u00fade (CNPq: 4.00.00.00-1); Odontologia (CNPq: 4.02.00.00-0).<\/span><\/td>\r\n<td class=\"cvagas\">01<\/td>\r\n<td class=\"cremuneracao\">R$ 0,00 \/40h<\/td>\r\n<\/tr><tr>\r\n<td class=\"ccargos\">\r\n<span data-balloon-length=\"medium\" aria-label=\"Gradua\u00e7\u00e3o em Fonoaudiologia e Mestrado em Fonoaudiologia (grande \u00e1rea: Educa\u00e7\u00e3o F\u00edsica) ou Mestrado nas grandes \u00e1reas de: Medicina II ou Lingu\u00edstica ou Psicologia ou Sa\u00fade Coletiva ou Educa\u00e7\u00e3o.\" data-balloon-pos=\"up\">Fonoaudiologia (CNPq 4.07.00.00-3).<\/span><\/td>\r\n<td class=\"cvagas\">01<\/td>\r\n<td class=\"cremuneracao\">R$  \/40h<\/td>\r\n<\/tr><tr>\r\n<td class=\"ccargos\">\r\n<span data-balloon-length=\"medium\" aria-label=\"Gradua\u00e7\u00e3o em Fisioterapia; Mestrado nas \u00e1reas de Ci\u00eancias Biol\u00f3gicas, ou Fisiologia, ou Cinesiologia, ou Fisiologia do Exerc\u00edcio, ou Biof\u00edsica, ou Anatomia, ou Ci\u00eancias da Sa\u00fade, ou Ci\u00eancias Farmac\u00eauticas, ou Enfermagem, ou Sa\u00fade Coletiva, ou Sa\u00fade P\u00fablica, ou Fisioterapia, ou Educa\u00e7\u00e3o F\u00edsica, ou Psicologia, ou Educa\u00e7\u00e3o, ou Engenharias, ou Bioengenharia e Biotecnologia, ou Reabilita\u00e7\u00e3o e Desempenho Funcional, ou Ci\u00eancias da Reabilita\u00e7\u00e3o.\" data-balloon-pos=\"up\">Fisioterapia e Terapia Ocupacional (CNPq 4.08.00.00-8) - Est\u00e1gio Supervisionado II, Est\u00e1gio Supervisionado III, Pr\u00e1tica em Fisioterapia II e Pr\u00e1tica em Fisioterapia III.<\/span><\/td>\r\n<td class=\"cvagas\">01<\/td>\r\n<td class=\"cremuneracao\">R$ 0,00 \/40h<\/td>\r\n<\/tr><tr>\r\n<td class=\"ccargos\">\r\n<span data-balloon-length=\"medium\" aria-label=\"Mestrado em Ci\u00eancias Odontol\u00f3gicas ou mestrado em Odontopediatria.\" data-balloon-pos=\"up\">Odontologia - \u00c1rea de concentra\u00e7\u00e3o: Odontopediatria.<\/span><\/td>\r\n<td class=\"cvagas\">00<\/td>\r\n<td class=\"cremuneracao\">R$ 0,00 \/40h<\/td>\r\n<\/tr><tr>\r\n<td class=\"ccargos\">\r\n<span data-balloon-length=\"medium\" aria-label=\"Licenciatura em Pedagogia com Doutorado em Educa\u00e7\u00e3o.\" data-balloon-pos=\"up\">Educa\u00e7\u00e3o (C\u00f3d. CNPq: 7.08.00.00-6)\/ Ensino-Aprendizagem (C\u00f3d. CNPq: 08.04.00-1) Est\u00e1gio Supervisionado e Did\u00e1tica.<\/span><\/td>\r\n<td class=\"cvagas\">01<\/td>\r\n<td class=\"cremuneracao\">R$ 0,00 \/40h<\/td>\r\n<\/tr><tr>\r\n<td class=\"ccargos\">\r\n<span data-balloon-length=\"medium\" aria-label=\"Gradua\u00e7\u00e3o em Engenharia Civil com Mestrado em Engenharia Civil.\" data-balloon-pos=\"up\">Engenharia Civil (C\u00f3digo CNPq: 3.01.00.00-3) \/ Constru\u00e7\u00e3o Civil (3.01.01.00-0). Especialidades: Materiais e Componentes de Constru\u00e7\u00e3o (3.01.01.01-8), Processos Construtivos (3.01.01.02-6).<\/span><\/td>\r\n<td class=\"cvagas\">01<\/td>\r\n<td class=\"cremuneracao\">R$ 0,00 \/40h<\/td>\r\n<\/tr><tr>\r\n<td class=\"ccargos\">\r\n<span data-balloon-length=\"medium\" aria-label=\"Gradua\u00e7\u00e3o em Engenharia Civil com Mestrado em Engenharia Civil.\" data-balloon-pos=\"up\">Engenharia Civil (C\u00f3digo CNPq: 3.01.00.00-3) \/ Estruturas (3.01.02.00-6). Especialidades: Mec\u00e2nica das Estruturas (3.01.02.04-9); Estruturas de Concreto (3.01.02.01-4); Estruturas Met\u00e1licas (3.01.02.03-0); Estruturas de Madeiras (3.01.02.02-2).<\/span><\/td>\r\n<td class=\"cvagas\">01<\/td>\r\n<td class=\"cremuneracao\">R$  \/40h<\/td>\r\n<\/tr><tr>\r\n<td class=\"ccargos\">\r\n<span data-balloon-length=\"medium\" aria-label=\"Gradua\u00e7\u00e3o em Engenharia Mec\u00e2nica, Engenharia Metal\u00fargica ou Engenharia de Materiais. Mestrado em Engenharia Mec\u00e2nica, Engenharia Metal\u00fargica ou Engenharia de Materiais.\" data-balloon-pos=\"up\">Engenharia Mec\u00e2nica.<\/span><\/td>\r\n<td class=\"cvagas\">01<\/td>\r\n<td class=\"cremuneracao\">R$ 0,00 \/40h<\/td>\r\n<\/tr>\r\n    <\/tbody>\r\n  <\/table>\r\n<\/div>"},"_links":{"self":[{"href":"https:\/\/www.agrobase.com.br\/concursos\/wp-json\/wp\/v2\/posts\/273805","targetHints":{"allow":["GET"]}}],"collection":[{"href":"https:\/\/www.agrobase.com.br\/concursos\/wp-json\/wp\/v2\/posts"}],"about":[{"href":"https:\/\/www.agrobase.com.br\/concursos\/wp-json\/wp\/v2\/types\/post"}],"author":[{"embeddable":true,"href":"https:\/\/www.agrobase.com.br\/concursos\/wp-json\/wp\/v2\/users\/7"}],"replies":[{"embeddable":true,"href":"https:\/\/www.agrobase.com.br\/concursos\/wp-json\/wp\/v2\/comments?post=273805"}],"version-history":[{"count":2,"href":"https:\/\/www.agrobase.com.br\/concursos\/wp-json\/wp\/v2\/posts\/273805\/revisions"}],"predecessor-version":[{"id":273808,"href":"https:\/\/www.agrobase.com.br\/concursos\/wp-json\/wp\/v2\/posts\/273805\/revisions\/273808"}],"wp:featuredmedia":[{"embeddable":true,"href":"https:\/\/www.agrobase.com.br\/concursos\/wp-json\/wp\/v2\/media\/273804"}],"wp:attachment":[{"href":"https:\/\/www.agrobase.com.br\/concursos\/wp-json\/wp\/v2\/media?parent=273805"}],"wp:term":[{"taxonomy":"category","embeddable":true,"href":"https:\/\/www.agrobase.com.br\/concursos\/wp-json\/wp\/v2\/categories?post=273805"},{"taxonomy":"post_tag","embeddable":true,"href":"https:\/\/www.agrobase.com.br\/concursos\/wp-json\/wp\/v2\/tags?post=273805"},{"taxonomy":"_amplo","embeddable":true,"href":"https:\/\/www.agrobase.com.br\/concursos\/wp-json\/wp\/v2\/_amplo?post=273805"},{"taxonomy":"destaque","embeddable":true,"href":"https:\/\/www.agrobase.com.br\/concursos\/wp-json\/wp\/v2\/destaque?post=273805"},{"taxonomy":"instituicoes","embeddable":true,"href":"https:\/\/www.agrobase.com.br\/concursos\/wp-json\/wp\/v2\/instituicoes?post=273805"}],"curies":[{"name":"wp","href":"https:\/\/api.w.org\/{rel}","templated":true}]}}