{"id":273795,"date":"2025-11-13T08:32:18","date_gmt":"2025-11-13T11:32:18","guid":{"rendered":"https:\/\/www.agrobase.com.br\/concursos\/?p=273795"},"modified":"2025-11-13T08:53:09","modified_gmt":"2025-11-13T11:53:09","slug":"prefeitura-correia-pinto-sc-selecao-publica-01-2025","status":"publish","type":"post","link":"https:\/\/www.agrobase.com.br\/concursos\/2025\/prefeitura-correia-pinto-sc-selecao-publica-01-2025\/","title":{"rendered":"Prefeitura Correia Pinto (SC) &#8211; Sele\u00e7\u00e3o P\u00fablica 01\/2025"},"content":{"rendered":"<h2>Informa\u00e7\u00f5es Gerais<\/h2>\n<p>O Munic\u00edpio de Correia Pinto, em Santa Catarina, publicou o <strong>Edital de Processo Seletivo n\u00ba 001\/2025<\/strong>, destinado \u00e0 forma\u00e7\u00e3o de cadastro de reserva e ao preenchimento de vagas tempor\u00e1rias para cargos da \u00e1rea da Educa\u00e7\u00e3o. O certame visa atender a necessidades de excepcional interesse p\u00fablico, com contrata\u00e7\u00f5es em car\u00e1ter tempor\u00e1rio, conforme a legisla\u00e7\u00e3o municipal vigente.<\/p>\n<p>O processo seletivo contempla oportunidades para profissionais de n\u00edveis <strong>M\u00e9dio\/T\u00e9cnico<\/strong> e <strong>Superior<\/strong>, abrangendo fun\u00e7\u00f5es como Professor em diversas disciplinas, Assistente T\u00e9cnico Pedag\u00f3gico e Auxiliar de Apoio Escolar. As remunera\u00e7\u00f5es variam de <strong>R$ 2.693,46<\/strong> a <strong>R$ 5.414,74<\/strong>, para jornadas de 40 horas semanais.<\/p>\n<p>As vagas est\u00e3o distribu\u00eddas em \u00e1reas como Educa\u00e7\u00e3o Infantil, Ensino Fundamental, Educa\u00e7\u00e3o Especial, Artes, Ci\u00eancias, Geografia, Hist\u00f3ria, L\u00edngua Portuguesa, Matem\u00e1tica, entre outras. O regime de contrata\u00e7\u00e3o \u00e9 tempor\u00e1rio, com validade de um ano, podendo ser prorrogado uma \u00fanica vez.<\/p>\n<p>Se voc\u00ea busca uma oportunidade na rede municipal de ensino e deseja contribuir com a educa\u00e7\u00e3o p\u00fablica de Correia Pinto, continue a leitura para conhecer os detalhes sobre inscri\u00e7\u00f5es, etapas e resultados do processo seletivo.<\/p>\n<h2>Inscri\u00e7\u00f5es<\/h2>\n<p>As inscri\u00e7\u00f5es para o Processo Seletivo n\u00ba 001\/2025 da Prefeitura de Correia Pinto est\u00e3o <strong>abertas de 27 de outubro a 23 de novembro de 2025<\/strong>, exclusivamente pela internet, no site <a href=\"https:\/\/portal.sctreinamentos.selecao.site\" target=\"_blank\" rel=\"noopener\">https:\/\/portal.sctreinamentos.selecao.site<\/a>. O candidato deve acessar a \u00e1rea de \u201cConcursos e Sele\u00e7\u00f5es\u201d, selecionar o edital correspondente e preencher o formul\u00e1rio eletr\u00f4nico.<\/p>\n<p>Ap\u00f3s o cadastro, \u00e9 necess\u00e1rio imprimir o boleto banc\u00e1rio e efetuar o pagamento at\u00e9 a data de vencimento indicada. As taxas de inscri\u00e7\u00e3o s\u00e3o de <strong>R$ 100,00<\/strong> para cargos de n\u00edvel m\u00e9dio\/t\u00e9cnico e <strong>R$ 120,00<\/strong> para cargos de n\u00edvel superior. O pagamento deve ser confirmado pelo banco para que a inscri\u00e7\u00e3o seja validada.<\/p>\n<p>N\u00e3o ser\u00e3o aceitas inscri\u00e7\u00f5es fora do prazo, via e-mail ou presencialmente. Cada candidato pode se inscrever em at\u00e9 dois cargos, devendo pagar a taxa correspondente a cada inscri\u00e7\u00e3o. Em caso de extravio, a segunda via do boleto pode ser obtida na \u00e1rea do candidato.<\/p>\n<p>Os pedidos de isen\u00e7\u00e3o e demais procedimentos devem seguir as orienta\u00e7\u00f5es do edital. \u00c9 fundamental acompanhar a situa\u00e7\u00e3o da inscri\u00e7\u00e3o e as publica\u00e7\u00f5es oficiais no site da banca organizadora. Recomenda-se a leitura atenta do edital completo antes da inscri\u00e7\u00e3o.<\/p>\n<h2>Etapas e Provas<\/h2>\n<p>O Processo Seletivo da Prefeitura de Correia Pinto ser\u00e1 composto por <strong>duas etapas<\/strong> principais:<\/p>\n<ul>\n<li><strong>Prova Objetiva<\/strong> \u2013 de car\u00e1ter <em>eliminat\u00f3rio e classificat\u00f3rio<\/em>, aplicada a todos os cargos. A avalia\u00e7\u00e3o ser\u00e1 de m\u00faltipla escolha, com quatro alternativas e apenas uma correta, totalizando at\u00e9 30 pontos. A prova est\u00e1 prevista para o dia <strong>7 de dezembro de 2025<\/strong>, com dura\u00e7\u00e3o m\u00e1xima de quatro horas. Ser\u00e3o cobrados conhecimentos gerais e espec\u00edficos conforme o cargo, incluindo disciplinas como L\u00edngua Portuguesa, Matem\u00e1tica e Conhecimentos Pedag\u00f3gicos.<\/li>\n<li><strong>Prova de T\u00edtulos<\/strong> \u2013 de car\u00e1ter <em>classificat\u00f3rio<\/em>, destinada aos cargos de n\u00edvel superior e magist\u00e9rio. O envio dos documentos deve ser feito eletronicamente at\u00e9 <strong>6 de dezembro de 2025<\/strong>, pela \u00e1rea do candidato no site da organizadora. Ser\u00e3o pontuados t\u00edtulos como Mestrado, Doutorado, Especializa\u00e7\u00e3o e cursos na \u00e1rea da Educa\u00e7\u00e3o, conforme crit\u00e9rios definidos no edital.<\/li>\n<\/ul>\n<p>Ambas as etapas ser\u00e3o conduzidas pela empresa <strong>SC Treinamentos<\/strong>. O candidato deve comparecer ao local de prova munido de documento oficial de identidade e caneta azul ou preta. N\u00e3o ser\u00e1 permitida a utiliza\u00e7\u00e3o de aparelhos eletr\u00f4nicos ou materiais n\u00e3o autorizados.<\/p>\n<p>Para informa\u00e7\u00f5es detalhadas sobre o conte\u00fado program\u00e1tico, crit\u00e9rios de pontua\u00e7\u00e3o e cronograma completo, recomenda-se a leitura integral do edital.<\/p>\n<h2>Resultados e Gabarito<\/h2>\n<p>O cronograma do Processo Seletivo de Correia Pinto prev\u00ea a <strong>publica\u00e7\u00e3o da rela\u00e7\u00e3o de inscritos<\/strong> em 26 de novembro de 2025, com prazo para recursos nos dias 27 e 28 do mesmo m\u00eas. A <strong>homologa\u00e7\u00e3o das inscri\u00e7\u00f5es<\/strong> e divulga\u00e7\u00e3o dos locais de prova ocorrer\u00e3o em 2 de dezembro de 2025.<\/p>\n<p>O <strong>gabarito preliminar<\/strong> ser\u00e1 divulgado em <strong>7 de dezembro de 2025<\/strong>, ap\u00f3s as 20h, no site da banca organizadora. Os recursos poder\u00e3o ser interpostos nos dias 8 e 9 de dezembro. O <strong>gabarito definitivo<\/strong> e a <strong>classifica\u00e7\u00e3o provis\u00f3ria<\/strong> ser\u00e3o publicados em 15 de dezembro, com prazo para recursos entre 16 e 17 de dezembro. O <strong>resultado final homologado<\/strong> est\u00e1 previsto a partir de <strong>19 de dezembro de 2025<\/strong>, seguido da <strong>chamada para escolha de vagas<\/strong> em 22 de dezembro.<\/p>\n<p>A classifica\u00e7\u00e3o final ser\u00e1 definida pela soma das notas da Prova Objetiva e da Prova de T\u00edtulos. Em caso de empate, ser\u00e3o aplicados crit\u00e9rios como idade igual ou superior a 60 anos, maior nota em Conhecimentos T\u00e9cnicos e L\u00edngua Portuguesa, maior idade e, por fim, sorteio p\u00fablico.<\/p>\n<p>Os candidatos aprovados devem acompanhar as convoca\u00e7\u00f5es e publica\u00e7\u00f5es oficiais no site <a href=\"https:\/\/portal.sctreinamentos.selecao.site\" target=\"_blank\" rel=\"noopener\">https:\/\/portal.sctreinamentos.selecao.site<\/a> e no Di\u00e1rio Oficial do Munic\u00edpio. O acompanhamento das informa\u00e7\u00f5es e prazos \u00e9 de responsabilidade exclusiva do candidato.<\/p>\n","protected":false},"excerpt":{"rendered":"<p>Proc. Seletivo Correia Pinto (SC) com edital publicado! Vagas p\/ Professor e Assistente Pedag\u00f3gico (M\u00e9dio\/Sup.). Inscri\u00e7\u00f5es a partir de 27\/10. Confira detalhes!<\/p>\n","protected":false},"author":7,"featured_media":273794,"comment_status":"open","ping_status":"open","sticky":false,"template":"","format":"standard","meta":{"_acf_changed":false,"_breakdance_hide_in_design_set":false,"_breakdance_tags":"","footnotes":""},"categories":[6433,121,141,6434,111,100,20,6871,116,119,25],"tags":[61],"_amplo":[],"destaque":[],"instituicoes":[],"class_list":["post-273795","post","type-post","status-publish","format-standard","has-post-thumbnail","hentry","category-biologia-licenciatura","category-ciencias-sociais","category-educacao-artistica","category-educacao-fisica-licenciatura","category-geografia","category-historia","category-letras","category-letras-ingles","category-matematica","category-musica","category-pedagogia","tag-santa-catarina"],"acf":{"_tipo_vagas":"vagas","_numero_vagas":"","_quadro_vagas":"","_cargos":"diversos","_cargos_especificos":"","_salario_max":"R$ 5414.74","_abertura":"20251027","_encerramento":"20251123","_inscricoes":"https:\/\/portal.sctreinamentos.selecao.site","_executora_concurso":"","_instituicao_concurso":[],"_link_adicional":null,"_anexos":null,"_produtos":null,"_vagas":"CR","_salario_min":"R$ 2693.46","_instituicao":"Correia Pinto","_edital":"https:\/\/www.agrobase.com.br\/concursos\/wp-content\/uploads\/sites\/4\/2025\/11\/edital-01-2025-correia-pinto-sc.pdf","_anexos_edital":"https:\/\/www.agrobase.com.br\/concursos\/wp-content\/uploads\/sites\/4\/2025\/11\/anexos-edital-01-2025-correia-pinto-sc.pdf","_fund_incompleto":"","_fund_completo":"","_medio":"<div>\r\n<table class=\"quadro\">\r\n<thead>\r\n<tr>\r\n<th class=\"hcargo\">Cargo<\/th>\r\n<th class=\"hvagas\">Vagas<\/th>\r\n\r\n<\/tr>\r\n<\/thead>\r\n    <tbody>\r\n      <td class=\"ccargos\">\r\n<span data-balloon-length=\"medium\" aria-label=\"Diploma de conclus\u00e3o do Ensino M\u00e9dio e estar cursando, no m\u00ednimo, o 2\u00ba semestre das licenciaturas em geral.\" data-balloon-pos=\"up\">AUXILIAR DE APOIO ESCOLAR \"B\"<\/span><\/td>\r\n<td class=\"cvagas\">CR<\/td>\r\n\r\n<\/tr>\r\n    <\/tbody>\r\n  <\/table>\r\n<\/div>","_superior":"<div>\r\n<table class=\"quadro\">\r\n<thead>\r\n<tr>\r\n<th class=\"hcargo\">Cargo<\/th>\r\n<th class=\"hvagas\">Vagas<\/th>\r\n\r\n<\/tr>\r\n<\/thead>\r\n    <tbody>\r\n      <tr>\r\n<td class=\"ccargos\">\r\n<span data-balloon-length=\"medium\" aria-label=\"Diploma de gradua\u00e7\u00e3o que habilite para a doc\u00eancia e forma\u00e7\u00e3o espec\u00edfica em Educa\u00e7\u00e3o Especial.\" data-balloon-pos=\"up\">PROFESSOR DE APOIO \u00c0 INCLUS\u00c3O \u2013 Segundo Professor<\/span><\/td>\r\n<td class=\"cvagas\">CR<\/td>\r\n\r\n<\/tr><tr>\r\n<td class=\"ccargos\">\r\n<span data-balloon-length=\"medium\" aria-label=\"Diploma de Licenciatura Plena em quaisquer \u00e1reas da Educa\u00e7\u00e3o, com Certificado de Especializa\u00e7\u00e3o em Educa\u00e7\u00e3o Especial com \u00eanfase em Braille ou Especializa\u00e7\u00e3o em Braille; ou Licenciatura Plena em quaisquer \u00e1reas da Educa\u00e7\u00e3o, com certificado de curso de forma\u00e7\u00e3o continuada em Braille, com carga credenciadas ao MEC ou promovido por Secretarias de Educa\u00e7\u00e3o ou por organiza\u00e7\u00f5es da sociedade civil representativa da comunidade do deficiente visual, desde que o certificado seja convalidado por uma Institui\u00e7\u00e3o de Ensino Superior ou uma Secretaria de Educa\u00e7\u00e3o.\" data-balloon-pos=\"up\">PROFESSOR DE BRAILLE<\/span><\/td>\r\n<td class=\"cvagas\">CR<\/td>\r\n\r\n<\/tr><tr>\r\n<td class=\"ccargos\">\r\n<span data-balloon-length=\"medium\" aria-label=\"Diploma de gradua\u00e7\u00e3o em Letras (L\u00edngua Portuguesa e L\u00edngua Brasileira de Sinais - LIBRAS) ou Pedagogia e Especializa\u00e7\u00e3o em L\u00edngua Brasileira de Sinais - LIBRAS; ou licenciatura em Letras Libras, ou Pedagogia ou outra licenciatura com p\u00f3s-gradua\u00e7\u00e3o em libras, tradu\u00e7\u00e3o e interpreta\u00e7\u00e3o em libras e\/ou pr\u00f3-libras.\" data-balloon-pos=\"up\">PROFESSOR DE LIBRAS<\/span><\/td>\r\n<td class=\"cvagas\">CR<\/td>\r\n\r\n<\/tr><tr>\r\n<td class=\"ccargos\">\r\n<span data-balloon-length=\"medium\" aria-label=\"Diploma de gradua\u00e7\u00e3o que o habilite para a doc\u00eancia e forma\u00e7\u00e3o espec\u00edfica em Educa\u00e7\u00e3o Especial.\" data-balloon-pos=\"up\">PROFESSOR DO ATENDIMENTO EDUCACIONAL<\/span><\/td>\r\n<td class=\"cvagas\">CR<\/td>\r\n\r\n<\/tr><tr>\r\n<td class=\"ccargos\">\r\n<span data-balloon-length=\"medium\" aria-label=\"Diploma de conclus\u00e3o de licenciatura em Arte Educa\u00e7\u00e3o ou Artes Visuais ou M\u00fasica.\" data-balloon-pos=\"up\">PROFESSOR DE ARTE<\/span><\/td>\r\n<td class=\"cvagas\">CR<\/td>\r\n\r\n<\/tr><tr>\r\n<td class=\"ccargos\">\r\n<span data-balloon-length=\"medium\" aria-label=\"Diploma de conclus\u00e3o de licenciatura em Ci\u00eancias Biol\u00f3gicas ou Biologia.\" data-balloon-pos=\"up\">PROFESSOR DE CI\u00caNCIAS<\/span><\/td>\r\n<td class=\"cvagas\">CR<\/td>\r\n\r\n<\/tr><tr>\r\n<td class=\"ccargos\">\r\n<span data-balloon-length=\"medium\" aria-label=\"Diploma de conclus\u00e3o de licenciatura em Educa\u00e7\u00e3o F\u00edsica e Registro no CREF.\" data-balloon-pos=\"up\">PROFESSOR DE EDUCA\u00c7\u00c3O F\u00cdSICA<\/span><\/td>\r\n<td class=\"cvagas\">CR<\/td>\r\n\r\n<\/tr><tr>\r\n<td class=\"ccargos\">\r\n<span data-balloon-length=\"medium\" aria-label=\"Diploma de conclus\u00e3o de gradua\u00e7\u00e3o em Pedagogia ou Normal Superior com habilita\u00e7\u00e3o em Educa\u00e7\u00e3o Infantil ou Pedagogia com diploma expedido a partir da Resolu\u00e7\u00e3o CNE CP 01 de 15 de maio de 2006.\" data-balloon-pos=\"up\">PROFESSOR DE EDUCA\u00c7\u00c3O INFANTIL<\/span><\/td>\r\n<td class=\"cvagas\">CR<\/td>\r\n\r\n<\/tr><tr>\r\n<td class=\"ccargos\">\r\n<span data-balloon-length=\"medium\" aria-label=\"Diploma de conclus\u00e3o de licenciatura em Ci\u00eancias da Religi\u00e3o.\" data-balloon-pos=\"up\">PROFESSOR DE ENSINO RELIGIOSO<\/span><\/td>\r\n<td class=\"cvagas\">CR<\/td>\r\n\r\n<\/tr><tr>\r\n<td class=\"ccargos\">\r\n<span data-balloon-length=\"medium\" aria-label=\"Diploma de licenciatura em Geografia ou \u00e1reas afins (Ci\u00eancias Sociais, Estudos Sociais ou complementa\u00e7\u00e3o de estudo na \u00c1rea).\" data-balloon-pos=\"up\">PROFESSOR DE GEOGRAFIA<\/span><\/td>\r\n<td class=\"cvagas\">CR<\/td>\r\n\r\n<\/tr><tr>\r\n<td class=\"ccargos\">\r\n<span data-balloon-length=\"medium\" aria-label=\"Diploma de licenciatura em Hist\u00f3ria ou \u00e1reas afins (Ci\u00eancias Sociais, Estudos Sociais ou complementa\u00e7\u00e3o de estudo na \u00c1rea).\" data-balloon-pos=\"up\">PROFESSOR DE HIST\u00d3RIA<\/span><\/td>\r\n<td class=\"cvagas\">CR<\/td>\r\n\r\n<\/tr><tr>\r\n<td class=\"ccargos\">\r\n<span data-balloon-length=\"medium\" aria-label=\"Diploma de conclus\u00e3o de licenciatura em Letras com habilita\u00e7\u00e3o em Ingl\u00eas.\" data-balloon-pos=\"up\">PROFESSOR DE L\u00cdNGUA INGLESA<\/span><\/td>\r\n<td class=\"cvagas\">CR<\/td>\r\n\r\n<\/tr><tr>\r\n<td class=\"ccargos\">\r\n<span data-balloon-length=\"medium\" aria-label=\"Diploma de conclus\u00e3o de licenciatura em Letras.\" data-balloon-pos=\"up\">PROFESSOR DE L\u00cdNGUA PORTUGUESA<\/span><\/td>\r\n<td class=\"cvagas\">CR<\/td>\r\n\r\n<\/tr><tr>\r\n<td class=\"ccargos\">\r\n<span data-balloon-length=\"medium\" aria-label=\"Diploma de conclus\u00e3o de licenciatura em Matem\u00e1tica.\" data-balloon-pos=\"up\">PROFESSOR DE MATEM\u00c1TICA<\/span><\/td>\r\n<td class=\"cvagas\">CR<\/td>\r\n\r\n<\/tr><tr>\r\n<td class=\"ccargos\">\r\n<span data-balloon-length=\"medium\" aria-label=\"Diploma ou certificado de conclus\u00e3o de curso de gradua\u00e7\u00e3o em Pedagogia ou Normal Superior com habilita\u00e7\u00e3o em s\u00e9ries\/Anos Iniciais ou Pedagogia com diploma expedido a partir da Resolu\u00e7\u00e3o CNE CP 01 de 15 de maio de 2006.\" data-balloon-pos=\"up\">PROFESSOR DE S\u00c9RIES INICIAIS<\/span><\/td>\r\n<td class=\"cvagas\">CR<\/td>\r\n\r\n<\/tr><tr>\r\n<td class=\"ccargos\">\r\n<span data-balloon-length=\"medium\" aria-label=\"Diploma de conclus\u00e3o de licenciatura em qualquer licenciatura\" data-balloon-pos=\"up\">ASSISTENTE T\u00c9CNICO PEDAG\u00d3GICO<\/span><\/td>\r\n<td class=\"cvagas\">CR<\/td>\r\n\r\n<\/tr><tr>\r\n<td class=\"ccargos\">\r\n<span data-balloon-length=\"medium\" aria-label=\"Diploma de conclus\u00e3o do curso de Magist\u00e9rio.\" data-balloon-pos=\"up\">PROFESSOR DE EDUCA\u00c7\u00c3O INFANTIL<\/span><\/td>\r\n<td class=\"cvagas\">CR<\/td>\r\n\r\n<\/tr><tr>\r\n<td class=\"ccargos\">\r\n<span data-balloon-length=\"medium\" aria-label=\"Diploma de conclus\u00e3o do curso de Magist\u00e9rio.\" data-balloon-pos=\"up\">PROFESSOR DE S\u00c9RIES INICIAIS<\/span><\/td>\r\n<td class=\"cvagas\">CR<\/td>\r\n\r\n<\/tr><tr>\r\n<td class=\"ccargos\">\r\n<span data-balloon-length=\"medium\" aria-label=\"Comprovante de matr\u00edcula e frequ\u00eancia a partir do 1\u00ba semestre em Pedagogia ou em Educa\u00e7\u00e3o Especial.\" data-balloon-pos=\"up\">PROFESSOR DE APOIO \u00c0 INCLUS\u00c3O \u2013 Segundo Professor<\/span><\/td>\r\n<td class=\"cvagas\">CR<\/td>\r\n\r\n<\/tr><tr>\r\n<td class=\"ccargos\">\r\n<span data-balloon-length=\"medium\" aria-label=\"Comprovante de matr\u00edcula e frequ\u00eancia a partir do 1\u00ba semestre em Pedagogia ou em Educa\u00e7\u00e3o Especial com certificado de, no m\u00ednimo, 40h de curso em Braile.\" data-balloon-pos=\"up\">PROFESSOR DE BRAILLE<\/span><\/td>\r\n<td class=\"cvagas\">CR<\/td>\r\n\r\n<\/tr><tr>\r\n<td class=\"ccargos\">\r\n<span data-balloon-length=\"medium\" aria-label=\"Comprovante de matr\u00edcula e frequ\u00eancia a partir do 1\u00ba semestre em Letras\/Libras ou em Pedagogia Bil\u00edngue com habilita\u00e7\u00e3o em Libras ou Portugu\u00eas\/Libras; e Certificado de profici\u00eancia em Libras.\" data-balloon-pos=\"up\">PROFESSOR DE LIBRAS<\/span><\/td>\r\n<td class=\"cvagas\">CR<\/td>\r\n\r\n<\/tr><tr>\r\n<td class=\"ccargos\">\r\n<span data-balloon-length=\"medium\" aria-label=\"Comprovante de matr\u00edcula e frequ\u00eancia a partir do 1\u00ba semestre em Pedagogia ou em Educa\u00e7\u00e3o Especial.\" data-balloon-pos=\"up\">PROFESSOR DO ATENDIMENTO EDUCACIONAL ESPECIALIZADO - AEE<\/span><\/td>\r\n<td class=\"cvagas\">CR<\/td>\r\n\r\n<\/tr><tr>\r\n<td class=\"ccargos\">\r\n<span data-balloon-length=\"medium\" aria-label=\"Comprovante de matr\u00edcula e frequ\u00eancia a partir do 1\u00ba semestre em Arte Educa\u00e7\u00e3o, Artes Visuais ou M\u00fasica.\" data-balloon-pos=\"up\">PROFESSOR DE ARTE<\/span><\/td>\r\n<td class=\"cvagas\">CR<\/td>\r\n\r\n<\/tr><tr>\r\n<td class=\"ccargos\">\r\n<span data-balloon-length=\"medium\" aria-label=\"Comprovante de matr\u00edcula e frequ\u00eancia a partir do 1\u00ba semestre em Biologia ou Ci\u00eancias Biol\u00f3gicas.\" data-balloon-pos=\"up\">PROFESSOR DE CI\u00caNCIAS<\/span><\/td>\r\n<td class=\"cvagas\">CR<\/td>\r\n\r\n<\/tr><tr>\r\n<td class=\"ccargos\">\r\n<span data-balloon-length=\"medium\" aria-label=\"Comprovante de matr\u00edcula e frequ\u00eancia a partir do 1\u00ba semestre em Pedagogia.\" data-balloon-pos=\"up\">PROFESSOR DE EDUCA\u00c7\u00c3O INFANTIL<\/span><\/td>\r\n<td class=\"cvagas\">CR<\/td>\r\n\r\n<\/tr><tr>\r\n<td class=\"ccargos\">\r\n<span data-balloon-length=\"medium\" aria-label=\"Comprovante de matr\u00edcula e frequ\u00eancia a partir do 1\u00ba semestre em Ci\u00eancias da Religi\u00e3o.\" data-balloon-pos=\"up\">PROFESSOR DE ENSINO RELIGIOSO<\/span><\/td>\r\n<td class=\"cvagas\">CR<\/td>\r\n\r\n<\/tr><tr>\r\n<td class=\"ccargos\">\r\n<span data-balloon-length=\"medium\" aria-label=\"Comprovante de matr\u00edcula e frequ\u00eancia a partir do 1\u00ba semestre em Geografia.\" data-balloon-pos=\"up\">PROFESSOR DE GEOGRAFIA<\/span><\/td>\r\n<td class=\"cvagas\">CR<\/td>\r\n\r\n<\/tr><tr>\r\n<td class=\"ccargos\">\r\n<span data-balloon-length=\"medium\" aria-label=\"Comprovante de matr\u00edcula e frequ\u00eancia a partir do 1\u00ba semestre em Hist\u00f3ria.\" data-balloon-pos=\"up\">PROFESSOR DE HIST\u00d3RIA<\/span><\/td>\r\n<td class=\"cvagas\">CR<\/td>\r\n\r\n<\/tr><tr>\r\n<td class=\"ccargos\">\r\n<span data-balloon-length=\"medium\" aria-label=\"Comprovante de matr\u00edcula e frequ\u00eancia a partir do 1\u00ba semestre em Letras com habilita\u00e7\u00e3o em Ingl\u00eas.\" data-balloon-pos=\"up\">PROFESSOR DE L\u00cdNGUA INGLESA<\/span><\/td>\r\n<td class=\"cvagas\">CR<\/td>\r\n\r\n<\/tr><tr>\r\n<td class=\"ccargos\">\r\n<span data-balloon-length=\"medium\" aria-label=\"Comprovante de matr\u00edcula e frequ\u00eancia a partir do 1\u00ba semestre em Letras.\" data-balloon-pos=\"up\">PROFESSOR DE L\u00cdNGUA PORTUGUESA<\/span><\/td>\r\n<td class=\"cvagas\">CR<\/td>\r\n\r\n<\/tr><tr>\r\n<td class=\"ccargos\">\r\n<span data-balloon-length=\"medium\" aria-label=\"Comprovante de matr\u00edcula e frequ\u00eancia a partir do 1\u00ba semestre em Matem\u00e1tica.\" data-balloon-pos=\"up\">PROFESSOR DE MATEM\u00c1TICA<\/span><\/td>\r\n<td class=\"cvagas\">CR<\/td>\r\n\r\n<\/tr><tr>\r\n<td class=\"ccargos\">\r\n<span data-balloon-length=\"medium\" aria-label=\"Comprovante de matr\u00edcula e frequ\u00eancia a partir do 1\u00ba semestre em Pedagogia.\" data-balloon-pos=\"up\">PROFESSOR DE S\u00c9RIES INICIAIS<\/span><\/td>\r\n<td class=\"cvagas\">CR<\/td>\r\n\r\n<\/tr>\r\n    <\/tbody>\r\n  <\/table>\r\n<\/div>"},"_links":{"self":[{"href":"https:\/\/www.agrobase.com.br\/concursos\/wp-json\/wp\/v2\/posts\/273795","targetHints":{"allow":["GET"]}}],"collection":[{"href":"https:\/\/www.agrobase.com.br\/concursos\/wp-json\/wp\/v2\/posts"}],"about":[{"href":"https:\/\/www.agrobase.com.br\/concursos\/wp-json\/wp\/v2\/types\/post"}],"author":[{"embeddable":true,"href":"https:\/\/www.agrobase.com.br\/concursos\/wp-json\/wp\/v2\/users\/7"}],"replies":[{"embeddable":true,"href":"https:\/\/www.agrobase.com.br\/concursos\/wp-json\/wp\/v2\/comments?post=273795"}],"version-history":[{"count":2,"href":"https:\/\/www.agrobase.com.br\/concursos\/wp-json\/wp\/v2\/posts\/273795\/revisions"}],"predecessor-version":[{"id":273799,"href":"https:\/\/www.agrobase.com.br\/concursos\/wp-json\/wp\/v2\/posts\/273795\/revisions\/273799"}],"wp:featuredmedia":[{"embeddable":true,"href":"https:\/\/www.agrobase.com.br\/concursos\/wp-json\/wp\/v2\/media\/273794"}],"wp:attachment":[{"href":"https:\/\/www.agrobase.com.br\/concursos\/wp-json\/wp\/v2\/media?parent=273795"}],"wp:term":[{"taxonomy":"category","embeddable":true,"href":"https:\/\/www.agrobase.com.br\/concursos\/wp-json\/wp\/v2\/categories?post=273795"},{"taxonomy":"post_tag","embeddable":true,"href":"https:\/\/www.agrobase.com.br\/concursos\/wp-json\/wp\/v2\/tags?post=273795"},{"taxonomy":"_amplo","embeddable":true,"href":"https:\/\/www.agrobase.com.br\/concursos\/wp-json\/wp\/v2\/_amplo?post=273795"},{"taxonomy":"destaque","embeddable":true,"href":"https:\/\/www.agrobase.com.br\/concursos\/wp-json\/wp\/v2\/destaque?post=273795"},{"taxonomy":"instituicoes","embeddable":true,"href":"https:\/\/www.agrobase.com.br\/concursos\/wp-json\/wp\/v2\/instituicoes?post=273795"}],"curies":[{"name":"wp","href":"https:\/\/api.w.org\/{rel}","templated":true}]}}