{"id":273748,"date":"2025-11-13T07:00:34","date_gmt":"2025-11-13T10:00:34","guid":{"rendered":"https:\/\/www.agrobase.com.br\/concursos\/?p=273748"},"modified":"2025-11-12T11:26:22","modified_gmt":"2025-11-12T14:26:22","slug":"prefeitura-caarapo-ms-selecao-simplificada-01-2025","status":"publish","type":"post","link":"https:\/\/www.agrobase.com.br\/concursos\/2025\/prefeitura-caarapo-ms-selecao-simplificada-01-2025\/","title":{"rendered":"Prefeitura Caarap\u00f3 (MS) &#8211; Sele\u00e7\u00e3o Simplificada 01\/2025"},"content":{"rendered":"<h2>Informa\u00e7\u00f5es Gerais<\/h2>\n<p>O <strong>Processo Seletivo Simplificado n\u00ba 001\/2025<\/strong> da <strong>Prefeitura Municipal de Caarap\u00f3<\/strong>, no Estado de Mato Grosso do Sul, teve seu edital publicado com o objetivo de atender a necessidades tempor\u00e1rias e de excepcional interesse p\u00fablico. O certame oferece <strong>29 vagas imediatas mais cadastro de reserva<\/strong>, com remunera\u00e7\u00f5es que variam de <strong>R$ 1.674,43 a R$ 11.779,10<\/strong>, conforme o cargo e o n\u00edvel de escolaridade exigido.<\/p>\n<p>As oportunidades abrangem cargos de n\u00edveis <strong>fundamental, m\u00e9dio\/t\u00e9cnico e superior<\/strong>, distribu\u00eddos entre diversas secretarias municipais. H\u00e1 vagas em \u00e1reas administrativas, operacionais e de sa\u00fade, com destaque para fun\u00e7\u00f5es de interesse t\u00e9cnico e cient\u00edfico, como <strong>Nutri\u00e7\u00e3o<\/strong> e <strong>Medicina Veterin\u00e1ria<\/strong>, al\u00e9m de cargos em Enfermagem, Odontologia, Psicologia e Engenharia.<\/p>\n<p>As contrata\u00e7\u00f5es ocorrer\u00e3o em regime tempor\u00e1rio, conforme a Lei Complementar Municipal n\u00ba 072\/2018, e os candidatos aprovados poder\u00e3o ser lotados em diferentes unidades do munic\u00edpio, conforme a necessidade da administra\u00e7\u00e3o. Continue a leitura para conhecer os prazos de inscri\u00e7\u00e3o, etapas de sele\u00e7\u00e3o e orienta\u00e7\u00f5es sobre resultados e convoca\u00e7\u00f5es.<\/p>\n<h2>Inscri\u00e7\u00f5es<\/h2>\n<p>As inscri\u00e7\u00f5es para o Processo Seletivo Simplificado da Prefeitura de Caarap\u00f3 estar\u00e3o abertas de <strong>11 a 17 de novembro de 2025<\/strong>. O procedimento \u00e9 <strong>presencial e gratuito<\/strong>, devendo ser realizado pelo pr\u00f3prio candidato na sede da Prefeitura Municipal, localizada na <em>Avenida Presidente Vargas, 425 \u2013 Centro, Caarap\u00f3\/MS<\/em>, das <strong>08h \u00e0s 13h<\/strong>.<\/p>\n<p>N\u00e3o ser\u00e3o aceitas inscri\u00e7\u00f5es por procura\u00e7\u00e3o, e o preenchimento correto da ficha \u00e9 de inteira responsabilidade do candidato. \u00c9 necess\u00e1rio entregar envelope lacrado contendo todos os documentos exigidos no edital, como RG, CPF, comprovante de escolaridade, certid\u00f5es negativas e declara\u00e7\u00f5es espec\u00edficas. A aus\u00eancia de qualquer documento implicar\u00e1 elimina\u00e7\u00e3o imediata.<\/p>\n<p>Como n\u00e3o h\u00e1 cobran\u00e7a de taxa, o candidato deve apenas garantir que cumpre os requisitos do cargo pretendido e acompanhar a divulga\u00e7\u00e3o das inscri\u00e7\u00f5es deferidas e indeferidas no site oficial da Prefeitura (<a href=\"https:\/\/caarapo.ms.gov.br\/\" target=\"_blank\" rel=\"noopener\">https:\/\/caarapo.ms.gov.br\/<\/a>) e no Di\u00e1rio Oficial dos Munic\u00edpios. Recomenda-se a leitura atenta do edital completo antes de efetuar a inscri\u00e7\u00e3o.<\/p>\n<h2>Etapas e Provas<\/h2>\n<p>O processo seletivo ser\u00e1 composto por <strong>tr\u00eas etapas<\/strong>, conduzidas pela Comiss\u00e3o Organizadora designada pela Prefeitura de Caarap\u00f3:<\/p>\n<ul>\n<li><strong>An\u00e1lise documental<\/strong> \u2013 de car\u00e1ter <em>eliminat\u00f3rio e classificat\u00f3rio<\/em>, verificar\u00e1 a conformidade dos documentos apresentados e o atendimento aos requisitos do cargo.<\/li>\n<li><strong>An\u00e1lise de t\u00edtulos<\/strong> \u2013 de car\u00e1ter <em>classificat\u00f3rio<\/em>, pontuar\u00e1 forma\u00e7\u00f5es acad\u00eamicas, cursos de aperfei\u00e7oamento e experi\u00eancias profissionais, conforme o n\u00edvel de escolaridade. Ser\u00e3o considerados cursos de p\u00f3s-gradua\u00e7\u00e3o, capacita\u00e7\u00f5es espec\u00edficas e tempo de servi\u00e7o comprovado, com pontua\u00e7\u00e3o m\u00e1xima definida por categoria.<\/li>\n<li><strong>Entrevista t\u00e9cnica<\/strong> \u2013 de car\u00e1ter <em>eliminat\u00f3rio e classificat\u00f3rio<\/em>, avaliar\u00e1 compet\u00eancias t\u00e9cnicas e comportamentais, como comunica\u00e7\u00e3o, dom\u00ednio de conhecimentos espec\u00edficos, postura profissional e comprometimento. A pontua\u00e7\u00e3o poder\u00e1 atingir at\u00e9 50 pontos, conforme crit\u00e9rios objetivos definidos pela banca.<\/li>\n<\/ul>\n<p>As entrevistas ocorrer\u00e3o entre <strong>09 e 11 de dezembro de 2025<\/strong>, e a nota final ser\u00e1 a soma dos pontos obtidos nas etapas de t\u00edtulos e entrevista. O candidato que n\u00e3o comparecer ser\u00e1 desclassificado. Para detalhes sobre crit\u00e9rios de pontua\u00e7\u00e3o, prazos de recursos e cronograma completo, consulte o edital oficial no site da Prefeitura.<\/p>\n<h2>Resultados e Gabarito<\/h2>\n<p>Os resultados do Processo Seletivo Simplificado n\u00ba 001\/2025 ser\u00e3o divulgados conforme o cronograma oficial. A publica\u00e7\u00e3o das inscri\u00e7\u00f5es deferidas e indeferidas ocorrer\u00e1 em <strong>21 de novembro de 2025<\/strong>, seguida dos prazos de recursos e da divulga\u00e7\u00e3o do resultado preliminar. A <strong>entrevista t\u00e9cnica<\/strong> est\u00e1 prevista para os dias <strong>09 a 11 de dezembro de 2025<\/strong>, e o <strong>resultado final<\/strong> ser\u00e1 publicado em <strong>15 de dezembro de 2025<\/strong>. Ap\u00f3s o per\u00edodo de recursos, a <strong>homologa\u00e7\u00e3o final<\/strong> est\u00e1 prevista para <strong>22 de dezembro de 2025<\/strong>.<\/p>\n<p>Em caso de empate na pontua\u00e7\u00e3o final, ser\u00e3o aplicados os seguintes crit\u00e9rios de desempate, nesta ordem: maior idade, maior pontua\u00e7\u00e3o na prova de t\u00edtulos e resid\u00eancia no munic\u00edpio de Caarap\u00f3\/MS. A convoca\u00e7\u00e3o dos aprovados seguir\u00e1 a ordem de classifica\u00e7\u00e3o e ocorrer\u00e1 conforme a necessidade da administra\u00e7\u00e3o municipal.<\/p>\n<p>Os resultados, recursos e convoca\u00e7\u00f5es ser\u00e3o publicados no <a href=\"http:\/\/diariooficialms.com.br\/assomasul\" target=\"_blank\" rel=\"noopener\">Di\u00e1rio Oficial dos Munic\u00edpios<\/a> e no site da <a href=\"https:\/\/caarapo.ms.gov.br\/\" target=\"_blank\" rel=\"noopener\">Prefeitura de Caarap\u00f3<\/a>. \u00c9 responsabilidade exclusiva do candidato acompanhar todas as publica\u00e7\u00f5es oficiais e prazos estabelecidos, garantindo o cumprimento das exig\u00eancias para contrata\u00e7\u00e3o.<\/p>\n","protected":false},"excerpt":{"rendered":"<p>Proc. Seletivo Pref. Caarap\u00f3 (MS) com edital publicado! Vagas p\/ Odont\u00f3logo e Arquiteto (Fund. a Sup.). Inscri\u00e7\u00f5es a partir de 11\/11. Sal\u00e1rios at\u00e9 R$11.7k. Confira!<\/p>\n","protected":false},"author":7,"featured_media":273747,"comment_status":"open","ping_status":"open","sticky":false,"template":"","format":"standard","meta":{"_acf_changed":false,"_breakdance_hide_in_design_set":false,"_breakdance_tags":"","footnotes":""},"categories":[5,11,6434,12,17,19,22,23,24,25,26,101,118,108,143],"tags":[48],"_amplo":[],"destaque":[],"instituicoes":[],"class_list":["post-273748","post","type-post","status-publish","format-standard","has-post-thumbnail","hentry","category-arquitetura","category-educacao-fisica","category-educacao-fisica-licenciatura","category-enfermagem","category-farmacia","category-fonoaudiologia","category-veterinaria","category-nutricao","category-odontologia","category-pedagogia","category-psicologia","category-servico-social","category-sociologia","category-tecnico-enfermagem","category-tecnico-odontologia","tag-mato-grosso-do-sul"],"acf":{"_tipo_vagas":"vagas","_numero_vagas":"","_quadro_vagas":"","_cargos":"diversos","_cargos_especificos":"","_salario_max":"R$ 11779.1","_abertura":"20251111","_encerramento":"20251117","_inscricoes":"https:\/\/caarapo.ms.gov.br\/","_executora_concurso":"","_instituicao_concurso":[],"_link_adicional":null,"_anexos":null,"_produtos":null,"_vagas":"29 vagas + CR","_salario_min":"R$ 1674.43","_instituicao":"Prefeitura de Caarap\u00f3","_edital":"https:\/\/www.agrobase.com.br\/concursos\/wp-content\/uploads\/sites\/4\/2025\/11\/edital-01-2025-prefeitura-de-caarapo-ms.pdf","_anexos_edital":"","_fund_incompleto":"","_fund_completo":"<div>\r\n<table class=\"quadro\">\r\n<thead>\r\n<tr>\r\n<th class=\"hcargo\">Cargo<\/th>\r\n<th class=\"hvagas\">Vagas<\/th>\r\n<th class=\"hremuneracao\">Remunera\u00e7\u00e3o<\/th>\r\n<\/tr>\r\n<\/thead>\r\n    <tbody>\r\n      <td class=\"ccargos\">\r\n<span data-balloon-length=\"medium\" aria-label=\"5\u00ba ano Ensino Fundamental\" data-balloon-pos=\"up\">Ajudante de Servi\u00e7os<\/span><\/td>\r\n<td class=\"cvagas\">01 + CR<\/td>\r\n<td class=\"cremuneracao\">R$ 1.674,43 \/40h<\/td>\r\n<\/tr><td class=\"ccargos\">\r\n<span data-balloon-length=\"medium\" aria-label=\"5\u00ba ano Ensino Fundamental\" data-balloon-pos=\"up\">Ajudante Geral<\/span><\/td>\r\n<td class=\"cvagas\">01 + CR<\/td>\r\n<td class=\"cremuneracao\">R$ 1.674,43 \/40h<\/td>\r\n<\/tr><td class=\"ccargos\">\r\n<span data-balloon-length=\"medium\" aria-label=\"5\u00ba ano Ensino Fundamental\" data-balloon-pos=\"up\">Ajudante Geral- aldeia ind\u00edgena<\/span><\/td>\r\n<td class=\"cvagas\">01 + CR<\/td>\r\n<td class=\"cremuneracao\">R$ 1.674,43 \/40h<\/td>\r\n<\/tr><td class=\"ccargos\">\r\n<span data-balloon-length=\"medium\" aria-label=\"5\u00ba ano Ensino Fundamental, acrescido de CNH categoria 'C' e 02 anos de experi\u00eancia comprovada das m\u00e1quinas - retro cavadeira, P\u00e9 Carregadeira, Moto Nivelador - Esteira\" data-balloon-pos=\"up\">Operador de maquinas pesadas<\/span><\/td>\r\n<td class=\"cvagas\">CR<\/td>\r\n<td class=\"cremuneracao\">R$ 2.199,83 \/40h<\/td>\r\n<\/tr><td class=\"ccargos\">\r\n<span data-balloon-length=\"medium\" aria-label=\"5\u00ba ano Ensino Fundamental\" data-balloon-pos=\"up\">Mec\u00e2nico<\/span><\/td>\r\n<td class=\"cvagas\">01 + CR<\/td>\r\n<td class=\"cremuneracao\">R$ 3.080,13 \/40h<\/td>\r\n<\/tr><td class=\"ccargos\">\r\n<span data-balloon-length=\"medium\" aria-label=\"5\u00ba ano Ensino Fundamental, acrescido de CNH categoria 'C'\" data-balloon-pos=\"up\">Tratorista<\/span><\/td>\r\n<td class=\"cvagas\">01 + CR<\/td>\r\n<td class=\"cremuneracao\">R$ 1.674,43 \/40h<\/td>\r\n<\/tr><td class=\"ccargos\">\r\n<span data-balloon-length=\"medium\" aria-label=\"5\u00ba ano Ensino Fundamental, acrescido de CNH categoria 'D'\" data-balloon-pos=\"up\">Motorista<\/span><\/td>\r\n<td class=\"cvagas\">01 + CR<\/td>\r\n<td class=\"cremuneracao\">R$ 1.983,18 \/40h<\/td>\r\n<\/tr><td class=\"ccargos\">\r\n<span data-balloon-length=\"medium\" aria-label=\"5\u00ba ano Ensino Fundamental, acrescido de CNH categoria 'D'\" data-balloon-pos=\"up\">Motorista - aldeia ind\u00edgena<\/span><\/td>\r\n<td class=\"cvagas\">01 + CR<\/td>\r\n<td class=\"cremuneracao\">R$ 1.983,18 \/40h<\/td>\r\n<\/tr><td class=\"ccargos\">\r\n<span data-balloon-length=\"medium\" aria-label=\"5\u00ba ano Ensino Fundamental, acrescido de CNH categoria 'D'\" data-balloon-pos=\"up\">Motorista - Conselho Tutelar<\/span><\/td>\r\n<td class=\"cvagas\">01 + CR<\/td>\r\n<td class=\"cremuneracao\">R$ 1.983,18 \/40h<\/td>\r\n<\/tr><td class=\"ccargos\">\r\n<span data-balloon-length=\"medium\" aria-label=\"5\u00ba ano Ensino Fundamental, acrescido de CNH categoria 'D'\" data-balloon-pos=\"up\">Motorista - Coleta de lixo<\/span><\/td>\r\n<td class=\"cvagas\">01 + CR<\/td>\r\n<td class=\"cremuneracao\">R$ 1.983,18 \/40h<\/td>\r\n<\/tr><td class=\"ccargos\">\r\n<span data-balloon-length=\"medium\" aria-label=\"5\u00ba ano Ensino Fundamental, acrescido de CNH categoria 'D'\" data-balloon-pos=\"up\">Motorista- Primeiros Socorros, urg\u00eancia e emerg\u00eancia.<\/span><\/td>\r\n<td class=\"cvagas\">01 + CR<\/td>\r\n<td class=\"cremuneracao\">R$ 1.983,18 \/40h<\/td>\r\n<\/tr><td class=\"ccargos\">\r\n<span data-balloon-length=\"medium\" aria-label=\"5\u00ba ano Ensino Fundamental\" data-balloon-pos=\"up\">Pedreiro<\/span><\/td>\r\n<td class=\"cvagas\">01<\/td>\r\n<td class=\"cremuneracao\">R$ 2.624,43 \/40h<\/td>\r\n<\/tr>\r\n    <\/tbody>\r\n  <\/table>\r\n<\/div>","_medio":"<div>\r\n<table class=\"quadro\">\r\n<thead>\r\n<tr>\r\n<th class=\"hcargo\">Cargo<\/th>\r\n<th class=\"hvagas\">Vagas<\/th>\r\n<th class=\"hremuneracao\">Remunera\u00e7\u00e3o<\/th>\r\n<\/tr>\r\n<\/thead>\r\n    <tbody>\r\n      <td class=\"ccargos\">\r\n<span data-balloon-length=\"medium\" aria-label=\"Ensino M\u00e9dio Completo e residir na \u00e1rea da comunidade em que atuar.\" data-balloon-pos=\"up\">Agente Comunit\u00e1rio de Sa\u00fade-<\/span><\/td>\r\n<td class=\"cvagas\">01 + CR<\/td>\r\n<td class=\"cremuneracao\">R$ 3.036,00 \/40h<\/td>\r\n<\/tr><td class=\"ccargos\">\r\n<span data-balloon-length=\"medium\" aria-label=\"Ensino M\u00e9dio Completo: a) apresentar documento de identifica\u00e7\u00e3o ind\u00edgena; b) residir na \u00e1rea de atua\u00e7\u00e3o da vaga; e c) ser fluente e ter dom\u00ednio da leitura e escrita da l\u00edngua guarani)\" data-balloon-pos=\"up\">Agente Comunit\u00e1rio de Sa\u00fade - aldeia ind\u00edgena.<\/span><\/td>\r\n<td class=\"cvagas\">01 + CR<\/td>\r\n<td class=\"cremuneracao\">R$ 3.036,00 \/40h<\/td>\r\n<\/tr><td class=\"ccargos\">\r\n<span data-balloon-length=\"medium\" aria-label=\"Ensino M\u00e9dio Completo, acrescido de CNH categoria 'AB'\" data-balloon-pos=\"up\">Agente de Controle \u00e0 Endemias.<\/span><\/td>\r\n<td class=\"cvagas\">01 + CR<\/td>\r\n<td class=\"cremuneracao\">R$ 3.036,00 \/40h<\/td>\r\n<\/tr><td class=\"ccargos\">\r\n<span data-balloon-length=\"medium\" aria-label=\"Ensino M\u00e9dio Completo, com curso espec\u00edfico e registro no CRO.\" data-balloon-pos=\"up\">Auxiliar em Sa\u00fade Bucal.<\/span><\/td>\r\n<td class=\"cvagas\">01 + CR<\/td>\r\n<td class=\"cremuneracao\">R$ 1.983,18 \/40h<\/td>\r\n<\/tr><td class=\"ccargos\">\r\n<span data-balloon-length=\"medium\" aria-label=\"Ensino m\u00e9dio completo\" data-balloon-pos=\"up\">Agente de vigil\u00e2ncia sanit\u00e1ria.<\/span><\/td>\r\n<td class=\"cvagas\">01 + CR<\/td>\r\n<td class=\"cremuneracao\">R$ 1.674,43 \/20h<\/td>\r\n<\/tr><td class=\"ccargos\">\r\n<span data-balloon-length=\"medium\" aria-label=\"Ensino M\u00e9dio Completo\" data-balloon-pos=\"up\">Agente Administrativo<\/span><\/td>\r\n<td class=\"cvagas\">01 + CR<\/td>\r\n<td class=\"cremuneracao\">R$ 3.080,13 \/40h<\/td>\r\n<\/tr><td class=\"ccargos\">\r\n<span data-balloon-length=\"medium\" aria-label=\"Ensino M\u00e9dio Completo\" data-balloon-pos=\"up\">Entrevistador Social<\/span><\/td>\r\n<td class=\"cvagas\">01 + CR<\/td>\r\n<td class=\"cremuneracao\">R$ 2.199,83 \/40h<\/td>\r\n<\/tr><td class=\"ccargos\">\r\n<span data-balloon-length=\"medium\" aria-label=\"Ensino M\u00e9dio Completo e Registro no CRC\" data-balloon-pos=\"up\">T\u00e9cnico de Raio X<\/span><\/td>\r\n<td class=\"cvagas\">01 + CR<\/td>\r\n<td class=\"cremuneracao\">R$ 2.624,43 \/20h<\/td>\r\n<\/tr><td class=\"ccargos\">\r\n<span data-balloon-length=\"medium\" aria-label=\"Ensino M\u00e9dio Completo, curso de t\u00e9cnico em Higiene Dental e registro no CRO.\" data-balloon-pos=\"up\">T\u00e9cnico em Sa\u00fade Bucal<\/span><\/td>\r\n<td class=\"cvagas\">01 + CR<\/td>\r\n<td class=\"cremuneracao\">R$ 2.199,83 \/40h<\/td>\r\n<\/tr><td class=\"ccargos\">\r\n<span data-balloon-length=\"medium\" aria-label=\"Ensino M\u00e9dio Completo, curso de t\u00e9cnico em imobiliza\u00e7\u00e3o ortop\u00e9dica e registro no \u00f3rg\u00e3o fiscalizador.\" data-balloon-pos=\"up\">T\u00e9cnico em Imobiliza\u00e7\u00e3o ortop\u00e9dica<\/span><\/td>\r\n<td class=\"cvagas\">01 + CR<\/td>\r\n<td class=\"cremuneracao\">R$ 2.199,83 \/40h<\/td>\r\n<\/tr><td class=\"ccargos\">\r\n<span data-balloon-length=\"medium\" aria-label=\"Ensino m\u00e9dio completo, com Curso de T\u00e9cnico em Enfermagem e registro no COREN\" data-balloon-pos=\"up\">T\u00e9cnico de Enfermagem<\/span><\/td>\r\n<td class=\"cvagas\">01 + CR<\/td>\r\n<td class=\"cremuneracao\">R$ 2.624,43 \/40h<\/td>\r\n<\/tr>\r\n    <\/tbody>\r\n  <\/table>\r\n<\/div>","_superior":"<div>\r\n<table class=\"quadro\">\r\n<thead>\r\n<tr>\r\n<th class=\"hcargo\">Cargo<\/th>\r\n<th class=\"hvagas\">Vagas<\/th>\r\n<th class=\"hremuneracao\">Remunera\u00e7\u00e3o<\/th>\r\n<\/tr>\r\n<\/thead>\r\n    <tbody>\r\n      <tr>\r\n<td class=\"ccargos\">\r\n<span data-balloon-length=\"medium\" aria-label=\"Registro no CREA-MS\" data-balloon-pos=\"up\">Arquiteto<\/span><\/td>\r\n<td class=\"cvagas\">01 + CR<\/td>\r\n<td class=\"cremuneracao\">R$ 9.670,12 \/40h<\/td>\r\n<\/tr><tr>\r\n<td class=\"ccargos\">\r\n<span data-balloon-length=\"medium\" aria-label=\"Registro no CRESS- 210\" data-balloon-pos=\"up\">Assistente Social<\/span><\/td>\r\n<td class=\"cvagas\">01 + CR<\/td>\r\n<td class=\"cremuneracao\">R$ 5.121,33 \/30h<\/td>\r\n<\/tr><tr>\r\n<td class=\"ccargos\">\r\n<span data-balloon-length=\"medium\" aria-label=\"Curso Superior Completo em: Servi\u00e7o Social, Psicologia, pedagogia ou sociologia.\" data-balloon-pos=\"up\">Educador social - sede<\/span><\/td>\r\n<td class=\"cvagas\">01 + CR<\/td>\r\n<td class=\"cremuneracao\">R$ 5.121,33 \/40h<\/td>\r\n<\/tr><tr>\r\n<td class=\"ccargos\">\r\n<span data-balloon-length=\"medium\" aria-label=\"Curso Superior Completo em: Servi\u00e7o Social, Psicologia, pedagogia ou sociologia.\" data-balloon-pos=\"up\">Educador social- reserva ind\u00edgena<\/span><\/td>\r\n<td class=\"cvagas\">01 + CR<\/td>\r\n<td class=\"cremuneracao\">R$ 5.121,33 \/40h<\/td>\r\n<\/tr><tr>\r\n<td class=\"ccargos\">\r\n<span data-balloon-length=\"medium\" aria-label=\"Diploma de curso de gradua\u00e7\u00e3o em educa\u00e7\u00e3o f\u00edsica fornecido por institui\u00e7\u00e3o de ensino superior reconhecida pelo MEC, acrescido de registro no Conselho Regional de Educa\u00e7\u00e3o F\u00edsica (CREF).\" data-balloon-pos=\"up\">Educador F\u00edsico<\/span><\/td>\r\n<td class=\"cvagas\">01 + CR<\/td>\r\n<td class=\"cremuneracao\">R$ 3.080,13 \/20h<\/td>\r\n<\/tr><tr>\r\n<td class=\"ccargos\">\r\n<span data-balloon-length=\"medium\" aria-label=\"Registro no CRP - MS\" data-balloon-pos=\"up\">Psic\u00f3logo<\/span><\/td>\r\n<td class=\"cvagas\">01 + CR<\/td>\r\n<td class=\"cremuneracao\">R$ 5.121,33 \/40h<\/td>\r\n<\/tr><tr>\r\n<td class=\"ccargos\">\r\n<span data-balloon-length=\"medium\" data-balloon-pos=\"up\">Enfermeiro<\/span><\/td>\r\n<td class=\"cvagas\">01 + CR<\/td>\r\n<td class=\"cremuneracao\">R$ 6.657,75 \/40h<\/td>\r\n<\/tr><tr>\r\n<td class=\"ccargos\">\r\n<span data-balloon-length=\"medium\" data-balloon-pos=\"up\">Farmac\u00eautico<\/span><\/td>\r\n<td class=\"cvagas\">01 + CR<\/td>\r\n<td class=\"cremuneracao\">R$ 6.163,83 \/40h<\/td>\r\n<\/tr><tr>\r\n<td class=\"ccargos\">\r\n<span data-balloon-length=\"medium\" aria-label=\"Registro no CRFA-MS\" data-balloon-pos=\"up\">Fonoaudi\u00f3logo<\/span><\/td>\r\n<td class=\"cvagas\">01 + CR<\/td>\r\n<td class=\"cremuneracao\">R$ 6.163,83 \/40h<\/td>\r\n<\/tr><tr>\r\n<td class=\"ccargos\">\r\n<span data-balloon-length=\"medium\" aria-label=\"Registro no CRM-3\u00b0Reg\/MS\" data-balloon-pos=\"up\">Nutricionista<\/span><\/td>\r\n<td class=\"cvagas\">01 + CR<\/td>\r\n<td class=\"cremuneracao\">R$ 6.163,83 \/40h<\/td>\r\n<\/tr><tr>\r\n<td class=\"ccargos\">\r\n<span data-balloon-length=\"medium\" aria-label=\"Registro no CRO-MS\" data-balloon-pos=\"up\">Odont\u00f3logo<\/span><\/td>\r\n<td class=\"cvagas\">01 + CR<\/td>\r\n<td class=\"cremuneracao\">R$ 6.163,83 \/20h<\/td>\r\n<\/tr><tr>\r\n<td class=\"ccargos\">\r\n<span data-balloon-length=\"medium\" aria-label=\"Registro no CRO-MS\" data-balloon-pos=\"up\">Odont\u00f3logo<\/span><\/td>\r\n<td class=\"cvagas\">01 + CR<\/td>\r\n<td class=\"cremuneracao\">R$ 11.779,10 \/40h<\/td>\r\n<\/tr><tr>\r\n<td class=\"ccargos\">\r\n<span data-balloon-length=\"medium\" aria-label=\"Registro no CRMV\" data-balloon-pos=\"up\">M\u00e9dica veterin\u00e1ria<\/span><\/td>\r\n<td class=\"cvagas\">01 + CR<\/td>\r\n<td class=\"cremuneracao\">R$ 9.670,12 \/40h<\/td>\r\n<\/tr>\r\n    <\/tbody>\r\n  <\/table>\r\n<\/div>"},"_links":{"self":[{"href":"https:\/\/www.agrobase.com.br\/concursos\/wp-json\/wp\/v2\/posts\/273748","targetHints":{"allow":["GET"]}}],"collection":[{"href":"https:\/\/www.agrobase.com.br\/concursos\/wp-json\/wp\/v2\/posts"}],"about":[{"href":"https:\/\/www.agrobase.com.br\/concursos\/wp-json\/wp\/v2\/types\/post"}],"author":[{"embeddable":true,"href":"https:\/\/www.agrobase.com.br\/concursos\/wp-json\/wp\/v2\/users\/7"}],"replies":[{"embeddable":true,"href":"https:\/\/www.agrobase.com.br\/concursos\/wp-json\/wp\/v2\/comments?post=273748"}],"version-history":[{"count":1,"href":"https:\/\/www.agrobase.com.br\/concursos\/wp-json\/wp\/v2\/posts\/273748\/revisions"}],"predecessor-version":[{"id":273750,"href":"https:\/\/www.agrobase.com.br\/concursos\/wp-json\/wp\/v2\/posts\/273748\/revisions\/273750"}],"wp:featuredmedia":[{"embeddable":true,"href":"https:\/\/www.agrobase.com.br\/concursos\/wp-json\/wp\/v2\/media\/273747"}],"wp:attachment":[{"href":"https:\/\/www.agrobase.com.br\/concursos\/wp-json\/wp\/v2\/media?parent=273748"}],"wp:term":[{"taxonomy":"category","embeddable":true,"href":"https:\/\/www.agrobase.com.br\/concursos\/wp-json\/wp\/v2\/categories?post=273748"},{"taxonomy":"post_tag","embeddable":true,"href":"https:\/\/www.agrobase.com.br\/concursos\/wp-json\/wp\/v2\/tags?post=273748"},{"taxonomy":"_amplo","embeddable":true,"href":"https:\/\/www.agrobase.com.br\/concursos\/wp-json\/wp\/v2\/_amplo?post=273748"},{"taxonomy":"destaque","embeddable":true,"href":"https:\/\/www.agrobase.com.br\/concursos\/wp-json\/wp\/v2\/destaque?post=273748"},{"taxonomy":"instituicoes","embeddable":true,"href":"https:\/\/www.agrobase.com.br\/concursos\/wp-json\/wp\/v2\/instituicoes?post=273748"}],"curies":[{"name":"wp","href":"https:\/\/api.w.org\/{rel}","templated":true}]}}