{"id":273726,"date":"2025-11-12T08:00:42","date_gmt":"2025-11-12T11:00:42","guid":{"rendered":"https:\/\/www.agrobase.com.br\/concursos\/?p=273726"},"modified":"2025-11-11T14:45:07","modified_gmt":"2025-11-11T17:45:07","slug":"prefeitura-canelinha-sc-selecao-publica-15-2025","status":"publish","type":"post","link":"https:\/\/www.agrobase.com.br\/concursos\/2025\/prefeitura-canelinha-sc-selecao-publica-15-2025\/","title":{"rendered":"Prefeitura Canelinha (SC) &#8211; Sele\u00e7\u00e3o P\u00fablica 15\/2025"},"content":{"rendered":"<h2>Informa\u00e7\u00f5es Gerais<\/h2>\n<p>O Munic\u00edpio de Canelinha, em Santa Catarina, publicou o <strong>Edital n\u00ba 015\/2025<\/strong> do Processo Seletivo destinado \u00e0 forma\u00e7\u00e3o de cadastro reserva para diversos cargos tempor\u00e1rios na administra\u00e7\u00e3o municipal. O certame \u00e9 organizado pelo <strong>Instituto DOM<\/strong> e reger-se-\u00e1 pelas legisla\u00e7\u00f5es federal, estadual e municipal vigentes.<\/p>\n<p>O processo seletivo contempla oportunidades para todos os n\u00edveis de escolaridade \u2014 fundamental incompleto e completo, m\u00e9dio\/t\u00e9cnico e superior \u2014 abrangendo \u00e1reas administrativas, operacionais, de sa\u00fade, educa\u00e7\u00e3o e assist\u00eancia social. Entre as fun\u00e7\u00f5es de destaque est\u00e3o cargos nas \u00e1reas de <strong>Engenharia Ambiental<\/strong> e <strong>Nutri\u00e7\u00e3o<\/strong>, al\u00e9m de vagas para professores, profissionais da sa\u00fade e t\u00e9cnicos de apoio.<\/p>\n<p>Os contratos ser\u00e3o firmados conforme a necessidade da Prefeitura de Canelinha, sob regime tempor\u00e1rio, com remunera\u00e7\u00f5es que variam de R$ 1.536,91 a R$ 17.589,38. O processo tem validade de um ano, podendo ser prorrogado por igual per\u00edodo. Continue a leitura para conhecer as informa\u00e7\u00f5es sobre inscri\u00e7\u00f5es, etapas e resultados do certame.<\/p>\n<h2>Inscri\u00e7\u00f5es<\/h2>\n<p>As inscri\u00e7\u00f5es para o Processo Seletivo de Canelinha est\u00e3o abertas e devem ser realizadas <strong>exclusivamente pela internet<\/strong>, no site <a href=\"https:\/\/www.institutodom.com\" target=\"_blank\" rel=\"noopener\">www.institutodom.com<\/a>, entre os dias <strong>6 e 20 de novembro de 2025<\/strong>. O candidato deve preencher o formul\u00e1rio eletr\u00f4nico e efetuar o pagamento da taxa correspondente ao n\u00edvel de escolaridade pretendido.<\/p>\n<ul>\n<li>R$ 60,00 para cargos de n\u00edvel superior;<\/li>\n<li>R$ 40,00 para cargos de n\u00edvel m\u00e9dio\/t\u00e9cnico;<\/li>\n<li>R$ 30,00 para cargos de n\u00edvel fundamental completo ou incompleto.<\/li>\n<\/ul>\n<p>O pagamento deve ser feito por <strong>boleto banc\u00e1rio<\/strong>, dispon\u00edvel para impress\u00e3o ap\u00f3s a conclus\u00e3o da inscri\u00e7\u00e3o. O boleto poder\u00e1 ser quitado em bancos, lot\u00e9ricas ou correspondentes banc\u00e1rios at\u00e9 a data limite indicada no sistema. A inscri\u00e7\u00e3o s\u00f3 ser\u00e1 efetivada ap\u00f3s a confirma\u00e7\u00e3o do pagamento ou deferimento da solicita\u00e7\u00e3o de isen\u00e7\u00e3o, conforme o cronograma do edital.<\/p>\n<p>O candidato poder\u00e1 se inscrever em mais de um cargo, desde que as provas n\u00e3o ocorram no mesmo hor\u00e1rio. \u00c9 fundamental manter os dados cadastrais atualizados e acompanhar o status da inscri\u00e7\u00e3o na \u00e1rea do candidato no site da banca. Recomenda-se a leitura atenta do edital completo antes de finalizar a inscri\u00e7\u00e3o.<\/p>\n<h2>Etapas e Provas<\/h2>\n<p>O Processo Seletivo de Canelinha ser\u00e1 composto por at\u00e9 tr\u00eas etapas, conforme o cargo:<\/p>\n<ul>\n<li><strong>Prova Objetiva<\/strong> \u2013 de car\u00e1ter eliminat\u00f3rio e classificat\u00f3rio, obrigat\u00f3ria para todos os cargos. A avalia\u00e7\u00e3o ser\u00e1 de m\u00faltipla escolha, com 20 quest\u00f5es distribu\u00eddas entre L\u00edngua Portuguesa, Matem\u00e1tica e Racioc\u00ednio L\u00f3gico, Conhecimentos Gerais e, conforme o cargo, Conhecimentos Espec\u00edficos. Cada quest\u00e3o valer\u00e1 2 pontos, totalizando 40 pontos, sendo exigida nota m\u00ednima de 2 pontos para aprova\u00e7\u00e3o. A dura\u00e7\u00e3o ser\u00e1 de 1 hora.<\/li>\n<li><strong>Prova Pr\u00e1tica<\/strong> \u2013 de car\u00e1ter eliminat\u00f3rio e classificat\u00f3rio, aplicada aos cargos de Auxiliar de Manuten\u00e7\u00e3o e Conserva\u00e7\u00e3o, Auxiliar de Servi\u00e7os Gerais e Merendeira. Avaliar\u00e1 habilidades t\u00e9cnicas, uso de equipamentos de prote\u00e7\u00e3o e normas de seguran\u00e7a, com pontua\u00e7\u00e3o m\u00e1xima de 100 pontos e m\u00ednimo de 20 pontos para aprova\u00e7\u00e3o.<\/li>\n<li><strong>Prova Veicular<\/strong> \u2013 de car\u00e1ter eliminat\u00f3rio e classificat\u00f3rio, destinada aos cargos de Motorista, Operador de M\u00e1quina e Tratorista. A avalia\u00e7\u00e3o verificar\u00e1 a condu\u00e7\u00e3o segura, dom\u00ednio do ve\u00edculo e cumprimento das normas de tr\u00e2nsito, com nota m\u00ednima de 20 pontos para aprova\u00e7\u00e3o.<\/li>\n<\/ul>\n<p>As provas objetivas est\u00e3o previstas para o dia <strong>14 de dezembro de 2025<\/strong>, e as provas pr\u00e1ticas e veiculares ocorrer\u00e3o nos dias <strong>13 e 14 de dezembro de 2025<\/strong>. Todos os detalhes sobre locais, hor\u00e1rios e convoca\u00e7\u00f5es ser\u00e3o divulgados no site do Instituto DOM. Recomenda-se a leitura completa do edital para conhecer o conte\u00fado program\u00e1tico e as regras de cada etapa.<\/p>\n<h2>Resultados e Gabarito<\/h2>\n<p>O gabarito preliminar da prova objetiva ser\u00e1 divulgado no site <a href=\"https:\/\/www.institutodom.com\" target=\"_blank\" rel=\"noopener\">www.institutodom.com<\/a> ap\u00f3s as 19h do dia <strong>14 de dezembro de 2025<\/strong>. O resultado p\u00f3s-recurso do gabarito e os resultados preliminares das provas objetiva, pr\u00e1tica e veicular est\u00e3o previstos para <strong>26 de dezembro de 2025<\/strong>, com publica\u00e7\u00f5es finais e homologa\u00e7\u00e3o do certame em <strong>29 de dezembro de 2025<\/strong>.<\/p>\n<p>A classifica\u00e7\u00e3o final ser\u00e1 obtida pela soma das notas das provas objetiva e pr\u00e1tica\/veicular, em ordem decrescente. Em caso de empate, ser\u00e3o aplicados crit\u00e9rios sucessivos como: idade igual ou superior a 60 anos, maior nota em Conhecimentos Espec\u00edficos, L\u00edngua Portuguesa, Matem\u00e1tica e Racioc\u00ednio L\u00f3gico, e maior idade. Persistindo o empate, ser\u00e1 realizado sorteio p\u00fablico.<\/p>\n<p>Os resultados e atos oficiais \u2014 incluindo gabaritos, listas classificat\u00f3rias, homologa\u00e7\u00f5es e convoca\u00e7\u00f5es \u2014 ser\u00e3o publicados no site do Instituto DOM e no portal da Prefeitura de Canelinha. O acompanhamento dessas publica\u00e7\u00f5es \u00e9 de responsabilidade exclusiva do candidato, que deve manter-se atento \u00e0s atualiza\u00e7\u00f5es no site da banca e no Di\u00e1rio Oficial do Munic\u00edpio.<\/p>\n","protected":false},"excerpt":{"rendered":"<p>Proc. Seletivo Pref. Canelinha (SC) com edital publicado! Vagas p\/ M\u00e9dico e Professor (Fund. a Sup.). Inscri\u00e7\u00f5es a partir de 06\/11. Sal\u00e1rios at\u00e9 R$17.5k. Confira!<\/p>\n","protected":false},"author":7,"featured_media":273725,"comment_status":"open","ping_status":"open","sticky":false,"template":"","format":"standard","meta":{"_acf_changed":false,"_breakdance_hide_in_design_set":false,"_breakdance_tags":"","footnotes":""},"categories":[126,141,6434,12,13,103,16,17,18,19,6871,116,21,119,23,25,26,101,108,143,134],"tags":[61],"_amplo":[],"destaque":[],"instituicoes":[],"class_list":["post-273726","post","type-post","status-publish","format-standard","has-post-thumbnail","hentry","category-ciencia-computacao","category-educacao-artistica","category-educacao-fisica-licenciatura","category-enfermagem","category-engenharia-ambiental","category-engenharia-eletrica","category-engenharia-sanitaria","category-farmacia","category-fisioterapia","category-fonoaudiologia","category-letras-ingles","category-matematica","category-medicina","category-musica","category-nutricao","category-pedagogia","category-psicologia","category-servico-social","category-tecnico-enfermagem","category-tecnico-odontologia","category-terapia-ocupacional","tag-santa-catarina"],"acf":{"_tipo_vagas":"vagas","_numero_vagas":"","_quadro_vagas":"","_cargos":"diversos","_cargos_especificos":"","_salario_max":"R$ 17589.38","_abertura":"20251106","_encerramento":"20251120","_inscricoes":"https:\/\/www.institutodom.com","_executora_concurso":"","_instituicao_concurso":[],"_link_adicional":null,"_anexos":null,"_produtos":null,"_vagas":"CR","_salario_min":"R$ 1536.91","_instituicao":"Prefeitura de Canelinha","_edital":"https:\/\/www.agrobase.com.br\/concursos\/wp-content\/uploads\/sites\/4\/2025\/11\/edital-15-2025-prefeitura-de-canelinha-sc.pdf","_anexos_edital":"https:\/\/www.agrobase.com.br\/concursos\/wp-content\/uploads\/sites\/4\/2025\/11\/anexos-edital-15-2025-prefeitura-de-canelinha-sc.pdf","_fund_incompleto":"<div>\r\n<table class=\"quadro\">\r\n<thead>\r\n<tr>\r\n<th class=\"hcargo\">Cargo<\/th>\r\n<th class=\"hvagas\">Vagas<\/th>\r\n\r\n<\/tr>\r\n<\/thead>\r\n    <tbody>\r\n      <td class=\"ccargos\">\r\n<span data-balloon-length=\"medium\" aria-label=\"Ensino Fundamental Incompleto\" data-balloon-pos=\"up\">Agente Administrativo Operacional<\/span><\/td>\r\n<td class=\"cvagas\">CR<\/td>\r\n\r\n<\/tr><td class=\"ccargos\">\r\n<span data-balloon-length=\"medium\" aria-label=\"Alfabetizado\" data-balloon-pos=\"up\">Auxiliar de Manuten\u00e7\u00e3o e Conserva\u00e7\u00e3o<\/span><\/td>\r\n<td class=\"cvagas\">CR<\/td>\r\n\r\n<\/tr><td class=\"ccargos\">\r\n<span data-balloon-length=\"medium\" aria-label=\"Alfabetizado\" data-balloon-pos=\"up\">Secretaria de Obras<\/span><\/td>\r\n<td class=\"cvagas\">CR<\/td>\r\n\r\n<\/tr><td class=\"ccargos\">\r\n<span data-balloon-length=\"medium\" aria-label=\"Ensino Fundamental Incompleto e seis meses de experi\u00eancia em atividade similar\" data-balloon-pos=\"up\">Auxiliar de Servi\u00e7os Gerais<\/span><\/td>\r\n<td class=\"cvagas\">CR<\/td>\r\n\r\n<\/tr><td class=\"ccargos\">\r\n<span data-balloon-length=\"medium\" aria-label=\"Ensino Fundamental Incompleto e seis meses de experi\u00eancia em atividade similar\" data-balloon-pos=\"up\">Auxiliar de Servi\u00e7os Gerais<\/span><\/td>\r\n<td class=\"cvagas\">CR<\/td>\r\n\r\n<\/tr><td class=\"ccargos\">\r\n<span data-balloon-length=\"medium\" aria-label=\"Ensino Fundamental Incompleto e seis meses de experi\u00eancia em atividade similar\" data-balloon-pos=\"up\">Auxiliar de Servi\u00e7os Gerais<\/span><\/td>\r\n<td class=\"cvagas\">CR<\/td>\r\n\r\n<\/tr><td class=\"ccargos\">\r\n<span data-balloon-length=\"medium\" aria-label=\"Ensino Fundamental Incompleto e seis meses de experi\u00eancia em atividade similar\" data-balloon-pos=\"up\">Auxiliar de Servi\u00e7os Gerais<\/span><\/td>\r\n<td class=\"cvagas\">CR<\/td>\r\n\r\n<\/tr><td class=\"ccargos\">\r\n<span data-balloon-length=\"medium\" aria-label=\"Ensino Fundamental Incompleto e seis meses de experi\u00eancia em atividade similar\" data-balloon-pos=\"up\">Auxiliar de Servi\u00e7os Gerais - Bairro Moura<\/span><\/td>\r\n<td class=\"cvagas\">CR<\/td>\r\n\r\n<\/tr><td class=\"ccargos\">\r\n<span data-balloon-length=\"medium\" aria-label=\"Ensino Fundamental Incompleto, um ano de experi\u00eancia em atividade espec\u00edfica e CNH categoria D\" data-balloon-pos=\"up\">Motorista de \u00d4nibus<\/span><\/td>\r\n<td class=\"cvagas\">CR<\/td>\r\n\r\n<\/tr><td class=\"ccargos\">\r\n<span data-balloon-length=\"medium\" aria-label=\"Ensino Fundamental Incompleto e CNH categoria C\" data-balloon-pos=\"up\">Motorista CNH C<\/span><\/td>\r\n<td class=\"cvagas\">CR<\/td>\r\n\r\n<\/tr><td class=\"ccargos\">\r\n<span data-balloon-length=\"medium\" aria-label=\"Ensino Fundamental Incompleto e CNH categoria D\/Carteira Profissional\" data-balloon-pos=\"up\">Motorista CNH D<\/span><\/td>\r\n<td class=\"cvagas\">CR<\/td>\r\n\r\n<\/tr><td class=\"ccargos\">\r\n<span data-balloon-length=\"medium\" aria-label=\"Ensino Fundamental Incompleto, um ano de experi\u00eancia em atividade espec\u00edfica e possuir carteira de habilita\u00e7\u00e3o\/Categoria profissional\" data-balloon-pos=\"up\">Operador de M\u00e1quina - Escavadeira Hidr\u00e1ulica<\/span><\/td>\r\n<td class=\"cvagas\">CR<\/td>\r\n\r\n<\/tr><td class=\"ccargos\">\r\n<span data-balloon-length=\"medium\" aria-label=\"Ensino Fundamental Incompleto, um ano de experi\u00eancia em atividade espec\u00edfica e possuir carteira de habilita\u00e7\u00e3o\/Categoria profissional\" data-balloon-pos=\"up\">Operador de M\u00e1quina I<\/span><\/td>\r\n<td class=\"cvagas\">CR<\/td>\r\n\r\n<\/tr><td class=\"ccargos\">\r\n<span data-balloon-length=\"medium\" aria-label=\"Ensino Fundamental Incompleto, um ano de experi\u00eancia em atividade espec\u00edfica e possuir carteira de habilita\u00e7\u00e3o\/Categoria profissional\" data-balloon-pos=\"up\">Operador de M\u00e1quina I - Moura<\/span><\/td>\r\n<td class=\"cvagas\">CR<\/td>\r\n\r\n<\/tr><td class=\"ccargos\">\r\n<span data-balloon-length=\"medium\" aria-label=\"Ensino Fundamental Incompleto\" data-balloon-pos=\"up\">Tratorista<\/span><\/td>\r\n<td class=\"cvagas\">CR<\/td>\r\n\r\n<\/tr><td class=\"ccargos\">\r\n<span data-balloon-length=\"medium\" aria-label=\"Ensino Fundamental Incompleto\" data-balloon-pos=\"up\">Tratorista - Moura<\/span><\/td>\r\n<td class=\"cvagas\">CR<\/td>\r\n\r\n<\/tr>\r\n    <\/tbody>\r\n  <\/table>\r\n<\/div>","_fund_completo":"<div>\r\n<table class=\"quadro\">\r\n<thead>\r\n<tr>\r\n<th class=\"hcargo\">Cargo<\/th>\r\n<th class=\"hvagas\">Vagas<\/th>\r\n\r\n<\/tr>\r\n<\/thead>\r\n    <tbody>\r\n      <td class=\"ccargos\">\r\n<span data-balloon-length=\"medium\" aria-label=\"Ensino Fundamental Completo\" data-balloon-pos=\"up\">Agente de Combate \u00e0s Endemias<\/span><\/td>\r\n<td class=\"cvagas\">CR<\/td>\r\n\r\n<\/tr><td class=\"ccargos\">\r\n<span data-balloon-length=\"medium\" aria-label=\"Ensino Fundamental Completo\" data-balloon-pos=\"up\">Zelador<\/span><\/td>\r\n<td class=\"cvagas\">CR<\/td>\r\n\r\n<\/tr><td class=\"ccargos\">\r\n<span data-balloon-length=\"medium\" aria-label=\"Ensino Fundamental Completo\" data-balloon-pos=\"up\">Zelador<\/span><\/td>\r\n<td class=\"cvagas\">CR<\/td>\r\n\r\n<\/tr><td class=\"ccargos\">\r\n<span data-balloon-length=\"medium\" aria-label=\"Ensino Fundamental Completo\" data-balloon-pos=\"up\">Zelador<\/span><\/td>\r\n<td class=\"cvagas\">CR<\/td>\r\n\r\n<\/tr><td class=\"ccargos\">\r\n<span data-balloon-length=\"medium\" aria-label=\"Ensino Fundamental Completo e um ano de experi\u00eancia em atividade similar\" data-balloon-pos=\"up\">Merendeira<\/span><\/td>\r\n<td class=\"cvagas\">CR<\/td>\r\n\r\n<\/tr><td class=\"ccargos\">\r\n<span data-balloon-length=\"medium\" aria-label=\"Ensino Fundamental Completo e um ano de experi\u00eancia\" data-balloon-pos=\"up\">Merendeira - Bairro Moura<\/span><\/td>\r\n<td class=\"cvagas\">CR<\/td>\r\n\r\n<\/tr><td class=\"ccargos\">\r\n<span data-balloon-length=\"medium\" aria-label=\"Ensino Fundamental Completo, um ano de experi\u00eancia em atividade espec\u00edfica e CNH categoria B\/Carteira Profissional\" data-balloon-pos=\"up\">Motorista CNH B<\/span><\/td>\r\n<td class=\"cvagas\">CR<\/td>\r\n\r\n<\/tr><td class=\"ccargos\">\r\n<span data-balloon-length=\"medium\" aria-label=\"Ensino Fundamental Completo, um ano de experi\u00eancia em atividade espec\u00edfica e CNH categoria C\/Carteira Profissional\" data-balloon-pos=\"up\">Motorista CNH C<\/span><\/td>\r\n<td class=\"cvagas\">CR<\/td>\r\n\r\n<\/tr><td class=\"ccargos\">\r\n<span data-balloon-length=\"medium\" aria-label=\"Ensino Fundamental Completo, um ano de experi\u00eancia em atividade espec\u00edfica e CNH categoria D\/Carteira Profissional\" data-balloon-pos=\"up\">Motorista CNH C - Moura<\/span><\/td>\r\n<td class=\"cvagas\">CR<\/td>\r\n\r\n<\/tr><td class=\"ccargos\">\r\n<span data-balloon-length=\"medium\" aria-label=\"Ensino Fundamental Completo\" data-balloon-pos=\"up\">Secretaria de Obras<\/span><\/td>\r\n<td class=\"cvagas\">CR<\/td>\r\n\r\n<\/tr><td class=\"ccargos\">\r\n<span data-balloon-length=\"medium\" aria-label=\"Ensino Fundamental Completo, Curso de Auxiliar de Sa\u00fade Bucal e registro\" data-balloon-pos=\"up\">Auxiliar de Consult\u00f3rio Odontol\u00f3gico -SB<\/span><\/td>\r\n<td class=\"cvagas\">CR<\/td>\r\n\r\n<\/tr>\r\n    <\/tbody>\r\n  <\/table>\r\n<\/div>","_medio":"<div>\r\n<table class=\"quadro\">\r\n<thead>\r\n<tr>\r\n<th class=\"hcargo\">Cargo<\/th>\r\n<th class=\"hvagas\">Vagas<\/th>\r\n\r\n<\/tr>\r\n<\/thead>\r\n    <tbody>\r\n      <td class=\"ccargos\">\r\n<span data-balloon-length=\"medium\" aria-label=\"Ensino M\u00e9dio Completo\" data-balloon-pos=\"up\">Agente Comunit\u00e1rio de Sa\u00fade - Centro<\/span><\/td>\r\n<td class=\"cvagas\">CR<\/td>\r\n\r\n<\/tr><td class=\"ccargos\">\r\n<span data-balloon-length=\"medium\" aria-label=\"Ensino M\u00e9dio Completo\" data-balloon-pos=\"up\">Agente Comunit\u00e1rio de Sa\u00fade - Cobre<\/span><\/td>\r\n<td class=\"cvagas\">CR<\/td>\r\n\r\n<\/tr><td class=\"ccargos\">\r\n<span data-balloon-length=\"medium\" aria-label=\"Ensino M\u00e9dio Completo\" data-balloon-pos=\"up\">Agente Comunit\u00e1rio de Sa\u00fade - Galera<\/span><\/td>\r\n<td class=\"cvagas\">CR<\/td>\r\n\r\n<\/tr><td class=\"ccargos\">\r\n<span data-balloon-length=\"medium\" aria-label=\"Ensino M\u00e9dio Completo\" data-balloon-pos=\"up\">Agente Comunit\u00e1rio de Sa\u00fade - Moura<\/span><\/td>\r\n<td class=\"cvagas\">CR<\/td>\r\n\r\n<\/tr><td class=\"ccargos\">\r\n<span data-balloon-length=\"medium\" aria-label=\"Ensino M\u00e9dio Completo\" data-balloon-pos=\"up\">Agente Comunit\u00e1rio de Sa\u00fade - Papagaios<\/span><\/td>\r\n<td class=\"cvagas\">CR<\/td>\r\n\r\n<\/tr><td class=\"ccargos\">\r\n<span data-balloon-length=\"medium\" aria-label=\"Ensino M\u00e9dio Completo\" data-balloon-pos=\"up\">Assistente Administrativo<\/span><\/td>\r\n<td class=\"cvagas\">CR<\/td>\r\n\r\n<\/tr><td class=\"ccargos\">\r\n<span data-balloon-length=\"medium\" aria-label=\"Ensino M\u00e9dio Completo\" data-balloon-pos=\"up\">Assistente Administrativo<\/span><\/td>\r\n<td class=\"cvagas\">CR<\/td>\r\n\r\n<\/tr><td class=\"ccargos\">\r\n<span data-balloon-length=\"medium\" aria-label=\"Ensino M\u00e9dio Completo\" data-balloon-pos=\"up\">Assistente Administrativo<\/span><\/td>\r\n<td class=\"cvagas\">CR<\/td>\r\n\r\n<\/tr><td class=\"ccargos\">\r\n<span data-balloon-length=\"medium\" aria-label=\"Ensino M\u00e9dio Completo\" data-balloon-pos=\"up\">Recepcionista<\/span><\/td>\r\n<td class=\"cvagas\">CR<\/td>\r\n\r\n<\/tr><td class=\"ccargos\">\r\n<span data-balloon-length=\"medium\" aria-label=\"Ensino M\u00e9dio Completo, Curso T\u00e9cnico em Enfermagem e registro no Conselho de Classe\" data-balloon-pos=\"up\">T\u00e9cnico de Enfermagem<\/span><\/td>\r\n<td class=\"cvagas\">CR<\/td>\r\n\r\n<\/tr>\r\n    <\/tbody>\r\n  <\/table>\r\n<\/div>","_superior":"<div>\r\n<table class=\"quadro\">\r\n<thead>\r\n<tr>\r\n<th class=\"hcargo\">Cargo<\/th>\r\n<th class=\"hvagas\">Vagas<\/th>\r\n\r\n<\/tr>\r\n<\/thead>\r\n    <tbody>\r\n      <tr>\r\n<td class=\"ccargos\">\r\n<span data-balloon-length=\"medium\" aria-label=\"N\u00edvel Superior completo em Engenharia Ambiental e registro no Conselho de Classe\" data-balloon-pos=\"up\">Engenheiro Ambiental<\/span><\/td>\r\n<td class=\"cvagas\">CR<\/td>\r\n\r\n<\/tr><tr>\r\n<td class=\"ccargos\">\r\n<span data-balloon-length=\"medium\" aria-label=\"N\u00edvel Superior completo na \u00e1rea de atua\u00e7\u00e3o e registro no Conselho de Classe\" data-balloon-pos=\"up\">Engenheiro Sanitarista<\/span><\/td>\r\n<td class=\"cvagas\">CR<\/td>\r\n\r\n<\/tr><tr>\r\n<td class=\"ccargos\">\r\n<span data-balloon-length=\"medium\" aria-label=\"Ensino Superior em Servi\u00e7o Social e registro no respectivo Conselho de Classe\" data-balloon-pos=\"up\">Assistente Social - Educa\u00e7\u00e3o - 20 horas<\/span><\/td>\r\n<td class=\"cvagas\">CR<\/td>\r\n\r\n<\/tr><tr>\r\n<td class=\"ccargos\">\r\n<span data-balloon-length=\"medium\" aria-label=\"Ensino Superior em Servi\u00e7o Social e registro no respectivo Conselho de Classe\" data-balloon-pos=\"up\">Assistente Social - Assist\u00eancia - 20 horas<\/span><\/td>\r\n<td class=\"cvagas\">CR<\/td>\r\n\r\n<\/tr><tr>\r\n<td class=\"ccargos\">\r\n<span data-balloon-length=\"medium\" aria-label=\"Ensino Superior em Servi\u00e7o Social e registro no respectivo Conselho de Classe\" data-balloon-pos=\"up\">Assistente Social - Casa Lar - 30 horas<\/span><\/td>\r\n<td class=\"cvagas\">CR<\/td>\r\n\r\n<\/tr><tr>\r\n<td class=\"ccargos\">\r\n<span data-balloon-length=\"medium\" aria-label=\"N\u00edvel Superior completo em Educa\u00e7\u00e3o F\u00edsica\" data-balloon-pos=\"up\">Educador F\u00edsico - NASF<\/span><\/td>\r\n<td class=\"cvagas\">CR<\/td>\r\n\r\n<\/tr><tr>\r\n<td class=\"ccargos\">\r\n<span data-balloon-length=\"medium\" aria-label=\"N\u00edvel Superior completo em Enfermagem e registro no Conselho de Classe\" data-balloon-pos=\"up\">Enfermeiro Comunit\u00e1rio - SF<\/span><\/td>\r\n<td class=\"cvagas\">CR<\/td>\r\n\r\n<\/tr><tr>\r\n<td class=\"ccargos\">\r\n<span data-balloon-length=\"medium\" aria-label=\"N\u00edvel Superior completo em Farm\u00e1cia e registro no Conselho de Classe\" data-balloon-pos=\"up\">Farmac\u00eautico - NASF<\/span><\/td>\r\n<td class=\"cvagas\">CR<\/td>\r\n\r\n<\/tr><tr>\r\n<td class=\"ccargos\">\r\n<span data-balloon-length=\"medium\" aria-label=\"N\u00edvel Superior completo em Fisioterapia e registro no Conselho de Classe\" data-balloon-pos=\"up\">Fisioterapeuta - 20 horas<\/span><\/td>\r\n<td class=\"cvagas\">CR<\/td>\r\n\r\n<\/tr><tr>\r\n<td class=\"ccargos\">\r\n<span data-balloon-length=\"medium\" aria-label=\"N\u00edvel Superior completo em Fisioterapia e registro no Conselho de Classe\" data-balloon-pos=\"up\">Fisioterapeuta - NASF - 30 horas<\/span><\/td>\r\n<td class=\"cvagas\">CR<\/td>\r\n\r\n<\/tr><tr>\r\n<td class=\"ccargos\">\r\n<span data-balloon-length=\"medium\" aria-label=\"Ensino Superior em Fonoaudiologia e registro no Conselho de Classe\" data-balloon-pos=\"up\">Fonoaudi\u00f3logo<\/span><\/td>\r\n<td class=\"cvagas\">CR<\/td>\r\n\r\n<\/tr><tr>\r\n<td class=\"ccargos\">\r\n<span data-balloon-length=\"medium\" aria-label=\"N\u00edvel Superior completo em Fonoaudiologia e registro no Conselho de Classe\" data-balloon-pos=\"up\">Fonoaudi\u00f3logo - NASF<\/span><\/td>\r\n<td class=\"cvagas\">CR<\/td>\r\n\r\n<\/tr><tr>\r\n<td class=\"ccargos\">\r\n<span data-balloon-length=\"medium\" aria-label=\"N\u00edvel Superior completo em Medicina\" data-balloon-pos=\"up\">M\u00e9dico Comunit\u00e1rio - SF<\/span><\/td>\r\n<td class=\"cvagas\">CR<\/td>\r\n\r\n<\/tr><tr>\r\n<td class=\"ccargos\">\r\n<span data-balloon-length=\"medium\" aria-label=\"N\u00edvel Superior completo em Medicina, Especializa\u00e7\u00e3o registrada em Ginecologia e registro no Conselho de Classe\" data-balloon-pos=\"up\">M\u00e9dico Ginecologia<\/span><\/td>\r\n<td class=\"cvagas\">CR<\/td>\r\n\r\n<\/tr><tr>\r\n<td class=\"ccargos\">\r\n<span data-balloon-length=\"medium\" aria-label=\"N\u00edvel Superior completo em Medicina, Especializa\u00e7\u00e3o registrada em Pediatria e registro no Conselho de Classe\" data-balloon-pos=\"up\">M\u00e9dico-Pediatria<\/span><\/td>\r\n<td class=\"cvagas\">CR<\/td>\r\n\r\n<\/tr><tr>\r\n<td class=\"ccargos\">\r\n<span data-balloon-length=\"medium\" aria-label=\"N\u00edvel Superior completo em Medicina, Especializa\u00e7\u00e3o registrada em Psiquiatria e registro no Conselho de Classe\" data-balloon-pos=\"up\">M\u00e9dico - Psiquiatria<\/span><\/td>\r\n<td class=\"cvagas\">CR<\/td>\r\n\r\n<\/tr><tr>\r\n<td class=\"ccargos\">\r\n<span data-balloon-length=\"medium\" aria-label=\"N\u00edvel Superior completo em Nutri\u00e7\u00e3o e registro no Conselho de Classe\" data-balloon-pos=\"up\">Nutricionista - NASF<\/span><\/td>\r\n<td class=\"cvagas\">CR<\/td>\r\n\r\n<\/tr><tr>\r\n<td class=\"ccargos\">\r\n<span data-balloon-length=\"medium\" aria-label=\"N\u00edvel Superior completo em Psicologia e registro no Conselho de Classe\" data-balloon-pos=\"up\">Psic\u00f3logo - 24 horas<\/span><\/td>\r\n<td class=\"cvagas\">CR<\/td>\r\n\r\n<\/tr><tr>\r\n<td class=\"ccargos\">\r\n<span data-balloon-length=\"medium\" aria-label=\"N\u00edvel Superior completo em Psicologia e registro no Conselho de Classe\" data-balloon-pos=\"up\">Psic\u00f3logo - 24 horas<\/span><\/td>\r\n<td class=\"cvagas\">CR<\/td>\r\n\r\n<\/tr><tr>\r\n<td class=\"ccargos\">\r\n<span data-balloon-length=\"medium\" aria-label=\"N\u00edvel Superior completo em Psicologia e registro no Conselho de Classe\" data-balloon-pos=\"up\">Psic\u00f3logo - 24 horas<\/span><\/td>\r\n<td class=\"cvagas\">CR<\/td>\r\n\r\n<\/tr><tr>\r\n<td class=\"ccargos\">\r\n<span data-balloon-length=\"medium\" aria-label=\"N\u00edvel Superior completo em Psicologia e registro no Conselho de Classe\" data-balloon-pos=\"up\">Psic\u00f3logo - NASF - 40 horas<\/span><\/td>\r\n<td class=\"cvagas\">CR<\/td>\r\n\r\n<\/tr><tr>\r\n<td class=\"ccargos\">\r\n<span data-balloon-length=\"medium\" aria-label=\"N\u00edvel Superior completo em Terapia Ocupacional e registro no Conselho de Classe\" data-balloon-pos=\"up\">Terapeuta Ocupacional<\/span><\/td>\r\n<td class=\"cvagas\">CR<\/td>\r\n\r\n<\/tr><tr>\r\n<td class=\"ccargos\">\r\n<span data-balloon-length=\"medium\" aria-label=\"N\u00edvel Superior completo, licenciatura e\/ou bacharelado em Artes Visuais\" data-balloon-pos=\"up\">Professor - Artes<\/span><\/td>\r\n<td class=\"cvagas\">CR<\/td>\r\n\r\n<\/tr><tr>\r\n<td class=\"ccargos\">\r\n<span data-balloon-length=\"medium\" aria-label=\"Habilita\u00e7\u00e3o profissional de n\u00edvel superior em curso de licenciatura plena\" data-balloon-pos=\"up\">Professor - Ensino Fundamental<\/span><\/td>\r\n<td class=\"cvagas\">CR<\/td>\r\n\r\n<\/tr><tr>\r\n<td class=\"ccargos\">\r\n<span data-balloon-length=\"medium\" aria-label=\"Habilita\u00e7\u00e3o profissional de n\u00edvel superior em curso de licenciatura plena\" data-balloon-pos=\"up\">Professor - Ensino Infantil - 20 horas<\/span><\/td>\r\n<td class=\"cvagas\">CR<\/td>\r\n\r\n<\/tr><tr>\r\n<td class=\"ccargos\">\r\n<span data-balloon-length=\"medium\" aria-label=\"Habilita\u00e7\u00e3o profissional de n\u00edvel superior em curso de licenciatura plena\" data-balloon-pos=\"up\">Professor - Ensino Infantil - 30 horas<\/span><\/td>\r\n<td class=\"cvagas\">CR<\/td>\r\n\r\n<\/tr><tr>\r\n<td class=\"ccargos\">\r\n<span data-balloon-length=\"medium\" aria-label=\"N\u00edvel Superior completo, licenciatura e\/ou bacharelado em Educa\u00e7\u00e3o F\u00edsica e registro no Conselho de Classe\" data-balloon-pos=\"up\">Professor - Educa\u00e7\u00e3o F\u00edsica<\/span><\/td>\r\n<td class=\"cvagas\">CR<\/td>\r\n\r\n<\/tr><tr>\r\n<td class=\"ccargos\">\r\n<span data-balloon-length=\"medium\" aria-label=\"N\u00edvel Superior completo em Letras com habilita\u00e7\u00e3o em L\u00edngua Inglesa\" data-balloon-pos=\"up\">Professor - L\u00edngua Inglesa<\/span><\/td>\r\n<td class=\"cvagas\">CR<\/td>\r\n\r\n<\/tr><tr>\r\n<td class=\"ccargos\">\r\n<span data-balloon-length=\"medium\" aria-label=\"N\u00edvel Superior completo de Licenciatura em M\u00fasica\" data-balloon-pos=\"up\">Professor - Musicaliza\u00e7\u00e3o<\/span><\/td>\r\n<td class=\"cvagas\">CR<\/td>\r\n\r\n<\/tr><tr>\r\n<td class=\"ccargos\">\r\n<span data-balloon-length=\"medium\" aria-label=\"N\u00edvel Superior completo de Licenciatura em Matem\u00e1tica, Inform\u00e1tica, Engenharia El\u00e9trica, F\u00edsica ou Ci\u00eancia da Computa\u00e7\u00e3o\" data-balloon-pos=\"up\">Professor - Rob\u00f3tica<\/span><\/td>\r\n<td class=\"cvagas\">CR<\/td>\r\n\r\n<\/tr><tr>\r\n<td class=\"ccargos\">\r\n<span data-balloon-length=\"medium\" aria-label=\"N\u00edvel Superior completo em Pedagogia com forma\u00e7\u00e3o espec\u00edfica em Educa\u00e7\u00e3o Especial\" data-balloon-pos=\"up\">Professor do Atendimento Educacional Especializado<\/span><\/td>\r\n<td class=\"cvagas\">CR<\/td>\r\n\r\n<\/tr><tr>\r\n<td class=\"ccargos\">\r\n<span data-balloon-length=\"medium\" aria-label=\"N\u00edvel Superior completo em Pedagogia e P\u00f3s-gradua\u00e7\u00e3o em Psicopedagogia\" data-balloon-pos=\"up\">Psicopedagogo<\/span><\/td>\r\n<td class=\"cvagas\">CR<\/td>\r\n\r\n<\/tr>\r\n    <\/tbody>\r\n  <\/table>\r\n<\/div>"},"_links":{"self":[{"href":"https:\/\/www.agrobase.com.br\/concursos\/wp-json\/wp\/v2\/posts\/273726","targetHints":{"allow":["GET"]}}],"collection":[{"href":"https:\/\/www.agrobase.com.br\/concursos\/wp-json\/wp\/v2\/posts"}],"about":[{"href":"https:\/\/www.agrobase.com.br\/concursos\/wp-json\/wp\/v2\/types\/post"}],"author":[{"embeddable":true,"href":"https:\/\/www.agrobase.com.br\/concursos\/wp-json\/wp\/v2\/users\/7"}],"replies":[{"embeddable":true,"href":"https:\/\/www.agrobase.com.br\/concursos\/wp-json\/wp\/v2\/comments?post=273726"}],"version-history":[{"count":1,"href":"https:\/\/www.agrobase.com.br\/concursos\/wp-json\/wp\/v2\/posts\/273726\/revisions"}],"predecessor-version":[{"id":273728,"href":"https:\/\/www.agrobase.com.br\/concursos\/wp-json\/wp\/v2\/posts\/273726\/revisions\/273728"}],"wp:featuredmedia":[{"embeddable":true,"href":"https:\/\/www.agrobase.com.br\/concursos\/wp-json\/wp\/v2\/media\/273725"}],"wp:attachment":[{"href":"https:\/\/www.agrobase.com.br\/concursos\/wp-json\/wp\/v2\/media?parent=273726"}],"wp:term":[{"taxonomy":"category","embeddable":true,"href":"https:\/\/www.agrobase.com.br\/concursos\/wp-json\/wp\/v2\/categories?post=273726"},{"taxonomy":"post_tag","embeddable":true,"href":"https:\/\/www.agrobase.com.br\/concursos\/wp-json\/wp\/v2\/tags?post=273726"},{"taxonomy":"_amplo","embeddable":true,"href":"https:\/\/www.agrobase.com.br\/concursos\/wp-json\/wp\/v2\/_amplo?post=273726"},{"taxonomy":"destaque","embeddable":true,"href":"https:\/\/www.agrobase.com.br\/concursos\/wp-json\/wp\/v2\/destaque?post=273726"},{"taxonomy":"instituicoes","embeddable":true,"href":"https:\/\/www.agrobase.com.br\/concursos\/wp-json\/wp\/v2\/instituicoes?post=273726"}],"curies":[{"name":"wp","href":"https:\/\/api.w.org\/{rel}","templated":true}]}}