{"id":273715,"date":"2025-11-12T07:40:59","date_gmt":"2025-11-12T10:40:59","guid":{"rendered":"https:\/\/www.agrobase.com.br\/concursos\/?p=273715"},"modified":"2025-11-12T10:18:38","modified_gmt":"2025-11-12T13:18:38","slug":"prefeitura-morro-da-fumaca-sc-selecao-publica-01-2025","status":"publish","type":"post","link":"https:\/\/www.agrobase.com.br\/concursos\/2025\/prefeitura-morro-da-fumaca-sc-selecao-publica-01-2025\/","title":{"rendered":"Prefeitura Morro da Fuma\u00e7a (SC) &#8211; Sele\u00e7\u00e3o P\u00fablica 01\/2025"},"content":{"rendered":"<h2>Informa\u00e7\u00f5es Gerais<\/h2>\n<p>O <strong>Processo Seletivo n\u00ba 001\/2025<\/strong> do <strong>Munic\u00edpio de Morro da Fuma\u00e7a<\/strong>, em Santa Catarina, est\u00e1 com edital publicado e inscri\u00e7\u00f5es abertas para o provimento de <strong>158 vagas imediatas<\/strong> e forma\u00e7\u00e3o de cadastro reserva em diversas fun\u00e7\u00f5es da Administra\u00e7\u00e3o P\u00fablica Municipal. O certame \u00e9 executado pela <strong>FUCRI\/UNESC<\/strong> e tem validade de um ano, prorrog\u00e1vel por igual per\u00edodo, conforme interesse da Administra\u00e7\u00e3o.<\/p>\n<p>As oportunidades abrangem cargos de <strong>n\u00edveis fundamental, m\u00e9dio\/t\u00e9cnico e superior<\/strong>, com remunera\u00e7\u00f5es que variam de <strong>R$ 1.836,08 a R$ 5.841,32<\/strong>. As vagas est\u00e3o concentradas principalmente na \u00e1rea da <strong>Educa\u00e7\u00e3o<\/strong>, contemplando fun\u00e7\u00f5es como professores em diferentes disciplinas, coordenadores pedag\u00f3gicos, psicopedagogos, auxiliares de ensino e instrutores profissionais. H\u00e1 tamb\u00e9m oportunidades para profissionais de apoio e t\u00e9cnicos, como <strong>nutricionista, assistente social, psic\u00f3logo e fonoaudi\u00f3logo<\/strong>.<\/p>\n<p>O processo seletivo visa \u00e0 contrata\u00e7\u00e3o tempor\u00e1ria de profissionais sob regime estatut\u00e1rio, conforme legisla\u00e7\u00e3o municipal vigente. Se voc\u00ea busca uma oportunidade no servi\u00e7o p\u00fablico catarinense, especialmente na \u00e1rea educacional, continue a leitura e confira os detalhes sobre inscri\u00e7\u00f5es, etapas e resultados.<\/p>\n<h2>Inscri\u00e7\u00f5es<\/h2>\n<p>As inscri\u00e7\u00f5es para o Processo Seletivo do Munic\u00edpio de Morro da Fuma\u00e7a est\u00e3o <strong>abertas<\/strong> e devem ser realizadas <strong>exclusivamente pela internet<\/strong>, no site <a href=\"https:\/\/unesc.selecao.net.br\/\" target=\"_blank\" rel=\"noopener\">https:\/\/unesc.selecao.net.br\/<\/a>. O per\u00edodo de inscri\u00e7\u00e3o vai das <strong>10h do dia 22 de outubro de 2025<\/strong> at\u00e9 as <strong>16h do dia 19 de novembro de 2025<\/strong> (hor\u00e1rio de Bras\u00edlia).<\/p>\n<p>As taxas de inscri\u00e7\u00e3o variam conforme o n\u00edvel de escolaridade: <strong>R$ 100,00<\/strong> para cargos de n\u00edvel superior, <strong>R$ 80,00<\/strong> para n\u00edvel m\u00e9dio\/t\u00e9cnico e <strong>R$ 60,00<\/strong> para n\u00edvel fundamental. O pagamento deve ser feito por boleto banc\u00e1rio emitido no ato da inscri\u00e7\u00e3o, com compensa\u00e7\u00e3o at\u00e9 o prazo final. O candidato poder\u00e1 acompanhar o status de sua inscri\u00e7\u00e3o na \u00e1rea restrita do site da organizadora.<\/p>\n<p>Ser\u00e1 poss\u00edvel solicitar isen\u00e7\u00e3o da taxa conforme as condi\u00e7\u00f5es previstas no edital. \u00c9 importante preencher corretamente o formul\u00e1rio online e efetuar o pagamento dentro do prazo, pois inscri\u00e7\u00f5es n\u00e3o quitadas ser\u00e3o indeferidas. Cada candidato poder\u00e1 se inscrever em at\u00e9 dois cargos, desde que pague a taxa correspondente a cada um.<\/p>\n<p>Recomenda-se a leitura atenta do edital completo antes de efetuar a inscri\u00e7\u00e3o, garantindo o cumprimento de todos os requisitos e prazos estabelecidos.<\/p>\n<h2>Etapas e Provas<\/h2>\n<p>O Processo Seletivo de Morro da Fuma\u00e7a ser\u00e1 composto por <strong>tr\u00eas etapas principais<\/strong>, variando conforme o cargo pretendido:<\/p>\n<ul>\n<li><strong>Prova Objetiva<\/strong> \u2013 de car\u00e1ter <em>eliminat\u00f3rio e classificat\u00f3rio<\/em>, aplicada a todos os cargos, com quest\u00f5es de m\u00faltipla escolha. Ser\u00e3o 25 quest\u00f5es para n\u00edveis m\u00e9dio e superior e 20 quest\u00f5es para n\u00edvel fundamental, abrangendo conte\u00fados de <strong>Conhecimentos B\u00e1sicos, Legisla\u00e7\u00e3o e Conhecimentos Espec\u00edficos<\/strong>. A prova ser\u00e1 realizada em <strong>7 de dezembro de 2025<\/strong>, na cidade de Crici\u00fama\/SC, com dura\u00e7\u00e3o de at\u00e9 3 horas. Ser\u00e1 considerado habilitado o candidato que obtiver nota m\u00ednima de 0,40 ponto.<\/li>\n<li><strong>Prova de T\u00edtulos e Tempo de Servi\u00e7o<\/strong> \u2013 de car\u00e1ter <em>classificat\u00f3rio<\/em>, destinada aos cargos indicados no edital. Os t\u00edtulos e declara\u00e7\u00f5es dever\u00e3o ser enviados em formato PDF pelo site da organizadora entre <strong>22 de outubro e 19 de novembro de 2025<\/strong>. Ser\u00e3o pontuados diplomas de p\u00f3s-gradua\u00e7\u00e3o, mestrado ou doutorado, al\u00e9m de tempo de servi\u00e7o comprovado na \u00e1rea do cargo.<\/li>\n<li><strong>Prova Pr\u00e1tica<\/strong> \u2013 de car\u00e1ter <em>eliminat\u00f3rio e classificat\u00f3rio<\/em>, prevista para <strong>8 de janeiro de 2026<\/strong>, destinada aos cargos de instrutores (artesanato, corte e costura, pintura em tecido e tela). Avaliar\u00e1 a execu\u00e7\u00e3o de atividades pr\u00e1ticas relacionadas \u00e0s atribui\u00e7\u00f5es do cargo, considerando crit\u00e9rios como criatividade, acabamento e manuseio de materiais.<\/li>\n<\/ul>\n<p>Os candidatos devem comparecer aos locais de prova com anteced\u00eancia m\u00ednima de 45 minutos, portando documento oficial com foto. Todas as informa\u00e7\u00f5es sobre blocos, salas e hor\u00e1rios ser\u00e3o divulgadas no site da organizadora. Para detalhes sobre conte\u00fados e crit\u00e9rios de pontua\u00e7\u00e3o, recomenda-se a leitura integral do edital.<\/p>\n<h2>Resultados e Gabarito<\/h2>\n<p>O cronograma de resultados do Processo Seletivo de Morro da Fuma\u00e7a prev\u00ea a <strong>publica\u00e7\u00e3o do gabarito preliminar<\/strong> em <strong>7 de dezembro de 2025<\/strong>, com prazo para recursos entre <strong>8 e 9 de dezembro de 2025<\/strong>. O <strong>gabarito definitivo<\/strong> e o <strong>resultado preliminar da prova objetiva, t\u00edtulos e tempo de servi\u00e7o<\/strong> ser\u00e3o divulgados em <strong>15 de dezembro de 2025<\/strong>, com possibilidade de recurso nos dias <strong>16 e 17 de dezembro<\/strong>. As respostas aos recursos e o resultado final dessas etapas est\u00e3o previstos para <strong>19 de dezembro de 2025<\/strong>.<\/p>\n<p>O <strong>resultado preliminar da prova pr\u00e1tica<\/strong> ser\u00e1 publicado em <strong>9 de janeiro de 2026<\/strong>, com prazo de recurso entre <strong>12 e 13 de janeiro<\/strong> e divulga\u00e7\u00e3o do resultado definitivo em <strong>16 de janeiro de 2026<\/strong>, mesma data da <strong>homologa\u00e7\u00e3o final do certame<\/strong>.<\/p>\n<p>Em caso de empate, ser\u00e3o adotados os seguintes crit\u00e9rios: maior nota em Conhecimentos Espec\u00edficos, maior nota em Conhecimentos B\u00e1sicos e, por fim, maior idade. Os resultados e homologa\u00e7\u00f5es ser\u00e3o divulgados no site <a href=\"https:\/\/unesc.selecao.net.br\/\" target=\"_blank\" rel=\"noopener\">https:\/\/unesc.selecao.net.br\/<\/a> e no Di\u00e1rio Oficial do Munic\u00edpio.<\/p>\n<p>As convoca\u00e7\u00f5es ocorrer\u00e3o conforme a necessidade da Administra\u00e7\u00e3o, sendo publicadas no portal oficial <a href=\"https:\/\/morrodafumaca.atende.net\/cidadao\" target=\"_blank\" rel=\"noopener\">https:\/\/morrodafumaca.atende.net\/cidadao<\/a> e comunicadas tamb\u00e9m via WhatsApp ao n\u00famero informado na inscri\u00e7\u00e3o. O acompanhamento de todas as etapas e publica\u00e7\u00f5es \u00e9 de responsabilidade exclusiva do candidato.<\/p>\n","protected":false},"excerpt":{"rendered":"<p>Processo Seletivo Pref. Morro da Fuma\u00e7a (SC) com edital publicado! Vagas p\/ Professores e Auxiliar (Fund. a Sup.). Inscri\u00e7\u00f5es a partir de 22\/10. Confira!<\/p>\n","protected":false},"author":7,"featured_media":273714,"comment_status":"open","ping_status":"open","sticky":false,"template":"","format":"standard","meta":{"_acf_changed":false,"_breakdance_hide_in_design_set":false,"_breakdance_tags":"","footnotes":""},"categories":[6433,141,6434,19,111,100,20,6871,116,23,25,26,101],"tags":[61],"_amplo":[],"destaque":[],"instituicoes":[],"class_list":["post-273715","post","type-post","status-publish","format-standard","has-post-thumbnail","hentry","category-biologia-licenciatura","category-educacao-artistica","category-educacao-fisica-licenciatura","category-fonoaudiologia","category-geografia","category-historia","category-letras","category-letras-ingles","category-matematica","category-nutricao","category-pedagogia","category-psicologia","category-servico-social","tag-santa-catarina"],"acf":{"_tipo_vagas":"vagas","_numero_vagas":"","_quadro_vagas":"","_cargos":"diversos","_cargos_especificos":"","_salario_max":"R$ 5841.32","_abertura":"20251022","_encerramento":"20251119","_inscricoes":"https:\/\/unesc.selecao.net.br\/","_executora_concurso":"","_instituicao_concurso":[],"_link_adicional":null,"_anexos":null,"_produtos":null,"_vagas":"158 vagas + CR","_salario_min":"R$ 1836.08","_instituicao":"Prefeitura de Morro da Fuma\u00e7a","_edital":"https:\/\/www.agrobase.com.br\/concursos\/wp-content\/uploads\/sites\/4\/2025\/11\/edital-01-2025-prefeitura-de-morro-da-fumaca-sc.pdf","_anexos_edital":"https:\/\/www.agrobase.com.br\/concursos\/wp-content\/uploads\/sites\/4\/2025\/11\/anexos-edital-01-2025-prefeitura-de-morro-da-fumaca-sc.pdf","_fund_incompleto":"<div>\r\n<table class=\"quadro\">\r\n<thead>\r\n<tr>\r\n<th class=\"hcargo\">Cargo<\/th>\r\n<th class=\"hvagas\">Vagas<\/th>\r\n<th class=\"hremuneracao\">Remunera\u00e7\u00e3o<\/th>\r\n<\/tr>\r\n<\/thead>\r\n    <tbody>\r\n      <td class=\"ccargos\">Oficial de Servi\u00e7os<\/td>\r\n<td class=\"cvagas\">04 + CR<\/td>\r\n<td class=\"cremuneracao\">R$ 2.564,02 \/40h<\/td>\r\n<\/tr>\r\n    <\/tbody>\r\n  <\/table>\r\n<\/div>","_fund_completo":"<div>\r\n<table class=\"quadro\">\r\n<thead>\r\n<tr>\r\n<th class=\"hcargo\">Cargo<\/th>\r\n<th class=\"hvagas\">Vagas<\/th>\r\n<th class=\"hremuneracao\">Remunera\u00e7\u00e3o<\/th>\r\n<\/tr>\r\n<\/thead>\r\n    <tbody>\r\n      <td class=\"ccargos\">Zelador Escolar<\/td>\r\n<td class=\"cvagas\">18 + CR<\/td>\r\n<td class=\"cremuneracao\">R$ 2.708,25 \/40h<\/td>\r\n<\/tr><td class=\"ccargos\">Instrutor Profissional de Pintura em tecido<\/td>\r\n<td class=\"cvagas\">CR<\/td>\r\n<td class=\"cremuneracao\">R$ 1.836,08 \/40h<\/td>\r\n<\/tr><td class=\"ccargos\">Instrutor de Artesanato<\/td>\r\n<td class=\"cvagas\">CR<\/td>\r\n<td class=\"cremuneracao\">R$ 1.836,08 \/40h<\/td>\r\n<\/tr><td class=\"ccargos\">Instrutor Profissional de Corte e Costura Tradicional<\/td>\r\n<td class=\"cvagas\">CR<\/td>\r\n<td class=\"cremuneracao\">R$ 1.836,08 \/40h<\/td>\r\n<\/tr><td class=\"ccargos\">Instrutor Profissional de Costura Industrial<\/td>\r\n<td class=\"cvagas\">CR<\/td>\r\n<td class=\"cremuneracao\">R$ 1.836,08 \/40h<\/td>\r\n<\/tr><td class=\"ccargos\">Instrutor Profissional de Pintura em Tela<\/td>\r\n<td class=\"cvagas\">CR<\/td>\r\n<td class=\"cremuneracao\">R$ 1.836,08 \/40h<\/td>\r\n<\/tr>\r\n    <\/tbody>\r\n  <\/table>\r\n<\/div>","_medio":"<div>\r\n<table class=\"quadro\">\r\n<thead>\r\n<tr>\r\n<th class=\"hcargo\">Cargo<\/th>\r\n<th class=\"hvagas\">Vagas<\/th>\r\n<th class=\"hremuneracao\">Remunera\u00e7\u00e3o<\/th>\r\n<\/tr>\r\n<\/thead>\r\n    <tbody>\r\n      <td class=\"ccargos\">Administrativos Escolares (Secret\u00e1rio Escolar)<\/td>\r\n<td class=\"cvagas\">CR<\/td>\r\n<td class=\"cremuneracao\">R$ 0,00 \/<\/td>\r\n<\/tr><td class=\"ccargos\">Auxiliar de Ensino<\/td>\r\n<td class=\"cvagas\">40 + CR<\/td>\r\n<td class=\"cremuneracao\">R$ 2.564,02 \/40h<\/td>\r\n<\/tr>\r\n    <\/tbody>\r\n  <\/table>\r\n<\/div>","_superior":"<div>\r\n<table class=\"quadro\">\r\n<thead>\r\n<tr>\r\n<th class=\"hcargo\">Cargo<\/th>\r\n<th class=\"hvagas\">Vagas<\/th>\r\n<th class=\"hremuneracao\">Remunera\u00e7\u00e3o<\/th>\r\n<\/tr>\r\n<\/thead>\r\n    <tbody>\r\n      <tr>\r\n<td class=\"ccargos\">Professor de Educa\u00e7\u00e3o Infantil<\/td>\r\n<td class=\"cvagas\">45 + CR<\/td>\r\n<td class=\"cremuneracao\">R$ 5.841,32 \/40h<\/td>\r\n<\/tr><tr>\r\n<td class=\"ccargos\">Professor de Anos Iniciais (1\u00ba ao 5\u00ba ano)<\/td>\r\n<td class=\"cvagas\">30 + CR<\/td>\r\n<td class=\"cremuneracao\">R$ 5.841,32 \/40h<\/td>\r\n<\/tr><tr>\r\n<td class=\"ccargos\">Professor de L\u00edngua Portuguesa (Ensino Fundamental do 6\u00ba ao 9\u00ba ano)<\/td>\r\n<td class=\"cvagas\">02 + CR<\/td>\r\n<td class=\"cremuneracao\">R$ 5.841,32 \/40h<\/td>\r\n<\/tr><tr>\r\n<td class=\"ccargos\">Professor de Matem\u00e1tica (Ensino Fundamental do 6\u00ba ao 9\u00ba ano)<\/td>\r\n<td class=\"cvagas\">02 + CR<\/td>\r\n<td class=\"cremuneracao\">R$ 5.841,32 \/40h<\/td>\r\n<\/tr><tr>\r\n<td class=\"ccargos\">Professor de Educa\u00e7\u00e3o F\u00edsica (Educa\u00e7\u00e3o Infantil e Ensino Fundamental do 1\u00ba ao 9\u00ba ano)<\/td>\r\n<td class=\"cvagas\">12 + CR<\/td>\r\n<td class=\"cremuneracao\">R$ 5.841,32 \/40h<\/td>\r\n<\/tr><tr>\r\n<td class=\"ccargos\">Professor de Hist\u00f3ria (Ensino Fundamental do 6\u00ba ao 9\u00ba ano)<\/td>\r\n<td class=\"cvagas\">02 + CR<\/td>\r\n<td class=\"cremuneracao\">R$ 5.841,32 \/40h<\/td>\r\n<\/tr><tr>\r\n<td class=\"ccargos\">Professor de Geografia (Ensino Fundamental do 6\u00ba ao 9\u00ba ano)<\/td>\r\n<td class=\"cvagas\">CR<\/td>\r\n<td class=\"cremuneracao\">R$ 5.841,32 \/40h<\/td>\r\n<\/tr><tr>\r\n<td class=\"ccargos\">Professor de Ensino Religioso (Ensino Fundamental do 6\u00ba ao 9\u00ba ano)<\/td>\r\n<td class=\"cvagas\">CR<\/td>\r\n<td class=\"cremuneracao\">R$ 5.841,32 \/40h<\/td>\r\n<\/tr><tr>\r\n<td class=\"ccargos\">Professor de L\u00edngua Inglesa (Ensino Fundamental do 1\u00ba ao 9\u00ba ano)<\/td>\r\n<td class=\"cvagas\">03 + CR<\/td>\r\n<td class=\"cremuneracao\">R$ 5.841,32 \/40h<\/td>\r\n<\/tr><tr>\r\n<td class=\"ccargos\">Professor de Ci\u00eancias (Ensino Fundamental do 6\u00ba ao 9\u00ba ano)<\/td>\r\n<td class=\"cvagas\">02 + CR<\/td>\r\n<td class=\"cremuneracao\">R$ 5.841,32 \/40h<\/td>\r\n<\/tr><tr>\r\n<td class=\"ccargos\">Professor de Arte (Educa\u00e7\u00e3o Infantil e Ensino Fundamental do 1\u00ba ao 9\u00ba ano)<\/td>\r\n<td class=\"cvagas\">06 + CR<\/td>\r\n<td class=\"cremuneracao\">R$ 5.841,32 \/40h<\/td>\r\n<\/tr><tr>\r\n<td class=\"ccargos\">Professor de Educa\u00e7\u00e3o Especial: AEE<\/td>\r\n<td class=\"cvagas\">02 + CR<\/td>\r\n<td class=\"cremuneracao\">R$ 5.841,32 \/40h<\/td>\r\n<\/tr><tr>\r\n<td class=\"ccargos\">Professor de Educa\u00e7\u00e3o Especial: Libras<\/td>\r\n<td class=\"cvagas\">CR<\/td>\r\n<td class=\"cremuneracao\">R$ 5.841,32 \/40h<\/td>\r\n<\/tr><tr>\r\n<td class=\"ccargos\">Coordenador Pedag\u00f3gico<\/td>\r\n<td class=\"cvagas\">CR<\/td>\r\n<td class=\"cremuneracao\">R$ 5.841,32 \/40h<\/td>\r\n<\/tr><tr>\r\n<td class=\"ccargos\">Psicopedagogo<\/td>\r\n<td class=\"cvagas\">CR<\/td>\r\n<td class=\"cremuneracao\">R$ 5.841,32 \/40h<\/td>\r\n<\/tr><tr>\r\n<td class=\"ccargos\">Assistente Social<\/td>\r\n<td class=\"cvagas\">01 + CR<\/td>\r\n<td class=\"cremuneracao\">R$ 3.674,95 \/30h<\/td>\r\n<\/tr><tr>\r\n<td class=\"ccargos\">Nutricionista<\/td>\r\n<td class=\"cvagas\">01 + CR<\/td>\r\n<td class=\"cremuneracao\">R$ 4.899,93 \/40h<\/td>\r\n<\/tr><tr>\r\n<td class=\"ccargos\">Psic\u00f3logo<\/td>\r\n<td class=\"cvagas\">CR<\/td>\r\n<td class=\"cremuneracao\">R$ 4.899,93 \/40h<\/td>\r\n<\/tr><tr>\r\n<td class=\"ccargos\">Fonoaudi\u00f3logo<\/td>\r\n<td class=\"cvagas\">01 + CR<\/td>\r\n<td class=\"cremuneracao\">R$ 4.899,93 \/40h<\/td>\r\n<\/tr>\r\n    <\/tbody>\r\n  <\/table>\r\n<\/div>"},"_links":{"self":[{"href":"https:\/\/www.agrobase.com.br\/concursos\/wp-json\/wp\/v2\/posts\/273715","targetHints":{"allow":["GET"]}}],"collection":[{"href":"https:\/\/www.agrobase.com.br\/concursos\/wp-json\/wp\/v2\/posts"}],"about":[{"href":"https:\/\/www.agrobase.com.br\/concursos\/wp-json\/wp\/v2\/types\/post"}],"author":[{"embeddable":true,"href":"https:\/\/www.agrobase.com.br\/concursos\/wp-json\/wp\/v2\/users\/7"}],"replies":[{"embeddable":true,"href":"https:\/\/www.agrobase.com.br\/concursos\/wp-json\/wp\/v2\/comments?post=273715"}],"version-history":[{"count":1,"href":"https:\/\/www.agrobase.com.br\/concursos\/wp-json\/wp\/v2\/posts\/273715\/revisions"}],"predecessor-version":[{"id":273717,"href":"https:\/\/www.agrobase.com.br\/concursos\/wp-json\/wp\/v2\/posts\/273715\/revisions\/273717"}],"wp:featuredmedia":[{"embeddable":true,"href":"https:\/\/www.agrobase.com.br\/concursos\/wp-json\/wp\/v2\/media\/273714"}],"wp:attachment":[{"href":"https:\/\/www.agrobase.com.br\/concursos\/wp-json\/wp\/v2\/media?parent=273715"}],"wp:term":[{"taxonomy":"category","embeddable":true,"href":"https:\/\/www.agrobase.com.br\/concursos\/wp-json\/wp\/v2\/categories?post=273715"},{"taxonomy":"post_tag","embeddable":true,"href":"https:\/\/www.agrobase.com.br\/concursos\/wp-json\/wp\/v2\/tags?post=273715"},{"taxonomy":"_amplo","embeddable":true,"href":"https:\/\/www.agrobase.com.br\/concursos\/wp-json\/wp\/v2\/_amplo?post=273715"},{"taxonomy":"destaque","embeddable":true,"href":"https:\/\/www.agrobase.com.br\/concursos\/wp-json\/wp\/v2\/destaque?post=273715"},{"taxonomy":"instituicoes","embeddable":true,"href":"https:\/\/www.agrobase.com.br\/concursos\/wp-json\/wp\/v2\/instituicoes?post=273715"}],"curies":[{"name":"wp","href":"https:\/\/api.w.org\/{rel}","templated":true}]}}