{"id":273680,"date":"2025-11-11T08:10:58","date_gmt":"2025-11-11T11:10:58","guid":{"rendered":"https:\/\/www.agrobase.com.br\/concursos\/?p=273680"},"modified":"2025-11-10T15:33:45","modified_gmt":"2025-11-10T18:33:45","slug":"prefeitura-sertao-santana-rs-concurso-01-2025-2","status":"publish","type":"post","link":"https:\/\/www.agrobase.com.br\/concursos\/2025\/prefeitura-sertao-santana-rs-concurso-01-2025-2\/","title":{"rendered":"Prefeitura Sert\u00e3o Santana (RS) &#8211; Concurso 01\/2025"},"content":{"rendered":"<h2>Informa\u00e7\u00f5es Gerais<\/h2>\n<p>O <strong>Concurso P\u00fablico do Munic\u00edpio de Sert\u00e3o Santana (Edital n\u00ba 01\/2025)<\/strong> foi oficialmente publicado, sob execu\u00e7\u00e3o do Instituto Legalle. O certame visa ao <strong>provimento de 19 vagas imediatas e forma\u00e7\u00e3o de cadastro reserva<\/strong> para diversos cargos do quadro geral de servidores municipais, abrangendo n\u00edveis <strong>fundamental, m\u00e9dio\/t\u00e9cnico e superior<\/strong>. A sele\u00e7\u00e3o ocorrer\u00e1 sob o <em>Regime Estatut\u00e1rio<\/em>, conforme a legisla\u00e7\u00e3o municipal vigente.<\/p>\n<p>As oportunidades contemplam \u00e1reas administrativas, educacionais e da sa\u00fade, com destaque para cargos como <strong>Nutricionista<\/strong> e <strong>Veterin\u00e1rio<\/strong>, de interesse especial para profissionais das ci\u00eancias agr\u00e1rias e da sa\u00fade p\u00fablica. As remunera\u00e7\u00f5es variam de <strong>R$ 2.155,42 a R$ 4.560,91<\/strong>, com jornadas de 20h a 40h semanais, conforme o cargo.<\/p>\n<p>O concurso representa uma excelente oportunidade para quem busca estabilidade e desenvolvimento profissional no servi\u00e7o p\u00fablico municipal. A seguir, confira as informa\u00e7\u00f5es completas sobre inscri\u00e7\u00f5es, etapas e resultados.<\/p>\n<h2>Inscri\u00e7\u00f5es<\/h2>\n<p>As inscri\u00e7\u00f5es para o Concurso P\u00fablico de Sert\u00e3o Santana estar\u00e3o <strong>abertas de 27 de outubro a 17 de novembro de 2025, at\u00e9 \u00e0s 18h<\/strong>, exclusivamente pela internet, no site <a href=\"https:\/\/www.institutolegalle.org.br\" target=\"_blank\" rel=\"noopener\">www.institutolegalle.org.br<\/a>. O candidato deve preencher o formul\u00e1rio eletr\u00f4nico, gerar o boleto banc\u00e1rio e efetuar o pagamento dentro do prazo estipulado.<\/p>\n<p>As taxas de inscri\u00e7\u00e3o variam conforme o n\u00edvel de escolaridade: <strong>R$ 46,21<\/strong> para cargos de n\u00edvel fundamental, <strong>R$ 115,54<\/strong> para m\u00e9dio\/t\u00e9cnico e <strong>R$ 231,09<\/strong> para superior. O pagamento dever\u00e1 ser realizado em qualquer ag\u00eancia banc\u00e1ria, sendo vedadas transfer\u00eancias, dep\u00f3sitos ou agendamentos.<\/p>\n<p>Pedidos de <strong>isen\u00e7\u00e3o da taxa<\/strong> poder\u00e3o ser feitos entre <strong>27 e 31 de outubro de 2025<\/strong>, conforme crit\u00e9rios previstos no edital. A Prefeitura disponibilizar\u00e1 computador com acesso \u00e0 internet para candidatos sem recursos tecnol\u00f3gicos, no endere\u00e7o Rua 24 de Mar\u00e7o, 1890, Centro, Sert\u00e3o Santana\/RS, em dias \u00fateis.<\/p>\n<p>Ap\u00f3s o pagamento, o candidato deve acompanhar a <strong>homologa\u00e7\u00e3o da inscri\u00e7\u00e3o<\/strong> no site do Instituto Legalle, onde tamb\u00e9m ser\u00e3o divulgados todos os comunicados oficiais. Recomenda-se a leitura atenta do edital completo antes de finalizar a inscri\u00e7\u00e3o.<\/p>\n<h2>Etapas e Provas<\/h2>\n<p>O processo seletivo ser\u00e1 composto por at\u00e9 tr\u00eas etapas, conforme o cargo pretendido:<\/p>\n<ul>\n<li><strong>Prova Te\u00f3rico-Objetiva<\/strong> \u2013 de car\u00e1ter eliminat\u00f3rio e classificat\u00f3rio, aplicada a todos os cargos. Contar\u00e1 com 20 a 40 quest\u00f5es de m\u00faltipla escolha, abrangendo <em>L\u00edngua Portuguesa, Matem\u00e1tica, Inform\u00e1tica, Legisla\u00e7\u00e3o, Atualidades<\/em> e <em>Conhecimentos Espec\u00edficos<\/em>. A prova valer\u00e1 at\u00e9 100 pontos, sendo necess\u00e1rio atingir pelo menos 50% da pontua\u00e7\u00e3o total para aprova\u00e7\u00e3o.<\/li>\n<li><strong>Prova Pr\u00e1tica<\/strong> \u2013 de car\u00e1ter eliminat\u00f3rio e classificat\u00f3rio, destinada aos cargos de <em>Motorista<\/em> e <em>Operador de M\u00e1quinas<\/em>. Avaliar\u00e1 a execu\u00e7\u00e3o de tarefas t\u00edpicas das fun\u00e7\u00f5es, com pontua\u00e7\u00e3o m\u00e1xima de 20 pontos. O candidato dever\u00e1 apresentar CNH compat\u00edvel com o cargo e alcan\u00e7ar, no m\u00ednimo, 50% de aproveitamento.<\/li>\n<li><strong>Prova de T\u00edtulos<\/strong> \u2013 de car\u00e1ter classificat\u00f3rio, exclusiva para cargos do magist\u00e9rio e de <em>Psicopedagogo<\/em>. Ser\u00e3o aceitos t\u00edtulos de p\u00f3s-gradua\u00e7\u00e3o (especializa\u00e7\u00e3o, mestrado ou doutorado), com pontua\u00e7\u00e3o m\u00e1xima de 10 pontos, enviados eletronicamente pelo portal do candidato.<\/li>\n<\/ul>\n<p>As provas te\u00f3ricas est\u00e3o previstas para <strong>11 de janeiro de 2026<\/strong>, conforme cronograma oficial. Recomenda-se a leitura do edital para detalhes sobre conte\u00fados, crit\u00e9rios de corre\u00e7\u00e3o e prazos de recursos.<\/p>\n<h2>Resultados e Gabarito<\/h2>\n<p>Os <strong>gabaritos preliminares<\/strong> da prova te\u00f3rico-objetiva ser\u00e3o divulgados em <strong>12 de janeiro de 2026<\/strong>, com prazo de recursos entre <strong>13 e 15 de janeiro<\/strong>. O <strong>gabarito oficial<\/strong> e as <strong>notas preliminares<\/strong> das provas te\u00f3ricas e de t\u00edtulos est\u00e3o previstos para <strong>23 de janeiro de 2026<\/strong>. Ap\u00f3s an\u00e1lise dos recursos, as <strong>notas oficiais<\/strong> ser\u00e3o publicadas em <strong>29 de janeiro de 2026<\/strong>.<\/p>\n<p>Para os cargos com prova pr\u00e1tica, as notas preliminares ser\u00e3o divulgadas em <strong>16 de fevereiro de 2026<\/strong>, com recursos entre <strong>17 e 19 de fevereiro<\/strong>. A homologa\u00e7\u00e3o final dos resultados est\u00e1 prevista para <strong>26 de fevereiro de 2026<\/strong>.<\/p>\n<p>A classifica\u00e7\u00e3o final considerar\u00e1 a soma das notas obtidas nas provas aplic\u00e1veis, observando crit\u00e9rios de desempate como maior idade (para candidatos com 60 anos ou mais), maior nota nas provas e, se necess\u00e1rio, sorteio p\u00fablico. A <strong>homologa\u00e7\u00e3o do concurso<\/strong> ser\u00e1 publicada no site do Instituto Legalle e no portal oficial do Munic\u00edpio.<\/p>\n<p>Os candidatos aprovados dever\u00e3o acompanhar as <strong>convoca\u00e7\u00f5es para nomea\u00e7\u00e3o<\/strong> no <a href=\"https:\/\/www.sertaosantana.rs.gov.br\" target=\"_blank\" rel=\"noopener\">site da Prefeitura de Sert\u00e3o Santana<\/a> e no Di\u00e1rio Oficial. O acompanhamento das publica\u00e7\u00f5es oficiais \u00e9 de responsabilidade exclusiva do candidato.<\/p>\n","protected":false},"excerpt":{"rendered":"<p>Concurso Pref. Sert\u00e3o Santana (RS) com edital publicado! Vagas p\/ Professor e Enfermeiro (Fund. a Sup.). Inscri\u00e7\u00f5es a partir de 27\/10. Confira detalhes!<\/p>\n","protected":false},"author":7,"featured_media":273679,"comment_status":"open","ping_status":"open","sticky":false,"template":"","format":"standard","meta":{"_acf_changed":false,"_breakdance_hide_in_design_set":false,"_breakdance_tags":"","footnotes":""},"categories":[3,6433,9,10,117,141,6434,12,18,19,111,100,20,6871,116,22,23,24,25,26,101,108],"tags":[58],"_amplo":[],"destaque":[],"instituicoes":[],"class_list":["post-273680","post","type-post","status-publish","format-standard","has-post-thumbnail","hentry","category-administracao","category-biologia-licenciatura","category-ciencias-contabeis","category-direito","category-economia","category-educacao-artistica","category-educacao-fisica-licenciatura","category-enfermagem","category-fisioterapia","category-fonoaudiologia","category-geografia","category-historia","category-letras","category-letras-ingles","category-matematica","category-veterinaria","category-nutricao","category-odontologia","category-pedagogia","category-psicologia","category-servico-social","category-tecnico-enfermagem","tag-rio-grande-sul"],"acf":{"_tipo_vagas":"vagas","_numero_vagas":"","_quadro_vagas":"","_cargos":"diversos","_cargos_especificos":"","_salario_max":"R$ 4560.91","_abertura":"20251027","_encerramento":"20251117","_inscricoes":"https:\/\/www.institutolegalle.org.br","_executora_concurso":"","_instituicao_concurso":[],"_link_adicional":null,"_anexos":null,"_produtos":null,"_vagas":"19 vagas + CR","_salario_min":"R$ 2155.42","_instituicao":"Prefeitura de Sert\u00e3o Santana","_edital":"https:\/\/www.agrobase.com.br\/concursos\/wp-content\/uploads\/sites\/4\/2025\/11\/edital-01-2025-prefeitura-de-sertao-santana-rs.pdf","_anexos_edital":"https:\/\/www.agrobase.com.br\/concursos\/wp-content\/uploads\/sites\/4\/2025\/11\/anexos-edital-01-2025-prefeitura-de-sertao-santana-rs.pdf","_fund_incompleto":"<div>\r\n<table class=\"quadro\">\r\n<thead>\r\n<tr>\r\n<th class=\"hcargo\">Cargo<\/th>\r\n<th class=\"hvagas\">Vagas<\/th>\r\n<th class=\"hremuneracao\">Remunera\u00e7\u00e3o<\/th>\r\n<\/tr>\r\n<\/thead>\r\n    <tbody>\r\n      <td class=\"ccargos\">\r\n<span data-balloon-length=\"medium\" data-balloon-pos=\"up\">Motorista<\/span><\/td>\r\n<td class=\"cvagas\">01 + CR<\/td>\r\n<td class=\"cremuneracao\">R$ 2.454,68 \/40h<\/td>\r\n<\/tr><td class=\"ccargos\">\r\n<span data-balloon-length=\"medium\" data-balloon-pos=\"up\">Operador de M\u00e1quinas<\/span><\/td>\r\n<td class=\"cvagas\">01 + CR<\/td>\r\n<td class=\"cremuneracao\">R$ 2.695,13 \/40h<\/td>\r\n<\/tr><td class=\"ccargos\">\r\n<span data-balloon-length=\"medium\" aria-label=\"\" data-balloon-pos=\"up\">Oper\u00e1rio<\/span><\/td>\r\n<td class=\"cvagas\">01 + CR<\/td>\r\n<td class=\"cremuneracao\">R$ 2.213,68 \/40h<\/td>\r\n<\/tr><td class=\"ccargos\">\r\n<span data-balloon-length=\"medium\" aria-label=\"\" data-balloon-pos=\"up\">Servente<\/span><\/td>\r\n<td class=\"cvagas\">01 + CR<\/td>\r\n<td class=\"cremuneracao\">R$ 2.155,42 \/40h<\/td>\r\n<\/tr><td class=\"ccargos\">\r\n<span data-balloon-length=\"medium\" aria-label=\"\" data-balloon-pos=\"up\">Vigilante<\/span><\/td>\r\n<td class=\"cvagas\">CR<\/td>\r\n<td class=\"cremuneracao\">R$ 2.695,13 \/40h<\/td>\r\n<\/tr>\r\n    <\/tbody>\r\n  <\/table>\r\n<\/div>","_fund_completo":"<div>\r\n<table class=\"quadro\">\r\n<thead>\r\n<tr>\r\n<th class=\"hcargo\">Cargo<\/th>\r\n<th class=\"hvagas\">Vagas<\/th>\r\n<th class=\"hremuneracao\">Remunera\u00e7\u00e3o<\/th>\r\n<\/tr>\r\n<\/thead>\r\n    <tbody>\r\n      <td class=\"ccargos\">\r\n<span data-balloon-length=\"medium\" aria-label=\"\" data-balloon-pos=\"up\">Agente Administrativo Auxiliar<\/span><\/td>\r\n<td class=\"cvagas\">01 + CR<\/td>\r\n<td class=\"cremuneracao\">R$ 2.295,14 \/40h<\/td>\r\n<\/tr>\r\n    <\/tbody>\r\n  <\/table>\r\n<\/div>","_medio":"<div>\r\n<table class=\"quadro\">\r\n<thead>\r\n<tr>\r\n<th class=\"hcargo\">Cargo<\/th>\r\n<th class=\"hvagas\">Vagas<\/th>\r\n<th class=\"hremuneracao\">Remunera\u00e7\u00e3o<\/th>\r\n<\/tr>\r\n<\/thead>\r\n    <tbody>\r\n      <td class=\"ccargos\">\r\n<span data-balloon-length=\"medium\" aria-label=\"\" data-balloon-pos=\"up\">Agente Administrativo<\/span><\/td>\r\n<td class=\"cvagas\">01 + CR<\/td>\r\n<td class=\"cremuneracao\">R$ 2.971,85 \/40h<\/td>\r\n<\/tr><td class=\"ccargos\">\r\n<span data-balloon-length=\"medium\" aria-label=\"\" data-balloon-pos=\"up\">Fiscal de A\u00e7\u00f5es e Servi\u00e7os de Sa\u00fade<\/span><\/td>\r\n<td class=\"cvagas\">01 + CR<\/td>\r\n<td class=\"cremuneracao\">R$ 2.971,85 \/40h<\/td>\r\n<\/tr><td class=\"ccargos\">\r\n<span data-balloon-length=\"medium\" aria-label=\"Curso de T\u00e9cnico em Enfermagem.\" data-balloon-pos=\"up\">T\u00e9cnico de Enfermagem<\/span><\/td>\r\n<td class=\"cvagas\">01 + CR<\/td>\r\n<td class=\"cremuneracao\">R$ 2.971,85 \/40h<\/td>\r\n<\/tr><td class=\"ccargos\">\r\n<span data-balloon-length=\"medium\" aria-label=\"\" data-balloon-pos=\"up\">Tesoureiro<\/span><\/td>\r\n<td class=\"cvagas\">CR<\/td>\r\n<td class=\"cremuneracao\">R$ 3.289,36 \/40h<\/td>\r\n<\/tr>\r\n    <\/tbody>\r\n  <\/table>\r\n<\/div>","_superior":"<div>\r\n<table class=\"quadro\">\r\n<thead>\r\n<tr>\r\n<th class=\"hcargo\">Cargo<\/th>\r\n<th class=\"hvagas\">Vagas<\/th>\r\n<th class=\"hremuneracao\">Remunera\u00e7\u00e3o<\/th>\r\n<\/tr>\r\n<\/thead>\r\n    <tbody>\r\n      <tr>\r\n<td class=\"ccargos\">\r\n<span data-balloon-length=\"medium\" aria-label=\"Curso Superior em Ci\u00eancias Cont\u00e1beis; Administra\u00e7\u00e3o, Economia ou Direito; Registro v\u00e1lido no \u00f3rg\u00e3o de classe respectivo.\" data-balloon-pos=\"up\">Agente de Controle Interno<\/span><\/td>\r\n<td class=\"cvagas\">CR<\/td>\r\n<td class=\"cremuneracao\">R$ 4.560,91 \/40h<\/td>\r\n<\/tr><tr>\r\n<td class=\"ccargos\">\r\n<span data-balloon-length=\"medium\" aria-label=\"Curso Superior em Assist\u00eancia Social e\/ou Servi\u00e7o Social; Registro junto ao \u00f3rg\u00e3o da Classe.\" data-balloon-pos=\"up\">Assistente Social<\/span><\/td>\r\n<td class=\"cvagas\">01 + CR<\/td>\r\n<td class=\"cremuneracao\">R$ 4.030,44 \/20h<\/td>\r\n<\/tr><tr>\r\n<td class=\"ccargos\">\r\n<span data-balloon-length=\"medium\" aria-label=\"Curso Superior em Ci\u00eancias Cont\u00e1beis; Registro junto ao \u00f3rg\u00e3o de Classe.\" data-balloon-pos=\"up\">Contador<\/span><\/td>\r\n<td class=\"cvagas\">CR<\/td>\r\n<td class=\"cremuneracao\">R$ 4.560,91 \/40h<\/td>\r\n<\/tr><tr>\r\n<td class=\"ccargos\">\r\n<span data-balloon-length=\"medium\" aria-label=\"Curso Superior em Enfermagem e Registro Profissional no COREN.\" data-balloon-pos=\"up\">Enfermeiro<\/span><\/td>\r\n<td class=\"cvagas\">01 + CR<\/td>\r\n<td class=\"cremuneracao\">R$ 4.560,91 \/40h<\/td>\r\n<\/tr><tr>\r\n<td class=\"ccargos\">\r\n<span data-balloon-length=\"medium\" aria-label=\"Curso Superior em Fisioterapia; Registro junto ao \u00d3rg\u00e3o da Classe.\" data-balloon-pos=\"up\">Fisioterapeuta<\/span><\/td>\r\n<td class=\"cvagas\">01 + CR<\/td>\r\n<td class=\"cremuneracao\">R$ 4.030,44 \/20h<\/td>\r\n<\/tr><tr>\r\n<td class=\"ccargos\">\r\n<span data-balloon-length=\"medium\" aria-label=\"Curso Superior em Fonoaudiologia; Registro junto ao \u00f3rg\u00e3o da Classe.\" data-balloon-pos=\"up\">Fonoaudi\u00f3logo<\/span><\/td>\r\n<td class=\"cvagas\">CR<\/td>\r\n<td class=\"cremuneracao\">R$ 4.030,44 \/20h<\/td>\r\n<\/tr><tr>\r\n<td class=\"ccargos\">\r\n<span data-balloon-length=\"medium\" aria-label=\"Curso Superior em Nutri\u00e7\u00e3o; Registro junto ao \u00f3rg\u00e3o da Classe.\" data-balloon-pos=\"up\">Nutricionista<\/span><\/td>\r\n<td class=\"cvagas\">01 + CR<\/td>\r\n<td class=\"cremuneracao\">R$ 4.030,44 \/20h<\/td>\r\n<\/tr><tr>\r\n<td class=\"ccargos\">\r\n<span data-balloon-length=\"medium\" aria-label=\"Curso Superior em Odontologia; Registro junto ao \u00d3rg\u00e3o da Classe.\" data-balloon-pos=\"up\">Odont\u00f3logo<\/span><\/td>\r\n<td class=\"cvagas\">01 + CR<\/td>\r\n<td class=\"cremuneracao\">R$ 4.030,44 \/20h<\/td>\r\n<\/tr><tr>\r\n<td class=\"ccargos\">\r\n<span data-balloon-length=\"medium\" aria-label=\"Forma\u00e7\u00e3o em curso superior de gradua\u00e7\u00e3o plena com habilita\u00e7\u00e3o espec\u00edfica para o n\u00edvel.\" data-balloon-pos=\"up\">Professor de Anos Iniciais<\/span><\/td>\r\n<td class=\"cvagas\">01 + CR<\/td>\r\n<td class=\"cremuneracao\">R$ 2.739,08 \/20h<\/td>\r\n<\/tr><tr>\r\n<td class=\"ccargos\">\r\n<span data-balloon-length=\"medium\" aria-label=\"Forma\u00e7\u00e3o em curso superior de gradua\u00e7\u00e3o plena correspondente \u00e0 \u00e1rea de conhecimento espec\u00edfico ou disciplina respectiva ou complementa\u00e7\u00e3o pedag\u00f3gica, nos termos da legisla\u00e7\u00e3o vigente.\" data-balloon-pos=\"up\">Professor de Artes<\/span><\/td>\r\n<td class=\"cvagas\">01 + CR<\/td>\r\n<td class=\"cremuneracao\">R$ 2.739,08 \/20h<\/td>\r\n<\/tr><tr>\r\n<td class=\"ccargos\">\r\n<span data-balloon-length=\"medium\" aria-label=\"Forma\u00e7\u00e3o em curso Superior em Licenciatura Plena acompanhada de P\u00f3s-Gradua\u00e7\u00e3o em Atendimento Educacional Especializado ou Educa\u00e7\u00e3o Especial e Inclusiva, com carga hor\u00e1ria m\u00ednima de 360h.\" data-balloon-pos=\"up\">Professor de Atendimento Educacional Especializado (AEE)<\/span><\/td>\r\n<td class=\"cvagas\">01 + CR<\/td>\r\n<td class=\"cremuneracao\">R$ 2.739,08 \/20h<\/td>\r\n<\/tr><tr>\r\n<td class=\"ccargos\">\r\n<span data-balloon-length=\"medium\" aria-label=\"Forma\u00e7\u00e3o em curso superior de gradua\u00e7\u00e3o plena correspondente \u00e0 \u00e1rea de conhecimento espec\u00edfico ou disciplina respectiva ou complementa\u00e7\u00e3o pedag\u00f3gica, nos termos da legisla\u00e7\u00e3o vigente.\" data-balloon-pos=\"up\">Professor de Ci\u00eancias<\/span><\/td>\r\n<td class=\"cvagas\">01 + CR<\/td>\r\n<td class=\"cremuneracao\">R$ 2.739,08 \/20h<\/td>\r\n<\/tr><tr>\r\n<td class=\"ccargos\">\r\n<span data-balloon-length=\"medium\" aria-label=\"Forma\u00e7\u00e3o em curso superior de gradua\u00e7\u00e3o plena correspondente \u00e0 \u00e1rea de conhecimento espec\u00edfico ou disciplina respectiva ou complementa\u00e7\u00e3o pedag\u00f3gica, nos termos da legisla\u00e7\u00e3o vigente.\" data-balloon-pos=\"up\">Professor de Educa\u00e7\u00e3o F\u00edsica<\/span><\/td>\r\n<td class=\"cvagas\">CR<\/td>\r\n<td class=\"cremuneracao\">R$ 2.739,08 \/20h<\/td>\r\n<\/tr><tr>\r\n<td class=\"ccargos\">\r\n<span data-balloon-length=\"medium\" aria-label=\"Forma\u00e7\u00e3o em curso superior de gradua\u00e7\u00e3o plena com habilita\u00e7\u00e3o espec\u00edfica para o n\u00edvel.\" data-balloon-pos=\"up\">Professor de Educa\u00e7\u00e3o Infantil<\/span><\/td>\r\n<td class=\"cvagas\">01 + CR<\/td>\r\n<td class=\"cremuneracao\">R$ 2.739,08 \/20h<\/td>\r\n<\/tr><tr>\r\n<td class=\"ccargos\">\r\n<span data-balloon-length=\"medium\" aria-label=\"Forma\u00e7\u00e3o em curso superior de gradua\u00e7\u00e3o plena correspondente \u00e0 \u00e1rea de conhecimento espec\u00edfico ou disciplina respectiva ou complementa\u00e7\u00e3o pedag\u00f3gica, nos termos da legisla\u00e7\u00e3o vigente.\" data-balloon-pos=\"up\">Professor de Ensino Religioso<\/span><\/td>\r\n<td class=\"cvagas\">CR<\/td>\r\n<td class=\"cremuneracao\">R$ 2.739,08 \/20h<\/td>\r\n<\/tr><tr>\r\n<td class=\"ccargos\">\r\n<span data-balloon-length=\"medium\" aria-label=\"Forma\u00e7\u00e3o em curso superior de gradua\u00e7\u00e3o plena correspondente \u00e0 \u00e1rea de conhecimento espec\u00edfico ou disciplina respectiva ou complementa\u00e7\u00e3o pedag\u00f3gica, nos termos da legisla\u00e7\u00e3o vigente.\" data-balloon-pos=\"up\">Professor de Geografia<\/span><\/td>\r\n<td class=\"cvagas\">CR<\/td>\r\n<td class=\"cremuneracao\">R$ 2.739,08 \/20h<\/td>\r\n<\/tr><tr>\r\n<td class=\"ccargos\">\r\n<span data-balloon-length=\"medium\" aria-label=\"Forma\u00e7\u00e3o em curso superior de gradua\u00e7\u00e3o plena correspondente \u00e0 \u00e1rea de conhecimento espec\u00edfico ou disciplina respectiva ou complementa\u00e7\u00e3o pedag\u00f3gica, nos termos da legisla\u00e7\u00e3o vigente.\" data-balloon-pos=\"up\">Professor de Hist\u00f3ria<\/span><\/td>\r\n<td class=\"cvagas\">01 + CR<\/td>\r\n<td class=\"cremuneracao\">R$ 2.739,08 \/20h<\/td>\r\n<\/tr><tr>\r\n<td class=\"ccargos\">\r\n<span data-balloon-length=\"medium\" aria-label=\"Forma\u00e7\u00e3o em curso superior de gradua\u00e7\u00e3o plena correspondente \u00e0 \u00e1rea de conhecimento espec\u00edfico ou disciplina respectiva ou complementa\u00e7\u00e3o pedag\u00f3gica, nos termos da legisla\u00e7\u00e3o vigente.\" data-balloon-pos=\"up\">Professor de L\u00edngua Inglesa<\/span><\/td>\r\n<td class=\"cvagas\">01 + CR<\/td>\r\n<td class=\"cremuneracao\">R$ 2.739,08 \/20h<\/td>\r\n<\/tr><tr>\r\n<td class=\"ccargos\">\r\n<span data-balloon-length=\"medium\" aria-label=\"Forma\u00e7\u00e3o em curso superior de gradua\u00e7\u00e3o plena correspondente \u00e0 \u00e1rea de conhecimento espec\u00edfico ou disciplina respectiva ou complementa\u00e7\u00e3o pedag\u00f3gica, nos termos da legisla\u00e7\u00e3o vigente.\" data-balloon-pos=\"up\">Professor de L\u00edngua Portuguesa<\/span><\/td>\r\n<td class=\"cvagas\">01 + CR<\/td>\r\n<td class=\"cremuneracao\">R$ 2.739,08 \/20h<\/td>\r\n<\/tr><tr>\r\n<td class=\"ccargos\">\r\n<span data-balloon-length=\"medium\" aria-label=\"Forma\u00e7\u00e3o em curso superior de gradua\u00e7\u00e3o plena correspondente \u00e0 \u00e1rea de conhecimento espec\u00edfico ou disciplina respectiva ou complementa\u00e7\u00e3o pedag\u00f3gica, nos termos da legisla\u00e7\u00e3o vigente.\" data-balloon-pos=\"up\">Professor de Matem\u00e1tica<\/span><\/td>\r\n<td class=\"cvagas\">01 + CR<\/td>\r\n<td class=\"cremuneracao\">R$ 2.739,08 \/20h<\/td>\r\n<\/tr><tr>\r\n<td class=\"ccargos\">\r\n<span data-balloon-length=\"medium\" aria-label=\"Curso Superior em Psicologia; Registro junto ao \u00f3rg\u00e3o da Classe.\" data-balloon-pos=\"up\">Psic\u00f3logo<\/span><\/td>\r\n<td class=\"cvagas\">01 + CR<\/td>\r\n<td class=\"cremuneracao\">R$ 4.030,44 \/20h<\/td>\r\n<\/tr><tr>\r\n<td class=\"ccargos\">\r\n<span data-balloon-length=\"medium\" aria-label=\"Curso Superior na \u00e1rea de Pedagogia, portador de Certificado de P\u00f3s-Gradua\u00e7\u00e3o em Psicopedagogia.\" data-balloon-pos=\"up\">Psicopedagogo<\/span><\/td>\r\n<td class=\"cvagas\">01 + CR<\/td>\r\n<td class=\"cremuneracao\">R$ 4.030,44 \/20h<\/td>\r\n<\/tr><tr>\r\n<td class=\"ccargos\">\r\n<span data-balloon-length=\"medium\" aria-label=\"Curso Superior em Veterin\u00e1ria; Registro junto ao \u00f3rg\u00e3o da Classe.\" data-balloon-pos=\"up\">Veterin\u00e1rio<\/span><\/td>\r\n<td class=\"cvagas\">01 + CR<\/td>\r\n<td class=\"cremuneracao\">R$ 4.030,44 \/20h<\/td>\r\n<\/tr>\r\n    <\/tbody>\r\n  <\/table>\r\n<\/div>"},"_links":{"self":[{"href":"https:\/\/www.agrobase.com.br\/concursos\/wp-json\/wp\/v2\/posts\/273680","targetHints":{"allow":["GET"]}}],"collection":[{"href":"https:\/\/www.agrobase.com.br\/concursos\/wp-json\/wp\/v2\/posts"}],"about":[{"href":"https:\/\/www.agrobase.com.br\/concursos\/wp-json\/wp\/v2\/types\/post"}],"author":[{"embeddable":true,"href":"https:\/\/www.agrobase.com.br\/concursos\/wp-json\/wp\/v2\/users\/7"}],"replies":[{"embeddable":true,"href":"https:\/\/www.agrobase.com.br\/concursos\/wp-json\/wp\/v2\/comments?post=273680"}],"version-history":[{"count":1,"href":"https:\/\/www.agrobase.com.br\/concursos\/wp-json\/wp\/v2\/posts\/273680\/revisions"}],"predecessor-version":[{"id":273682,"href":"https:\/\/www.agrobase.com.br\/concursos\/wp-json\/wp\/v2\/posts\/273680\/revisions\/273682"}],"wp:featuredmedia":[{"embeddable":true,"href":"https:\/\/www.agrobase.com.br\/concursos\/wp-json\/wp\/v2\/media\/273679"}],"wp:attachment":[{"href":"https:\/\/www.agrobase.com.br\/concursos\/wp-json\/wp\/v2\/media?parent=273680"}],"wp:term":[{"taxonomy":"category","embeddable":true,"href":"https:\/\/www.agrobase.com.br\/concursos\/wp-json\/wp\/v2\/categories?post=273680"},{"taxonomy":"post_tag","embeddable":true,"href":"https:\/\/www.agrobase.com.br\/concursos\/wp-json\/wp\/v2\/tags?post=273680"},{"taxonomy":"_amplo","embeddable":true,"href":"https:\/\/www.agrobase.com.br\/concursos\/wp-json\/wp\/v2\/_amplo?post=273680"},{"taxonomy":"destaque","embeddable":true,"href":"https:\/\/www.agrobase.com.br\/concursos\/wp-json\/wp\/v2\/destaque?post=273680"},{"taxonomy":"instituicoes","embeddable":true,"href":"https:\/\/www.agrobase.com.br\/concursos\/wp-json\/wp\/v2\/instituicoes?post=273680"}],"curies":[{"name":"wp","href":"https:\/\/api.w.org\/{rel}","templated":true}]}}