{"id":273653,"date":"2025-11-11T07:20:36","date_gmt":"2025-11-11T10:20:36","guid":{"rendered":"https:\/\/www.agrobase.com.br\/concursos\/?p=273653"},"modified":"2025-11-10T13:07:55","modified_gmt":"2025-11-10T16:07:55","slug":"fesf-sus-ba-selecao-simplificada-01-2025","status":"publish","type":"post","link":"https:\/\/www.agrobase.com.br\/concursos\/2025\/fesf-sus-ba-selecao-simplificada-01-2025\/","title":{"rendered":"FESF-SUS (BA) &#8211; Sele\u00e7\u00e3o Simplificada 01\/2025"},"content":{"rendered":"<h2>Informa\u00e7\u00f5es Gerais<\/h2>\n<p>O processo seletivo da <strong>Funda\u00e7\u00e3o Estatal Sa\u00fade da Fam\u00edlia (FESF-SUS)<\/strong>, regido pelo <strong>Edital n\u00ba 001\/2025<\/strong>, est\u00e1 com edital publicado e visa ao preenchimento de <strong>155 vagas imediatas<\/strong>, al\u00e9m da forma\u00e7\u00e3o de cadastro reserva, para atua\u00e7\u00e3o no munic\u00edpio de Lauro de Freitas (BA). A execu\u00e7\u00e3o do certame est\u00e1 sob responsabilidade da <em>Funda\u00e7\u00e3o CEFETBAHIA<\/em>.<\/p>\n<p>As oportunidades abrangem cargos de <strong>n\u00edveis m\u00e9dio, t\u00e9cnico e superior<\/strong>, com remunera\u00e7\u00f5es que variam de <strong>R$ 1.598,76 a R$ 3.636,14<\/strong>, conforme a fun\u00e7\u00e3o. As vagas contemplam diversas \u00e1reas da sa\u00fade, incluindo <strong>Enfermagem, Fisioterapia, Nutri\u00e7\u00e3o, Odontologia, Farm\u00e1cia, Psicologia<\/strong> e <strong>Servi\u00e7o Social<\/strong>, entre outras. O regime de contrata\u00e7\u00e3o ser\u00e1 <strong>CLT por prazo determinado<\/strong>, com dura\u00e7\u00e3o inicial de at\u00e9 12 meses, prorrog\u00e1vel por igual per\u00edodo.<\/p>\n<p>O processo seletivo \u00e9 composto por <strong>etapa \u00fanica de Prova de T\u00edtulos<\/strong>, de car\u00e1ter eliminat\u00f3rio e classificat\u00f3rio. Os candidatos aprovados poder\u00e3o ser convocados conforme a necessidade da FESF-SUS durante o prazo de validade de 12 meses, prorrog\u00e1vel por mais 12. Continue a leitura para saber como se inscrever, as etapas e os prazos de divulga\u00e7\u00e3o dos resultados.<\/p>\n<h2>Inscri\u00e7\u00f5es<\/h2>\n<p>As inscri\u00e7\u00f5es para o processo seletivo da FESF-SUS estar\u00e3o abertas <strong>de 8 a 13 de novembro de 2025<\/strong>, sendo realizadas <strong>exclusivamente pela internet<\/strong>, no site da Funda\u00e7\u00e3o CEFETBAHIA (<a href=\"https:\/\/www.fundacaocefetbahia.org.br\/fesfsus\/2025\/saude\/edital_001\/selecao_saude.asp\" target=\"_blank\" rel=\"noopener\">acesse aqui<\/a>).<\/p>\n<p>Para se inscrever, o candidato deve preencher o formul\u00e1rio eletr\u00f4nico, selecionar o cargo desejado e imprimir o boleto banc\u00e1rio para pagamento da taxa de inscri\u00e7\u00e3o, que dever\u00e1 ser quitado at\u00e9 <strong>14 de novembro de 2025<\/strong> em qualquer banco integrante do Sistema de Compensa\u00e7\u00e3o Nacional. Ap\u00f3s 72 horas do pagamento, ser\u00e1 poss\u00edvel emitir a confirma\u00e7\u00e3o individual de inscri\u00e7\u00e3o no mesmo site.<\/p>\n<p>O edital prev\u00ea a possibilidade de <strong>isen\u00e7\u00e3o da taxa<\/strong>, conforme crit\u00e9rios e prazos definidos no cronograma oficial. \u00c9 importante observar que inscri\u00e7\u00f5es pagas fora do prazo ou por meios n\u00e3o especificados (como PIX, DOC ou dep\u00f3sito) n\u00e3o ser\u00e3o aceitas. Recomenda-se acompanhar o status da inscri\u00e7\u00e3o na \u00e1rea restrita do site da banca e ler atentamente o edital completo antes de finalizar o processo.<\/p>\n<h2>Etapas e Provas<\/h2>\n<p>O processo seletivo da FESF-SUS ser\u00e1 composto por <strong>etapa \u00fanica de Prova de T\u00edtulos<\/strong>, com car\u00e1ter <strong>eliminat\u00f3rio e classificat\u00f3rio<\/strong>, aplicada a todos os cargos. Essa etapa ser\u00e1 dividida em duas fases, conforme o edital.<\/p>\n<ul>\n<li><strong>Fase 1 \u2013 Eliminat\u00f3ria:<\/strong> an\u00e1lise documental obrigat\u00f3ria, incluindo identifica\u00e7\u00e3o do candidato, comprova\u00e7\u00e3o de escolaridade e registro no respectivo conselho de classe, quando aplic\u00e1vel. A aus\u00eancia de qualquer documento exigido implicar\u00e1 inabilita\u00e7\u00e3o.<\/li>\n<li><strong>Fase 2 \u2013 Classificat\u00f3ria e eliminat\u00f3ria:<\/strong> avalia\u00e7\u00e3o de t\u00edtulos acad\u00eamicos e de experi\u00eancia profissional, conforme barema espec\u00edfico de cada cargo. Ser\u00e3o considerados diplomas, certificados e comprovantes de tempo de servi\u00e7o emitidos at\u00e9 a data final das inscri\u00e7\u00f5es.<\/li>\n<\/ul>\n<p>Os documentos dever\u00e3o ser enviados exclusivamente em formato PDF, via upload no site da Funda\u00e7\u00e3o CEFETBAHIA, dentro do prazo estabelecido em aviso de convoca\u00e7\u00e3o. N\u00e3o ser\u00e3o aceitos documentos enviados por e-mail, correio ou entregues presencialmente. A pontua\u00e7\u00e3o obtida na Prova de T\u00edtulos definir\u00e1 a nota final e a classifica\u00e7\u00e3o do candidato.<\/p>\n<p>Recomenda-se a leitura completa do edital para conhecer os crit\u00e9rios de pontua\u00e7\u00e3o, prazos e regras de autentica\u00e7\u00e3o dos documentos.<\/p>\n<h2>Resultados e Gabarito<\/h2>\n<p>O cronograma do edital prev\u00ea a divulga\u00e7\u00e3o do <strong>resultado da an\u00e1lise dos t\u00edtulos<\/strong> em <strong>25 de novembro de 2025<\/strong>, com prazo para interposi\u00e7\u00e3o de recursos at\u00e9 o dia 26. O resultado final do processo seletivo est\u00e1 previsto para <strong>29 de novembro de 2025<\/strong>, seguido da homologa\u00e7\u00e3o oficial em <strong>2 de dezembro de 2025<\/strong>.<\/p>\n<p>A classifica\u00e7\u00e3o final ser\u00e1 feita por cargo e c\u00f3digo de op\u00e7\u00e3o, em ordem decrescente da nota global obtida na Prova de T\u00edtulos. Em caso de empate, ser\u00e3o aplicados os seguintes crit\u00e9rios: maior pontua\u00e7\u00e3o em experi\u00eancia profissional e, persistindo o empate, maior idade do candidato.<\/p>\n<p>Ap\u00f3s a homologa\u00e7\u00e3o, o resultado ser\u00e1 publicado no <strong>Di\u00e1rio Oficial do Estado da Bahia<\/strong> e nos sites da <a href=\"https:\/\/www.fundacaocefetbahia.org.br\/fesfsus\/2025\/saude\/edital_001\/selecao_saude.asp\" target=\"_blank\" rel=\"noopener\">Funda\u00e7\u00e3o CEFETBAHIA<\/a> e da <a href=\"https:\/\/www.fesfsus.ba.gov.br\/processos-seletivos\" target=\"_blank\" rel=\"noopener\">FESF-SUS<\/a>. As convoca\u00e7\u00f5es ocorrer\u00e3o conforme a necessidade da Funda\u00e7\u00e3o, respeitando a ordem de classifica\u00e7\u00e3o e o prazo de validade do processo seletivo.<\/p>\n<p>\u00c9 responsabilidade exclusiva do candidato acompanhar todas as publica\u00e7\u00f5es oficiais, comunicados e eventuais retifica\u00e7\u00f5es divulgadas pela banca organizadora e pela FESF-SUS.<\/p>\n","protected":false},"excerpt":{"rendered":"<p>Sel. Simplificada FESF-SUS (BA) com edital publicado! 155+CR vagas p\/ T\u00e9cnico, Enfermeiro (M\u00e9dio a Sup.). Inscri\u00e7\u00f5es a partir de 08\/11. Confira detalhes!<\/p>\n","protected":false},"author":7,"featured_media":273652,"comment_status":"open","ping_status":"open","sticky":false,"template":"","format":"standard","meta":{"_acf_changed":false,"_breakdance_hide_in_design_set":false,"_breakdance_tags":"","footnotes":""},"categories":[12,17,18,19,23,24,26,101,108,130,143,134],"tags":[42],"_amplo":[],"destaque":[],"instituicoes":[],"class_list":["post-273653","post","type-post","status-publish","format-standard","has-post-thumbnail","hentry","category-enfermagem","category-farmacia","category-fisioterapia","category-fonoaudiologia","category-nutricao","category-odontologia","category-psicologia","category-servico-social","category-tecnico-enfermagem","category-tecnico-informatica","category-tecnico-odontologia","category-terapia-ocupacional","tag-bahia"],"acf":{"_tipo_vagas":"vagas","_numero_vagas":"","_quadro_vagas":"","_cargos":"diversos","_cargos_especificos":"","_salario_max":"R$ 3636.14","_abertura":"20251108","_encerramento":"20251113","_inscricoes":"https:\/\/www.fundacaocefetbahia.org.br\/fesfsus\/2025\/saude\/edital_001\/selecao_saude.asp","_executora_concurso":"","_instituicao_concurso":[],"_link_adicional":null,"_anexos":null,"_produtos":null,"_vagas":"155 vagas","_salario_min":"R$ 1598.76","_instituicao":"Funda\u00e7\u00e3o Estatal Sa\u00fade da Fam\u00edlia (FESF-SUS)","_edital":"https:\/\/www.agrobase.com.br\/concursos\/wp-content\/uploads\/sites\/4\/2025\/11\/edital-01-2025-prefeitura-de-fesf-sus-ba.pdf","_anexos_edital":"https:\/\/www.agrobase.com.br\/concursos\/wp-content\/uploads\/sites\/4\/2025\/11\/anexos-edital-01-2025-prefeitura-de-fesf-sus-ba.pdf","_fund_incompleto":"","_fund_completo":"","_medio":"<div>\r\n<table class=\"quadro\">\r\n<thead>\r\n<tr>\r\n<th class=\"hcargo\">Cargo<\/th>\r\n<th class=\"hvagas\">Vagas<\/th>\r\n<th class=\"hremuneracao\">Remunera\u00e7\u00e3o<\/th>\r\n<\/tr>\r\n<\/thead>\r\n    <tbody>\r\n      <td class=\"ccargos\">\r\n<span data-balloon-length=\"medium\" aria-label=\"Diploma ou Certificado ou Declara\u00e7\u00e3o\/Atestado ou Hist\u00f3rico Escolar, devidamente registrado\/a, de conclus\u00e3o de ensino m\u00e9dio profissionalizante em T\u00e9cnico de Enfermagem, reconhecido pelo Minist\u00e9rio da Educa\u00e7\u00e3o (MEC), expedido\/a por institui\u00e7\u00e3o de ensino credenciada pelo MEC ou Carteira de Identidade Profissional expedida pelo \u00f3rg\u00e3o fiscalizador de exerc\u00edcio da profiss\u00e3o de T\u00e9cnico(a) de Enfermagem; Experi\u00eancia profissional como T\u00e9cnico(a) de Enfermagem, de no m\u00ednimo 6 (seis) meses, em unidade hospitalar, em institui\u00e7\u00e3o p\u00fablica e\/ou privada. OU Diploma ou Certificado ou Declara\u00e7\u00e3o\/Atestado ou Hist\u00f3rico Escolar, devidamente registrado\/a, de conclus\u00e3o de curso T\u00e9cnico de Enfermagem, reconhecido pelo Minist\u00e9rio da Educa\u00e7\u00e3o (MEC), expedido\/a por institui\u00e7\u00e3o de ensino credenciada pelo MEC ou Carteira de Identidade Profissional expedida pelo \u00f3rg\u00e3o fiscalizador de exerc\u00edcio da profiss\u00e3o de T\u00e9cnico(a) de Enfermagem; Experi\u00eancia profissional como T\u00e9cnico(a) de Enfermagem, de no m\u00ednimo 6 (seis) meses, em unidade hospitalar, em institui\u00e7\u00e3o p\u00fablica e\/ou privada.\" data-balloon-pos=\"up\">T\u00c9CNICO DE ENFERMAGEM<\/span><\/td>\r\n<td class=\"cvagas\">70<\/td>\r\n<td class=\"cremuneracao\">R$ 1.640,26 \/36h<\/td>\r\n<\/tr><td class=\"ccargos\">\r\n<span data-balloon-length=\"medium\" aria-label=\"Diploma ou Certificado ou Declara\u00e7\u00e3o\/Atestado ou Hist\u00f3rico Escolar, devidamente registrado\/a, de conclus\u00e3o de ensino m\u00e9dio profissionalizante em T\u00e9cnico de Inform\u00e1tica, reconhecido pelo Minist\u00e9rio da Educa\u00e7\u00e3o (MEC), expedido\/a por institui\u00e7\u00e3o de ensino credenciada pelo MEC; Experi\u00eancia profissional como T\u00e9cnico(a) de Inform\u00e1tica, de no m\u00ednimo 6 (seis) meses, em unidade hospitalar, em institui\u00e7\u00e3o p\u00fablica e\/ou privada. OU Diploma ou Certificado ou Declara\u00e7\u00e3o\/Atestado ou Hist\u00f3rico Escolar, devidamente registrado\/a, de conclus\u00e3o de curso T\u00e9cnico de Inform\u00e1tica, reconhecido pelo Minist\u00e9rio da Educa\u00e7\u00e3o (MEC), expedido\/a por institui\u00e7\u00e3o de ensino credenciada pelo MEC; Experi\u00eancia profissional como T\u00e9cnico(a) de Inform\u00e1tica, de no m\u00ednimo 6 (seis) meses, em unidade hospitalar, em institui\u00e7\u00e3o p\u00fablica e\/ou privada.\" data-balloon-pos=\"up\">T\u00c9CNICO DE INFORM\u00c1TICA<\/span><\/td>\r\n<td class=\"cvagas\">01<\/td>\r\n<td class=\"cremuneracao\">R$ 1.598,76 \/40h<\/td>\r\n<\/tr><td class=\"ccargos\">\r\n<span data-balloon-length=\"medium\" aria-label=\"Diploma ou Certificado ou Declara\u00e7\u00e3o\/Atestado ou Hist\u00f3rico Escolar, devidamente registrado\/a, de conclus\u00e3o do ensino m\u00e9dio, reconhecido pelo Minist\u00e9rio da Educa\u00e7\u00e3o (MEC), expedido\/a por institui\u00e7\u00e3o de ensino credenciada pelo MEC; Experi\u00eancia profissional como Atendente de Farm\u00e1cia, de no m\u00ednimo 6 (seis) meses, em institui\u00e7\u00e3o p\u00fablica e\/ou privada.\" data-balloon-pos=\"up\">ATENDENTE DE FARM\u00c1CIA<\/span><\/td>\r\n<td class=\"cvagas\">13<\/td>\r\n<td class=\"cremuneracao\">R$ 1.598,76 \/36h<\/td>\r\n<\/tr><td class=\"ccargos\">\r\n<span data-balloon-length=\"medium\" aria-label=\"Diploma ou Certificado ou Declara\u00e7\u00e3o\/Atestado ou Hist\u00f3rico Escolar, devidamente registrado\/a, de conclus\u00e3o de ensino m\u00e9dio profissionalizante em T\u00e9cnico em Sa\u00fade Bucal, reconhecido pelo Minist\u00e9rio da Educa\u00e7\u00e3o (MEC), expedido\/a por institui\u00e7\u00e3o de ensino credenciada pelo MEC ou Carteira de Identidade Profissional expedida pelo \u00f3rg\u00e3o fiscalizador de exerc\u00edcio da profiss\u00e3o de T\u00e9cnico(a) em Sa\u00fade Bucal; Experi\u00eancia profissional como T\u00e9cnico(a) em Sa\u00fade Bucal, de no m\u00ednimo 6 (seis) meses, em institui\u00e7\u00e3o p\u00fablica e\/ou privada. OU Diploma ou Certificado ou Declara\u00e7\u00e3o\/Atestado ou Hist\u00f3rico Escolar, devidamente registrado\/a, de conclus\u00e3o de curso T\u00e9cnico em Sa\u00fade Bucal, reconhecido pelo Minist\u00e9rio da Educa\u00e7\u00e3o (MEC), expedido\/a por institui\u00e7\u00e3o de ensino credenciada pelo MEC ou Carteira de Identidade Profissional expedida pelo \u00f3rg\u00e3o fiscalizador de exerc\u00edcio da profiss\u00e3o de T\u00e9cnico(a) em Sa\u00fade Bucal; Experi\u00eancia profissional como T\u00e9cnico em Sa\u00fade Bucal, de no m\u00ednimo 6 (seis) meses, em institui\u00e7\u00e3o p\u00fablica e\/ou privada. OU Diploma ou Certificado ou Declara\u00e7\u00e3o\/Atestado ou Hist\u00f3rico Escolar, devidamente registrado\/a, de conclus\u00e3o do ensino m\u00e9dio, reconhecido pelo Minist\u00e9rio da Educa\u00e7\u00e3o (MEC), expedido\/a por institui\u00e7\u00e3o de ensino credenciada pelo MEC; Diploma ou Certificado ou Declara\u00e7\u00e3o\/Atestado ou Hist\u00f3rico Escolar, devidamente registrado\/a, de conclus\u00e3o de curso de Auxiliar de Consult\u00f3rio Dent\u00e1rio, com carga hor\u00e1ria m\u00ednima de 400 horas, reconhecido pelo Minist\u00e9rio da Educa\u00e7\u00e3o (MEC), expedido\/a por institui\u00e7\u00e3o de ensino credenciada pelo MEC ou Carteira de Identidade Profissional expedida pelo \u00f3rg\u00e3o fiscalizador de exerc\u00edcio da profiss\u00e3o de Auxiliar de Consult\u00f3rio Dent\u00e1rio; Experi\u00eancia profissional como Auxiliar de Consult\u00f3rio Dent\u00e1rio, de no m\u00ednimo 6 (seis) meses, em institui\u00e7\u00e3o p\u00fablica e\/ou privada.\" data-balloon-pos=\"up\">AUXILIAR DE CONSULT\u00d3RIO DENT\u00c1RIO<\/span><\/td>\r\n<td class=\"cvagas\">01<\/td>\r\n<td class=\"cremuneracao\">R$ 1.800,00 \/40h<\/td>\r\n<\/tr>\r\n    <\/tbody>\r\n  <\/table>\r\n<\/div>","_superior":"<div>\r\n<table class=\"quadro\">\r\n<thead>\r\n<tr>\r\n<th class=\"hcargo\">Cargo<\/th>\r\n<th class=\"hvagas\">Vagas<\/th>\r\n<th class=\"hremuneracao\">Remunera\u00e7\u00e3o<\/th>\r\n<\/tr>\r\n<\/thead>\r\n    <tbody>\r\n      <tr>\r\n<td class=\"ccargos\">\r\n<span data-balloon-length=\"medium\" aria-label=\"Diploma ou Certificado ou Declara\u00e7\u00e3o\/Atestado ou Hist\u00f3rico Escolar, devidamente registrado\/a, de conclus\u00e3o de curso superior de gradua\u00e7\u00e3o em Servi\u00e7o Social, reconhecido pelo Minist\u00e9rio da Educa\u00e7\u00e3o (MEC), expedido\/a por institui\u00e7\u00e3o de ensino credenciada pelo MEC ou Carteira de Identidade Profissional expedida pelo \u00f3rg\u00e3o fiscalizador de exerc\u00edcio da profiss\u00e3o de Assistente Social; Experi\u00eancia profissional como Assistente Social, de no m\u00ednimo 6 (seis) meses, em unidade hospitalar, em institui\u00e7\u00e3o p\u00fablica e\/ou privada.\" data-balloon-pos=\"up\">ASSISTENTE SOCIAL<\/span><\/td>\r\n<td class=\"cvagas\">02<\/td>\r\n<td class=\"cremuneracao\">R$ 2.936,81 \/30h<\/td>\r\n<\/tr><tr>\r\n<td class=\"ccargos\">\r\n<span data-balloon-length=\"medium\" aria-label=\"Diploma ou Certificado ou Declara\u00e7\u00e3o\/Atestado ou Hist\u00f3rico Escolar, devidamente registrado\/a, de conclus\u00e3o de curso superior de gradua\u00e7\u00e3o em Odontologia, reconhecido pelo Minist\u00e9rio da Educa\u00e7\u00e3o (MEC), expedido\/a por institui\u00e7\u00e3o de ensino credenciada pelo MEC ou Carteira de Identidade Profissional expedida pelo \u00f3rg\u00e3o fiscalizador de exerc\u00edcio da profiss\u00e3o de Cirurgi\u00e3o(\u00e3)-dentista; Experi\u00eancia profissional como Cirurgi\u00e3o(\u00e3)-dentista e\/ou como Cirurgi\u00e3o (\u00e3) Dentista Bucomaxilofacial, de no m\u00ednimo 6 (seis) meses, em institui\u00e7\u00e3o p\u00fablica e\/ou privada.\" data-balloon-pos=\"up\">CIRURGI\u00c3O(A) DENTISTA<\/span><\/td>\r\n<td class=\"cvagas\">01<\/td>\r\n<td class=\"cremuneracao\">R$ 3.636,00 \/20h<\/td>\r\n<\/tr><tr>\r\n<td class=\"ccargos\">\r\n<span data-balloon-length=\"medium\" aria-label=\"Diploma ou Certificado ou Declara\u00e7\u00e3o\/Atestado ou Hist\u00f3rico Escolar, devidamente registrado\/a, de conclus\u00e3o de curso superior de gradua\u00e7\u00e3o em Enfermagem, reconhecido pelo Minist\u00e9rio da Educa\u00e7\u00e3o (MEC), expedido\/a por institui\u00e7\u00e3o de ensino credenciada pelo MEC ou Carteira de Identidade Profissional expedida pelo \u00f3rg\u00e3o fiscalizador de exerc\u00edcio da profiss\u00e3o de Enfermeiro(a); Experi\u00eancia profissional como Enfermeiro(a), de no m\u00ednimo 6 (seis) meses, em unidade hospitalar, em institui\u00e7\u00e3o p\u00fablica e\/ou privada.\" data-balloon-pos=\"up\">ENFERMEIRO(A)<\/span><\/td>\r\n<td class=\"cvagas\">29<\/td>\r\n<td class=\"cremuneracao\">R$ 3.636,14 \/40h<\/td>\r\n<\/tr><tr>\r\n<td class=\"ccargos\">\r\n<span data-balloon-length=\"medium\" aria-label=\"Diploma ou Certificado ou Declara\u00e7\u00e3o\/Atestado ou Hist\u00f3rico Escolar, devidamente registrado\/a, de conclus\u00e3o de curso superior de gradua\u00e7\u00e3o em Farm\u00e1cia, reconhecido pelo Minist\u00e9rio da Educa\u00e7\u00e3o (MEC), expedido\/a por institui\u00e7\u00e3o de ensino credenciada pelo MEC ou Carteira de Identidade Profissional expedida pelo \u00f3rg\u00e3o fiscalizador de exerc\u00edcio da profiss\u00e3o de Farmac\u00eautico(a); Experi\u00eancia profissional como Farmac\u00eautico(a), de no m\u00ednimo 6 (seis) meses, em unidade hospitalar, em institui\u00e7\u00e3o p\u00fablica e\/ou privada.\" data-balloon-pos=\"up\">FARMAC\u00caUTICO(A)<\/span><\/td>\r\n<td class=\"cvagas\">03<\/td>\r\n<td class=\"cremuneracao\">R$ 3.636,14 \/40h<\/td>\r\n<\/tr><tr>\r\n<td class=\"ccargos\">\r\n<span data-balloon-length=\"medium\" aria-label=\"Diploma ou Certificado ou Declara\u00e7\u00e3o\/Atestado ou Hist\u00f3rico Escolar, devidamente registrado\/a, de conclus\u00e3o de curso superior de gradua\u00e7\u00e3o em Fisioterapia, reconhecido pelo Minist\u00e9rio da Educa\u00e7\u00e3o (MEC), expedido\/a por institui\u00e7\u00e3o de ensino credenciada pelo MEC ou Carteira de Identidade Profissional expedida pelo \u00f3rg\u00e3o fiscalizador de exerc\u00edcio da profiss\u00e3o de Fisioterapeuta; Experi\u00eancia profissional como Fisioterapeuta, de no m\u00ednimo 6 (seis) meses, em unidade hospitalar, em institui\u00e7\u00e3o p\u00fablica e\/ou privada.\" data-balloon-pos=\"up\">FISIOTERAPEUTA<\/span><\/td>\r\n<td class=\"cvagas\">22<\/td>\r\n<td class=\"cremuneracao\">R$ 2.727,10 \/30h<\/td>\r\n<\/tr><tr>\r\n<td class=\"ccargos\">\r\n<span data-balloon-length=\"medium\" aria-label=\"Diploma ou Certificado ou Declara\u00e7\u00e3o\/Atestado ou Hist\u00f3rico Escolar, devidamente registrado\/a, de conclus\u00e3o de curso superior de gradua\u00e7\u00e3o em Fonoaudiologia, reconhecido pelo Minist\u00e9rio da Educa\u00e7\u00e3o (MEC), expedido\/a por institui\u00e7\u00e3o de ensino credenciada pelo MEC ou Carteira de Identidade Profissional expedida pelo \u00f3rg\u00e3o fiscalizador de exerc\u00edcio da profiss\u00e3o de Fonoaudi\u00f3logo(a); Experi\u00eancia profissional como Fonoaudi\u00f3logo(a), de no m\u00ednimo 6 (seis) meses, em unidade hospitalar, em institui\u00e7\u00e3o p\u00fablica e\/ou privada.\" data-balloon-pos=\"up\">FONOAUDIOLOGO(A)<\/span><\/td>\r\n<td class=\"cvagas\">06<\/td>\r\n<td class=\"cremuneracao\">R$ 2.522,07 \/20h<\/td>\r\n<\/tr><tr>\r\n<td class=\"ccargos\">\r\n<span data-balloon-length=\"medium\" aria-label=\"Diploma ou Certificado ou Declara\u00e7\u00e3o\/Atestado ou Hist\u00f3rico Escolar, devidamente registrado\/a, de conclus\u00e3o de curso superior de gradua\u00e7\u00e3o em Nutri\u00e7\u00e3o, reconhecido pelo Minist\u00e9rio da Educa\u00e7\u00e3o (MEC), expedido\/a por institui\u00e7\u00e3o de ensino credenciada pelo MEC ou Carteira de Identidade Profissional expedida pelo \u00f3rg\u00e3o fiscalizador de exerc\u00edcio da profiss\u00e3o de Nutricionista; Experi\u00eancia profissional como Nutricionista, de no m\u00ednimo 6 (seis) meses, em unidade hospitalar, em institui\u00e7\u00e3o p\u00fablica e\/ou privada.\" data-balloon-pos=\"up\">NUTRICIONISTA<\/span><\/td>\r\n<td class=\"cvagas\">03<\/td>\r\n<td class=\"cremuneracao\">R$ 3.636,14 \/40h<\/td>\r\n<\/tr><tr>\r\n<td class=\"ccargos\">\r\n<span data-balloon-length=\"medium\" aria-label=\"Diploma ou Certificado ou Declara\u00e7\u00e3o\/Atestado ou Hist\u00f3rico Escolar, devidamente registrado\/a, de conclus\u00e3o de curso superior de gradua\u00e7\u00e3o em Psicologia, reconhecido pelo Minist\u00e9rio da Educa\u00e7\u00e3o (MEC), expedido\/a por institui\u00e7\u00e3o de ensino credenciada pelo MEC ou Carteira de Identidade Profissional expedida pelo \u00f3rg\u00e3o fiscalizador de exerc\u00edcio da profiss\u00e3o de Psic\u00f3logo(a); Experi\u00eancia profissional como Psic\u00f3logo(a), de no m\u00ednimo 6 (seis) meses, em unidade hospitalar, em institui\u00e7\u00e3o p\u00fablica e\/ou privada.\" data-balloon-pos=\"up\">PSIC\u00d3LOGO(A)<\/span><\/td>\r\n<td class=\"cvagas\">03<\/td>\r\n<td class=\"cremuneracao\">R$ 3.636,14 \/40h<\/td>\r\n<\/tr><tr>\r\n<td class=\"ccargos\">\r\n<span data-balloon-length=\"medium\" aria-label=\"Diploma ou Certificado ou Declara\u00e7\u00e3o\/Atestado ou Hist\u00f3rico Escolar, devidamente registrado\/a, de conclus\u00e3o de curso superior de gradua\u00e7\u00e3o em Terapia Ocupacional, reconhecido pelo Minist\u00e9rio da Educa\u00e7\u00e3o (MEC), expedido\/a por institui\u00e7\u00e3o de ensino credenciada pelo MEC ou Carteira de Identidade Profissional expedida pelo \u00f3rg\u00e3o fiscalizador de exerc\u00edcio da profiss\u00e3o de Terapeuta Ocupacional; Experi\u00eancia profissional como Terapeuta Ocupacional, de no m\u00ednimo 6 (seis) meses, em unidade hospitalar, em institui\u00e7\u00e3o p\u00fablica e\/ou privada.\" data-balloon-pos=\"up\">TERAPEUTA OCUPACIONAL<\/span><\/td>\r\n<td class=\"cvagas\">01<\/td>\r\n<td class=\"cremuneracao\">R$ 2.727,10 \/30h<\/td>\r\n<\/tr>\r\n    <\/tbody>\r\n  <\/table>\r\n<\/div>"},"_links":{"self":[{"href":"https:\/\/www.agrobase.com.br\/concursos\/wp-json\/wp\/v2\/posts\/273653","targetHints":{"allow":["GET"]}}],"collection":[{"href":"https:\/\/www.agrobase.com.br\/concursos\/wp-json\/wp\/v2\/posts"}],"about":[{"href":"https:\/\/www.agrobase.com.br\/concursos\/wp-json\/wp\/v2\/types\/post"}],"author":[{"embeddable":true,"href":"https:\/\/www.agrobase.com.br\/concursos\/wp-json\/wp\/v2\/users\/7"}],"replies":[{"embeddable":true,"href":"https:\/\/www.agrobase.com.br\/concursos\/wp-json\/wp\/v2\/comments?post=273653"}],"version-history":[{"count":1,"href":"https:\/\/www.agrobase.com.br\/concursos\/wp-json\/wp\/v2\/posts\/273653\/revisions"}],"predecessor-version":[{"id":273655,"href":"https:\/\/www.agrobase.com.br\/concursos\/wp-json\/wp\/v2\/posts\/273653\/revisions\/273655"}],"wp:featuredmedia":[{"embeddable":true,"href":"https:\/\/www.agrobase.com.br\/concursos\/wp-json\/wp\/v2\/media\/273652"}],"wp:attachment":[{"href":"https:\/\/www.agrobase.com.br\/concursos\/wp-json\/wp\/v2\/media?parent=273653"}],"wp:term":[{"taxonomy":"category","embeddable":true,"href":"https:\/\/www.agrobase.com.br\/concursos\/wp-json\/wp\/v2\/categories?post=273653"},{"taxonomy":"post_tag","embeddable":true,"href":"https:\/\/www.agrobase.com.br\/concursos\/wp-json\/wp\/v2\/tags?post=273653"},{"taxonomy":"_amplo","embeddable":true,"href":"https:\/\/www.agrobase.com.br\/concursos\/wp-json\/wp\/v2\/_amplo?post=273653"},{"taxonomy":"destaque","embeddable":true,"href":"https:\/\/www.agrobase.com.br\/concursos\/wp-json\/wp\/v2\/destaque?post=273653"},{"taxonomy":"instituicoes","embeddable":true,"href":"https:\/\/www.agrobase.com.br\/concursos\/wp-json\/wp\/v2\/instituicoes?post=273653"}],"curies":[{"name":"wp","href":"https:\/\/api.w.org\/{rel}","templated":true}]}}