{"id":273649,"date":"2025-11-11T07:10:08","date_gmt":"2025-11-11T10:10:08","guid":{"rendered":"https:\/\/www.agrobase.com.br\/concursos\/?p=273649"},"modified":"2025-11-10T12:36:55","modified_gmt":"2025-11-10T15:36:55","slug":"prefeitura-santana-do-serido-rn-selecao-simplificada-01-2025","status":"publish","type":"post","link":"https:\/\/www.agrobase.com.br\/concursos\/2025\/prefeitura-santana-do-serido-rn-selecao-simplificada-01-2025\/","title":{"rendered":"Prefeitura Santana do Serid\u00f3 (RN) &#8211; Sele\u00e7\u00e3o Simplificada 01\/2025"},"content":{"rendered":"<h2>Informa\u00e7\u00f5es Gerais<\/h2>\n<p>O <strong>Processo Seletivo Simplificado da Prefeitura Municipal de Santana do Serid\u00f3\/RN<\/strong>, regido pela Portaria Municipal n\u00ba 0335\/2025 e pela Lei Municipal n\u00ba 0682\/2025, foi oficialmente publicado com o objetivo de <strong>contratar profissionais por tempo determinado<\/strong> para atender a necessidades tempor\u00e1rias de excepcional interesse p\u00fablico. O certame \u00e9 organizado pela pr\u00f3pria Prefeitura e oferece <strong>49 vagas<\/strong> distribu\u00eddas entre os n\u00edveis <em>Fundamental, M\u00e9dio\/T\u00e9cnico e Superior<\/em>.<\/p>\n<p>As oportunidades abrangem diversas \u00e1reas de atua\u00e7\u00e3o, incluindo fun\u00e7\u00f5es administrativas, operacionais, de sa\u00fade e educa\u00e7\u00e3o. Entre os cargos de destaque est\u00e3o <strong>Nutricionista<\/strong> e <strong>Fiscal em Vigil\u00e2ncia Sanit\u00e1ria<\/strong>, de interesse especial para profissionais das \u00e1reas de Nutri\u00e7\u00e3o e Sa\u00fade P\u00fablica. As remunera\u00e7\u00f5es variam de <strong>R$ 1.518,00 a R$ 3.650,82<\/strong>, conforme o cargo e a carga hor\u00e1ria.<\/p>\n<p>O processo seletivo tem validade de um ano, prorrog\u00e1vel por igual per\u00edodo, e segue o regime de contrata\u00e7\u00e3o tempor\u00e1ria. A seguir, confira como realizar sua inscri\u00e7\u00e3o, as etapas de sele\u00e7\u00e3o e as datas previstas para os resultados.<\/p>\n<h2>Inscri\u00e7\u00f5es<\/h2>\n<p>As inscri\u00e7\u00f5es para o Processo Seletivo Simplificado da Prefeitura de Santana do Serid\u00f3\/RN estar\u00e3o abertas <strong>de 10 a 12 de novembro de 2025<\/strong>, no hor\u00e1rio das <strong>08h \u00e0s 12h<\/strong>. O procedimento ser\u00e1 realizado <strong>presencialmente<\/strong> no <em>Espa\u00e7o Cultural Mois\u00e9s S\u00e1tiro da Silva<\/em>, localizado na Rua Zez\u00e9 Apr\u00edgio, n\u00ba 263, Centro, Santana do Serid\u00f3\/RN.<\/p>\n<p>O candidato dever\u00e1 preencher a ficha de inscri\u00e7\u00e3o em duas vias e entregar, em envelope lacrado, o curr\u00edculo padronizado e os documentos exigidos. Ser\u00e1 aceita inscri\u00e7\u00e3o por procurador, desde que munido de procura\u00e7\u00e3o com firma reconhecida e c\u00f3pia autenticada do documento de identidade.<\/p>\n<p>As taxas de inscri\u00e7\u00e3o s\u00e3o de <strong>R$ 30,00<\/strong> para cargos de n\u00edveis Fundamental e M\u00e9dio e <strong>R$ 40,00<\/strong> para cargos de n\u00edvel Superior. O pagamento deve ser feito por dep\u00f3sito identificado ou transfer\u00eancia em nome do candidato, para a conta da Prefeitura no Banco do Brasil (Ag\u00eancia 1106-1, Conta Corrente n\u00ba 4671-X, Chave Pix: santanadoserido.rn@hotmail.com). O comprovante original deve ser apresentado junto \u00e0 documenta\u00e7\u00e3o no ato da inscri\u00e7\u00e3o.<\/p>\n<p>O candidato deve acompanhar comunicados e atualiza\u00e7\u00f5es no site oficial <a href=\"https:\/\/www.pmsantanadoserido.rn.gov.br\" target=\"_blank\" rel=\"noopener\">www.pmsantanadoserido.rn.gov.br<\/a>. Recomenda-se a leitura atenta do edital completo antes da inscri\u00e7\u00e3o.<\/p>\n<h2>Etapas e Provas<\/h2>\n<p>O processo seletivo ser\u00e1 composto por <strong>duas etapas<\/strong>, ambas de car\u00e1ter <strong>eliminat\u00f3rio e classificat\u00f3rio<\/strong>:<\/p>\n<ul>\n<li><strong>An\u00e1lise de Curr\u00edculo<\/strong> \u2013 valer\u00e1 at\u00e9 75 pontos e considerar\u00e1 a forma\u00e7\u00e3o acad\u00eamica, cursos complementares e experi\u00eancia profissional comprovada, conforme os crit\u00e9rios definidos no edital. Somente ser\u00e3o aceitos documentos autenticados e correlacionados \u00e0 fun\u00e7\u00e3o pretendida.<\/li>\n<li><strong>Entrevista<\/strong> \u2013 valer\u00e1 at\u00e9 25 pontos e avaliar\u00e1 aspectos como maturidade, conhecimento das atribui\u00e7\u00f5es do cargo, proatividade, comunica\u00e7\u00e3o, organiza\u00e7\u00e3o e capacidade de trabalho em equipe. A entrevista ter\u00e1 dura\u00e7\u00e3o m\u00e1xima de 20 minutos por candidato.<\/li>\n<\/ul>\n<p>As entrevistas ocorrer\u00e3o entre <strong>26 e 28 de novembro de 2025<\/strong>, no Centro Cultural Felino Ivo Bezerra, conforme cronograma divulgado previamente. Haver\u00e1 ainda uma <strong>prova pr\u00e1tica<\/strong> exclusiva para o cargo de <em>Operador de M\u00e1quinas Pesadas<\/em>, com avalia\u00e7\u00e3o de desempenho nas atividades espec\u00edficas da fun\u00e7\u00e3o.<\/p>\n<p>Para a classifica\u00e7\u00e3o final, ser\u00e1 considerada a soma das pontua\u00e7\u00f5es obtidas nas etapas. Recomenda-se a leitura do edital para detalhes sobre crit\u00e9rios de pontua\u00e7\u00e3o, documenta\u00e7\u00e3o exigida e cronograma oficial.<\/p>\n<h2>Resultados e Gabarito<\/h2>\n<p>O <strong>resultado preliminar<\/strong> do Processo Seletivo Simplificado ser\u00e1 divulgado em <strong>03 de dezembro de 2025<\/strong> nos sites oficiais da Prefeitura (<a href=\"https:\/\/www.pmsantanadoserido.rn.gov.br\" target=\"_blank\" rel=\"noopener\">www.pmsantanadoserido.rn.gov.br<\/a>) e do Di\u00e1rio Oficial dos Munic\u00edpios do Rio Grande do Norte (<a href=\"https:\/\/www.diariomunicipal.com.br\/femurn\" target=\"_blank\" rel=\"noopener\">www.diariomunicipal.com.br\/femurn<\/a>).<\/p>\n<p>O <strong>resultado final<\/strong> est\u00e1 previsto para <strong>10 de dezembro de 2025<\/strong>, ap\u00f3s an\u00e1lise de eventuais recursos. Em caso de empate, ser\u00e3o aplicados os seguintes crit\u00e9rios, nesta ordem: maior pontua\u00e7\u00e3o em titula\u00e7\u00e3o, maior pontua\u00e7\u00e3o em experi\u00eancia profissional e maior idade.<\/p>\n<p>A <strong>convoca\u00e7\u00e3o dos aprovados<\/strong> ocorrer\u00e1 conforme a necessidade da Administra\u00e7\u00e3o Municipal e disponibilidade or\u00e7ament\u00e1ria, respeitando os limites da Lei Municipal n\u00ba 0682\/2025. Os candidatos dever\u00e3o apresentar a documenta\u00e7\u00e3o exigida dentro do prazo estabelecido, sob pena de desclassifica\u00e7\u00e3o.<\/p>\n<p>A homologa\u00e7\u00e3o do resultado e as convoca\u00e7\u00f5es subsequentes ser\u00e3o publicadas nos mesmos canais oficiais. \u00c9 de responsabilidade exclusiva do candidato acompanhar todas as publica\u00e7\u00f5es e comunicados no site da banca organizadora e no Di\u00e1rio Oficial.<\/p>\n","protected":false},"excerpt":{"rendered":"<p>Sel. Simplificada Pref. Santana do Serid\u00f3 (RN) com edital publicado! Vagas p\/ Professor e Enfermeiro (Fund. a Sup.). Inscri\u00e7\u00f5es a partir de 10\/11. Confira!<\/p>\n","protected":false},"author":7,"featured_media":273648,"comment_status":"open","ping_status":"open","sticky":false,"template":"","format":"standard","meta":{"_acf_changed":false,"_breakdance_hide_in_design_set":false,"_breakdance_tags":"","footnotes":""},"categories":[12,23,25,108,143],"tags":[57],"_amplo":[],"destaque":[],"instituicoes":[],"class_list":["post-273649","post","type-post","status-publish","format-standard","has-post-thumbnail","hentry","category-enfermagem","category-nutricao","category-pedagogia","category-tecnico-enfermagem","category-tecnico-odontologia","tag-rio-grande-do-norte"],"acf":{"_tipo_vagas":"vagas","_numero_vagas":"","_quadro_vagas":"","_cargos":"diversos","_cargos_especificos":"","_salario_max":"R$ 3650.82","_abertura":"20251110","_encerramento":"20251112","_inscricoes":"https:\/\/www.pmsantanadoserido.rn.gov.br","_executora_concurso":"","_instituicao_concurso":[],"_link_adicional":null,"_anexos":null,"_produtos":null,"_vagas":"49 vagas","_salario_min":"R$ 1518","_instituicao":"Prefeitura de Santana do Serid\u00f3","_edital":"https:\/\/www.agrobase.com.br\/concursos\/wp-content\/uploads\/sites\/4\/2025\/11\/edital-01-2025-prefeitura-de-santana-do-serido-rn.pdf","_anexos_edital":"","_fund_incompleto":"","_fund_completo":"<div>\r\n<table class=\"quadro\">\r\n<thead>\r\n<tr>\r\n<th class=\"hcargo\">Cargo<\/th>\r\n<th class=\"hvagas\">Vagas<\/th>\r\n<th class=\"hremuneracao\">Remunera\u00e7\u00e3o<\/th>\r\n<\/tr>\r\n<\/thead>\r\n    <tbody>\r\n      <td class=\"ccargos\">\r\n<span data-balloon-length=\"medium\" aria-label=\"Ensino Fundamental Completo\" data-balloon-pos=\"up\">Auxiliar de Servi\u00e7os Gerais<\/span><\/td>\r\n<td class=\"cvagas\">16<\/td>\r\n<td class=\"cremuneracao\">R$ 1.518,00 \/40h<\/td>\r\n<\/tr><td class=\"ccargos\">\r\n<span data-balloon-length=\"medium\" aria-label=\"Ensino Fundamental Completo\" data-balloon-pos=\"up\">Gari<\/span><\/td>\r\n<td class=\"cvagas\">05<\/td>\r\n<td class=\"cremuneracao\">R$ 1.518,00 \/40h<\/td>\r\n<\/tr><td class=\"ccargos\">\r\n<span data-balloon-length=\"medium\" aria-label=\"Ensino Fundamental Completo; Carteira de Habilita\u00e7\u00e3o tipo 'B' e\/ou 'D'; Curso de Transporte escolar; Cursos de Urg\u00eancia e Emerg\u00eancia.\" data-balloon-pos=\"up\">Motorista<\/span><\/td>\r\n<td class=\"cvagas\">04<\/td>\r\n<td class=\"cremuneracao\">R$ 1.703,50 \/40h<\/td>\r\n<\/tr><td class=\"ccargos\">\r\n<span data-balloon-length=\"medium\" aria-label=\"Ensino Fundamental Completo; Carteira de Habilita\u00e7\u00e3o tipo 'D'; Curso de Operador de M\u00e1quinas Pesadas.\" data-balloon-pos=\"up\">Operador de M\u00e1quinas Pesadas<\/span><\/td>\r\n<td class=\"cvagas\">02<\/td>\r\n<td class=\"cremuneracao\">R$ 1.703,50 \/40h<\/td>\r\n<\/tr>\r\n    <\/tbody>\r\n  <\/table>\r\n<\/div>","_medio":"<div>\r\n<table class=\"quadro\">\r\n<thead>\r\n<tr>\r\n<th class=\"hcargo\">Cargo<\/th>\r\n<th class=\"hvagas\">Vagas<\/th>\r\n<th class=\"hremuneracao\">Remunera\u00e7\u00e3o<\/th>\r\n<\/tr>\r\n<\/thead>\r\n    <tbody>\r\n      <td class=\"ccargos\">\r\n<span data-balloon-length=\"medium\" aria-label=\"Ensino M\u00e9dio Completo; Resid\u00eancia no munic\u00edpio de Santana do Serid\u00f3 (conforme Item 3.15 deste Edital).\" data-balloon-pos=\"up\">Agente Comunit\u00e1rio de Sa\u00fade<\/span><\/td>\r\n<td class=\"cvagas\">01<\/td>\r\n<td class=\"cremuneracao\">R$ 3.036,00 \/40h<\/td>\r\n<\/tr><td class=\"ccargos\">\r\n<span data-balloon-length=\"medium\" aria-label=\"Ensino M\u00e9dio Completo; Curso de T\u00e9cnico em Sa\u00fade Bucal; Registro no respectivo \u00f3rg\u00e3o de fiscaliza\u00e7\u00e3o profissional.\" data-balloon-pos=\"up\">Atendente de Consult\u00f3rio Odontol\u00f3gico<\/span><\/td>\r\n<td class=\"cvagas\">01<\/td>\r\n<td class=\"cremuneracao\">R$ 1.518,00 \/40h<\/td>\r\n<\/tr><td class=\"ccargos\">\r\n<span data-balloon-length=\"medium\" aria-label=\"Ensino M\u00e9dio Completo; Curso Profissionalizante na \u00e1rea de Enfermagem; Registro no respectivo \u00f3rg\u00e3o de fiscaliza\u00e7\u00e3o profissional.\" data-balloon-pos=\"up\">Auxiliar de Enfermagem<\/span><\/td>\r\n<td class=\"cvagas\">04<\/td>\r\n<td class=\"cremuneracao\">R$ 1.518,00 \/40h<\/td>\r\n<\/tr><td class=\"ccargos\">\r\n<span data-balloon-length=\"medium\" aria-label=\"Ensino M\u00e9dio Completo.\" data-balloon-pos=\"up\">Fiscal em Vigil\u00e2ncia Sanit\u00e1ria<\/span><\/td>\r\n<td class=\"cvagas\">01<\/td>\r\n<td class=\"cremuneracao\">R$ 1.518,00 \/40h<\/td>\r\n<\/tr><td class=\"ccargos\">\r\n<span data-balloon-length=\"medium\" aria-label=\"Ensino M\u00e9dio Completo; Curso Profissionalizante na \u00e1rea de Enfermagem; Registro no respectivo \u00f3rg\u00e3o de fiscaliza\u00e7\u00e3o profissional.\" data-balloon-pos=\"up\">T\u00e9c. de Enfermagem<\/span><\/td>\r\n<td class=\"cvagas\">01<\/td>\r\n<td class=\"cremuneracao\">R$ 1.518,00 \/40h<\/td>\r\n<\/tr>\r\n    <\/tbody>\r\n  <\/table>\r\n<\/div>","_superior":"<div>\r\n<table class=\"quadro\">\r\n<thead>\r\n<tr>\r\n<th class=\"hcargo\">Cargo<\/th>\r\n<th class=\"hvagas\">Vagas<\/th>\r\n<th class=\"hremuneracao\">Remunera\u00e7\u00e3o<\/th>\r\n<\/tr>\r\n<\/thead>\r\n    <tbody>\r\n      <tr>\r\n<td class=\"ccargos\">\r\n<span data-balloon-length=\"medium\" aria-label=\"Ensino Superior Completo em Enfermagem; Registro no respectivo \u00f3rg\u00e3o de fiscaliza\u00e7\u00e3o profissional.\" data-balloon-pos=\"up\">Enfermeiro<\/span><\/td>\r\n<td class=\"cvagas\">02<\/td>\r\n<td class=\"cremuneracao\">R$ 2.044,09 \/30h<\/td>\r\n<\/tr><tr>\r\n<td class=\"ccargos\">\r\n<span data-balloon-length=\"medium\" aria-label=\"Ensino Superior Completo em Nutri\u00e7\u00e3o; Registro no respectivo \u00f3rg\u00e3o de fiscaliza\u00e7\u00e3o profissional.\" data-balloon-pos=\"up\">Nutricionista<\/span><\/td>\r\n<td class=\"cvagas\">01<\/td>\r\n<td class=\"cremuneracao\">R$ 2.044,09 \/30h<\/td>\r\n<\/tr><tr>\r\n<td class=\"ccargos\">\r\n<span data-balloon-length=\"medium\" aria-label=\"Diploma de gradua\u00e7\u00e3o em Licenciatura plena em Pedagogia, devidamente registrado no MEC.\" data-balloon-pos=\"up\">Professor - Substituto<\/span><\/td>\r\n<td class=\"cvagas\">11<\/td>\r\n<td class=\"cremuneracao\">R$ 3.650,82 \/30h<\/td>\r\n<\/tr>\r\n    <\/tbody>\r\n  <\/table>\r\n<\/div>"},"_links":{"self":[{"href":"https:\/\/www.agrobase.com.br\/concursos\/wp-json\/wp\/v2\/posts\/273649","targetHints":{"allow":["GET"]}}],"collection":[{"href":"https:\/\/www.agrobase.com.br\/concursos\/wp-json\/wp\/v2\/posts"}],"about":[{"href":"https:\/\/www.agrobase.com.br\/concursos\/wp-json\/wp\/v2\/types\/post"}],"author":[{"embeddable":true,"href":"https:\/\/www.agrobase.com.br\/concursos\/wp-json\/wp\/v2\/users\/7"}],"replies":[{"embeddable":true,"href":"https:\/\/www.agrobase.com.br\/concursos\/wp-json\/wp\/v2\/comments?post=273649"}],"version-history":[{"count":1,"href":"https:\/\/www.agrobase.com.br\/concursos\/wp-json\/wp\/v2\/posts\/273649\/revisions"}],"predecessor-version":[{"id":273651,"href":"https:\/\/www.agrobase.com.br\/concursos\/wp-json\/wp\/v2\/posts\/273649\/revisions\/273651"}],"wp:featuredmedia":[{"embeddable":true,"href":"https:\/\/www.agrobase.com.br\/concursos\/wp-json\/wp\/v2\/media\/273648"}],"wp:attachment":[{"href":"https:\/\/www.agrobase.com.br\/concursos\/wp-json\/wp\/v2\/media?parent=273649"}],"wp:term":[{"taxonomy":"category","embeddable":true,"href":"https:\/\/www.agrobase.com.br\/concursos\/wp-json\/wp\/v2\/categories?post=273649"},{"taxonomy":"post_tag","embeddable":true,"href":"https:\/\/www.agrobase.com.br\/concursos\/wp-json\/wp\/v2\/tags?post=273649"},{"taxonomy":"_amplo","embeddable":true,"href":"https:\/\/www.agrobase.com.br\/concursos\/wp-json\/wp\/v2\/_amplo?post=273649"},{"taxonomy":"destaque","embeddable":true,"href":"https:\/\/www.agrobase.com.br\/concursos\/wp-json\/wp\/v2\/destaque?post=273649"},{"taxonomy":"instituicoes","embeddable":true,"href":"https:\/\/www.agrobase.com.br\/concursos\/wp-json\/wp\/v2\/instituicoes?post=273649"}],"curies":[{"name":"wp","href":"https:\/\/api.w.org\/{rel}","templated":true}]}}