{"id":273622,"date":"2025-11-10T08:30:20","date_gmt":"2025-11-10T11:30:20","guid":{"rendered":"https:\/\/www.agrobase.com.br\/concursos\/?p=273622"},"modified":"2025-11-10T10:13:43","modified_gmt":"2025-11-10T13:13:43","slug":"prefeitura-sao-joao-batista-sc-concurso-01-2025","status":"publish","type":"post","link":"https:\/\/www.agrobase.com.br\/concursos\/2025\/prefeitura-sao-joao-batista-sc-concurso-01-2025\/","title":{"rendered":"Prefeitura S\u00e3o Jo\u00e3o Batista (SC) &#8211; Concurso 01\/2025"},"content":{"rendered":"<h2>Informa\u00e7\u00f5es Gerais<\/h2>\n<p>O Concurso P\u00fablico da Prefeitura Municipal de S\u00e3o Jo\u00e3o Batista, regido pelo Edital n.\u00ba 001\/2025, est\u00e1 com edital publicado e inscri\u00e7\u00f5es abertas. Organizado pela Funda\u00e7\u00e3o Universidade Regional de Blumenau (FURB), o certame visa ao preenchimento de <strong>60 vagas imediatas<\/strong> e forma\u00e7\u00e3o de cadastro reserva para diversos cargos na administra\u00e7\u00e3o direta do Poder Executivo Municipal.<\/p>\n<p>As contrata\u00e7\u00f5es ocorrer\u00e3o sob o regime jur\u00eddico <strong>estatut\u00e1rio<\/strong>, conforme a Lei Complementar Municipal n.\u00ba 1\/2003. O concurso contempla oportunidades para candidatos com escolaridade de n\u00edvel <strong>Fundamental (completo e incompleto), M\u00e9dio\/T\u00e9cnico e Superior<\/strong>.<\/p>\n<p>H\u00e1 vagas distribu\u00eddas em \u00e1reas administrativas, operacionais, t\u00e9cnicas e de sa\u00fade, com destaque para cargos de interesse como <strong>M\u00e9dico Veterin\u00e1rio<\/strong>, <strong>Nutricionista<\/strong> e <strong>Engenharia de Alimentos<\/strong> (por meio do cargo de Auditor Fiscal de Vigil\u00e2ncia Sanit\u00e1ria). As remunera\u00e7\u00f5es variam de R$ 1.518,00 a R$ 13.636,72, com jornadas de at\u00e9 40 horas semanais.<\/p>\n<p>Se voc\u00ea busca estabilidade e deseja atuar no servi\u00e7o p\u00fablico municipal, continue lendo para conhecer os detalhes sobre inscri\u00e7\u00f5es, etapas e cronograma de resultados.<\/p>\n<h2>Inscri\u00e7\u00f5es<\/h2>\n<p>As inscri\u00e7\u00f5es para o Concurso P\u00fablico da Prefeitura de S\u00e3o Jo\u00e3o Batista est\u00e3o <strong>abertas<\/strong> e devem ser realizadas exclusivamente <strong>online<\/strong>, no site <a href=\"https:\/\/concursos.furb.br\" target=\"_blank\" rel=\"noopener\">concursos.furb.br<\/a>, entre <strong>8h do dia 17 de outubro e 23h59 do dia 18 de novembro de 2025<\/strong>.<\/p>\n<p>As taxas de inscri\u00e7\u00e3o variam conforme o n\u00edvel de escolaridade do cargo pretendido:<\/p>\n<ul>\n<li>Ensino Fundamental: R$ 100,00<\/li>\n<li>Ensino M\u00e9dio\/T\u00e9cnico: R$ 120,00<\/li>\n<li>Ensino Superior: R$ 150,00<\/li>\n<\/ul>\n<p>O pagamento pode ser feito via boleto banc\u00e1rio ou cobran\u00e7a PIX (QR Code ou Copia e Cola), gerados no sistema de inscri\u00e7\u00e3o. A quita\u00e7\u00e3o deve ocorrer at\u00e9 <strong>19 de novembro de 2025<\/strong>, respeitando os hor\u00e1rios banc\u00e1rios. Pagamentos fora do prazo ou por meios n\u00e3o autorizados n\u00e3o ser\u00e3o aceitos.<\/p>\n<p>\u00c9 poss\u00edvel se inscrever para at\u00e9 dois cargos, desde que as provas sejam em turnos distintos (matutino para n\u00edvel superior e vespertino para n\u00edveis fundamental ou m\u00e9dio\/t\u00e9cnico). Candidatos que desejarem solicitar <strong>isen\u00e7\u00e3o da taxa<\/strong> devem seguir as orienta\u00e7\u00f5es do edital durante o per\u00edodo de inscri\u00e7\u00e3o.<\/p>\n<p>Ap\u00f3s a inscri\u00e7\u00e3o, \u00e9 essencial acompanhar o status e eventuais atualiza\u00e7\u00f5es na <strong>\u00c1rea do Candidato<\/strong> no site da FURB. A lista de inscri\u00e7\u00f5es homologadas ser\u00e1 divulgada em 2 de dezembro de 2025.<\/p>\n<p>Recomenda-se a leitura atenta do <a href=\"https:\/\/concursos.furb.br\" target=\"_blank\" rel=\"noopener\">edital completo<\/a> para garantir o correto preenchimento e cumprimento dos prazos.<\/p>\n<h2>Etapas e Provas<\/h2>\n<p>O concurso ser\u00e1 composto por at\u00e9 duas etapas, conforme o cargo:<\/p>\n<ul>\n<li><strong>Prova Objetiva<\/strong> (eliminat\u00f3ria e classificat\u00f3ria): obrigat\u00f3ria para todos os cargos.<\/li>\n<li><strong>Prova Pr\u00e1tica<\/strong> (eliminat\u00f3ria e classificat\u00f3ria): exclusiva para cargos operacionais espec\u00edficos.<\/li>\n<\/ul>\n<p>A <strong>Prova Objetiva<\/strong> ser\u00e1 aplicada em 14 de dezembro de 2025, com dura\u00e7\u00e3o de at\u00e9 3 horas, conforme o n\u00edvel de escolaridade. A avalia\u00e7\u00e3o ser\u00e1 composta por quest\u00f5es de m\u00faltipla escolha, com cinco alternativas e apenas uma correta. A distribui\u00e7\u00e3o das disciplinas \u00e9:<\/p>\n<ul>\n<li><strong>N\u00edvel Fundamental<\/strong>: L\u00edngua Portuguesa, Conhecimentos Gerais e Legisla\u00e7\u00e3o, e Conhecimentos Espec\u00edficos (25 quest\u00f5es).<\/li>\n<li><strong>N\u00edvel M\u00e9dio\/T\u00e9cnico e Superior<\/strong>: L\u00edngua Portuguesa, Conhecimentos Gerais e Legisla\u00e7\u00e3o, Inform\u00e1tica e Conhecimentos Espec\u00edficos (40 quest\u00f5es).<\/li>\n<\/ul>\n<p>A nota da prova objetiva varia de 0 a 10 pontos, sendo necess\u00e1rio obter no m\u00ednimo <strong>5,00 pontos<\/strong> para aprova\u00e7\u00e3o. Os locais de prova ser\u00e3o divulgados em 3 de dezembro de 2025 e poder\u00e3o ocorrer em S\u00e3o Jo\u00e3o Batista\/SC ou em munic\u00edpios vizinhos.<\/p>\n<p>A <strong>Prova Pr\u00e1tica<\/strong> ser\u00e1 aplicada em 25 de janeiro de 2026, apenas para os cargos de Auxiliar de Servi\u00e7os Gerais, Condutores (diversas categorias) e Mestre de Obras. Os candidatos ser\u00e3o convocados conforme classifica\u00e7\u00e3o na prova objetiva. A avalia\u00e7\u00e3o pr\u00e1tica ser\u00e1 gravada e seguir\u00e1 crit\u00e9rios t\u00e9cnicos espec\u00edficos para cada fun\u00e7\u00e3o, com nota m\u00ednima de 5,00 para aprova\u00e7\u00e3o.<\/p>\n<p>Todos os detalhes sobre conte\u00fado program\u00e1tico, crit\u00e9rios de avalia\u00e7\u00e3o e cronograma est\u00e3o dispon\u00edveis no edital, cuja leitura \u00e9 indispens\u00e1vel para o bom desempenho no certame.<\/p>\n<h2>Resultados e Gabarito<\/h2>\n<p>O <strong>gabarito preliminar<\/strong> da Prova Objetiva ser\u00e1 divulgado at\u00e9 as 20h do dia <strong>15 de dezembro de 2025<\/strong>. J\u00e1 o <strong>gabarito oficial<\/strong> e o <strong>resultado da Prova Objetiva<\/strong> estar\u00e3o dispon\u00edveis em <strong>14 de janeiro de 2026<\/strong>, com acesso \u00e0 imagem do Cart\u00e3o-Resposta na \u00c1rea do Candidato.<\/p>\n<p>O <strong>resultado preliminar da Prova Pr\u00e1tica<\/strong> ser\u00e1 publicado em <strong>26 de janeiro de 2026<\/strong>, e o <strong>resultado preliminar geral do concurso<\/strong> ser\u00e1 divulgado em <strong>3 de fevereiro de 2026<\/strong>, ambos com possibilidade de recurso conforme as regras do edital.<\/p>\n<p>O <strong>resultado final<\/strong> ser\u00e1 publicado em <strong>13 de fevereiro de 2026<\/strong>, com lista classificat\u00f3ria por cargo, contendo n\u00famero de inscri\u00e7\u00e3o, nome, data de nascimento e nota final. Ser\u00e3o divulgadas duas listas: uma geral e outra espec\u00edfica para candidatos com defici\u00eancia.<\/p>\n<p>Em caso de empate, os crit\u00e9rios de desempate incluem: idade igual ou superior a 60 anos, maior n\u00famero de acertos em Conhecimentos Espec\u00edficos, Conhecimentos Gerais, L\u00edngua Portuguesa, Inform\u00e1tica (se aplic\u00e1vel), exerc\u00edcio da fun\u00e7\u00e3o de jurado e maior idade.<\/p>\n<p>A <strong>homologa\u00e7\u00e3o do concurso<\/strong> est\u00e1 prevista para ocorrer a partir de <strong>23 de fevereiro de 2026<\/strong>, com publica\u00e7\u00e3o no Di\u00e1rio Oficial do Munic\u00edpio. As convoca\u00e7\u00f5es para posse ser\u00e3o feitas conforme a necessidade da administra\u00e7\u00e3o, e os candidatos devem acompanhar todas as publica\u00e7\u00f5es no site <a href=\"https:\/\/concursos.furb.br\" target=\"_blank\" rel=\"noopener\">concursos.furb.br<\/a> e no Di\u00e1rio Oficial.<\/p>\n<p>O acompanhamento das publica\u00e7\u00f5es oficiais \u00e9 de responsabilidade exclusiva do candidato.<\/p>\n","protected":false},"excerpt":{"rendered":"<p>Concurso Pref. S\u00e3o Jo\u00e3o Batista (SC) com edital publicado! Vagas p\/ M\u00e9dico e + (Fund. a Sup.). Inscri\u00e7\u00f5es a partir de 17\/10. Sal\u00e1rios at\u00e9 R$ 13.6k. Confira detalhes!<\/p>\n","protected":false},"author":7,"featured_media":273621,"comment_status":"open","ping_status":"open","sticky":false,"template":"","format":"standard","meta":{"_acf_changed":false,"_breakdance_hide_in_design_set":false,"_breakdance_tags":"","footnotes":""},"categories":[3,5,6,9,10,117,141,11,12,14,79,16,17,18,19,21,22,23,24,25,26,101,29,108,143],"tags":[61],"_amplo":[],"destaque":[],"instituicoes":[],"class_list":["post-273622","post","type-post","status-publish","format-standard","has-post-thumbnail","hentry","category-administracao","category-arquitetura","category-biologia","category-ciencias-contabeis","category-direito","category-economia","category-educacao-artistica","category-educacao-fisica","category-enfermagem","category-engenharia","category-engenharia-alimentos","category-engenharia-sanitaria","category-farmacia","category-fisioterapia","category-fonoaudiologia","category-medicina","category-veterinaria","category-nutricao","category-odontologia","category-pedagogia","category-psicologia","category-servico-social","category-tecnico-agricola","category-tecnico-enfermagem","category-tecnico-odontologia","tag-santa-catarina"],"acf":{"_tipo_vagas":"vagas","_numero_vagas":"","_quadro_vagas":"","_cargos":"diversos","_cargos_especificos":"","_salario_max":"R$ 13636.72","_abertura":"20251017","_encerramento":"20251118","_inscricoes":"https:\/\/concursos.furb.br","_executora_concurso":"","_instituicao_concurso":[],"_link_adicional":null,"_anexos":null,"_produtos":null,"_vagas":"60 vagas + CR","_salario_min":"R$ 1518","_instituicao":"Prefeitura de S\u00e3o Jo\u00e3o Batista","_edital":"https:\/\/www.agrobase.com.br\/concursos\/wp-content\/uploads\/sites\/4\/2025\/11\/edital-01-2025-prefeitura-de-sao-joao-batista-sc.pdf","_anexos_edital":"https:\/\/www.agrobase.com.br\/concursos\/wp-content\/uploads\/sites\/4\/2025\/11\/anexos-edital-01-2025-prefeitura-de-sao-joao-batista-sc.pdf","_fund_incompleto":"<div>\r\n<table class=\"quadro\">\r\n<thead>\r\n<tr>\r\n<th class=\"hcargo\">Cargo<\/th>\r\n<th class=\"hvagas\">Vagas<\/th>\r\n<th class=\"hremuneracao\">Remunera\u00e7\u00e3o<\/th>\r\n<\/tr>\r\n<\/thead>\r\n    <tbody>\r\n      <td class=\"ccargos\">\r\n<span data-balloon-length=\"medium\" aria-label=\"Ensino Fundamental incompleto.\" data-balloon-pos=\"up\">Auxiliar de Servi\u00e7os Gerais<\/span><\/td>\r\n<td class=\"cvagas\">CR<\/td>\r\n<td class=\"cremuneracao\">R$ 1.518,00 \/40h<\/td>\r\n<\/tr><td class=\"ccargos\">\r\n<span data-balloon-length=\"medium\" aria-label=\"Ensino Fundamental Incompleto. Experi\u00eancia M\u00ednima de 1 ano e CNH Categoria B.\" data-balloon-pos=\"up\">Condutor de Ve\u00edculo Leve<\/span><\/td>\r\n<td class=\"cvagas\">1+CR<\/td>\r\n<td class=\"cremuneracao\">R$ 1.555,56 \/40h<\/td>\r\n<\/tr><td class=\"ccargos\">\r\n<span data-balloon-length=\"medium\" aria-label=\"Ensino Fundamental Incompleto. Experi\u00eancia m\u00ednima de 1 (um) ano; carteira de habilita\u00e7\u00e3o na categoria D; e possuir cursos para transporte de passageiros.\" data-balloon-pos=\"up\">Condutor de Ve\u00edculo Pesado I - \u00d4nibus<\/span><\/td>\r\n<td class=\"cvagas\">1+CR<\/td>\r\n<td class=\"cremuneracao\">R$ 2.650,84 \/40h<\/td>\r\n<\/tr><td class=\"ccargos\">\r\n<span data-balloon-length=\"medium\" aria-label=\"Ensino Fundamental Incompleto; Experi\u00eancia m\u00ednima de 1 ano e possuir CNH categoria C.\" data-balloon-pos=\"up\">Condutor de Ve\u00edculo Pesado II<\/span><\/td>\r\n<td class=\"cvagas\">2+CR<\/td>\r\n<td class=\"cremuneracao\">R$ 2.650,84 \/40h<\/td>\r\n<\/tr><td class=\"ccargos\">\r\n<span data-balloon-length=\"medium\" aria-label=\"Ensino Fundamental Incompleto; Experi\u00eancia m\u00ednima de 1 ano e possuir CNH categoria C.\" data-balloon-pos=\"up\">Condutor de Ve\u00edculo Pesado II - Trator Agr\u00edcola<\/span><\/td>\r\n<td class=\"cvagas\">5+CR<\/td>\r\n<td class=\"cremuneracao\">R$ 2.650,84 \/40h<\/td>\r\n<\/tr><td class=\"ccargos\">\r\n<span data-balloon-length=\"medium\" aria-label=\"Ensino Fundamental incompleto.\" data-balloon-pos=\"up\">Mestre de Obras<\/span><\/td>\r\n<td class=\"cvagas\">5+CR<\/td>\r\n<td class=\"cremuneracao\">R$ 1.834,69 \/40h<\/td>\r\n<\/tr>\r\n    <\/tbody>\r\n  <\/table>\r\n<\/div>","_fund_completo":"<div>\r\n<table class=\"quadro\">\r\n<thead>\r\n<tr>\r\n<th class=\"hcargo\">Cargo<\/th>\r\n<th class=\"hvagas\">Vagas<\/th>\r\n<th class=\"hremuneracao\">Remunera\u00e7\u00e3o<\/th>\r\n<\/tr>\r\n<\/thead>\r\n    <tbody>\r\n      <td class=\"ccargos\">\r\n<span data-balloon-length=\"medium\" aria-label=\"Ensino Fundamental e Experi\u00eancia m\u00ednima de 1 ano e possuir Carteira de Habilita\u00e7\u00e3o Categoria D com curso espec\u00edfico.\" data-balloon-pos=\"up\">Condutor de Ambul\u00e2ncia<\/span><\/td>\r\n<td class=\"cvagas\">1+CR<\/td>\r\n<td class=\"cremuneracao\">R$ 2.650,84 \/40h<\/td>\r\n<\/tr>\r\n    <\/tbody>\r\n  <\/table>\r\n<\/div>","_medio":"<div>\r\n<table class=\"quadro\">\r\n<thead>\r\n<tr>\r\n<th class=\"hcargo\">Cargo<\/th>\r\n<th class=\"hvagas\">Vagas<\/th>\r\n<th class=\"hremuneracao\">Remunera\u00e7\u00e3o<\/th>\r\n<\/tr>\r\n<\/thead>\r\n    <tbody>\r\n      <td class=\"ccargos\">\r\n<span data-balloon-length=\"medium\" aria-label=\"Ensino M\u00e9dio; Curso b\u00e1sico de Prote\u00e7\u00e3o e Defesa Civil (ou equivalente), oferecido pela Secretaria Nacional de Defesa Civil ou Secretaria Estadual de Defesa Civil, ou, forma\u00e7\u00e3o no Curso de Bombeiro Comunit\u00e1rio realizado pelo CBMSC; Carteira Nacional de Habilita\u00e7\u00e3o - categoria AB ou B.\" data-balloon-pos=\"up\">Agente de Prote\u00e7\u00e3o e Defesa Civil<\/span><\/td>\r\n<td class=\"cvagas\">1+CR<\/td>\r\n<td class=\"cremuneracao\">R$ 2.731,94 \/40h<\/td>\r\n<\/tr><td class=\"ccargos\">\r\n<span data-balloon-length=\"medium\" aria-label=\"Ensino M\u00e9dio.\" data-balloon-pos=\"up\">Assistente Administrativo<\/span><\/td>\r\n<td class=\"cvagas\">5+CR<\/td>\r\n<td class=\"cremuneracao\">R$ 2.540,36 \/40h<\/td>\r\n<\/tr><td class=\"ccargos\">\r\n<span data-balloon-length=\"medium\" aria-label=\"Ensino M\u00e9dio e Conhecimentos b\u00e1sicos em inform\u00e1tica.\" data-balloon-pos=\"up\">Auxiliar de Biblioteca (FUNJUVE)<\/span><\/td>\r\n<td class=\"cvagas\">1+CR<\/td>\r\n<td class=\"cremuneracao\">R$ 1.518,00 \/40h<\/td>\r\n<\/tr><td class=\"ccargos\">\r\n<span data-balloon-length=\"medium\" aria-label=\"Ensino M\u00e9dio e Curso de Auxiliar de Sa\u00fade Bucal.\" data-balloon-pos=\"up\">Auxiliar de Sa\u00fade Bucal - ESB<\/span><\/td>\r\n<td class=\"cvagas\">1+CR<\/td>\r\n<td class=\"cremuneracao\">R$ 1.518,37 \/40h<\/td>\r\n<\/tr><td class=\"ccargos\">\r\n<span data-balloon-length=\"medium\" aria-label=\"Curso t\u00e9cnico na \u00e1rea afim.\" data-balloon-pos=\"up\">T\u00e9cnico Agr\u00edcola<\/span><\/td>\r\n<td class=\"cvagas\">2+CR<\/td>\r\n<td class=\"cremuneracao\">R$ 1.807,04 \/40h<\/td>\r\n<\/tr><td class=\"ccargos\">\r\n<span data-balloon-length=\"medium\" aria-label=\"Curso T\u00e9cnico de Enfermagem e Inscri\u00e7\u00e3o no Conselho Regional de Enfermagem.\" data-balloon-pos=\"up\">T\u00e9cnico em Enfermagem<\/span><\/td>\r\n<td class=\"cvagas\">1+CR<\/td>\r\n<td class=\"cremuneracao\">R$ 1.807,04 \/40h<\/td>\r\n<\/tr><td class=\"ccargos\">\r\n<span data-balloon-length=\"medium\" aria-label=\"Curso T\u00e9cnico em Higiene Bucal e Inscri\u00e7\u00e3o no Conselho Regional de Odontologia.\" data-balloon-pos=\"up\">T\u00e9cnico em Sa\u00fade Bucal - ESB<\/span><\/td>\r\n<td class=\"cvagas\">1+CR<\/td>\r\n<td class=\"cremuneracao\">R$ 1.833,38 \/40h<\/td>\r\n<\/tr>\r\n    <\/tbody>\r\n  <\/table>\r\n<\/div>","_superior":"<div>\r\n<table class=\"quadro\">\r\n<thead>\r\n<tr>\r\n<th class=\"hcargo\">Cargo<\/th>\r\n<th class=\"hvagas\">Vagas<\/th>\r\n<th class=\"hremuneracao\">Remunera\u00e7\u00e3o<\/th>\r\n<\/tr>\r\n<\/thead>\r\n    <tbody>\r\n      <tr>\r\n<td class=\"ccargos\">\r\n<span data-balloon-length=\"medium\" aria-label=\"Gradua\u00e7\u00e3o em Direito com registro na OAB.\" data-balloon-pos=\"up\">Advogado<\/span><\/td>\r\n<td class=\"cvagas\">1+CR<\/td>\r\n<td class=\"cremuneracao\">R$ 5.394,70 \/30h<\/td>\r\n<\/tr><tr>\r\n<td class=\"ccargos\">\r\n<span data-balloon-length=\"medium\" aria-label=\"Curso Superior em Direito e Inscri\u00e7\u00e3o na Ordem dos Advogados do Brasil \u2013 OAB.\" data-balloon-pos=\"up\">Advogado - Assist\u00eancia Social<\/span><\/td>\r\n<td class=\"cvagas\">CR<\/td>\r\n<td class=\"cremuneracao\">R$ 5.394,70 \/30h<\/td>\r\n<\/tr><tr>\r\n<td class=\"ccargos\">\r\n<span data-balloon-length=\"medium\" aria-label=\"Curso superior em arquitetura com registro no conselho profissional respectivo.\" data-balloon-pos=\"up\">Arquiteto<\/span><\/td>\r\n<td class=\"cvagas\">1+CR<\/td>\r\n<td class=\"cremuneracao\">R$ 5.394,70 \/30h<\/td>\r\n<\/tr><tr>\r\n<td class=\"ccargos\">\r\n<span data-balloon-length=\"medium\" aria-label=\"Curso Superior em Servi\u00e7o Social e registro no conselho competente.\" data-balloon-pos=\"up\">Assistente Social<\/span><\/td>\r\n<td class=\"cvagas\">2+CR<\/td>\r\n<td class=\"cremuneracao\">R$ 4.185,32 \/30h<\/td>\r\n<\/tr><tr>\r\n<td class=\"ccargos\">\r\n<span data-balloon-length=\"medium\" aria-label=\"Curso superior em Ci\u00eancias Cont\u00e1beis ou Direito.\" data-balloon-pos=\"up\">Auditor de Controle Interno<\/span><\/td>\r\n<td class=\"cvagas\">1+CR<\/td>\r\n<td class=\"cremuneracao\">R$ 3.944,47 \/40h<\/td>\r\n<\/tr><tr>\r\n<td class=\"ccargos\">\r\n<span data-balloon-length=\"medium\" aria-label=\"Curso Superior em Engenharia Civil com diploma fornecido por institui\u00e7\u00e3o de ensino superior reconhecida pelo MEC e registro no respectivo Conselho de Classe; Possuir CNH categoria B e Conhecimento da legisla\u00e7\u00e3o urban\u00edstica vigente.\" data-balloon-pos=\"up\">Auditor Fiscal de Obras e Posturas<\/span><\/td>\r\n<td class=\"cvagas\">2+CR<\/td>\r\n<td class=\"cremuneracao\">R$ 4.300,00 \/40h<\/td>\r\n<\/tr><tr>\r\n<td class=\"ccargos\">\r\n<span data-balloon-length=\"medium\" aria-label=\"Ensino Superior em Ci\u00eancias Cont\u00e1beis, Direito, Administra\u00e7\u00e3o e Economia. CNH Categoria B.\" data-balloon-pos=\"up\">Auditor Fiscal de Tributos Municipais<\/span><\/td>\r\n<td class=\"cvagas\">1+CR<\/td>\r\n<td class=\"cremuneracao\">R$ 4.300,00 \/40h<\/td>\r\n<\/tr><tr>\r\n<td class=\"ccargos\">\r\n<span data-balloon-length=\"medium\" aria-label=\"Licenciatura Plena na \u00c1rea da Sa\u00fade, com profiss\u00e3o regulamentada; gradua\u00e7\u00e3o em Biologia, Engenharia de Alimentos, Engenharia Civil, Engenharia Sanit\u00e1ria ou Medicina Veterin\u00e1ria, com registro no respectivo Conselho de Classe; gradua\u00e7\u00e3o em Biomedicina, Direito, Vigil\u00e2ncia Sanit\u00e1ria, Gest\u00e3o P\u00fablica ou Gest\u00e3o em Sa\u00fade P\u00fablica, com diploma devidamente registrado e fornecido por institui\u00e7\u00e3o de ensino superior reconhecida pelo MEC. Possuir Carteira Nacional de Habilita\u00e7\u00e3o, categoria B. Conhecimento da legisla\u00e7\u00e3o Sanit\u00e1ria vigente.\" data-balloon-pos=\"up\">Auditor Fiscal de Vigil\u00e2ncia Sanit\u00e1ria<\/span><\/td>\r\n<td class=\"cvagas\">1+CR<\/td>\r\n<td class=\"cremuneracao\">R$ 4.300,00 \/40h<\/td>\r\n<\/tr><tr>\r\n<td class=\"ccargos\">\r\n<span data-balloon-length=\"medium\" aria-label=\"Ensino Superior em Ci\u00eancias Cont\u00e1beis e Registro no Conselho competente.\" data-balloon-pos=\"up\">Contador<\/span><\/td>\r\n<td class=\"cvagas\">1+CR<\/td>\r\n<td class=\"cremuneracao\">R$ 6.769,10 \/40h<\/td>\r\n<\/tr><tr>\r\n<td class=\"ccargos\">\r\n<span data-balloon-length=\"medium\" aria-label=\"Curso superior em Educa\u00e7\u00e3o F\u00edsica (Bacharelado) e Registro no Conselho Regional de Educa\u00e7\u00e3o F\u00edsica.\" data-balloon-pos=\"up\">Educador F\u00edsico<\/span><\/td>\r\n<td class=\"cvagas\">1+CR<\/td>\r\n<td class=\"cremuneracao\">R$ 3.629,36 \/40h<\/td>\r\n<\/tr><tr>\r\n<td class=\"ccargos\">\r\n<span data-balloon-length=\"medium\" aria-label=\"Curso Superior em Artes.\" data-balloon-pos=\"up\">Educador Social com Forma\u00e7\u00e3o em Artes<\/span><\/td>\r\n<td class=\"cvagas\">1+CR<\/td>\r\n<td class=\"cremuneracao\">R$ 5.069,69 \/40h<\/td>\r\n<\/tr><tr>\r\n<td class=\"ccargos\">\r\n<span data-balloon-length=\"medium\" aria-label=\"Superior Licenciado em Educa\u00e7\u00e3o F\u00edsica e Registro no Conselho Regional de Educa\u00e7\u00e3o F\u00edsica.\" data-balloon-pos=\"up\">Educador Social com Forma\u00e7\u00e3o em Educa\u00e7\u00e3o F\u00edsica<\/span><\/td>\r\n<td class=\"cvagas\">1+CR<\/td>\r\n<td class=\"cremuneracao\">R$ 5.069,69 \/40h<\/td>\r\n<\/tr><tr>\r\n<td class=\"ccargos\">\r\n<span data-balloon-length=\"medium\" aria-label=\"Forma\u00e7\u00e3o Curso Superior em Pedagogia.\" data-balloon-pos=\"up\">Educador Social com Forma\u00e7\u00e3o em Pedagogia<\/span><\/td>\r\n<td class=\"cvagas\">1+CR<\/td>\r\n<td class=\"cremuneracao\">R$ 5.069,69 \/40h<\/td>\r\n<\/tr><tr>\r\n<td class=\"ccargos\">\r\n<span data-balloon-length=\"medium\" aria-label=\"Curso superior em Enfermagem e registro no Conselho competente.\" data-balloon-pos=\"up\">Enfermeiro<\/span><\/td>\r\n<td class=\"cvagas\">1+CR<\/td>\r\n<td class=\"cremuneracao\">R$ 4.185,39 \/40h<\/td>\r\n<\/tr><tr>\r\n<td class=\"ccargos\">\r\n<span data-balloon-length=\"medium\" aria-label=\"Curso Superior em Engenharia Civil com Registro no Conselho profissional respectivo.\" data-balloon-pos=\"up\">Engenheiro Civil<\/span><\/td>\r\n<td class=\"cvagas\">3+CR<\/td>\r\n<td class=\"cremuneracao\">R$ 5.394,70 \/30h<\/td>\r\n<\/tr><tr>\r\n<td class=\"ccargos\">\r\n<span data-balloon-length=\"medium\" aria-label=\"Curso Superior de Farm\u00e1cia com Registro no Conselho.\" data-balloon-pos=\"up\">Farmac\u00eautico<\/span><\/td>\r\n<td class=\"cvagas\">1+CR<\/td>\r\n<td class=\"cremuneracao\">R$ 4.185,39 \/40h<\/td>\r\n<\/tr><tr>\r\n<td class=\"ccargos\">\r\n<span data-balloon-length=\"medium\" aria-label=\"Ensino Superior em Farm\u00e1cia e Registro no Conselho Regional de Farm\u00e1cia e possuir Carteira Nacional de Habilita\u00e7\u00e3o, categoria B.\" data-balloon-pos=\"up\">Fiscal Sanit\u00e1rio - Farmac\u00eautico<\/span><\/td>\r\n<td class=\"cvagas\">1+CR<\/td>\r\n<td class=\"cremuneracao\">R$ 4.300,00 \/40h<\/td>\r\n<\/tr><tr>\r\n<td class=\"ccargos\">\r\n<span data-balloon-length=\"medium\" aria-label=\"Curso superior em Fisioterapia com Registro no Conselho profissional competente.\" data-balloon-pos=\"up\">Fisioterapeuta<\/span><\/td>\r\n<td class=\"cvagas\">1+CR<\/td>\r\n<td class=\"cremuneracao\">R$ 4.185,32 \/30h<\/td>\r\n<\/tr><tr>\r\n<td class=\"ccargos\">\r\n<span data-balloon-length=\"medium\" aria-label=\"Curso Superior de Fonoaudi\u00f3logo com Registro no Conselho respectivo.\" data-balloon-pos=\"up\">Fonoaudi\u00f3logo<\/span><\/td>\r\n<td class=\"cvagas\">1+CR<\/td>\r\n<td class=\"cremuneracao\">R$ 4.185,32 \/40h<\/td>\r\n<\/tr><tr>\r\n<td class=\"ccargos\">\r\n<span data-balloon-length=\"medium\" aria-label=\"Curso Superior em Medicina com registro no Conselho competente.\" data-balloon-pos=\"up\">M\u00e9dico<\/span><\/td>\r\n<td class=\"cvagas\">1+CR<\/td>\r\n<td class=\"cremuneracao\">R$ 13.636,72 \/40h<\/td>\r\n<\/tr><tr>\r\n<td class=\"ccargos\">\r\n<span data-balloon-length=\"medium\" aria-label=\"Curso Superior em Medicina com registro no Conselho competente.\" data-balloon-pos=\"up\">M\u00e9dico II<\/span><\/td>\r\n<td class=\"cvagas\">1+CR<\/td>\r\n<td class=\"cremuneracao\">R$ 6.818,36 \/20h<\/td>\r\n<\/tr><tr>\r\n<td class=\"ccargos\">\r\n<span data-balloon-length=\"medium\" aria-label=\"Curso superior em Medicina Veterin\u00e1ria com registro no Conselho competente.\" data-balloon-pos=\"up\">M\u00e9dico Veterin\u00e1rio<\/span><\/td>\r\n<td class=\"cvagas\">2+CR<\/td>\r\n<td class=\"cremuneracao\">R$ 6.562,41 \/40h<\/td>\r\n<\/tr><tr>\r\n<td class=\"ccargos\">\r\n<span data-balloon-length=\"medium\" aria-label=\"Curso superior em Nutri\u00e7\u00e3o com Registro no Conselho profissional competente.\" data-balloon-pos=\"up\">Nutricionista<\/span><\/td>\r\n<td class=\"cvagas\">CR<\/td>\r\n<td class=\"cremuneracao\">R$ 4.185,39 \/40h<\/td>\r\n<\/tr><tr>\r\n<td class=\"ccargos\">\r\n<span data-balloon-length=\"medium\" aria-label=\"Curso superior em Odontologia com Registro no Conselho profissional competente.\" data-balloon-pos=\"up\">Odont\u00f3logo - ESF I<\/span><\/td>\r\n<td class=\"cvagas\">1+CR<\/td>\r\n<td class=\"cremuneracao\">R$ 5.539,75 \/40h<\/td>\r\n<\/tr><tr>\r\n<td class=\"ccargos\">\r\n<span data-balloon-length=\"medium\" aria-label=\"Curso superior em Odontologia com Registro no Conselho profissional competente.\" data-balloon-pos=\"up\">Odont\u00f3logo - ESF II<\/span><\/td>\r\n<td class=\"cvagas\">1+CR<\/td>\r\n<td class=\"cremuneracao\">R$ 2.659,76 \/20h<\/td>\r\n<\/tr><tr>\r\n<td class=\"ccargos\">\r\n<span data-balloon-length=\"medium\" aria-label=\"Ensino Superior Completo em Direito.\" data-balloon-pos=\"up\">Ouvidor<\/span><\/td>\r\n<td class=\"cvagas\">1+CR<\/td>\r\n<td class=\"cremuneracao\">R$ 4.041,47 \/40h<\/td>\r\n<\/tr><tr>\r\n<td class=\"ccargos\">\r\n<span data-balloon-length=\"medium\" aria-label=\"Curso Superior em Psicologia e Registro no Conselho competente.\" data-balloon-pos=\"up\">Psic\u00f3logo<\/span><\/td>\r\n<td class=\"cvagas\">2+CR<\/td>\r\n<td class=\"cremuneracao\">R$ 4.185,32 \/40h<\/td>\r\n<\/tr>\r\n    <\/tbody>\r\n  <\/table>\r\n<\/div>"},"_links":{"self":[{"href":"https:\/\/www.agrobase.com.br\/concursos\/wp-json\/wp\/v2\/posts\/273622","targetHints":{"allow":["GET"]}}],"collection":[{"href":"https:\/\/www.agrobase.com.br\/concursos\/wp-json\/wp\/v2\/posts"}],"about":[{"href":"https:\/\/www.agrobase.com.br\/concursos\/wp-json\/wp\/v2\/types\/post"}],"author":[{"embeddable":true,"href":"https:\/\/www.agrobase.com.br\/concursos\/wp-json\/wp\/v2\/users\/7"}],"replies":[{"embeddable":true,"href":"https:\/\/www.agrobase.com.br\/concursos\/wp-json\/wp\/v2\/comments?post=273622"}],"version-history":[{"count":3,"href":"https:\/\/www.agrobase.com.br\/concursos\/wp-json\/wp\/v2\/posts\/273622\/revisions"}],"predecessor-version":[{"id":273639,"href":"https:\/\/www.agrobase.com.br\/concursos\/wp-json\/wp\/v2\/posts\/273622\/revisions\/273639"}],"wp:featuredmedia":[{"embeddable":true,"href":"https:\/\/www.agrobase.com.br\/concursos\/wp-json\/wp\/v2\/media\/273621"}],"wp:attachment":[{"href":"https:\/\/www.agrobase.com.br\/concursos\/wp-json\/wp\/v2\/media?parent=273622"}],"wp:term":[{"taxonomy":"category","embeddable":true,"href":"https:\/\/www.agrobase.com.br\/concursos\/wp-json\/wp\/v2\/categories?post=273622"},{"taxonomy":"post_tag","embeddable":true,"href":"https:\/\/www.agrobase.com.br\/concursos\/wp-json\/wp\/v2\/tags?post=273622"},{"taxonomy":"_amplo","embeddable":true,"href":"https:\/\/www.agrobase.com.br\/concursos\/wp-json\/wp\/v2\/_amplo?post=273622"},{"taxonomy":"destaque","embeddable":true,"href":"https:\/\/www.agrobase.com.br\/concursos\/wp-json\/wp\/v2\/destaque?post=273622"},{"taxonomy":"instituicoes","embeddable":true,"href":"https:\/\/www.agrobase.com.br\/concursos\/wp-json\/wp\/v2\/instituicoes?post=273622"}],"curies":[{"name":"wp","href":"https:\/\/api.w.org\/{rel}","templated":true}]}}