{"id":273615,"date":"2025-11-10T08:20:42","date_gmt":"2025-11-10T11:20:42","guid":{"rendered":"https:\/\/www.agrobase.com.br\/concursos\/?p=273615"},"modified":"2025-11-07T14:32:23","modified_gmt":"2025-11-07T17:32:23","slug":"prefeitura-porto-alegre-rs-concurso-122-2025","status":"publish","type":"post","link":"https:\/\/www.agrobase.com.br\/concursos\/2025\/prefeitura-porto-alegre-rs-concurso-122-2025\/","title":{"rendered":"Prefeitura Porto Alegre (RS) &#8211; Concurso 122\/2025"},"content":{"rendered":"<h2>Informa\u00e7\u00f5es Gerais<\/h2>\n<p>O Concurso P\u00fablico da Prefeitura Municipal de Porto Alegre\/RS, regido pelo Edital n\u00ba 01\/2025 e organizado pelo Instituto Avalia, est\u00e1 com edital publicado e visa ao provimento de <strong>39 vagas imediatas, al\u00e9m de forma\u00e7\u00e3o de cadastro reserva<\/strong> para diversos cargos de n\u00edveis m\u00e9dio\/t\u00e9cnico e superior. As contrata\u00e7\u00f5es ocorrer\u00e3o sob o <strong>regime estatut\u00e1rio<\/strong>, garantindo estabilidade aos aprovados.<\/p>\n<p>O certame contempla oportunidades em \u00e1reas estrat\u00e9gicas da administra\u00e7\u00e3o p\u00fablica, com destaque para <strong>Engenharia Civil, Engenharia El\u00e9trica, Engenharia Mec\u00e2nica, Biologia, Nutri\u00e7\u00e3o e T\u00e9cnico em Agropecu\u00e1ria<\/strong>, al\u00e9m de diversas especialidades m\u00e9dicas. As remunera\u00e7\u00f5es variam de <strong>R$ 2.641,51 a R$ 7.867,30<\/strong>, com jornadas de trabalho entre 20h e 30h semanais, conforme o cargo.<\/p>\n<p>Se voc\u00ea busca uma carreira p\u00fablica s\u00f3lida e deseja atuar em uma das capitais mais importantes do pa\u00eds, continue a leitura para conhecer os detalhes sobre inscri\u00e7\u00f5es, etapas e resultados deste concurso.<\/p>\n<h2>Inscri\u00e7\u00f5es<\/h2>\n<p>As inscri\u00e7\u00f5es para o Concurso P\u00fablico da Prefeitura de Porto Alegre estar\u00e3o abertas de <strong>20 de outubro a 18 de novembro de 2025<\/strong>, exclusivamente pelo site <a href=\"www.avalia.org.br\" target=\"_blank\">www.avalia.org.br<\/a>. Para candidatos sem acesso \u00e0 internet, ser\u00e1 disponibilizado um posto de inscri\u00e7\u00e3o presencial na Escola Estadual de Educa\u00e7\u00e3o Profissional em Sa\u00fade no Hospital de Cl\u00ednicas de Porto Alegre, funcionando em dias \u00fateis, das 9h \u00e0s 12h e das 13h \u00e0s 17h.<\/p>\n<p>As taxas de inscri\u00e7\u00e3o variam conforme o n\u00edvel do cargo, conforme especificado na Tabela 2.1 do edital. O pagamento deve ser realizado por meio do Documento de Arrecada\u00e7\u00e3o Municipal (DAM), emitido at\u00e9 19\/11\/2025, com vencimento na mesma data. O boleto deve conter obrigatoriamente o CPF do candidato; pagamentos com CPF de terceiros n\u00e3o ser\u00e3o aceitos.<\/p>\n<p>Haver\u00e1 isen\u00e7\u00e3o total da taxa para candidatos inscritos no Cad\u00danico e membros de fam\u00edlia de baixa renda, mediante solicita\u00e7\u00e3o entre os dias <strong>20 e 24 de outubro de 2025<\/strong>, tamb\u00e9m pelo site da banca. O resultado dos pedidos de isen\u00e7\u00e3o ser\u00e1 divulgado at\u00e9 31\/10\/2025.<\/p>\n<p>\u00c9 fundamental acompanhar o status da inscri\u00e7\u00e3o na \u00e1rea do candidato no site da banca e garantir que todos os dados estejam corretos. Para mais informa\u00e7\u00f5es, recomenda-se a leitura atenta do edital completo.<\/p>\n<h2>Etapas e Provas<\/h2>\n<p>O concurso ser\u00e1 composto por <strong>Prova Objetiva<\/strong> para todos os cargos e <strong>Prova Discursiva<\/strong> para cargos de n\u00edveis m\u00e9dio\/t\u00e9cnico e superior (exceto m\u00e9dicos especialistas). Ambas as provas t\u00eam car\u00e1ter <strong>eliminat\u00f3rio e classificat\u00f3rio<\/strong>.<\/p>\n<ul>\n<li><strong>Prova Objetiva<\/strong>: 60 quest\u00f5es de m\u00faltipla escolha, com 5 alternativas e apenas uma correta. As disciplinas cobradas incluem L\u00edngua Portuguesa, Racioc\u00ednio L\u00f3gico, Inform\u00e1tica, Legisla\u00e7\u00e3o e Conhecimentos Espec\u00edficos. A pontua\u00e7\u00e3o total varia conforme o cargo, sendo necess\u00e1rio alcan\u00e7ar <strong>m\u00ednimo de 50 pontos<\/strong> e n\u00e3o zerar nenhuma disciplina.<\/li>\n<li><strong>Prova Discursiva<\/strong>: aplicada no mesmo dia da objetiva, ser\u00e1 composta por uma quest\u00e3o de Conhecimentos Espec\u00edficos. A avalia\u00e7\u00e3o considerar\u00e1 dom\u00ednio t\u00e9cnico, clareza, argumenta\u00e7\u00e3o e uso da norma culta. A pontua\u00e7\u00e3o m\u00e1xima \u00e9 de 20 pontos, sendo exigido m\u00ednimo de 10 pontos para aprova\u00e7\u00e3o. A corre\u00e7\u00e3o ser\u00e1 limitada a um n\u00famero m\u00e1ximo de candidatos por cargo, conforme tabela 13.1 do edital.<\/li>\n<\/ul>\n<p>Para os <strong>m\u00e9dicos especialistas<\/strong>, haver\u00e1 apenas a Prova Objetiva, com 60 quest\u00f5es distribu\u00eddas entre L\u00edngua Portuguesa, Legisla\u00e7\u00e3o e Conhecimentos Espec\u00edficos.<\/p>\n<p>As provas est\u00e3o previstas para o dia <strong>21 de dezembro de 2025<\/strong>, no turno da tarde, em Porto Alegre\/RS e, se necess\u00e1rio, em cidades vizinhas. A dura\u00e7\u00e3o ser\u00e1 de 5 horas. O local de prova ser\u00e1 informado no Cart\u00e3o de Informa\u00e7\u00e3o do Candidato, dispon\u00edvel a partir de 15\/12\/2025 no site da banca.<\/p>\n<p>Para detalhes sobre crit\u00e9rios de corre\u00e7\u00e3o, conte\u00fado program\u00e1tico e cronograma completo, consulte o edital na \u00edntegra.<\/p>\n<h2>Resultados e Gabarito<\/h2>\n<p>O <strong>gabarito preliminar<\/strong> da Prova Objetiva ser\u00e1 divulgado no dia seguinte \u00e0 aplica\u00e7\u00e3o da prova, no site <a href=\"www.avalia.org.br\" target=\"_blank\">www.avalia.org.br<\/a>. Recursos poder\u00e3o ser interpostos nos prazos definidos no edital.<\/p>\n<p>O <strong>resultado preliminar<\/strong> da Prova Objetiva ser\u00e1 seguido pela divulga\u00e7\u00e3o da lista de candidatos que ter\u00e3o a Prova Discursiva corrigida, conforme os crit\u00e9rios de classifica\u00e7\u00e3o por cargo e modalidade de concorr\u00eancia (ampla, PcD e pessoas negras).<\/p>\n<p>O <strong>resultado final<\/strong> ser\u00e1 composto pela soma das notas da Prova Objetiva e Discursiva (quando aplic\u00e1vel). Para os cargos de m\u00e9dico especialista, a nota final corresponder\u00e1 exclusivamente \u00e0 nota da Prova Objetiva.<\/p>\n<p>Em caso de empate, os crit\u00e9rios de desempate incluem: idade (para candidatos com 60 anos ou mais), maior nota em Conhecimentos Espec\u00edficos, L\u00edngua Portuguesa, Legisla\u00e7\u00e3o, Inform\u00e1tica e Racioc\u00ednio L\u00f3gico, al\u00e9m de idade geral e participa\u00e7\u00e3o como jurado.<\/p>\n<p>A <strong>homologa\u00e7\u00e3o do resultado final<\/strong> ser\u00e1 publicada no Di\u00e1rio Oficial de Porto Alegre e no site da banca, em tr\u00eas listas: geral, pessoas com defici\u00eancia e pessoas negras.<\/p>\n<p>\u00c9 responsabilidade exclusiva do candidato acompanhar todas as publica\u00e7\u00f5es oficiais no site da organizadora e no Di\u00e1rio Oficial do Munic\u00edpio durante todo o andamento do certame.<\/p>\n","protected":false},"excerpt":{"rendered":"<p>Concurso Pref. Porto Alegre (RS) com edital publicado! Vagas p\/ M\u00e9dico, Engenheiro (M\u00e9dio a Sup.). Inscri\u00e7\u00f5es a partir de 20\/10. Sal\u00e1rios at\u00e9 R$ 7.8k. Confira detalhes!<\/p>\n","protected":false},"author":7,"featured_media":273614,"comment_status":"open","ping_status":"open","sticky":false,"template":"","format":"standard","meta":{"_acf_changed":false,"_breakdance_hide_in_design_set":false,"_breakdance_tags":"","footnotes":""},"categories":[5,6,6433,117,14,103,104,136,21,29,30,108,157],"tags":[58],"_amplo":[],"destaque":[],"instituicoes":[],"class_list":["post-273615","post","type-post","status-publish","format-standard","has-post-thumbnail","hentry","category-arquitetura","category-biologia","category-biologia-licenciatura","category-economia","category-engenharia","category-engenharia-eletrica","category-engenharia-mecanica","category-estatistica","category-medicina","category-tecnico-agricola","category-tecnico-agropecuaria","category-tecnico-enfermagem","category-tecnico-seguranca-trabalho","tag-rio-grande-sul"],"acf":{"_tipo_vagas":"vagas","_numero_vagas":"","_quadro_vagas":"","_cargos":"diversos","_cargos_especificos":"","_salario_max":"R$ 7867.3","_abertura":"20251020","_encerramento":"20251118","_inscricoes":"http:\/\/www.avalia.org.br","_executora_concurso":"","_instituicao_concurso":[],"_link_adicional":null,"_anexos":null,"_produtos":null,"_vagas":"39 vagas + CR","_salario_min":"R$ 2641.51","_instituicao":"Prefeitura de Porto Alegre","_edital":"https:\/\/www.agrobase.com.br\/concursos\/wp-content\/uploads\/sites\/4\/2025\/11\/edital-122-2025-prefeitura-de-porto-alegre-rs.pdf","_anexos_edital":"https:\/\/www.agrobase.com.br\/concursos\/wp-content\/uploads\/sites\/4\/2025\/11\/anexos-edital-122-2025-prefeitura-de-porto-alegre-rs.pdf","_fund_incompleto":"","_fund_completo":"","_medio":"<div>\r\n<table class=\"quadro\">\r\n<thead>\r\n<tr>\r\n<th class=\"hcargo\">Cargo<\/th>\r\n<th class=\"hvagas\">Vagas<\/th>\r\n<th class=\"hremuneracao\">Remunera\u00e7\u00e3o<\/th>\r\n<\/tr>\r\n<\/thead>\r\n    <tbody>\r\n      <td class=\"ccargos\">\r\n<span data-balloon-length=\"medium\" aria-label=\"Curso de T\u00e9cnico completo em Eletrot\u00e9cnica; E Registro profissional ativo como Eletrot\u00e9cnico no Conselho Regional dos T\u00e9cnicos Industriais do Rio Grande do Sul \u2013 CRT\/RS.\" data-balloon-pos=\"up\">ELETROT\u00c9CNICO<\/span><\/td>\r\n<td class=\"cvagas\">1 + CR<\/td>\r\n<td class=\"cremuneracao\">R$ 2.641,51 \/30h<\/td>\r\n<\/tr><td class=\"ccargos\">\r\n<span data-balloon-length=\"medium\" aria-label=\"Curso t\u00e9cnico completo em Agropecu\u00e1ria; E Registro profissional ativo como T\u00e9cnico Agr\u00edcola em Agropecu\u00e1ria no Conselho Federal dos T\u00e9cnicos Agr\u00edcolas \u2013 CFTA.\" data-balloon-pos=\"up\">T\u00c9CNICO EM AGROPECU\u00c1RIA<\/span><\/td>\r\n<td class=\"cvagas\">1 + CR<\/td>\r\n<td class=\"cremuneracao\">R$ 2.641,51 \/30h<\/td>\r\n<\/tr><td class=\"ccargos\">\r\n<span data-balloon-length=\"medium\" aria-label=\"Curso de T\u00e9cnico completo em Enfermagem; E Registro profissional ativo como T\u00e9cnico em Enfermagem no Conselho Regional de Enfermagem - COREN\/RS.\" data-balloon-pos=\"up\">T\u00c9CNICO EM ENFERMAGEM<\/span><\/td>\r\n<td class=\"cvagas\">1 + CR<\/td>\r\n<td class=\"cremuneracao\">R$ 2.641,51 \/30h<\/td>\r\n<\/tr><td class=\"ccargos\">\r\n<span data-balloon-length=\"medium\" aria-label=\"Curso t\u00e9cnico completo em Nutri\u00e7\u00e3o e Diet\u00e9tica; E Registro profissional ativo como T\u00e9cnico em Nutri\u00e7\u00e3o e Diet\u00e9tica no Conselho Regional de Nutricionistas da 2\u00aa Regi\u00e3o - CRN2.\" data-balloon-pos=\"up\">T\u00c9CNICO EM NUTRI\u00c7\u00c3O E DIET\u00c9TICA<\/span><\/td>\r\n<td class=\"cvagas\">1 + CR<\/td>\r\n<td class=\"cremuneracao\">R$ 2.641,51 \/30h<\/td>\r\n<\/tr><td class=\"ccargos\">\r\n<span data-balloon-length=\"medium\" aria-label=\"Curso completo de T\u00e9cnico em Seguran\u00e7a do Trabalho; E Registro profissional ativo como T\u00e9cnico em Seguran\u00e7a do Trabalho no Minist\u00e9rio do Trabalho.\" data-balloon-pos=\"up\">T\u00c9CNICO EM SEGURAN\u00c7A DO TRABALHO<\/span><\/td>\r\n<td class=\"cvagas\">1 + CR<\/td>\r\n<td class=\"cremuneracao\">R$ 2.641,51 \/30h<\/td>\r\n<\/tr>\r\n    <\/tbody>\r\n  <\/table>\r\n<\/div>","_superior":"<div>\r\n<table class=\"quadro\">\r\n<thead>\r\n<tr>\r\n<th class=\"hcargo\">Cargo<\/th>\r\n<th class=\"hvagas\">Vagas<\/th>\r\n<th class=\"hremuneracao\">Remunera\u00e7\u00e3o<\/th>\r\n<\/tr>\r\n<\/thead>\r\n    <tbody>\r\n      <tr>\r\n<td class=\"ccargos\">\r\n<span data-balloon-length=\"medium\" aria-label=\"Curso superior completo em Arquitetura; E Registro profissional ativo como Arquiteto no Conselho de Arquitetura e Urbanismo do Rio Grande do Sul - CAU\/RS.\" data-balloon-pos=\"up\">ARQUITETO<\/span><\/td>\r\n<td class=\"cvagas\">1 + CR<\/td>\r\n<td class=\"cremuneracao\">R$ 7.304,68 \/30h<\/td>\r\n<\/tr><tr>\r\n<td class=\"ccargos\">\r\n<span data-balloon-length=\"medium\" aria-label=\"Curso superior completo em Biologia, Ci\u00eancias Biol\u00f3gicas, Hist\u00f3ria Natural ou licenciado em Ci\u00eancias, com habilita\u00e7\u00e3o em Biologia; E Registro profissional ativo como Bi\u00f3logo no Conselho Regional de Biologia 3\u00aa Regi\u00e3o \u2013 CRBio-03.\" data-balloon-pos=\"up\">BI\u00d3LOGO<\/span><\/td>\r\n<td class=\"cvagas\">1 + CR<\/td>\r\n<td class=\"cremuneracao\">R$ 7.304,68 \/30h<\/td>\r\n<\/tr><tr>\r\n<td class=\"ccargos\">\r\n<span data-balloon-length=\"medium\" aria-label=\"Curso superior completo em Economia; E Registro profissional ativo como Economista no Conselho Regional de Economia da 4\u00aa Regi\u00e3o - CORECON-RS.\" data-balloon-pos=\"up\">ECONOMISTA<\/span><\/td>\r\n<td class=\"cvagas\">1 + CR<\/td>\r\n<td class=\"cremuneracao\">R$ 4.649,71 \/30h<\/td>\r\n<\/tr><tr>\r\n<td class=\"ccargos\">\r\n<span data-balloon-length=\"medium\" aria-label=\"Curso superior completo em Engenharia Civil; E Registro profissional ativo como Engenheiro Civil no Conselho Regional de Engenharia e Agronomia do Rio Grande do Sul - CREA\/RS.\" data-balloon-pos=\"up\">ENGENHEIRO CIVIL<\/span><\/td>\r\n<td class=\"cvagas\">1 + CR<\/td>\r\n<td class=\"cremuneracao\">R$ 7.304,68 \/30h<\/td>\r\n<\/tr><tr>\r\n<td class=\"ccargos\">\r\n<span data-balloon-length=\"medium\" aria-label=\"Curso superior completo em Engenharia El\u00e9trica; E Registro profissional ativo como Engenheiro El\u00e9trico no Conselho Regional de Engenharia e Agronomia do Rio Grande do Sul - CREA\/RS.\" data-balloon-pos=\"up\">ENGENHEIRO ELETRICISTA<\/span><\/td>\r\n<td class=\"cvagas\">1 + CR<\/td>\r\n<td class=\"cremuneracao\">R$ 7.304,68 \/30h<\/td>\r\n<\/tr><tr>\r\n<td class=\"ccargos\">\r\n<span data-balloon-length=\"medium\" aria-label=\"Curso superior Completo em Engenharia Mec\u00e2nica; E Registro profissional ativo como Engenheiro Mec\u00e2nico no Conselho Regional de Engenharia e Agronomia do Rio Grande do Sul - CREA\/RS.\" data-balloon-pos=\"up\">ENGENHEIRO MEC\u00c2NICO<\/span><\/td>\r\n<td class=\"cvagas\">1 + CR<\/td>\r\n<td class=\"cremuneracao\">R$ 7.304,68 \/30h<\/td>\r\n<\/tr><tr>\r\n<td class=\"ccargos\">\r\n<span data-balloon-length=\"medium\" aria-label=\"Curso superior completo em Estat\u00edstica; E Registro profissional ativo como Estat\u00edstico no Conselho Regional de Estat\u00edstica da 4\u00aa Regi\u00e3o - CONRE4.\" data-balloon-pos=\"up\">ESTAT\u00cdSTICO<\/span><\/td>\r\n<td class=\"cvagas\">1 + CR<\/td>\r\n<td class=\"cremuneracao\">R$ 4.649,71 \/30h<\/td>\r\n<\/tr><tr>\r\n<td class=\"ccargos\">\r\n<span data-balloon-length=\"medium\" aria-label=\"Curso superior completo em Medicina; Especializa\u00e7\u00e3o em Anestesiologia; E Registro profissional ativo no Conselho Regional de Medicina do Estado do Rio Grande do Sul (CREMERS) na especialidade m\u00e9dica Anestesiologia.\" data-balloon-pos=\"up\">M\u00c9DICO ESPECIALISTA - ANESTESIOLOGIA<\/span><\/td>\r\n<td class=\"cvagas\">1 + CR<\/td>\r\n<td class=\"cremuneracao\">R$ 7.867,30 \/20h<\/td>\r\n<\/tr><tr>\r\n<td class=\"ccargos\">\r\n<span data-balloon-length=\"medium\" aria-label=\"Curso superior completo em Medicina; Especializa\u00e7\u00e3o ou resid\u00eancia m\u00e9dica em qualquer \u00e1rea; E Registro profissional no Conselho Regional de Medicina do Estado do Rio Grande do Sul (CREMERS).\" data-balloon-pos=\"up\">M\u00c9DICO ESPECIALISTA - ATENDIMENTO PR\u00c9-HOSPITALAR<\/span><\/td>\r\n<td class=\"cvagas\">1 + CR<\/td>\r\n<td class=\"cremuneracao\">R$ 7.867,30 \/20h<\/td>\r\n<\/tr><tr>\r\n<td class=\"ccargos\">\r\n<span data-balloon-length=\"medium\" aria-label=\"Curso superior completo em Medicina; Especializa\u00e7\u00e3o em Hematologia; E Registro profissional ativo no Conselho Regional de Medicina do Estado do Rio Grande do Sul (CREMERS) na especialidade m\u00e9dica Hematologia.\" data-balloon-pos=\"up\">M\u00c9DICO ESPECIALISTA - HEMATOLOGIA<\/span><\/td>\r\n<td class=\"cvagas\">1 + CR<\/td>\r\n<td class=\"cremuneracao\">R$ 7.867,30 \/20h<\/td>\r\n<\/tr><tr>\r\n<td class=\"ccargos\">\r\n<span data-balloon-length=\"medium\" aria-label=\"Curso superior completo em Medicina; Especializa\u00e7\u00e3o em Cirurgia Pl\u00e1stica; E Registro profissional ativo no Conselho Regional de Medicina do Estado do Rio Grande do Sul (CREMERS) na especialidade m\u00e9dica Cirurgia Pl\u00e1stica.\" data-balloon-pos=\"up\">M\u00c9DICO ESPECIALISTA - CIRURGIA PL\u00c1STICA<\/span><\/td>\r\n<td class=\"cvagas\">1 + CR<\/td>\r\n<td class=\"cremuneracao\">R$ 7.867,30 \/20h<\/td>\r\n<\/tr><tr>\r\n<td class=\"ccargos\">\r\n<span data-balloon-length=\"medium\" aria-label=\"Curso superior completo em Medicina; Especializa\u00e7\u00e3o em Cirurgia Vascular; E Registro profissional ativo no Conselho Regional de Medicina do Estado do Rio Grande do Sul (CREMERS) na especialidade m\u00e9dica Cirurgia Vascular.\" data-balloon-pos=\"up\">M\u00c9DICO ESPECIALISTA - CIRURGIA VASCULAR<\/span><\/td>\r\n<td class=\"cvagas\">1 + CR<\/td>\r\n<td class=\"cremuneracao\">R$ 7.867,30 \/20h<\/td>\r\n<\/tr><tr>\r\n<td class=\"ccargos\">\r\n<span data-balloon-length=\"medium\" aria-label=\"Curso superior completo em Medicina; Especializa\u00e7\u00e3o em Cl\u00ednica M\u00e9dica; E Registro profissional no Conselho Regional de Medicina do Estado do Rio Grande do Sul (CREMERS) na especialidade m\u00e9dica Cl\u00ednica M\u00e9dica.\" data-balloon-pos=\"up\">M\u00c9DICO ESPECIALISTA - CL\u00cdNICA M\u00c9DICA<\/span><\/td>\r\n<td class=\"cvagas\">1 + CR<\/td>\r\n<td class=\"cremuneracao\">R$ 7.867,30 \/20h<\/td>\r\n<\/tr><tr>\r\n<td class=\"ccargos\">\r\n<span data-balloon-length=\"medium\" aria-label=\"Curso superior completo em Medicina; Especializa\u00e7\u00e3o em Coloproctologia; E Registro profissional ativo no Conselho Regional de Medicina do Estado do Rio Grande do Sul (CREMERS) na especialidade m\u00e9dica Coloproctologia.\" data-balloon-pos=\"up\">M\u00c9DICO ESPECIALISTA - COLOPROCTOLOGIA<\/span><\/td>\r\n<td class=\"cvagas\">1 + CR<\/td>\r\n<td class=\"cremuneracao\">R$ 7.867,30 \/20h<\/td>\r\n<\/tr><tr>\r\n<td class=\"ccargos\">\r\n<span data-balloon-length=\"medium\" aria-label=\"Curso superior completo em Medicina; Especializa\u00e7\u00e3o em Dermatologia; E Registro profissional ativo no Conselho Regional de Medicina do Estado do Rio Grande do Sul (CREMERS) na especialidade m\u00e9dica Dermatologia.\" data-balloon-pos=\"up\">M\u00c9DICO ESPECIALISTA - DERMATOLOGIA<\/span><\/td>\r\n<td class=\"cvagas\">1 + CR<\/td>\r\n<td class=\"cremuneracao\">R$ 7.867,30 \/20h<\/td>\r\n<\/tr><tr>\r\n<td class=\"ccargos\">\r\n<span data-balloon-length=\"medium\" aria-label=\"Curso superior completo em Medicina; Especializa\u00e7\u00e3o em Medicina de Emerg\u00eancia; E Registro profissional ativo no Conselho Regional de Medicina do Estado do Rio Grande do Sul (CREMERS) na especialidade m\u00e9dica Medicina de Emerg\u00eancia.\" data-balloon-pos=\"up\">M\u00c9DICO ESPECIALISTA - MEDICINA DE EMERG\u00caNCIA<\/span><\/td>\r\n<td class=\"cvagas\">1 + CR<\/td>\r\n<td class=\"cremuneracao\">R$ 7.867,30 \/20h<\/td>\r\n<\/tr><tr>\r\n<td class=\"ccargos\">\r\n<span data-balloon-length=\"medium\" aria-label=\"Curso superior completo em Medicina; Especializa\u00e7\u00e3o em Gastroenterologia; E Registro profissional ativo no Conselho Regional de Medicina do Estado do Rio Grande do Sul (CREMERS) na especialidade m\u00e9dica Gastroenterologia.\" data-balloon-pos=\"up\">M\u00c9DICO ESPECIALISTA - GASTROENTEROLOGIA<\/span><\/td>\r\n<td class=\"cvagas\">1 + CR<\/td>\r\n<td class=\"cremuneracao\">R$ 7.867,30 \/20h<\/td>\r\n<\/tr><tr>\r\n<td class=\"ccargos\">\r\n<span data-balloon-length=\"medium\" aria-label=\"Curso superior completo em Medicina; Especializa\u00e7\u00e3o em Medicina do Trabalho; E Registro profissional ativo no Conselho Regional de Medicina do Estado do Rio Grande do Sul (CREMERS) na especialidade m\u00e9dica Medicina do Trabalho.\" data-balloon-pos=\"up\">M\u00c9DICO ESPECIALISTA - MEDICINA DO TRABALHO<\/span><\/td>\r\n<td class=\"cvagas\">1 + CR<\/td>\r\n<td class=\"cremuneracao\">R$ 7.867,30 \/20h<\/td>\r\n<\/tr><tr>\r\n<td class=\"ccargos\">\r\n<span data-balloon-length=\"medium\" aria-label=\"Curso superior completo em Medicina; Especializa\u00e7\u00e3o em Medicina Intensiva; E Registro profissional ativo no Conselho Regional de Medicina do Estado do Rio Grande do Sul (CREMERS) na especialidade m\u00e9dica Medicina Intensiva.\" data-balloon-pos=\"up\">M\u00c9DICO ESPECIALISTA - MEDICINA INTENSIVA<\/span><\/td>\r\n<td class=\"cvagas\">1 + CR<\/td>\r\n<td class=\"cremuneracao\">R$ 7.867,30 \/20h<\/td>\r\n<\/tr><tr>\r\n<td class=\"ccargos\">\r\n<span data-balloon-length=\"medium\" aria-label=\"Curso superior completo em Medicina; Especializa\u00e7\u00e3o em Medicina Intensiva Pedi\u00e1trica; E Registro profissional ativo no Conselho Regional de Medicina do Estado do Rio Grande do Sul (CREMERS) na \u00e1rea de atua\u00e7\u00e3o m\u00e9dica Medicina Intensiva Pedi\u00e1trica.\" data-balloon-pos=\"up\">M\u00c9DICO ESPECIALISTA - MEDICINA INTENSIVA PEDI\u00c1TRICA<\/span><\/td>\r\n<td class=\"cvagas\">1 + CR<\/td>\r\n<td class=\"cremuneracao\">R$ 7.867,30 \/20h<\/td>\r\n<\/tr><tr>\r\n<td class=\"ccargos\">\r\n<span data-balloon-length=\"medium\" aria-label=\"Curso superior completo em Medicina; Especializa\u00e7\u00e3o em Neurologia; E Registro profissional ativo no Conselho Regional de Medicina do Estado do Rio Grande do Sul (CREMERS) na especialidade m\u00e9dica Neurologia.\" data-balloon-pos=\"up\">M\u00c9DICO ESPECIALISTA - NEUROLOGIA<\/span><\/td>\r\n<td class=\"cvagas\">1 + CR<\/td>\r\n<td class=\"cremuneracao\">R$ 7.867,30 \/20h<\/td>\r\n<\/tr><tr>\r\n<td class=\"ccargos\">\r\n<span data-balloon-length=\"medium\" aria-label=\"Curso superior completo em Medicina; Especializa\u00e7\u00e3o em Neurologia Pedi\u00e1trica; E Registro profissional ativo no Conselho Regional de Medicina do Estado do Rio Grande do Sul (CREMERS) na \u00e1rea de atua\u00e7\u00e3o m\u00e9dica Neurologia Pedi\u00e1trica.\" data-balloon-pos=\"up\">M\u00c9DICO ESPECIALISTA - NEUROLOGIA PEDI\u00c1TRICA<\/span><\/td>\r\n<td class=\"cvagas\">1 + CR<\/td>\r\n<td class=\"cremuneracao\">R$ 7.867,30 \/20h<\/td>\r\n<\/tr><tr>\r\n<td class=\"ccargos\">\r\n<span data-balloon-length=\"medium\" aria-label=\"Curso superior completo em Medicina; Especializa\u00e7\u00e3o em Oftalmologia; E Registro profissional ativo no Conselho Regional de Medicina do Estado do Rio Grande do Sul (CREMERS) na especialidade m\u00e9dica Oftalmologia.\" data-balloon-pos=\"up\">M\u00c9DICO ESPECIALISTA - OFTALMOLOGIA - ATUA\u00c7\u00c3O GERAL<\/span><\/td>\r\n<td class=\"cvagas\">1 + CR<\/td>\r\n<td class=\"cremuneracao\">R$ 7.867,30 \/20h<\/td>\r\n<\/tr><tr>\r\n<td class=\"ccargos\">\r\n<span data-balloon-length=\"medium\" aria-label=\"Curso superior completo em Medicina; Especializa\u00e7\u00e3o em Oftalmologia; E Registro profissional ativo no Conselho Regional de Medicina do Estado do Rio Grande do Sul (CREMERS) na especialidade m\u00e9dica Oftalmologia.\" data-balloon-pos=\"up\">M\u00c9DICO ESPECIALISTA - OFTALMOLOGIA - ATUA\u00c7\u00c3O PEDIATRIA<\/span><\/td>\r\n<td class=\"cvagas\">1 + CR<\/td>\r\n<td class=\"cremuneracao\">R$ 7.867,30 \/20h<\/td>\r\n<\/tr><tr>\r\n<td class=\"ccargos\">\r\n<span data-balloon-length=\"medium\" aria-label=\"Curso superior completo em Medicina; Especializa\u00e7\u00e3o em Ortopedia e Traumatologia; E Registro profissional ativo no Conselho Regional de Medicina do Estado do Rio Grande do Sul (CREMERS) na especialidade m\u00e9dica Ortopedia e Traumatologia.\" data-balloon-pos=\"up\">M\u00c9DICO ESPECIALISTA - ORTOPEDIA E TRAUMATOLOGIA<\/span><\/td>\r\n<td class=\"cvagas\">1 + CR<\/td>\r\n<td class=\"cremuneracao\">R$ 7.867,30 \/20h<\/td>\r\n<\/tr><tr>\r\n<td class=\"ccargos\">\r\n<span data-balloon-length=\"medium\" aria-label=\"Curso superior completo em Medicina; Especializa\u00e7\u00e3o em Otorrinolaringologia; E Registro profissional ativo no Conselho Regional de Medicina do Estado do Rio Grande do Sul (CREMERS) na especialidade m\u00e9dica Otorrinolaringologia.\" data-balloon-pos=\"up\">M\u00c9DICO ESPECIALISTA - OTORRINOLARINGOLOGIA<\/span><\/td>\r\n<td class=\"cvagas\">1 + CR<\/td>\r\n<td class=\"cremuneracao\">R$ 7.867,30 \/20h<\/td>\r\n<\/tr><tr>\r\n<td class=\"ccargos\">\r\n<span data-balloon-length=\"medium\" aria-label=\"Curso superior completo em Medicina; Especializa\u00e7\u00e3o em Pneumologia; E Registro profissional ativo no Conselho Regional de Medicina do Estado do Rio Grande do Sul (CREMERS) na especialidade m\u00e9dica Pneumologia.\" data-balloon-pos=\"up\">M\u00c9DICO ESPECIALISTA - PNEUMOLOGIA<\/span><\/td>\r\n<td class=\"cvagas\">1 + CR<\/td>\r\n<td class=\"cremuneracao\">R$ 7.867,30 \/20h<\/td>\r\n<\/tr><tr>\r\n<td class=\"ccargos\">\r\n<span data-balloon-length=\"medium\" aria-label=\"Curso superior completo em Medicina; Especializa\u00e7\u00e3o em Psiquiatria; E Registro profissional ativo no Conselho Regional de Medicina do Estado do Rio Grande do Sul (CREMERS) na especialidade m\u00e9dica Psiquiatria.\" data-balloon-pos=\"up\">M\u00c9DICO ESPECIALISTA - PSIQUIATRIA<\/span><\/td>\r\n<td class=\"cvagas\">1 + CR<\/td>\r\n<td class=\"cremuneracao\">R$ 7.867,30 \/20h<\/td>\r\n<\/tr><tr>\r\n<td class=\"ccargos\">\r\n<span data-balloon-length=\"medium\" aria-label=\"Curso superior completo em Medicina; Especializa\u00e7\u00e3o em Psiquiatria Infantil ou em Psiquiatria da Inf\u00e2ncia e Adolesc\u00eancia; E Registro profissional ativo no Conselho Regional de Medicina do Estado do Rio Grande do Sul (CREMERS) na \u00e1rea de atua\u00e7\u00e3o m\u00e9dica Psiquiatria da Inf\u00e2ncia e Adolesc\u00eancia.\" data-balloon-pos=\"up\">M\u00c9DICO ESPECIALISTA - PSIQUIATRIA DA INF\u00c2NCIA E ADOLESC\u00caNCIA<\/span><\/td>\r\n<td class=\"cvagas\">1 + CR<\/td>\r\n<td class=\"cremuneracao\">R$ 7.867,30 \/20h<\/td>\r\n<\/tr><tr>\r\n<td class=\"ccargos\">\r\n<span data-balloon-length=\"medium\" aria-label=\"Curso superior completo em Medicina; Especializa\u00e7\u00e3o em Radiologia; E Registro profissional ativo no Conselho Regional de Medicina do Estado do Rio Grande do Sul (CREMERS) na especialidade m\u00e9dica Radiologia.\" data-balloon-pos=\"up\">M\u00c9DICO ESPECIALISTA - RADIOLOGIA E DIAGN\u00d3STICO POR IMAGEM<\/span><\/td>\r\n<td class=\"cvagas\">1 + CR<\/td>\r\n<td class=\"cremuneracao\">R$ 7.867,30 \/20h<\/td>\r\n<\/tr><tr>\r\n<td class=\"ccargos\">\r\n<span data-balloon-length=\"medium\" aria-label=\"Curso superior completo em Medicina; Especializa\u00e7\u00e3o em Urologia; E Registro profissional ativo no Conselho Regional de Medicina do Estado do Rio Grande do Sul (CREMERS) na especialidade m\u00e9dica Urologia.\" data-balloon-pos=\"up\">M\u00c9DICO ESPECIALISTA - UROLOGIA<\/span><\/td>\r\n<td class=\"cvagas\">1 + CR<\/td>\r\n<td class=\"cremuneracao\">R$ 7.867,30 \/20h<\/td>\r\n<\/tr><tr>\r\n<td class=\"ccargos\">\r\n<span data-balloon-length=\"medium\" aria-label=\"Curso superior completo em Medicina; Especializa\u00e7\u00e3o em Infectologia; E Registro profissional ativo no Conselho Regional de Medicina do Estado do Rio Grande do Sul (CREMERS) na especialidade m\u00e9dica Infectologia.\" data-balloon-pos=\"up\">M\u00c9DICO ESPECIALISTA - INFECTOLOGIA<\/span><\/td>\r\n<td class=\"cvagas\">1 + CR<\/td>\r\n<td class=\"cremuneracao\">R$ 7.867,30 \/20h<\/td>\r\n<\/tr><tr>\r\n<td class=\"ccargos\">\r\n<span data-balloon-length=\"medium\" aria-label=\"Curso superior completo em Medicina; Especializa\u00e7\u00e3o em Cardiologia Pedi\u00e1trica; E Registro profissional ativo no Conselho Regional de Medicina do Estado do Rio Grande do Sul (CREMERS) na especialidade m\u00e9dica Cardiologia Pedi\u00e1trica.\" data-balloon-pos=\"up\">M\u00c9DICO ESPECIALISTA - CARDIOLOGIA PEDI\u00c1TRICA<\/span><\/td>\r\n<td class=\"cvagas\">1 + CR<\/td>\r\n<td class=\"cremuneracao\">R$ 7.867,30 \/20h<\/td>\r\n<\/tr><tr>\r\n<td class=\"ccargos\">\r\n<span data-balloon-length=\"medium\" aria-label=\"Curso superior completo em Medicina; Especializa\u00e7\u00e3o em Medicina do Trabalho ou em Medicina legal e per\u00edcia m\u00e9dica; E Registro profissional ativo no Conselho Regional de Medicina do Estado do Rio Grande do Sul (CREMERS) na especialidade m\u00e9dica Medicina do Trabalho ou Medicina Legal e Per\u00edcia M\u00e9dica.\" data-balloon-pos=\"up\">M\u00c9DICO ESPECIALISTA - PREVIMPA<\/span><\/td>\r\n<td class=\"cvagas\">1 + CR<\/td>\r\n<td class=\"cremuneracao\">R$ 7.867,30 \/20h<\/td>\r\n<\/tr>\r\n    <\/tbody>\r\n  <\/table>\r\n<\/div>"},"_links":{"self":[{"href":"https:\/\/www.agrobase.com.br\/concursos\/wp-json\/wp\/v2\/posts\/273615","targetHints":{"allow":["GET"]}}],"collection":[{"href":"https:\/\/www.agrobase.com.br\/concursos\/wp-json\/wp\/v2\/posts"}],"about":[{"href":"https:\/\/www.agrobase.com.br\/concursos\/wp-json\/wp\/v2\/types\/post"}],"author":[{"embeddable":true,"href":"https:\/\/www.agrobase.com.br\/concursos\/wp-json\/wp\/v2\/users\/7"}],"replies":[{"embeddable":true,"href":"https:\/\/www.agrobase.com.br\/concursos\/wp-json\/wp\/v2\/comments?post=273615"}],"version-history":[{"count":2,"href":"https:\/\/www.agrobase.com.br\/concursos\/wp-json\/wp\/v2\/posts\/273615\/revisions"}],"predecessor-version":[{"id":273620,"href":"https:\/\/www.agrobase.com.br\/concursos\/wp-json\/wp\/v2\/posts\/273615\/revisions\/273620"}],"wp:featuredmedia":[{"embeddable":true,"href":"https:\/\/www.agrobase.com.br\/concursos\/wp-json\/wp\/v2\/media\/273614"}],"wp:attachment":[{"href":"https:\/\/www.agrobase.com.br\/concursos\/wp-json\/wp\/v2\/media?parent=273615"}],"wp:term":[{"taxonomy":"category","embeddable":true,"href":"https:\/\/www.agrobase.com.br\/concursos\/wp-json\/wp\/v2\/categories?post=273615"},{"taxonomy":"post_tag","embeddable":true,"href":"https:\/\/www.agrobase.com.br\/concursos\/wp-json\/wp\/v2\/tags?post=273615"},{"taxonomy":"_amplo","embeddable":true,"href":"https:\/\/www.agrobase.com.br\/concursos\/wp-json\/wp\/v2\/_amplo?post=273615"},{"taxonomy":"destaque","embeddable":true,"href":"https:\/\/www.agrobase.com.br\/concursos\/wp-json\/wp\/v2\/destaque?post=273615"},{"taxonomy":"instituicoes","embeddable":true,"href":"https:\/\/www.agrobase.com.br\/concursos\/wp-json\/wp\/v2\/instituicoes?post=273615"}],"curies":[{"name":"wp","href":"https:\/\/api.w.org\/{rel}","templated":true}]}}