{"id":273582,"date":"2025-11-10T07:20:06","date_gmt":"2025-11-10T10:20:06","guid":{"rendered":"https:\/\/www.agrobase.com.br\/concursos\/?p=273582"},"modified":"2025-11-07T12:44:48","modified_gmt":"2025-11-07T15:44:48","slug":"prefeitura-porto-acre-ac-selecao-simplificada-01-2025","status":"publish","type":"post","link":"https:\/\/www.agrobase.com.br\/concursos\/2025\/prefeitura-porto-acre-ac-selecao-simplificada-01-2025\/","title":{"rendered":"Prefeitura Porto Acre (AC) &#8211; Sele\u00e7\u00e3o Simplificada 01\/2025"},"content":{"rendered":"<h2>Informa\u00e7\u00f5es Gerais<\/h2>\n<p>O Munic\u00edpio de Porto Acre, no estado do Acre, publicou o edital do <strong>Processo Seletivo Simplificado 2025<\/strong>, com objetivo de contrata\u00e7\u00e3o tempor\u00e1ria de profissionais para atender \u00e0s demandas das Secretarias Municipais de Sa\u00fade, Educa\u00e7\u00e3o, Assist\u00eancia Social e Administra\u00e7\u00e3o. O certame visa formar cadastro reserva para diversos cargos de n\u00edveis <strong>Fundamental, M\u00e9dio, T\u00e9cnico e Superior<\/strong>, com sal\u00e1rios que variam entre <strong>R$ 1.518,00 e R$ 9.000,00<\/strong>.<\/p>\n<p>O regime de contrata\u00e7\u00e3o \u00e9 de natureza sum\u00e1ria, com v\u00ednculo tempor\u00e1rio, conforme necessidade das secretarias envolvidas. As oportunidades abrangem \u00e1reas administrativas, educacionais e de sa\u00fade, com destaque para cargos como <strong>Enfermeiro, Psic\u00f3logo, Cirurgi\u00e3o Dentista, M\u00e9dico Cl\u00ednico Geral, Farmac\u00eautico e Fisioterapeuta<\/strong>, que podem interessar especialmente aos profissionais das \u00e1reas de <strong>Medicina, Odontologia, Psicologia e Sa\u00fade P\u00fablica<\/strong>.<\/p>\n<p>Se voc\u00ea busca uma oportunidade no servi\u00e7o p\u00fablico municipal com contrata\u00e7\u00e3o imediata e deseja atuar em Porto Acre\/AC, continue a leitura para saber todos os detalhes sobre inscri\u00e7\u00f5es, etapas e resultados.<\/p>\n<h2>Inscri\u00e7\u00f5es<\/h2>\n<p>As inscri\u00e7\u00f5es para o Processo Seletivo Simplificado da Prefeitura de Porto Acre\/AC estar\u00e3o abertas nos dias <strong>07 e 10 de novembro de 2025<\/strong>, exclusivamente de forma <strong>presencial<\/strong>, nas Secretarias Municipais correspondentes ao cargo pretendido.<\/p>\n<p><strong>N\u00e3o ser\u00e1 cobrada taxa de inscri\u00e7\u00e3o<\/strong>. Para se inscrever, o candidato dever\u00e1 preencher a ficha de inscri\u00e7\u00e3o fornecida no local e entregar todos os documentos exigidos, incluindo curr\u00edculo, comprovantes de escolaridade, documentos pessoais e experi\u00eancia profissional, conforme especificado no edital.<\/p>\n<p>As inscri\u00e7\u00f5es ser\u00e3o realizadas nos seguintes endere\u00e7os:<\/p>\n<ul>\n<li>Secretaria Municipal de Sa\u00fade: Rua Josefino Leal, Bairro Livramento<\/li>\n<li>Secretaria Municipal de Educa\u00e7\u00e3o: Rua Arueiras, Vila do INCRA, n\u00ba 50<\/li>\n<li>Secretaria Municipal de Assist\u00eancia Social: Rodovia AC 10 KM, n\u00ba 1260<\/li>\n<li>Secretaria Municipal de Administra\u00e7\u00e3o: Av. Chic\u00f3 Rabelo, n\u00ba 56<\/li>\n<\/ul>\n<p>\u00c9 permitida a inscri\u00e7\u00e3o por procura\u00e7\u00e3o espec\u00edfica. Ap\u00f3s a entrega da documenta\u00e7\u00e3o, o candidato receber\u00e1 um comprovante de inscri\u00e7\u00e3o. N\u00e3o ser\u00e1 admitida a complementa\u00e7\u00e3o ou substitui\u00e7\u00e3o de documentos ap\u00f3s o ato de inscri\u00e7\u00e3o.<\/p>\n<p>Recomenda-se a leitura atenta do edital completo para garantir o correto cumprimento de todos os requisitos e prazos.<\/p>\n<h2>Etapas e Provas<\/h2>\n<p>O Processo Seletivo Simplificado ser\u00e1 composto por uma \u00fanica etapa: <strong>An\u00e1lise Curricular<\/strong>, de car\u00e1ter <strong>eliminat\u00f3rio e classificat\u00f3rio<\/strong>.<\/p>\n<ul>\n<li><strong>Formato:<\/strong> avalia\u00e7\u00e3o documental baseada no curr\u00edculo e nos comprovantes de experi\u00eancia profissional e forma\u00e7\u00e3o acad\u00eamica.<\/li>\n<li><strong>Pontua\u00e7\u00e3o:<\/strong> total de at\u00e9 110 pontos, conforme crit\u00e9rios estabelecidos no Anexo II do edital.<\/li>\n<li><strong>Documentos v\u00e1lidos:<\/strong> declara\u00e7\u00f5es de experi\u00eancia emitidas por \u00f3rg\u00e3os p\u00fablicos em papel timbrado ou registros na Carteira de Trabalho; certificados de cursos e forma\u00e7\u00f5es complementares, desde que n\u00e3o sejam requisitos m\u00ednimos para o cargo.<\/li>\n<li><strong>Crit\u00e9rios de desclassifica\u00e7\u00e3o:<\/strong> aus\u00eancia de documenta\u00e7\u00e3o obrigat\u00f3ria, informa\u00e7\u00f5es falsas ou n\u00e3o atendimento aos requisitos do cargo.<\/li>\n<\/ul>\n<p>A an\u00e1lise ser\u00e1 realizada por Comiss\u00e3o Coordenadora designada pelo Executivo Municipal. A pontua\u00e7\u00e3o n\u00e3o considerar\u00e1 est\u00e1gios, aprendizagens ou cursos exigidos como requisito m\u00ednimo.<\/p>\n<p>Recomenda-se a leitura completa do edital para conhecer os crit\u00e9rios de pontua\u00e7\u00e3o, prazos e demais exig\u00eancias do processo seletivo.<\/p>\n<h2>Resultados e Gabarito<\/h2>\n<p>Os resultados do Processo Seletivo Simplificado da Prefeitura de Porto Acre\/AC ser\u00e3o divulgados em etapas, conforme cronograma oficial dispon\u00edvel no Anexo I do edital. A publica\u00e7\u00e3o ocorrer\u00e1 por meio do <strong>Di\u00e1rio Oficial do Estado do Acre<\/strong> (<a href=\"http:\/\/www.diario.ac.gov.br\" target=\"_blank\" rel=\"noopener\">www.diario.ac.gov.br<\/a>) e no <strong>Portal da Transpar\u00eancia<\/strong> (<a href=\"http:\/\/portoacre.ac.gov.br\" target=\"_blank\" rel=\"noopener\">portoacre.ac.gov.br<\/a>).<\/p>\n<p>A classifica\u00e7\u00e3o final ser\u00e1 definida pela <strong>soma dos pontos obtidos na an\u00e1lise curricular<\/strong>. Em caso de empate, ter\u00e1 prefer\u00eancia o candidato de maior idade.<\/p>\n<p>Os candidatos ser\u00e3o classificados como:<\/p>\n<ul>\n<li><strong>APTO<\/strong>: habilitado para o cadastro de reserva<\/li>\n<li><strong>APTO\/CLASSIFICADO<\/strong>: habilitado e classificado dentro do n\u00famero de vagas (se houver)<\/li>\n<li><strong>INAPTO<\/strong>: reprovado<\/li>\n<li><strong>DESCLASSIFICADO<\/strong>: por documenta\u00e7\u00e3o incompleta ou descumprimento de regras<\/li>\n<\/ul>\n<p>A <strong>homologa\u00e7\u00e3o do resultado final<\/strong> ser\u00e1 publicada nos mesmos canais oficiais. A <strong>convoca\u00e7\u00e3o<\/strong> dos candidatos obedecer\u00e1 \u00e0 ordem de classifica\u00e7\u00e3o e ser\u00e1 feita pelas secretarias respons\u00e1veis, com afixa\u00e7\u00e3o de listas na sede da Prefeitura e das respectivas secretarias, al\u00e9m de publica\u00e7\u00e3o no Di\u00e1rio Oficial.<\/p>\n<p>\u00c9 responsabilidade exclusiva do candidato acompanhar todas as publica\u00e7\u00f5es oficiais nos canais indicados, inclusive prazos para recursos e convoca\u00e7\u00e3o.<\/p>\n","protected":false},"excerpt":{"rendered":"<p>Sel. Simplificada Pref. Porto Acre (AC) com edital publicado! Vagas p\/ M\u00e9dico, Professor (Fund. a Sup.). Inscri\u00e7\u00f5es a partir de 07\/11. Confira detalhes!<\/p>\n","protected":false},"author":7,"featured_media":273581,"comment_status":"open","ping_status":"open","sticky":false,"template":"","format":"standard","meta":{"_acf_changed":false,"_breakdance_hide_in_design_set":false,"_breakdance_tags":"","footnotes":""},"categories":[11,12,17,18,21,24,25,26,101,108,161,143],"tags":[38],"_amplo":[],"destaque":[],"instituicoes":[],"class_list":["post-273582","post","type-post","status-publish","format-standard","has-post-thumbnail","hentry","category-educacao-fisica","category-enfermagem","category-farmacia","category-fisioterapia","category-medicina","category-odontologia","category-pedagogia","category-psicologia","category-servico-social","category-tecnico-enfermagem","category-tecnico-laboratorio","category-tecnico-odontologia","tag-acre"],"acf":{"_tipo_vagas":"vagas","_numero_vagas":"","_quadro_vagas":"","_cargos":"diversos","_cargos_especificos":"","_salario_max":"R$ 9000","_abertura":"20251107","_encerramento":"20251110","_inscricoes":"","_executora_concurso":"","_instituicao_concurso":[],"_link_adicional":null,"_anexos":null,"_produtos":null,"_vagas":"CR","_salario_min":"R$ 1518","_instituicao":"Prefeitura de Porto Acre","_edital":"https:\/\/www.agrobase.com.br\/concursos\/wp-content\/uploads\/sites\/4\/2025\/11\/edital-01-2025-prefeitura-de-porto-acre-ac.pdf","_anexos_edital":"https:\/\/www.agrobase.com.br\/concursos\/wp-content\/uploads\/sites\/4\/2025\/11\/anexos-edital-01-2025-prefeitura-de-porto-acre-ac.pdf","_fund_incompleto":"","_fund_completo":"<div>\r\n<table class=\"quadro\">\r\n<thead>\r\n<tr>\r\n<th class=\"hcargo\">Cargo<\/th>\r\n<th class=\"hvagas\">Vagas<\/th>\r\n<th class=\"hremuneracao\">Remunera\u00e7\u00e3o<\/th>\r\n<\/tr>\r\n<\/thead>\r\n    <tbody>\r\n      <td class=\"ccargos\">\r\n<span data-balloon-length=\"medium\" aria-label=\"Diploma ou certificado de conclus\u00e3o de curso de n\u00edvel fundamental, devidamente registrado, fornecido por institui\u00e7\u00e3o de ensino reconhecida pelo Minist\u00e9rio da Educa\u00e7\u00e3o.\" data-balloon-pos=\"up\">AUXILIAR DE SERVI\u00c7OS GERAIS<\/span><\/td>\r\n<td class=\"cvagas\">CR<\/td>\r\n<td class=\"cremuneracao\">R$ 1.518,00 \/40h<\/td>\r\n<\/tr><td class=\"ccargos\">\r\n<span data-balloon-length=\"medium\" aria-label=\"Diploma ou certificado de conclus\u00e3o de curso de n\u00edvel fundamental, devidamente registrado, fornecido por institui\u00e7\u00e3o de ensino reconhecida pelo Minist\u00e9rio da Educa\u00e7\u00e3o.\" data-balloon-pos=\"up\">AUXILIAR DE SERVI\u00c7OS GERAIS<\/span><\/td>\r\n<td class=\"cvagas\">CR<\/td>\r\n<td class=\"cremuneracao\">R$ 1.518,00 \/40h<\/td>\r\n<\/tr><td class=\"ccargos\">\r\n<span data-balloon-length=\"medium\">MOTORISTA CATEGORIA \"AB\"<\/span><\/td>\r\n<td class=\"cvagas\">CR<\/td>\r\n<td class=\"cremuneracao\">R$ 1.518,00 \/40h<\/td>\r\n<\/tr><td class=\"ccargos\">\r\n<span data-balloon-length=\"medium\" aria-label=\"Cerificado, devidamente registrado, de conclus\u00e3o do n\u00edvel Fundamental Completo, registrado, fornecido por institui\u00e7\u00e3o de ensino reconhecida pelo MEC\" data-balloon-pos=\"up\">AUXILIAR DE SERVI\u00c7OS GERAIS<\/span><\/td>\r\n<td class=\"cvagas\">CR<\/td>\r\n<td class=\"cremuneracao\">R$ 1.518,00 \/40h<\/td>\r\n<\/tr><td class=\"ccargos\">\r\n<span data-balloon-length=\"medium\" aria-label=\"Cerificado, devidamente registrado, de conclus\u00e3o do n\u00edvel Fundamental Completo, registrado, fornecido por institui\u00e7\u00e3o de ensino reconhecida pelo MEC\" data-balloon-pos=\"up\">VIGIA<\/span><\/td>\r\n<td class=\"cvagas\">CR<\/td>\r\n<td class=\"cremuneracao\">R$ 1.518,00 \/40h<\/td>\r\n<\/tr><td class=\"ccargos\">\r\n<span data-balloon-length=\"medium\" aria-label=\"Cerificado, devidamente registrado, de conclus\u00e3o do n\u00edvel Fundamental Completo, registrado, fornecido por institui\u00e7\u00e3o de ensino reconhecida pelo MEC\" data-balloon-pos=\"up\">MONITOR DE TRANSPORTE ESCOLAR<\/span><\/td>\r\n<td class=\"cvagas\">CR<\/td>\r\n<td class=\"cremuneracao\">R$ 1.518,00 \/40h<\/td>\r\n<\/tr><td class=\"ccargos\">\r\n<span data-balloon-length=\"medium\" aria-label=\"Cerificado, devidamente registrado, de conclus\u00e3o do n\u00edvel Fundamental Completo, registrado, fornecido por institui\u00e7\u00e3o de ensino reconhecida pelo MEC.\" data-balloon-pos=\"up\">MERENDEIRA<\/span><\/td>\r\n<td class=\"cvagas\">CR<\/td>\r\n<td class=\"cremuneracao\">R$ 1.518,00 \/40h<\/td>\r\n<\/tr><td class=\"ccargos\">\r\n<span data-balloon-length=\"medium\" data-balloon-pos=\"up\">MOTORISTA DE TRANSPORTE ESCOLAR<\/span><\/td>\r\n<td class=\"cvagas\">CR<\/td>\r\n<td class=\"cremuneracao\">R$ 1.518,00 \/40h<\/td>\r\n<\/tr><td class=\"ccargos\">\r\n<span data-balloon-length=\"medium\" aria-label=\"Diploma ou certificado de conclus\u00e3o de curso de n\u00edvel fundamental, devidamente registrado, fornecido por institui\u00e7\u00e3o de ensino reconhecida pelo Minist\u00e9rio da Educa\u00e7\u00e3o.\" data-balloon-pos=\"up\">AUXILIAR DE SERVI\u00c7OS GERAIS<\/span><\/td>\r\n<td class=\"cvagas\">CR<\/td>\r\n<td class=\"cremuneracao\">R$ 1.518,00 \/40h<\/td>\r\n<\/tr><td class=\"ccargos\">\r\n<span data-balloon-length=\"medium\" aria-label=\"Cerificado, devidamente registrado, de conclus\u00e3o do n\u00edvel Fundamental Completo, registrado, fornecido por institui\u00e7\u00e3o de ensino reconhecida pelo MEC\" data-balloon-pos=\"up\">VIGIA<\/span><\/td>\r\n<td class=\"cvagas\">CR<\/td>\r\n<td class=\"cremuneracao\">R$ 1.518,00 \/40h<\/td>\r\n<\/tr>\r\n    <\/tbody>\r\n  <\/table>\r\n<\/div>","_medio":"<div>\r\n<table class=\"quadro\">\r\n<thead>\r\n<tr>\r\n<th class=\"hcargo\">Cargo<\/th>\r\n<th class=\"hvagas\">Vagas<\/th>\r\n<th class=\"hremuneracao\">Remunera\u00e7\u00e3o<\/th>\r\n<\/tr>\r\n<\/thead>\r\n    <tbody>\r\n      <td class=\"ccargos\">\r\n<span data-balloon-length=\"medium\" aria-label=\"Diploma ou certificado de conclus\u00e3o de curso de n\u00edvel m\u00e9dio e de curso de T\u00e9cnico em Enfermagem, devidamente registrado, fornecido por institui\u00e7\u00e3o de ensino reconhecida pelo Minist\u00e9rio da Educa\u00e7\u00e3o, e registro no conselho regional da classe vigente.\" data-balloon-pos=\"up\">TECNICO DE ENFERMAGEM<\/span><\/td>\r\n<td class=\"cvagas\">CR<\/td>\r\n<td class=\"cremuneracao\">R$ 1.563,72 \/40h<\/td>\r\n<\/tr><td class=\"ccargos\">\r\n<span data-balloon-length=\"medium\" aria-label=\"Certificado, devidamente registrado, de n\u00edvel M\u00e9dio, profissionalizante ou M\u00e9dio Completo+ Curso T\u00e9cnico em Laborat\u00f3rio, reconhecido pelo MEC e registrado profissional no Conselho de Classe.\" data-balloon-pos=\"up\">TECNICO EM LABORATORIO<\/span><\/td>\r\n<td class=\"cvagas\">CR<\/td>\r\n<td class=\"cremuneracao\">R$ 1.563,72 \/40h<\/td>\r\n<\/tr><td class=\"ccargos\">\r\n<span data-balloon-length=\"medium\" aria-label=\"Certificado, devidamente registrado, de n\u00edvel M\u00e9dio, profissionalizante ou M\u00e9dio Completo+ Curso T\u00e9cnico em Sa\u00fade Bucal, reconhecido pelo MEC e registrado profissional no Conselho de Classe.\" data-balloon-pos=\"up\">TECNICO EM SA\u00daDE BUCAL<\/span><\/td>\r\n<td class=\"cvagas\">CR<\/td>\r\n<td class=\"cremuneracao\">R$ 1.563,72 \/40h<\/td>\r\n<\/tr><td class=\"ccargos\">\r\n<span data-balloon-length=\"medium\" aria-label=\"Diploma de conclus\u00e3o do n\u00edvel m\u00e9dio, registrado, fornecido por institui\u00e7\u00e3o de ensino reconhecida pelo MEC e Diploma de Curso de Atendente de Farm\u00e1cia, reconhecido por institui\u00e7\u00e3o de ensino.\" data-balloon-pos=\"up\">AUXILIAR DE FARM\u00c1CIA<\/span><\/td>\r\n<td class=\"cvagas\">CR<\/td>\r\n<td class=\"cremuneracao\">R$ 1.518,00 \/40h<\/td>\r\n<\/tr><td class=\"ccargos\">\r\n<span data-balloon-length=\"medium\" aria-label=\"Diploma de conclus\u00e3o do n\u00edvel m\u00e9dio, registrado, fornecido por institui\u00e7\u00e3o de ensino reconhecida pelo MEC e Diploma de curso de inform\u00e1tica reconhecido por institui\u00e7\u00e3o de ensino.\" data-balloon-pos=\"up\">AGENTE ADMINISTRATIVO<\/span><\/td>\r\n<td class=\"cvagas\">CR<\/td>\r\n<td class=\"cremuneracao\">R$ 1.518,00 \/40h<\/td>\r\n<\/tr><td class=\"ccargos\">\r\n<span data-balloon-length=\"medium\" aria-label=\"Diploma de conclus\u00e3o do n\u00edvel m\u00e9dio, registrado, fornecido por institui\u00e7\u00e3o de ensino reconhecida pelo MEC.\" data-balloon-pos=\"up\">ASSISTENTE EDUCACIONAL<\/span><\/td>\r\n<td class=\"cvagas\">CR<\/td>\r\n<td class=\"cremuneracao\">R$ 1.518,00 \/40h<\/td>\r\n<\/tr><td class=\"ccargos\">\r\n<span data-balloon-length=\"medium\" aria-label=\"Diploma de conclus\u00e3o do n\u00edvel m\u00e9dio, registrado, fornecido por institui\u00e7\u00e3o de ensino reconhecida pelo MEC.\" data-balloon-pos=\"up\">TECNICO ADMINISTRATIVO<\/span><\/td>\r\n<td class=\"cvagas\">CR<\/td>\r\n<td class=\"cremuneracao\">R$ 1.518,00 \/40h<\/td>\r\n<\/tr><td class=\"ccargos\">\r\n<span data-balloon-length=\"medium\" aria-label=\"Diploma de conclus\u00e3o do n\u00edvel m\u00e9dio, registrado, fornecido por institui\u00e7\u00e3o de ensino reconhecida pelo MEC.\" data-balloon-pos=\"up\">AUXILIAR DE DESENVOLVIMENTO INFANTIL<\/span><\/td>\r\n<td class=\"cvagas\">CR<\/td>\r\n<td class=\"cremuneracao\">R$ 1.518,00 \/40h<\/td>\r\n<\/tr><td class=\"ccargos\">\r\n<span data-balloon-length=\"medium\" aria-label=\"Diploma de conclus\u00e3o do n\u00edvel m\u00e9dio, registrado, fornecido por institui\u00e7\u00e3o de ensino reconhecida pelo MEC e Diploma de curso de inform\u00e1tica reconhecido por institui\u00e7\u00e3o de ensino.\" data-balloon-pos=\"up\">AGENTE ADMINISTRATIVO<\/span><\/td>\r\n<td class=\"cvagas\">CR<\/td>\r\n<td class=\"cremuneracao\">R$ 1.518,00 \/40h<\/td>\r\n<\/tr>\r\n    <\/tbody>\r\n  <\/table>\r\n<\/div>","_superior":"<div>\r\n<table class=\"quadro\">\r\n<thead>\r\n<tr>\r\n<th class=\"hcargo\">Cargo<\/th>\r\n<th class=\"hvagas\">Vagas<\/th>\r\n<th class=\"hremuneracao\">Remunera\u00e7\u00e3o<\/th>\r\n<\/tr>\r\n<\/thead>\r\n    <tbody>\r\n      <tr>\r\n<td class=\"ccargos\">\r\n<span data-balloon-length=\"medium\" aria-label=\"Diploma devidamente registrado, de conclus\u00e3o de curso de gradua\u00e7\u00e3o de n\u00edvel superior em Psicologia, fornecido por institui\u00e7\u00e3o de ensino superior reconhecida pelo Minist\u00e9rio da Educa\u00e7\u00e3o (MEC), acrescido de registro no conselho de classe vigente.\" data-balloon-pos=\"up\">PSIC\u00d3LOGO<\/span><\/td>\r\n<td class=\"cvagas\">CR<\/td>\r\n<td class=\"cremuneracao\">R$ 2.870,60 \/40h<\/td>\r\n<\/tr><tr>\r\n<td class=\"ccargos\">\r\n<span data-balloon-length=\"medium\" aria-label=\"Diploma, devidamente registrado, de conclus\u00e3o de curso de gradua\u00e7\u00e3o de n\u00edvel superior em Enfermagem, fornecido por institui\u00e7\u00e3o de ensino superior reconhecida pelo Minist\u00e9rio da Educa\u00e7\u00e3o, acrescido de registro no Conselho Regional de Enfermagem (COREN) vigente.\" data-balloon-pos=\"up\">ENFERMEIRO<\/span><\/td>\r\n<td class=\"cvagas\">CR<\/td>\r\n<td class=\"cremuneracao\">R$ 3.900,00 \/40h<\/td>\r\n<\/tr><tr>\r\n<td class=\"ccargos\">\r\n<span data-balloon-length=\"medium\" aria-label=\"Diploma, devidamente registrado, de conclus\u00e3o de curso de gradua\u00e7\u00e3o de n\u00edvel superior em medicina, fornecido por institui\u00e7\u00e3o de ensino superior reconhecida pelo Minist\u00e9rio da Educa\u00e7\u00e3o, acrescido de registro no Conselho Regional de Medicina (CRM) vigente.\" data-balloon-pos=\"up\">M\u00c9DICO \u2013 CL\u00cdNICO GERAL<\/span><\/td>\r\n<td class=\"cvagas\">CR<\/td>\r\n<td class=\"cremuneracao\">R$ 9.000,00 \/40h<\/td>\r\n<\/tr><tr>\r\n<td class=\"ccargos\">\r\n<span data-balloon-length=\"medium\" aria-label=\"Diploma de conclus\u00e3o de n\u00edvel superior em Educa\u00e7\u00e3o F\u00edsica Bacharelado, ou equivalente, com registro no respectivo Conselho de Classe, fornecido por institui\u00e7\u00e3o reconhecido pelo MEC.\" data-balloon-pos=\"up\">EDUCADOR F\u00cdSICO<\/span><\/td>\r\n<td class=\"cvagas\">CR<\/td>\r\n<td class=\"cremuneracao\">R$ 2.870,60 \/40h<\/td>\r\n<\/tr><tr>\r\n<td class=\"ccargos\">\r\n<span data-balloon-length=\"medium\" aria-label=\"Diploma de gradua\u00e7\u00e3o de n\u00edvel superior em Farm\u00e1cia, com registro no conselho de classe, fornecido por institui\u00e7\u00e3o reconhecida pelo MEC.\" data-balloon-pos=\"up\">FARMAC\u00caUTICO<\/span><\/td>\r\n<td class=\"cvagas\">CR<\/td>\r\n<td class=\"cremuneracao\">R$ 2.870,60 \/40h<\/td>\r\n<\/tr><tr>\r\n<td class=\"ccargos\">\r\n<span data-balloon-length=\"medium\" aria-label=\"Diploma de conclus\u00e3o de gradua\u00e7\u00e3o de n\u00edvel superior em Odontologia, devidamente registrado no respectivo conselho de classe, fornecido por institui\u00e7\u00e3o reconhecida pelo MEC.\" data-balloon-pos=\"up\">CIRURGI\u00c3O DENTISTA<\/span><\/td>\r\n<td class=\"cvagas\">CR<\/td>\r\n<td class=\"cremuneracao\">R$ 3.900,00 \/40h<\/td>\r\n<\/tr><tr>\r\n<td class=\"ccargos\">\r\n<span data-balloon-length=\"medium\" aria-label=\"Diploma de gradua\u00e7\u00e3o de n\u00edvel superior em Fisioterapia, com registro no conselho de classe, fornecido por institui\u00e7\u00e3o reconhecida pelo MEC\" data-balloon-pos=\"up\">FISIOTERAPEUTA<\/span><\/td>\r\n<td class=\"cvagas\">CR<\/td>\r\n<td class=\"cremuneracao\">R$ 2.870,60 \/30h<\/td>\r\n<\/tr><tr>\r\n<td class=\"ccargos\">\r\n<span data-balloon-length=\"medium\" aria-label=\"Diploma devidamente registrado, de conclus\u00e3o de curso de gradua\u00e7\u00e3o de n\u00edvel superior em Psicologia, fornecido por institui\u00e7\u00e3o de ensino superior reconhecida pelo Minist\u00e9rio da Educa\u00e7\u00e3o (MEC), acrescido de registro no conselho de classe vigente.\" data-balloon-pos=\"up\">PSIC\u00d3LOGO<\/span><\/td>\r\n<td class=\"cvagas\">CR<\/td>\r\n<td class=\"cremuneracao\">R$ 2.870,60 \/40h<\/td>\r\n<\/tr><tr>\r\n<td class=\"ccargos\">\r\n<span data-balloon-length=\"medium\" data-balloon-pos=\"up\">ASSISTENTE SOCIAL<\/span><\/td>\r\n<td class=\"cvagas\">CR<\/td>\r\n<td class=\"cremuneracao\">R$ 2.870,60 \/30h<\/td>\r\n<\/tr><tr>\r\n<td class=\"ccargos\">\r\n<span data-balloon-length=\"medium\" aria-label=\"Diploma ou declara\u00e7\u00e3o de conclus\u00e3o, devidamente registrado de curso de Licenciatura Plena em qualquer \u00e1rea de forma\u00e7\u00e3o, fornecido por institui\u00e7\u00e3o de ensino superior reconhecida pelo MEC e curso de forma\u00e7\u00e3o continuada na \u00e1rea da Educa\u00e7\u00e3o Especial, com carga hor\u00e1ria m\u00ednima de 360 h e\/ou especializa\u00e7\u00e3o na \u00e1rea da Educa\u00e7\u00e3o Especial, com carga hor\u00e1ria m\u00ednima de 360 h.\" data-balloon-pos=\"up\">PROFESSOR MEDIADOR<\/span><\/td>\r\n<td class=\"cvagas\">CR<\/td>\r\n<td class=\"cremuneracao\">R$ 3.481,18 \/30h<\/td>\r\n<\/tr><tr>\r\n<td class=\"ccargos\">\r\n<span data-balloon-length=\"medium\" aria-label=\"Diploma de gradua\u00e7\u00e3o, devidamente registrado, de licenciatura plena em Pedagogia, fornecido por institui\u00e7\u00e3o de ensino superior reconhecida pelo MEC.\" data-balloon-pos=\"up\">PROFESSOR DE ENS. FUNDAMENTAL I<\/span><\/td>\r\n<td class=\"cvagas\">CR<\/td>\r\n<td class=\"cremuneracao\">R$ 3.481,18 \/30h<\/td>\r\n<\/tr><tr>\r\n<td class=\"ccargos\">\r\n<span data-balloon-length=\"medium\" aria-label=\"Diploma ou declara\u00e7\u00e3o de conclus\u00e3o, devidamente registrado de curso de Licenciatura Plena em Pedagogia, fornecido por institui\u00e7\u00e3o de ensino superior reconhecida pelo MEC.\" data-balloon-pos=\"up\">PROFESSOR DE PR\u00c9-ESCOLA<\/span><\/td>\r\n<td class=\"cvagas\">CR<\/td>\r\n<td class=\"cremuneracao\">R$ 3.481,18 \/30h<\/td>\r\n<\/tr><tr>\r\n<td class=\"ccargos\">\r\n<span data-balloon-length=\"medium\" aria-label=\"Diploma, devidamente registrado, em licenciatura plena em Pedagogia, fornecido por institui\u00e7\u00e3o de ensino superior reconhecida pelo MEC\" data-balloon-pos=\"up\">PROFESSOR DE CRECHE<\/span><\/td>\r\n<td class=\"cvagas\">CR<\/td>\r\n<td class=\"cremuneracao\">R$ 3.481,18 \/30h<\/td>\r\n<\/tr><tr>\r\n<td class=\"ccargos\">\r\n<span data-balloon-length=\"medium\" aria-label=\"Diploma, devidamente registrado, em licenciatura plena em Pedagogia, fornecido por institui\u00e7\u00e3o de ensino superior reconhecida pelo MEC e curso de forma\u00e7\u00e3o continuada na \u00e1rea da Educa\u00e7\u00e3o Especial, com carga hor\u00e1ria m\u00ednima de 360 h e\/ou especializa\u00e7\u00e3o na \u00e1rea da Educa\u00e7\u00e3o Especial, com carga hor\u00e1ria m\u00ednima de 360 h.\" data-balloon-pos=\"up\">PROFESSOR DE AEE<\/span><\/td>\r\n<td class=\"cvagas\">CR<\/td>\r\n<td class=\"cremuneracao\">R$ 3.481,18 \/30h<\/td>\r\n<\/tr>\r\n    <\/tbody>\r\n  <\/table>\r\n<\/div>"},"_links":{"self":[{"href":"https:\/\/www.agrobase.com.br\/concursos\/wp-json\/wp\/v2\/posts\/273582","targetHints":{"allow":["GET"]}}],"collection":[{"href":"https:\/\/www.agrobase.com.br\/concursos\/wp-json\/wp\/v2\/posts"}],"about":[{"href":"https:\/\/www.agrobase.com.br\/concursos\/wp-json\/wp\/v2\/types\/post"}],"author":[{"embeddable":true,"href":"https:\/\/www.agrobase.com.br\/concursos\/wp-json\/wp\/v2\/users\/7"}],"replies":[{"embeddable":true,"href":"https:\/\/www.agrobase.com.br\/concursos\/wp-json\/wp\/v2\/comments?post=273582"}],"version-history":[{"count":1,"href":"https:\/\/www.agrobase.com.br\/concursos\/wp-json\/wp\/v2\/posts\/273582\/revisions"}],"predecessor-version":[{"id":273584,"href":"https:\/\/www.agrobase.com.br\/concursos\/wp-json\/wp\/v2\/posts\/273582\/revisions\/273584"}],"wp:featuredmedia":[{"embeddable":true,"href":"https:\/\/www.agrobase.com.br\/concursos\/wp-json\/wp\/v2\/media\/273581"}],"wp:attachment":[{"href":"https:\/\/www.agrobase.com.br\/concursos\/wp-json\/wp\/v2\/media?parent=273582"}],"wp:term":[{"taxonomy":"category","embeddable":true,"href":"https:\/\/www.agrobase.com.br\/concursos\/wp-json\/wp\/v2\/categories?post=273582"},{"taxonomy":"post_tag","embeddable":true,"href":"https:\/\/www.agrobase.com.br\/concursos\/wp-json\/wp\/v2\/tags?post=273582"},{"taxonomy":"_amplo","embeddable":true,"href":"https:\/\/www.agrobase.com.br\/concursos\/wp-json\/wp\/v2\/_amplo?post=273582"},{"taxonomy":"destaque","embeddable":true,"href":"https:\/\/www.agrobase.com.br\/concursos\/wp-json\/wp\/v2\/destaque?post=273582"},{"taxonomy":"instituicoes","embeddable":true,"href":"https:\/\/www.agrobase.com.br\/concursos\/wp-json\/wp\/v2\/instituicoes?post=273582"}],"curies":[{"name":"wp","href":"https:\/\/api.w.org\/{rel}","templated":true}]}}