{"id":273568,"date":"2025-11-07T08:40:42","date_gmt":"2025-11-07T11:40:42","guid":{"rendered":"https:\/\/www.agrobase.com.br\/concursos\/?p=273568"},"modified":"2025-11-07T10:13:41","modified_gmt":"2025-11-07T13:13:41","slug":"prefeitura-floresta-pr-concurso-01-2025","status":"publish","type":"post","link":"https:\/\/www.agrobase.com.br\/concursos\/2025\/prefeitura-floresta-pr-concurso-01-2025\/","title":{"rendered":"Prefeitura Floresta (PR) &#8211; Concurso 01\/2025"},"content":{"rendered":"<h2>Informa\u00e7\u00f5es Gerais<\/h2>\n<p>O Concurso P\u00fablico regido pelo Edital n\u00ba 001\/2025 da Prefeitura Municipal de Floresta \u2013 PR est\u00e1 com edital publicado e inscri\u00e7\u00f5es abertas. Organizado pelo Instituto Unicampo, o certame visa ao provimento de <strong>20 vagas imediatas mais forma\u00e7\u00e3o de cadastro reserva<\/strong> para cargos efetivos do quadro de pessoal do munic\u00edpio, sob o <strong>regime estatut\u00e1rio<\/strong>.<\/p>\n<p>As oportunidades abrangem os n\u00edveis <strong>alfabetizado, fundamental, m\u00e9dio, t\u00e9cnico e superior<\/strong>, com remunera\u00e7\u00f5es que variam de R$ 2.000,00 a R$ 2.991,64. As vagas est\u00e3o distribu\u00eddas entre \u00e1reas administrativas, operacionais e da sa\u00fade, com destaque para cargos como <strong>Tratorista<\/strong> e <strong>Operador de M\u00e1quinas Pesadas<\/strong>, que podem interessar a profissionais de \u00e1reas correlatas \u00e0 <em>Engenharia Agr\u00edcola<\/em> e <em>Meio Ambiente<\/em>.<\/p>\n<p>Se voc\u00ea busca estabilidade e uma oportunidade de ingressar no servi\u00e7o p\u00fablico municipal, continue lendo para conhecer os detalhes sobre inscri\u00e7\u00f5es, etapas e resultados.<\/p>\n<h2>Inscri\u00e7\u00f5es<\/h2>\n<p>As inscri\u00e7\u00f5es para o Concurso da Prefeitura de Floresta \u2013 PR est\u00e3o <strong>abertas de 27 de outubro a 18 de novembro de 2025<\/strong>, e devem ser realizadas exclusivamente pela internet, no site do <a href=\"https:\/\/www.institutounicampo.com.br\" target=\"_blank\" rel=\"noopener\">Instituto Unicampo<\/a>. O candidato deve preencher o formul\u00e1rio eletr\u00f4nico referente ao cargo desejado e enviar os dados para formalizar a inscri\u00e7\u00e3o.<\/p>\n<p>As taxas de inscri\u00e7\u00e3o s\u00e3o de <strong>R$ 70,00<\/strong> para cargos de n\u00edveis alfabetizado, fundamental e m\u00e9dio, e de <strong>R$ 100,00<\/strong> para cargos de n\u00edvel superior. O pagamento deve ser efetuado at\u00e9 <strong>19 de novembro de 2025<\/strong>, por meio de boleto banc\u00e1rio gerado no ato da inscri\u00e7\u00e3o. \u00c9 fundamental conferir os dados antes de efetuar o pagamento, pois n\u00e3o haver\u00e1 devolu\u00e7\u00e3o da taxa, exceto em caso de cancelamento do concurso.<\/p>\n<p>Pedidos de isen\u00e7\u00e3o da taxa, entrega de laudo m\u00e9dico para condi\u00e7\u00f5es especiais e solicita\u00e7\u00f5es de inscri\u00e7\u00e3o como afro-brasileiro ou doador de medula devem ser realizados at\u00e9 <strong>06 de novembro de 2025<\/strong>, conforme orienta\u00e7\u00f5es do edital.<\/p>\n<p>Ap\u00f3s a inscri\u00e7\u00e3o, o candidato deve acompanhar o status do processo na \u00e1rea restrita do site da banca organizadora. Para mais informa\u00e7\u00f5es e detalhes, recomenda-se a leitura atenta do edital completo dispon\u00edvel no site oficial.<\/p>\n<h2>Etapas e Provas<\/h2>\n<p>O concurso ser\u00e1 composto por <strong>duas etapas principais<\/strong>, conforme o cargo pretendido:<\/p>\n<ul>\n<li><strong>Prova Objetiva<\/strong> \u2013 de car\u00e1ter eliminat\u00f3rio e classificat\u00f3rio, ser\u00e1 aplicada a todos os candidatos no dia <strong>07 de dezembro de 2025<\/strong>, com dura\u00e7\u00e3o de 3 horas. A prova contar\u00e1 com <strong>30 quest\u00f5es de m\u00faltipla escolha<\/strong>, com cinco alternativas cada e apenas uma correta. As disciplinas cobradas incluem <em>L\u00edngua Portuguesa, Matem\u00e1tica, Conhecimentos Gerais e Conhecimentos Espec\u00edficos<\/em>, variando conforme o cargo. Cada quest\u00e3o valer\u00e1 3,33 pontos, totalizando at\u00e9 100 pontos. Ser\u00e1 considerado aprovado o candidato que obtiver <strong>nota igual ou superior a 50 pontos<\/strong>.<\/li>\n<li><strong>Prova Pr\u00e1tica<\/strong> \u2013 de car\u00e1ter eliminat\u00f3rio, ser\u00e1 aplicada apenas aos <strong>10 primeiros colocados<\/strong> na prova objetiva dos cargos de <em>Merendeira, Tratorista e Operador de M\u00e1quinas Pesadas<\/em>. A prova ser\u00e1 realizada em <strong>18 de janeiro de 2026<\/strong>, com dura\u00e7\u00e3o m\u00e1xima de 30 minutos. Ser\u00e3o avaliados conhecimentos e habilidades pr\u00e1ticas, como procedimentos pr\u00e9vios, deslocamento e execu\u00e7\u00e3o de tarefas com os equipamentos espec\u00edficos. A pontua\u00e7\u00e3o m\u00e1xima \u00e9 de 100 pontos, sendo necess\u00e1rio alcan\u00e7ar pelo menos 50 pontos para aprova\u00e7\u00e3o.<\/li>\n<\/ul>\n<p>Para os cargos com prova pr\u00e1tica, a <strong>nota final<\/strong> ser\u00e1 a m\u00e9dia aritm\u00e9tica entre a prova objetiva e a pr\u00e1tica. Para os demais, ser\u00e1 considerada apenas a nota da prova objetiva.<\/p>\n<p>Recomenda-se a leitura completa do edital para detalhes sobre o conte\u00fado program\u00e1tico, crit\u00e9rios de avalia\u00e7\u00e3o e cronograma oficial.<\/p>\n<h2>Resultados e Gabarito<\/h2>\n<p>O cronograma prev\u00ea a divulga\u00e7\u00e3o dos <strong>gabaritos preliminares<\/strong> da prova objetiva em <strong>09 de dezembro de 2025<\/strong>, com prazo para interposi\u00e7\u00e3o de recursos entre os dias <strong>10 e 13 de dezembro<\/strong>. Os <strong>gabaritos definitivos<\/strong> e o <strong>resultado preliminar<\/strong> da prova objetiva ser\u00e3o publicados em <strong>17 de dezembro de 2025<\/strong>.<\/p>\n<p>O <strong>resultado definitivo<\/strong> da prova objetiva ser\u00e1 divulgado em <strong>12 de janeiro de 2026<\/strong>. Para os cargos com prova pr\u00e1tica, o resultado preliminar ser\u00e1 publicado em <strong>20 de janeiro<\/strong>, com prazo para recursos de <strong>21 a 23 de janeiro<\/strong>. O resultado definitivo da prova pr\u00e1tica e a classifica\u00e7\u00e3o preliminar por cargo sair\u00e3o em <strong>27 de janeiro<\/strong>, com possibilidade de recurso at\u00e9 <strong>31 de janeiro<\/strong>.<\/p>\n<p>A <strong>classifica\u00e7\u00e3o final<\/strong> ser\u00e1 divulgada em <strong>03 de fevereiro de 2026<\/strong>, e o <strong>resultado final para homologa\u00e7\u00e3o<\/strong> em <strong>06 de fevereiro<\/strong>. A <strong>homologa\u00e7\u00e3o oficial<\/strong> est\u00e1 prevista para <strong>09 de fevereiro de 2026<\/strong>.<\/p>\n<p>Os crit\u00e9rios de desempate incluem: idade igual ou superior a 60 anos, maior idade, maior n\u00famero de filhos menores de 16 anos, maior n\u00famero de acertos em Conhecimentos Espec\u00edficos e, por fim, sorteio.<\/p>\n<p>A convoca\u00e7\u00e3o dos aprovados seguir\u00e1 a ordem de classifica\u00e7\u00e3o e ser\u00e1 publicada nos canais oficiais da Prefeitura de Floresta e do Instituto Unicampo. \u00c9 responsabilidade exclusiva do candidato acompanhar todas as publica\u00e7\u00f5es no site da banca organizadora e no Di\u00e1rio Oficial.<\/p>\n","protected":false},"excerpt":{"rendered":"<p>Concurso Pref. Floresta (PR) com edital publicado! Vagas p\/ Merendeira e T\u00e9cnico Cont\u00e1bil (Fund. a Sup.). Inscri\u00e7\u00f5es a partir de 27\/10. Confira detalhes!<\/p>\n","protected":false},"author":7,"featured_media":273567,"comment_status":"open","ping_status":"open","sticky":false,"template":"","format":"standard","meta":{"_acf_changed":false,"_breakdance_hide_in_design_set":false,"_breakdance_tags":"","footnotes":""},"categories":[19,128,143],"tags":[52],"_amplo":[],"destaque":[],"instituicoes":[],"class_list":["post-273568","post","type-post","status-publish","format-standard","has-post-thumbnail","hentry","category-fonoaudiologia","category-tecnico-em-contabilidade","category-tecnico-odontologia","tag-parana"],"acf":{"_tipo_vagas":"vagas","_numero_vagas":"","_quadro_vagas":"","_cargos":"diversos","_cargos_especificos":"","_salario_max":"R$ 2991.64","_abertura":"20251027","_encerramento":"20251118","_inscricoes":"https:\/\/www.institutounicampo.com.br","_executora_concurso":"","_instituicao_concurso":[],"_link_adicional":null,"_anexos":null,"_produtos":null,"_vagas":"20 vagas + CR","_salario_min":"R$ 2000","_instituicao":"Prefeitura Municipal de Floresta","_edital":"https:\/\/www.agrobase.com.br\/concursos\/wp-content\/uploads\/sites\/4\/2025\/11\/edital-01-2025-prefeitura-de-floresta-pr.pdf","_anexos_edital":"https:\/\/www.agrobase.com.br\/concursos\/wp-content\/uploads\/sites\/4\/2025\/11\/anexos-edital-01-2025-prefeitura-de-floresta-pr.pdf","_fund_incompleto":"<div>\r\n<table class=\"quadro\">\r\n<thead>\r\n<tr>\r\n<th class=\"hcargo\">Cargo<\/th>\r\n<th class=\"hvagas\">Vagas<\/th>\r\n<th class=\"hremuneracao\">Remunera\u00e7\u00e3o<\/th>\r\n<\/tr>\r\n<\/thead>\r\n    <tbody>\r\n      <td class=\"ccargos\">\r\n<span data-balloon-length=\"medium\" aria-label=\"Alfabetizado\" data-balloon-pos=\"up\">Merendeira<\/span><\/td>\r\n<td class=\"cvagas\">02 + CR<\/td>\r\n<td class=\"cremuneracao\">R$ 2.000,00 \/44h<\/td>\r\n<\/tr><td class=\"ccargos\">\r\n<span data-balloon-length=\"medium\" data-balloon-pos=\"up\">Operador de M\u00e1quinas Pesadas<\/span><\/td>\r\n<td class=\"cvagas\">02 + CR<\/td>\r\n<td class=\"cremuneracao\">R$ 2.256,21 \/44h<\/td>\r\n<\/tr><td class=\"ccargos\">\r\n<span data-balloon-length=\"medium\" aria-label=\"Alfabetizado\" data-balloon-pos=\"up\">Servi\u00e7os Gerais Feminino<\/span><\/td>\r\n<td class=\"cvagas\">05 + CR<\/td>\r\n<td class=\"cremuneracao\">R$ 2.000,00 \/44h<\/td>\r\n<\/tr><td class=\"ccargos\">\r\n<span data-balloon-length=\"medium\" aria-label=\"Alfabetizado\" data-balloon-pos=\"up\">Servi\u00e7os Gerais Masculino<\/span><\/td>\r\n<td class=\"cvagas\">05 + CR<\/td>\r\n<td class=\"cremuneracao\">R$ 2.000,00 \/44h<\/td>\r\n<\/tr><td class=\"ccargos\">\r\n<span data-balloon-length=\"medium\" data-balloon-pos=\"up\">Tratorista<\/span><\/td>\r\n<td class=\"cvagas\">01 + CR<\/td>\r\n<td class=\"cremuneracao\">R$ 2.256,21 \/44h<\/td>\r\n<\/tr>\r\n    <\/tbody>\r\n  <\/table>\r\n<\/div>","_fund_completo":"","_medio":"<div>\r\n<table class=\"quadro\">\r\n<thead>\r\n<tr>\r\n<th class=\"hcargo\">Cargo<\/th>\r\n<th class=\"hvagas\">Vagas<\/th>\r\n<th class=\"hremuneracao\">Remunera\u00e7\u00e3o<\/th>\r\n<\/tr>\r\n<\/thead>\r\n    <tbody>\r\n      <td class=\"ccargos\">\r\n<span data-balloon-length=\"medium\" aria-label=\"Ensino M\u00e9dio completo\" data-balloon-pos=\"up\">Recepcionista<\/span><\/td>\r\n<td class=\"cvagas\">02 + CR<\/td>\r\n<td class=\"cremuneracao\">R$ 2.000,00 \/35h<\/td>\r\n<\/tr><td class=\"ccargos\">\r\n<span data-balloon-length=\"medium\" aria-label=\"Ensino M\u00e9dio e T\u00e9cnico em Contabilidade\" data-balloon-pos=\"up\">T\u00e9cnico em Contabilidade<\/span><\/td>\r\n<td class=\"cvagas\">01 + CR<\/td>\r\n<td class=\"cremuneracao\">R$ 2.991,64 \/40h<\/td>\r\n<\/tr><td class=\"ccargos\">\r\n<span data-balloon-length=\"medium\" aria-label=\"Ensino M\u00e9dio e Curso T\u00e9cnico em Sa\u00fade Bucal e Registro no Conselho de Classe.\" data-balloon-pos=\"up\">T\u00e9cnico em Higiene Bucal<\/span><\/td>\r\n<td class=\"cvagas\">01 + CR<\/td>\r\n<td class=\"cremuneracao\">R$ 2.273,65 \/35h<\/td>\r\n<\/tr>\r\n    <\/tbody>\r\n  <\/table>\r\n<\/div>","_superior":"<div>\r\n<table class=\"quadro\">\r\n<thead>\r\n<tr>\r\n<th class=\"hcargo\">Cargo<\/th>\r\n<th class=\"hvagas\">Vagas<\/th>\r\n<th class=\"hremuneracao\">Remunera\u00e7\u00e3o<\/th>\r\n<\/tr>\r\n<\/thead>\r\n    <tbody>\r\n      <tr>\r\n<td class=\"ccargos\">\r\n<span data-balloon-length=\"medium\" aria-label=\"Superior Completo + Registro no Conselho de Classe\" data-balloon-pos=\"up\">Fonoaudi\u00f3logo<\/span><\/td>\r\n<td class=\"cvagas\">01 + CR<\/td>\r\n<td class=\"cremuneracao\">R$ 2.885,17 \/20h<\/td>\r\n<\/tr>\r\n    <\/tbody>\r\n  <\/table>\r\n<\/div>"},"_links":{"self":[{"href":"https:\/\/www.agrobase.com.br\/concursos\/wp-json\/wp\/v2\/posts\/273568","targetHints":{"allow":["GET"]}}],"collection":[{"href":"https:\/\/www.agrobase.com.br\/concursos\/wp-json\/wp\/v2\/posts"}],"about":[{"href":"https:\/\/www.agrobase.com.br\/concursos\/wp-json\/wp\/v2\/types\/post"}],"author":[{"embeddable":true,"href":"https:\/\/www.agrobase.com.br\/concursos\/wp-json\/wp\/v2\/users\/7"}],"replies":[{"embeddable":true,"href":"https:\/\/www.agrobase.com.br\/concursos\/wp-json\/wp\/v2\/comments?post=273568"}],"version-history":[{"count":1,"href":"https:\/\/www.agrobase.com.br\/concursos\/wp-json\/wp\/v2\/posts\/273568\/revisions"}],"predecessor-version":[{"id":273570,"href":"https:\/\/www.agrobase.com.br\/concursos\/wp-json\/wp\/v2\/posts\/273568\/revisions\/273570"}],"wp:featuredmedia":[{"embeddable":true,"href":"https:\/\/www.agrobase.com.br\/concursos\/wp-json\/wp\/v2\/media\/273567"}],"wp:attachment":[{"href":"https:\/\/www.agrobase.com.br\/concursos\/wp-json\/wp\/v2\/media?parent=273568"}],"wp:term":[{"taxonomy":"category","embeddable":true,"href":"https:\/\/www.agrobase.com.br\/concursos\/wp-json\/wp\/v2\/categories?post=273568"},{"taxonomy":"post_tag","embeddable":true,"href":"https:\/\/www.agrobase.com.br\/concursos\/wp-json\/wp\/v2\/tags?post=273568"},{"taxonomy":"_amplo","embeddable":true,"href":"https:\/\/www.agrobase.com.br\/concursos\/wp-json\/wp\/v2\/_amplo?post=273568"},{"taxonomy":"destaque","embeddable":true,"href":"https:\/\/www.agrobase.com.br\/concursos\/wp-json\/wp\/v2\/destaque?post=273568"},{"taxonomy":"instituicoes","embeddable":true,"href":"https:\/\/www.agrobase.com.br\/concursos\/wp-json\/wp\/v2\/instituicoes?post=273568"}],"curies":[{"name":"wp","href":"https:\/\/api.w.org\/{rel}","templated":true}]}}