{"id":273563,"date":"2025-11-07T08:30:28","date_gmt":"2025-11-07T11:30:28","guid":{"rendered":"https:\/\/www.agrobase.com.br\/concursos\/?p=273563"},"modified":"2025-11-06T15:06:36","modified_gmt":"2025-11-06T18:06:36","slug":"prefeitura-chapadao-do-lageado-sc-concurso-01-2025","status":"publish","type":"post","link":"https:\/\/www.agrobase.com.br\/concursos\/2025\/prefeitura-chapadao-do-lageado-sc-concurso-01-2025\/","title":{"rendered":"Prefeitura Chapad\u00e3o do Lageado (SC) &#8211; Concurso 01\/2025"},"content":{"rendered":"<h2>Informa\u00e7\u00f5es Gerais<\/h2>\n<p>O Concurso P\u00fablico n\u00ba 01\/2025 do Munic\u00edpio de Chapad\u00e3o do Lageado, em Santa Catarina, teve seu edital oficialmente publicado e est\u00e1 com inscri\u00e7\u00f5es abertas. Organizado pela banca WE DO CONCURSOS, o certame visa ao provimento de <strong>29 vagas imediatas<\/strong> e forma\u00e7\u00e3o de cadastro reserva para cargos efetivos do Executivo Municipal.<\/p>\n<p>As contrata\u00e7\u00f5es ocorrer\u00e3o, em sua maioria, sob o regime <strong>Estatut\u00e1rio<\/strong>, com exce\u00e7\u00e3o do cargo de Agente Comunit\u00e1rio de Sa\u00fade, que ser\u00e1 regido pela CLT. As oportunidades abrangem os n\u00edveis <strong>M\u00e9dio\/T\u00e9cnico e Superior<\/strong>, com sal\u00e1rios que variam de <strong>R$ 1.800,00 a R$ 20.472,06<\/strong>.<\/p>\n<p>H\u00e1 vagas em diversos setores da administra\u00e7\u00e3o p\u00fablica, com destaque para \u00e1reas de interesse como <strong>Agronomia<\/strong> e <strong>Nutri\u00e7\u00e3o<\/strong>, al\u00e9m de oportunidades em Sa\u00fade, Educa\u00e7\u00e3o, Assist\u00eancia Social e Administra\u00e7\u00e3o.<\/p>\n<p>Se voc\u00ea busca estabilidade e uma carreira no servi\u00e7o p\u00fablico municipal, continue a leitura para conhecer os detalhes sobre inscri\u00e7\u00f5es, etapas e resultados deste concurso.<\/p>\n<h2>Inscri\u00e7\u00f5es<\/h2>\n<p>As inscri\u00e7\u00f5es para o Concurso P\u00fablico n\u00ba 01\/2025 de Chapad\u00e3o do Lageado est\u00e3o <strong>abertas<\/strong> e devem ser realizadas <strong>exclusivamente via internet<\/strong>, no site da banca organizadora: <a href=\"https:\/\/www.wedoconcursos.com.br\" target=\"_blank\" rel=\"noopener\">www.wedoconcursos.com.br<\/a>, entre os dias <strong>20 de outubro de 2025, \u00e0s 14h<\/strong>, e <strong>18 de novembro de 2025, \u00e0s 14h<\/strong>.<\/p>\n<p>As taxas de inscri\u00e7\u00e3o variam conforme o n\u00edvel de escolaridade exigido para o cargo. O pagamento deve ser feito por <strong>boleto banc\u00e1rio<\/strong>, gerado no ato da inscri\u00e7\u00e3o. N\u00e3o s\u00e3o aceitos pagamentos por PIX, transfer\u00eancia ou dep\u00f3sito em conta. Recomenda-se evitar o uso de carteiras digitais e agendamentos, pois podem comprometer o processamento no prazo.<\/p>\n<p>O candidato deve preencher corretamente o formul\u00e1rio eletr\u00f4nico, escolher o cargo desejado e anexar os documentos solicitados, quando aplic\u00e1vel. Ap\u00f3s o pagamento, \u00e9 importante acompanhar a confirma\u00e7\u00e3o da inscri\u00e7\u00e3o na <strong>\u00e1rea do candidato<\/strong> no site da banca.<\/p>\n<p>Pedidos de isen\u00e7\u00e3o, uso de nome social, condi\u00e7\u00e3o de jurado e atendimento especial devem ser solicitados conforme orienta\u00e7\u00f5es do edital, dentro dos prazos estabelecidos.<\/p>\n<p>Para garantir sua participa\u00e7\u00e3o, leia atentamente o edital completo dispon\u00edvel no site da organizadora.<\/p>\n<h2>Etapas e Provas<\/h2>\n<p>O concurso ser\u00e1 composto por <strong>duas etapas principais<\/strong>, conforme o cargo pretendido:<\/p>\n<ul>\n<li><strong>Prova Objetiva<\/strong> \u2013 de car\u00e1ter <em>eliminat\u00f3rio e classificat\u00f3rio<\/em>, ser\u00e1 aplicada a <strong>todos os candidatos<\/strong>. A avalia\u00e7\u00e3o ter\u00e1 dura\u00e7\u00e3o de <strong>3 horas<\/strong> e ser\u00e1 composta por 50 quest\u00f5es de m\u00faltipla escolha, com disciplinas como L\u00edngua Portuguesa, Matem\u00e1tica e Racioc\u00ednio L\u00f3gico, Legisla\u00e7\u00e3o, Inform\u00e1tica, Conhecimentos Gerais e Atualidades, Conhecimentos Aplicados na \u00c1rea P\u00fablica e Conhecimentos Espec\u00edficos. A pontua\u00e7\u00e3o total ser\u00e1 de 100 pontos, sendo necess\u00e1rio obter <strong>m\u00ednimo de 50%<\/strong> e n\u00e3o zerar em Conhecimentos Espec\u00edficos para ser aprovado.<\/li>\n<li><strong>Prova de T\u00edtulos<\/strong> \u2013 de car\u00e1ter <em>classificat\u00f3rio<\/em>, exclusiva para os <strong>cargos de n\u00edvel superior<\/strong>. Ser\u00e3o aceitos certificados de p\u00f3s-gradua\u00e7\u00e3o (especializa\u00e7\u00e3o, mestrado ou doutorado) na \u00e1rea correlata ao cargo. A pontua\u00e7\u00e3o m\u00e1xima nesta etapa \u00e9 de 5 pontos, sendo considerado apenas um t\u00edtulo por categoria.<\/li>\n<\/ul>\n<p>As provas objetivas ocorrer\u00e3o preferencialmente em Chapad\u00e3o do Lageado\/SC, com possibilidade de aplica\u00e7\u00e3o em cidades vizinhas, conforme a demanda. Os detalhes sobre data, hor\u00e1rio e local ser\u00e3o divulgados em edital de convoca\u00e7\u00e3o espec\u00edfico.<\/p>\n<p>Recomenda-se a leitura atenta do edital para conhecer os crit\u00e9rios de avalia\u00e7\u00e3o, conte\u00fado program\u00e1tico e demais orienta\u00e7\u00f5es sobre cada etapa.<\/p>\n<h2>Resultados e Gabarito<\/h2>\n<p>A divulga\u00e7\u00e3o dos <strong>gabaritos preliminares<\/strong> da prova objetiva ocorrer\u00e1 conforme cronograma oficial, ap\u00f3s a aplica\u00e7\u00e3o das provas. Os candidatos poder\u00e3o interpor recursos dentro do prazo estabelecido, exclusivamente pela \u00e1rea do candidato no site da banca organizadora.<\/p>\n<p>Ap\u00f3s an\u00e1lise dos recursos, ser\u00e1 publicado o <strong>gabarito definitivo<\/strong> e, em seguida, o <strong>resultado preliminar<\/strong> da prova objetiva. Para os cargos de n\u00edvel superior, tamb\u00e9m ser\u00e1 divulgado o resultado da <strong>prova de t\u00edtulos<\/strong>, com possibilidade de recurso.<\/p>\n<p>A <strong>classifica\u00e7\u00e3o final provis\u00f3ria<\/strong> ser\u00e1 divulgada com base na soma das pontua\u00e7\u00f5es obtidas nas etapas aplic\u00e1veis. Em caso de empate, ser\u00e3o considerados crit\u00e9rios como idade (para candidatos com 60 anos ou mais), desempenho em disciplinas espec\u00edficas, exerc\u00edcio da fun\u00e7\u00e3o de jurado e maior idade.<\/p>\n<p>Ap\u00f3s o per\u00edodo recursal, ser\u00e1 publicada a <strong>homologa\u00e7\u00e3o final<\/strong> do concurso. As <strong>convoca\u00e7\u00f5es<\/strong> para admiss\u00e3o ser\u00e3o de responsabilidade exclusiva da Prefeitura de Chapad\u00e3o do Lageado e divulgadas no site oficial do munic\u00edpio e no Di\u00e1rio Oficial dos Munic\u00edpios de Santa Catarina.<\/p>\n<p>\u00c9 fundamental que o candidato acompanhe todas as publica\u00e7\u00f5es oficiais no site da banca (<a href=\"https:\/\/www.wedoconcursos.com.br\" target=\"_blank\" rel=\"noopener\">www.wedoconcursos.com.br<\/a>) e no Di\u00e1rio Oficial, pois o n\u00e3o acompanhamento pode acarretar perda de prazos e desclassifica\u00e7\u00e3o.<\/p>\n","protected":false},"excerpt":{"rendered":"<p>Concurso Pref. Chapad\u00e3o do Lageado (SC) com edital publicado! Vagas p\/ M\u00e9dico, Professor (M\u00e9dio a Sup.). Inscri\u00e7\u00f5es a partir de 20\/10. At\u00e9 R$ 20k. Confira detalhes!<\/p>\n","protected":false},"author":7,"featured_media":273562,"comment_status":"open","ping_status":"open","sticky":false,"template":"","format":"standard","meta":{"_acf_changed":false,"_breakdance_hide_in_design_set":false,"_breakdance_tags":"","footnotes":""},"categories":[4,141,6434,12,17,18,19,21,23,24,25,26,101,108,143],"tags":[61],"_amplo":[],"destaque":[],"instituicoes":[],"class_list":["post-273563","post","type-post","status-publish","format-standard","has-post-thumbnail","hentry","category-agronomia","category-educacao-artistica","category-educacao-fisica-licenciatura","category-enfermagem","category-farmacia","category-fisioterapia","category-fonoaudiologia","category-medicina","category-nutricao","category-odontologia","category-pedagogia","category-psicologia","category-servico-social","category-tecnico-enfermagem","category-tecnico-odontologia","tag-santa-catarina"],"acf":{"_tipo_vagas":"vagas","_numero_vagas":"","_quadro_vagas":"","_cargos":"diversos","_cargos_especificos":"","_salario_max":"R$ 20472.06","_abertura":"20251020","_encerramento":"20251118","_inscricoes":"https:\/\/www.wedoconcursos.com.br","_executora_concurso":"","_instituicao_concurso":[],"_link_adicional":null,"_anexos":null,"_produtos":null,"_vagas":"29 vagas + CR","_salario_min":"R$ 1800","_instituicao":"Prefeitura de Chapad\u00e3o do Lageado","_edital":"https:\/\/www.agrobase.com.br\/concursos\/wp-content\/uploads\/sites\/4\/2025\/11\/edital-01-2025-prefeitura-de-chapadao-do-lageado-sc.pdf","_anexos_edital":"https:\/\/www.agrobase.com.br\/concursos\/wp-content\/uploads\/sites\/4\/2025\/11\/anexos-edital-01-2025-prefeitura-de-chapadao-do-lageado-sc.pdf","_fund_incompleto":"","_fund_completo":"","_medio":"<div>\r\n<table class=\"quadro\">\r\n<thead>\r\n<tr>\r\n<th class=\"hcargo\">Cargo<\/th>\r\n<th class=\"hvagas\">Vagas<\/th>\r\n<th class=\"hremuneracao\">Remunera\u00e7\u00e3o<\/th>\r\n<\/tr>\r\n<\/thead>\r\n    <tbody>\r\n      <td class=\"ccargos\">\r\n<span data-balloon-length=\"medium\" aria-label=\"Ensino M\u00e9dio Completo + Curso T\u00e9cnico em Edifica\u00e7\u00f5es + registro no respectivo \u00f3rg\u00e3o fiscalizador da profiss\u00e3o\" data-balloon-pos=\"up\">Fiscal de Obras<\/span><\/td>\r\n<td class=\"cvagas\">01<\/td>\r\n<td class=\"cremuneracao\">R$ 3.311,01 \/40h<\/td>\r\n<\/tr><td class=\"ccargos\">\r\n<span data-balloon-length=\"medium\" aria-label=\"Ensino M\u00e9dio Completo\" data-balloon-pos=\"up\">Oficial de N\u00edvel M\u00e9dio<\/span><\/td>\r\n<td class=\"cvagas\">1 + CR<\/td>\r\n<td class=\"cremuneracao\">R$ 2.457,38 \/40h<\/td>\r\n<\/tr><td class=\"ccargos\">\r\n<span data-balloon-length=\"medium\" aria-label=\"Ensino M\u00e9dio Completo\" data-balloon-pos=\"up\">Oficial Administrativo<\/span><\/td>\r\n<td class=\"cvagas\">1 + CR<\/td>\r\n<td class=\"cremuneracao\">R$ 3.311,01 \/40h<\/td>\r\n<\/tr><td class=\"ccargos\">\r\n<span data-balloon-length=\"medium\" aria-label=\"Ensino M\u00e9dio Completo + Curso de Auxiliar de Sa\u00fade Bucal\" data-balloon-pos=\"up\">Atendente de Consult\u00f3rio Dent\u00e1rio<\/span><\/td>\r\n<td class=\"cvagas\">01<\/td>\r\n<td class=\"cremuneracao\">R$ 2.069,98 \/40h<\/td>\r\n<\/tr><td class=\"ccargos\">\r\n<span data-balloon-length=\"medium\" aria-label=\"Ensino M\u00e9dio Completo\" data-balloon-pos=\"up\">Orientador Social<\/span><\/td>\r\n<td class=\"cvagas\">02<\/td>\r\n<td class=\"cremuneracao\">R$ 1.800,00 \/20h<\/td>\r\n<\/tr><td class=\"ccargos\">\r\n<span data-balloon-length=\"medium\" aria-label=\"Ensino M\u00e9dio Completo e Curso T\u00e9cnico de Enfermagem + registro no respectivo \u00f3rg\u00e3o fiscalizador da profiss\u00e3o\" data-balloon-pos=\"up\">T\u00e9cnico em Enfermagem<\/span><\/td>\r\n<td class=\"cvagas\">CR<\/td>\r\n<td class=\"cremuneracao\">R$ 3.612,84 \/40h<\/td>\r\n<\/tr><td class=\"ccargos\">\r\n<span data-balloon-length=\"medium\" aria-label=\"Ensino M\u00e9dio Completo\" data-balloon-pos=\"up\">Agente de Combate \u00e0s Endemias<\/span><\/td>\r\n<td class=\"cvagas\">01<\/td>\r\n<td class=\"cremuneracao\">R$ 3.036,00 \/40h<\/td>\r\n<\/tr><td class=\"ccargos\">\r\n<span data-balloon-length=\"medium\" aria-label=\"Ensino M\u00e9dio Completo e residir na \u00e1rea de atua\u00e7\u00e3o desde o per\u00edodo das inscri\u00e7\u00f5es (1)\" data-balloon-pos=\"up\">Agente Comunit\u00e1rio de Sa\u00fade (\u00e1rea de atua\u00e7\u00e3o: Micro\u00e1rea 1)<\/span><\/td>\r\n<td class=\"cvagas\">01<\/td>\r\n<td class=\"cremuneracao\">R$ 3.036,00 \/40h<\/td>\r\n<\/tr><td class=\"ccargos\">\r\n<span data-balloon-length=\"medium\" aria-label=\"Ensino M\u00e9dio Completo e residir na \u00e1rea de atua\u00e7\u00e3o desde o per\u00edodo das inscri\u00e7\u00f5es (2)\" data-balloon-pos=\"up\">Agente Comunit\u00e1rio de Sa\u00fade (\u00e1rea de atua\u00e7\u00e3o: Micro\u00e1rea 2)<\/span><\/td>\r\n<td class=\"cvagas\">01<\/td>\r\n<td class=\"cremuneracao\">R$ 3.036,00 \/40h<\/td>\r\n<\/tr>\r\n    <\/tbody>\r\n  <\/table>\r\n<\/div>","_superior":"<div>\r\n<table class=\"quadro\">\r\n<thead>\r\n<tr>\r\n<th class=\"hcargo\">Cargo<\/th>\r\n<th class=\"hvagas\">Vagas<\/th>\r\n<th class=\"hremuneracao\">Remunera\u00e7\u00e3o<\/th>\r\n<\/tr>\r\n<\/thead>\r\n    <tbody>\r\n      <tr>\r\n<td class=\"ccargos\">\r\n<span data-balloon-length=\"medium\" aria-label=\"Portador de Certificado de Curso Superior na \u00e1rea e registro no respectivo \u00f3rg\u00e3o fiscalizador da profiss\u00e3o\" data-balloon-pos=\"up\">M\u00e9dico<\/span><\/td>\r\n<td class=\"cvagas\">01<\/td>\r\n<td class=\"cremuneracao\">R$ 20.472,06 \/40h<\/td>\r\n<\/tr><tr>\r\n<td class=\"ccargos\">\r\n<span data-balloon-length=\"medium\" aria-label=\"Portador de Certificado de Curso Superior na \u00e1rea e registro no respectivo \u00f3rg\u00e3o fiscalizador da profiss\u00e3o\" data-balloon-pos=\"up\">Fonoaudi\u00f3logo<\/span><\/td>\r\n<td class=\"cvagas\">01<\/td>\r\n<td class=\"cremuneracao\">R$ 2.845,39 \/20h<\/td>\r\n<\/tr><tr>\r\n<td class=\"ccargos\">\r\n<span data-balloon-length=\"medium\" aria-label=\"Portador de Certificado de Curso Superior na \u00e1rea e registro no respectivo \u00f3rg\u00e3o fiscalizador da profiss\u00e3o\" data-balloon-pos=\"up\">Psic\u00f3logo<\/span><\/td>\r\n<td class=\"cvagas\">01<\/td>\r\n<td class=\"cremuneracao\">R$ 2.457,38 \/20h<\/td>\r\n<\/tr><tr>\r\n<td class=\"ccargos\">\r\n<span data-balloon-length=\"medium\" aria-label=\"Portador de Certificado de Curso Superior na \u00e1rea e registro no respectivo \u00f3rg\u00e3o fiscalizador da profiss\u00e3o\" data-balloon-pos=\"up\">Psic\u00f3logo<\/span><\/td>\r\n<td class=\"cvagas\">01<\/td>\r\n<td class=\"cremuneracao\">R$ 3.686,05 \/30h<\/td>\r\n<\/tr><tr>\r\n<td class=\"ccargos\">\r\n<span data-balloon-length=\"medium\" aria-label=\"Portador de Certificado de Curso Superior na \u00e1rea e registro no respectivo \u00f3rg\u00e3o fiscalizador da profiss\u00e3o\" data-balloon-pos=\"up\">Engenheiro Agr\u00f4nomo<\/span><\/td>\r\n<td class=\"cvagas\">01<\/td>\r\n<td class=\"cremuneracao\">R$ 4.914,78 \/40h<\/td>\r\n<\/tr><tr>\r\n<td class=\"ccargos\">\r\n<span data-balloon-length=\"medium\" aria-label=\"Portador de Certificado de Curso Superior na \u00e1rea e registro no respectivo \u00f3rg\u00e3o fiscalizador da profiss\u00e3o\" data-balloon-pos=\"up\">Odont\u00f3logo<\/span><\/td>\r\n<td class=\"cvagas\">01<\/td>\r\n<td class=\"cremuneracao\">R$ 8.018,88 \/40h<\/td>\r\n<\/tr><tr>\r\n<td class=\"ccargos\">\r\n<span data-balloon-length=\"medium\" aria-label=\"Portador de Certificado de Curso Superior na \u00e1rea e registro no respectivo \u00f3rg\u00e3o fiscalizador da profiss\u00e3o\" data-balloon-pos=\"up\">Assistente Social<\/span><\/td>\r\n<td class=\"cvagas\">1 + CR<\/td>\r\n<td class=\"cremuneracao\">R$ 2.457,38 \/20h<\/td>\r\n<\/tr><tr>\r\n<td class=\"ccargos\">\r\n<span data-balloon-length=\"medium\" aria-label=\"Portador de Certificado de Curso Superior na \u00e1rea e registro no respectivo \u00f3rg\u00e3o fiscalizador da profiss\u00e3o\" data-balloon-pos=\"up\">Fisioterapeuta<\/span><\/td>\r\n<td class=\"cvagas\">02<\/td>\r\n<td class=\"cremuneracao\">R$ 2.457,38 \/20h<\/td>\r\n<\/tr><tr>\r\n<td class=\"ccargos\">\r\n<span data-balloon-length=\"medium\" aria-label=\"Portador de Certificado de Curso Superior na \u00e1rea e registro no respectivo \u00f3rg\u00e3o fiscalizador da profiss\u00e3o\" data-balloon-pos=\"up\">Farmac\u00eautico<\/span><\/td>\r\n<td class=\"cvagas\">01<\/td>\r\n<td class=\"cremuneracao\">R$ 2.457,38 \/20h<\/td>\r\n<\/tr><tr>\r\n<td class=\"ccargos\">\r\n<span data-balloon-length=\"medium\" aria-label=\"Portador de Certificado de Curso Superior na \u00e1rea e registro no respectivo \u00f3rg\u00e3o fiscalizador da profiss\u00e3o\" data-balloon-pos=\"up\">Nutricionista<\/span><\/td>\r\n<td class=\"cvagas\">1 + CR<\/td>\r\n<td class=\"cremuneracao\">R$ 2.845,40 \/20h<\/td>\r\n<\/tr><tr>\r\n<td class=\"ccargos\">\r\n<span data-balloon-length=\"medium\" aria-label=\"Curso de N\u00edvel Superior em Psicopedagogia; ou Curso n\u00edvel Superior em Licenciatura Plena na \u00e1rea do magist\u00e9rio e p\u00f3s-gradua\u00e7\u00e3o em Psicopedagogia\" data-balloon-pos=\"up\">Psicopedagogo<\/span><\/td>\r\n<td class=\"cvagas\">01<\/td>\r\n<td class=\"cremuneracao\">R$ 1.990,34 \/20h<\/td>\r\n<\/tr><tr>\r\n<td class=\"ccargos\">\r\n<span data-balloon-length=\"medium\" aria-label=\"Curso de N\u00edvel Superior em Pedagogia com habilita\u00e7\u00e3o em Orienta\u00e7\u00e3o Educacional; ou Curso de N\u00edvel Superior de licenciatura plena na \u00e1rea do magist\u00e9rio e p\u00f3s-gradua\u00e7\u00e3o em Orienta\u00e7\u00e3o Educacional\" data-balloon-pos=\"up\">Orientador Educacional<\/span><\/td>\r\n<td class=\"cvagas\">02<\/td>\r\n<td class=\"cremuneracao\">R$ 3.980,69 \/40h<\/td>\r\n<\/tr><tr>\r\n<td class=\"ccargos\">\r\n<span data-balloon-length=\"medium\" aria-label=\"Curso n\u00edvel Superior em Licenciatura Plena, na \u00e1rea de atua\u00e7\u00e3o, com registro no MEC\" data-balloon-pos=\"up\">Professor de Educa\u00e7\u00e3o Infantil<\/span><\/td>\r\n<td class=\"cvagas\">3 + CR<\/td>\r\n<td class=\"cremuneracao\">R$ 3.980,69 \/40h<\/td>\r\n<\/tr><tr>\r\n<td class=\"ccargos\">\r\n<span data-balloon-length=\"medium\" aria-label=\"Curso n\u00edvel Superior em Licenciatura Plena, na \u00e1rea de atua\u00e7\u00e3o, com registro no MEC\" data-balloon-pos=\"up\">Professor Anos Iniciais<\/span><\/td>\r\n<td class=\"cvagas\">1 + CR<\/td>\r\n<td class=\"cremuneracao\">R$ 3.980,69 \/40h<\/td>\r\n<\/tr><tr>\r\n<td class=\"ccargos\">\r\n<span data-balloon-length=\"medium\" aria-label=\"Curso n\u00edvel Superior em Educa\u00e7\u00e3o F\u00edsica (licenciatura) + registro no respectivo \u00f3rg\u00e3o fiscalizador da profiss\u00e3o\" data-balloon-pos=\"up\">Professor Educa\u00e7\u00e3o F\u00edsica<\/span><\/td>\r\n<td class=\"cvagas\">CR<\/td>\r\n<td class=\"cremuneracao\">R$ 1.990,34 \/20h<\/td>\r\n<\/tr><tr>\r\n<td class=\"ccargos\">\r\n<span data-balloon-length=\"medium\" aria-label=\"Curso n\u00edvel Superior em Licenciatura Plena em \u00e1rea de atua\u00e7\u00e3o (Artes), com registro no MEC\" data-balloon-pos=\"up\">Professor Artes<\/span><\/td>\r\n<td class=\"cvagas\">01<\/td>\r\n<td class=\"cremuneracao\">R$ 1.990,34 \/20h<\/td>\r\n<\/tr>\r\n    <\/tbody>\r\n  <\/table>\r\n<\/div>"},"_links":{"self":[{"href":"https:\/\/www.agrobase.com.br\/concursos\/wp-json\/wp\/v2\/posts\/273563","targetHints":{"allow":["GET"]}}],"collection":[{"href":"https:\/\/www.agrobase.com.br\/concursos\/wp-json\/wp\/v2\/posts"}],"about":[{"href":"https:\/\/www.agrobase.com.br\/concursos\/wp-json\/wp\/v2\/types\/post"}],"author":[{"embeddable":true,"href":"https:\/\/www.agrobase.com.br\/concursos\/wp-json\/wp\/v2\/users\/7"}],"replies":[{"embeddable":true,"href":"https:\/\/www.agrobase.com.br\/concursos\/wp-json\/wp\/v2\/comments?post=273563"}],"version-history":[{"count":1,"href":"https:\/\/www.agrobase.com.br\/concursos\/wp-json\/wp\/v2\/posts\/273563\/revisions"}],"predecessor-version":[{"id":273565,"href":"https:\/\/www.agrobase.com.br\/concursos\/wp-json\/wp\/v2\/posts\/273563\/revisions\/273565"}],"wp:featuredmedia":[{"embeddable":true,"href":"https:\/\/www.agrobase.com.br\/concursos\/wp-json\/wp\/v2\/media\/273562"}],"wp:attachment":[{"href":"https:\/\/www.agrobase.com.br\/concursos\/wp-json\/wp\/v2\/media?parent=273563"}],"wp:term":[{"taxonomy":"category","embeddable":true,"href":"https:\/\/www.agrobase.com.br\/concursos\/wp-json\/wp\/v2\/categories?post=273563"},{"taxonomy":"post_tag","embeddable":true,"href":"https:\/\/www.agrobase.com.br\/concursos\/wp-json\/wp\/v2\/tags?post=273563"},{"taxonomy":"_amplo","embeddable":true,"href":"https:\/\/www.agrobase.com.br\/concursos\/wp-json\/wp\/v2\/_amplo?post=273563"},{"taxonomy":"destaque","embeddable":true,"href":"https:\/\/www.agrobase.com.br\/concursos\/wp-json\/wp\/v2\/destaque?post=273563"},{"taxonomy":"instituicoes","embeddable":true,"href":"https:\/\/www.agrobase.com.br\/concursos\/wp-json\/wp\/v2\/instituicoes?post=273563"}],"curies":[{"name":"wp","href":"https:\/\/api.w.org\/{rel}","templated":true}]}}