{"id":273551,"date":"2025-11-07T08:10:29","date_gmt":"2025-11-07T11:10:29","guid":{"rendered":"https:\/\/www.agrobase.com.br\/concursos\/?p=273551"},"modified":"2025-11-06T14:06:52","modified_gmt":"2025-11-06T17:06:52","slug":"prefeitura-canoinhas-sc-concurso-01-2025","status":"publish","type":"post","link":"https:\/\/www.agrobase.com.br\/concursos\/2025\/prefeitura-canoinhas-sc-concurso-01-2025\/","title":{"rendered":"Prefeitura Canoinhas (SC) &#8211; Concurso 01\/2025"},"content":{"rendered":"<h2>Informa\u00e7\u00f5es Gerais<\/h2>\n<p>O <strong>Concurso P\u00fablico da Prefeitura Municipal de Canoinhas \u2013 SC<\/strong>, regido pelo Edital n\u00ba 001\/2025, est\u00e1 com edital publicado e inscri\u00e7\u00f5es abertas. Organizado pelo Instituto Sul Paranaense de Altos Estudos (ISPAE), o certame visa ao <strong>provimento de 87 vagas imediatas, al\u00e9m de forma\u00e7\u00e3o de cadastro reserva<\/strong>, para compor o quadro de empregos p\u00fablicos do munic\u00edpio.<\/p>\n<p>As contrata\u00e7\u00f5es ocorrer\u00e3o sob o regime da <strong>Consolida\u00e7\u00e3o das Leis do Trabalho (CLT)<\/strong>, abrangendo cargos de <strong>n\u00edvel m\u00e9dio, t\u00e9cnico e superior<\/strong>. As oportunidades est\u00e3o concentradas, principalmente, na \u00e1rea da educa\u00e7\u00e3o, com vagas para professores de diversas disciplinas, pedagogos, orientadores educacionais, monitores e instrutores.<\/p>\n<p>Entre os cargos ofertados, destacam-se vagas para <strong>Professor de Ci\u00eancias<\/strong>, que podem interessar a profissionais das \u00e1reas de <strong>Biologia<\/strong> e afins. H\u00e1 tamb\u00e9m oportunidades para <strong>Instrutor Agr\u00edcola<\/strong>, voltadas a candidatos com forma\u00e7\u00e3o t\u00e9cnica na \u00e1rea, o que pode atrair profissionais de <strong>Agronomia<\/strong> e \u00e1reas correlatas.<\/p>\n<p>Com sal\u00e1rios que variam de R$ 1.216,94 a R$ 4.867,77 e jornadas de at\u00e9 40 horas semanais, o concurso representa uma excelente oportunidade para quem busca estabilidade e atua\u00e7\u00e3o no servi\u00e7o p\u00fablico municipal. A seguir, confira os detalhes sobre inscri\u00e7\u00f5es, etapas e cronograma do certame.<\/p>\n<h2>Inscri\u00e7\u00f5es<\/h2>\n<p>As inscri\u00e7\u00f5es para o Concurso P\u00fablico da Prefeitura de Canoinhas \u2013 SC est\u00e3o <strong>abertas<\/strong> e devem ser realizadas exclusivamente <strong>online<\/strong>, por meio do site <a href=\"https:\/\/uniao.ugv.edu.br\/institucional\/ispae\/\" target=\"_blank\" rel=\"noopener\">uniao.ugv.edu.br\/institucional\/ispae\/<\/a>, no per\u00edodo de <strong>31 de outubro de 2025, a partir das 12h, at\u00e9 18 de novembro de 2025, \u00e0s 23h<\/strong>.<\/p>\n<p>As taxas de inscri\u00e7\u00e3o s\u00e3o de <strong>R$ 80,00<\/strong> para cargos de n\u00edvel m\u00e9dio e t\u00e9cnico, e <strong>R$ 100,00<\/strong> para cargos de n\u00edvel superior. O pagamento pode ser feito via cart\u00e3o de cr\u00e9dito, d\u00e9bito ou PIX, dentro do prazo de inscri\u00e7\u00e3o. A inscri\u00e7\u00e3o s\u00f3 ser\u00e1 efetivada ap\u00f3s a confirma\u00e7\u00e3o do pagamento ou deferimento do pedido de isen\u00e7\u00e3o.<\/p>\n<p>Pedidos de <strong>isen\u00e7\u00e3o da taxa<\/strong> poder\u00e3o ser feitos entre <strong>31\/10 e 07\/11\/2025<\/strong>, diretamente no sistema de inscri\u00e7\u00e3o. T\u00eam direito \u00e0 isen\u00e7\u00e3o candidatos que se enquadrem nas categorias previstas em lei, como doadores de sangue, medula \u00f3ssea, leite humano, e desempregados residentes em Canoinhas\/SC, mediante comprova\u00e7\u00e3o documental.<\/p>\n<p>\u00c9 necess\u00e1rio anexar documentos pessoais (RG e CPF) no ato da inscri\u00e7\u00e3o. Candidatos a cargos com Prova de T\u00edtulos devem anexar tamb\u00e9m os documentos comprobat\u00f3rios dos t\u00edtulos. O status da inscri\u00e7\u00e3o pode ser acompanhado na \u00e1rea restrita do site da banca.<\/p>\n<p>Recomenda-se a leitura atenta do edital completo para conhecer todos os crit\u00e9rios, prazos e exig\u00eancias.<\/p>\n<h2>Etapas e Provas<\/h2>\n<p>O concurso ser\u00e1 composto por <strong>Prova Objetiva<\/strong> para todos os cargos, com car\u00e1ter <strong>eliminat\u00f3rio e classificat\u00f3rio<\/strong>, e <strong>Prova de T\u00edtulos<\/strong> para os cargos de n\u00edvel superior na \u00e1rea da educa\u00e7\u00e3o, com car\u00e1ter <strong>classificat\u00f3rio<\/strong>.<\/p>\n<ul>\n<li><strong>Prova Objetiva<\/strong>: ser\u00e1 aplicada nos dias <strong>14 e 15 de dezembro de 2025<\/strong>, conforme o cargo. A prova ter\u00e1 <strong>40 quest\u00f5es de m\u00faltipla escolha<\/strong>, com cinco alternativas cada e apenas uma correta. As disciplinas cobradas s\u00e3o:\n<ul>\n<li>L\u00edngua Portuguesa (10 quest\u00f5es)<\/li>\n<li>Racioc\u00ednio L\u00f3gico (5 quest\u00f5es)<\/li>\n<li>Conhecimentos Gerais (5 quest\u00f5es)<\/li>\n<li>Conhecimentos Espec\u00edficos (20 quest\u00f5es)<\/li>\n<\/ul>\n<\/li>\n<li><strong>Crit\u00e9rios de aprova\u00e7\u00e3o<\/strong>:\n<ul>\n<li>Para cargos com apenas prova objetiva: m\u00ednimo de 50 pontos (cada quest\u00e3o vale 2,5 pontos, total de 100 pontos)<\/li>\n<li>Para cargos com prova de t\u00edtulos: m\u00ednimo de 40 pontos na objetiva (cada quest\u00e3o vale 2 pontos, total de 80 pontos)<\/li>\n<\/ul>\n<\/li>\n<li><strong>Prova de T\u00edtulos<\/strong>: exclusiva para cargos como Professor, Pedagogo e Orientador Educacional. Os t\u00edtulos devem ser anexados no ato da inscri\u00e7\u00e3o e podem somar at\u00e9 <strong>20 pontos<\/strong>, considerando diplomas de p\u00f3s-gradua\u00e7\u00e3o e tempo de experi\u00eancia profissional.<\/li>\n<\/ul>\n<p>As provas ser\u00e3o realizadas em turnos distintos (matutino e vespertino), permitindo a inscri\u00e7\u00e3o em mais de um cargo, desde que os hor\u00e1rios n\u00e3o coincidam. Os locais e hor\u00e1rios ser\u00e3o divulgados em edital espec\u00edfico.<\/p>\n<p>Para detalhes sobre o conte\u00fado program\u00e1tico, crit\u00e9rios de pontua\u00e7\u00e3o e cronograma completo, consulte o edital oficial.<\/p>\n<h2>Resultados e Gabarito<\/h2>\n<p>O cronograma prev\u00ea a divulga\u00e7\u00e3o dos <strong>gabaritos preliminares<\/strong> entre <strong>16 e 18 de dezembro de 2025<\/strong>, com possibilidade de interposi\u00e7\u00e3o de recursos. Os <strong>gabaritos definitivos<\/strong> e os <strong>resultados preliminares<\/strong> da Prova Objetiva e da Prova de T\u00edtulos ser\u00e3o publicados em <strong>23 de dezembro de 2025<\/strong>.<\/p>\n<p>Os candidatos poder\u00e3o interpor recursos contra os resultados preliminares entre <strong>26 e 29 de dezembro de 2025<\/strong>. O <strong>resultado final<\/strong> do concurso, com a classifica\u00e7\u00e3o definitiva, ser\u00e1 divulgado em <strong>07 de janeiro de 2026<\/strong>.<\/p>\n<p>A classifica\u00e7\u00e3o final obedecer\u00e1 \u00e0 ordem decrescente das notas finais. Em caso de empate, ser\u00e3o aplicados crit\u00e9rios como maior nota em Conhecimentos Espec\u00edficos, maior nota em L\u00edngua Portuguesa, tempo de experi\u00eancia e idade, conforme o cargo.<\/p>\n<p>O concurso ser\u00e1 <strong>homologado<\/strong> pela Prefeitura de Canoinhas e ter\u00e1 validade de <strong>2 anos<\/strong>, podendo ser prorrogado por igual per\u00edodo. A <strong>convoca\u00e7\u00e3o<\/strong> dos aprovados ser\u00e1 feita conforme a necessidade da Administra\u00e7\u00e3o, respeitando a ordem de classifica\u00e7\u00e3o e publicada nos sites <a href=\"https:\/\/canoinhas.atende.net\/\" target=\"_blank\" rel=\"noopener\">canoinhas.atende.net<\/a> e <a href=\"https:\/\/uniao.ugv.edu.br\/institucional\/ispae\/\" target=\"_blank\" rel=\"noopener\">uniao.ugv.edu.br\/institucional\/ispae\/<\/a>.<\/p>\n<p>\u00c9 responsabilidade exclusiva do candidato acompanhar todas as publica\u00e7\u00f5es oficiais nos canais informados e no Di\u00e1rio Oficial para n\u00e3o perder prazos ou convoca\u00e7\u00f5es.<\/p>\n","protected":false},"excerpt":{"rendered":"<p>Concurso Pref. Canoinhas (SC) com edital publicado! Vagas p\/ Professor e Monitores (M\u00e9dio a Sup.). Inscri\u00e7\u00f5es a partir de 31\/10. Sal\u00e1rios at\u00e9 R$ 4.8k. Confira detalhes!<\/p>\n","protected":false},"author":7,"featured_media":273550,"comment_status":"open","ping_status":"open","sticky":false,"template":"","format":"standard","meta":{"_acf_changed":false,"_breakdance_hide_in_design_set":false,"_breakdance_tags":"","footnotes":""},"categories":[145,140,6433,6434,111,100,20,6871,116,25,29,130],"tags":[61],"_amplo":[],"destaque":[],"instituicoes":[],"class_list":["post-273551","post","type-post","status-publish","format-standard","has-post-thumbnail","hentry","category-artes-cenicas","category-artes-plasticas","category-biologia-licenciatura","category-educacao-fisica-licenciatura","category-geografia","category-historia","category-letras","category-letras-ingles","category-matematica","category-pedagogia","category-tecnico-agricola","category-tecnico-informatica","tag-santa-catarina"],"acf":{"_tipo_vagas":"vagas","_numero_vagas":"","_quadro_vagas":"","_cargos":"diversos","_cargos_especificos":"","_salario_max":"R$ 4867.77","_abertura":"20251031","_encerramento":"20251118","_inscricoes":"https:\/\/uniao.ugv.edu.br\/institucional\/ispae\/","_executora_concurso":"","_instituicao_concurso":[],"_link_adicional":null,"_anexos":null,"_produtos":null,"_vagas":"87 vagas + CR","_salario_min":"R$ 1216.94","_instituicao":"Prefeitura de Canoinhas","_edital":"https:\/\/www.agrobase.com.br\/concursos\/wp-content\/uploads\/sites\/4\/2025\/11\/edital-01-2025-prefeitura-de-canoinhas-sc.pdf","_anexos_edital":"https:\/\/www.agrobase.com.br\/concursos\/wp-content\/uploads\/sites\/4\/2025\/11\/anexos-edital-01-2025-prefeitura-de-canoinhas-sc.pdf","_fund_incompleto":"","_fund_completo":"","_medio":"<div>\r\n<table class=\"quadro\">\r\n<thead>\r\n<tr>\r\n<th class=\"hcargo\">Cargo<\/th>\r\n<th class=\"hvagas\">Vagas<\/th>\r\n<th class=\"hremuneracao\">Remunera\u00e7\u00e3o<\/th>\r\n<\/tr>\r\n<\/thead>\r\n    <tbody>\r\n      <td class=\"ccargos\">\r\n<span data-balloon-length=\"medium\" aria-label=\"Ensino M\u00e9dio Completo e T\u00e9cnico em Administra\u00e7\u00e3o\" data-balloon-pos=\"up\">Assistente T\u00e9cnico Administrativo<\/span><\/td>\r\n<td class=\"cvagas\">2 + CR<\/td>\r\n<td class=\"cremuneracao\">R$ 2.554,03 \/40h<\/td>\r\n<\/tr><td class=\"ccargos\">\r\n<span data-balloon-length=\"medium\" aria-label=\"Ensino M\u00e9dio Completo e T\u00e9cnico na \u00e1rea de atua\u00e7\u00e3o\" data-balloon-pos=\"up\">Instrutor Agr\u00edcola<\/span><\/td>\r\n<td class=\"cvagas\">1 + CR<\/td>\r\n<td class=\"cremuneracao\">R$ 2.554,03 \/40h<\/td>\r\n<\/tr><td class=\"ccargos\">\r\n<span data-balloon-length=\"medium\" aria-label=\"Ensino M\u00e9dio Completo e T\u00e9cnico na \u00e1rea de atua\u00e7\u00e3o\" data-balloon-pos=\"up\">Instrutor de Inform\u00e1tica<\/span><\/td>\r\n<td class=\"cvagas\">1 + CR<\/td>\r\n<td class=\"cremuneracao\">R$ 2.554,03 \/40h<\/td>\r\n<\/tr><td class=\"ccargos\">\r\n<span data-balloon-length=\"medium\" aria-label=\"Ensino M\u00e9dio Completo\" data-balloon-pos=\"up\">Monitor de Educa\u00e7\u00e3o Especial<\/span><\/td>\r\n<td class=\"cvagas\">20 + CR<\/td>\r\n<td class=\"cremuneracao\">R$ 2.056,21 \/40h<\/td>\r\n<\/tr><td class=\"ccargos\">\r\n<span data-balloon-length=\"medium\" aria-label=\"Ensino M\u00e9dio Completo\" data-balloon-pos=\"up\">Monitor de Educa\u00e7\u00e3o Infantil<\/span><\/td>\r\n<td class=\"cvagas\">20 + CR<\/td>\r\n<td class=\"cremuneracao\">R$ 1.542,15 \/30h<\/td>\r\n<\/tr>\r\n    <\/tbody>\r\n  <\/table>\r\n<\/div>","_superior":"<div>\r\n<table class=\"quadro\">\r\n<thead>\r\n<tr>\r\n<th class=\"hcargo\">Cargo<\/th>\r\n<th class=\"hvagas\">Vagas<\/th>\r\n<th class=\"hremuneracao\">Remunera\u00e7\u00e3o<\/th>\r\n<\/tr>\r\n<\/thead>\r\n    <tbody>\r\n      <tr>\r\n<td class=\"ccargos\">\r\n<span data-balloon-length=\"medium\" aria-label=\"Ensino Superior Completo de Licenciatura\" data-balloon-pos=\"up\">Orientador Educacional<\/span><\/td>\r\n<td class=\"cvagas\">1 + CR<\/td>\r\n<td class=\"cremuneracao\">R$ 4.867,77 \/40h<\/td>\r\n<\/tr><tr>\r\n<td class=\"ccargos\">\r\n<span data-balloon-length=\"medium\" aria-label=\"Plena em Pedagogia com habilita\u00e7\u00e3o em Orienta\u00e7\u00e3o Educacional.\" data-balloon-pos=\"up\">Pedagogo<\/span><\/td>\r\n<td class=\"cvagas\">1 + CR<\/td>\r\n<td class=\"cremuneracao\">R$ 4.867,77 \/40h<\/td>\r\n<\/tr><tr>\r\n<td class=\"ccargos\">\r\n<span data-balloon-length=\"medium\" aria-label=\"Ensino Superior Completo de Licenciatura Plena em Pedagogia.\" data-balloon-pos=\"up\">Professor de Anos Iniciais<\/span><\/td>\r\n<td class=\"cvagas\">1 + CR<\/td>\r\n<td class=\"cremuneracao\">R$ 4.867,77 \/40h<\/td>\r\n<\/tr><tr>\r\n<td class=\"ccargos\">\r\n<span data-balloon-length=\"medium\" aria-label=\"Licenciatura em Pedagogia; Licenciatura em Pedagogia S\u00e9ries Iniciais\/Anos Iniciais; ou Diploma\/Certificado de Conclus\u00e3o de Curso Normal Superior.\" data-balloon-pos=\"up\">Professor de Anos Iniciais<\/span><\/td>\r\n<td class=\"cvagas\">1 + CR<\/td>\r\n<td class=\"cremuneracao\">R$ 2.433,88 \/20h<\/td>\r\n<\/tr><tr>\r\n<td class=\"ccargos\">\r\n<span data-balloon-length=\"medium\" aria-label=\"Curso de Licenciatura em Artes; ou Curso de Licenciatura em Artes Visuais; ou Curso de Licenciatura em Artes Pl\u00e1sticas; ou Curso de Licenciatura em Artes C\u00eanicas ou Teatro; ou Curso de Licenciatura em M\u00fasica; ou Curso de Licenciatura em Dan\u00e7a; Diploma e Hist\u00f3rico Escolar de Conclus\u00e3o de Curso de Licenciatura Intercultural Ind\u00edgena com Habilita\u00e7\u00e3o nas \u00c1reas das Linguagens.\" data-balloon-pos=\"up\">Professor de Arte<\/span><\/td>\r\n<td class=\"cvagas\">1 + CR<\/td>\r\n<td class=\"cremuneracao\">R$ 1.216,94 \/10h<\/td>\r\n<\/tr><tr>\r\n<td class=\"ccargos\">\r\n<span data-balloon-length=\"medium\" aria-label=\"Curso de Licenciatura em Artes; ou Curso de Licenciatura em Artes Visuais; ou Curso de Licenciatura em Artes Pl\u00e1sticas; ou Curso de Licenciatura em Artes C\u00eanicas ou Teatro; ou Curso de Licenciatura em M\u00fasica; ou Curso de Licenciatura em Dan\u00e7a; Diploma e Hist\u00f3rico Escolar de Conclus\u00e3o de Curso de Licenciatura Intercultural Ind\u00edgena com Habilita\u00e7\u00e3o nas \u00c1reas das Linguagens.\" data-balloon-pos=\"up\">Professor de Arte<\/span><\/td>\r\n<td class=\"cvagas\">1 + CR<\/td>\r\n<td class=\"cremuneracao\">R$ 2.433,88 \/20h<\/td>\r\n<\/tr><tr>\r\n<td class=\"ccargos\">\r\n<span data-balloon-length=\"medium\" aria-label=\"Curso de Licenciatura em Artes; ou Curso de Licenciatura em Artes Visuais; ou Curso de Licenciatura em Artes Pl\u00e1sticas; ou Curso de Licenciatura em Artes C\u00eanicas ou Teatro; ou Curso de Licenciatura em M\u00fasica; ou Curso de Licenciatura em Dan\u00e7a; Diploma e Hist\u00f3rico Escolar de Conclus\u00e3o de Curso de Licenciatura Intercultural Ind\u00edgena com Habilita\u00e7\u00e3o nas \u00c1reas das Linguagens.\" data-balloon-pos=\"up\">Professor de Arte<\/span><\/td>\r\n<td class=\"cvagas\">1 + CR<\/td>\r\n<td class=\"cremuneracao\">R$ 3.650,83 \/30h<\/td>\r\n<\/tr><tr>\r\n<td class=\"ccargos\">\r\n<span data-balloon-length=\"medium\" aria-label=\"Curso de Licenciatura em Artes; ou Curso de Licenciatura em Artes Visuais; ou Curso de Licenciatura em Artes Pl\u00e1sticas; ou Curso de Licenciatura em Artes C\u00eanicas ou Teatro; ou Curso de Licenciatura em M\u00fasica; ou Curso de Licenciatura em Dan\u00e7a; Diploma e Hist\u00f3rico Escolar de Conclus\u00e3o de Curso de Licenciatura Intercultural Ind\u00edgena com Habilita\u00e7\u00e3o nas \u00c1reas das Linguagens.\" data-balloon-pos=\"up\">Professor de Arte<\/span><\/td>\r\n<td class=\"cvagas\">1 + CR<\/td>\r\n<td class=\"cremuneracao\">R$ 4.867,77 \/40h<\/td>\r\n<\/tr><tr>\r\n<td class=\"ccargos\">\r\n<span data-balloon-length=\"medium\" aria-label=\"Ensino Superior Completo de Licenciatura Plena em Educa\u00e7\u00e3o Especial ou Pedagogia com habilita\u00e7\u00e3o especifica em Educa\u00e7\u00e3o Especial ou Pedagogia com especializa\u00e7\u00e3o em Educa\u00e7\u00e3o Especial.\" data-balloon-pos=\"up\">Professor de Atendimento Educacional Especializado (AEE)<\/span><\/td>\r\n<td class=\"cvagas\">1 + CR<\/td>\r\n<td class=\"cremuneracao\">R$ 4.867,77 \/40h<\/td>\r\n<\/tr><tr>\r\n<td class=\"ccargos\">\r\n<span data-balloon-length=\"medium\" aria-label=\"Licenciatura em Ci\u00eancias Biol\u00f3gicas ou Biologia ou Ci\u00eancias Naturais; ou Licenciatura com habilita\u00e7\u00e3o em Ci\u00eancias; ou em Educa\u00e7\u00e3o do Campo - \u00c1rea de Ci\u00eancias da Natureza e Matem\u00e1tica.\" data-balloon-pos=\"up\">Professor de Ci\u00eancias<\/span><\/td>\r\n<td class=\"cvagas\">1 + CR<\/td>\r\n<td class=\"cremuneracao\">R$ 1.216,94 \/10h<\/td>\r\n<\/tr><tr>\r\n<td class=\"ccargos\">\r\n<span data-balloon-length=\"medium\" aria-label=\"Licenciatura em Ci\u00eancias Biol\u00f3gicas ou Biologia ou Ci\u00eancias Naturais; ou Licenciatura com habilita\u00e7\u00e3o em Ci\u00eancias; ou em Educa\u00e7\u00e3o do Campo - \u00c1rea de Ci\u00eancias da Natureza e Matem\u00e1tica.\" data-balloon-pos=\"up\">Professor de Ci\u00eancias<\/span><\/td>\r\n<td class=\"cvagas\">1 + CR<\/td>\r\n<td class=\"cremuneracao\">R$ 2.433,88 \/20h<\/td>\r\n<\/tr><tr>\r\n<td class=\"ccargos\">\r\n<span data-balloon-length=\"medium\" aria-label=\"Licenciatura em Ci\u00eancias Biol\u00f3gicas ou Biologia ou Ci\u00eancias Naturais; ou Licenciatura com habilita\u00e7\u00e3o em Ci\u00eancias; ou em Educa\u00e7\u00e3o do Campo - \u00c1rea de Ci\u00eancias da Natureza e Matem\u00e1tica.\" data-balloon-pos=\"up\">Professor de Ci\u00eancias<\/span><\/td>\r\n<td class=\"cvagas\">1 + CR<\/td>\r\n<td class=\"cremuneracao\">R$ 3.650,83 \/30h<\/td>\r\n<\/tr><tr>\r\n<td class=\"ccargos\">\r\n<span data-balloon-length=\"medium\" aria-label=\"Licenciatura em Ci\u00eancias Biol\u00f3gicas ou Biologia ou Ci\u00eancias Naturais; ou Licenciatura com habilita\u00e7\u00e3o em Ci\u00eancias; ou em Educa\u00e7\u00e3o do Campo - \u00c1rea de Ci\u00eancias da Natureza e Matem\u00e1tica.\" data-balloon-pos=\"up\">Professor de Ci\u00eancias<\/span><\/td>\r\n<td class=\"cvagas\">1 + CR<\/td>\r\n<td class=\"cremuneracao\">R$ 4.867,77 \/40h<\/td>\r\n<\/tr><tr>\r\n<td class=\"ccargos\">\r\n<span data-balloon-length=\"medium\" aria-label=\"Licenciatura em Educa\u00e7\u00e3o F\u00edsica.\" data-balloon-pos=\"up\">Professor de Educa\u00e7\u00e3o F\u00edsica<\/span><\/td>\r\n<td class=\"cvagas\">1 + CR<\/td>\r\n<td class=\"cremuneracao\">R$ 1.216,94 \/10h<\/td>\r\n<\/tr><tr>\r\n<td class=\"ccargos\">\r\n<span data-balloon-length=\"medium\" aria-label=\"Licenciatura em Educa\u00e7\u00e3o F\u00edsica.\" data-balloon-pos=\"up\">Professor de Educa\u00e7\u00e3o F\u00edsica<\/span><\/td>\r\n<td class=\"cvagas\">1 + CR<\/td>\r\n<td class=\"cremuneracao\">R$ 2.433,88 \/20h<\/td>\r\n<\/tr><tr>\r\n<td class=\"ccargos\">\r\n<span data-balloon-length=\"medium\" aria-label=\"Licenciatura em Educa\u00e7\u00e3o F\u00edsica.\" data-balloon-pos=\"up\">Professor de Educa\u00e7\u00e3o F\u00edsica<\/span><\/td>\r\n<td class=\"cvagas\">1 + CR<\/td>\r\n<td class=\"cremuneracao\">R$ 3.650,83 \/30h<\/td>\r\n<\/tr><tr>\r\n<td class=\"ccargos\">\r\n<span data-balloon-length=\"medium\" aria-label=\"Licenciatura em Educa\u00e7\u00e3o F\u00edsica.\" data-balloon-pos=\"up\">Professor de Educa\u00e7\u00e3o F\u00edsica<\/span><\/td>\r\n<td class=\"cvagas\">1 + CR<\/td>\r\n<td class=\"cremuneracao\">R$ 4.867,77 \/40h<\/td>\r\n<\/tr><tr>\r\n<td class=\"ccargos\">\r\n<span data-balloon-length=\"medium\" aria-label=\"Ensino Superior Completo de Licenciatura Plena e Pedagogia ou Pedagogia Educa\u00e7\u00e3o Infantil.\" data-balloon-pos=\"up\">Professor de Educa\u00e7\u00e3o Infantil<\/span><\/td>\r\n<td class=\"cvagas\">10 + CR<\/td>\r\n<td class=\"cremuneracao\">R$ 2.433,88 \/20h<\/td>\r\n<\/tr><tr>\r\n<td class=\"ccargos\">\r\n<span data-balloon-length=\"medium\" aria-label=\"Ensino Superior Completo de Licenciatura Plena e Pedagogia ou Pedagogia Educa\u00e7\u00e3o Infantil.\" data-balloon-pos=\"up\">Professor de Educa\u00e7\u00e3o Infantil<\/span><\/td>\r\n<td class=\"cvagas\">1 + CR<\/td>\r\n<td class=\"cremuneracao\">R$ 4.867,77 \/40h<\/td>\r\n<\/tr><tr>\r\n<td class=\"ccargos\">\r\n<span data-balloon-length=\"medium\" aria-label=\"Licenciatura Plena em Ci\u00eancias da Religi\u00e3o ou \u00e1reas afins\" data-balloon-pos=\"up\">Professor de Ensino Religioso<\/span><\/td>\r\n<td class=\"cvagas\">1 + CR<\/td>\r\n<td class=\"cremuneracao\">R$ 1.216,94 \/10h<\/td>\r\n<\/tr><tr>\r\n<td class=\"ccargos\">\r\n<span data-balloon-length=\"medium\" aria-label=\"Gradua\u00e7\u00e3o em Ci\u00eancias da Religi\u00e3o \u2013 Licenciatura em Ensino Religioso\" data-balloon-pos=\"up\">Professor de Ensino Religioso<\/span><\/td>\r\n<td class=\"cvagas\">1 + CR<\/td>\r\n<td class=\"cremuneracao\">R$ 2.433,88 \/20h<\/td>\r\n<\/tr><tr>\r\n<td class=\"ccargos\">\r\n<span data-balloon-length=\"medium\" aria-label=\"Gradua\u00e7\u00e3o em Ci\u00eancias da Religi\u00e3o \u2013 Licenciatura em Ensino Religioso.\" data-balloon-pos=\"up\">Professor de Ensino Religioso<\/span><\/td>\r\n<td class=\"cvagas\">1 + CR<\/td>\r\n<td class=\"cremuneracao\">R$ 3.650,83 \/30h<\/td>\r\n<\/tr><tr>\r\n<td class=\"ccargos\">\r\n<span data-balloon-length=\"medium\" aria-label=\"Gradua\u00e7\u00e3o em Ci\u00eancias da Religi\u00e3o \u2013 Licenciatura em Ensino Religioso.\" data-balloon-pos=\"up\">Professor de Ensino Religioso<\/span><\/td>\r\n<td class=\"cvagas\">1 + CR<\/td>\r\n<td class=\"cremuneracao\">R$ 4.867,77 \/40h<\/td>\r\n<\/tr><tr>\r\n<td class=\"ccargos\">\r\n<span data-balloon-length=\"medium\" aria-label=\"Licenciatura em Geografia; Licenciatura em Educa\u00e7\u00e3o do Campo da \u00e1rea das Ci\u00eancias Sociais e Humanas.\" data-balloon-pos=\"up\">Professor de Geografia<\/span><\/td>\r\n<td class=\"cvagas\">1 + CR<\/td>\r\n<td class=\"cremuneracao\">R$ 1.216,94 \/10h<\/td>\r\n<\/tr><tr>\r\n<td class=\"ccargos\">\r\n<span data-balloon-length=\"medium\" aria-label=\"Licenciatura em Geografia; Licenciatura em Educa\u00e7\u00e3o do Campo da \u00e1rea das Ci\u00eancias Sociais e Humanas.\" data-balloon-pos=\"up\">Professor de Geografia<\/span><\/td>\r\n<td class=\"cvagas\">1 + CR<\/td>\r\n<td class=\"cremuneracao\">R$ 2.433,88 \/20h<\/td>\r\n<\/tr><tr>\r\n<td class=\"ccargos\">\r\n<span data-balloon-length=\"medium\" aria-label=\"Licenciatura em Geografia; Licenciatura em Educa\u00e7\u00e3o do Campo da \u00e1rea das Ci\u00eancias Sociais e Humanas.\" data-balloon-pos=\"up\">Professor de Geografia<\/span><\/td>\r\n<td class=\"cvagas\">1 + CR<\/td>\r\n<td class=\"cremuneracao\">R$ 3.650,83 \/30h<\/td>\r\n<\/tr><tr>\r\n<td class=\"ccargos\">\r\n<span data-balloon-length=\"medium\" aria-label=\"Licenciatura em Geografia; Licenciatura em Educa\u00e7\u00e3o do Campo da \u00e1rea das Ci\u00eancias Sociais e Humanas.\" data-balloon-pos=\"up\">Professor de Geografia<\/span><\/td>\r\n<td class=\"cvagas\">1 + CR<\/td>\r\n<td class=\"cremuneracao\">R$ 4.867,77 \/40h<\/td>\r\n<\/tr><tr>\r\n<td class=\"ccargos\">\r\n<span data-balloon-length=\"medium\" aria-label=\"Licenciatura em Hist\u00f3ria; Licenciatura em Educa\u00e7\u00e3o do Campo da \u00e1rea das Ci\u00eancias Sociais e Humanas.\" data-balloon-pos=\"up\">Professor de Hist\u00f3ria<\/span><\/td>\r\n<td class=\"cvagas\">1 + CR<\/td>\r\n<td class=\"cremuneracao\">R$ 1.216,94 \/10h<\/td>\r\n<\/tr><tr>\r\n<td class=\"ccargos\">\r\n<span data-balloon-length=\"medium\" aria-label=\"Licenciatura em Hist\u00f3ria; Licenciatura em Educa\u00e7\u00e3o do Campo da \u00e1rea das Ci\u00eancias Sociais e Humanas.\" data-balloon-pos=\"up\">Professor de Hist\u00f3ria<\/span><\/td>\r\n<td class=\"cvagas\">1 + CR<\/td>\r\n<td class=\"cremuneracao\">R$ 2.433,88 \/20h<\/td>\r\n<\/tr><tr>\r\n<td class=\"ccargos\">\r\n<span data-balloon-length=\"medium\" aria-label=\"Licenciatura em Hist\u00f3ria; Licenciatura em Educa\u00e7\u00e3o do Campo da \u00e1rea das Ci\u00eancias Sociais e Humanas.\" data-balloon-pos=\"up\">Professor de Hist\u00f3ria<\/span><\/td>\r\n<td class=\"cvagas\">1 + CR<\/td>\r\n<td class=\"cremuneracao\">R$ 3.650,83 \/30h<\/td>\r\n<\/tr><tr>\r\n<td class=\"ccargos\">\r\n<span data-balloon-length=\"medium\" aria-label=\"Licenciatura em Hist\u00f3ria; Licenciatura em Educa\u00e7\u00e3o do Campo da \u00e1rea das Ci\u00eancias Sociais e Humanas.\" data-balloon-pos=\"up\">Professor de Hist\u00f3ria<\/span><\/td>\r\n<td class=\"cvagas\">1 + CR<\/td>\r\n<td class=\"cremuneracao\">R$ 4.867,77 \/40h<\/td>\r\n<\/tr><tr>\r\n<td class=\"ccargos\">\r\n<span data-balloon-length=\"medium\" aria-label=\"Licenciatura Plena em Letras-Ingl\u00eas.\" data-balloon-pos=\"up\">Professor de Ingl\u00eas<\/span><\/td>\r\n<td class=\"cvagas\">1 + CR<\/td>\r\n<td class=\"cremuneracao\">R$ 1.216,94 \/10h<\/td>\r\n<\/tr><tr>\r\n<td class=\"ccargos\">\r\n<span data-balloon-length=\"medium\" aria-label=\"Licenciatura Plena em Letras-Ingl\u00eas.\" data-balloon-pos=\"up\">Professor de Ingl\u00eas<\/span><\/td>\r\n<td class=\"cvagas\">1 + CR<\/td>\r\n<td class=\"cremuneracao\">R$ 2.433,88 \/20h<\/td>\r\n<\/tr><tr>\r\n<td class=\"ccargos\">\r\n<span data-balloon-length=\"medium\" aria-label=\"Licenciatura Plena em Letras-Ingl\u00eas.\" data-balloon-pos=\"up\">Professor de Ingl\u00eas<\/span><\/td>\r\n<td class=\"cvagas\">1 + CR<\/td>\r\n<td class=\"cremuneracao\">R$ 3.650,83 \/30h<\/td>\r\n<\/tr><tr>\r\n<td class=\"ccargos\">\r\n<span data-balloon-length=\"medium\" aria-label=\"Licenciatura Plena em Letras-Ingl\u00eas.\" data-balloon-pos=\"up\">Professor de Ingl\u00eas<\/span><\/td>\r\n<td class=\"cvagas\">1 + CR<\/td>\r\n<td class=\"cremuneracao\">R$ 4.867,77 \/40h<\/td>\r\n<\/tr><tr>\r\n<td class=\"ccargos\">\r\n<span data-balloon-length=\"medium\" aria-label=\"Licenciatura Plena em Letras - L\u00edngua Portuguesa.\" data-balloon-pos=\"up\">Professor de L\u00edngua Portuguesa<\/span><\/td>\r\n<td class=\"cvagas\">1 + CR<\/td>\r\n<td class=\"cremuneracao\">R$ 1.216,94 \/10h<\/td>\r\n<\/tr><tr>\r\n<td class=\"ccargos\">\r\n<span data-balloon-length=\"medium\" aria-label=\"Licenciatura Plena em Letras - L\u00edngua Portuguesa.\" data-balloon-pos=\"up\">Professor de L\u00edngua Portuguesa<\/span><\/td>\r\n<td class=\"cvagas\">1 + CR<\/td>\r\n<td class=\"cremuneracao\">R$ 2.433,88 \/20h<\/td>\r\n<\/tr><tr>\r\n<td class=\"ccargos\">\r\n<span data-balloon-length=\"medium\" aria-label=\"Licenciatura Plena em Letras - L\u00edngua Portuguesa.\" data-balloon-pos=\"up\">Professor de L\u00edngua Portuguesa<\/span><\/td>\r\n<td class=\"cvagas\">1 + CR<\/td>\r\n<td class=\"cremuneracao\">R$ 3.650,83 \/30h<\/td>\r\n<\/tr><tr>\r\n<td class=\"ccargos\">\r\n<span data-balloon-length=\"medium\" aria-label=\"Licenciatura Plena em Letras - L\u00edngua Portuguesa.\" data-balloon-pos=\"up\">Professor de L\u00edngua Portuguesa<\/span><\/td>\r\n<td class=\"cvagas\">1 + CR<\/td>\r\n<td class=\"cremuneracao\">R$ 4.867,77 \/40h<\/td>\r\n<\/tr><tr>\r\n<td class=\"ccargos\">\r\n<span data-balloon-length=\"medium\" aria-label=\"Licenciatura Plena em Matem\u00e1tica, ou Licenciatura em Educa\u00e7\u00e3o do Campo - \u00c1rea de Ci\u00eancias da Natureza e Matem\u00e1tica.\" data-balloon-pos=\"up\">Professor de Matem\u00e1tica<\/span><\/td>\r\n<td class=\"cvagas\">1 + CR<\/td>\r\n<td class=\"cremuneracao\">R$ 1.216,94 \/10h<\/td>\r\n<\/tr><tr>\r\n<td class=\"ccargos\">\r\n<span data-balloon-length=\"medium\" aria-label=\"Licenciatura Plena em Matem\u00e1tica, ou Licenciatura em Educa\u00e7\u00e3o do Campo - \u00c1rea de Ci\u00eancias da Natureza e Matem\u00e1tica.\" data-balloon-pos=\"up\">Professor de Matem\u00e1tica<\/span><\/td>\r\n<td class=\"cvagas\">1 + CR<\/td>\r\n<td class=\"cremuneracao\">R$ 2.433,88 \/20h<\/td>\r\n<\/tr><tr>\r\n<td class=\"ccargos\">\r\n<span data-balloon-length=\"medium\" aria-label=\"Licenciatura Plena em Matem\u00e1tica, ou Licenciatura em Educa\u00e7\u00e3o do Campo - \u00c1rea de Ci\u00eancias da Natureza e Matem\u00e1tica.\" data-balloon-pos=\"up\">Professor de Matem\u00e1tica<\/span><\/td>\r\n<td class=\"cvagas\">1 + CR<\/td>\r\n<td class=\"cremuneracao\">R$ 3.650,83 \/30h<\/td>\r\n<\/tr><tr>\r\n<td class=\"ccargos\">\r\n<span data-balloon-length=\"medium\" aria-label=\"Licenciatura Plena em Matem\u00e1tica, ou Licenciatura em Educa\u00e7\u00e3o do Campo - \u00c1rea de Ci\u00eancias da Natureza e Matem\u00e1tica.\" data-balloon-pos=\"up\">Professor de Matem\u00e1tica<\/span><\/td>\r\n<td class=\"cvagas\">1 + CR<\/td>\r\n<td class=\"cremuneracao\">R$ 4.867,77 \/40h<\/td>\r\n<\/tr>\r\n    <\/tbody>\r\n  <\/table>\r\n<\/div>"},"_links":{"self":[{"href":"https:\/\/www.agrobase.com.br\/concursos\/wp-json\/wp\/v2\/posts\/273551","targetHints":{"allow":["GET"]}}],"collection":[{"href":"https:\/\/www.agrobase.com.br\/concursos\/wp-json\/wp\/v2\/posts"}],"about":[{"href":"https:\/\/www.agrobase.com.br\/concursos\/wp-json\/wp\/v2\/types\/post"}],"author":[{"embeddable":true,"href":"https:\/\/www.agrobase.com.br\/concursos\/wp-json\/wp\/v2\/users\/7"}],"replies":[{"embeddable":true,"href":"https:\/\/www.agrobase.com.br\/concursos\/wp-json\/wp\/v2\/comments?post=273551"}],"version-history":[{"count":2,"href":"https:\/\/www.agrobase.com.br\/concursos\/wp-json\/wp\/v2\/posts\/273551\/revisions"}],"predecessor-version":[{"id":273555,"href":"https:\/\/www.agrobase.com.br\/concursos\/wp-json\/wp\/v2\/posts\/273551\/revisions\/273555"}],"wp:featuredmedia":[{"embeddable":true,"href":"https:\/\/www.agrobase.com.br\/concursos\/wp-json\/wp\/v2\/media\/273550"}],"wp:attachment":[{"href":"https:\/\/www.agrobase.com.br\/concursos\/wp-json\/wp\/v2\/media?parent=273551"}],"wp:term":[{"taxonomy":"category","embeddable":true,"href":"https:\/\/www.agrobase.com.br\/concursos\/wp-json\/wp\/v2\/categories?post=273551"},{"taxonomy":"post_tag","embeddable":true,"href":"https:\/\/www.agrobase.com.br\/concursos\/wp-json\/wp\/v2\/tags?post=273551"},{"taxonomy":"_amplo","embeddable":true,"href":"https:\/\/www.agrobase.com.br\/concursos\/wp-json\/wp\/v2\/_amplo?post=273551"},{"taxonomy":"destaque","embeddable":true,"href":"https:\/\/www.agrobase.com.br\/concursos\/wp-json\/wp\/v2\/destaque?post=273551"},{"taxonomy":"instituicoes","embeddable":true,"href":"https:\/\/www.agrobase.com.br\/concursos\/wp-json\/wp\/v2\/instituicoes?post=273551"}],"curies":[{"name":"wp","href":"https:\/\/api.w.org\/{rel}","templated":true}]}}