{"id":273502,"date":"2025-11-06T08:10:08","date_gmt":"2025-11-06T11:10:08","guid":{"rendered":"https:\/\/www.agrobase.com.br\/concursos\/?p=273502"},"modified":"2025-11-05T14:52:33","modified_gmt":"2025-11-05T17:52:33","slug":"prefeitura-sertao-santana-rs-concurso-01-2025","status":"publish","type":"post","link":"https:\/\/www.agrobase.com.br\/concursos\/2025\/prefeitura-sertao-santana-rs-concurso-01-2025\/","title":{"rendered":"Prefeitura Sert\u00e3o Santana (RS) &#8211; Concurso 01\/2025"},"content":{"rendered":"<h2>Informa\u00e7\u00f5es Gerais<\/h2>\n<p>O Concurso P\u00fablico da Prefeitura Municipal de Sert\u00e3o Santana, regido pelo Edital n\u00ba 01\/2025 e organizado pelo Instituto Legalle, est\u00e1 com edital publicado e visa ao provimento de <strong>16 vagas imediatas mais forma\u00e7\u00e3o de cadastro reserva<\/strong> para diversos cargos do quadro geral de servidores. A sele\u00e7\u00e3o ser\u00e1 realizada sob o <strong>Regime Estatut\u00e1rio<\/strong>, conforme legisla\u00e7\u00e3o municipal vigente.<\/p>\n<p>O certame contempla oportunidades para todos os n\u00edveis de escolaridade \u2014 fundamental incompleto e completo, m\u00e9dio\/t\u00e9cnico e superior \u2014 abrangendo \u00e1reas administrativas, operacionais, da sa\u00fade, educa\u00e7\u00e3o e controle interno. Entre os destaques, h\u00e1 vagas para profissionais de <strong>Nutri\u00e7\u00e3o<\/strong> e <strong>Medicina Veterin\u00e1ria<\/strong>, \u00e1reas de grande interesse para os leitores do nosso portal.<\/p>\n<p>Com remunera\u00e7\u00f5es que variam de <strong>R$ 2.155,42 a R$ 4.560,91<\/strong> e jornadas de 20h a 40h semanais, o concurso representa uma excelente oportunidade para quem busca estabilidade e carreira no servi\u00e7o p\u00fablico municipal. Continue lendo para conhecer os prazos de inscri\u00e7\u00e3o, etapas do processo seletivo e detalhes sobre a divulga\u00e7\u00e3o dos resultados.<\/p>\n<h2>Inscri\u00e7\u00f5es<\/h2>\n<p>As inscri\u00e7\u00f5es para o Concurso P\u00fablico da Prefeitura de Sert\u00e3o Santana estar\u00e3o abertas <strong>entre os dias 27 de outubro e 17 de novembro de 2025<\/strong>, exclusivamente pela internet, no site do Instituto Legalle: <a href=\"https:\/\/www.institutolegalle.org.br\" target=\"_blank\" rel=\"noopener\">www.institutolegalle.org.br<\/a>.<\/p>\n<p>Os valores da taxa de inscri\u00e7\u00e3o s\u00e3o os seguintes:<\/p>\n<ul>\n<li><strong>Ensino Fundamental:<\/strong> R$ 46,21<\/li>\n<li><strong>Ensino M\u00e9dio\/T\u00e9cnico:<\/strong> R$ 115,54<\/li>\n<li><strong>Ensino Superior:<\/strong> R$ 231,09<\/li>\n<\/ul>\n<p>Ap\u00f3s preencher o formul\u00e1rio eletr\u00f4nico, o candidato dever\u00e1 imprimir o boleto banc\u00e1rio (Banco do Brasil) e efetuar o pagamento at\u00e9 a data limite. A inscri\u00e7\u00e3o ser\u00e1 confirmada somente ap\u00f3s a compensa\u00e7\u00e3o do pagamento.<\/p>\n<p>Pedidos de isen\u00e7\u00e3o da taxa devem seguir os crit\u00e9rios estabelecidos no edital, com aten\u00e7\u00e3o aos prazos e documenta\u00e7\u00e3o exigida. Candidatos com necessidades especiais, lactantes ou que solicitam atendimento diferenciado devem informar no momento da inscri\u00e7\u00e3o e apresentar os documentos comprobat\u00f3rios conforme orienta\u00e7\u00f5es do edital.<\/p>\n<p>A Prefeitura disponibilizar\u00e1 computador com acesso \u00e0 internet para candidatos que n\u00e3o possuam meios pr\u00f3prios, no endere\u00e7o: Rua 24 de Mar\u00e7o, 1890, Centro, Sert\u00e3o Santana\/RS, de segunda a sexta-feira, das 9h \u00e0s 11h e das 14h \u00e0s 16h.<\/p>\n<p>Recomenda-se que o candidato acompanhe o status da inscri\u00e7\u00e3o na \u00e1rea restrita do site da banca e leia atentamente o edital completo antes de efetuar a inscri\u00e7\u00e3o.<\/p>\n<h2>Etapas e Provas<\/h2>\n<p>O concurso ser\u00e1 composto por at\u00e9 tr\u00eas etapas, conforme o cargo pretendido:<\/p>\n<ul>\n<li><strong>Prova Te\u00f3rico-Objetiva<\/strong> (eliminat\u00f3ria e classificat\u00f3ria): aplicada a todos os cargos, com quest\u00f5es de m\u00faltipla escolha. Ser\u00e3o 20 quest\u00f5es para cargos de n\u00edvel fundamental e 40 quest\u00f5es para n\u00edveis m\u00e9dio\/t\u00e9cnico e superior. A pontua\u00e7\u00e3o m\u00e1xima varia entre 80 e 100 pontos, dependendo do cargo. As disciplinas cobradas incluem L\u00edngua Portuguesa, Matem\u00e1tica, Conhecimentos Gerais e Conhecimentos Espec\u00edficos.<\/li>\n<li><strong>Prova Pr\u00e1tica<\/strong> (eliminat\u00f3ria e classificat\u00f3ria): exclusiva para os cargos de <em>Motorista<\/em> e <em>Operador de M\u00e1quinas<\/em>, com pontua\u00e7\u00e3o m\u00e1xima de 20 pontos. Ser\u00e3o convocados os 20 primeiros classificados na prova objetiva de cada cargo.<\/li>\n<li><strong>Prova de T\u00edtulos<\/strong> (classificat\u00f3ria): destinada aos cargos de Professor e Psicopedagogo. Ser\u00e3o avaliados apenas os candidatos aprovados na prova objetiva. Os t\u00edtulos devem ser enviados conforme orienta\u00e7\u00f5es do edital e ser\u00e3o pontuados de acordo com crit\u00e9rios espec\u00edficos.<\/li>\n<\/ul>\n<p>\u00c9 fundamental que o candidato leia o edital completo para conhecer os conte\u00fados program\u00e1ticos, crit\u00e9rios de avalia\u00e7\u00e3o, datas previstas e demais regras aplic\u00e1veis a cada etapa do certame.<\/p>\n<h2>Resultados e Gabarito<\/h2>\n<p>Os gabaritos preliminares, resultados das provas e demais comunicados oficiais ser\u00e3o divulgados por meio de editais no site do Instituto Legalle e no portal da Prefeitura de Sert\u00e3o Santana. O cronograma detalhado ser\u00e1 publicado conforme andamento do certame.<\/p>\n<p>Recursos poder\u00e3o ser interpostos em at\u00e9 <strong>3 dias \u00fateis<\/strong> ap\u00f3s a publica\u00e7\u00e3o de cada resultado, incluindo: indeferimento de isen\u00e7\u00e3o, homologa\u00e7\u00e3o de inscri\u00e7\u00f5es, gabaritos, notas das provas e resultados parciais.<\/p>\n<p>A classifica\u00e7\u00e3o final ser\u00e1 definida pela <strong>soma das notas<\/strong> obtidas nas provas aplic\u00e1veis a cada cargo, sem arredondamentos. Em caso de empate, ser\u00e3o aplicados crit\u00e9rios objetivos conforme estabelecido no edital.<\/p>\n<p>A homologa\u00e7\u00e3o do resultado final ser\u00e1 publicada no Di\u00e1rio Oficial do Munic\u00edpio e no site oficial da Prefeitura (<a href=\"https:\/\/www.sertaosantana.rs.gov.br\" target=\"_blank\" rel=\"noopener\">www.sertaosantana.rs.gov.br<\/a>), marcando o in\u00edcio da validade do concurso, que ser\u00e1 de <strong>2 anos, prorrog\u00e1vel por igual per\u00edodo<\/strong>.<\/p>\n<p>As convoca\u00e7\u00f5es para nomea\u00e7\u00e3o seguir\u00e3o a ordem de classifica\u00e7\u00e3o e ser\u00e3o comunicadas por meio de edital, al\u00e9m de contato via e-mail, telefone ou correspond\u00eancia, conforme dados informados pelo candidato. O candidato nomeado ter\u00e1 at\u00e9 10 dias para tomar posse e mais 5 dias para entrar em exerc\u00edcio.<\/p>\n<p>\u00c9 de responsabilidade exclusiva do candidato acompanhar todas as publica\u00e7\u00f5es oficiais no site da banca organizadora e no Di\u00e1rio Oficial do Munic\u00edpio.<\/p>\n","protected":false},"excerpt":{"rendered":"<p>Concurso Pref. Sert\u00e3o Santana (RS) com edital publicado! Vagas p\/ Professor, Enfermeiro (Fund. a Sup.). Inscri\u00e7\u00f5es a partir de 27\/10. Sal\u00e1rios at\u00e9 R$ 4.5k. Confira detalhes!<\/p>\n","protected":false},"author":7,"featured_media":273501,"comment_status":"open","ping_status":"open","sticky":false,"template":"","format":"standard","meta":{"_acf_changed":false,"_breakdance_hide_in_design_set":false,"_breakdance_tags":"","footnotes":""},"categories":[3,6433,9,10,117,141,12,18,19,111,20,6871,116,22,23,24,25,26,101,108],"tags":[58],"_amplo":[],"destaque":[],"instituicoes":[],"class_list":["post-273502","post","type-post","status-publish","format-standard","has-post-thumbnail","hentry","category-administracao","category-biologia-licenciatura","category-ciencias-contabeis","category-direito","category-economia","category-educacao-artistica","category-enfermagem","category-fisioterapia","category-fonoaudiologia","category-geografia","category-letras","category-letras-ingles","category-matematica","category-veterinaria","category-nutricao","category-odontologia","category-pedagogia","category-psicologia","category-servico-social","category-tecnico-enfermagem","tag-rio-grande-sul"],"acf":{"_tipo_vagas":"vagas","_numero_vagas":"","_quadro_vagas":"","_cargos":"diversos","_cargos_especificos":"","_salario_max":"R$ 4560.91","_abertura":"20251027","_encerramento":"20251117","_inscricoes":"https:\/\/www.institutolegalle.org.br","_executora_concurso":"","_instituicao_concurso":[],"_link_adicional":null,"_anexos":null,"_produtos":null,"_vagas":"16 vagas + CR","_salario_min":"R$ 2155.42","_instituicao":"Prefeitura de Sert\u00e3o Santana","_edital":"https:\/\/www.agrobase.com.br\/concursos\/wp-content\/uploads\/sites\/4\/2025\/11\/edital-01-2025-da-prefeitura-de-sertao-santana-rs.pdf","_anexos_edital":"https:\/\/www.agrobase.com.br\/concursos\/wp-content\/uploads\/sites\/4\/2025\/11\/anexos-edital-01-2025-da-prefeitura-de-sertao-santana-rs.pdf","_fund_incompleto":"<div>\r\n<table class=\"quadro\">\r\n<thead>\r\n<tr>\r\n<th class=\"hcargo\">Cargo<\/th>\r\n<th class=\"hvagas\">Vagas<\/th>\r\n<th class=\"hremuneracao\">Remunera\u00e7\u00e3o<\/th>\r\n<\/tr>\r\n<\/thead>\r\n    <tbody>\r\n      <td class=\"ccargos\">\r\n<span data-balloon-length=\"medium\" data-balloon-pos=\"up\">Motorista<\/span><\/td>\r\n<td class=\"cvagas\">01 + CR<\/td>\r\n<td class=\"cremuneracao\">R$ 2.454,68 \/40h<\/td>\r\n<\/tr><td class=\"ccargos\">\r\n<span data-balloon-length=\"medium\" data-balloon-pos=\"up\">Operador de M\u00e1quinas<\/span><\/td>\r\n<td class=\"cvagas\">01 + CR<\/td>\r\n<td class=\"cremuneracao\">R$ 2.695,13 \/40h<\/td>\r\n<\/tr><td class=\"ccargos\">\r\n<span data-balloon-length=\"medium\" aria-label=\"Ensino Fundamental Incompleto\" data-balloon-pos=\"up\">Oper\u00e1rio<\/span><\/td>\r\n<td class=\"cvagas\">01 + CR<\/td>\r\n<td class=\"cremuneracao\">R$ 2.213,68 \/40h<\/td>\r\n<\/tr><td class=\"ccargos\">\r\n<span data-balloon-length=\"medium\" aria-label=\"Ensino Fundamental Incompleto\" data-balloon-pos=\"up\">Servente<\/span><\/td>\r\n<td class=\"cvagas\">01 + CR<\/td>\r\n<td class=\"cremuneracao\">R$ 2.155,42 \/40h<\/td>\r\n<\/tr><td class=\"ccargos\">\r\n<span data-balloon-length=\"medium\" aria-label=\"Ensino Fundamental Incompleto\" data-balloon-pos=\"up\">Vigilante<\/span><\/td>\r\n<td class=\"cvagas\">CR<\/td>\r\n<td class=\"cremuneracao\">R$ 2.695,13 \/40h<\/td>\r\n<\/tr>\r\n    <\/tbody>\r\n  <\/table>\r\n<\/div>","_fund_completo":"<div>\r\n<table class=\"quadro\">\r\n<thead>\r\n<tr>\r\n<th class=\"hcargo\">Cargo<\/th>\r\n<th class=\"hvagas\">Vagas<\/th>\r\n<th class=\"hremuneracao\">Remunera\u00e7\u00e3o<\/th>\r\n<\/tr>\r\n<\/thead>\r\n    <tbody>\r\n      <td class=\"ccargos\">\r\n<span data-balloon-length=\"medium\" aria-label=\"Ensino Fundamental Completo\" data-balloon-pos=\"up\">Agente Administrativo Auxiliar<\/span><\/td>\r\n<td class=\"cvagas\">01 + CR<\/td>\r\n<td class=\"cremuneracao\">R$ 2.295,14 \/40h<\/td>\r\n<\/tr>\r\n    <\/tbody>\r\n  <\/table>\r\n<\/div>","_medio":"<div>\r\n<table class=\"quadro\">\r\n<thead>\r\n<tr>\r\n<th class=\"hcargo\">Cargo<\/th>\r\n<th class=\"hvagas\">Vagas<\/th>\r\n<th class=\"hremuneracao\">Remunera\u00e7\u00e3o<\/th>\r\n<\/tr>\r\n<\/thead>\r\n    <tbody>\r\n      <td class=\"ccargos\">\r\n<span data-balloon-length=\"medium\" aria-label=\"Ensino M\u00e9dio Completo\" data-balloon-pos=\"up\">Agente Administrativo<\/span><\/td>\r\n<td class=\"cvagas\">01 + CR<\/td>\r\n<td class=\"cremuneracao\">R$ 2.971,85 \/40h<\/td>\r\n<\/tr><td class=\"ccargos\">\r\n<span data-balloon-length=\"medium\" aria-label=\"Ensino M\u00e9dio Completo\" data-balloon-pos=\"up\">Fiscal de A\u00e7\u00f5es e Servi\u00e7os de Sa\u00fade<\/span><\/td>\r\n<td class=\"cvagas\">01 + CR<\/td>\r\n<td class=\"cremuneracao\">R$ 2.971,85 \/40h<\/td>\r\n<\/tr><td class=\"ccargos\">\r\n<span data-balloon-length=\"medium\" aria-label=\"Ensino M\u00e9dio Completo e Curso de T\u00e9cnico em Enfermagem\" data-balloon-pos=\"up\">T\u00e9cnico de Enfermagem<\/span><\/td>\r\n<td class=\"cvagas\">01 + CR<\/td>\r\n<td class=\"cremuneracao\">R$ 2.971,85 \/40h<\/td>\r\n<\/tr><td class=\"ccargos\">\r\n<span data-balloon-length=\"medium\" aria-label=\"Ensino M\u00e9dio Completo\" data-balloon-pos=\"up\">Tesoureiro<\/span><\/td>\r\n<td class=\"cvagas\">CR<\/td>\r\n<td class=\"cremuneracao\">R$ 3.289,36 \/40h<\/td>\r\n<\/tr>\r\n    <\/tbody>\r\n  <\/table>\r\n<\/div>","_superior":"<div>\r\n<table class=\"quadro\">\r\n<thead>\r\n<tr>\r\n<th class=\"hcargo\">Cargo<\/th>\r\n<th class=\"hvagas\">Vagas<\/th>\r\n<th class=\"hremuneracao\">Remunera\u00e7\u00e3o<\/th>\r\n<\/tr>\r\n<\/thead>\r\n    <tbody>\r\n      <tr>\r\n<td class=\"ccargos\">\r\n<span data-balloon-length=\"medium\" aria-label=\"Ensino Superior Completo em Ci\u00eancias Cont\u00e1beis, Administra\u00e7\u00e3o ou Direito e registro v\u00e1lido no \u00f3rg\u00e3o de classe respectivo.\" data-balloon-pos=\"up\">Agente de Controle Interno<\/span><\/td>\r\n<td class=\"cvagas\">CR<\/td>\r\n<td class=\"cremuneracao\">R$ 4.560,91 \/40h<\/td>\r\n<\/tr><tr>\r\n<td class=\"ccargos\">\r\n<span data-balloon-length=\"medium\" aria-label=\"Ensino Superior Completo em Assist\u00eancia Social e\/ou Servi\u00e7o Social e registro junto ao \u00f3rg\u00e3o da Classe.\" data-balloon-pos=\"up\">Assistente Social<\/span><\/td>\r\n<td class=\"cvagas\">01 + CR<\/td>\r\n<td class=\"cremuneracao\">R$ 4.030,44 \/20h<\/td>\r\n<\/tr><tr>\r\n<td class=\"ccargos\">\r\n<span data-balloon-length=\"medium\" aria-label=\"Ensino Superior Completo em Ci\u00eancias Cont\u00e1beis e registro junto ao \u00f3rg\u00e3o da Classe.\" data-balloon-pos=\"up\">Contador<\/span><\/td>\r\n<td class=\"cvagas\">CR<\/td>\r\n<td class=\"cremuneracao\">R$ 4.560,91 \/40h<\/td>\r\n<\/tr><tr>\r\n<td class=\"ccargos\">\r\n<span data-balloon-length=\"medium\" aria-label=\"Ensino Superior Completo em Enfermagem e Registro Profissional no COREN.\" data-balloon-pos=\"up\">Enfermeiro<\/span><\/td>\r\n<td class=\"cvagas\">01 + CR<\/td>\r\n<td class=\"cremuneracao\">R$ 4.560,91 \/40h<\/td>\r\n<\/tr><tr>\r\n<td class=\"ccargos\">\r\n<span data-balloon-length=\"medium\" aria-label=\"Ensino Superior Completo em Fisioterapia e registro junto ao \u00d3rg\u00e3o da Classe.\" data-balloon-pos=\"up\">Fisioterapeuta<\/span><\/td>\r\n<td class=\"cvagas\">01 + CR<\/td>\r\n<td class=\"cremuneracao\">R$ 4.030,44 \/20h<\/td>\r\n<\/tr><tr>\r\n<td class=\"ccargos\">\r\n<span data-balloon-length=\"medium\" aria-label=\"Ensino Superior Completo em Fonoaudiologia e registro junto ao \u00f3rg\u00e3o da Classe.\" data-balloon-pos=\"up\">Fonoaudi\u00f3logo<\/span><\/td>\r\n<td class=\"cvagas\">CR<\/td>\r\n<td class=\"cremuneracao\">R$ 4.030,44 \/20h<\/td>\r\n<\/tr><tr>\r\n<td class=\"ccargos\">\r\n<span data-balloon-length=\"medium\" aria-label=\"Ensino Superior Completo em Nutri\u00e7\u00e3o e registro junto ao \u00f3rg\u00e3o da Classe.\" data-balloon-pos=\"up\">Nutricionista<\/span><\/td>\r\n<td class=\"cvagas\">01 + CR<\/td>\r\n<td class=\"cremuneracao\">R$ 4.030,44 \/20h<\/td>\r\n<\/tr><tr>\r\n<td class=\"ccargos\">\r\n<span data-balloon-length=\"medium\" aria-label=\"Ensino Superior Completo em Odontologia e registro junto ao \u00d3rg\u00e3o da Classe.\" data-balloon-pos=\"up\">Odont\u00f3logo<\/span><\/td>\r\n<td class=\"cvagas\">01 + CR<\/td>\r\n<td class=\"cremuneracao\">R$ 4.030,44 \/20h<\/td>\r\n<\/tr><tr>\r\n<td class=\"ccargos\">\r\n<span data-balloon-length=\"medium\" aria-label=\"Ensino Superior Completo com gradua\u00e7\u00e3o plena e habilita\u00e7\u00e3o espec\u00edfica para o n\u00edvel.\" data-balloon-pos=\"up\">Professor de Anos Iniciais<\/span><\/td>\r\n<td class=\"cvagas\">01 + CR<\/td>\r\n<td class=\"cremuneracao\">R$ 2.739,08 \/20h<\/td>\r\n<\/tr><tr>\r\n<td class=\"ccargos\">\r\n<span data-balloon-length=\"medium\" aria-label=\"Ensino Superior Completo com gradua\u00e7\u00e3o plena na \u00e1rea de conhecimento espec\u00edfico ou disciplina respectiva ou complementa\u00e7\u00e3o pedag\u00f3gica.\" data-balloon-pos=\"up\">Professor de Artes<\/span><\/td>\r\n<td class=\"cvagas\">01 + CR<\/td>\r\n<td class=\"cremuneracao\">R$ 2.739,08 \/20h<\/td>\r\n<\/tr><tr>\r\n<td class=\"ccargos\">\r\n<span data-balloon-length=\"medium\" aria-label=\"Ensino Superior Completo em Licenciatura Plena acompanhada de P\u00f3s-Gradua\u00e7\u00e3o em Atendimento Educacional Especializado ou Educa\u00e7\u00e3o Especial e Inclusiva, com carga hor\u00e1ria m\u00ednima de 360h.\" data-balloon-pos=\"up\">Professor de Atendimento Educacional Especializado (AEE)<\/span><\/td>\r\n<td class=\"cvagas\">01 + CR<\/td>\r\n<td class=\"cremuneracao\">R$ 2.739,08 \/20h<\/td>\r\n<\/tr><tr>\r\n<td class=\"ccargos\">\r\n<span data-balloon-length=\"medium\" aria-label=\"Ensino Superior Completo com gradua\u00e7\u00e3o plena na \u00e1rea de conhecimento espec\u00edfico ou disciplina respectiva ou complementa\u00e7\u00e3o pedag\u00f3gica.\" data-balloon-pos=\"up\">Professor de Ci\u00eancias<\/span><\/td>\r\n<td class=\"cvagas\">01 + CR<\/td>\r\n<td class=\"cremuneracao\">R$ 2.739,08 \/20h<\/td>\r\n<\/tr><tr>\r\n<td class=\"ccargos\">\r\n<span data-balloon-length=\"medium\" aria-label=\"Ensino Superior Completo com gradua\u00e7\u00e3o plena na \u00e1rea de conhecimento espec\u00edfico ou disciplina respectiva ou complementa\u00e7\u00e3o pedag\u00f3gica.\" data-balloon-pos=\"up\">Professor de Educa\u00e7\u00e3o F\u00edsica<\/span><\/td>\r\n<td class=\"cvagas\">CR<\/td>\r\n<td class=\"cremuneracao\">R$ 2.739,08 \/20h<\/td>\r\n<\/tr><tr>\r\n<td class=\"ccargos\">\r\n<span data-balloon-length=\"medium\" aria-label=\"Ensino Superior Completo com gradua\u00e7\u00e3o plena e habilita\u00e7\u00e3o espec\u00edfica para o n\u00edvel.\" data-balloon-pos=\"up\">Professor de Educa\u00e7\u00e3o Infantil<\/span><\/td>\r\n<td class=\"cvagas\">01 + CR<\/td>\r\n<td class=\"cremuneracao\">R$ 2.739,08 \/20h<\/td>\r\n<\/tr><tr>\r\n<td class=\"ccargos\">\r\n<span data-balloon-length=\"medium\" aria-label=\"Ensino Superior Completo com gradua\u00e7\u00e3o plena na \u00e1rea de conhecimento espec\u00edfico ou disciplina respectiva ou complementa\u00e7\u00e3o pedag\u00f3gica.\" data-balloon-pos=\"up\">Professor de Ensino Religioso<\/span><\/td>\r\n<td class=\"cvagas\">CR<\/td>\r\n<td class=\"cremuneracao\">R$ 2.739,08 \/20h<\/td>\r\n<\/tr><tr>\r\n<td class=\"ccargos\">\r\n<span data-balloon-length=\"medium\" aria-label=\"Ensino Superior Completo com gradua\u00e7\u00e3o plena na \u00e1rea de conhecimento espec\u00edfico ou disciplina respectiva ou complementa\u00e7\u00e3o pedag\u00f3gica.\" data-balloon-pos=\"up\">Professor de Geografia<\/span><\/td>\r\n<td class=\"cvagas\">CR<\/td>\r\n<td class=\"cremuneracao\">R$ 2.739,08 \/20h<\/td>\r\n<\/tr><tr>\r\n<td class=\"ccargos\">\r\n<span data-balloon-length=\"medium\" aria-label=\"Ensino Superior Completo com gradua\u00e7\u00e3o plena na \u00e1rea de conhecimento espec\u00edfico ou disciplina respectiva ou complementa\u00e7\u00e3o pedag\u00f3gica.\" data-balloon-pos=\"up\">Professor de Hist\u00f3ria<\/span><\/td>\r\n<td class=\"cvagas\">01 + CR<\/td>\r\n<td class=\"cremuneracao\">R$ 2.739,08 \/20h<\/td>\r\n<\/tr><tr>\r\n<td class=\"ccargos\">\r\n<span data-balloon-length=\"medium\" aria-label=\"Ensino Superior Completo com gradua\u00e7\u00e3o plena na \u00e1rea de conhecimento espec\u00edfico ou disciplina respectiva ou complementa\u00e7\u00e3o pedag\u00f3gica.\" data-balloon-pos=\"up\">Professor de L\u00edngua Inglesa<\/span><\/td>\r\n<td class=\"cvagas\">01 + CR<\/td>\r\n<td class=\"cremuneracao\">R$ 2.739,08 \/20h<\/td>\r\n<\/tr><tr>\r\n<td class=\"ccargos\">\r\n<span data-balloon-length=\"medium\" aria-label=\"Ensino Superior Completo com gradua\u00e7\u00e3o plena na \u00e1rea de conhecimento espec\u00edfico ou disciplina respectiva ou complementa\u00e7\u00e3o pedag\u00f3gica.\" data-balloon-pos=\"up\">Professor de L\u00edngua Portuguesa<\/span><\/td>\r\n<td class=\"cvagas\">01 + CR<\/td>\r\n<td class=\"cremuneracao\">R$ 2.739,08 \/20h<\/td>\r\n<\/tr><tr>\r\n<td class=\"ccargos\">\r\n<span data-balloon-length=\"medium\" aria-label=\"Ensino Superior Completo com gradua\u00e7\u00e3o plena na \u00e1rea de conhecimento espec\u00edfico ou disciplina respectiva ou complementa\u00e7\u00e3o pedag\u00f3gica.\" data-balloon-pos=\"up\">Professor de Matem\u00e1tica<\/span><\/td>\r\n<td class=\"cvagas\">01 + CR<\/td>\r\n<td class=\"cremuneracao\">R$ 2.739,08 \/20h<\/td>\r\n<\/tr><tr>\r\n<td class=\"ccargos\">\r\n<span data-balloon-length=\"medium\" aria-label=\"Ensino Superior Completo em Psicologia e registro junto ao \u00f3rg\u00e3o da Classe.\" data-balloon-pos=\"up\">Psic\u00f3logo<\/span><\/td>\r\n<td class=\"cvagas\">01 + CR<\/td>\r\n<td class=\"cremuneracao\">R$ 4.030,44 \/20h<\/td>\r\n<\/tr><tr>\r\n<td class=\"ccargos\">\r\n<span data-balloon-length=\"medium\" aria-label=\"Ensino Superior Completo em Pedagogia e Certificado de P\u00f3s-Gradua\u00e7\u00e3o em Psicopedagogia.\" data-balloon-pos=\"up\">Psicopedagogo<\/span><\/td>\r\n<td class=\"cvagas\">01 + CR<\/td>\r\n<td class=\"cremuneracao\">R$ 4.030,44 \/20h<\/td>\r\n<\/tr><tr>\r\n<td class=\"ccargos\">\r\n<span data-balloon-length=\"medium\" aria-label=\"Ensino Superior Completo em Veterin\u00e1ria e registro junto ao \u00f3rg\u00e3o da Classe.\" data-balloon-pos=\"up\">Veterin\u00e1rio<\/span><\/td>\r\n<td class=\"cvagas\">01 + CR<\/td>\r\n<td class=\"cremuneracao\">R$ 4.030,44 \/20h<\/td>\r\n<\/tr>\r\n    <\/tbody>\r\n  <\/table>\r\n<\/div>"},"_links":{"self":[{"href":"https:\/\/www.agrobase.com.br\/concursos\/wp-json\/wp\/v2\/posts\/273502","targetHints":{"allow":["GET"]}}],"collection":[{"href":"https:\/\/www.agrobase.com.br\/concursos\/wp-json\/wp\/v2\/posts"}],"about":[{"href":"https:\/\/www.agrobase.com.br\/concursos\/wp-json\/wp\/v2\/types\/post"}],"author":[{"embeddable":true,"href":"https:\/\/www.agrobase.com.br\/concursos\/wp-json\/wp\/v2\/users\/7"}],"replies":[{"embeddable":true,"href":"https:\/\/www.agrobase.com.br\/concursos\/wp-json\/wp\/v2\/comments?post=273502"}],"version-history":[{"count":1,"href":"https:\/\/www.agrobase.com.br\/concursos\/wp-json\/wp\/v2\/posts\/273502\/revisions"}],"predecessor-version":[{"id":273504,"href":"https:\/\/www.agrobase.com.br\/concursos\/wp-json\/wp\/v2\/posts\/273502\/revisions\/273504"}],"wp:featuredmedia":[{"embeddable":true,"href":"https:\/\/www.agrobase.com.br\/concursos\/wp-json\/wp\/v2\/media\/273501"}],"wp:attachment":[{"href":"https:\/\/www.agrobase.com.br\/concursos\/wp-json\/wp\/v2\/media?parent=273502"}],"wp:term":[{"taxonomy":"category","embeddable":true,"href":"https:\/\/www.agrobase.com.br\/concursos\/wp-json\/wp\/v2\/categories?post=273502"},{"taxonomy":"post_tag","embeddable":true,"href":"https:\/\/www.agrobase.com.br\/concursos\/wp-json\/wp\/v2\/tags?post=273502"},{"taxonomy":"_amplo","embeddable":true,"href":"https:\/\/www.agrobase.com.br\/concursos\/wp-json\/wp\/v2\/_amplo?post=273502"},{"taxonomy":"destaque","embeddable":true,"href":"https:\/\/www.agrobase.com.br\/concursos\/wp-json\/wp\/v2\/destaque?post=273502"},{"taxonomy":"instituicoes","embeddable":true,"href":"https:\/\/www.agrobase.com.br\/concursos\/wp-json\/wp\/v2\/instituicoes?post=273502"}],"curies":[{"name":"wp","href":"https:\/\/api.w.org\/{rel}","templated":true}]}}