{"id":273449,"date":"2025-11-05T08:20:17","date_gmt":"2025-11-05T11:20:17","guid":{"rendered":"https:\/\/www.agrobase.com.br\/concursos\/?p=273449"},"modified":"2025-11-04T13:59:04","modified_gmt":"2025-11-04T16:59:04","slug":"prefeitura-itapema-sc-selecao-simplificada-12-2025","status":"publish","type":"post","link":"https:\/\/www.agrobase.com.br\/concursos\/2025\/prefeitura-itapema-sc-selecao-simplificada-12-2025\/","title":{"rendered":"Prefeitura Itapema (SC) &#8211; Sele\u00e7\u00e3o Simplificada 12\/2025"},"content":{"rendered":"<h2>Informa\u00e7\u00f5es Gerais<\/h2>\n<p>O Processo Seletivo Simplificado da <strong>Prefeitura Municipal de Itapema (SC)<\/strong>, regido pelo <strong>Edital n\u00ba 012\/2025<\/strong>, est\u00e1 com edital publicado e tem como objetivo o <strong>preenchimento de vagas tempor\u00e1rias e forma\u00e7\u00e3o de cadastro de reserva<\/strong> para diversos cargos nas Secretarias do Poder Executivo Municipal. A sele\u00e7\u00e3o ser\u00e1 executada pela Funda\u00e7\u00e3o Universidade Regional de Blumenau (FURB) e ter\u00e1 validade de at\u00e9 dois anos, prorrog\u00e1vel uma vez por igual per\u00edodo.<\/p>\n<p>O certame contempla oportunidades para candidatos com escolaridade de n\u00edvel <strong>fundamental, m\u00e9dio\/t\u00e9cnico e superior<\/strong>, abrangendo \u00e1reas administrativas, educacionais, operacionais e da sa\u00fade. Entre os destaques, h\u00e1 <strong>vagas para profissionais de Medicina Veterin\u00e1ria e Nutri\u00e7\u00e3o<\/strong>, \u00e1reas de grande interesse dos concurseiros especializados.<\/p>\n<p>As remunera\u00e7\u00f5es variam de <strong>R$ 1.394,75 a R$ 18.284,76<\/strong>, com jornadas de trabalho entre 20h e 44h semanais, conforme o cargo. A contrata\u00e7\u00e3o ser\u00e1 sob regime jur\u00eddico conforme a legisla\u00e7\u00e3o municipal vigente.<\/p>\n<p>Se voc\u00ea busca uma oportunidade no servi\u00e7o p\u00fablico com estabilidade tempor\u00e1ria e ampla variedade de cargos, continue a leitura para conhecer os detalhes sobre inscri\u00e7\u00f5es, etapas e cronograma do processo seletivo.<\/p>\n<h2>Inscri\u00e7\u00f5es<\/h2>\n<p>As inscri\u00e7\u00f5es para o Processo Seletivo Simplificado da Prefeitura de Itapema est\u00e3o <strong>abertas<\/strong> e podem ser realizadas <strong>exclusivamente online<\/strong>, no per\u00edodo entre <strong>8h do dia 31 de outubro de 2025<\/strong> e <strong>23h59 do dia 17 de novembro de 2025<\/strong>, por meio do site <a href=\"https:\/\/concursos.furb.br\" target=\"_blank\" rel=\"noopener\">concursos.furb.br<\/a>.<\/p>\n<p>Os valores das taxas de inscri\u00e7\u00e3o s\u00e3o:<\/p>\n<ul>\n<li><strong>R$ 80,00<\/strong> para cargos de n\u00edvel fundamental<\/li>\n<li><strong>R$ 120,00<\/strong> para n\u00edvel m\u00e9dio\/t\u00e9cnico<\/li>\n<li><strong>R$ 150,00<\/strong> para n\u00edvel superior<\/li>\n<\/ul>\n<p>O pagamento deve ser efetuado at\u00e9 <strong>18 de novembro de 2025<\/strong>, via boleto banc\u00e1rio ou cobran\u00e7a PIX gerada no sistema de inscri\u00e7\u00e3o. N\u00e3o ser\u00e3o aceitas outras formas de pagamento, como dep\u00f3sito, transfer\u00eancia ou ordem de pagamento.<\/p>\n<p>\u00c9 poss\u00edvel se inscrever para at\u00e9 dois cargos, desde que as provas sejam em turnos diferentes. A solicita\u00e7\u00e3o de <strong>isen\u00e7\u00e3o da taxa<\/strong> deve seguir os crit\u00e9rios e prazos estabelecidos no edital.<\/p>\n<p>Ap\u00f3s a inscri\u00e7\u00e3o, o candidato deve acompanhar o status na \u00c1rea do Candidato, onde tamb\u00e9m poder\u00e1 imprimir o comprovante e acessar demais informa\u00e7\u00f5es.<\/p>\n<p>Recomenda-se a leitura atenta do edital completo para garantir o correto preenchimento das informa\u00e7\u00f5es e o cumprimento de todos os requisitos.<\/p>\n<h2>Etapas e Provas<\/h2>\n<p>O Processo Seletivo Simplificado ser\u00e1 composto por <strong>etapa \u00fanica<\/strong>, constitu\u00edda de <strong>Prova Objetiva<\/strong>, de car\u00e1ter <strong>eliminat\u00f3rio e classificat\u00f3rio<\/strong>.<\/p>\n<p>A prova ser\u00e1 composta por <strong>30 quest\u00f5es de m\u00faltipla escolha<\/strong>, com cinco alternativas cada e apenas uma correta, distribu\u00eddas da seguinte forma:<\/p>\n<ul>\n<li><strong>L\u00edngua Portuguesa<\/strong>: 10 quest\u00f5es (0,25 ponto cada)<\/li>\n<li><strong>Matem\u00e1tica<\/strong>: 5 quest\u00f5es (0,25 ponto cada)<\/li>\n<li><strong>Conhecimentos Gerais<\/strong>: 5 quest\u00f5es (0,25 ponto cada)<\/li>\n<li><strong>Conhecimentos Espec\u00edficos<\/strong>: 10 quest\u00f5es (0,50 ponto cada)<\/li>\n<\/ul>\n<p>A pontua\u00e7\u00e3o m\u00e1xima da prova \u00e9 de <strong>10,00 pontos<\/strong>, sendo necess\u00e1rio obter <strong>nota m\u00ednima de 5,00<\/strong> para aprova\u00e7\u00e3o.<\/p>\n<p>A aplica\u00e7\u00e3o da prova ocorrer\u00e1 no dia <strong>07 de dezembro de 2025<\/strong>, com dura\u00e7\u00e3o de <strong>3 horas<\/strong>, em dois turnos:<\/p>\n<ul>\n<li><strong>Manh\u00e3<\/strong>: cargos de n\u00edvel superior (in\u00edcio \u00e0s 9h15)<\/li>\n<li><strong>Tarde<\/strong>: cargos de n\u00edvel fundamental, m\u00e9dio e t\u00e9cnico (in\u00edcio \u00e0s 15h15)<\/li>\n<\/ul>\n<p>Os locais de prova ser\u00e3o divulgados no dia <strong>27 de novembro de 2025<\/strong>, preferencialmente no munic\u00edpio de Itapema\/SC. Caso necess\u00e1rio, poder\u00e3o ser utilizados munic\u00edpios vizinhos.<\/p>\n<p>O candidato dever\u00e1 comparecer com anteced\u00eancia m\u00ednima de 30 minutos, portando documento oficial com foto e caneta esferogr\u00e1fica transparente de tinta azul ou preta. O uso de eletr\u00f4nicos, acess\u00f3rios n\u00e3o autorizados e a sa\u00edda antes de 1 hora de prova s\u00e3o proibidos.<\/p>\n<p>Para mais detalhes sobre o conte\u00fado program\u00e1tico, regras e orienta\u00e7\u00f5es espec\u00edficas, \u00e9 imprescind\u00edvel a leitura completa do edital.<\/p>\n<h2>Resultados e Gabarito<\/h2>\n<p>O <strong>caderno de quest\u00f5es<\/strong> e o <strong>gabarito preliminar<\/strong> da Prova Objetiva ser\u00e3o divulgados at\u00e9 as <strong>20h do dia 08 de dezembro de 2025<\/strong>. Os candidatos poder\u00e3o interpor recursos conforme as instru\u00e7\u00f5es do edital.<\/p>\n<p>O <strong>gabarito oficial<\/strong> e o <strong>resultado da Prova Objetiva<\/strong> ser\u00e3o publicados em <strong>06 de janeiro de 2026<\/strong>, juntamente com a imagem digitalizada do Cart\u00e3o-Resposta, dispon\u00edvel para consulta individual na \u00c1rea do Candidato.<\/p>\n<p>O <strong>resultado preliminar<\/strong> do processo seletivo ser\u00e1 divulgado em <strong>07 de janeiro de 2026<\/strong>, e o <strong>resultado final<\/strong> ser\u00e1 publicado em <strong>15 de janeiro de 2026<\/strong>, com a classifica\u00e7\u00e3o em ordem decrescente de nota.<\/p>\n<p>Em caso de empate, os crit\u00e9rios de desempate obedecer\u00e3o \u00e0 seguinte ordem:<\/p>\n<ul>\n<li>Idade igual ou superior a 60 anos<\/li>\n<li>Maior n\u00famero de acertos em Conhecimentos Espec\u00edficos<\/li>\n<li>Maior n\u00famero de acertos em L\u00edngua Portuguesa<\/li>\n<li>Maior n\u00famero de acertos em Matem\u00e1tica<\/li>\n<li>Maior n\u00famero de acertos em Conhecimentos Gerais<\/li>\n<li>Exerc\u00edcio da fun\u00e7\u00e3o de jurado<\/li>\n<li>Maior idade<\/li>\n<\/ul>\n<p>A <strong>homologa\u00e7\u00e3o<\/strong> do processo seletivo est\u00e1 prevista para <strong>19 de janeiro de 2026<\/strong>, com publica\u00e7\u00e3o no <a href=\"https:\/\/itapema.sc.gov.br\/publicacoes-recursos-humanos\/\" target=\"_blank\" rel=\"noopener\">site oficial da Prefeitura de Itapema<\/a> e no Di\u00e1rio Oficial do Munic\u00edpio.<\/p>\n<p>As <strong>convoca\u00e7\u00f5es<\/strong> ocorrer\u00e3o conforme a necessidade da administra\u00e7\u00e3o, e os candidatos devem acompanhar todas as publica\u00e7\u00f5es no site da banca organizadora e nos canais oficiais da Prefeitura. A responsabilidade pelo acompanhamento das etapas \u00e9 exclusiva do candidato.<\/p>\n","protected":false},"excerpt":{"rendered":"<p>Sel. Simplificada Pref. Itapema (SC) com edital publicado! Vagas p\/ M\u00e9dico, Professor (Fund. a Sup.). Inscri\u00e7\u00f5es a partir de 31\/10. At\u00e9 R$ 18.2k. Confira detalhes!<\/p>\n","protected":false},"author":7,"featured_media":273448,"comment_status":"open","ping_status":"open","sticky":false,"template":"","format":"standard","meta":{"_acf_changed":false,"_breakdance_hide_in_design_set":false,"_breakdance_tags":"","footnotes":""},"categories":[94,141,6434,12,17,18,19,111,100,20,6872,6871,116,21,22,23,24,25,26,101,108,143,134],"tags":[61],"_amplo":[],"destaque":[],"instituicoes":[],"class_list":["post-273449","post","type-post","status-publish","format-standard","has-post-thumbnail","hentry","category-biblioteconomia","category-educacao-artistica","category-educacao-fisica-licenciatura","category-enfermagem","category-farmacia","category-fisioterapia","category-fonoaudiologia","category-geografia","category-historia","category-letras","category-letras-espanhol","category-letras-ingles","category-matematica","category-medicina","category-veterinaria","category-nutricao","category-odontologia","category-pedagogia","category-psicologia","category-servico-social","category-tecnico-enfermagem","category-tecnico-odontologia","category-terapia-ocupacional","tag-santa-catarina"],"acf":{"_tipo_vagas":"vagas","_numero_vagas":"","_quadro_vagas":"","_cargos":"diversos","_cargos_especificos":"","_salario_max":"R$ 18284.76","_abertura":"20251031","_encerramento":"20251117","_inscricoes":"https:\/\/concursos.furb.br","_executora_concurso":"","_instituicao_concurso":[],"_link_adicional":null,"_anexos":null,"_produtos":null,"_vagas":"28 vagas + CR","_salario_min":"R$ 1394.75","_instituicao":"Prefeitura de Itapema","_edital":"https:\/\/www.agrobase.com.br\/concursos\/wp-content\/uploads\/sites\/4\/2025\/11\/edital-12-2025-prefeitura-de-itapema-sc.pdf","_anexos_edital":"https:\/\/www.agrobase.com.br\/concursos\/wp-content\/uploads\/sites\/4\/2025\/11\/anexos-edital-12-2025-prefeitura-de-itapema-sc.pdf","_fund_incompleto":"<div>\r\n<table class=\"quadro\">\r\n<thead>\r\n<tr>\r\n<th class=\"hcargo\">Cargo<\/th>\r\n<th class=\"hvagas\">Vagas<\/th>\r\n<th class=\"hremuneracao\">Remunera\u00e7\u00e3o<\/th>\r\n<\/tr>\r\n<\/thead>\r\n    <tbody>\r\n      <td class=\"ccargos\">\r\n<span data-balloon-length=\"medium\" aria-label=\"Certificado de Conclus\u00e3o do 5\u00ba Ano do Ensino Fundamental (antiga 4\u00aa s\u00e9rie).\" data-balloon-pos=\"up\">Agente de Prepara\u00e7\u00e3o de Alimentos<\/span><\/td>\r\n<td class=\"cvagas\">1 + CR<\/td>\r\n<td class=\"cremuneracao\">R$ 1.675,07 \/30h<\/td>\r\n<\/tr>\r\n    <\/tbody>\r\n  <\/table>\r\n<\/div>","_fund_completo":"<div>\r\n<table class=\"quadro\">\r\n<thead>\r\n<tr>\r\n<th class=\"hcargo\">Cargo<\/th>\r\n<th class=\"hvagas\">Vagas<\/th>\r\n<th class=\"hremuneracao\">Remunera\u00e7\u00e3o<\/th>\r\n<\/tr>\r\n<\/thead>\r\n    <tbody>\r\n      <td class=\"ccargos\">\r\n<span data-balloon-length=\"medium\" aria-label=\"Diploma de conclus\u00e3o do Ensino Fundamental.\" data-balloon-pos=\"up\">Monitor Escolar<\/span><\/td>\r\n<td class=\"cvagas\">CR<\/td>\r\n<td class=\"cremuneracao\">R$ 1.394,75 \/40h<\/td>\r\n<\/tr><td class=\"ccargos\">\r\n<span data-balloon-length=\"medium\" aria-label=\"Certificado de Conclus\u00e3o da 4\u00aa s\u00e9rie\/ano CNH categoria 'C'.\" data-balloon-pos=\"up\">Motorista<\/span><\/td>\r\n<td class=\"cvagas\">1 + CR<\/td>\r\n<td class=\"cremuneracao\">R$ 2.122,50 \/44h<\/td>\r\n<\/tr><td class=\"ccargos\">\r\n<span data-balloon-length=\"medium\" aria-label=\"Certificado de Conclus\u00e3o da 4\u00aa s\u00e9rie\/ano CNH categoria 'D'. Certificado de Curso de Condutores de Ve\u00edculos de Emerg\u00eancia pelo DETRAN.\" data-balloon-pos=\"up\">Motorista de Ambul\u00e2ncia<\/span><\/td>\r\n<td class=\"cvagas\">CR<\/td>\r\n<td class=\"cremuneracao\">R$ 2.365,10 \/44h<\/td>\r\n<\/tr><td class=\"ccargos\">\r\n<span data-balloon-length=\"medium\" aria-label=\"Certificado de Conclus\u00e3o da 4\u00aa s\u00e9rie\/ano CNH categoria 'D'.\" data-balloon-pos=\"up\">Motorista \u00d4nibus<\/span><\/td>\r\n<td class=\"cvagas\">1 + CR<\/td>\r\n<td class=\"cremuneracao\">R$ 2.365,10 \/44h<\/td>\r\n<\/tr>\r\n    <\/tbody>\r\n  <\/table>\r\n<\/div>","_medio":"<div>\r\n<table class=\"quadro\">\r\n<thead>\r\n<tr>\r\n<th class=\"hcargo\">Cargo<\/th>\r\n<th class=\"hvagas\">Vagas<\/th>\r\n<th class=\"hremuneracao\">Remunera\u00e7\u00e3o<\/th>\r\n<\/tr>\r\n<\/thead>\r\n    <tbody>\r\n      <td class=\"ccargos\">\r\n<span data-balloon-length=\"medium\" aria-label=\"Ensino M\u00e9dio Completo.\" data-balloon-pos=\"up\">Agente Administrativo<\/span><\/td>\r\n<td class=\"cvagas\">1 + CR<\/td>\r\n<td class=\"cremuneracao\">R$ 2.506,59 \/40h<\/td>\r\n<\/tr><td class=\"ccargos\">\r\n<span data-balloon-length=\"medium\" aria-label=\"Ensino M\u00e9dio Completo.\" data-balloon-pos=\"up\">Agente de Combate de Endemias (Emprego P\u00fablico)<\/span><\/td>\r\n<td class=\"cvagas\">1 + CR<\/td>\r\n<td class=\"cremuneracao\">R$ 3.036,01 \/40h<\/td>\r\n<\/tr><td class=\"ccargos\">\r\n<span data-balloon-length=\"medium\" aria-label=\"Ensino M\u00e9dio Completo.\" data-balloon-pos=\"up\">Agente Social<\/span><\/td>\r\n<td class=\"cvagas\">CR<\/td>\r\n<td class=\"cremuneracao\">R$ 2.506,59 \/40h<\/td>\r\n<\/tr><td class=\"ccargos\">\r\n<span data-balloon-length=\"medium\" aria-label=\"Ensino M\u00e9dio Completo. Certificado do Curso de Auxiliar de Consult\u00f3rio Odontol\u00f3gico. Registro no \u00f3rg\u00e3o da profiss\u00e3o - CRO\/SC.\" data-balloon-pos=\"up\">Auxiliar de Consult\u00f3rio Odontol\u00f3gico<\/span><\/td>\r\n<td class=\"cvagas\">2 + CR<\/td>\r\n<td class=\"cremuneracao\">R$ 2.742,72 \/40h<\/td>\r\n<\/tr><td class=\"ccargos\">\r\n<span data-balloon-length=\"medium\" aria-label=\"Diploma de Conclus\u00e3o do Ensino M\u00e9dio. Comprovante de Matr\u00edcula e Frequ\u00eancia em Curso de Gradua\u00e7\u00e3o em Pedagogia ou Diploma de T\u00e9cnico em Magist\u00e9rio com Habilita\u00e7\u00e3o em Educa\u00e7\u00e3o Infantil.\" data-balloon-pos=\"up\">Auxiliar de Sala (Creche, Creche de Ver\u00e3o e Educa\u00e7\u00e3o Especial) O profissional poder\u00e1 tamb\u00e9m, prestar aux\u00edlio \u00e0s crian\u00e7as com defici\u00eancia<\/span><\/td>\r\n<td class=\"cvagas\">5 + CR<\/td>\r\n<td class=\"cremuneracao\">R$ 1.969,36 \/20h<\/td>\r\n<\/tr><td class=\"ccargos\">\r\n<span data-balloon-length=\"medium\" aria-label=\"Forma\u00e7\u00e3o em Ensino M\u00e9dio Completo. Curso B\u00e1sico em APH (Atendimento Pr\u00e9-Hospitalar). CNH categoria 'D'. Certificado do curso de Condutores de Ve\u00edculos de Emerg\u00eancia pelo DETRAN.\" data-balloon-pos=\"up\">Motorista de Ambul\u00e2ncia Socorrista (SAMU) (Emprego P\u00fablico)<\/span><\/td>\r\n<td class=\"cvagas\">CR<\/td>\r\n<td class=\"cremuneracao\">R$ 2.365,10 \/40h<\/td>\r\n<\/tr><td class=\"ccargos\">\r\n<span data-balloon-length=\"medium\" aria-label=\"Ensino M\u00e9dio Completo. Certificado de Curso T\u00e9cnico em Enfermagem. Curso B\u00e1sico em APH (Atendimento Pr\u00e9-Hospitalar). Curso Obrigat\u00f3rio para capacita\u00e7\u00e3o de Condutores de Ve\u00edculos de Emerg\u00eancia (Artigo 145 \u2013 CTB, Resolu\u00e7\u00e3o do Contran n.\u00ba 168\/2004). CNH \u2013 Categoria A. Registro no \u00f3rg\u00e3o da profiss\u00e3o \u2013 COREN\/SC.\" data-balloon-pos=\"up\">T\u00e9cnico de Enfermagem Socorrista (SAMU) (Emprego P\u00fablico)<\/span><\/td>\r\n<td class=\"cvagas\">CR<\/td>\r\n<td class=\"cremuneracao\">R$ 3.910,47 \/40h<\/td>\r\n<\/tr><td class=\"ccargos\">\r\n<span data-balloon-length=\"medium\" aria-label=\"Ensino M\u00e9dio Completo. Diploma de Conclus\u00e3o do Curso de T\u00e9cnico em Enfermagem. Registro no \u00f3rg\u00e3o fiscalizador da profiss\u00e3o \u2013 COREN\/SC.\" data-balloon-pos=\"up\">T\u00e9cnico em Enfermagem<\/span><\/td>\r\n<td class=\"cvagas\">3 + CR<\/td>\r\n<td class=\"cremuneracao\">R$ 3.910,47 \/20h, 30h ou 40h<\/td>\r\n<\/tr><td class=\"ccargos\">\r\n<span data-balloon-length=\"medium\" aria-label=\"Ensino M\u00e9dico Completo. Curso T\u00e9cnico em Sa\u00fade Bucal. Registro no \u00f3rg\u00e3o fiscalizador da profiss\u00e3o \u2013 CRO\/SC.\" data-balloon-pos=\"up\">T\u00e9cnico em Sa\u00fade Bucal<\/span><\/td>\r\n<td class=\"cvagas\">1 + CR<\/td>\r\n<td class=\"cremuneracao\">R$ 2.909,64 \/40h<\/td>\r\n<\/tr>\r\n    <\/tbody>\r\n  <\/table>\r\n<\/div>","_superior":"<div>\r\n<table class=\"quadro\">\r\n<thead>\r\n<tr>\r\n<th class=\"hcargo\">Cargo<\/th>\r\n<th class=\"hvagas\">Vagas<\/th>\r\n<th class=\"hremuneracao\">Remunera\u00e7\u00e3o<\/th>\r\n<\/tr>\r\n<\/thead>\r\n    <tbody>\r\n      <tr>\r\n<td class=\"ccargos\">\r\n<span data-balloon-length=\"medium\" aria-label=\"Ensino Superior Completo em Servi\u00e7o Social. Registro no \u00f3rg\u00e3o da profiss\u00e3o - CRESS\/SC.\" data-balloon-pos=\"up\">Assistente Social - N.S<\/span><\/td>\r\n<td class=\"cvagas\">CR<\/td>\r\n<td class=\"cremuneracao\">R$ 6.792,40 \/30h<\/td>\r\n<\/tr><tr>\r\n<td class=\"ccargos\">\r\n<span data-balloon-length=\"medium\" aria-label=\"Forma\u00e7\u00e3o em n\u00edvel de gradua\u00e7\u00e3o em Biblioteconomia e registro no \u00f3rg\u00e3o da profiss\u00e3o - CRB\/SC.\" data-balloon-pos=\"up\">Bibliotec\u00e1ria<\/span><\/td>\r\n<td class=\"cvagas\">CR<\/td>\r\n<td class=\"cremuneracao\">R$ 3.610,89 \/30h<\/td>\r\n<\/tr><tr>\r\n<td class=\"ccargos\">\r\n<span data-balloon-length=\"medium\" aria-label=\"Forma\u00e7\u00e3o em n\u00edvel de Gradua\u00e7\u00e3o em Odontologia. Registro no \u00f3rg\u00e3o da profiss\u00e3o - CRO\/SC.\" data-balloon-pos=\"up\">Cirurgi\u00e3o Dentista<\/span><\/td>\r\n<td class=\"cvagas\">CR<\/td>\r\n<td class=\"cremuneracao\">R$ 10.188,62 \/20h,30h ou 40h<\/td>\r\n<\/tr><tr>\r\n<td class=\"ccargos\">\r\n<span data-balloon-length=\"medium\" aria-label=\"Forma\u00e7\u00e3o em n\u00edvel de Gradua\u00e7\u00e3o em Odontologia. Resid\u00eancia ou Especializa\u00e7\u00e3o na \u00e1rea. Registro no \u00f3rg\u00e3o da profiss\u00e3o \u2013 CRO\/SC.\" data-balloon-pos=\"up\">Cirurgi\u00e3o Dentista de Atendimento APNE - (Pacientes com necessidades especiais)<\/span><\/td>\r\n<td class=\"cvagas\">CR<\/td>\r\n<td class=\"cremuneracao\">R$ 10.188,62 \/20h<\/td>\r\n<\/tr><tr>\r\n<td class=\"ccargos\">\r\n<span data-balloon-length=\"medium\" aria-label=\"Forma\u00e7\u00e3o em n\u00edvel de Gradua\u00e7\u00e3o em Odontologia. Resid\u00eancia ou Especializa\u00e7\u00e3o na \u00e1rea. Registro no \u00f3rg\u00e3o da profiss\u00e3o \u2013 CRO\/SC.\" data-balloon-pos=\"up\">Cirurgi\u00e3o Dentista Bucomaxilofacial<\/span><\/td>\r\n<td class=\"cvagas\">CR<\/td>\r\n<td class=\"cremuneracao\">R$ 10.188,62 \/20h<\/td>\r\n<\/tr><tr>\r\n<td class=\"ccargos\">\r\n<span data-balloon-length=\"medium\" aria-label=\"Forma\u00e7\u00e3o em n\u00edvel de Gradua\u00e7\u00e3o em Odontologia. Resid\u00eancia ou Especializa\u00e7\u00e3o na \u00e1rea. Registro no \u00f3rg\u00e3o da profiss\u00e3o - CRO\/SC.\" data-balloon-pos=\"up\">Cirurgi\u00e3o Dentista Endodontista<\/span><\/td>\r\n<td class=\"cvagas\">CR<\/td>\r\n<td class=\"cremuneracao\">R$ 10.188,62 \/20h<\/td>\r\n<\/tr><tr>\r\n<td class=\"ccargos\">\r\n<span data-balloon-length=\"medium\" aria-label=\"Forma\u00e7\u00e3o em n\u00edvel de Gradua\u00e7\u00e3o em Odontologia. Resid\u00eancia ou Especializa\u00e7\u00e3o na \u00e1rea. Registro no \u00f3rg\u00e3o da profiss\u00e3o - CRO\/SC.\" data-balloon-pos=\"up\">Cirurgi\u00e3o Dentista Odontopediatra<\/span><\/td>\r\n<td class=\"cvagas\">CR<\/td>\r\n<td class=\"cremuneracao\">R$ 10.188,62 \/20h<\/td>\r\n<\/tr><tr>\r\n<td class=\"ccargos\">\r\n<span data-balloon-length=\"medium\" aria-label=\"Forma\u00e7\u00e3o em n\u00edvel de Gradua\u00e7\u00e3o em Odontologia. Resid\u00eancia ou Especializa\u00e7\u00e3o na \u00e1rea. Registro no \u00f3rg\u00e3o da profiss\u00e3o - CRO\/SC.\" data-balloon-pos=\"up\">Cirurgi\u00e3o Dentista Periodontista<\/span><\/td>\r\n<td class=\"cvagas\">CR<\/td>\r\n<td class=\"cremuneracao\">R$ 10.188,62 \/20h<\/td>\r\n<\/tr><tr>\r\n<td class=\"ccargos\">\r\n<span data-balloon-length=\"medium\" aria-label=\"Forma\u00e7\u00e3o em n\u00edvel de Gradua\u00e7\u00e3o em Odontologia. Resid\u00eancia ou Especializa\u00e7\u00e3o na \u00e1rea. Registro no \u00f3rg\u00e3o da profiss\u00e3o - CRO\/SC.\" data-balloon-pos=\"up\">Cirurgi\u00e3o Dentista Radiologista<\/span><\/td>\r\n<td class=\"cvagas\">CR<\/td>\r\n<td class=\"cremuneracao\">R$ 10.188,62 \/20h<\/td>\r\n<\/tr><tr>\r\n<td class=\"ccargos\">\r\n<span data-balloon-length=\"medium\" aria-label=\"Licenciatura em Orienta\u00e7\u00e3o e\/ou Supervis\u00e3o; ou Licenciatura em Pedagogia ou em qualquer \u00e1rea Educacional com Especializa\u00e7\u00e3o em Gest\u00e3o Escolar, Orienta\u00e7\u00e3o e\/ou Supervis\u00e3o.\" data-balloon-pos=\"up\">Coordenador Pedag\u00f3gico<\/span><\/td>\r\n<td class=\"cvagas\">2 + CR<\/td>\r\n<td class=\"cremuneracao\">R$ 4.923,42 \/40h<\/td>\r\n<\/tr><tr>\r\n<td class=\"ccargos\">\r\n<span data-balloon-length=\"medium\" aria-label=\"Forma\u00e7\u00e3o em n\u00edvel de Gradua\u00e7\u00e3o em Enfermagem. Registro no \u00f3rg\u00e3o da profiss\u00e3o - COREN\/SC.\" data-balloon-pos=\"up\">Enfermeiro(a)<\/span><\/td>\r\n<td class=\"cvagas\">2 + CR<\/td>\r\n<td class=\"cremuneracao\">R$ 6.792,40 \/40h<\/td>\r\n<\/tr><tr>\r\n<td class=\"ccargos\">\r\n<span data-balloon-length=\"medium\" aria-label=\"Forma\u00e7\u00e3o em n\u00edvel de Gradua\u00e7\u00e3o em Farm\u00e1cia. Registro no \u00f3rg\u00e3o da profiss\u00e3o - CRF\/SC.\" data-balloon-pos=\"up\">Farmac\u00eautico<\/span><\/td>\r\n<td class=\"cvagas\">CR<\/td>\r\n<td class=\"cremuneracao\">R$ 6.792,40 \/40h<\/td>\r\n<\/tr><tr>\r\n<td class=\"ccargos\">\r\n<span data-balloon-length=\"medium\" aria-label=\"Forma\u00e7\u00e3o em n\u00edvel de Gradua\u00e7\u00e3o em Fisioterapia. Registro no \u00d3rg\u00e3o Fiscalizador da Profiss\u00e3o.\" data-balloon-pos=\"up\">Fisioterapeuta<\/span><\/td>\r\n<td class=\"cvagas\">CR<\/td>\r\n<td class=\"cremuneracao\">R$ 6.792,40 \/30h<\/td>\r\n<\/tr><tr>\r\n<td class=\"ccargos\">\r\n<span data-balloon-length=\"medium\" aria-label=\"Forma\u00e7\u00e3o em n\u00edvel de Gradua\u00e7\u00e3o em Fonoaudiologia. Registro no \u00f3rg\u00e3o da profiss\u00e3o - CREFONO\/SC.\" data-balloon-pos=\"up\">Fonoaudi\u00f3logo<\/span><\/td>\r\n<td class=\"cvagas\">CR<\/td>\r\n<td class=\"cremuneracao\">R$ 6.792,40 \/40h<\/td>\r\n<\/tr><tr>\r\n<td class=\"ccargos\">\r\n<span data-balloon-length=\"medium\" aria-label=\"Forma\u00e7\u00e3o em n\u00edvel de Gradua\u00e7\u00e3o em Fonoaudiologia. Registro no \u00f3rg\u00e3o da profiss\u00e3o - CREFONO\/SC.\" data-balloon-pos=\"up\">Fonoaudiologia Educacional<\/span><\/td>\r\n<td class=\"cvagas\">CR<\/td>\r\n<td class=\"cremuneracao\">R$ 3.396,08 \/20h<\/td>\r\n<\/tr><tr>\r\n<td class=\"ccargos\">\r\n<span data-balloon-length=\"medium\" aria-label=\"Forma\u00e7\u00e3o em n\u00edvel de Gradua\u00e7\u00e3o em Medicina. Registro no \u00f3rg\u00e3o da profiss\u00e3o - CRM\/SC.\" data-balloon-pos=\"up\">M\u00e9dico (Cl\u00ednico Geral)<\/span><\/td>\r\n<td class=\"cvagas\">CR<\/td>\r\n<td class=\"cremuneracao\">R$ 18.284,76 \/20h,30h ou 40h<\/td>\r\n<\/tr><tr>\r\n<td class=\"ccargos\">\r\n<span data-balloon-length=\"medium\" aria-label=\"Forma\u00e7\u00e3o em n\u00edvel de Gradua\u00e7\u00e3o em Medicina. Registro no \u00f3rg\u00e3o da profiss\u00e3o - CRM\/SC. Comprova\u00e7\u00e3o de Resid\u00eancia ou Especializa\u00e7\u00e3o na \u00e1rea. Registro de Qualifica\u00e7\u00e3o de Especialista (RQE).\" data-balloon-pos=\"up\">M\u00e9dico Cardiologista<\/span><\/td>\r\n<td class=\"cvagas\">CR<\/td>\r\n<td class=\"cremuneracao\">R$ 9.142,38 \/20h<\/td>\r\n<\/tr><tr>\r\n<td class=\"ccargos\">\r\n<span data-balloon-length=\"medium\" aria-label=\"Forma\u00e7\u00e3o em n\u00edvel de Gradua\u00e7\u00e3o em Medicina. Registro no \u00f3rg\u00e3o da profiss\u00e3o - CRM\/SC. Comprova\u00e7\u00e3o de Resid\u00eancia ou Especializa\u00e7\u00e3o na \u00e1rea. Registro de Qualifica\u00e7\u00e3o de Especialista (RQE).\" data-balloon-pos=\"up\">M\u00e9dico Dermatologista<\/span><\/td>\r\n<td class=\"cvagas\">CR<\/td>\r\n<td class=\"cremuneracao\">R$ 9.142,38 \/20h<\/td>\r\n<\/tr><tr>\r\n<td class=\"ccargos\">\r\n<span data-balloon-length=\"medium\" aria-label=\"Forma\u00e7\u00e3o em n\u00edvel de Gradua\u00e7\u00e3o em Medicina. Registro no \u00f3rg\u00e3o da profiss\u00e3o - CRM\/SC. Comprova\u00e7\u00e3o de Resid\u00eancia ou Especializa\u00e7\u00e3o na \u00e1rea. Registro de Qualifica\u00e7\u00e3o de Especialista (RQE).\" data-balloon-pos=\"up\">M\u00e9dico Endocrinologista<\/span><\/td>\r\n<td class=\"cvagas\">CR<\/td>\r\n<td class=\"cremuneracao\">R$ 9.142,38 \/20h<\/td>\r\n<\/tr><tr>\r\n<td class=\"ccargos\">\r\n<span data-balloon-length=\"medium\" aria-label=\"Forma\u00e7\u00e3o em n\u00edvel de Gradua\u00e7\u00e3o em Medicina. Registro no \u00f3rg\u00e3o da profiss\u00e3o - CRM\/SC. Comprova\u00e7\u00e3o de Resid\u00eancia ou Especializa\u00e7\u00e3o na \u00e1rea. Registro de Qualifica\u00e7\u00e3o de Especialista (RQE).\" data-balloon-pos=\"up\">M\u00e9dico Ginecologista<\/span><\/td>\r\n<td class=\"cvagas\">CR<\/td>\r\n<td class=\"cremuneracao\">R$ 9.142,38 \/20h<\/td>\r\n<\/tr><tr>\r\n<td class=\"ccargos\">\r\n<span data-balloon-length=\"medium\" aria-label=\"Forma\u00e7\u00e3o em n\u00edvel de Gradua\u00e7\u00e3o em Medicina. Registro no \u00f3rg\u00e3o da profiss\u00e3o - CRM\/SC. Comprova\u00e7\u00e3o de Resid\u00eancia ou Especializa\u00e7\u00e3o na \u00e1rea. Registro de Qualifica\u00e7\u00e3o de Especialista (RQE).\" data-balloon-pos=\"up\">M\u00e9dico Infectologista<\/span><\/td>\r\n<td class=\"cvagas\">CR<\/td>\r\n<td class=\"cremuneracao\">R$ 9.142,38 \/20h<\/td>\r\n<\/tr><tr>\r\n<td class=\"ccargos\">\r\n<span data-balloon-length=\"medium\" aria-label=\"Forma\u00e7\u00e3o em n\u00edvel de Gradua\u00e7\u00e3o em Medicina. Registro no \u00f3rg\u00e3o da profiss\u00e3o - CRM\/SC. Comprova\u00e7\u00e3o de Resid\u00eancia ou Especializa\u00e7\u00e3o na \u00e1rea. Registro de Qualifica\u00e7\u00e3o de Especialista (RQE).\" data-balloon-pos=\"up\">M\u00e9dico Nefrologista<\/span><\/td>\r\n<td class=\"cvagas\">CR<\/td>\r\n<td class=\"cremuneracao\">R$ 9.142,38 \/20h<\/td>\r\n<\/tr><tr>\r\n<td class=\"ccargos\">\r\n<span data-balloon-length=\"medium\" aria-label=\"Forma\u00e7\u00e3o em n\u00edvel de Gradua\u00e7\u00e3o em Medicina. Registro no \u00f3rg\u00e3o da profiss\u00e3o - CRM\/SC. Comprova\u00e7\u00e3o de Resid\u00eancia ou Especializa\u00e7\u00e3o na \u00e1rea. Registro de Qualifica\u00e7\u00e3o de Especialista (RQE).\" data-balloon-pos=\"up\">M\u00e9dico Neurologista<\/span><\/td>\r\n<td class=\"cvagas\">1 + CR<\/td>\r\n<td class=\"cremuneracao\">R$ 9.142,38 \/20h<\/td>\r\n<\/tr><tr>\r\n<td class=\"ccargos\">\r\n<span data-balloon-length=\"medium\" aria-label=\"Forma\u00e7\u00e3o em n\u00edvel de Gradua\u00e7\u00e3o em Medicina. Registro no \u00f3rg\u00e3o da profiss\u00e3o - CRM\/SC. Comprova\u00e7\u00e3o de Resid\u00eancia ou Especializa\u00e7\u00e3o na \u00e1rea. Registro de Qualifica\u00e7\u00e3o de Especialista (RQE).\" data-balloon-pos=\"up\">M\u00e9dico Neuropediatra<\/span><\/td>\r\n<td class=\"cvagas\">CR<\/td>\r\n<td class=\"cremuneracao\">R$ 9.142,38 \/20h<\/td>\r\n<\/tr><tr>\r\n<td class=\"ccargos\">\r\n<span data-balloon-length=\"medium\" aria-label=\"Forma\u00e7\u00e3o em n\u00edvel de Gradua\u00e7\u00e3o em Medicina. Registro no \u00f3rg\u00e3o da profiss\u00e3o - CRM\/SC. Comprova\u00e7\u00e3o de Resid\u00eancia ou Especializa\u00e7\u00e3o na \u00e1rea. Registro de Qualifica\u00e7\u00e3o de Especialista (RQE).\" data-balloon-pos=\"up\">M\u00e9dico Ortopedista<\/span><\/td>\r\n<td class=\"cvagas\">CR<\/td>\r\n<td class=\"cremuneracao\">R$ 9.142,38 \/20h<\/td>\r\n<\/tr><tr>\r\n<td class=\"ccargos\">\r\n<span data-balloon-length=\"medium\" aria-label=\"Forma\u00e7\u00e3o em n\u00edvel de Gradua\u00e7\u00e3o em Medicina. Registro no \u00f3rg\u00e3o da profiss\u00e3o - CRM\/SC. Comprova\u00e7\u00e3o de Resid\u00eancia ou Especializa\u00e7\u00e3o na \u00e1rea. Registro de Qualifica\u00e7\u00e3o de Especialista (RQE).\" data-balloon-pos=\"up\">M\u00e9dico Otorrinolaringologista<\/span><\/td>\r\n<td class=\"cvagas\">CR<\/td>\r\n<td class=\"cremuneracao\">R$ 9.142,38 \/20h<\/td>\r\n<\/tr><tr>\r\n<td class=\"ccargos\">\r\n<span data-balloon-length=\"medium\" aria-label=\"Forma\u00e7\u00e3o em n\u00edvel de Gradua\u00e7\u00e3o em Medicina. Registro no \u00f3rg\u00e3o da profiss\u00e3o - CRM\/SC. Comprova\u00e7\u00e3o de Resid\u00eancia ou Especializa\u00e7\u00e3o na \u00e1rea. Registro de Qualifica\u00e7\u00e3o de Especialista (RQE).\" data-balloon-pos=\"up\">M\u00e9dico Pediatra<\/span><\/td>\r\n<td class=\"cvagas\">CR<\/td>\r\n<td class=\"cremuneracao\">R$ 9.142,38 \/20h<\/td>\r\n<\/tr><tr>\r\n<td class=\"ccargos\">\r\n<span data-balloon-length=\"medium\" aria-label=\"Forma\u00e7\u00e3o em n\u00edvel de Gradua\u00e7\u00e3o em Medicina. Registro no \u00f3rg\u00e3o da profiss\u00e3o - CRM\/SC. Comprova\u00e7\u00e3o de Resid\u00eancia ou Especializa\u00e7\u00e3o na \u00e1rea. Registro de Qualifica\u00e7\u00e3o de Especialista (RQE).\" data-balloon-pos=\"up\">M\u00e9dico Psiquiatra<\/span><\/td>\r\n<td class=\"cvagas\">CR<\/td>\r\n<td class=\"cremuneracao\">R$ 9.142,38 \/20h<\/td>\r\n<\/tr><tr>\r\n<td class=\"ccargos\">\r\n<span data-balloon-length=\"medium\" aria-label=\"Forma\u00e7\u00e3o em n\u00edvel de Gradua\u00e7\u00e3o em Medicina. Registro no \u00f3rg\u00e3o da profiss\u00e3o - CRM\/SC. Comprova\u00e7\u00e3o de Resid\u00eancia ou Especializa\u00e7\u00e3o na \u00e1rea. Registro de Qualifica\u00e7\u00e3o de Especialista (RQE).\" data-balloon-pos=\"up\">M\u00e9dico Reumatologista<\/span><\/td>\r\n<td class=\"cvagas\">CR<\/td>\r\n<td class=\"cremuneracao\">R$ 9.142,38 \/20h<\/td>\r\n<\/tr><tr>\r\n<td class=\"ccargos\">\r\n<span data-balloon-length=\"medium\" aria-label=\"Ensino Superior em Nutri\u00e7\u00e3o e registro no \u00f3rg\u00e3o de classe - CRN\/SC.\" data-balloon-pos=\"up\">Nutricionista<\/span><\/td>\r\n<td class=\"cvagas\">CR<\/td>\r\n<td class=\"cremuneracao\">R$ 3.396,08 \/20h<\/td>\r\n<\/tr><tr>\r\n<td class=\"ccargos\">\r\n<span data-balloon-length=\"medium\" aria-label=\"Forma\u00e7\u00e3o Superior em Pedagogia com Habilita\u00e7\u00e3o em Educa\u00e7\u00e3o Especial ou S\u00e9ries Iniciais ou; Forma\u00e7\u00e3o em Pedagogia com Especializa\u00e7\u00e3o em Educa\u00e7\u00e3o Especial ou Educa\u00e7\u00e3o Inclusiva ou; Forma\u00e7\u00e3o em Pedagogia com Habilita\u00e7\u00e3o em S\u00e9ries Iniciais ou Educa\u00e7\u00e3o Infantil com Pr\u00e1ticas na Educa\u00e7\u00e3o Especial com um m\u00ednimo de 120 horas de curso na \u00e1rea.\" data-balloon-pos=\"up\">Professor de Atendimento Educacional Especializado (Emprego P\u00fablico)<\/span><\/td>\r\n<td class=\"cvagas\">CR<\/td>\r\n<td class=\"cremuneracao\">R$ 2.461,71 \/20h<\/td>\r\n<\/tr><tr>\r\n<td class=\"ccargos\">\r\n<span data-balloon-length=\"medium\" aria-label=\"Diploma de Gradua\u00e7\u00e3o em Licenciatura em Educa\u00e7\u00e3o F\u00edsica; Registro no \u00f3rg\u00e3o da profiss\u00e3o - CREF\/SC.\" data-balloon-pos=\"up\">Professor Ed. F\u00edsica L\/P<\/span><\/td>\r\n<td class=\"cvagas\">CR<\/td>\r\n<td class=\"cremuneracao\">R$ 2.461,71 \/20h<\/td>\r\n<\/tr><tr>\r\n<td class=\"ccargos\">\r\n<span data-balloon-length=\"medium\" aria-label=\"Diploma de Gradua\u00e7\u00e3o em Licenciatura em Letras com Habilita\u00e7\u00e3o em Espanhol.\" data-balloon-pos=\"up\">Professor Espanhol 6\u00b0\/9\u00b0<\/span><\/td>\r\n<td class=\"cvagas\">1 + CR<\/td>\r\n<td class=\"cremuneracao\">R$ 2.461,71 \/20h<\/td>\r\n<\/tr><tr>\r\n<td class=\"ccargos\">\r\n<span data-balloon-length=\"medium\" aria-label=\"Diploma de Gradua\u00e7\u00e3o em Licenciatura em Pedagogia com Habilita\u00e7\u00e3o em S\u00e9ries\/Anos Iniciais.\" data-balloon-pos=\"up\">Professor Hab.L\/P Anos Iniciais<\/span><\/td>\r\n<td class=\"cvagas\">2 + CR<\/td>\r\n<td class=\"cremuneracao\">R$ 4.923,42 \/40h<\/td>\r\n<\/tr><tr>\r\n<td class=\"ccargos\">\r\n<span data-balloon-length=\"medium\" aria-label=\"Diploma de Gradua\u00e7\u00e3o em Licenciatura em Pedagogia com Habilita\u00e7\u00e3o em Educa\u00e7\u00e3o Infantil ou Normal Superior.\" data-balloon-pos=\"up\">Professor Hab. L\/P Educa\u00e7\u00e3o Infantil<\/span><\/td>\r\n<td class=\"cvagas\">CR<\/td>\r\n<td class=\"cremuneracao\">R$ 4.923,42 \/40h<\/td>\r\n<\/tr><tr>\r\n<td class=\"ccargos\">\r\n<span data-balloon-length=\"medium\" aria-label=\"Diploma de Gradua\u00e7\u00e3o em Licenciatura em Letras com habilita\u00e7\u00e3o em Ingl\u00eas.\" data-balloon-pos=\"up\">Professor Ingl\u00eas 6\u00b0\/9\u00b0<\/span><\/td>\r\n<td class=\"cvagas\">CR<\/td>\r\n<td class=\"cremuneracao\">R$ 2.461,71 \/20h<\/td>\r\n<\/tr><tr>\r\n<td class=\"ccargos\">\r\n<span data-balloon-length=\"medium\" aria-label=\"Diploma de Gradua\u00e7\u00e3o em Licenciatura Plena com habilita\u00e7\u00e3o em Libras.\" data-balloon-pos=\"up\">Professor Int\u00e9rprete de Libras<\/span><\/td>\r\n<td class=\"cvagas\">CR<\/td>\r\n<td class=\"cremuneracao\">R$ 2.461,71 \/20h<\/td>\r\n<\/tr><tr>\r\n<td class=\"ccargos\">\r\n<span data-balloon-length=\"medium\" aria-label=\"Diploma de Gradua\u00e7\u00e3o em Licenciatura em Arte.\" data-balloon-pos=\"up\">Professor 6\u00b0\/9\u00b0 Artes L\/P<\/span><\/td>\r\n<td class=\"cvagas\">2 + CR<\/td>\r\n<td class=\"cremuneracao\">R$ 2.461,71 \/20h<\/td>\r\n<\/tr><tr>\r\n<td class=\"ccargos\">\r\n<span data-balloon-length=\"medium\" aria-label=\"Diploma de Gradua\u00e7\u00e3o em Licenciatura em Ci\u00eancias.\" data-balloon-pos=\"up\">Professor 6\u00b0\/9\u00b0 Ci\u00eancias NB\/HB<\/span><\/td>\r\n<td class=\"cvagas\">CR<\/td>\r\n<td class=\"cremuneracao\">R$ 2.461,71 \/20h<\/td>\r\n<\/tr><tr>\r\n<td class=\"ccargos\">\r\n<span data-balloon-length=\"medium\" aria-label=\"Forma\u00e7\u00e3o em n\u00edvel de gradua\u00e7\u00e3o na \u00e1rea e habilita\u00e7\u00e3o espec\u00edfica.\" data-balloon-pos=\"up\">Professor 6\u00b0\/9\u00b0 Ed. Religiosa L\/P<\/span><\/td>\r\n<td class=\"cvagas\">CR<\/td>\r\n<td class=\"cremuneracao\">R$ 2.461,71 \/20h<\/td>\r\n<\/tr><tr>\r\n<td class=\"ccargos\">\r\n<span data-balloon-length=\"medium\" aria-label=\"Diploma de Gradua\u00e7\u00e3o em Licenciatura em Geografia.\" data-balloon-pos=\"up\">Professor 6\u00b0\/9\u00b0 Geografia<\/span><\/td>\r\n<td class=\"cvagas\">CR<\/td>\r\n<td class=\"cremuneracao\">R$ 2.461,71 \/20h<\/td>\r\n<\/tr><tr>\r\n<td class=\"ccargos\">\r\n<span data-balloon-length=\"medium\" aria-label=\"Diploma de Gradua\u00e7\u00e3o em Licenciatura em Hist\u00f3ria.\" data-balloon-pos=\"up\">Professor 6\u00b0\/9\u00b0 Hist\u00f3ria<\/span><\/td>\r\n<td class=\"cvagas\">CR<\/td>\r\n<td class=\"cremuneracao\">R$ 2.461,71 \/20h<\/td>\r\n<\/tr><tr>\r\n<td class=\"ccargos\">\r\n<span data-balloon-length=\"medium\" aria-label=\"Diploma de Gradua\u00e7\u00e3o em Licenciatura em Matem\u00e1tica.\" data-balloon-pos=\"up\">Professor 6\u00b0\/9\u00b0 Matem\u00e1tica L\/P<\/span><\/td>\r\n<td class=\"cvagas\">1 + CR<\/td>\r\n<td class=\"cremuneracao\">R$ 2.461,71 \/20h<\/td>\r\n<\/tr><tr>\r\n<td class=\"ccargos\">\r\n<span data-balloon-length=\"medium\" aria-label=\"Diploma de Gradua\u00e7\u00e3o em Licenciatura em Letras.\" data-balloon-pos=\"up\">Professor 6\u00b0\/9\u00b0 Portugu\u00eas L\/P<\/span><\/td>\r\n<td class=\"cvagas\">1 + CR<\/td>\r\n<td class=\"cremuneracao\">R$ 2.461,71 \/20h<\/td>\r\n<\/tr><tr>\r\n<td class=\"ccargos\">\r\n<span data-balloon-length=\"medium\" aria-label=\"Forma\u00e7\u00e3o em n\u00edvel de Gradua\u00e7\u00e3o em Educa\u00e7\u00e3o F\u00edsica. Registro no \u00f3rg\u00e3o da profiss\u00e3o - CREF\/SC.\" data-balloon-pos=\"up\">Profissional de Educa\u00e7\u00e3o F\u00edsica<\/span><\/td>\r\n<td class=\"cvagas\">CR<\/td>\r\n<td class=\"cremuneracao\">R$ 6.792,40 \/40h<\/td>\r\n<\/tr><tr>\r\n<td class=\"ccargos\">\r\n<span data-balloon-length=\"medium\" aria-label=\"Diploma de Gradua\u00e7\u00e3o em Psicologia. Registro no \u00f3rg\u00e3o da profiss\u00e3o - CRP\/SC.\" data-balloon-pos=\"up\">Psic\u00f3logo<\/span><\/td>\r\n<td class=\"cvagas\">CR<\/td>\r\n<td class=\"cremuneracao\">R$ 6.792,40 \/40h<\/td>\r\n<\/tr><tr>\r\n<td class=\"ccargos\">\r\n<span data-balloon-length=\"medium\" aria-label=\"Forma\u00e7\u00e3o em n\u00edvel de Gradua\u00e7\u00e3o em Pedagogia com P\u00f3s-Gradua\u00e7\u00e3o (Especializa\u00e7\u00e3o, Mestrado ou Doutorado).\" data-balloon-pos=\"up\">Psicopedagogo<\/span><\/td>\r\n<td class=\"cvagas\">CR<\/td>\r\n<td class=\"cremuneracao\">R$ 2.461,71 \/20h<\/td>\r\n<\/tr><tr>\r\n<td class=\"ccargos\">\r\n<span data-balloon-length=\"medium\" aria-label=\"Forma\u00e7\u00e3o em n\u00edvel de Gradua\u00e7\u00e3o em Terapia Ocupacional. Registro no \u00d3rg\u00e3o da profiss\u00e3o.\" data-balloon-pos=\"up\">Terapeuta Ocupacional<\/span><\/td>\r\n<td class=\"cvagas\">CR<\/td>\r\n<td class=\"cremuneracao\">R$ 6.792,40 \/30h<\/td>\r\n<\/tr><tr>\r\n<td class=\"ccargos\">\r\n<span data-balloon-length=\"medium\" aria-label=\"Forma\u00e7\u00e3o em n\u00edvel de Gradua\u00e7\u00e3o Em Medicina Veterin\u00e1ria - Registro no \u00f3rg\u00e3o da profiss\u00e3o - SC.\" data-balloon-pos=\"up\">Veterin\u00e1rio<\/span><\/td>\r\n<td class=\"cvagas\">CR<\/td>\r\n<td class=\"cremuneracao\">R$ 5.973,67 \/30h<\/td>\r\n<\/tr>\r\n    <\/tbody>\r\n  <\/table>\r\n<\/div>"},"_links":{"self":[{"href":"https:\/\/www.agrobase.com.br\/concursos\/wp-json\/wp\/v2\/posts\/273449","targetHints":{"allow":["GET"]}}],"collection":[{"href":"https:\/\/www.agrobase.com.br\/concursos\/wp-json\/wp\/v2\/posts"}],"about":[{"href":"https:\/\/www.agrobase.com.br\/concursos\/wp-json\/wp\/v2\/types\/post"}],"author":[{"embeddable":true,"href":"https:\/\/www.agrobase.com.br\/concursos\/wp-json\/wp\/v2\/users\/7"}],"replies":[{"embeddable":true,"href":"https:\/\/www.agrobase.com.br\/concursos\/wp-json\/wp\/v2\/comments?post=273449"}],"version-history":[{"count":2,"href":"https:\/\/www.agrobase.com.br\/concursos\/wp-json\/wp\/v2\/posts\/273449\/revisions"}],"predecessor-version":[{"id":273454,"href":"https:\/\/www.agrobase.com.br\/concursos\/wp-json\/wp\/v2\/posts\/273449\/revisions\/273454"}],"wp:featuredmedia":[{"embeddable":true,"href":"https:\/\/www.agrobase.com.br\/concursos\/wp-json\/wp\/v2\/media\/273448"}],"wp:attachment":[{"href":"https:\/\/www.agrobase.com.br\/concursos\/wp-json\/wp\/v2\/media?parent=273449"}],"wp:term":[{"taxonomy":"category","embeddable":true,"href":"https:\/\/www.agrobase.com.br\/concursos\/wp-json\/wp\/v2\/categories?post=273449"},{"taxonomy":"post_tag","embeddable":true,"href":"https:\/\/www.agrobase.com.br\/concursos\/wp-json\/wp\/v2\/tags?post=273449"},{"taxonomy":"_amplo","embeddable":true,"href":"https:\/\/www.agrobase.com.br\/concursos\/wp-json\/wp\/v2\/_amplo?post=273449"},{"taxonomy":"destaque","embeddable":true,"href":"https:\/\/www.agrobase.com.br\/concursos\/wp-json\/wp\/v2\/destaque?post=273449"},{"taxonomy":"instituicoes","embeddable":true,"href":"https:\/\/www.agrobase.com.br\/concursos\/wp-json\/wp\/v2\/instituicoes?post=273449"}],"curies":[{"name":"wp","href":"https:\/\/api.w.org\/{rel}","templated":true}]}}