{"id":273425,"date":"2025-11-05T07:30:33","date_gmt":"2025-11-05T10:30:33","guid":{"rendered":"https:\/\/www.agrobase.com.br\/concursos\/?p=273425"},"modified":"2025-11-04T12:40:25","modified_gmt":"2025-11-04T15:40:25","slug":"prefeitura-sonora-ms-selecao-simplificada-17-2025","status":"publish","type":"post","link":"https:\/\/www.agrobase.com.br\/concursos\/2025\/prefeitura-sonora-ms-selecao-simplificada-17-2025\/","title":{"rendered":"Prefeitura Sonora (MS) &#8211; Sele\u00e7\u00e3o Simplificada 17\/2025"},"content":{"rendered":"<h2>Informa\u00e7\u00f5es Gerais<\/h2>\n<p>O <strong>Processo Seletivo Simplificado n\u00ba 017\/2025<\/strong>, promovido pela <strong>Ger\u00eancia Municipal de Sa\u00fade de Sonora \u2013 MS<\/strong>, teve seu edital n\u00ba 001 oficialmente publicado, com inscri\u00e7\u00f5es abertas para contrata\u00e7\u00e3o tempor\u00e1ria de profissionais da sa\u00fade em 2026. O certame visa ao preenchimento de <strong>19 vagas imediatas, al\u00e9m de forma\u00e7\u00e3o de cadastro reserva<\/strong>, com contratos de at\u00e9 12 meses, prorrog\u00e1veis por igual per\u00edodo.<\/p>\n<p>O processo contempla oportunidades para os n\u00edveis <strong>fundamental, m\u00e9dio\/t\u00e9cnico e superior<\/strong>, abrangendo diversas \u00e1reas da sa\u00fade e apoio administrativo. Entre os cargos dispon\u00edveis, destacam-se fun\u00e7\u00f5es de interesse recorrente dos concurseiros, como <strong>Farmac\u00eautico, Farmac\u00eautico-Bioqu\u00edmico, Fisioterapeuta, Psic\u00f3logo, Enfermeiro, Cirurgi\u00e3o Dentista e T\u00e9cnico de Enfermagem<\/strong>.<\/p>\n<p>O regime de contrata\u00e7\u00e3o \u00e9 tempor\u00e1rio, com exig\u00eancia de comprova\u00e7\u00e3o de escolaridade e registro profissional, quando aplic\u00e1vel. Os sal\u00e1rios variam entre <strong>R$ 1.575,13 e R$ 13.796,81<\/strong>, conforme o cargo e a carga hor\u00e1ria.<\/p>\n<p>Se voc\u00ea busca uma oportunidade na \u00e1rea da sa\u00fade p\u00fablica e deseja atuar no munic\u00edpio de Sonora, continue a leitura para conhecer os detalhes sobre inscri\u00e7\u00f5es, etapas e resultados.<\/p>\n<h2>Inscri\u00e7\u00f5es<\/h2>\n<p>As inscri\u00e7\u00f5es para o Processo Seletivo Simplificado n\u00ba 017\/2025 da Ger\u00eancia Municipal de Sa\u00fade de Sonora est\u00e3o <strong>abertas de 3 a 14 de novembro de 2025<\/strong>, at\u00e9 \u00e0s 13h (hor\u00e1rio local). O procedimento \u00e9 <strong>exclusivamente online<\/strong>, por meio do site oficial da Prefeitura: <a href=\"http:\/\/www.sonora.ms.gov.br\" target=\"_blank\" rel=\"noopener\">www.sonora.ms.gov.br<\/a>.<\/p>\n<p><strong>N\u00e3o h\u00e1 cobran\u00e7a de taxa de inscri\u00e7\u00e3o<\/strong>, o que torna o processo ainda mais acess\u00edvel. Ap\u00f3s o preenchimento do formul\u00e1rio eletr\u00f4nico, o candidato dever\u00e1 imprimir e assinar o documento, al\u00e9m de reunir os t\u00edtulos e documentos exigidos para entrega presencial entre os dias <strong>24 e 27 de novembro de 2025<\/strong>, na C\u00e2mara Municipal de Sonora (Rua Adalberto Bozoki, 305, Centro).<\/p>\n<p>\u00c9 importante destacar que o candidato poder\u00e1 concorrer a apenas uma vaga e que n\u00e3o ser\u00e3o aceitas altera\u00e7\u00f5es ap\u00f3s o envio do formul\u00e1rio. A inscri\u00e7\u00e3o tamb\u00e9m pode ser feita por procurador legalmente constitu\u00eddo, com firma reconhecida em cart\u00f3rio.<\/p>\n<p>Recomenda-se que o candidato acompanhe a publica\u00e7\u00e3o da lista preliminar de inscritos e demais atualiza\u00e7\u00f5es no site da Prefeitura e no Di\u00e1rio Oficial da Assomasul. Para mais informa\u00e7\u00f5es, consulte o edital completo dispon\u00edvel no site oficial.<\/p>\n<h2>Etapas e Provas<\/h2>\n<p>O Processo Seletivo Simplificado da Ger\u00eancia Municipal de Sa\u00fade de Sonora \u00e9 composto por <strong>duas etapas principais<\/strong>, com uma terceira etapa exclusiva para cargo espec\u00edfico:<\/p>\n<ul>\n<li><strong>Prova de T\u00edtulos<\/strong> \u2013 De car\u00e1ter <em>classificat\u00f3rio<\/em>, \u00e9 obrigat\u00f3ria para todos os cargos. A aus\u00eancia do candidato nesta etapa implica desclassifica\u00e7\u00e3o. Os documentos devem ser entregues presencialmente entre os dias 24 e 27 de novembro de 2025, at\u00e9 \u00e0s 13h, na C\u00e2mara Municipal de Sonora. Ser\u00e3o aceitos certificados de escolaridade, tempo de servi\u00e7o e cursos, conforme crit\u00e9rios do edital.<\/li>\n<li><strong>Prova Pr\u00e1tica<\/strong> \u2013 De car\u00e1ter <em>eliminat\u00f3rio<\/em>, exclusiva para o cargo de <strong>Agente de Combate a Endemias<\/strong>. Ser\u00e1 aplicada no dia 08\/12\/2025, \u00e0s 7h15, na Ger\u00eancia Municipal de Sa\u00fade. A prova consiste no manuseio de bomba costal motorizada com simula\u00e7\u00e3o de aplica\u00e7\u00e3o de veneno, em percurso de aproximadamente 40 minutos. O n\u00e3o comparecimento at\u00e9 \u00e0s 7h30 elimina o candidato.<\/li>\n<\/ul>\n<p>A classifica\u00e7\u00e3o final ser\u00e1 feita com base na pontua\u00e7\u00e3o da prova de t\u00edtulos, respeitando crit\u00e9rios de desempate como maior escolaridade, maior tempo de experi\u00eancia e idade.<\/p>\n<p>Para detalhes sobre pontua\u00e7\u00e3o, documenta\u00e7\u00e3o exigida e cronograma completo, \u00e9 essencial a leitura atenta do edital dispon\u00edvel no site da Prefeitura.<\/p>\n<h2>Resultados e Gabarito<\/h2>\n<p>Os resultados do Processo Seletivo Simplificado n\u00ba 017\/2025 ser\u00e3o divulgados em etapas, conforme cronograma oficial. A <strong>lista preliminar de inscritos<\/strong> ser\u00e1 publicada no Di\u00e1rio Oficial da Assomasul. Ap\u00f3s a entrega e an\u00e1lise dos t\u00edtulos, ser\u00e1 divulgada a <strong>classifica\u00e7\u00e3o preliminar<\/strong>, tamb\u00e9m sujeita a recurso.<\/p>\n<p>Os candidatos ter\u00e3o <strong>1 (um) dia \u00fatil<\/strong> para interpor recurso contra os resultados preliminares, mediante formul\u00e1rio digitado e assinado, entregue pessoalmente na Ger\u00eancia Municipal de Sa\u00fade de Sonora at\u00e9 \u00e0s 13h. O resultado final, com eventuais altera\u00e7\u00f5es ap\u00f3s recursos, ser\u00e1 publicado no site <a href=\"http:\/\/www.sonora.ms.gov.br\" target=\"_blank\" rel=\"noopener\">www.sonora.ms.gov.br<\/a> e no Di\u00e1rio Oficial da Assomasul.<\/p>\n<p>A <strong>convoca\u00e7\u00e3o para contrata\u00e7\u00e3o<\/strong> seguir\u00e1 rigorosamente a ordem de classifica\u00e7\u00e3o final homologada. Os candidatos devem acompanhar as publica\u00e7\u00f5es oficiais para n\u00e3o perderem prazos. A n\u00e3o apresenta\u00e7\u00e3o de documentos, exames ou aus\u00eancia na data de in\u00edcio das atividades implicar\u00e1 desclassifica\u00e7\u00e3o.<\/p>\n<p>A homologa\u00e7\u00e3o do resultado final marca o in\u00edcio da validade do processo seletivo, que ser\u00e1 de <strong>12 meses<\/strong>, podendo ser prorrogado por igual per\u00edodo. A responsabilidade pelo acompanhamento de todas as etapas, convoca\u00e7\u00f5es e publica\u00e7\u00f5es \u00e9 <strong>exclusiva do candidato<\/strong>, devendo ser feita pelo site da Prefeitura e pelo Di\u00e1rio Oficial da Assomasul.<\/p>\n","protected":false},"excerpt":{"rendered":"<p>Sel. Simplificada Pref. Sonora (MS) com edital publicado! Vagas p\/ M\u00e9dico, Enfermeiro (Fund. a Sup.). Inscri\u00e7\u00f5es a partir de 03\/11. Sal\u00e1rios at\u00e9 R$ 13.7k. Confira detalhes!<\/p>\n","protected":false},"author":7,"featured_media":273424,"comment_status":"open","ping_status":"open","sticky":false,"template":"","format":"standard","meta":{"_acf_changed":false,"_breakdance_hide_in_design_set":false,"_breakdance_tags":"","footnotes":""},"categories":[106,6434,12,17,18,19,21,24,26,101,108],"tags":[48],"_amplo":[],"destaque":[],"instituicoes":[],"class_list":["post-273425","post","type-post","status-publish","format-standard","has-post-thumbnail","hentry","category-bioquimica","category-educacao-fisica-licenciatura","category-enfermagem","category-farmacia","category-fisioterapia","category-fonoaudiologia","category-medicina","category-odontologia","category-psicologia","category-servico-social","category-tecnico-enfermagem","tag-mato-grosso-do-sul"],"acf":{"_tipo_vagas":"vagas","_numero_vagas":"","_quadro_vagas":"","_cargos":"diversos","_cargos_especificos":"","_salario_max":"R$ 13796.81","_abertura":"20251103","_encerramento":"20251114","_inscricoes":"http:\/\/www.sonora.ms.gov.br","_executora_concurso":"","_instituicao_concurso":[],"_link_adicional":null,"_anexos":null,"_produtos":null,"_vagas":"19 vagas + CR","_salario_min":"R$ 1575.13","_instituicao":"Prefeitura de Sonora","_edital":"https:\/\/www.agrobase.com.br\/concursos\/wp-content\/uploads\/sites\/4\/2025\/11\/edital-17-2025-prefeitura-de-sonora-ms.pdf","_anexos_edital":"","_fund_incompleto":"","_fund_completo":"<div>\r\n<table class=\"quadro\">\r\n<thead>\r\n<tr>\r\n<th class=\"hcargo\">Cargo<\/th>\r\n<th class=\"hvagas\">Vagas<\/th>\r\n<th class=\"hremuneracao\">Remunera\u00e7\u00e3o<\/th>\r\n<\/tr>\r\n<\/thead>\r\n    <tbody>\r\n      <td class=\"ccargos\">\r\n<span data-balloon-length=\"medium\" aria-label=\"4a S\u00e9rie Completa (5\u00ba ano)\" data-balloon-pos=\"up\">Auxiliar de Servi\u00e7os Gerais<\/span><\/td>\r\n<td class=\"cvagas\">01 + CR<\/td>\r\n<td class=\"cremuneracao\">R$ 1.575,13 \/40h<\/td>\r\n<\/tr><td class=\"ccargos\">\r\n<span data-balloon-length=\"medium\" aria-label=\"4a S\u00e9rie Completa (5\u00ba ano)\" data-balloon-pos=\"up\">Auxiliar de Administra\u00e7\u00e3o<\/span><\/td>\r\n<td class=\"cvagas\">01 + CR<\/td>\r\n<td class=\"cremuneracao\">R$ 1.810,76 \/40h<\/td>\r\n<\/tr><td class=\"ccargos\">\r\n<span data-balloon-length=\"medium\" aria-label=\"Ensino fundamental\" data-balloon-pos=\"up\">Artes\u00e3o<\/span><\/td>\r\n<td class=\"cvagas\">01 + CR<\/td>\r\n<td class=\"cremuneracao\">R$ 1.810,76 \/40h<\/td>\r\n<\/tr>\r\n    <\/tbody>\r\n  <\/table>\r\n<\/div>","_medio":"<div>\r\n<table class=\"quadro\">\r\n<thead>\r\n<tr>\r\n<th class=\"hcargo\">Cargo<\/th>\r\n<th class=\"hvagas\">Vagas<\/th>\r\n<th class=\"hremuneracao\">Remunera\u00e7\u00e3o<\/th>\r\n<\/tr>\r\n<\/thead>\r\n    <tbody>\r\n      <td class=\"ccargos\">\r\n<span data-balloon-length=\"medium\" aria-label=\"Ensino M\u00e9dio Completo + Prova Pr\u00e1tica.\" data-balloon-pos=\"up\">Agente de Combate a Endemias<\/span><\/td>\r\n<td class=\"cvagas\">01 + CR<\/td>\r\n<td class=\"cremuneracao\">R$ 3.217,95 \/40h<\/td>\r\n<\/tr><td class=\"ccargos\">\r\n<span data-balloon-length=\"medium\" aria-label=\"Ensino M\u00e9dio Completo\" data-balloon-pos=\"up\">Auxiliar de Farm\u00e1cia<\/span><\/td>\r\n<td class=\"cvagas\">01 + CR<\/td>\r\n<td class=\"cremuneracao\">R$ 1.810,76 \/40h<\/td>\r\n<\/tr><td class=\"ccargos\">\r\n<span data-balloon-length=\"medium\" aria-label=\"Ensino M\u00e9dio Completo e Certificado de Conclus\u00e3o de Curso de Auxiliar de Servi\u00e7os Odontol\u00f3gicos **\" data-balloon-pos=\"up\">Auxiliar de Servi\u00e7os Odontol\u00f3gicos<\/span><\/td>\r\n<td class=\"cvagas\">01 + CR<\/td>\r\n<td class=\"cremuneracao\">R$ 2.004,71 \/40h<\/td>\r\n<\/tr><td class=\"ccargos\">\r\n<span data-balloon-length=\"medium\" aria-label=\"Ensino M\u00e9dio Completo e CHN B ou superior.\" data-balloon-pos=\"up\">Fiscal em Vigil\u00e2ncia Sanit\u00e1ria<\/span><\/td>\r\n<td class=\"cvagas\">01 + CR<\/td>\r\n<td class=\"cremuneracao\">R$ 2.901,55 \/40h<\/td>\r\n<\/tr><td class=\"ccargos\">\r\n<span data-balloon-length=\"medium\" data-balloon-pos=\"up\">Motorista I<\/span><\/td>\r\n<td class=\"cvagas\">01 + CR<\/td>\r\n<td class=\"cremuneracao\">R$ 2.763,38 \/40h<\/td>\r\n<\/tr><td class=\"ccargos\">\r\n<span data-balloon-length=\"medium\" data-balloon-pos=\"up\">Motorista (\u00e1rea rural) conduzir ambul\u00e2ncia.<\/span><\/td>\r\n<td class=\"cvagas\">01 + CR<\/td>\r\n<td class=\"cremuneracao\">R$ 2.763,38 \/40h<\/td>\r\n<\/tr><td class=\"ccargos\">\r\n<span data-balloon-length=\"medium\" aria-label=\"Ensino m\u00e9dio\/T\u00e9cnico em Enfermagem + inscri\u00e7\u00e3o ativa no respectivo conselho.\" data-balloon-pos=\"up\">T\u00e9cnico de Enfermagem<\/span><\/td>\r\n<td class=\"cvagas\">01 + CR<\/td>\r\n<td class=\"cremuneracao\">R$ 3.700,73 \/40h<\/td>\r\n<\/tr><td class=\"ccargos\">\r\n<span data-balloon-length=\"medium\" aria-label=\"Ensino m\u00e9dio\/T\u00e9cnico em Enfermagem + inscri\u00e7\u00e3o ativa no respectivo conselho.\" data-balloon-pos=\"up\">T\u00e9cnico de Enfermagem para \u00e1rea rural (residir no assentamento).<\/span><\/td>\r\n<td class=\"cvagas\">CR<\/td>\r\n<td class=\"cremuneracao\">R$ 3.700,73 \/40h<\/td>\r\n<\/tr>\r\n    <\/tbody>\r\n  <\/table>\r\n<\/div>","_superior":"<div>\r\n<table class=\"quadro\">\r\n<thead>\r\n<tr>\r\n<th class=\"hcargo\">Cargo<\/th>\r\n<th class=\"hvagas\">Vagas<\/th>\r\n<th class=\"hremuneracao\">Remunera\u00e7\u00e3o<\/th>\r\n<\/tr>\r\n<\/thead>\r\n    <tbody>\r\n      <tr>\r\n<td class=\"ccargos\">\r\n<span data-balloon-length=\"medium\" aria-label=\"Ensino Superior em Odontologia + inscri\u00e7\u00e3o ativa no respectivo conselho.\" data-balloon-pos=\"up\">Cirurgi\u00e3o Dentista<\/span><\/td>\r\n<td class=\"cvagas\">01 + CR<\/td>\r\n<td class=\"cremuneracao\">R$ 6.406,02 \/40h<\/td>\r\n<\/tr><tr>\r\n<td class=\"ccargos\">\r\n<span data-balloon-length=\"medium\" aria-label=\"Ensino Superior em Enfermagem + inscri\u00e7\u00e3o ativa no respectivo conselho.\" data-balloon-pos=\"up\">Enfermeiro<\/span><\/td>\r\n<td class=\"cvagas\">01 + CR<\/td>\r\n<td class=\"cremuneracao\">R$ 6.406,02 \/40h<\/td>\r\n<\/tr><tr>\r\n<td class=\"ccargos\">\r\n<span data-balloon-length=\"medium\" aria-label=\"Ensino Superior em Enfermagem + inscri\u00e7\u00e3o ativa no respectivo conselho.\" data-balloon-pos=\"up\">Enfermeiro (\u00e1rea rural)<\/span><\/td>\r\n<td class=\"cvagas\">01 + CR<\/td>\r\n<td class=\"cremuneracao\">R$ 6.406,02 \/40h<\/td>\r\n<\/tr><tr>\r\n<td class=\"ccargos\">\r\n<span data-balloon-length=\"medium\" aria-label=\"Ensino Superior em Farm\u00e1cia + inscri\u00e7\u00e3o ativa no respectivo conselho.\" data-balloon-pos=\"up\">Farmac\u00eautico<\/span><\/td>\r\n<td class=\"cvagas\">01 + CR<\/td>\r\n<td class=\"cremuneracao\">R$ 6.406,02 \/40h<\/td>\r\n<\/tr><tr>\r\n<td class=\"ccargos\">\r\n<span data-balloon-length=\"medium\" aria-label=\"Ensino Superior em Farm\u00e1cia - Bioqu\u00edmica + inscri\u00e7\u00e3o ativa no respectivo conselho.\" data-balloon-pos=\"up\">Farmac\u00eautico - Bioqu\u00edmico<\/span><\/td>\r\n<td class=\"cvagas\">01 + CR<\/td>\r\n<td class=\"cremuneracao\">R$ 6.406,02 \/40h<\/td>\r\n<\/tr><tr>\r\n<td class=\"ccargos\">\r\n<span data-balloon-length=\"medium\" aria-label=\"Ensino Superior em Fisioterapia + inscri\u00e7\u00e3o ativa no respectivo conselho.\" data-balloon-pos=\"up\">Fisioterapeuta<\/span><\/td>\r\n<td class=\"cvagas\">01 + CR<\/td>\r\n<td class=\"cremuneracao\">R$ 6.406,02 \/30h<\/td>\r\n<\/tr><tr>\r\n<td class=\"ccargos\">\r\n<span data-balloon-length=\"medium\" aria-label=\"Ensino Superior em Assistente Social + inscri\u00e7\u00e3o ativa no respectivo conselho.\" data-balloon-pos=\"up\">Assistente Social<\/span><\/td>\r\n<td class=\"cvagas\">CR<\/td>\r\n<td class=\"cremuneracao\">R$ 6.406,02 \/30h<\/td>\r\n<\/tr><tr>\r\n<td class=\"ccargos\">\r\n<span data-balloon-length=\"medium\" aria-label=\"Ensino Superior em Fonoaudiologia + inscri\u00e7\u00e3o ativa no respectivo conselho.\" data-balloon-pos=\"up\">Fonoaudi\u00f3logo<\/span><\/td>\r\n<td class=\"cvagas\">CR<\/td>\r\n<td class=\"cremuneracao\">R$ 6.406,02 \/40h<\/td>\r\n<\/tr><tr>\r\n<td class=\"ccargos\">\r\n<span data-balloon-length=\"medium\" aria-label=\"Ensino Superior em Medicina + inscri\u00e7\u00e3o ativa no respectivo conselho.\" data-balloon-pos=\"up\">M\u00e9dico cl\u00ednico geral<\/span><\/td>\r\n<td class=\"cvagas\">01 + CR<\/td>\r\n<td class=\"cremuneracao\">R$ 13.796,81 \/40h<\/td>\r\n<\/tr><tr>\r\n<td class=\"ccargos\">\r\n<span data-balloon-length=\"medium\" aria-label=\"Ensino Superior em Psicologia + inscri\u00e7\u00e3o ativa no respectivo conselho.\" data-balloon-pos=\"up\">Psic\u00f3logo<\/span><\/td>\r\n<td class=\"cvagas\">01 + CR<\/td>\r\n<td class=\"cremuneracao\">R$ 6.406,02 \/40h<\/td>\r\n<\/tr><tr>\r\n<td class=\"ccargos\">\r\n<span data-balloon-length=\"medium\" aria-label=\"Ensino Superior em Educa\u00e7\u00e3o F\u00edsica + inscri\u00e7\u00e3o ativa no respectivo conselho.\" data-balloon-pos=\"up\">Profissional de Educa\u00e7\u00e3o F\u00edsica<\/span><\/td>\r\n<td class=\"cvagas\">01 + CR<\/td>\r\n<td class=\"cremuneracao\">R$ 6.406,02 \/40h<\/td>\r\n<\/tr>\r\n    <\/tbody>\r\n  <\/table>\r\n<\/div>"},"_links":{"self":[{"href":"https:\/\/www.agrobase.com.br\/concursos\/wp-json\/wp\/v2\/posts\/273425","targetHints":{"allow":["GET"]}}],"collection":[{"href":"https:\/\/www.agrobase.com.br\/concursos\/wp-json\/wp\/v2\/posts"}],"about":[{"href":"https:\/\/www.agrobase.com.br\/concursos\/wp-json\/wp\/v2\/types\/post"}],"author":[{"embeddable":true,"href":"https:\/\/www.agrobase.com.br\/concursos\/wp-json\/wp\/v2\/users\/7"}],"replies":[{"embeddable":true,"href":"https:\/\/www.agrobase.com.br\/concursos\/wp-json\/wp\/v2\/comments?post=273425"}],"version-history":[{"count":1,"href":"https:\/\/www.agrobase.com.br\/concursos\/wp-json\/wp\/v2\/posts\/273425\/revisions"}],"predecessor-version":[{"id":273427,"href":"https:\/\/www.agrobase.com.br\/concursos\/wp-json\/wp\/v2\/posts\/273425\/revisions\/273427"}],"wp:featuredmedia":[{"embeddable":true,"href":"https:\/\/www.agrobase.com.br\/concursos\/wp-json\/wp\/v2\/media\/273424"}],"wp:attachment":[{"href":"https:\/\/www.agrobase.com.br\/concursos\/wp-json\/wp\/v2\/media?parent=273425"}],"wp:term":[{"taxonomy":"category","embeddable":true,"href":"https:\/\/www.agrobase.com.br\/concursos\/wp-json\/wp\/v2\/categories?post=273425"},{"taxonomy":"post_tag","embeddable":true,"href":"https:\/\/www.agrobase.com.br\/concursos\/wp-json\/wp\/v2\/tags?post=273425"},{"taxonomy":"_amplo","embeddable":true,"href":"https:\/\/www.agrobase.com.br\/concursos\/wp-json\/wp\/v2\/_amplo?post=273425"},{"taxonomy":"destaque","embeddable":true,"href":"https:\/\/www.agrobase.com.br\/concursos\/wp-json\/wp\/v2\/destaque?post=273425"},{"taxonomy":"instituicoes","embeddable":true,"href":"https:\/\/www.agrobase.com.br\/concursos\/wp-json\/wp\/v2\/instituicoes?post=273425"}],"curies":[{"name":"wp","href":"https:\/\/api.w.org\/{rel}","templated":true}]}}