{"id":273420,"date":"2025-11-05T07:20:06","date_gmt":"2025-11-05T10:20:06","guid":{"rendered":"https:\/\/www.agrobase.com.br\/concursos\/?p=273420"},"modified":"2025-11-04T12:09:11","modified_gmt":"2025-11-04T15:09:11","slug":"prefeitura-cunha-pora-sc-selecao-publica-01-2025","status":"publish","type":"post","link":"https:\/\/www.agrobase.com.br\/concursos\/2025\/prefeitura-cunha-pora-sc-selecao-publica-01-2025\/","title":{"rendered":"Prefeitura Cunha Por\u00e3 (SC) &#8211; Sele\u00e7\u00e3o P\u00fablica 01\/2025"},"content":{"rendered":"<h2>Informa\u00e7\u00f5es Gerais<\/h2>\n<p>O Munic\u00edpio de Cunha Por\u00e3 (SC) publicou o edital do <strong>Processo Seletivo 2025<\/strong>, com objetivo de formar cadastro reserva para diversos cargos tempor\u00e1rios em seu quadro de empregados p\u00fablicos. O certame ser\u00e1 regido pela legisla\u00e7\u00e3o vigente e pelas normas estabelecidas no edital oficial.<\/p>\n<p>As oportunidades contemplam candidatos com n\u00edveis de escolaridade <strong>fundamental incompleto, m\u00e9dio\/t\u00e9cnico e superior<\/strong>, abrangendo \u00e1reas como educa\u00e7\u00e3o, sa\u00fade, administra\u00e7\u00e3o, assist\u00eancia social e infraestrutura. A contrata\u00e7\u00e3o ser\u00e1 em regime <strong>CLT<\/strong>, conforme indicado no edital.<\/p>\n<p>Entre os cargos dispon\u00edveis, h\u00e1 destaque para fun\u00e7\u00f5es de interesse de profissionais das \u00e1reas de <strong>Biologia<\/strong> (como o cargo de Fiscal de Vigil\u00e2ncia Sanit\u00e1ria), al\u00e9m de diversas vagas na \u00e1rea da educa\u00e7\u00e3o, com ampla oferta para professores em diferentes disciplinas e n\u00edveis de ensino.<\/p>\n<p>Com remunera\u00e7\u00f5es que variam de <strong>R$ 1.781,30 a R$ 21.375,60<\/strong>, o processo seletivo representa uma oportunidade relevante para quem busca estabilidade e atua\u00e7\u00e3o no servi\u00e7o p\u00fablico municipal. Confira a seguir os prazos de inscri\u00e7\u00e3o, etapas e detalhes sobre os resultados.<\/p>\n<h2>Inscri\u00e7\u00f5es<\/h2>\n<p>As inscri\u00e7\u00f5es para o Processo Seletivo de Cunha Por\u00e3 (SC) estar\u00e3o <strong>abertas das 16h do dia 3 de novembro at\u00e9 \u00e0s 16h do dia 13 de novembro de 2025<\/strong>. Os interessados devem se inscrever exclusivamente pela internet, por meio do site oficial da banca organizadora: <a href=\"https:\/\/2025pscunhapora.fepese.org.br\" target=\"_blank\" rel=\"noopener\">https:\/\/2025pscunhapora.fepese.org.br<\/a>.<\/p>\n<p>As taxas de inscri\u00e7\u00e3o variam conforme o n\u00edvel de escolaridade exigido para o cargo:<\/p>\n<ul>\n<li><strong>N\u00edvel Fundamental:<\/strong> R$ 60,00<\/li>\n<li><strong>N\u00edvel M\u00e9dio\/T\u00e9cnico:<\/strong> R$ 80,00<\/li>\n<li><strong>N\u00edvel Superior:<\/strong> R$ 100,00<\/li>\n<\/ul>\n<p>O pagamento da taxa deve ser realizado at\u00e9 a data de vencimento indicada no boleto gerado ap\u00f3s a inscri\u00e7\u00e3o. Candidatos que desejarem solicitar <strong>isen\u00e7\u00e3o da taxa<\/strong> devem seguir os crit\u00e9rios e prazos estabelecidos no edital, apresentando a documenta\u00e7\u00e3o exigida diretamente na \u00e1rea do candidato.<\/p>\n<p>Ap\u00f3s a inscri\u00e7\u00e3o, \u00e9 fundamental acompanhar o status do processo na \u00e1rea restrita do site da banca, onde ser\u00e3o disponibilizadas informa\u00e7\u00f5es sobre homologa\u00e7\u00e3o, locais de prova e demais comunicados.<\/p>\n<p>Para evitar contratempos, recomenda-se a leitura atenta do edital completo antes de efetuar a inscri\u00e7\u00e3o.<\/p>\n<h2>Etapas e Provas<\/h2>\n<p>O Processo Seletivo de Cunha Por\u00e3 (SC) ser\u00e1 composto por <strong>etapas distintas conforme o cargo pretendido<\/strong>, todas realizadas no munic\u00edpio ou, em caso de necessidade, em localidades vizinhas.<\/p>\n<ul>\n<li><strong>Prova Objetiva<\/strong> (todos os cargos):<br \/>Car\u00e1ter eliminat\u00f3rio e classificat\u00f3rio, com quest\u00f5es de m\u00faltipla escolha. As disciplinas cobradas incluem L\u00edngua Portuguesa, Matem\u00e1tica, Conhecimentos Gerais e Conhecimentos Espec\u00edficos, conforme o cargo. A prova ter\u00e1 dura\u00e7\u00e3o de at\u00e9 3 horas.<\/li>\n<li><strong>Prova de T\u00edtulos<\/strong> (cargos de Professor e Agente de Sa\u00fade):<br \/>Car\u00e1ter classificat\u00f3rio. Ser\u00e3o avaliados diplomas, certificados e experi\u00eancias profissionais relevantes, conforme crit\u00e9rios definidos no edital.<\/li>\n<li><strong>Prova Pr\u00e1tica<\/strong> (Motorista Categoria D e Operador de M\u00e1quinas):<br \/>Car\u00e1ter eliminat\u00f3rio e classificat\u00f3rio. Avaliar\u00e1 a habilidade t\u00e9cnica dos candidatos na condu\u00e7\u00e3o e opera\u00e7\u00e3o dos ve\u00edculos e equipamentos exigidos para o cargo.<\/li>\n<\/ul>\n<p>As provas objetivas est\u00e3o previstas para o dia <strong>30 de novembro de 2025<\/strong>, com hor\u00e1rios distintos conforme o n\u00edvel de escolaridade. \u00c9 importante que o candidato verifique com anteced\u00eancia o local e hor\u00e1rio de aplica\u00e7\u00e3o, divulgados no site da banca.<\/p>\n<p>Para detalhes sobre o conte\u00fado program\u00e1tico, crit\u00e9rios de pontua\u00e7\u00e3o e demais regras de cada etapa, recomenda-se a leitura completa do edital.<\/p>\n<h2>Resultados e Gabarito<\/h2>\n<p>A <strong>Prova Objetiva<\/strong> ser\u00e1 aplicada em <strong>30 de novembro de 2025<\/strong>, com locais divulgados no site oficial do processo seletivo a partir de <strong>26 de novembro de 2025<\/strong>. Os hor\u00e1rios de aplica\u00e7\u00e3o variam conforme o n\u00edvel de escolaridade:<\/p>\n<ul>\n<li><strong>Ensino Fundamental, M\u00e9dio e Psic\u00f3logo Social (20h):<\/strong> Prova das 9h \u00e0s 12h<\/li>\n<li><strong>Demais cargos de Ensino Superior:<\/strong> Prova das 14h \u00e0s 17h<\/li>\n<\/ul>\n<p>O <strong>resultado preliminar<\/strong> est\u00e1 previsto para <strong>9 de dezembro de 2025<\/strong>, e o <strong>resultado final<\/strong> ser\u00e1 divulgado em <strong>17 de dezembro de 2025<\/strong>.<\/p>\n<p>A classifica\u00e7\u00e3o dos candidatos seguir\u00e1 a ordem decrescente da nota final, considerando os crit\u00e9rios de pontua\u00e7\u00e3o estabelecidos para cada etapa. Em caso de empate, ser\u00e3o aplicados os crit\u00e9rios de desempate previstos no edital, como maior idade, maior pontua\u00e7\u00e3o em conhecimentos espec\u00edficos, entre outros.<\/p>\n<p>A <strong>homologa\u00e7\u00e3o do resultado final<\/strong> ser\u00e1 publicada no site da banca organizadora e no Di\u00e1rio Oficial do Munic\u00edpio, oficializando a validade do processo seletivo.<\/p>\n<p>As <strong>convoca\u00e7\u00f5es<\/strong> para contrata\u00e7\u00e3o ocorrer\u00e3o conforme a necessidade da administra\u00e7\u00e3o municipal, dentro do prazo de validade do certame. Os candidatos devem acompanhar atentamente todas as publica\u00e7\u00f5es no site <a href=\"https:\/\/2025pscunhapora.fepese.org.br\" target=\"_blank\" rel=\"noopener\">https:\/\/2025pscunhapora.fepese.org.br<\/a> e no Di\u00e1rio Oficial. A responsabilidade pelo acompanhamento das etapas e convoca\u00e7\u00f5es \u00e9 exclusiva do candidato.<\/p>\n","protected":false},"excerpt":{"rendered":"<p>Proc. Seletivo Pref. Cunha Por\u00e3 (SC) com edital publicado! Vagas p\/ Professor e M\u00e9dico (Fund. a Sup.). Inscri\u00e7\u00f5es a partir de 03\/11. Sal\u00e1rios at\u00e9 R$ 21.3k. Confira detalhes!<\/p>\n","protected":false},"author":7,"featured_media":273419,"comment_status":"open","ping_status":"open","sticky":false,"template":"","format":"standard","meta":{"_acf_changed":false,"_breakdance_hide_in_design_set":false,"_breakdance_tags":"","footnotes":""},"categories":[5,6433,106,10,117,141,6434,12,17,112,18,19,111,100,20,6871,116,21,119,25,26,6435,101,118,108],"tags":[61],"_amplo":[],"destaque":[],"instituicoes":[],"class_list":["post-273420","post","type-post","status-publish","format-standard","has-post-thumbnail","hentry","category-arquitetura","category-biologia-licenciatura","category-bioquimica","category-direito","category-economia","category-educacao-artistica","category-educacao-fisica-licenciatura","category-enfermagem","category-farmacia","category-filosofia","category-fisioterapia","category-fonoaudiologia","category-geografia","category-historia","category-letras","category-letras-ingles","category-matematica","category-medicina","category-musica","category-pedagogia","category-psicologia","category-quimica-licenciatura","category-servico-social","category-sociologia","category-tecnico-enfermagem","tag-santa-catarina"],"acf":{"_tipo_vagas":"vagas","_numero_vagas":"","_quadro_vagas":"","_cargos":"diversos","_cargos_especificos":"","_salario_max":"R$ 21375.6","_abertura":"20251103","_encerramento":"20251113","_inscricoes":"https:\/\/2025pscunhapora.fepese.org.br","_executora_concurso":"","_instituicao_concurso":[],"_link_adicional":null,"_anexos":null,"_produtos":null,"_vagas":"CR","_salario_min":"R$ 1781.3","_instituicao":"Prefeitura de Cunha Por\u00e3","_edital":"https:\/\/www.agrobase.com.br\/concursos\/wp-content\/uploads\/sites\/4\/2025\/11\/edital-01-2025-prefeitura-de-cunha-pora-sc.pdf","_anexos_edital":"https:\/\/www.agrobase.com.br\/concursos\/wp-content\/uploads\/sites\/4\/2025\/11\/anexos-edital-01-2025-prefeitura-de-cunha-pora-sc.pdf","_fund_incompleto":"<div>\r\n<table class=\"quadro\">\r\n<thead>\r\n<tr>\r\n<th class=\"hcargo\">Cargo<\/th>\r\n<th class=\"hvagas\">Vagas<\/th>\r\n<th class=\"hremuneracao\">Remunera\u00e7\u00e3o<\/th>\r\n<\/tr>\r\n<\/thead>\r\n    <tbody>\r\n      <td class=\"ccargos\">\r\n<span data-balloon-length=\"medium\" aria-label=\"Alfabetizado\" data-balloon-pos=\"up\">Auxiliar de Servi\u00e7os Gerais<\/span><\/td>\r\n<td class=\"cvagas\">CR<\/td>\r\n<td class=\"cremuneracao\">R$ 1.938,05 \/40h<\/td>\r\n<\/tr><td class=\"ccargos\">\r\n<span data-balloon-length=\"medium\" aria-label=\"Alfabetizado, com Carteira Nacional de Habilita\u00e7\u00e3o (CNH) Categoria D.\" data-balloon-pos=\"up\">Motorista Categoria D<\/span><\/td>\r\n<td class=\"cvagas\">CR<\/td>\r\n<td class=\"cremuneracao\">R$ 2.493,82 \/40h<\/td>\r\n<\/tr><td class=\"ccargos\">\r\n<span data-balloon-length=\"medium\" aria-label=\"Alfabetizado, com Carteira Nacional de Habilita\u00e7\u00e3o (CNH) Categoria C.\" data-balloon-pos=\"up\">Operador de M\u00e1quinas<\/span><\/td>\r\n<td class=\"cvagas\">CR<\/td>\r\n<td class=\"cremuneracao\">R$ 3.206,34 \/40h<\/td>\r\n<\/tr><td class=\"ccargos\">\r\n<span data-balloon-length=\"medium\" aria-label=\"Alfabetizado\" data-balloon-pos=\"up\">Vigia<\/span><\/td>\r\n<td class=\"cvagas\">CR<\/td>\r\n<td class=\"cremuneracao\">R$ 1.781,30 \/40h<\/td>\r\n<\/tr>\r\n    <\/tbody>\r\n  <\/table>\r\n<\/div>","_fund_completo":"","_medio":"<div>\r\n<table class=\"quadro\">\r\n<thead>\r\n<tr>\r\n<th class=\"hcargo\">Cargo<\/th>\r\n<th class=\"hvagas\">Vagas<\/th>\r\n<th class=\"hremuneracao\">Remunera\u00e7\u00e3o<\/th>\r\n<\/tr>\r\n<\/thead>\r\n    <tbody>\r\n      <td class=\"ccargos\">\r\n<span data-balloon-length=\"medium\" aria-label=\"Ensino M\u00e9dio Completo. Residir na \u00e1rea da comunidade em que atuar, desde a data da publica\u00e7\u00e3o do edital do Processo Seletivo; ter conclu\u00eddo, com aproveitamento, curso de forma\u00e7\u00e3o inicial, com carga hor\u00e1ria m\u00ednima de quarenta horas.\" data-balloon-pos=\"up\">Agente de Sa\u00fade<\/span><\/td>\r\n<td class=\"cvagas\">CR<\/td>\r\n<td class=\"cremuneracao\">R$ 3.075,85 \/40h<\/td>\r\n<\/tr><td class=\"ccargos\">\r\n<span data-balloon-length=\"medium\" aria-label=\"Ensino m\u00e9dio.\" data-balloon-pos=\"up\">Agente Administrativo<\/span><\/td>\r\n<td class=\"cvagas\">CR<\/td>\r\n<td class=\"cremuneracao\">R$ 2.137,56 \/40h<\/td>\r\n<\/tr><td class=\"ccargos\">\r\n<span data-balloon-length=\"medium\" aria-label=\"Ensino m\u00e9dio\" data-balloon-pos=\"up\">Auxiliar Administrativo<\/span><\/td>\r\n<td class=\"cvagas\">CR<\/td>\r\n<td class=\"cremuneracao\">R$ 1.923,80 \/40h<\/td>\r\n<\/tr><td class=\"ccargos\">\r\n<span data-balloon-length=\"medium\" aria-label=\"Ensino m\u00e9dio\" data-balloon-pos=\"up\">Recepcionista<\/span><\/td>\r\n<td class=\"cvagas\">CR<\/td>\r\n<td class=\"cremuneracao\">R$ 1.781,30 \/40h<\/td>\r\n<\/tr><td class=\"ccargos\">\r\n<span data-balloon-length=\"medium\" aria-label=\"Ensino M\u00e9dio Espec\u00edfico e registro no \u00f3rg\u00e3o fiscalizador da profiss\u00e3o.\" data-balloon-pos=\"up\">T\u00e9cnico em Enfermagem<\/span><\/td>\r\n<td class=\"cvagas\">CR<\/td>\r\n<td class=\"cremuneracao\">R$ 3.990,11 \/40h<\/td>\r\n<\/tr>\r\n    <\/tbody>\r\n  <\/table>\r\n<\/div>","_superior":"<div>\r\n<table class=\"quadro\">\r\n<thead>\r\n<tr>\r\n<th class=\"hcargo\">Cargo<\/th>\r\n<th class=\"hvagas\">Vagas<\/th>\r\n<th class=\"hremuneracao\">Remunera\u00e7\u00e3o<\/th>\r\n<\/tr>\r\n<\/thead>\r\n    <tbody>\r\n      <tr>\r\n<td class=\"ccargos\">\r\n<span data-balloon-length=\"medium\" aria-label=\"Curso superior em Arquitetura e Urbanismo, al\u00e9m de registrar-se no Conselho de Arquitetura e Urbanismo (CAU).\" data-balloon-pos=\"up\">Arquiteto<\/span><\/td>\r\n<td class=\"cvagas\">CR<\/td>\r\n<td class=\"cremuneracao\">R$ 6.412,68 \/40h<\/td>\r\n<\/tr><tr>\r\n<td class=\"ccargos\">\r\n<span data-balloon-length=\"medium\" aria-label=\"Ensino Superior.\" data-balloon-pos=\"up\">Assistente Administrativo<\/span><\/td>\r\n<td class=\"cvagas\">CR<\/td>\r\n<td class=\"cremuneracao\">R$ 3.562,60 \/40h<\/td>\r\n<\/tr><tr>\r\n<td class=\"ccargos\">\r\n<span data-balloon-length=\"medium\" aria-label=\"Licenciatura em Pedagogia ou Normal superior.\" data-balloon-pos=\"up\">Assistente de Educa\u00e7\u00e3o<\/span><\/td>\r\n<td class=\"cvagas\">CR<\/td>\r\n<td class=\"cremuneracao\">R$ 4.560,12 \/40h<\/td>\r\n<\/tr><tr>\r\n<td class=\"ccargos\">\r\n<span data-balloon-length=\"medium\" aria-label=\"Ensino Superior espec\u00edfico e registro no \u00f3rg\u00e3o fiscalizador da profiss\u00e3o.\" data-balloon-pos=\"up\">Assistente Social de Pol\u00edticas P\u00fablicas<\/span><\/td>\r\n<td class=\"cvagas\">CR<\/td>\r\n<td class=\"cremuneracao\">R$ 2.850,08 \/20h<\/td>\r\n<\/tr><tr>\r\n<td class=\"ccargos\">\r\n<span data-balloon-length=\"medium\" aria-label=\"Ensino Superior espec\u00edfico e registro no \u00f3rg\u00e3o fiscalizador da profiss\u00e3o\" data-balloon-pos=\"up\">Assistente Social<\/span><\/td>\r\n<td class=\"cvagas\">CR<\/td>\r\n<td class=\"cremuneracao\">R$ 2.850,08 \/20h<\/td>\r\n<\/tr><tr>\r\n<td class=\"ccargos\">\r\n<span data-balloon-length=\"medium\" aria-label=\"Ensino Superior, com forma\u00e7\u00e3o em Assistente Social, Psicologia, Direito, Administra\u00e7\u00e3o, Antrop\u00f3logo, Contabilidade, Economia, Pedagogia, Sociologia.\" data-balloon-pos=\"up\">Coordenador do CRAS<\/span><\/td>\r\n<td class=\"cvagas\">CR<\/td>\r\n<td class=\"cremuneracao\">R$ 3.562,60 \/40h<\/td>\r\n<\/tr><tr>\r\n<td class=\"ccargos\">\r\n<span data-balloon-length=\"medium\" aria-label=\"Ensino Superior espec\u00edfico e registro no \u00f3rg\u00e3o fiscalizador da profiss\u00e3o.\" data-balloon-pos=\"up\">Enfermeiro ESF<\/span><\/td>\r\n<td class=\"cvagas\">CR<\/td>\r\n<td class=\"cremuneracao\">R$ 6.412,68 \/40h<\/td>\r\n<\/tr><tr>\r\n<td class=\"ccargos\">\r\n<span data-balloon-length=\"medium\" aria-label=\"Ensino superior.\" data-balloon-pos=\"up\">Fiscal de Tributos Municipais<\/span><\/td>\r\n<td class=\"cvagas\">CR<\/td>\r\n<td class=\"cremuneracao\">R$ 3.562,60 \/40h<\/td>\r\n<\/tr><tr>\r\n<td class=\"ccargos\">\r\n<span data-balloon-length=\"medium\" aria-label=\"Ensino Superior na \u00e1rea de Biologia, ou Farm\u00e1cia, ou Bioqu\u00edmica, ou Qu\u00edmica.\" data-balloon-pos=\"up\">Fiscal de Vigil\u00e2ncia Sanit\u00e1ria<\/span><\/td>\r\n<td class=\"cvagas\">CR<\/td>\r\n<td class=\"cremuneracao\">R$ 3.562,60 \/40h<\/td>\r\n<\/tr><tr>\r\n<td class=\"ccargos\">\r\n<span data-balloon-length=\"medium\" aria-label=\"Ensino Superior Espec\u00edfico e registro no \u00f3rg\u00e3o fiscalizador da profiss\u00e3o.\" data-balloon-pos=\"up\">Fisioterapeuta<\/span><\/td>\r\n<td class=\"cvagas\">CR<\/td>\r\n<td class=\"cremuneracao\">R$ 7.125,20 \/40h<\/td>\r\n<\/tr><tr>\r\n<td class=\"ccargos\">\r\n<span data-balloon-length=\"medium\" aria-label=\"Ensino Superior Espec\u00edfico e registro no \u00f3rg\u00e3o fiscalizador da profiss\u00e3o.\" data-balloon-pos=\"up\">Fonoaudi\u00f3logo<\/span><\/td>\r\n<td class=\"cvagas\">CR<\/td>\r\n<td class=\"cremuneracao\">R$ 3.562,60 \/20h<\/td>\r\n<\/tr><tr>\r\n<td class=\"ccargos\">\r\n<span data-balloon-length=\"medium\" aria-label=\"Ensino Superior Espec\u00edfico e registro no \u00f3rg\u00e3o fiscalizador da profiss\u00e3o.\" data-balloon-pos=\"up\">M\u00e9dico ESF<\/span><\/td>\r\n<td class=\"cvagas\">CR<\/td>\r\n<td class=\"cremuneracao\">R$ 21.375,60 \/40h<\/td>\r\n<\/tr><tr>\r\n<td class=\"ccargos\">\r\n<span data-balloon-length=\"medium\" aria-label=\"Ensino Superior Espec\u00edfico e registro no \u00f3rg\u00e3o fiscalizador da profiss\u00e3o.\" data-balloon-pos=\"up\">Psic\u00f3logo (40h)<\/span><\/td>\r\n<td class=\"cvagas\">CR<\/td>\r\n<td class=\"cremuneracao\">R$ 7.125,20 \/40h<\/td>\r\n<\/tr><tr>\r\n<td class=\"ccargos\">\r\n<span data-balloon-length=\"medium\" aria-label=\"Ensino Superior espec\u00edfico e registro no \u00f3rg\u00e3o fiscalizador da profiss\u00e3o.\" data-balloon-pos=\"up\">Psic\u00f3logo (20h)<\/span><\/td>\r\n<td class=\"cvagas\">CR<\/td>\r\n<td class=\"cremuneracao\">R$ 3.562,60 \/20h<\/td>\r\n<\/tr><tr>\r\n<td class=\"ccargos\">\r\n<span data-balloon-length=\"medium\" aria-label=\"Pedagogia ou Normal Superior.\" data-balloon-pos=\"up\">Professor 1\u00ba ao 5\u00ba ano<\/span><\/td>\r\n<td class=\"cvagas\">CR<\/td>\r\n<td class=\"cremuneracao\">R$ 2.436,81 \/20h<\/td>\r\n<\/tr><tr>\r\n<td class=\"ccargos\">\r\n<span data-balloon-length=\"medium\" aria-label=\"Licenciatura Em Pedagogia ou Normal Superior.\" data-balloon-pos=\"up\">Professor de Apoio Educacional<\/span><\/td>\r\n<td class=\"cvagas\">CR<\/td>\r\n<td class=\"cremuneracao\">R$ 2.436,81 \/20h<\/td>\r\n<\/tr><tr>\r\n<td class=\"ccargos\">\r\n<span data-balloon-length=\"medium\" aria-label=\"Licenciatura em Artes.\" data-balloon-pos=\"up\">Professor de Arte<\/span><\/td>\r\n<td class=\"cvagas\">CR<\/td>\r\n<td class=\"cremuneracao\">R$ 2.436,81 \/20h<\/td>\r\n<\/tr><tr>\r\n<td class=\"ccargos\">\r\n<span data-balloon-length=\"medium\" aria-label=\"Licenciatura em Educa\u00e7\u00e3o Especial.\" data-balloon-pos=\"up\">Professor de Atendimento Educacional Especializado<\/span><\/td>\r\n<td class=\"cvagas\">CR<\/td>\r\n<td class=\"cremuneracao\">R$ 4.873,63 \/40h<\/td>\r\n<\/tr><tr>\r\n<td class=\"ccargos\">\r\n<span data-balloon-length=\"medium\" aria-label=\"Licenciatura em Ci\u00eancias.\" data-balloon-pos=\"up\">Professor de Ci\u00eancias<\/span><\/td>\r\n<td class=\"cvagas\">CR<\/td>\r\n<td class=\"cremuneracao\">R$ 2.436,81 \/20h<\/td>\r\n<\/tr><tr>\r\n<td class=\"ccargos\">\r\n<span data-balloon-length=\"medium\" aria-label=\"Licenciatura em Educa\u00e7\u00e3o F\u00edsica.\" data-balloon-pos=\"up\">Professor de Educa\u00e7\u00e3o F\u00edsica<\/span><\/td>\r\n<td class=\"cvagas\">CR<\/td>\r\n<td class=\"cremuneracao\">R$ 2.436,81 \/20h<\/td>\r\n<\/tr><tr>\r\n<td class=\"ccargos\">\r\n<span data-balloon-length=\"medium\" aria-label=\"Licenciatura em Pedagogia em Educa\u00e7\u00e3o Infantil\" data-balloon-pos=\"up\">Professor de Educa\u00e7\u00e3o Infantil<\/span><\/td>\r\n<td class=\"cvagas\">CR<\/td>\r\n<td class=\"cremuneracao\">R$ 2.436,81 \/20h<\/td>\r\n<\/tr><tr>\r\n<td class=\"ccargos\">\r\n<span data-balloon-length=\"medium\" aria-label=\"Licenciatura Em Educa\u00e7\u00e3o Religioso\" data-balloon-pos=\"up\">Professor de Ensino Religioso<\/span><\/td>\r\n<td class=\"cvagas\">CR<\/td>\r\n<td class=\"cremuneracao\">R$ 2.436,81 \/20h<\/td>\r\n<\/tr><tr>\r\n<td class=\"ccargos\">\r\n<span data-balloon-length=\"medium\" aria-label=\"Licenciatura em Geografia\" data-balloon-pos=\"up\">Professor de Geografia<\/span><\/td>\r\n<td class=\"cvagas\">CR<\/td>\r\n<td class=\"cremuneracao\">R$ 2.436,81 \/20h<\/td>\r\n<\/tr><tr>\r\n<td class=\"ccargos\">\r\n<span data-balloon-length=\"medium\" aria-label=\"Licenciatura em Hist\u00f3ria\" data-balloon-pos=\"up\">Professor de Hist\u00f3ria<\/span><\/td>\r\n<td class=\"cvagas\">CR<\/td>\r\n<td class=\"cremuneracao\">R$ 2.436,81 \/20h<\/td>\r\n<\/tr><tr>\r\n<td class=\"ccargos\">\r\n<span data-balloon-length=\"medium\" aria-label=\"Licenciatura em Inform\u00e1tica\" data-balloon-pos=\"up\">Professor de Inform\u00e1tica<\/span><\/td>\r\n<td class=\"cvagas\">CR<\/td>\r\n<td class=\"cremuneracao\">R$ 2.436,81 \/20h<\/td>\r\n<\/tr><tr>\r\n<td class=\"ccargos\">\r\n<span data-balloon-length=\"medium\" aria-label=\"Licenciatura em Letras - Ingl\u00eas.\" data-balloon-pos=\"up\">Professor de Ingl\u00eas<\/span><\/td>\r\n<td class=\"cvagas\">CR<\/td>\r\n<td class=\"cremuneracao\">R$ 2.436,81 \/20h<\/td>\r\n<\/tr><tr>\r\n<td class=\"ccargos\">\r\n<span data-balloon-length=\"medium\" aria-label=\"Licenciatura em Matem\u00e1tica.\" data-balloon-pos=\"up\">Professor de Matem\u00e1tica<\/span><\/td>\r\n<td class=\"cvagas\">CR<\/td>\r\n<td class=\"cremuneracao\">R$ 2.436,81 \/20h<\/td>\r\n<\/tr><tr>\r\n<td class=\"ccargos\">\r\n<span data-balloon-length=\"medium\" aria-label=\"Licenciatura em M\u00fasica.\" data-balloon-pos=\"up\">Professor de M\u00fasica<\/span><\/td>\r\n<td class=\"cvagas\">CR<\/td>\r\n<td class=\"cremuneracao\">R$ 2.436,81 \/20h<\/td>\r\n<\/tr><tr>\r\n<td class=\"ccargos\">\r\n<span data-balloon-length=\"medium\" aria-label=\"Licenciatura em Letras - Portugu\u00eas.\" data-balloon-pos=\"up\">Professor de Portugu\u00eas<\/span><\/td>\r\n<td class=\"cvagas\">CR<\/td>\r\n<td class=\"cremuneracao\">R$ 2.436,81 \/20h<\/td>\r\n<\/tr><tr>\r\n<td class=\"ccargos\">\r\n<span data-balloon-length=\"medium\" aria-label=\"Licenciatura em Educa\u00e7\u00e3o Especial\" data-balloon-pos=\"up\">Segundo Professor<\/span><\/td>\r\n<td class=\"cvagas\">CR<\/td>\r\n<td class=\"cremuneracao\">R$ 2.436,81 \/20h<\/td>\r\n<\/tr>\r\n    <\/tbody>\r\n  <\/table>\r\n<\/div>"},"_links":{"self":[{"href":"https:\/\/www.agrobase.com.br\/concursos\/wp-json\/wp\/v2\/posts\/273420","targetHints":{"allow":["GET"]}}],"collection":[{"href":"https:\/\/www.agrobase.com.br\/concursos\/wp-json\/wp\/v2\/posts"}],"about":[{"href":"https:\/\/www.agrobase.com.br\/concursos\/wp-json\/wp\/v2\/types\/post"}],"author":[{"embeddable":true,"href":"https:\/\/www.agrobase.com.br\/concursos\/wp-json\/wp\/v2\/users\/7"}],"replies":[{"embeddable":true,"href":"https:\/\/www.agrobase.com.br\/concursos\/wp-json\/wp\/v2\/comments?post=273420"}],"version-history":[{"count":1,"href":"https:\/\/www.agrobase.com.br\/concursos\/wp-json\/wp\/v2\/posts\/273420\/revisions"}],"predecessor-version":[{"id":273422,"href":"https:\/\/www.agrobase.com.br\/concursos\/wp-json\/wp\/v2\/posts\/273420\/revisions\/273422"}],"wp:featuredmedia":[{"embeddable":true,"href":"https:\/\/www.agrobase.com.br\/concursos\/wp-json\/wp\/v2\/media\/273419"}],"wp:attachment":[{"href":"https:\/\/www.agrobase.com.br\/concursos\/wp-json\/wp\/v2\/media?parent=273420"}],"wp:term":[{"taxonomy":"category","embeddable":true,"href":"https:\/\/www.agrobase.com.br\/concursos\/wp-json\/wp\/v2\/categories?post=273420"},{"taxonomy":"post_tag","embeddable":true,"href":"https:\/\/www.agrobase.com.br\/concursos\/wp-json\/wp\/v2\/tags?post=273420"},{"taxonomy":"_amplo","embeddable":true,"href":"https:\/\/www.agrobase.com.br\/concursos\/wp-json\/wp\/v2\/_amplo?post=273420"},{"taxonomy":"destaque","embeddable":true,"href":"https:\/\/www.agrobase.com.br\/concursos\/wp-json\/wp\/v2\/destaque?post=273420"},{"taxonomy":"instituicoes","embeddable":true,"href":"https:\/\/www.agrobase.com.br\/concursos\/wp-json\/wp\/v2\/instituicoes?post=273420"}],"curies":[{"name":"wp","href":"https:\/\/api.w.org\/{rel}","templated":true}]}}