{"id":273399,"date":"2025-11-04T08:30:42","date_gmt":"2025-11-04T11:30:42","guid":{"rendered":"https:\/\/www.agrobase.com.br\/concursos\/?p=273399"},"modified":"2025-11-03T15:18:36","modified_gmt":"2025-11-03T18:18:36","slug":"prefeitura-santa-teresa-es-selecao-simplificada-11-2025","status":"publish","type":"post","link":"https:\/\/www.agrobase.com.br\/concursos\/2025\/prefeitura-santa-teresa-es-selecao-simplificada-11-2025\/","title":{"rendered":"Prefeitura Santa Teresa (ES) &#8211; Sele\u00e7\u00e3o Simplificada 11\/2025"},"content":{"rendered":"<h2>Informa\u00e7\u00f5es Gerais<\/h2>\n<p>O Munic\u00edpio de Santa Teresa, no Esp\u00edrito Santo, publicou o edital do <strong>Processo Seletivo Simplificado<\/strong> para contrata\u00e7\u00e3o por <strong>designa\u00e7\u00e3o tempor\u00e1ria<\/strong> e forma\u00e7\u00e3o de <strong>cadastro de reserva<\/strong> em diversas \u00e1reas, conforme as normas do edital. O certame contempla cargos de n\u00edveis <strong>M\u00e9dio\/T\u00e9cnico<\/strong> e <strong>Superior<\/strong>, com sal\u00e1rios que variam de <strong>R$ 2.161,55<\/strong> a <strong>R$ 5.035,42<\/strong>.<\/p>\n<p>As oportunidades abrangem setores da assist\u00eancia social, sa\u00fade, educa\u00e7\u00e3o, contabilidade e meio ambiente. Entre os cargos dispon\u00edveis, destaca-se a vaga para <strong>T\u00e9cnico de Meio Ambiente<\/strong>, de interesse especial para profissionais das \u00e1reas de <em>Engenharia Ambiental<\/em> e <em>Meio Ambiente<\/em>.<\/p>\n<p>Com edital j\u00e1 publicado e inscri\u00e7\u00f5es previstas para novembro de 2025, este processo seletivo \u00e9 uma excelente oportunidade para quem busca atua\u00e7\u00e3o no servi\u00e7o p\u00fablico municipal. Continue a leitura para saber como se inscrever, quais s\u00e3o as etapas e como acompanhar os resultados.<\/p>\n<h2>Inscri\u00e7\u00f5es<\/h2>\n<p>As inscri\u00e7\u00f5es estar\u00e3o <strong>abertas de 4 a 16 de novembro de 2025<\/strong> e dever\u00e3o ser realizadas <strong>exclusivamente pela internet<\/strong>, por meio do site oficial da Prefeitura de Santa Teresa: <a href=\"https:\/\/santateresa.es.gov.br\/\" target=\"_blank\" rel=\"noopener\">https:\/\/santateresa.es.gov.br\/<\/a>.<\/p>\n<p>N\u00e3o haver\u00e1 cobran\u00e7a de taxa de inscri\u00e7\u00e3o. Para se inscrever, o candidato dever\u00e1 preencher todos os campos obrigat\u00f3rios do formul\u00e1rio eletr\u00f4nico e anexar, em formato PDF, os documentos comprobat\u00f3rios de qualifica\u00e7\u00e3o profissional e experi\u00eancia, conforme exigido no edital.<\/p>\n<p>\u00c9 fundamental que o candidato leia atentamente as instru\u00e7\u00f5es e acompanhe o status da inscri\u00e7\u00e3o na \u00e1rea restrita do site da Prefeitura. O envio correto e completo da documenta\u00e7\u00e3o \u00e9 essencial para a homologa\u00e7\u00e3o da inscri\u00e7\u00e3o.<\/p>\n<p>Recomenda-se a leitura atenta do edital completo para conhecer todos os requisitos, prazos e orienta\u00e7\u00f5es sobre o processo de inscri\u00e7\u00e3o.<\/p>\n<h2>Etapas e Provas<\/h2>\n<p>O processo seletivo ser\u00e1 composto por <strong>an\u00e1lise de t\u00edtulos<\/strong> e <strong>comprova\u00e7\u00e3o de experi\u00eancia profissional<\/strong>, ambas de car\u00e1ter <strong>classificat\u00f3rio e eliminat\u00f3rio<\/strong>.<\/p>\n<ul>\n<li><strong>Experi\u00eancia Profissional:<\/strong> Cada m\u00eas comprovado de experi\u00eancia na \u00e1rea do cargo pleiteado valer\u00e1 1 ponto, com limite de at\u00e9 60 pontos (60 meses). Ser\u00e3o aceitos documentos como declara\u00e7\u00f5es de tempo de servi\u00e7o, registros em carteira de trabalho, contratos com firmas reconhecidas, recibos de presta\u00e7\u00e3o de servi\u00e7o aut\u00f4nomo e documentos de empres\u00e1rio individual.<\/li>\n<li><strong>Qualifica\u00e7\u00e3o Profissional:<\/strong> Ser\u00e3o pontuados cursos e eventos de capacita\u00e7\u00e3o relacionados \u00e0 \u00e1rea de atua\u00e7\u00e3o, desde que informados no ato da inscri\u00e7\u00e3o e com carga hor\u00e1ria especificada. A pontua\u00e7\u00e3o varia conforme a dura\u00e7\u00e3o do curso, sendo aceitos apenas dois t\u00edtulos por item e apenas na condi\u00e7\u00e3o de aluno\/participante.<\/li>\n<\/ul>\n<p>N\u00e3o ser\u00e3o aceitos certificados sem carga hor\u00e1ria, documentos rasurados ou ileg\u00edveis, nem cursos n\u00e3o conclu\u00eddos. A documenta\u00e7\u00e3o de escolaridade emitida por institui\u00e7\u00f5es estrangeiras dever\u00e1 estar revalidada pelo MEC.<\/p>\n<p>Para detalhes completos sobre os crit\u00e9rios de pontua\u00e7\u00e3o, formatos aceitos e prazos, \u00e9 imprescind\u00edvel a leitura do edital oficial.<\/p>\n<h2>Resultados e Gabarito<\/h2>\n<p>O cronograma prev\u00ea a <strong>divulga\u00e7\u00e3o do resultado parcial em 28 de novembro de 2025<\/strong>. Os candidatos poder\u00e3o interpor recurso nos dias <strong>1\u00ba e 2 de dezembro de 2025<\/strong>, com resposta prevista para <strong>8 de dezembro<\/strong>. O <strong>resultado final geral ser\u00e1 publicado em 10 de dezembro de 2025<\/strong>.<\/p>\n<p>A classifica\u00e7\u00e3o dos candidatos ser\u00e1 feita por pontua\u00e7\u00e3o decrescente, com publica\u00e7\u00e3o de quatro listas: ampla concorr\u00eancia, candidatos com defici\u00eancia, candidatos negros e candidatos ind\u00edgenas. A ordem de convoca\u00e7\u00e3o seguir\u00e1 crit\u00e9rios estabelecidos no edital, respeitando a altern\u00e2ncia entre as listas at\u00e9 o preenchimento das vagas.<\/p>\n<p>Em caso de empate, ser\u00e3o considerados, sucessivamente: maior pontua\u00e7\u00e3o em experi\u00eancia profissional, maior pontua\u00e7\u00e3o em qualifica\u00e7\u00e3o profissional e maior idade.<\/p>\n<p>A <strong>homologa\u00e7\u00e3o do resultado<\/strong> ser\u00e1 publicada no site da Prefeitura de Santa Teresa (<a href=\"https:\/\/santateresa.es.gov.br\/\" target=\"_blank\" rel=\"noopener\">santateresa.es.gov.br<\/a>) e no Di\u00e1rio Oficial dos Munic\u00edpios (<a href=\"https:\/\/ioes.dio.es.gov.br\/dom\" target=\"_blank\" rel=\"noopener\">ioes.dio.es.gov.br\/dom<\/a>). O processo seletivo ter\u00e1 validade de <strong>2 anos<\/strong>, podendo ser prorrogado por igual per\u00edodo.<\/p>\n<p>As convoca\u00e7\u00f5es ser\u00e3o feitas por meio de portarias publicadas no site da Prefeitura. \u00c9 responsabilidade exclusiva do candidato acompanhar todas as publica\u00e7\u00f5es oficiais referentes ao certame.<\/p>\n","protected":false},"excerpt":{"rendered":"<p>Sel. Simplificada Pref. Santa Teresa (ES) com edital publicado! Vagas p\/ Assistente Social, Dentista (M\u00e9dio a Sup.). Inscri\u00e7\u00f5es a partir de 04\/11. Confira detalhes!<\/p>\n","protected":false},"author":7,"featured_media":273398,"comment_status":"open","ping_status":"open","sticky":false,"template":"","format":"standard","meta":{"_acf_changed":false,"_breakdance_hide_in_design_set":false,"_breakdance_tags":"","footnotes":""},"categories":[9,18,24,26,101,31],"tags":[45],"_amplo":[],"destaque":[],"instituicoes":[],"class_list":["post-273399","post","type-post","status-publish","format-standard","has-post-thumbnail","hentry","category-ciencias-contabeis","category-fisioterapia","category-odontologia","category-psicologia","category-servico-social","category-tecnico-ambiental","tag-espirito-santo"],"acf":{"_tipo_vagas":"vagas","_numero_vagas":"","_quadro_vagas":"","_cargos":"diversos","_cargos_especificos":"","_salario_max":"R$ 5035.42","_abertura":"20251104","_encerramento":"20251116","_inscricoes":"https:\/\/santateresa.es.gov.br\/","_executora_concurso":"","_instituicao_concurso":[],"_link_adicional":null,"_anexos":null,"_produtos":null,"_vagas":"CR","_salario_min":"R$ 2161.55","_instituicao":"Prefeitura de Santa Teresa","_edital":"https:\/\/www.agrobase.com.br\/concursos\/wp-content\/uploads\/sites\/4\/2025\/11\/edital-11-2025-prefeitura-de-santa-teresa-es.pdf","_anexos_edital":"","_fund_incompleto":"","_fund_completo":"","_medio":"<div>\r\n<table class=\"quadro\">\r\n<thead>\r\n<tr>\r\n<th class=\"hcargo\">Cargo<\/th>\r\n<th class=\"hvagas\">Vagas<\/th>\r\n<th class=\"hremuneracao\">Remunera\u00e7\u00e3o<\/th>\r\n<\/tr>\r\n<\/thead>\r\n    <tbody>\r\n      <td class=\"ccargos\">\r\n<span data-balloon-length=\"medium\" aria-label=\"Ensino M\u00e9dio Completo.\" data-balloon-pos=\"up\">AUXILIAR DE SECRETARIA ESCOLAR<\/span><\/td>\r\n<td class=\"cvagas\">CR<\/td>\r\n<td class=\"cremuneracao\">R$ 2.161,55 \/30h<\/td>\r\n<\/tr><td class=\"ccargos\">\r\n<span data-balloon-length=\"medium\" aria-label=\"Ensino M\u00e9dio T\u00e9cnico Completo na \u00e1rea mais o registro no Conselho de Classe, com comprovante de inscri\u00e7\u00e3o ativa no conselho.\" data-balloon-pos=\"up\">T\u00c9CNICO DE MEIO AMBIENTE<\/span><\/td>\r\n<td class=\"cvagas\">CR<\/td>\r\n<td class=\"cremuneracao\">R$ 2.222,00 \/30h<\/td>\r\n<\/tr>\r\n    <\/tbody>\r\n  <\/table>\r\n<\/div>","_superior":"<div>\r\n<table class=\"quadro\">\r\n<thead>\r\n<tr>\r\n<th class=\"hcargo\">Cargo<\/th>\r\n<th class=\"hvagas\">Vagas<\/th>\r\n<th class=\"hremuneracao\">Remunera\u00e7\u00e3o<\/th>\r\n<\/tr>\r\n<\/thead>\r\n    <tbody>\r\n      <tr>\r\n<td class=\"ccargos\">\r\n<span data-balloon-length=\"medium\" aria-label=\"Curso Superior completo em Assist\u00eancia Social e Registro no Conselho de Classe Competente, com comprovante de inscri\u00e7\u00e3o ativa no conselho.\" data-balloon-pos=\"up\">ASSISTENTE SOCIAL - CAPS<\/span><\/td>\r\n<td class=\"cvagas\">CR<\/td>\r\n<td class=\"cremuneracao\">R$ 3.297,51 \/30h<\/td>\r\n<\/tr><tr>\r\n<td class=\"ccargos\">\r\n<span data-balloon-length=\"medium\" aria-label=\"Curso Superior completo em Odontologia e Registro no Conselho de Classe Competente, com comprovante de inscri\u00e7\u00e3o ativa no conselho.\" data-balloon-pos=\"up\">CIRURGI\u00c3O-DENTISTA ESF<\/span><\/td>\r\n<td class=\"cvagas\">CR<\/td>\r\n<td class=\"cremuneracao\">R$ 4.854,59 \/40h<\/td>\r\n<\/tr><tr>\r\n<td class=\"ccargos\">\r\n<span data-balloon-length=\"medium\" aria-label=\"Curso Superior completo em Ci\u00eancias Cont\u00e1beis e Registro no Conselho de Classe Competente, com comprovante de inscri\u00e7\u00e3o ativa no conselho.\" data-balloon-pos=\"up\">CONTADOR<\/span><\/td>\r\n<td class=\"cvagas\">CR<\/td>\r\n<td class=\"cremuneracao\">R$ 5.035,42 \/40h<\/td>\r\n<\/tr><tr>\r\n<td class=\"ccargos\">\r\n<span data-balloon-length=\"medium\" aria-label=\"Curso Superior completo em Fisioterapia e Registro no Conselho de Classe Competente, com comprovante de inscri\u00e7\u00e3o ativa no conselho.\" data-balloon-pos=\"up\">FISIOTERAPEUTA<\/span><\/td>\r\n<td class=\"cvagas\">CR<\/td>\r\n<td class=\"cremuneracao\">R$ 2.777,29 \/20h<\/td>\r\n<\/tr><tr>\r\n<td class=\"ccargos\">\r\n<span data-balloon-length=\"medium\" aria-label=\"Curso Superior completo em Psicologia e Registro no Conselho de Classe Competente, com comprovante de inscri\u00e7\u00e3o ativa no conselho.\" data-balloon-pos=\"up\">PSIC\u00d3LOGO<\/span><\/td>\r\n<td class=\"cvagas\">CR<\/td>\r\n<td class=\"cremuneracao\">R$ 2.431,29 \/20h<\/td>\r\n<\/tr>\r\n    <\/tbody>\r\n  <\/table>\r\n<\/div>"},"_links":{"self":[{"href":"https:\/\/www.agrobase.com.br\/concursos\/wp-json\/wp\/v2\/posts\/273399","targetHints":{"allow":["GET"]}}],"collection":[{"href":"https:\/\/www.agrobase.com.br\/concursos\/wp-json\/wp\/v2\/posts"}],"about":[{"href":"https:\/\/www.agrobase.com.br\/concursos\/wp-json\/wp\/v2\/types\/post"}],"author":[{"embeddable":true,"href":"https:\/\/www.agrobase.com.br\/concursos\/wp-json\/wp\/v2\/users\/7"}],"replies":[{"embeddable":true,"href":"https:\/\/www.agrobase.com.br\/concursos\/wp-json\/wp\/v2\/comments?post=273399"}],"version-history":[{"count":2,"href":"https:\/\/www.agrobase.com.br\/concursos\/wp-json\/wp\/v2\/posts\/273399\/revisions"}],"predecessor-version":[{"id":273402,"href":"https:\/\/www.agrobase.com.br\/concursos\/wp-json\/wp\/v2\/posts\/273399\/revisions\/273402"}],"wp:featuredmedia":[{"embeddable":true,"href":"https:\/\/www.agrobase.com.br\/concursos\/wp-json\/wp\/v2\/media\/273398"}],"wp:attachment":[{"href":"https:\/\/www.agrobase.com.br\/concursos\/wp-json\/wp\/v2\/media?parent=273399"}],"wp:term":[{"taxonomy":"category","embeddable":true,"href":"https:\/\/www.agrobase.com.br\/concursos\/wp-json\/wp\/v2\/categories?post=273399"},{"taxonomy":"post_tag","embeddable":true,"href":"https:\/\/www.agrobase.com.br\/concursos\/wp-json\/wp\/v2\/tags?post=273399"},{"taxonomy":"_amplo","embeddable":true,"href":"https:\/\/www.agrobase.com.br\/concursos\/wp-json\/wp\/v2\/_amplo?post=273399"},{"taxonomy":"destaque","embeddable":true,"href":"https:\/\/www.agrobase.com.br\/concursos\/wp-json\/wp\/v2\/destaque?post=273399"},{"taxonomy":"instituicoes","embeddable":true,"href":"https:\/\/www.agrobase.com.br\/concursos\/wp-json\/wp\/v2\/instituicoes?post=273399"}],"curies":[{"name":"wp","href":"https:\/\/api.w.org\/{rel}","templated":true}]}}