{"id":273369,"date":"2025-11-04T07:30:27","date_gmt":"2025-11-04T10:30:27","guid":{"rendered":"https:\/\/www.agrobase.com.br\/concursos\/?p=273369"},"modified":"2025-11-03T12:55:46","modified_gmt":"2025-11-03T15:55:46","slug":"prefeitura-formosa-do-sul-sc-selecao-publica-03-2025","status":"publish","type":"post","link":"https:\/\/www.agrobase.com.br\/concursos\/2025\/prefeitura-formosa-do-sul-sc-selecao-publica-03-2025\/","title":{"rendered":"Prefeitura Formosa do Sul (SC) &#8211; Sele\u00e7\u00e3o P\u00fablica 03\/2025"},"content":{"rendered":"<h2>Informa\u00e7\u00f5es Gerais<\/h2>\n<p>O <strong>Processo Seletivo P\u00fablico da Prefeitura Municipal de Formosa do Sul (SC)<\/strong>, regido pelo Edital publicado em conjunto com a Comiss\u00e3o Organizadora nomeada pela Portaria n\u00ba 34\/2025, est\u00e1 com inscri\u00e7\u00f5es abertas. O certame visa \u00e0 contrata\u00e7\u00e3o tempor\u00e1ria de profissionais e \u00e0 forma\u00e7\u00e3o de cadastro de reserva, conforme o artigo 37, inciso IX, da Constitui\u00e7\u00e3o Federal e legisla\u00e7\u00e3o municipal vigente.<\/p>\n<p>O processo contempla oportunidades para os n\u00edveis <strong>Fundamental, M\u00e9dio\/T\u00e9cnico e Superior<\/strong>, com remunera\u00e7\u00f5es que variam de <strong>R$ 2.008,22 a R$ 14.000,00<\/strong>. As vagas abrangem diversas \u00e1reas da administra\u00e7\u00e3o p\u00fablica, com destaque para setores da <strong>Sa\u00fade, Educa\u00e7\u00e3o, Administra\u00e7\u00e3o, Obras e Agricultura<\/strong>.<\/p>\n<p>H\u00e1 oportunidades em \u00e1reas de interesse como <strong>Engenharia Agron\u00f4mica<\/strong> e <strong>Medicina Veterin\u00e1ria<\/strong>, o que torna o certame especialmente atrativo para profissionais dessas forma\u00e7\u00f5es.<\/p>\n<p>Continue a leitura para saber como se inscrever, entender as etapas do processo seletivo e acompanhar os resultados.<\/p>\n<h2>Inscri\u00e7\u00f5es<\/h2>\n<p>As inscri\u00e7\u00f5es para o Processo Seletivo da Prefeitura de Formosa do Sul (SC) est\u00e3o <strong>abertas<\/strong> e devem ser realizadas exclusivamente pela internet, no per\u00edodo de <strong>24 de outubro a 14 de novembro de 2025<\/strong>, por meio do site <a href=\"https:\/\/portal.wisdomcursos.org\/\" target=\"_blank\" rel=\"noopener\">https:\/\/portal.wisdomcursos.org\/<\/a>.<\/p>\n<p>Para se inscrever, o candidato deve preencher o formul\u00e1rio eletr\u00f4nico, declarar estar ciente das condi\u00e7\u00f5es do edital e efetuar o pagamento da taxa de inscri\u00e7\u00e3o via boleto banc\u00e1rio. O valor da taxa varia conforme o cargo escolhido, conforme especificado na Tabela 3.1 do edital.<\/p>\n<p>\u00c9 poss\u00edvel solicitar isen\u00e7\u00e3o da taxa, observando os crit\u00e9rios e prazos estabelecidos no cronograma oficial. O pagamento deve ser feito at\u00e9 a data de vencimento indicada no boleto, sendo poss\u00edvel emitir segunda via pelo site da banca organizadora.<\/p>\n<p>N\u00e3o ser\u00e3o aceitas inscri\u00e7\u00f5es por outros meios, nem pagamentos via cheque, PIX, transfer\u00eancia banc\u00e1ria ou agendamento n\u00e3o efetivado. O candidato deve acompanhar o status de sua inscri\u00e7\u00e3o diretamente na \u00e1rea restrita do site da banca.<\/p>\n<p>Recomenda-se a leitura atenta do edital completo para garantir o correto cumprimento de todas as exig\u00eancias.<\/p>\n<h2>Etapas e Provas<\/h2>\n<p>O Processo Seletivo ser\u00e1 composto por at\u00e9 tr\u00eas etapas, conforme o cargo pretendido:<\/p>\n<ul>\n<li><strong>Prova Objetiva<\/strong> (eliminat\u00f3ria e classificat\u00f3ria): aplicada a todos os candidatos, com 25 quest\u00f5es de m\u00faltipla escolha, distribu\u00eddas entre L\u00edngua Portuguesa, Matem\u00e1tica, Conhecimentos Gerais e Conhecimentos Espec\u00edficos. A pontua\u00e7\u00e3o total \u00e9 de 100 pontos, sendo necess\u00e1rio obter no m\u00ednimo 50 pontos para n\u00e3o ser eliminado.<\/li>\n<li><strong>Prova Pr\u00e1tica<\/strong> (eliminat\u00f3ria e classificat\u00f3ria): exclusiva para os cargos de <em>Motorista<\/em> e <em>Operador de M\u00e1quinas<\/em>, avalia habilidades t\u00e9cnicas espec\u00edficas. A nota final desses cargos ser\u00e1 composta pela m\u00e9dia ponderada entre a prova objetiva (peso 4) e a pr\u00e1tica (peso 6).<\/li>\n<li><strong>Prova de T\u00edtulos<\/strong> (classificat\u00f3ria): destinada aos cargos de n\u00edvel superior do magist\u00e9rio. Ser\u00e3o considerados t\u00edtulos como especializa\u00e7\u00e3o, mestrado e doutorado na \u00e1rea da educa\u00e7\u00e3o, com pontua\u00e7\u00e3o m\u00e1xima de 10 pontos. Apenas candidatos aprovados na prova objetiva poder\u00e3o ter os t\u00edtulos avaliados.<\/li>\n<\/ul>\n<p>Al\u00e9m disso, os candidatos classificados passar\u00e3o por <strong>exame pr\u00e9-admissional<\/strong> realizado pela Medicina do Trabalho do munic\u00edpio.<\/p>\n<p>As provas ser\u00e3o aplicadas em Formosa do Sul\/SC, podendo ocorrer em cidades vizinhas caso necess\u00e1rio. A dura\u00e7\u00e3o da prova objetiva ser\u00e1 de 2 horas. Todos os detalhes sobre conte\u00fados, crit\u00e9rios de avalia\u00e7\u00e3o e cronograma est\u00e3o dispon\u00edveis no edital completo.<\/p>\n<h2>Resultados e Gabarito<\/h2>\n<p>O <strong>gabarito preliminar<\/strong> da prova objetiva ser\u00e1 divulgado conforme cronograma oficial no site <a href=\"https:\/\/portal.wisdomcursos.org\/\" target=\"_blank\" rel=\"noopener\">https:\/\/portal.wisdomcursos.org\/<\/a>. Ap\u00f3s a publica\u00e7\u00e3o, ser\u00e1 aberto prazo para interposi\u00e7\u00e3o de recursos, conforme regras do edital.<\/p>\n<p>O <strong>resultado final<\/strong> ser\u00e1 divulgado em duas listas: uma geral, com todos os aprovados, e outra espec\u00edfica para candidatos com defici\u00eancia. A classifica\u00e7\u00e3o ser\u00e1 feita por ordem decrescente da nota final, considerando as m\u00e9dias ponderadas quando houver prova pr\u00e1tica.<\/p>\n<p>Em caso de empate, os crit\u00e9rios de desempate obedecer\u00e3o \u00e0 seguinte ordem: maior idade (para candidatos com 60 anos ou mais), maior pontua\u00e7\u00e3o em Conhecimentos Espec\u00edficos, L\u00edngua Portuguesa, Conhecimentos Gerais, Matem\u00e1tica, maior idade (geral) e, por fim, sorteio p\u00fablico.<\/p>\n<p>A <strong>homologa\u00e7\u00e3o<\/strong> do resultado final ser\u00e1 publicada oficialmente, e os candidatos devem acompanhar a <strong>convoca\u00e7\u00e3o<\/strong> para contrata\u00e7\u00e3o no site da banca organizadora e no Di\u00e1rio Oficial do Munic\u00edpio.<\/p>\n<p>\u00c9 responsabilidade exclusiva do candidato acompanhar todas as publica\u00e7\u00f5es e atualiza\u00e7\u00f5es oficiais referentes ao certame.<\/p>\n","protected":false},"excerpt":{"rendered":"<p>Inscri\u00e7\u00f5es abrem 24\/10! Sel. P\u00fablica Pref. Formosa do Sul (SC) p\/ M\u00e9dico e Professor (Fund. a Sup.). Sal\u00e1rios at\u00e9 R$ 14k. 12+CR vagas. Veja o edital!<\/p>\n","protected":false},"author":7,"featured_media":273368,"comment_status":"open","ping_status":"open","sticky":false,"template":"","format":"standard","meta":{"_acf_changed":false,"_breakdance_hide_in_design_set":false,"_breakdance_tags":"","footnotes":""},"categories":[4,11,6434,12,14,17,18,21,22,24,25,26,101,30,108,130],"tags":[61],"_amplo":[],"destaque":[],"instituicoes":[],"class_list":["post-273369","post","type-post","status-publish","format-standard","has-post-thumbnail","hentry","category-agronomia","category-educacao-fisica","category-educacao-fisica-licenciatura","category-enfermagem","category-engenharia","category-farmacia","category-fisioterapia","category-medicina","category-veterinaria","category-odontologia","category-pedagogia","category-psicologia","category-servico-social","category-tecnico-agropecuaria","category-tecnico-enfermagem","category-tecnico-informatica","tag-santa-catarina"],"acf":{"_tipo_vagas":"vagas","_numero_vagas":"","_quadro_vagas":"","_cargos":"diversos","_cargos_especificos":"","_salario_max":"R$ 14000","_abertura":"20251024","_encerramento":"20251114","_inscricoes":"https:\/\/portal.wisdomcursos.org\/","_executora_concurso":"","_instituicao_concurso":[],"_link_adicional":null,"_anexos":null,"_produtos":null,"_vagas":"12 vagas + CR","_salario_min":"R$ 2008.22","_instituicao":"Prefeitura de Formosa do Sul","_edital":"https:\/\/www.agrobase.com.br\/concursos\/wp-content\/uploads\/sites\/4\/2025\/11\/edital-03-2025-prefeitura-de-formosa-do-sul-sc.pdf","_anexos_edital":"https:\/\/www.agrobase.com.br\/concursos\/wp-content\/uploads\/sites\/4\/2025\/11\/anexos-edital-03-2025-prefeitura-de-formosa-do-sul-sc.pdf","_fund_incompleto":"","_fund_completo":"<div>\r\n<table class=\"quadro\">\r\n<thead>\r\n<tr>\r\n<th class=\"hcargo\">Cargo<\/th>\r\n<th class=\"hvagas\">Vagas<\/th>\r\n<th class=\"hremuneracao\">Remunera\u00e7\u00e3o<\/th>\r\n<\/tr>\r\n<\/thead>\r\n    <tbody>\r\n      <td class=\"ccargos\">\r\n<span data-balloon-length=\"medium\" aria-label=\"Ensino Fundamental\" data-balloon-pos=\"up\">Auxiliar Administrativo<\/span><\/td>\r\n<td class=\"cvagas\">1 + CR<\/td>\r\n<td class=\"cremuneracao\">R$ 2.748,30 \/40h<\/td>\r\n<\/tr><td class=\"ccargos\">\r\n<span data-balloon-length=\"medium\" data-balloon-pos=\"up\">Motorista<\/span><\/td>\r\n<td class=\"cvagas\">1 + CR<\/td>\r\n<td class=\"cremuneracao\">R$ 2.717,33 \/40h<\/td>\r\n<\/tr><td class=\"ccargos\">\r\n<span data-balloon-length=\"medium\" data-balloon-pos=\"up\">Operador de M\u00e1quinas<\/span><\/td>\r\n<td class=\"cvagas\">1 + CR<\/td>\r\n<td class=\"cremuneracao\">R$ 3.348,09 \/40h<\/td>\r\n<\/tr><td class=\"ccargos\">\r\n<span data-balloon-length=\"medium\" aria-label=\"Ensino Fundamental Completo e residir dentro da abrang\u00eancia da \u00e1rea de atua\u00e7\u00e3o.\" data-balloon-pos=\"up\">Agente Comunit\u00e1rio de Sa\u00fade Micro\u00e1reas 01, 02 e 04<\/span><\/td>\r\n<td class=\"cvagas\">2 + CR<\/td>\r\n<td class=\"cremuneracao\">R$ 3.045,11 \/40h<\/td>\r\n<\/tr><td class=\"ccargos\">\r\n<span data-balloon-length=\"medium\" aria-label=\"Ensino Fundamental Completo\" data-balloon-pos=\"up\">Auxiliar de Servi\u00e7os Gerais<\/span><\/td>\r\n<td class=\"cvagas\">1 + CR<\/td>\r\n<td class=\"cremuneracao\">R$ 2.008,22 \/40h<\/td>\r\n<\/tr>\r\n    <\/tbody>\r\n  <\/table>\r\n<\/div>","_medio":"<div>\r\n<table class=\"quadro\">\r\n<thead>\r\n<tr>\r\n<th class=\"hcargo\">Cargo<\/th>\r\n<th class=\"hvagas\">Vagas<\/th>\r\n<th class=\"hremuneracao\">Remunera\u00e7\u00e3o<\/th>\r\n<\/tr>\r\n<\/thead>\r\n    <tbody>\r\n      <td class=\"ccargos\">\r\n<span data-balloon-length=\"medium\" aria-label=\"Certificado de Ensino M\u00e9dio e habilita\u00e7\u00e3o legal para o exerc\u00edcio da profiss\u00e3o de T\u00e9cnico em Enfermagem.\" data-balloon-pos=\"up\">T\u00e9cnico em Enfermagem<\/span><\/td>\r\n<td class=\"cvagas\">CR<\/td>\r\n<td class=\"cremuneracao\">R$ 4.137,04 \/40h<\/td>\r\n<\/tr><td class=\"ccargos\">\r\n<span data-balloon-length=\"medium\" aria-label=\"Ensino M\u00e9dio Completo\" data-balloon-pos=\"up\">Agente de Combate a Endemias<\/span><\/td>\r\n<td class=\"cvagas\">1 + CR<\/td>\r\n<td class=\"cremuneracao\">R$ 3.045,11 \/40h<\/td>\r\n<\/tr><td class=\"ccargos\">\r\n<span data-balloon-length=\"medium\" aria-label=\"Ensino M\u00e9dio Completo\" data-balloon-pos=\"up\">Fiscal de Tributos e Obras<\/span><\/td>\r\n<td class=\"cvagas\">CR<\/td>\r\n<td class=\"cremuneracao\">R$ 3.418,45 \/40h<\/td>\r\n<\/tr><td class=\"ccargos\">\r\n<span data-balloon-length=\"medium\" aria-label=\"Ensino M\u00e9dio Completo e Curso T\u00e9cnico em Manuten\u00e7\u00e3o de Equipamentos de Inform\u00e1tica.\" data-balloon-pos=\"up\">T\u00e9cnico em Inform\u00e1tica<\/span><\/td>\r\n<td class=\"cvagas\">CR<\/td>\r\n<td class=\"cremuneracao\">R$ 4.870,23 \/40h<\/td>\r\n<\/tr><td class=\"ccargos\">\r\n<span data-balloon-length=\"medium\" aria-label=\"Certificado de Ensino M\u00e9dio na \u00e1rea de Agropecu\u00e1ria.\" data-balloon-pos=\"up\">T\u00e9cnico em Agropecu\u00e1ria<\/span><\/td>\r\n<td class=\"cvagas\">CR<\/td>\r\n<td class=\"cremuneracao\">R$ 3.812,95 \/40h<\/td>\r\n<\/tr>\r\n    <\/tbody>\r\n  <\/table>\r\n<\/div>","_superior":"<div>\r\n<table class=\"quadro\">\r\n<thead>\r\n<tr>\r\n<th class=\"hcargo\">Cargo<\/th>\r\n<th class=\"hvagas\">Vagas<\/th>\r\n<th class=\"hremuneracao\">Remunera\u00e7\u00e3o<\/th>\r\n<\/tr>\r\n<\/thead>\r\n    <tbody>\r\n      <tr>\r\n<td class=\"ccargos\">\r\n<span data-balloon-length=\"medium\" aria-label=\"Diploma de Bacharel em Farm\u00e1cia, com registro no \u00f3rg\u00e3o fiscalizador da profiss\u00e3o.\" data-balloon-pos=\"up\">Farmac\u00eautico<\/span><\/td>\r\n<td class=\"cvagas\">CR<\/td>\r\n<td class=\"cremuneracao\">R$ 6.799,80 \/40h<\/td>\r\n<\/tr><tr>\r\n<td class=\"ccargos\">\r\n<span data-balloon-length=\"medium\" aria-label=\"Diploma de Enfermeiro, com registro no respectivo \u00f3rg\u00e3o fiscalizador da profiss\u00e3o.\" data-balloon-pos=\"up\">Enfermeiro<\/span><\/td>\r\n<td class=\"cvagas\">CR<\/td>\r\n<td class=\"cremuneracao\">R$ 6.799,80 \/40h<\/td>\r\n<\/tr><tr>\r\n<td class=\"ccargos\">\r\n<span data-balloon-length=\"medium\" aria-label=\"Diploma de M\u00e9dico, com registro no respectivo \u00f3rg\u00e3o fiscalizador da profiss\u00e3o.\" data-balloon-pos=\"up\">M\u00e9dico<\/span><\/td>\r\n<td class=\"cvagas\">1 + CR<\/td>\r\n<td class=\"cremuneracao\">R$ 14.000,00 \/40h<\/td>\r\n<\/tr><tr>\r\n<td class=\"ccargos\">\r\n<span data-balloon-length=\"medium\" aria-label=\"Curso superior de Licenciatura plena em Pedagogia.\" data-balloon-pos=\"up\">Professor Ensino Fundamental 1\u00ba ao 5\u00ba Ano<\/span><\/td>\r\n<td class=\"cvagas\">CR<\/td>\r\n<td class=\"cremuneracao\">R$ 2.484,18 \/20h<\/td>\r\n<\/tr><tr>\r\n<td class=\"ccargos\">\r\n<span data-balloon-length=\"medium\" aria-label=\"Curso superior de Licenciatura plena em Pedagogia.\" data-balloon-pos=\"up\">Professor Educa\u00e7\u00e3o Infantil<\/span><\/td>\r\n<td class=\"cvagas\">CR<\/td>\r\n<td class=\"cremuneracao\">R$ 2.484,18 \/20h<\/td>\r\n<\/tr><tr>\r\n<td class=\"ccargos\">\r\n<span data-balloon-length=\"medium\" aria-label=\"Curso superior de Licenciatura plena, com habilita\u00e7\u00e3o em Educa\u00e7\u00e3o Especial; OU Curso superior de licenciatura plena em Pedagogia, com especializa\u00e7\u00e3o em educa\u00e7\u00e3o especial OU Curso superior de licenciatura plena em Pedagogia com, no m\u00ednimo, 200 horas de forma\u00e7\u00e3o continuada em educa\u00e7\u00e3o especial.\" data-balloon-pos=\"up\">Professor de Educa\u00e7\u00e3o Especial<\/span><\/td>\r\n<td class=\"cvagas\">CR<\/td>\r\n<td class=\"cremuneracao\">R$ 2.484,18 \/20h<\/td>\r\n<\/tr><tr>\r\n<td class=\"ccargos\">\r\n<span data-balloon-length=\"medium\" aria-label=\"Diploma de Cirurgi\u00e3o Dentista, com registro no respectivo \u00f3rg\u00e3o fiscalizador da profiss\u00e3o.\" data-balloon-pos=\"up\">Odont\u00f3logo<\/span><\/td>\r\n<td class=\"cvagas\">CR<\/td>\r\n<td class=\"cremuneracao\">R$ 10.134,45 \/40h<\/td>\r\n<\/tr><tr>\r\n<td class=\"ccargos\">\r\n<span data-balloon-length=\"medium\" aria-label=\"Diploma de Psic\u00f3logo, com registro no respectivo \u00f3rg\u00e3o fiscalizador da profiss\u00e3o.\" data-balloon-pos=\"up\">Psic\u00f3logo<\/span><\/td>\r\n<td class=\"cvagas\">CR<\/td>\r\n<td class=\"cremuneracao\">R$ 3.399,85 \/20h<\/td>\r\n<\/tr><tr>\r\n<td class=\"ccargos\">\r\n<span data-balloon-length=\"medium\" aria-label=\"Diploma de Assistente Social, com registro no respectivo \u00f3rg\u00e3o fiscalizador da profiss\u00e3o.\" data-balloon-pos=\"up\">Assistente Social<\/span><\/td>\r\n<td class=\"cvagas\">CR<\/td>\r\n<td class=\"cremuneracao\">R$ 3.399,85 \/20h<\/td>\r\n<\/tr><tr>\r\n<td class=\"ccargos\">\r\n<span data-balloon-length=\"medium\" aria-label=\"Diploma de Engenheiro Agr\u00f4nomo, com registro no respectivo \u00f3rg\u00e3o fiscalizador da profiss\u00e3o.\" data-balloon-pos=\"up\">Engenheiro Agr\u00f4nomo<\/span><\/td>\r\n<td class=\"cvagas\">CR<\/td>\r\n<td class=\"cremuneracao\">R$ 6.799,80 \/40h<\/td>\r\n<\/tr><tr>\r\n<td class=\"ccargos\">\r\n<span data-balloon-length=\"medium\" aria-label=\"Diploma de Fisioterapeuta, com registro no respectivo \u00f3rg\u00e3o fiscalizador da profiss\u00e3o.\" data-balloon-pos=\"up\">Fisioterapeuta<\/span><\/td>\r\n<td class=\"cvagas\">1 + CR<\/td>\r\n<td class=\"cremuneracao\">R$ 6.799,80 \/40h<\/td>\r\n<\/tr><tr>\r\n<td class=\"ccargos\">\r\n<span data-balloon-length=\"medium\" aria-label=\"Ensino Superior em Pedagogia.\" data-balloon-pos=\"up\">Coordenador Pedag\u00f3gico<\/span><\/td>\r\n<td class=\"cvagas\">CR<\/td>\r\n<td class=\"cremuneracao\">R$ 6.458,87 \/40h<\/td>\r\n<\/tr><tr>\r\n<td class=\"ccargos\">\r\n<span data-balloon-length=\"medium\" aria-label=\"Diploma em Educa\u00e7\u00e3o F\u00edsica Bacharelado, com registro no \u00f3rg\u00e3o fiscalizador da profiss\u00e3o.\" data-balloon-pos=\"up\">Educador F\u00edsico<\/span><\/td>\r\n<td class=\"cvagas\">CR<\/td>\r\n<td class=\"cremuneracao\">R$ 6.799,80 \/40h<\/td>\r\n<\/tr><tr>\r\n<td class=\"ccargos\">\r\n<span data-balloon-length=\"medium\" aria-label=\"Curso superior de Licenciatura plena em Pedagogia com especializa\u00e7\u00e3o na \u00e1rea de Tecnologia e\/ou Inform\u00e1tica.\" data-balloon-pos=\"up\">Professor de Inform\u00e1tica<\/span><\/td>\r\n<td class=\"cvagas\">1 + CR<\/td>\r\n<td class=\"cremuneracao\">R$ 2.484,18 \/20h<\/td>\r\n<\/tr><tr>\r\n<td class=\"ccargos\">\r\n<span data-balloon-length=\"medium\" aria-label=\"Curso superior de Licenciatura plena, com habilita\u00e7\u00e3o em Educa\u00e7\u00e3o Especial; OU Curso superior de licenciatura plena em Pedagogia, com especializa\u00e7\u00e3o em educa\u00e7\u00e3o especial OU Curso superior de licenciatura plena em Pedagogia com, no m\u00ednimo, 200 horas de forma\u00e7\u00e3o continuada em educa\u00e7\u00e3o especial.\" data-balloon-pos=\"up\">Professor Corregente<\/span><\/td>\r\n<td class=\"cvagas\">1 + CR<\/td>\r\n<td class=\"cremuneracao\">R$ 4.968,36 \/40h<\/td>\r\n<\/tr><tr>\r\n<td class=\"ccargos\">\r\n<span data-balloon-length=\"medium\" aria-label=\"Diploma de Engenheiro Civil, com registro no respectivo \u00f3rg\u00e3o fiscalizador da profiss\u00e3o.\" data-balloon-pos=\"up\">Engenheiro Civil<\/span><\/td>\r\n<td class=\"cvagas\">CR<\/td>\r\n<td class=\"cremuneracao\">R$ 6.799,80 \/40h<\/td>\r\n<\/tr><tr>\r\n<td class=\"ccargos\">\r\n<span data-balloon-length=\"medium\" aria-label=\"Diploma de M\u00e9dico Veterin\u00e1rio, com registro no respectivo \u00f3rg\u00e3o fiscalizador da profiss\u00e3o.\" data-balloon-pos=\"up\">M\u00e9dico Veterin\u00e1rio<\/span><\/td>\r\n<td class=\"cvagas\">CR<\/td>\r\n<td class=\"cremuneracao\">R$ 6.799,80 \/40h<\/td>\r\n<\/tr>\r\n    <\/tbody>\r\n  <\/table>\r\n<\/div>"},"_links":{"self":[{"href":"https:\/\/www.agrobase.com.br\/concursos\/wp-json\/wp\/v2\/posts\/273369","targetHints":{"allow":["GET"]}}],"collection":[{"href":"https:\/\/www.agrobase.com.br\/concursos\/wp-json\/wp\/v2\/posts"}],"about":[{"href":"https:\/\/www.agrobase.com.br\/concursos\/wp-json\/wp\/v2\/types\/post"}],"author":[{"embeddable":true,"href":"https:\/\/www.agrobase.com.br\/concursos\/wp-json\/wp\/v2\/users\/7"}],"replies":[{"embeddable":true,"href":"https:\/\/www.agrobase.com.br\/concursos\/wp-json\/wp\/v2\/comments?post=273369"}],"version-history":[{"count":1,"href":"https:\/\/www.agrobase.com.br\/concursos\/wp-json\/wp\/v2\/posts\/273369\/revisions"}],"predecessor-version":[{"id":273371,"href":"https:\/\/www.agrobase.com.br\/concursos\/wp-json\/wp\/v2\/posts\/273369\/revisions\/273371"}],"wp:featuredmedia":[{"embeddable":true,"href":"https:\/\/www.agrobase.com.br\/concursos\/wp-json\/wp\/v2\/media\/273368"}],"wp:attachment":[{"href":"https:\/\/www.agrobase.com.br\/concursos\/wp-json\/wp\/v2\/media?parent=273369"}],"wp:term":[{"taxonomy":"category","embeddable":true,"href":"https:\/\/www.agrobase.com.br\/concursos\/wp-json\/wp\/v2\/categories?post=273369"},{"taxonomy":"post_tag","embeddable":true,"href":"https:\/\/www.agrobase.com.br\/concursos\/wp-json\/wp\/v2\/tags?post=273369"},{"taxonomy":"_amplo","embeddable":true,"href":"https:\/\/www.agrobase.com.br\/concursos\/wp-json\/wp\/v2\/_amplo?post=273369"},{"taxonomy":"destaque","embeddable":true,"href":"https:\/\/www.agrobase.com.br\/concursos\/wp-json\/wp\/v2\/destaque?post=273369"},{"taxonomy":"instituicoes","embeddable":true,"href":"https:\/\/www.agrobase.com.br\/concursos\/wp-json\/wp\/v2\/instituicoes?post=273369"}],"curies":[{"name":"wp","href":"https:\/\/api.w.org\/{rel}","templated":true}]}}