{"id":273365,"date":"2025-11-04T07:20:50","date_gmt":"2025-11-04T10:20:50","guid":{"rendered":"https:\/\/www.agrobase.com.br\/concursos\/?p=273365"},"modified":"2025-11-03T12:26:57","modified_gmt":"2025-11-03T15:26:57","slug":"prefeitura-caracol-ms-selecao-publica-01-2025","status":"publish","type":"post","link":"https:\/\/www.agrobase.com.br\/concursos\/2025\/prefeitura-caracol-ms-selecao-publica-01-2025\/","title":{"rendered":"Prefeitura Caracol (MS) &#8211; Sele\u00e7\u00e3o P\u00fablica 01\/2025"},"content":{"rendered":"<h2>Informa\u00e7\u00f5es Gerais<\/h2>\n<p>O Munic\u00edpio de Caracol \u2013 MS publicou o edital n\u00ba 001\/2025 para realiza\u00e7\u00e3o de Processo Seletivo P\u00fablico, com objetivo de formar cadastro de reserva para diversos cargos da Secretaria Municipal de Educa\u00e7\u00e3o. A sele\u00e7\u00e3o ser\u00e1 coordenada pela Evolu\u00e7\u00e3o Consultoria LTDA (Instituto Evo) e ser\u00e1 regida por normas espec\u00edficas do edital e seus anexos.<\/p>\n<p>O certame oferece oportunidades para profissionais com forma\u00e7\u00e3o de n\u00edvel superior, abrangendo \u00e1reas como Educa\u00e7\u00e3o Infantil, Ensino Fundamental, Artes, Ci\u00eancias da Natureza, L\u00edngua Portuguesa, Matem\u00e1tica, Hist\u00f3ria, Geografia, Educa\u00e7\u00e3o F\u00edsica, L\u00edngua Inglesa, al\u00e9m de cargos t\u00e9cnicos como Assistente Social e Nutricionista.<\/p>\n<p>O regime de contrata\u00e7\u00e3o ser\u00e1 estatut\u00e1rio, conforme a legisla\u00e7\u00e3o municipal vigente. Entre os destaques, h\u00e1 vagas para <strong>Nutri\u00e7\u00e3o<\/strong>, \u00e1rea de grande interesse para os leitores do site.<\/p>\n<p>Se voc\u00ea tem forma\u00e7\u00e3o superior e busca uma oportunidade na \u00e1rea educacional ou t\u00e9cnica em Caracol \u2013 MS, continue a leitura para conhecer os detalhes sobre inscri\u00e7\u00f5es, etapas e resultados.<\/p>\n<h2>Inscri\u00e7\u00f5es<\/h2>\n<p>As inscri\u00e7\u00f5es para o Processo Seletivo P\u00fablico da Secretaria Municipal de Educa\u00e7\u00e3o de Caracol \u2013 MS estar\u00e3o abertas de <strong>29 de outubro de 2025, \u00e0s 9h<\/strong>, at\u00e9 <strong>14 de novembro de 2025, \u00e0s 18h<\/strong>, exclusivamente pela internet, por meio do site <a href=\"http:\/\/www.evoconcursos.com.br\" target=\"_blank\" rel=\"noopener\">www.evoconcursos.com.br<\/a>.<\/p>\n<p>O candidato dever\u00e1 preencher o Requerimento Eletr\u00f4nico de Inscri\u00e7\u00e3o, indicar o cargo pretendido e confirmar os dados cadastrados. \u00c9 imprescind\u00edvel ler atentamente o edital antes de se inscrever, pois a inscri\u00e7\u00e3o implica na aceita\u00e7\u00e3o das regras do certame.<\/p>\n<p>N\u00e3o ser\u00e3o aceitas inscri\u00e7\u00f5es provis\u00f3rias, por fax, e-mail ou qualquer outro meio que n\u00e3o o eletr\u00f4nico. O candidato \u00e9 respons\u00e1vel pelas informa\u00e7\u00f5es prestadas e deve manter seus dados atualizados at\u00e9 o encerramento do processo.<\/p>\n<p>As inscri\u00e7\u00f5es deferidas ser\u00e3o divulgadas nos sites da Prefeitura de Caracol \u2013 MS e da banca organizadora. Em caso de indeferimento, ser\u00e1 poss\u00edvel interpor recurso conforme cronograma.<\/p>\n<p>Recomenda-se a leitura atenta do edital completo para verificar os crit\u00e9rios de isen\u00e7\u00e3o de taxa, valores, formas de pagamento e demais orienta\u00e7\u00f5es.<\/p>\n<h2>Etapas e Provas<\/h2>\n<p>O Processo Seletivo P\u00fablico ser\u00e1 composto por uma \u00fanica etapa: <strong>Prova Objetiva de m\u00faltipla escolha<\/strong>, com car\u00e1ter eliminat\u00f3rio e classificat\u00f3rio, aplicada a todos os cargos.<\/p>\n<ul>\n<li>A prova contar\u00e1 com <strong>40 quest\u00f5es<\/strong>, cada uma com cinco alternativas, das quais apenas uma ser\u00e1 correta.<\/li>\n<li>As disciplinas cobradas variam conforme o cargo, sendo detalhadas no Anexo IV do edital. Em geral, incluem conte\u00fados de <em>L\u00edngua Portuguesa, Matem\u00e1tica, Conhecimentos Espec\u00edficos, Inform\u00e1tica e Conhecimentos Gerais<\/em>.<\/li>\n<li>A pontua\u00e7\u00e3o total da prova ser\u00e1 de <strong>0 a 40 pontos<\/strong>, sendo aprovado o candidato que obtiver, no m\u00ednimo, <strong>60% de acertos<\/strong>.<\/li>\n<li>A dura\u00e7\u00e3o da prova ser\u00e1 de <strong>3 horas<\/strong>, e n\u00e3o ser\u00e1 permitida a sa\u00edda do candidato da sala antes de 1 hora do in\u00edcio.<\/li>\n<li>N\u00e3o haver\u00e1 segunda chamada, nem aplica\u00e7\u00e3o fora do local e hor\u00e1rio definidos. O candidato que n\u00e3o comparecer ser\u00e1 eliminado.<\/li>\n<\/ul>\n<p>Durante a aplica\u00e7\u00e3o, \u00e9 vedado o uso de equipamentos eletr\u00f4nicos, materiais de consulta ou qualquer forma de comunica\u00e7\u00e3o com terceiros. O descumprimento dessas regras implicar\u00e1 elimina\u00e7\u00e3o imediata.<\/p>\n<p>Recomenda-se a leitura atenta do edital para conhecer os detalhes sobre o conte\u00fado program\u00e1tico, crit\u00e9rios de corre\u00e7\u00e3o, normas de conduta e cronograma completo.<\/p>\n<h2>Resultados e Gabarito<\/h2>\n<p>A nota final dos candidatos ser\u00e1 determinada exclusivamente pela pontua\u00e7\u00e3o obtida na Prova Objetiva. Em caso de empate, ser\u00e3o aplicados os seguintes crit\u00e9rios, nesta ordem:<\/p>\n<ul>\n<li>Maior idade;<\/li>\n<li>Maior n\u00famero de acertos em Conhecimentos Espec\u00edficos;<\/li>\n<li>Maior n\u00famero de acertos em L\u00edngua Portuguesa;<\/li>\n<li>Maior n\u00famero de acertos em Matem\u00e1tica, Inform\u00e1tica e Conhecimentos Gerais (quando aplic\u00e1vel);<\/li>\n<li>Sorteio p\u00fablico.<\/li>\n<\/ul>\n<p>O resultado final ser\u00e1 divulgado por meio de download nos sites <a href=\"http:\/\/www.pmcaracol.ms.gov.br\" target=\"_blank\" rel=\"noopener\">www.pmcaracol.ms.gov.br<\/a> e <a href=\"http:\/\/www.evoconcursos.com.br\" target=\"_blank\" rel=\"noopener\">www.evoconcursos.com.br<\/a>. N\u00e3o haver\u00e1 publica\u00e7\u00e3o da lista de reprovados, mas o candidato poder\u00e1 consultar sua situa\u00e7\u00e3o individualmente no site da banca.<\/p>\n<p>Ap\u00f3s a publica\u00e7\u00e3o do resultado final, ser\u00e1 realizada a <strong>homologa\u00e7\u00e3o<\/strong> do certame, tamb\u00e9m divulgada nos mesmos canais. A convoca\u00e7\u00e3o dos aprovados seguir\u00e1 a ordem de classifica\u00e7\u00e3o e ser\u00e1 feita conforme necessidade da Administra\u00e7\u00e3o.<\/p>\n<p>Todos os convocados dever\u00e3o apresentar a documenta\u00e7\u00e3o exigida no edital e se submeter a Exame M\u00e9dico Pr\u00e9-Admissional. A n\u00e3o apresenta\u00e7\u00e3o dos documentos ou inaptid\u00e3o m\u00e9dica implicar\u00e1 perda do direito \u00e0 contrata\u00e7\u00e3o.<\/p>\n<p>\u00c9 responsabilidade exclusiva do candidato acompanhar todas as publica\u00e7\u00f5es oficiais no site da banca organizadora e no portal da Prefeitura de Caracol \u2013 MS. N\u00e3o ser\u00e3o fornecidas informa\u00e7\u00f5es por telefone.<\/p>\n","protected":false},"excerpt":{"rendered":"<p>Processo Seletivo Pref. Caracol (MS) com edital publicado! Vagas p\/ Professores e Nutricionista (Superior). Inscri\u00e7\u00f5es a partir de 29\/10. Confira detalhes!<\/p>\n","protected":false},"author":7,"featured_media":273364,"comment_status":"open","ping_status":"open","sticky":false,"template":"","format":"standard","meta":{"_acf_changed":false,"_breakdance_hide_in_design_set":false,"_breakdance_tags":"","footnotes":""},"categories":[141,6434,111,100,20,6871,116,23,25,101],"tags":[48],"_amplo":[],"destaque":[],"instituicoes":[],"class_list":["post-273365","post","type-post","status-publish","format-standard","has-post-thumbnail","hentry","category-educacao-artistica","category-educacao-fisica-licenciatura","category-geografia","category-historia","category-letras","category-letras-ingles","category-matematica","category-nutricao","category-pedagogia","category-servico-social","tag-mato-grosso-do-sul"],"acf":{"_tipo_vagas":"vagas","_numero_vagas":"","_quadro_vagas":"","_cargos":"diversos","_cargos_especificos":"","_salario_max":"R$ 4954.26","_abertura":"20251029","_encerramento":"20251114","_inscricoes":"http:\/\/www.evoconcursos.com.br","_executora_concurso":"","_instituicao_concurso":[],"_link_adicional":null,"_anexos":null,"_produtos":null,"_vagas":"CR","_salario_min":"R$ 3650.82","_instituicao":"Prefeitura de Caracol","_edital":"https:\/\/www.agrobase.com.br\/concursos\/wp-content\/uploads\/sites\/4\/2025\/11\/edital-01-2025-prefeitura-de-caracol-ms.pdf","_anexos_edital":"","_fund_incompleto":"","_fund_completo":"","_medio":"","_superior":"<div>\r\n<table class=\"quadro\">\r\n<thead>\r\n<tr>\r\n<th class=\"hcargo\">Cargo<\/th>\r\n<th class=\"hvagas\">Vagas<\/th>\r\n<th class=\"hremuneracao\">Remunera\u00e7\u00e3o<\/th>\r\n<\/tr>\r\n<\/thead>\r\n    <tbody>\r\n      <tr>\r\n<td class=\"ccargos\">\r\n<span data-balloon-length=\"medium\" aria-label=\"Licenciatura Plena em Pedagogia com Habilita\u00e7\u00e3o em Educa\u00e7\u00e3o Infantil e\/ou Normal Superior com Habilita\u00e7\u00e3o em Educa\u00e7\u00e3o Infantil e\/ou Licenciatura Plena com Especializa\u00e7\u00e3o em Educa\u00e7\u00e3o Infantil\" data-balloon-pos=\"up\">PROFESSOR DE EDUCA\u00c7\u00c3O INFANTIL (REGENTE)<\/span><\/td>\r\n<td class=\"cvagas\">CR<\/td>\r\n<td class=\"cremuneracao\">R$ 3.650,82 \/20h\/40h<\/td>\r\n<\/tr><tr>\r\n<td class=\"ccargos\">\r\n<span data-balloon-length=\"medium\" aria-label=\"Licenciatura Plena em Pedagogia com habilita\u00e7\u00e3o para os anos iniciais do Ensino Fundamental e\/ou Normal Superior, com habilita\u00e7\u00e3o espec\u00edfica para os anos iniciais do Ensino Fundamental e\/ou Licenciatura Plena.\" data-balloon-pos=\"up\">PROFESSOR DE ENSINO FUNDAMENTAL 1\u00b0 AO 5\u00ba ANO - S\u00c9RIES INICIAIS (REGENTE)<\/span><\/td>\r\n<td class=\"cvagas\">CR<\/td>\r\n<td class=\"cremuneracao\">R$ 3.650,82 \/20h\/40h<\/td>\r\n<\/tr><tr>\r\n<td class=\"ccargos\">\r\n<span data-balloon-length=\"medium\" aria-label=\"Curso Superior de Licenciatura de Gradua\u00e7\u00e3o Plena, com Habilita\u00e7\u00e3o em Educa\u00e7\u00e3o Especial\/Inclusiva e na falta de profissionais com essa habilita\u00e7\u00e3o, Licenciatura Plena em Pedagogia e\/ou Normal Superior, com hist\u00f3rico escolar em que conste na grade a disciplina de Educa\u00e7\u00e3o Especial\/Inclusiva e\/ou especializa\u00e7\u00e3o em Educa\u00e7\u00e3o Especial\/Inclusiva.\" data-balloon-pos=\"up\">PROFESSOR DE APOIO EDUCA-CIONAL EDUCA\u00c7\u00c3O INFANTIL E ENSINO FUNDAMENTAL<\/span><\/td>\r\n<td class=\"cvagas\">CR<\/td>\r\n<td class=\"cremuneracao\">R$ 3.650,82 \/20h\/40h<\/td>\r\n<\/tr><tr>\r\n<td class=\"ccargos\">\r\n<span data-balloon-length=\"medium\" aria-label=\"Curso Superior de Licenciatura de Gradua\u00e7\u00e3o Plena, com Habilita\u00e7\u00e3o espec\u00edfica em \u00e1rea pr\u00f3pria.\" data-balloon-pos=\"up\">PROFESSOR DE ENSINO FUNDAMENTAL E EDUCA\u00c7\u00c3O INFANTIL CI\u00caNCIAS DA NATUREZA<\/span><\/td>\r\n<td class=\"cvagas\">CR<\/td>\r\n<td class=\"cremuneracao\">R$ 3.650,82 \/20h\/40h<\/td>\r\n<\/tr><tr>\r\n<td class=\"ccargos\">\r\n<span data-balloon-length=\"medium\" aria-label=\"Curso Superior de Licenciatura de Gradua\u00e7\u00e3o Plena, com Habilita\u00e7\u00e3o espec\u00edfica em \u00e1rea pr\u00f3pria.\" data-balloon-pos=\"up\">PROFESSOR DE ENSINO FUNDAMENTAL- L\u00cdNGUA PORTUGUESA<\/span><\/td>\r\n<td class=\"cvagas\">CR<\/td>\r\n<td class=\"cremuneracao\">R$ 3.650,82 \/20h\/40h<\/td>\r\n<\/tr><tr>\r\n<td class=\"ccargos\">\r\n<span data-balloon-length=\"medium\" aria-label=\"Curso Superior de Licenciatura de Gradua\u00e7\u00e3o Plena, com Habilita\u00e7\u00e3o espec\u00edfica em \u00e1rea pr\u00f3pria.\" data-balloon-pos=\"up\">PROFESSOR DE ENSINO FUNDAMENTAL E EDUCA\u00c7\u00c3O INFANTIL ARTES<\/span><\/td>\r\n<td class=\"cvagas\">CR<\/td>\r\n<td class=\"cremuneracao\">R$ 3.650,82 \/20h\/40h<\/td>\r\n<\/tr><tr>\r\n<td class=\"ccargos\">\r\n<span data-balloon-length=\"medium\" aria-label=\"Curso Superior de Licenciatura de Gradua\u00e7\u00e3o Plena, com Habilita\u00e7\u00e3o espec\u00edfica em \u00e1rea pr\u00f3pria.\" data-balloon-pos=\"up\">PROFESSOR DE ENSINO FUNDAMENTAL, EDUCA\u00c7\u00c3O INFANTIL - L\u00cdNGUA ESTRANGEIRA MODERNA INGL\u00caS<\/span><\/td>\r\n<td class=\"cvagas\">CR<\/td>\r\n<td class=\"cremuneracao\">R$ 3.650,82 \/20h\/40h<\/td>\r\n<\/tr><tr>\r\n<td class=\"ccargos\">\r\n<span data-balloon-length=\"medium\" aria-label=\"Curso Superior de Licenciatura de Gradua\u00e7\u00e3o Plena, com Habilita\u00e7\u00e3o espec\u00edfica em \u00e1rea pr\u00f3pria.\" data-balloon-pos=\"up\">PROFESSOR DE ENSINO FUNDAMENTAL- MATEM\u00c1TICA<\/span><\/td>\r\n<td class=\"cvagas\">CR<\/td>\r\n<td class=\"cremuneracao\">R$ 3.650,82 \/20h\/40h<\/td>\r\n<\/tr><tr>\r\n<td class=\"ccargos\">\r\n<span data-balloon-length=\"medium\" aria-label=\"Curso Superior de Licenciatura de Gradua\u00e7\u00e3o Plena, com Habilita\u00e7\u00e3o espec\u00edfica em \u00e1rea pr\u00f3pria.\" data-balloon-pos=\"up\">PROFESSOR DE ENSINO FUNDAMENTAL HIST\u00d3RIA<\/span><\/td>\r\n<td class=\"cvagas\">CR<\/td>\r\n<td class=\"cremuneracao\">R$ 3.650,82 \/20h\/40h<\/td>\r\n<\/tr><tr>\r\n<td class=\"ccargos\">\r\n<span data-balloon-length=\"medium\" aria-label=\"Curso Superior de Licenciatura de Gradua\u00e7\u00e3o Plena, com Habilita\u00e7\u00e3o espec\u00edfica em \u00e1rea pr\u00f3pria.\" data-balloon-pos=\"up\">PROFESSOR DE ENSINO FUNDAMENTAL GEOGRAFIA<\/span><\/td>\r\n<td class=\"cvagas\">CR<\/td>\r\n<td class=\"cremuneracao\">R$ 3.650,82 \/20h\/40h<\/td>\r\n<\/tr><tr>\r\n<td class=\"ccargos\">\r\n<span data-balloon-length=\"medium\" aria-label=\"Curso Superior de Licenciatura de Gradua\u00e7\u00e3o Plena, com Habilita\u00e7\u00e3o espec\u00edfica em \u00e1rea pr\u00f3pria e registro no Conselho.\" data-balloon-pos=\"up\">PROFESSOR DE EDUCA\u00c7\u00c3O IN-FANTIL E ENSINO FUNDAMENTAL- EDUCA\u00c7\u00c3O F\u00cdSICA<\/span><\/td>\r\n<td class=\"cvagas\">CR<\/td>\r\n<td class=\"cremuneracao\">R$ 3.650,82 \/20h\/40h<\/td>\r\n<\/tr><tr>\r\n<td class=\"ccargos\">\r\n<span data-balloon-length=\"medium\" aria-label=\"Gradua\u00e7\u00e3o de n\u00edvel superior em Servi\u00e7o Social e registro profissional no Conselho da categoria\" data-balloon-pos=\"up\">ASSISTENTE SOCIAL<\/span><\/td>\r\n<td class=\"cvagas\">CR<\/td>\r\n<td class=\"cremuneracao\">R$ 3.771,69 \/30h<\/td>\r\n<\/tr><tr>\r\n<td class=\"ccargos\">\r\n<span data-balloon-length=\"medium\" aria-label=\"Gradua\u00e7\u00e3o de n\u00edvel superior em Nutri\u00e7\u00e3o com disciplinas relacionadas \u00e0 Nutri\u00e7\u00e3o Escolar\/Educacional ou especializa\u00e7\u00e3o em Nutri\u00e7\u00e3o Escolar\/Educacional e registro profissional no Conselho da categoria.\" data-balloon-pos=\"up\">NUTRICIONISTA<\/span><\/td>\r\n<td class=\"cvagas\">CR<\/td>\r\n<td class=\"cremuneracao\">R$ 4.954,26 \/40h<\/td>\r\n<\/tr><tr>\r\n<td class=\"ccargos\">\r\n<span data-balloon-length=\"medium\" aria-label=\"Curso Superior de Licenciatura de Gradua\u00e7\u00e3o Plena, com Habilita\u00e7\u00e3o espec\u00edfica em \u00e1rea pr\u00f3pria e registro no Conselho\" data-balloon-pos=\"up\">PROFESSOR DE EDUCA\u00c7\u00c3O F\u00cdSICA (TREINAMENTO ESPORTIVO)<\/span><\/td>\r\n<td class=\"cvagas\">CR<\/td>\r\n<td class=\"cremuneracao\">R$ 3.650,82 \/20h\/40h<\/td>\r\n<\/tr>\r\n    <\/tbody>\r\n  <\/table>\r\n<\/div>"},"_links":{"self":[{"href":"https:\/\/www.agrobase.com.br\/concursos\/wp-json\/wp\/v2\/posts\/273365","targetHints":{"allow":["GET"]}}],"collection":[{"href":"https:\/\/www.agrobase.com.br\/concursos\/wp-json\/wp\/v2\/posts"}],"about":[{"href":"https:\/\/www.agrobase.com.br\/concursos\/wp-json\/wp\/v2\/types\/post"}],"author":[{"embeddable":true,"href":"https:\/\/www.agrobase.com.br\/concursos\/wp-json\/wp\/v2\/users\/7"}],"replies":[{"embeddable":true,"href":"https:\/\/www.agrobase.com.br\/concursos\/wp-json\/wp\/v2\/comments?post=273365"}],"version-history":[{"count":1,"href":"https:\/\/www.agrobase.com.br\/concursos\/wp-json\/wp\/v2\/posts\/273365\/revisions"}],"predecessor-version":[{"id":273367,"href":"https:\/\/www.agrobase.com.br\/concursos\/wp-json\/wp\/v2\/posts\/273365\/revisions\/273367"}],"wp:featuredmedia":[{"embeddable":true,"href":"https:\/\/www.agrobase.com.br\/concursos\/wp-json\/wp\/v2\/media\/273364"}],"wp:attachment":[{"href":"https:\/\/www.agrobase.com.br\/concursos\/wp-json\/wp\/v2\/media?parent=273365"}],"wp:term":[{"taxonomy":"category","embeddable":true,"href":"https:\/\/www.agrobase.com.br\/concursos\/wp-json\/wp\/v2\/categories?post=273365"},{"taxonomy":"post_tag","embeddable":true,"href":"https:\/\/www.agrobase.com.br\/concursos\/wp-json\/wp\/v2\/tags?post=273365"},{"taxonomy":"_amplo","embeddable":true,"href":"https:\/\/www.agrobase.com.br\/concursos\/wp-json\/wp\/v2\/_amplo?post=273365"},{"taxonomy":"destaque","embeddable":true,"href":"https:\/\/www.agrobase.com.br\/concursos\/wp-json\/wp\/v2\/destaque?post=273365"},{"taxonomy":"instituicoes","embeddable":true,"href":"https:\/\/www.agrobase.com.br\/concursos\/wp-json\/wp\/v2\/instituicoes?post=273365"}],"curies":[{"name":"wp","href":"https:\/\/api.w.org\/{rel}","templated":true}]}}