{"id":273346,"date":"2025-11-03T08:40:00","date_gmt":"2025-11-03T11:40:00","guid":{"rendered":"https:\/\/www.agrobase.com.br\/concursos\/?p=273346"},"modified":"2025-10-31T14:59:14","modified_gmt":"2025-10-31T17:59:14","slug":"prefeitura-bandeirante-sc-concurso-02-2025","status":"publish","type":"post","link":"https:\/\/www.agrobase.com.br\/concursos\/2025\/prefeitura-bandeirante-sc-concurso-02-2025\/","title":{"rendered":"Prefeitura Bandeirante (SC) &#8211; Concurso 02\/2025"},"content":{"rendered":"<h2>Informa\u00e7\u00f5es Gerais<\/h2>\n<p>O Concurso P\u00fablico regido pelo <strong>Edital n\u00ba 17\/2025 (Concurso P\u00fablico n\u00ba 002\/2025)<\/strong>, promovido pela <strong>Prefeitura Municipal de Bandeirante, Estado de Santa Catarina<\/strong>, est\u00e1 com edital publicado e inscri\u00e7\u00f5es abertas. O certame visa \u00e0 admiss\u00e3o de servidores para o quadro da administra\u00e7\u00e3o direta do munic\u00edpio, sob o <strong>Regime Estatut\u00e1rio<\/strong> e vincula\u00e7\u00e3o ao Regime Geral de Previd\u00eancia Social (RGPS).<\/p>\n<p>O concurso contempla oportunidades para os n\u00edveis <strong>Fundamental, M\u00e9dio\/T\u00e9cnico e Superior<\/strong>, com vagas imediatas e forma\u00e7\u00e3o de cadastro reserva. As \u00e1reas abrangidas incluem educa\u00e7\u00e3o, sa\u00fade, servi\u00e7os operacionais e apoio t\u00e9cnico, com destaque para a <strong>vaga imediata de M\u00e9dico Veterin\u00e1rio<\/strong>, \u00e1rea de grande interesse para profissionais da sa\u00fade animal e agr\u00e1rias.<\/p>\n<p>Com remunera\u00e7\u00f5es que variam de R$ 2.137,51 a R$ 5.932,15 e carga hor\u00e1ria de 40 horas semanais, o certame oferece uma oportunidade relevante para quem busca estabilidade no servi\u00e7o p\u00fablico municipal. Continue a leitura para conhecer os detalhes sobre inscri\u00e7\u00f5es, etapas e cronograma de resultados.<\/p>\n<h2>Inscri\u00e7\u00f5es<\/h2>\n<p>As inscri\u00e7\u00f5es para o Concurso P\u00fablico da Prefeitura de Bandeirante\/SC est\u00e3o <strong>abertas<\/strong> e devem ser realizadas <strong>exclusivamente pela internet<\/strong>, no site <a href=\"https:\/\/ameosc.org.br\" target=\"_blank\" rel=\"noopener\">https:\/\/ameosc.org.br<\/a>, entre as <strong>15h do dia 16 de outubro de 2025<\/strong> e as <strong>23h59min do dia 14 de novembro de 2025<\/strong>.<\/p>\n<p>O valor da taxa de inscri\u00e7\u00e3o varia conforme o n\u00edvel de escolaridade exigido para o cargo:<\/p>\n<ul>\n<li><strong>N\u00edvel Superior:<\/strong> R$ 120,00<\/li>\n<li><strong>N\u00edvel M\u00e9dio:<\/strong> R$ 100,00<\/li>\n<li><strong>N\u00edvel Fundamental:<\/strong> R$ 80,00<\/li>\n<\/ul>\n<p>O pagamento deve ser efetuado exclusivamente via boleto banc\u00e1rio gerado no ato da inscri\u00e7\u00e3o, at\u00e9 o dia <strong>17 de novembro de 2025<\/strong>. N\u00e3o ser\u00e3o aceitas outras formas de pagamento, como PIX, DOC ou transfer\u00eancia banc\u00e1ria.<\/p>\n<p>Candidatos sem acesso \u00e0 internet poder\u00e3o realizar sua inscri\u00e7\u00e3o na sede da Prefeitura Municipal de Bandeirante\/SC, durante o hor\u00e1rio de expediente, onde ser\u00e1 disponibilizado equipamento eletr\u00f4nico para esse fim.<\/p>\n<p>Pedidos de isen\u00e7\u00e3o da taxa devem ser realizados conforme os crit\u00e9rios estabelecidos no edital. O acompanhamento do status da inscri\u00e7\u00e3o deve ser feito na \u00c1rea do Candidato, no site da banca organizadora.<\/p>\n<p>Recomenda-se a leitura atenta do edital completo para garantir o correto preenchimento da inscri\u00e7\u00e3o e o cumprimento de todos os requisitos.<\/p>\n<h2>Etapas e Provas<\/h2>\n<p>O processo seletivo do Concurso P\u00fablico da Prefeitura de Bandeirante\/SC ser\u00e1 composto por at\u00e9 tr\u00eas etapas, conforme o cargo pretendido:<\/p>\n<ul>\n<li><strong>Prova Objetiva<\/strong> (eliminat\u00f3ria e classificat\u00f3ria): obrigat\u00f3ria para todos os cargos. Composta por 35 quest\u00f5es de m\u00faltipla escolha, abordando <em>Conhecimentos Espec\u00edficos<\/em>, <em>L\u00edngua Portuguesa<\/em> e <em>Conhecimentos Gerais<\/em>. A prova ser\u00e1 aplicada em <strong>30\/11\/2025<\/strong>, com dura\u00e7\u00e3o de 3 horas. A nota m\u00ednima para aprova\u00e7\u00e3o varia conforme o cargo, sendo, por exemplo, 5,00 pontos para M\u00e9dico Veterin\u00e1rio.<\/li>\n<li><strong>Prova Pr\u00e1tica<\/strong> (eliminat\u00f3ria e classificat\u00f3ria): exclusiva para o cargo de <strong>Operador de M\u00e1quinas<\/strong>. Avalia habilidades t\u00e9cnicas em condu\u00e7\u00e3o e opera\u00e7\u00e3o de ve\u00edculos, com nota m\u00ednima de 3,00. Ser\u00e1 realizada no mesmo dia da prova objetiva, a partir das 13h.<\/li>\n<li><strong>Prova de T\u00edtulos<\/strong> (classificat\u00f3ria): destinada apenas aos cargos de <strong>Professor<\/strong>. Ser\u00e3o aceitos t\u00edtulos de Doutorado (1,00 ponto), Mestrado (0,75 ponto) e P\u00f3s-gradua\u00e7\u00e3o (0,25 ponto), com nota m\u00e1xima de 2,00 pontos. Os documentos devem ser enviados em PDF no momento da inscri\u00e7\u00e3o.<\/li>\n<\/ul>\n<p>Todos os detalhes sobre crit\u00e9rios de avalia\u00e7\u00e3o, pontua\u00e7\u00e3o e regras espec\u00edficas est\u00e3o descritos no edital. A leitura completa do documento \u00e9 essencial para o correto entendimento das etapas e do cronograma.<\/p>\n<h2>Resultados e Gabarito<\/h2>\n<p>O <strong>gabarito preliminar<\/strong> da prova objetiva ser\u00e1 divulgado at\u00e9 as <strong>23h59min do primeiro dia \u00fatil<\/strong> ap\u00f3s a realiza\u00e7\u00e3o das provas, nos sites <a href=\"https:\/\/ameosc.org.br\" target=\"_blank\" rel=\"noopener\">https:\/\/ameosc.org.br<\/a> e <a href=\"https:\/\/bandeirante.sc.gov.br\" target=\"_blank\" rel=\"noopener\">https:\/\/bandeirante.sc.gov.br<\/a>. O <strong>gabarito definitivo<\/strong> ser\u00e1 publicado conforme cronograma oficial.<\/p>\n<p>Os <strong>resultados preliminares<\/strong> das provas de t\u00edtulos, pr\u00e1tica e objetiva ser\u00e3o divulgados em datas espec\u00edficas, com possibilidade de interposi\u00e7\u00e3o de recursos dentro dos prazos definidos. O <strong>resultado definitivo<\/strong> ser\u00e1 homologado ap\u00f3s an\u00e1lise dos recursos e publicado nos mesmos canais oficiais.<\/p>\n<p>Em caso de empate na nota final, os crit\u00e9rios de desempate s\u00e3o, nesta ordem: idade igual ou superior a 60 anos, maior nota na prova pr\u00e1tica (se aplic\u00e1vel), maior nota em Conhecimentos Espec\u00edficos, L\u00edngua Portuguesa, Conhecimentos Gerais, maior idade e, por fim, sorteio p\u00fablico.<\/p>\n<p>A <strong>sess\u00e3o p\u00fablica de corre\u00e7\u00e3o<\/strong> dos cart\u00f5es-resposta ocorrer\u00e1 em 16\/12\/2025, com transmiss\u00e3o dos resultados preliminares. A classifica\u00e7\u00e3o final obedecer\u00e1 \u00e0 ordem decrescente das notas finais, conforme f\u00f3rmula espec\u00edfica por cargo.<\/p>\n<p>O acompanhamento de todas as publica\u00e7\u00f5es oficiais, incluindo homologa\u00e7\u00f5es e convoca\u00e7\u00f5es, \u00e9 de responsabilidade exclusiva do candidato, devendo ser feito pelos sites da banca organizadora e da Prefeitura de Bandeirante\/SC.<\/p>\n","protected":false},"excerpt":{"rendered":"<p>Concurso Pref. Bandeirante (SC) com edital publicado! Vagas p\/ Professor, Veterin\u00e1rio (Fund. a Sup.). Inscri\u00e7\u00f5es a partir de 16\/10. Sal\u00e1rios at\u00e9 R$ 5.9k. Confira detalhes!<\/p>\n","protected":false},"author":7,"featured_media":273345,"comment_status":"open","ping_status":"open","sticky":false,"template":"","format":"standard","meta":{"_acf_changed":false,"_breakdance_hide_in_design_set":false,"_breakdance_tags":"","footnotes":""},"categories":[6433,141,6434,111,100,20,6872,6871,116,22,108],"tags":[61],"_amplo":[],"destaque":[],"instituicoes":[],"class_list":["post-273346","post","type-post","status-publish","format-standard","has-post-thumbnail","hentry","category-biologia-licenciatura","category-educacao-artistica","category-educacao-fisica-licenciatura","category-geografia","category-historia","category-letras","category-letras-espanhol","category-letras-ingles","category-matematica","category-veterinaria","category-tecnico-enfermagem","tag-santa-catarina"],"acf":{"_tipo_vagas":"vagas","_numero_vagas":"","_quadro_vagas":"","_cargos":"diversos","_cargos_especificos":"","_salario_max":"R$ 5932.15","_abertura":"20251016","_encerramento":"20251114","_inscricoes":"https:\/\/ameosc.org.br","_executora_concurso":"","_instituicao_concurso":[],"_link_adicional":null,"_anexos":null,"_produtos":null,"_vagas":"1 vaga + CR","_salario_min":"R$ 2137.51","_instituicao":"Prefeitura de Bandeirante","_edital":"https:\/\/www.agrobase.com.br\/concursos\/wp-content\/uploads\/sites\/4\/2025\/10\/edital-02-2025-prefeitura-de-bandeirante-sc.pdf","_anexos_edital":"https:\/\/www.agrobase.com.br\/concursos\/wp-content\/uploads\/sites\/4\/2025\/10\/anexos-edital-02-2025-prefeitura-de-bandeirante-sc.pdf","_fund_incompleto":"","_fund_completo":"<div>\r\n<table class=\"quadro\">\r\n<thead>\r\n<tr>\r\n<th class=\"hcargo\">Cargo<\/th>\r\n<th class=\"hvagas\">Vagas<\/th>\r\n<th class=\"hremuneracao\">Remunera\u00e7\u00e3o<\/th>\r\n<\/tr>\r\n<\/thead>\r\n    <tbody>\r\n      <td class=\"ccargos\">\r\n<span data-balloon-length=\"medium\" aria-label=\"Certificado\/Diploma de conclus\u00e3o de curso de Ensino Fundamental e Carteira Nacional de Habilita\u00e7\u00e3o categoria no m\u00ednimo C.\" data-balloon-pos=\"up\">Operador de M\u00e1quinas (CNH categoria C)<\/span><\/td>\r\n<td class=\"cvagas\">CR<\/td>\r\n<td class=\"cremuneracao\">R$ 2.651,04 \/40h<\/td>\r\n<\/tr>\r\n    <\/tbody>\r\n  <\/table>\r\n<\/div>","_medio":"<div>\r\n<table class=\"quadro\">\r\n<thead>\r\n<tr>\r\n<th class=\"hcargo\">Cargo<\/th>\r\n<th class=\"hvagas\">Vagas<\/th>\r\n<th class=\"hremuneracao\">Remunera\u00e7\u00e3o<\/th>\r\n<\/tr>\r\n<\/thead>\r\n    <tbody>\r\n      <td class=\"ccargos\">\r\n<span data-balloon-length=\"medium\" aria-label=\"Certificado\/Diploma de conclus\u00e3o do Ensino de N\u00edvel M\u00e9dio.\" data-balloon-pos=\"up\">Auxiliar de Creche<\/span><\/td>\r\n<td class=\"cvagas\">CR<\/td>\r\n<td class=\"cremuneracao\">R$ 2.258,85 \/40h<\/td>\r\n<\/tr><td class=\"ccargos\">\r\n<span data-balloon-length=\"medium\" aria-label=\"Comprova\u00e7\u00e3o de Ensino M\u00e9dio Concluso e curso na \u00e1rea de Auxiliar de Odontologia e ou em Higiene Dental, com registro no \u00d3rg\u00e3o fiscalizador da categoria profissional.\" data-balloon-pos=\"up\">Auxiliar de Odontologia<\/span><\/td>\r\n<td class=\"cvagas\">CR<\/td>\r\n<td class=\"cremuneracao\">R$ 2.137,51 \/40h<\/td>\r\n<\/tr><td class=\"ccargos\">\r\n<span data-balloon-length=\"medium\" aria-label=\"Certificado ou diploma de conclus\u00e3o do Ensino M\u00e9dio na \u00e1rea de atua\u00e7\u00e3o, com registro no respectivo \u00f3rg\u00e3o fiscalizador do exerc\u00edcio profissional; ou certificado\/diploma de Ensino M\u00e9dio mais curso t\u00e9cnico na \u00e1rea de atua\u00e7\u00e3o, com registro no \u00f3rg\u00e3o fiscalizador do exerc\u00edcio profissional.\" data-balloon-pos=\"up\">T\u00e9cnico de Enfermagem<\/span><\/td>\r\n<td class=\"cvagas\">CR<\/td>\r\n<td class=\"cremuneracao\">R$ 3.764,23 \/40h<\/td>\r\n<\/tr>\r\n    <\/tbody>\r\n  <\/table>\r\n<\/div>","_superior":"<div>\r\n<table class=\"quadro\">\r\n<thead>\r\n<tr>\r\n<th class=\"hcargo\">Cargo<\/th>\r\n<th class=\"hvagas\">Vagas<\/th>\r\n<th class=\"hremuneracao\">Remunera\u00e7\u00e3o<\/th>\r\n<\/tr>\r\n<\/thead>\r\n    <tbody>\r\n      <tr>\r\n<td class=\"ccargos\">\r\n<span data-balloon-length=\"medium\" aria-label=\"Portador de certificado de conclus\u00e3o de n\u00edvel superior como M\u00e9dico Veterin\u00e1rio, com registro no \u00f3rg\u00e3o fiscalizador do exerc\u00edcio profissional.\" data-balloon-pos=\"up\">M\u00e9dico Veterin\u00e1rio<\/span><\/td>\r\n<td class=\"cvagas\">1 + CR<\/td>\r\n<td class=\"cremuneracao\">R$ 5.932,15 \/40h<\/td>\r\n<\/tr><tr>\r\n<td class=\"ccargos\">\r\n<span data-balloon-length=\"medium\" aria-label=\"Gradua\u00e7\u00e3o com Licenciatura Plena na \u00e1rea de atua\u00e7\u00e3o.\" data-balloon-pos=\"up\">Professor de Anos Iniciais do Ensino Fundamental<\/span><\/td>\r\n<td class=\"cvagas\">CR<\/td>\r\n<td class=\"cremuneracao\">R$ 5.025,23 \/40h<\/td>\r\n<\/tr><tr>\r\n<td class=\"ccargos\">\r\n<span data-balloon-length=\"medium\" aria-label=\"Gradua\u00e7\u00e3o com Licenciatura Plena na \u00e1rea de atua\u00e7\u00e3o.\" data-balloon-pos=\"up\">Professor de Arte<\/span><\/td>\r\n<td class=\"cvagas\">CR<\/td>\r\n<td class=\"cremuneracao\">R$ 5.025,23 \/40h<\/td>\r\n<\/tr><tr>\r\n<td class=\"ccargos\">\r\n<span data-balloon-length=\"medium\" aria-label=\"Gradua\u00e7\u00e3o com Licenciatura Plena na \u00e1rea de atua\u00e7\u00e3o.\" data-balloon-pos=\"up\">Professor de Ci\u00eancias<\/span><\/td>\r\n<td class=\"cvagas\">CR<\/td>\r\n<td class=\"cremuneracao\">R$ 5.025,23 \/40h<\/td>\r\n<\/tr><tr>\r\n<td class=\"ccargos\">\r\n<span data-balloon-length=\"medium\" aria-label=\"Gradua\u00e7\u00e3o com Licenciatura Plena na \u00e1rea de atua\u00e7\u00e3o.\" data-balloon-pos=\"up\">Professor de Educa\u00e7\u00e3o B\u00e1sica - Inform\u00e1tica<\/span><\/td>\r\n<td class=\"cvagas\">CR<\/td>\r\n<td class=\"cremuneracao\">R$ 5.025,23 \/40h<\/td>\r\n<\/tr><tr>\r\n<td class=\"ccargos\">\r\n<span data-balloon-length=\"medium\" aria-label=\"Gradua\u00e7\u00e3o com Licenciatura Plena em Educa\u00e7\u00e3o F\u00edsica (conforme Resolu\u00e7\u00f5es n\u00ba 1 e 2\/2002 do CNE ou Resolu\u00e7\u00e3o n\u00ba 03\/87 do CFE) e registro no respectivo \u00f3rg\u00e3o fiscalizador da profiss\u00e3o.\" data-balloon-pos=\"up\">Professor de Educa\u00e7\u00e3o F\u00edsica<\/span><\/td>\r\n<td class=\"cvagas\">CR<\/td>\r\n<td class=\"cremuneracao\">R$ 5.025,23 \/40h<\/td>\r\n<\/tr><tr>\r\n<td class=\"ccargos\">\r\n<span data-balloon-length=\"medium\" aria-label=\"Gradua\u00e7\u00e3o com Licenciatura Plena na \u00e1rea de atua\u00e7\u00e3o.\" data-balloon-pos=\"up\">Professor de Educa\u00e7\u00e3o Infantil<\/span><\/td>\r\n<td class=\"cvagas\">CR<\/td>\r\n<td class=\"cremuneracao\">R$ 5.025,23 \/40h<\/td>\r\n<\/tr><tr>\r\n<td class=\"ccargos\">\r\n<span data-balloon-length=\"medium\" aria-label=\"Gradua\u00e7\u00e3o com Licenciatura Plena na \u00e1rea de atua\u00e7\u00e3o.\" data-balloon-pos=\"up\">Professor de Espanhol<\/span><\/td>\r\n<td class=\"cvagas\">CR<\/td>\r\n<td class=\"cremuneracao\">R$ 5.025,23 \/40h<\/td>\r\n<\/tr><tr>\r\n<td class=\"ccargos\">\r\n<span data-balloon-length=\"medium\" aria-label=\"Gradua\u00e7\u00e3o com Licenciatura Plena na \u00e1rea de atua\u00e7\u00e3o.\" data-balloon-pos=\"up\">Professor de Geografia<\/span><\/td>\r\n<td class=\"cvagas\">CR<\/td>\r\n<td class=\"cremuneracao\">R$ 5.025,23 \/40h<\/td>\r\n<\/tr><tr>\r\n<td class=\"ccargos\">\r\n<span data-balloon-length=\"medium\" aria-label=\"Gradua\u00e7\u00e3o com Licenciatura Plena na \u00e1rea de atua\u00e7\u00e3o.\" data-balloon-pos=\"up\">Professor de Hist\u00f3ria<\/span><\/td>\r\n<td class=\"cvagas\">CR<\/td>\r\n<td class=\"cremuneracao\">R$ 5.025,23 \/40h<\/td>\r\n<\/tr><tr>\r\n<td class=\"ccargos\">\r\n<span data-balloon-length=\"medium\" aria-label=\"Gradua\u00e7\u00e3o com Licenciatura Plena na \u00e1rea de atua\u00e7\u00e3o.\" data-balloon-pos=\"up\">Professor de Ingl\u00eas<\/span><\/td>\r\n<td class=\"cvagas\">CR<\/td>\r\n<td class=\"cremuneracao\">R$ 5.025,23 \/40h<\/td>\r\n<\/tr><tr>\r\n<td class=\"ccargos\">\r\n<span data-balloon-length=\"medium\" aria-label=\"Gradua\u00e7\u00e3o com Licenciatura Plena na \u00e1rea de atua\u00e7\u00e3o.\" data-balloon-pos=\"up\">Professor de L\u00edngua Portuguesa<\/span><\/td>\r\n<td class=\"cvagas\">CR<\/td>\r\n<td class=\"cremuneracao\">R$ 5.025,23 \/40h<\/td>\r\n<\/tr><tr>\r\n<td class=\"ccargos\">\r\n<span data-balloon-length=\"medium\" aria-label=\"Gradua\u00e7\u00e3o com Licenciatura Plena na \u00e1rea de atua\u00e7\u00e3o.\" data-balloon-pos=\"up\">Professor de Matem\u00e1tica<\/span><\/td>\r\n<td class=\"cvagas\">CR<\/td>\r\n<td class=\"cremuneracao\">R$ 5.025,23 \/40h<\/td>\r\n<\/tr>\r\n    <\/tbody>\r\n  <\/table>\r\n<\/div>"},"_links":{"self":[{"href":"https:\/\/www.agrobase.com.br\/concursos\/wp-json\/wp\/v2\/posts\/273346","targetHints":{"allow":["GET"]}}],"collection":[{"href":"https:\/\/www.agrobase.com.br\/concursos\/wp-json\/wp\/v2\/posts"}],"about":[{"href":"https:\/\/www.agrobase.com.br\/concursos\/wp-json\/wp\/v2\/types\/post"}],"author":[{"embeddable":true,"href":"https:\/\/www.agrobase.com.br\/concursos\/wp-json\/wp\/v2\/users\/7"}],"replies":[{"embeddable":true,"href":"https:\/\/www.agrobase.com.br\/concursos\/wp-json\/wp\/v2\/comments?post=273346"}],"version-history":[{"count":3,"href":"https:\/\/www.agrobase.com.br\/concursos\/wp-json\/wp\/v2\/posts\/273346\/revisions"}],"predecessor-version":[{"id":273351,"href":"https:\/\/www.agrobase.com.br\/concursos\/wp-json\/wp\/v2\/posts\/273346\/revisions\/273351"}],"wp:featuredmedia":[{"embeddable":true,"href":"https:\/\/www.agrobase.com.br\/concursos\/wp-json\/wp\/v2\/media\/273345"}],"wp:attachment":[{"href":"https:\/\/www.agrobase.com.br\/concursos\/wp-json\/wp\/v2\/media?parent=273346"}],"wp:term":[{"taxonomy":"category","embeddable":true,"href":"https:\/\/www.agrobase.com.br\/concursos\/wp-json\/wp\/v2\/categories?post=273346"},{"taxonomy":"post_tag","embeddable":true,"href":"https:\/\/www.agrobase.com.br\/concursos\/wp-json\/wp\/v2\/tags?post=273346"},{"taxonomy":"_amplo","embeddable":true,"href":"https:\/\/www.agrobase.com.br\/concursos\/wp-json\/wp\/v2\/_amplo?post=273346"},{"taxonomy":"destaque","embeddable":true,"href":"https:\/\/www.agrobase.com.br\/concursos\/wp-json\/wp\/v2\/destaque?post=273346"},{"taxonomy":"instituicoes","embeddable":true,"href":"https:\/\/www.agrobase.com.br\/concursos\/wp-json\/wp\/v2\/instituicoes?post=273346"}],"curies":[{"name":"wp","href":"https:\/\/api.w.org\/{rel}","templated":true}]}}