{"id":273330,"date":"2025-11-03T08:00:30","date_gmt":"2025-11-03T11:00:30","guid":{"rendered":"https:\/\/www.agrobase.com.br\/concursos\/?p=273330"},"modified":"2025-10-31T13:25:03","modified_gmt":"2025-10-31T16:25:03","slug":"ufu-mg-selecao-simplificada-184-2025","status":"publish","type":"post","link":"https:\/\/www.agrobase.com.br\/concursos\/2025\/ufu-mg-selecao-simplificada-184-2025\/","title":{"rendered":"UFU (MG) &#8211; Sele\u00e7\u00e3o Simplificada 184\/2025"},"content":{"rendered":"<h2>Informa\u00e7\u00f5es Gerais<\/h2>\n<p>O edital do processo seletivo simplificado da <strong>Universidade Federal de Uberl\u00e2ndia (UFU)<\/strong>, publicado pela Pr\u00f3-Reitoria de Gest\u00e3o de Pessoas, visa \u00e0 contrata\u00e7\u00e3o tempor\u00e1ria de <strong>professores substitutos<\/strong>, conforme as normas da Lei n\u00ba 8.745\/1993. O certame, regido pelo edital geral e editais complementares por \u00e1rea, oferece <strong>13 vagas<\/strong> imediatas para atua\u00e7\u00e3o em diferentes unidades acad\u00eamicas da UFU.<\/p>\n<p>As contrata\u00e7\u00f5es ser\u00e3o realizadas sob o <strong>regime jur\u00eddico especial<\/strong>, com contratos de at\u00e9 um ano, prorrog\u00e1veis por igual per\u00edodo, conforme a necessidade institucional. As oportunidades s\u00e3o destinadas a profissionais com <strong>n\u00edvel superior<\/strong> e titula\u00e7\u00e3o m\u00ednima de especializa\u00e7\u00e3o, mestrado ou doutorado, conforme a \u00e1rea de atua\u00e7\u00e3o.<\/p>\n<p>As vagas abrangem diversas \u00e1reas do conhecimento, incluindo setores de interesse como <strong>Ci\u00eancias Biol\u00f3gicas<\/strong>, <strong>Bot\u00e2nica<\/strong>, <strong>Educa\u00e7\u00e3o em Ci\u00eancias e Biologia<\/strong> e <strong>Medicina Veterin\u00e1ria<\/strong>, com remunera\u00e7\u00f5es que variam de <strong>R$ 3.590,43 a R$ 9.058,29<\/strong>, de acordo com a titula\u00e7\u00e3o e carga hor\u00e1ria.<\/p>\n<p>Se voc\u00ea busca uma oportunidade docente em institui\u00e7\u00e3o federal de ensino superior, continue a leitura para conhecer os detalhes sobre inscri\u00e7\u00f5es, etapas e resultados.<\/p>\n<h2>Inscri\u00e7\u00f5es<\/h2>\n<p>As inscri\u00e7\u00f5es para o processo seletivo da UFU est\u00e3o <strong>abertas<\/strong> e devem ser realizadas <strong>exclusivamente online<\/strong>, por meio do site <a href=\"https:\/\/www.portalselecao.ufu.br\" target=\"_blank\" rel=\"noopener\">https:\/\/www.portalselecao.ufu.br<\/a>, entre <strong>29 de outubro de 2025, \u00e0s 15h<\/strong>, e <strong>13 de novembro de 2025, at\u00e9 \u00e0s 14h59<\/strong>.<\/p>\n<p>A taxa de inscri\u00e7\u00e3o \u00e9 de <strong>R$ 216,00<\/strong> para todos os candidatos, com pagamento at\u00e9 o dia <strong>14\/11\/2025<\/strong> na rede banc\u00e1ria. A confirma\u00e7\u00e3o do pagamento ser\u00e1 disponibilizada no sistema em at\u00e9 tr\u00eas dias \u00fateis ap\u00f3s a quita\u00e7\u00e3o do boleto.<\/p>\n<p>Candidatos de baixa renda inscritos no Cad\u00danico podem solicitar <strong>isen\u00e7\u00e3o da taxa<\/strong> no ato da inscri\u00e7\u00e3o, entre os dias <strong>29\/10 e 06\/11\/2025<\/strong>, informando o NIS v\u00e1lido. O resultado da solicita\u00e7\u00e3o ser\u00e1 divulgado na \u00e1rea restrita do candidato no site da sele\u00e7\u00e3o.<\/p>\n<p>\u00c9 fundamental preencher corretamente os formul\u00e1rios e acompanhar o status da inscri\u00e7\u00e3o acessando a se\u00e7\u00e3o <em>Detalhes da sua inscri\u00e7\u00e3o<\/em> com CPF e senha. Em caso de d\u00favidas ou problemas, utilize a fun\u00e7\u00e3o <em>Solicitar Atendimento<\/em> no site.<\/p>\n<p>Recomenda-se a leitura atenta do edital completo para conhecer todos os crit\u00e9rios, prazos e exig\u00eancias.<\/p>\n<h2>Etapas e Provas<\/h2>\n<p>O processo seletivo da UFU ser\u00e1 composto por <strong>etapas distintas<\/strong>, definidas em editais complementares espec\u00edficos para cada \u00e1rea. As modalidades de avalia\u00e7\u00e3o poder\u00e3o incluir:<\/p>\n<ul>\n<li><strong>Prova escrita<\/strong> (eliminat\u00f3ria e classificat\u00f3ria): quest\u00f5es objetivas, discursivas ou disserta\u00e7\u00e3o, com dura\u00e7\u00e3o de at\u00e9 4 horas. Exige-se dom\u00ednio da norma padr\u00e3o do idioma e ser\u00e1 avaliada com base em crit\u00e9rios como conte\u00fado, clareza e fundamenta\u00e7\u00e3o te\u00f3rica.<\/li>\n<li><strong>Prova did\u00e1tica<\/strong> (eliminat\u00f3ria e classificat\u00f3ria): apresenta\u00e7\u00e3o de aula com dura\u00e7\u00e3o entre 40 e 50 minutos, com argui\u00e7\u00e3o posterior. O tema ser\u00e1 sorteado com 24 a 36 horas de anteced\u00eancia.<\/li>\n<li><strong>Prova pr\u00e1tica<\/strong> (eliminat\u00f3ria e\/ou classificat\u00f3ria): execu\u00e7\u00e3o de atividades relacionadas \u00e0 \u00e1rea, conforme especifica\u00e7\u00f5es do edital complementar.<\/li>\n<li><strong>Prova oral<\/strong> (eliminat\u00f3ria e\/ou classificat\u00f3ria): argui\u00e7\u00e3o sobre temas do conte\u00fado program\u00e1tico, com at\u00e9 50 minutos de dura\u00e7\u00e3o.<\/li>\n<li><strong>Defesa de projeto<\/strong> (eliminat\u00f3ria e\/ou classificat\u00f3ria): apresenta\u00e7\u00e3o e argui\u00e7\u00e3o de projeto acad\u00eamico ou profissional.<\/li>\n<li><strong>An\u00e1lise de t\u00edtulos e experi\u00eancia profissional<\/strong> (classificat\u00f3ria): pontua\u00e7\u00e3o baseada em titula\u00e7\u00e3o, experi\u00eancia docente, produ\u00e7\u00e3o intelectual, entre outros.<\/li>\n<\/ul>\n<p>Cada prova ser\u00e1 avaliada com nota de at\u00e9 100 pontos, com pesos definidos nos editais complementares. A classifica\u00e7\u00e3o final ser\u00e1 feita pela soma ponderada das notas. Ser\u00e3o desclassificados os candidatos que obtiverem nota inferior a 70 pontos em provas eliminat\u00f3rias.<\/p>\n<p>Para detalhes sobre cronograma, crit\u00e9rios de avalia\u00e7\u00e3o e conte\u00fado program\u00e1tico, consulte o edital complementar da vaga de interesse.<\/p>\n<h2>Resultados e Gabarito<\/h2>\n<p>O resultado do deferimento das inscri\u00e7\u00f5es ser\u00e1 divulgado em at\u00e9 <strong>3 dias \u00fateis<\/strong> ap\u00f3s o prazo de pagamento da taxa, no site <a href=\"https:\/\/www.portalselecao.ufu.br\" target=\"_blank\" rel=\"noopener\">https:\/\/www.portalselecao.ufu.br<\/a>. Em caso de indeferimento, o candidato poder\u00e1 interpor recurso em at\u00e9 <strong>2 dias \u00fateis<\/strong> pelo e-mail <em>recurso@dirps.ufu.br<\/em>.<\/p>\n<p>Os resultados de isen\u00e7\u00e3o da taxa, atendimento especializado e demais solicita\u00e7\u00f5es tamb\u00e9m estar\u00e3o dispon\u00edveis na \u00e1rea restrita do candidato no site da sele\u00e7\u00e3o.<\/p>\n<p>O <strong>resultado provis\u00f3rio<\/strong> do procedimento de heteroidentifica\u00e7\u00e3o ser\u00e1 publicado at\u00e9 <strong>5 dias \u00fateis<\/strong> ap\u00f3s sua realiza\u00e7\u00e3o, com possibilidade de recurso. O <strong>resultado definitivo<\/strong> ser\u00e1 divulgado posteriormente, sem previs\u00e3o de novo recurso.<\/p>\n<p>O <strong>resultado final<\/strong> do processo seletivo ser\u00e1 homologado pela Pr\u00f3-Reitoria de Gest\u00e3o de Pessoas e publicado no <strong>Di\u00e1rio Oficial da Uni\u00e3o<\/strong>, al\u00e9m de estar dispon\u00edvel no site da sele\u00e7\u00e3o. A homologa\u00e7\u00e3o ser\u00e1 feita por \u00e1rea\/sub\u00e1rea, com listas independentes de classificados.<\/p>\n<p>\u00c9 responsabilidade exclusiva do candidato acompanhar todas as publica\u00e7\u00f5es oficiais no site da banca organizadora e no Di\u00e1rio Oficial da Uni\u00e3o.<\/p>\n","protected":false},"excerpt":{"rendered":"<p>Sel. Simplificada UFU (MG) com edital publicado! Vagas p\/ Eng. Mec\u00e2nica e Odontopediatria (Superior). Inscri\u00e7\u00f5es a partir de 29\/10. Sal\u00e1rios at\u00e9 R$ 9k. Confira detalhes!<\/p>\n","protected":false},"author":7,"featured_media":273329,"comment_status":"open","ping_status":"open","sticky":false,"template":"","format":"standard","meta":{"_acf_changed":false,"_breakdance_hide_in_design_set":false,"_breakdance_tags":"","footnotes":""},"categories":[6433,7,126,10,11,6434,12,151,103,104,102,18,21,22,119,23,24,26],"tags":[50],"_amplo":[],"destaque":[],"instituicoes":[],"class_list":["post-273330","post","type-post","status-publish","format-standard","has-post-thumbnail","hentry","category-biologia-licenciatura","category-biomedicina","category-ciencia-computacao","category-direito","category-educacao-fisica","category-educacao-fisica-licenciatura","category-enfermagem","category-engenharia-computacao","category-engenharia-eletrica","category-engenharia-mecanica","category-engenharia-quimica","category-fisioterapia","category-medicina","category-veterinaria","category-musica","category-nutricao","category-odontologia","category-psicologia","tag-minas-gerais"],"acf":{"_tipo_vagas":"vagas","_numero_vagas":"","_quadro_vagas":"","_cargos":"diversos","_cargos_especificos":"","_salario_max":"R$ 9058.29","_abertura":"20251029","_encerramento":"20251113","_inscricoes":"https:\/\/www.portalselecao.ufu.br","_executora_concurso":"","_instituicao_concurso":[],"_link_adicional":null,"_anexos":null,"_produtos":null,"_vagas":"13 vagas","_salario_min":"R$ 3590.43","_instituicao":"UFU","_edital":"https:\/\/www.agrobase.com.br\/concursos\/wp-content\/uploads\/sites\/4\/2025\/10\/edital-184-2025-ufu-mg.pdf","_anexos_edital":"","_fund_incompleto":"","_fund_completo":"","_medio":"","_superior":"<div>\r\n<table class=\"quadro\">\r\n<thead>\r\n<tr>\r\n<th class=\"hcargo\">Cargo<\/th>\r\n<th class=\"hvagas\">Vagas<\/th>\r\n<th class=\"hremuneracao\">Remunera\u00e7\u00e3o<\/th>\r\n<\/tr>\r\n<\/thead>\r\n    <tbody>\r\n      <tr>\r\n<td class=\"ccargos\">\r\n<span data-balloon-length=\"medium\" aria-label=\"Gradua\u00e7\u00e3o em Engenharia e Mestrado em Engenharia Mec\u00e2nica\" data-balloon-pos=\"up\">Engenharia Mec\u00e2nica (30500001)\/Sub\u00e1reas: Fen\u00f4menos de Transportes (30501008), Transfer\u00eancia de Calor (30501016), Mec\u00e2nica dos Fluidos (30501024), Termodin\u00e2mica (30502012)<\/span><\/td>\r\n<td class=\"cvagas\">01<\/td>\r\n<td class=\"cremuneracao\">R$ 6.949,07 \/40h<\/td>\r\n<\/tr><tr>\r\n<td class=\"ccargos\">\r\n<span data-balloon-length=\"medium\" aria-label=\"Gradua\u00e7\u00e3o em Ci\u00eancias Biol\u00f3gicas, ou Medicina, ou Biomedicina, ou Enfermagem, ou Psicologia, ou Odontologia, ou Nutri\u00e7\u00e3o, ou Fisioterapia, ou Educa\u00e7\u00e3o F\u00edsica, ou Engenharia Biom\u00e9dica, ou F\u00edsica M\u00e9dica, ou Sa\u00fade Coletiva, e Mestrado nas \u00c1reas de Ci\u00eancias Biol\u00f3gicas I, ou Ci\u00eancias Biol\u00f3gicas II, ou Ci\u00eancias da Sa\u00fade, ou Engenharias IV\" data-balloon-pos=\"up\">Ci\u00eancias Biol\u00f3gicas\/Sub\u00e1rea: Morfologia\/Anatomia Humana<\/span><\/td>\r\n<td class=\"cvagas\">01<\/td>\r\n<td class=\"cremuneracao\">R$ 6.949,07 \/40h<\/td>\r\n<\/tr><tr>\r\n<td class=\"ccargos\">\r\n<span data-balloon-length=\"medium\" aria-label=\"Gradua\u00e7\u00e3o em Odontologia e Mestrado em Odontologia ou Cl\u00ednica Odontol\u00f3gica ou Ci\u00eancias Odontol\u00f3gicas ou Reabilita\u00e7\u00e3o Oral ou Materiais Odontol\u00f3gicos ou Odontologia Restauradora ou Dent\u00edstica\" data-balloon-pos=\"up\">Dent\u00edstica e Materiais Odontol\u00f3gicos<\/span><\/td>\r\n<td class=\"cvagas\">01<\/td>\r\n<td class=\"cremuneracao\">R$ 6.949,07 \/40h<\/td>\r\n<\/tr><tr>\r\n<td class=\"ccargos\">\r\n<span data-balloon-length=\"medium\" aria-label=\"Mestrado na \u00e1rea de Engenharia de Computa\u00e7\u00e3o, ou Ci\u00eancia da Computa\u00e7\u00e3o ou Sistemas de Informa\u00e7\u00e3o, ou \u00e1reas da Engenharia I, ou Engenharia II, ou Engenharia III, ou Engenharia IV da Tabela Capes.\" data-balloon-pos=\"up\">Engenharia El\u00e9trica\/Engenharia de Computa\u00e7\u00e3o<\/span><\/td>\r\n<td class=\"cvagas\">01<\/td>\r\n<td class=\"cremuneracao\">R$ 6.949,07 \/40h<\/td>\r\n<\/tr><tr>\r\n<td class=\"ccargos\">\r\n<span data-balloon-length=\"medium\" aria-label=\"Gradua\u00e7\u00e3o em Odontologia e Especializa\u00e7\u00e3o em Odontopediatria\" data-balloon-pos=\"up\">Odontologia Pedi\u00e1trica\/Odontopediatria<\/span><\/td>\r\n<td class=\"cvagas\">01<\/td>\r\n<td class=\"cremuneracao\">R$ 5.975,59 \/40h<\/td>\r\n<\/tr><tr>\r\n<td class=\"ccargos\">\r\n<span data-balloon-length=\"medium\" aria-label=\"Gradua\u00e7\u00e3o em Ci\u00eancias Biol\u00f3gicas e ser portador do t\u00edtulo de doutor em Bot\u00e2nica ou Biologia Vegetal\" data-balloon-pos=\"up\">Bot\u00e2nica<\/span><\/td>\r\n<td class=\"cvagas\">01<\/td>\r\n<td class=\"cremuneracao\">R$ 9.058,29 \/40h<\/td>\r\n<\/tr><tr>\r\n<td class=\"ccargos\">\r\n<span data-balloon-length=\"medium\" aria-label=\"Licenciatura em Ci\u00eancias Biol\u00f3gicas e Doutorado em Educa\u00e7\u00e3o\" data-balloon-pos=\"up\">Educa\u00e7\u00e3o em Ci\u00eancias e Biologia<\/span><\/td>\r\n<td class=\"cvagas\">01<\/td>\r\n<td class=\"cremuneracao\">R$ 9.058,29 \/40h<\/td>\r\n<\/tr><tr>\r\n<td class=\"ccargos\">\r\n<span data-balloon-length=\"medium\" aria-label=\"Gradua\u00e7\u00e3o em M\u00fasica-Habilita\u00e7\u00e3o em Piano (Bacharelado) ou Gradua\u00e7\u00e3o em M\u00fasica-Habilita\u00e7\u00e3o em Instrumento: Piano (Licenciatura) com Mestrado em M\u00fasica\" data-balloon-pos=\"up\">M\u00fasica\/Piano<\/span><\/td>\r\n<td class=\"cvagas\">01<\/td>\r\n<td class=\"cremuneracao\">R$ 6.949,07 \/40h<\/td>\r\n<\/tr><tr>\r\n<td class=\"ccargos\">\r\n<span data-balloon-length=\"medium\" aria-label=\"Gradua\u00e7\u00e3o em Engenharia Qu\u00edmica com Mestrado em Engenharia Qu\u00edmica\" data-balloon-pos=\"up\">Engenharia Qu\u00edmica<\/span><\/td>\r\n<td class=\"cvagas\">01<\/td>\r\n<td class=\"cremuneracao\">R$ 4.363,04 \/20h<\/td>\r\n<\/tr><tr>\r\n<td class=\"ccargos\">\r\n<span data-balloon-length=\"medium\" aria-label=\"Gradua\u00e7\u00e3o em Medicina com registro ativo no CRM; Resid\u00eancia em Cirurgia Geral reconhecida pelo MEC\" data-balloon-pos=\"up\">Medicina\/Cirurgia Geral<\/span><\/td>\r\n<td class=\"cvagas\">01<\/td>\r\n<td class=\"cremuneracao\">R$ 3.899,47 \/20h<\/td>\r\n<\/tr><tr>\r\n<td class=\"ccargos\">\r\n<span data-balloon-length=\"medium\" aria-label=\"Gradua\u00e7\u00e3o em Educa\u00e7\u00e3o F\u00edsica \u2013 Grau Licenciatura, com Mestrado em Educa\u00e7\u00e3o F\u00edsica ou Educa\u00e7\u00e3o\" data-balloon-pos=\"up\">Forma\u00e7\u00e3o em Educa\u00e7\u00e3o F\u00edsica: Fundamentos hist\u00f3ricos, filos\u00f3ficos, socioculturais e organiza\u00e7\u00e3o de eventos<\/span><\/td>\r\n<td class=\"cvagas\">01<\/td>\r\n<td class=\"cremuneracao\">R$ 6.949,07 \/40h<\/td>\r\n<\/tr><tr>\r\n<td class=\"ccargos\">\r\n<span data-balloon-length=\"medium\" aria-label=\"Gradua\u00e7\u00e3o em Medicina Veterin\u00e1ria\" data-balloon-pos=\"up\">Medicina Veterin\u00e1ria\/Reprodu\u00e7\u00e3o Animal<\/span><\/td>\r\n<td class=\"cvagas\">01<\/td>\r\n<td class=\"cremuneracao\">R$ 5.326,60 \/40h<\/td>\r\n<\/tr><tr>\r\n<td class=\"ccargos\">\r\n<span data-balloon-length=\"medium\" aria-label=\"Mestrado em Direito\" data-balloon-pos=\"up\">Direito Civil<\/span><\/td>\r\n<td class=\"cvagas\">01<\/td>\r\n<td class=\"cremuneracao\">R$ 6.949,07 \/40h<\/td>\r\n<\/tr>\r\n    <\/tbody>\r\n  <\/table>\r\n<\/div>"},"_links":{"self":[{"href":"https:\/\/www.agrobase.com.br\/concursos\/wp-json\/wp\/v2\/posts\/273330","targetHints":{"allow":["GET"]}}],"collection":[{"href":"https:\/\/www.agrobase.com.br\/concursos\/wp-json\/wp\/v2\/posts"}],"about":[{"href":"https:\/\/www.agrobase.com.br\/concursos\/wp-json\/wp\/v2\/types\/post"}],"author":[{"embeddable":true,"href":"https:\/\/www.agrobase.com.br\/concursos\/wp-json\/wp\/v2\/users\/7"}],"replies":[{"embeddable":true,"href":"https:\/\/www.agrobase.com.br\/concursos\/wp-json\/wp\/v2\/comments?post=273330"}],"version-history":[{"count":1,"href":"https:\/\/www.agrobase.com.br\/concursos\/wp-json\/wp\/v2\/posts\/273330\/revisions"}],"predecessor-version":[{"id":273332,"href":"https:\/\/www.agrobase.com.br\/concursos\/wp-json\/wp\/v2\/posts\/273330\/revisions\/273332"}],"wp:featuredmedia":[{"embeddable":true,"href":"https:\/\/www.agrobase.com.br\/concursos\/wp-json\/wp\/v2\/media\/273329"}],"wp:attachment":[{"href":"https:\/\/www.agrobase.com.br\/concursos\/wp-json\/wp\/v2\/media?parent=273330"}],"wp:term":[{"taxonomy":"category","embeddable":true,"href":"https:\/\/www.agrobase.com.br\/concursos\/wp-json\/wp\/v2\/categories?post=273330"},{"taxonomy":"post_tag","embeddable":true,"href":"https:\/\/www.agrobase.com.br\/concursos\/wp-json\/wp\/v2\/tags?post=273330"},{"taxonomy":"_amplo","embeddable":true,"href":"https:\/\/www.agrobase.com.br\/concursos\/wp-json\/wp\/v2\/_amplo?post=273330"},{"taxonomy":"destaque","embeddable":true,"href":"https:\/\/www.agrobase.com.br\/concursos\/wp-json\/wp\/v2\/destaque?post=273330"},{"taxonomy":"instituicoes","embeddable":true,"href":"https:\/\/www.agrobase.com.br\/concursos\/wp-json\/wp\/v2\/instituicoes?post=273330"}],"curies":[{"name":"wp","href":"https:\/\/api.w.org\/{rel}","templated":true}]}}