{"id":273325,"date":"2025-11-03T07:50:07","date_gmt":"2025-11-03T10:50:07","guid":{"rendered":"https:\/\/www.agrobase.com.br\/concursos\/?p=273325"},"modified":"2025-10-31T13:22:32","modified_gmt":"2025-10-31T16:22:32","slug":"ses-sc-sc-concurso-01-2025","status":"publish","type":"post","link":"https:\/\/www.agrobase.com.br\/concursos\/2025\/ses-sc-sc-concurso-01-2025\/","title":{"rendered":"SES SC (SC) &#8211; Concurso 01\/2025"},"content":{"rendered":"<h2>Informa\u00e7\u00f5es Gerais<\/h2>\n<p>O concurso p\u00fablico da Secretaria de Estado da Sa\u00fade de Santa Catarina (SES\/SC), regido pelo Edital n\u00ba 001\/2024, est\u00e1 com edital publicado e oferece <strong>511 vagas imediatas<\/strong> mais forma\u00e7\u00e3o de cadastro reserva para diversos cargos de n\u00edveis m\u00e9dio, t\u00e9cnico e superior. A sele\u00e7\u00e3o ser\u00e1 executada pelo Instituto AOCP e os aprovados ser\u00e3o contratados sob o regime estatut\u00e1rio, conforme a Lei n\u00ba 6.745\/1985.<\/p>\n<p>As oportunidades abrangem \u00e1reas administrativas, t\u00e9cnicas e da sa\u00fade, com destaque para cargos de interesse como <strong>Bi\u00f3logo, M\u00e9dico Veterin\u00e1rio, Nutricionista<\/strong> e outros profissionais da sa\u00fade. As remunera\u00e7\u00f5es variam entre <strong>R$ 4.102,20<\/strong> e <strong>R$ 9.499,54<\/strong>, com jornadas de trabalho entre 20h e 30h semanais, conforme o cargo.<\/p>\n<p>O certame contempla ampla distribui\u00e7\u00e3o de vagas em unidades da SES\/SC em todo o estado, sendo uma excelente oportunidade para quem busca estabilidade e carreira p\u00fablica na \u00e1rea da sa\u00fade. Confira a seguir os detalhes sobre inscri\u00e7\u00f5es, etapas e cronograma de resultados.<\/p>\n<h2>Inscri\u00e7\u00f5es<\/h2>\n<p>As inscri\u00e7\u00f5es para o concurso da SES\/SC estar\u00e3o abertas <strong>de 15 de outubro a 13 de novembro de 2025<\/strong>, exclusivamente pela internet, no site do Instituto AOCP: <a href=\"https:\/\/www.institutoaocp.org.br\" target=\"_blank\" rel=\"noopener\">www.institutoaocp.org.br<\/a>.<\/p>\n<p>Para se inscrever, o candidato deve preencher o formul\u00e1rio eletr\u00f4nico, selecionar o cargo, cidade da vaga e local de prova, e gerar o Documento de Arrecada\u00e7\u00e3o de Receitas Estaduais (DARE). As taxas de inscri\u00e7\u00e3o variam conforme o n\u00edvel de escolaridade do cargo, conforme indicado no edital.<\/p>\n<p>O pagamento do DARE deve ser feito at\u00e9 a data de vencimento especificada no cronograma. Caso o boleto expire, \u00e9 poss\u00edvel emitir segunda via no mesmo site. Aten\u00e7\u00e3o: <strong>pagamentos ap\u00f3s o prazo n\u00e3o ser\u00e3o aceitos<\/strong> e n\u00e3o haver\u00e1 reembolso, salvo em caso de anula\u00e7\u00e3o do concurso.<\/p>\n<p>O candidato deve acompanhar o status da inscri\u00e7\u00e3o na \u00e1rea restrita do site da banca. A leitura completa do edital \u00e9 indispens\u00e1vel para entender todas as regras e prazos do processo seletivo.<\/p>\n<h2>Etapas e Provas<\/h2>\n<p>O concurso da SES\/SC ser\u00e1 composto por <strong>Prova Objetiva<\/strong>, de car\u00e1ter eliminat\u00f3rio e classificat\u00f3rio, aplicada a todos os cargos. Para os cargos de n\u00edvel superior, haver\u00e1 tamb\u00e9m <strong>Prova de T\u00edtulos<\/strong>, de car\u00e1ter classificat\u00f3rio.<\/p>\n<ul>\n<li><strong>Prova Objetiva:<\/strong> composta por quest\u00f5es de m\u00faltipla escolha, com dura\u00e7\u00e3o de 4 horas. As disciplinas cobradas incluem <em>L\u00edngua Portuguesa, Legisla\u00e7\u00e3o e Conhecimentos Espec\u00edficos<\/em>, conforme o cargo.<\/li>\n<li><strong>Prova de T\u00edtulos:<\/strong> exclusiva para cargos de n\u00edvel superior, avalia a forma\u00e7\u00e3o acad\u00eamica e experi\u00eancia profissional, conforme crit\u00e9rios estabelecidos no edital.<\/li>\n<\/ul>\n<p>A aplica\u00e7\u00e3o da prova objetiva ocorrer\u00e1 nas cidades de Blumenau, Chapec\u00f3, Crici\u00fama, Florian\u00f3polis, Itaja\u00ed, Joa\u00e7aba, Joinville e Lages, podendo ser estendida a munic\u00edpios vizinhos. O local exato e o hor\u00e1rio ser\u00e3o informados no Cart\u00e3o de Informa\u00e7\u00e3o do Candidato, dispon\u00edvel no site da banca.<\/p>\n<p>\u00c9 fundamental que o candidato leia atentamente o edital para conhecer os crit\u00e9rios de pontua\u00e7\u00e3o, conte\u00fados exigidos e demais orienta\u00e7\u00f5es sobre o cronograma e regras de aplica\u00e7\u00e3o das provas.<\/p>\n<h2>Resultados e Gabarito<\/h2>\n<p>O cronograma de resultados do concurso da SES\/SC ser\u00e1 divulgado no site do Instituto AOCP. O edital de deferimento das inscri\u00e7\u00f5es trar\u00e1 a lista de candidatos por modalidade (ampla concorr\u00eancia, PcD e condi\u00e7\u00f5es especiais).<\/p>\n<p>O <strong>gabarito preliminar<\/strong> da prova objetiva ser\u00e1 publicado at\u00e9 um dia ap\u00f3s sua aplica\u00e7\u00e3o. Os candidatos poder\u00e3o interpor recursos em at\u00e9 dois dias \u00fateis ap\u00f3s a publica\u00e7\u00e3o de cada resultado parcial, por meio do site da banca.<\/p>\n<p>O <strong>resultado final<\/strong> ser\u00e1 divulgado em duas listas: uma geral (incluindo PcDs) e outra exclusiva para candidatos com defici\u00eancia, ambas por cargo e em ordem classificat\u00f3ria. Para cargos de n\u00edvel m\u00e9dio, a nota final corresponder\u00e1 \u00e0 nota da prova objetiva. Para cargos de n\u00edvel superior, ser\u00e1 a soma da prova objetiva com a prova de t\u00edtulos.<\/p>\n<p>Em caso de empate, ser\u00e3o aplicados crit\u00e9rios como idade (para idosos), maior pontua\u00e7\u00e3o em disciplinas espec\u00edficas e sorteio pela Loteria Federal.<\/p>\n<p>O concurso ser\u00e1 homologado pela SES\/SC e publicado no Di\u00e1rio Oficial do Estado e no site da banca. A convoca\u00e7\u00e3o dos aprovados ser\u00e1 feita conforme necessidade da administra\u00e7\u00e3o p\u00fablica, sendo responsabilidade do candidato acompanhar todas as publica\u00e7\u00f5es oficiais.<\/p>\n","protected":false},"excerpt":{"rendered":"<p>Concurso SES (SC) com edital publicado! Vagas p\/ M\u00e9dico, T\u00e9cnico Adm. (M\u00e9dio a Sup.). Inscri\u00e7\u00f5es a partir de 15\/10. Sal\u00e1rios at\u00e9 R$ 9.4k. Confira detalhes!<\/p>\n","protected":false},"author":7,"featured_media":273324,"comment_status":"open","ping_status":"open","sticky":false,"template":"","format":"standard","meta":{"_acf_changed":false,"_breakdance_hide_in_design_set":false,"_breakdance_tags":"","footnotes":""},"categories":[5,6,6433,7,9,117,11,12,16,17,18,19,21,22,23,24,26,101,108,161,134],"tags":[61],"_amplo":[],"destaque":[],"instituicoes":[],"class_list":["post-273325","post","type-post","status-publish","format-standard","has-post-thumbnail","hentry","category-arquitetura","category-biologia","category-biologia-licenciatura","category-biomedicina","category-ciencias-contabeis","category-economia","category-educacao-fisica","category-enfermagem","category-engenharia-sanitaria","category-farmacia","category-fisioterapia","category-fonoaudiologia","category-medicina","category-veterinaria","category-nutricao","category-odontologia","category-psicologia","category-servico-social","category-tecnico-enfermagem","category-tecnico-laboratorio","category-terapia-ocupacional","tag-santa-catarina"],"acf":{"_tipo_vagas":"vagas","_numero_vagas":"","_quadro_vagas":"","_cargos":"diversos","_cargos_especificos":"","_salario_max":"R$ 9499.54","_abertura":"20251015","_encerramento":"20251113","_inscricoes":"https:\/\/www.institutoaocp.org.br","_executora_concurso":"","_instituicao_concurso":[],"_link_adicional":null,"_anexos":null,"_produtos":null,"_vagas":"511 vagas + CR","_salario_min":"R$ 4102.2","_instituicao":"SES SC","_edital":"https:\/\/www.agrobase.com.br\/concursos\/wp-content\/uploads\/sites\/4\/2025\/10\/edital-01-2025-ses-sc.pdf","_anexos_edital":"https:\/\/www.agrobase.com.br\/concursos\/wp-content\/uploads\/sites\/4\/2025\/10\/anexos-edital-01-2025-ses-sc.pdf","_fund_incompleto":"","_fund_completo":"","_medio":"<div>\r\n<table class=\"quadro\">\r\n<thead>\r\n<tr>\r\n<th class=\"hcargo\">Cargo<\/th>\r\n<th class=\"hvagas\">Vagas<\/th>\r\n<th class=\"hremuneracao\">Remunera\u00e7\u00e3o<\/th>\r\n<\/tr>\r\n<\/thead>\r\n    <tbody>\r\n      <td class=\"ccargos\">\r\n<span data-balloon-length=\"medium\" aria-label=\"Requisitos b\u00e1sicos gerais (idade m\u00ednima 18 anos, nacionalidade brasileira ou portuguesa, quita\u00e7\u00e3o eleitoral e militar, aptid\u00e3o f\u00edsica e mental) e requisitos espec\u00edficos de forma\u00e7\u00e3o e registro profissional conforme Anexo II do edital.\" data-balloon-pos=\"up\">MOTORISTA<\/span><\/td>\r\n<td class=\"cvagas\">4 + CR<\/td>\r\n<td class=\"cremuneracao\">R$ 4.102,20 \/30h<\/td>\r\n<\/tr><td class=\"ccargos\">\r\n<span data-balloon-length=\"medium\" aria-label=\"Requisitos b\u00e1sicos gerais (idade m\u00ednima 18 anos, nacionalidade brasileira ou portuguesa, quita\u00e7\u00e3o eleitoral e militar, aptid\u00e3o f\u00edsica e mental) e requisitos espec\u00edficos de forma\u00e7\u00e3o e registro profissional conforme Anexo II do edital.\" data-balloon-pos=\"up\">T\u00c9CNICO EM ATIVIDADES ADMINISTRATIVAS<\/span><\/td>\r\n<td class=\"cvagas\">251 + CR<\/td>\r\n<td class=\"cremuneracao\">R$ 4.102,20 \/30h<\/td>\r\n<\/tr><td class=\"ccargos\">\r\n<span data-balloon-length=\"medium\" aria-label=\"Requisitos b\u00e1sicos gerais (idade m\u00ednima 18 anos, nacionalidade brasileira ou portuguesa, quita\u00e7\u00e3o eleitoral e militar, aptid\u00e3o f\u00edsica e mental) e requisitos espec\u00edficos de forma\u00e7\u00e3o e registro profissional conforme Anexo II do edital.\" data-balloon-pos=\"up\">T\u00c9CNICO EM EDIFICA\u00c7\u00d5ES<\/span><\/td>\r\n<td class=\"cvagas\">CR<\/td>\r\n<td class=\"cremuneracao\">R$ 4.102,20 \/30h<\/td>\r\n<\/tr><td class=\"ccargos\">\r\n<span data-balloon-length=\"medium\" aria-label=\"Requisitos b\u00e1sicos gerais (idade m\u00ednima 18 anos, nacionalidade brasileira ou portuguesa, quita\u00e7\u00e3o eleitoral e militar, aptid\u00e3o f\u00edsica e mental) e requisitos espec\u00edficos de forma\u00e7\u00e3o e registro profissional conforme Anexo II do edital.\" data-balloon-pos=\"up\">T\u00c9CNICO EM LABORAT\u00d3RIO<\/span><\/td>\r\n<td class=\"cvagas\">10 + CR<\/td>\r\n<td class=\"cremuneracao\">R$ 4.102,20 \/30h<\/td>\r\n<\/tr><td class=\"ccargos\">\r\n<span data-balloon-length=\"medium\" aria-label=\"Requisitos b\u00e1sicos gerais (idade m\u00ednima 18 anos, nacionalidade brasileira ou portuguesa, quita\u00e7\u00e3o eleitoral e militar, aptid\u00e3o f\u00edsica e mental) e requisitos espec\u00edficos de forma\u00e7\u00e3o e registro profissional conforme Anexo II do edital.\" data-balloon-pos=\"up\">T\u00c9CNICO DE FARM\u00c1CIA<\/span><\/td>\r\n<td class=\"cvagas\">18 + CR<\/td>\r\n<td class=\"cremuneracao\">R$ 4.102,20 \/30h<\/td>\r\n<\/tr><td class=\"ccargos\">\r\n<span data-balloon-length=\"medium\" aria-label=\"Requisitos b\u00e1sicos gerais (idade m\u00ednima 18 anos, nacionalidade brasileira ou portuguesa, quita\u00e7\u00e3o eleitoral e militar, aptid\u00e3o f\u00edsica e mental) e requisitos espec\u00edficos de forma\u00e7\u00e3o e registro profissional conforme Anexo II do edital.\" data-balloon-pos=\"up\">T\u00c9CNICO DE RADIOLOGIA E IMAGEM<\/span><\/td>\r\n<td class=\"cvagas\">CR<\/td>\r\n<td class=\"cremuneracao\">R$ 4.102,20 \/24h<\/td>\r\n<\/tr><td class=\"ccargos\">\r\n<span data-balloon-length=\"medium\" aria-label=\"Requisitos b\u00e1sicos gerais (idade m\u00ednima 18 anos, nacionalidade brasileira ou portuguesa, quita\u00e7\u00e3o eleitoral e militar, aptid\u00e3o f\u00edsica e mental) e requisitos espec\u00edficos de forma\u00e7\u00e3o e registro profissional conforme Anexo II do edital.\" data-balloon-pos=\"up\">T\u00c9CNICO EM ENFERMAGEM<\/span><\/td>\r\n<td class=\"cvagas\">CR<\/td>\r\n<td class=\"cremuneracao\">R$ 4.102,20 \/30h<\/td>\r\n<\/tr>\r\n    <\/tbody>\r\n  <\/table>\r\n<\/div>","_superior":"<div>\r\n<table class=\"quadro\">\r\n<thead>\r\n<tr>\r\n<th class=\"hcargo\">Cargo<\/th>\r\n<th class=\"hvagas\">Vagas<\/th>\r\n<th class=\"hremuneracao\">Remunera\u00e7\u00e3o<\/th>\r\n<\/tr>\r\n<\/thead>\r\n    <tbody>\r\n      <tr>\r\n<td class=\"ccargos\">\r\n<span data-balloon-length=\"medium\" aria-label=\"Requisitos b\u00e1sicos gerais (idade m\u00ednima 18 anos, nacionalidade brasileira ou portuguesa, quita\u00e7\u00e3o eleitoral e militar, aptid\u00e3o f\u00edsica e mental) e requisitos espec\u00edficos de forma\u00e7\u00e3o e registro profissional conforme Anexo II do edital.\" data-balloon-pos=\"up\">ARQUITETO<\/span><\/td>\r\n<td class=\"cvagas\">CR<\/td>\r\n<td class=\"cremuneracao\">R$ 5.533,01 \/30h<\/td>\r\n<\/tr><tr>\r\n<td class=\"ccargos\">\r\n<span data-balloon-length=\"medium\" aria-label=\"Requisitos b\u00e1sicos gerais (idade m\u00ednima 18 anos, nacionalidade brasileira ou portuguesa, quita\u00e7\u00e3o eleitoral e militar, aptid\u00e3o f\u00edsica e mental) e requisitos espec\u00edficos de forma\u00e7\u00e3o e registro profissional conforme Anexo II do edital.\" data-balloon-pos=\"up\">BI\u00d3LOGO<\/span><\/td>\r\n<td class=\"cvagas\">1 + CR<\/td>\r\n<td class=\"cremuneracao\">R$ 5.533,01 \/30h<\/td>\r\n<\/tr><tr>\r\n<td class=\"ccargos\">\r\n<span data-balloon-length=\"medium\" aria-label=\"Requisitos b\u00e1sicos gerais (idade m\u00ednima 18 anos, nacionalidade brasileira ou portuguesa, quita\u00e7\u00e3o eleitoral e militar, aptid\u00e3o f\u00edsica e mental) e requisitos espec\u00edficos de forma\u00e7\u00e3o e registro profissional conforme Anexo II do edital.\" data-balloon-pos=\"up\">CONTADOR<\/span><\/td>\r\n<td class=\"cvagas\">1 + CR<\/td>\r\n<td class=\"cremuneracao\">R$ 5.533,01 \/30h<\/td>\r\n<\/tr><tr>\r\n<td class=\"ccargos\">\r\n<span data-balloon-length=\"medium\" aria-label=\"Requisitos b\u00e1sicos gerais (idade m\u00ednima 18 anos, nacionalidade brasileira ou portuguesa, quita\u00e7\u00e3o eleitoral e militar, aptid\u00e3o f\u00edsica e mental) e requisitos espec\u00edficos de forma\u00e7\u00e3o e registro profissional conforme Anexo II do edital.\" data-balloon-pos=\"up\">ECONOMISTA<\/span><\/td>\r\n<td class=\"cvagas\">1 + CR<\/td>\r\n<td class=\"cremuneracao\">R$ 5.533,01 \/30h<\/td>\r\n<\/tr><tr>\r\n<td class=\"ccargos\">\r\n<span data-balloon-length=\"medium\" aria-label=\"Requisitos b\u00e1sicos gerais (idade m\u00ednima 18 anos, nacionalidade brasileira ou portuguesa, quita\u00e7\u00e3o eleitoral e militar, aptid\u00e3o f\u00edsica e mental) e requisitos espec\u00edficos de forma\u00e7\u00e3o e registro profissional conforme Anexo II do edital.\" data-balloon-pos=\"up\">ENFERMEIRO<\/span><\/td>\r\n<td class=\"cvagas\">63 + CR<\/td>\r\n<td class=\"cremuneracao\">R$ 5.533,01 \/30h<\/td>\r\n<\/tr><tr>\r\n<td class=\"ccargos\">\r\n<span data-balloon-length=\"medium\" aria-label=\"Requisitos b\u00e1sicos gerais (idade m\u00ednima 18 anos, nacionalidade brasileira ou portuguesa, quita\u00e7\u00e3o eleitoral e militar, aptid\u00e3o f\u00edsica e mental) e requisitos espec\u00edficos de forma\u00e7\u00e3o e registro profissional conforme Anexo II do edital.\" data-balloon-pos=\"up\">ENFERMEIRO - ENFERMAGEM EM AUDITORIA<\/span><\/td>\r\n<td class=\"cvagas\">8 + CR<\/td>\r\n<td class=\"cremuneracao\">R$ 5.533,01 \/30h<\/td>\r\n<\/tr><tr>\r\n<td class=\"ccargos\">\r\n<span data-balloon-length=\"medium\" aria-label=\"Requisitos b\u00e1sicos gerais (idade m\u00ednima 18 anos, nacionalidade brasileira ou portuguesa, quita\u00e7\u00e3o eleitoral e militar, aptid\u00e3o f\u00edsica e mental) e requisitos espec\u00edficos de forma\u00e7\u00e3o e registro profissional conforme Anexo II do edital.\" data-balloon-pos=\"up\">FARMAC\u00caUTICO<\/span><\/td>\r\n<td class=\"cvagas\">29 + CR<\/td>\r\n<td class=\"cremuneracao\">R$ 5.533,01 \/30h<\/td>\r\n<\/tr><tr>\r\n<td class=\"ccargos\">\r\n<span data-balloon-length=\"medium\" aria-label=\"Requisitos b\u00e1sicos gerais (idade m\u00ednima 18 anos, nacionalidade brasileira ou portuguesa, quita\u00e7\u00e3o eleitoral e militar, aptid\u00e3o f\u00edsica e mental) e requisitos espec\u00edficos de forma\u00e7\u00e3o e registro profissional conforme Anexo II do edital.\" data-balloon-pos=\"up\">FISCAL SANITARISTA<\/span><\/td>\r\n<td class=\"cvagas\">10 + CR<\/td>\r\n<td class=\"cremuneracao\">R$ 5.533,01 \/30h<\/td>\r\n<\/tr><tr>\r\n<td class=\"ccargos\">\r\n<span data-balloon-length=\"medium\" aria-label=\"Requisitos b\u00e1sicos gerais (idade m\u00ednima 18 anos, nacionalidade brasileira ou portuguesa, quita\u00e7\u00e3o eleitoral e militar, aptid\u00e3o f\u00edsica e mental) e requisitos espec\u00edficos de forma\u00e7\u00e3o e registro profissional conforme Anexo II do edital.\" data-balloon-pos=\"up\">M\u00c9DICO<\/span><\/td>\r\n<td class=\"cvagas\">64 + CR<\/td>\r\n<td class=\"cremuneracao\">R$ 9.499,54 \/20h<\/td>\r\n<\/tr><tr>\r\n<td class=\"ccargos\">\r\n<span data-balloon-length=\"medium\" aria-label=\"Requisitos b\u00e1sicos gerais (idade m\u00ednima 18 anos, nacionalidade brasileira ou portuguesa, quita\u00e7\u00e3o eleitoral e militar, aptid\u00e3o f\u00edsica e mental) e requisitos espec\u00edficos de forma\u00e7\u00e3o e registro profissional conforme Anexo II do edital.\" data-balloon-pos=\"up\">M\u00c9DICO - AUDITOR<\/span><\/td>\r\n<td class=\"cvagas\">1 + CR<\/td>\r\n<td class=\"cremuneracao\">R$ 9.499,54 \/20h<\/td>\r\n<\/tr><tr>\r\n<td class=\"ccargos\">\r\n<span data-balloon-length=\"medium\" aria-label=\"Requisitos b\u00e1sicos gerais (idade m\u00ednima 18 anos, nacionalidade brasileira ou portuguesa, quita\u00e7\u00e3o eleitoral e militar, aptid\u00e3o f\u00edsica e mental) e requisitos espec\u00edficos de forma\u00e7\u00e3o e registro profissional conforme Anexo II do edital.\" data-balloon-pos=\"up\">M\u00c9DICO VETERIN\u00c1RIO<\/span><\/td>\r\n<td class=\"cvagas\">CR<\/td>\r\n<td class=\"cremuneracao\">R$ 5.533,01 \/30h<\/td>\r\n<\/tr><tr>\r\n<td class=\"ccargos\">\r\n<span data-balloon-length=\"medium\" aria-label=\"Requisitos b\u00e1sicos gerais (idade m\u00ednima 18 anos, nacionalidade brasileira ou portuguesa, quita\u00e7\u00e3o eleitoral e militar, aptid\u00e3o f\u00edsica e mental) e requisitos espec\u00edficos de forma\u00e7\u00e3o e registro profissional conforme Anexo II do edital.\" data-balloon-pos=\"up\">NUTRICIONISTA<\/span><\/td>\r\n<td class=\"cvagas\">3 + CR<\/td>\r\n<td class=\"cremuneracao\">R$ 5.533,01 \/30h<\/td>\r\n<\/tr><tr>\r\n<td class=\"ccargos\">\r\n<span data-balloon-length=\"medium\" aria-label=\"Requisitos b\u00e1sicos gerais (idade m\u00ednima 18 anos, nacionalidade brasileira ou portuguesa, quita\u00e7\u00e3o eleitoral e militar, aptid\u00e3o f\u00edsica e mental) e requisitos espec\u00edficos de forma\u00e7\u00e3o e registro profissional conforme Anexo II do edital.\" data-balloon-pos=\"up\">ODONT\u00d3LOGO - SA\u00daDE P\u00daBLICA<\/span><\/td>\r\n<td class=\"cvagas\">1 + CR<\/td>\r\n<td class=\"cremuneracao\">R$ 5.533,01 \/30h<\/td>\r\n<\/tr><tr>\r\n<td class=\"ccargos\">\r\n<span data-balloon-length=\"medium\" aria-label=\"Requisitos b\u00e1sicos gerais (idade m\u00ednima 18 anos, nacionalidade brasileira ou portuguesa, quita\u00e7\u00e3o eleitoral e militar, aptid\u00e3o f\u00edsica e mental) e requisitos espec\u00edficos de forma\u00e7\u00e3o e registro profissional conforme Anexo II do edital.\" data-balloon-pos=\"up\">PROFISSIONAL DE EDUCA\u00c7\u00c3O F\u00cdSICA<\/span><\/td>\r\n<td class=\"cvagas\">1 + CR<\/td>\r\n<td class=\"cremuneracao\">R$ 5.533,01 \/30h<\/td>\r\n<\/tr><tr>\r\n<td class=\"ccargos\">\r\n<span data-balloon-length=\"medium\" aria-label=\"Requisitos b\u00e1sicos gerais (idade m\u00ednima 18 anos, nacionalidade brasileira ou portuguesa, quita\u00e7\u00e3o eleitoral e militar, aptid\u00e3o f\u00edsica e mental) e requisitos espec\u00edficos de forma\u00e7\u00e3o e registro profissional conforme Anexo II do edital.\" data-balloon-pos=\"up\">PSIC\u00d3LOGO<\/span><\/td>\r\n<td class=\"cvagas\">2 + CR<\/td>\r\n<td class=\"cremuneracao\">R$ 5.533,01 \/30h<\/td>\r\n<\/tr><tr>\r\n<td class=\"ccargos\">\r\n<span data-balloon-length=\"medium\" aria-label=\"Requisitos b\u00e1sicos gerais (idade m\u00ednima 18 anos, nacionalidade brasileira ou portuguesa, quita\u00e7\u00e3o eleitoral e militar, aptid\u00e3o f\u00edsica e mental) e requisitos espec\u00edficos de forma\u00e7\u00e3o e registro profissional conforme Anexo II do edital.\" data-balloon-pos=\"up\">SANITARISTA<\/span><\/td>\r\n<td class=\"cvagas\">21 + CR<\/td>\r\n<td class=\"cremuneracao\">R$ 5.533,01 \/30h<\/td>\r\n<\/tr><tr>\r\n<td class=\"ccargos\">\r\n<span data-balloon-length=\"medium\" aria-label=\"Requisitos b\u00e1sicos gerais (idade m\u00ednima 18 anos, nacionalidade brasileira ou portuguesa, quita\u00e7\u00e3o eleitoral e militar, aptid\u00e3o f\u00edsica e mental) e requisitos espec\u00edficos de forma\u00e7\u00e3o e registro profissional conforme Anexo II do edital.\" data-balloon-pos=\"up\">BIOM\u00c9DICO - AN\u00c1LISES CL\u00cdNICAS<\/span><\/td>\r\n<td class=\"cvagas\">1 + CR<\/td>\r\n<td class=\"cremuneracao\">R$ 5.533,01 \/30h<\/td>\r\n<\/tr><tr>\r\n<td class=\"ccargos\">\r\n<span data-balloon-length=\"medium\" aria-label=\"Requisitos b\u00e1sicos gerais (idade m\u00ednima 18 anos, nacionalidade brasileira ou portuguesa, quita\u00e7\u00e3o eleitoral e militar, aptid\u00e3o f\u00edsica e mental) e requisitos espec\u00edficos de forma\u00e7\u00e3o e registro profissional conforme Anexo II do edital.\" data-balloon-pos=\"up\">ASSISTENTE SOCIAL<\/span><\/td>\r\n<td class=\"cvagas\">CR<\/td>\r\n<td class=\"cremuneracao\">R$ 5.533,01 \/30h<\/td>\r\n<\/tr><tr>\r\n<td class=\"ccargos\">\r\n<span data-balloon-length=\"medium\" aria-label=\"Requisitos b\u00e1sicos gerais (idade m\u00ednima 18 anos, nacionalidade brasileira ou portuguesa, quita\u00e7\u00e3o eleitoral e militar, aptid\u00e3o f\u00edsica e mental) e requisitos espec\u00edficos de forma\u00e7\u00e3o e registro profissional conforme Anexo II do edital.\" data-balloon-pos=\"up\">ENFERMEIRO - ENFERMAGEM OBST\u00c9TRICA<\/span><\/td>\r\n<td class=\"cvagas\">CR<\/td>\r\n<td class=\"cremuneracao\">R$ 5.533,01 \/30h<\/td>\r\n<\/tr><tr>\r\n<td class=\"ccargos\">\r\n<span data-balloon-length=\"medium\" aria-label=\"Requisitos b\u00e1sicos gerais (idade m\u00ednima 18 anos, nacionalidade brasileira ou portuguesa, quita\u00e7\u00e3o eleitoral e militar, aptid\u00e3o f\u00edsica e mental) e requisitos espec\u00edficos de forma\u00e7\u00e3o e registro profissional conforme Anexo II do edital.\" data-balloon-pos=\"up\">FISIOTERAPEUTA<\/span><\/td>\r\n<td class=\"cvagas\">CR<\/td>\r\n<td class=\"cremuneracao\">R$ 5.533,01 \/30h<\/td>\r\n<\/tr><tr>\r\n<td class=\"ccargos\">\r\n<span data-balloon-length=\"medium\" aria-label=\"Requisitos b\u00e1sicos gerais (idade m\u00ednima 18 anos, nacionalidade brasileira ou portuguesa, quita\u00e7\u00e3o eleitoral e militar, aptid\u00e3o f\u00edsica e mental) e requisitos espec\u00edficos de forma\u00e7\u00e3o e registro profissional conforme Anexo II do edital.\" data-balloon-pos=\"up\">FONOAUDI\u00d3LOGO<\/span><\/td>\r\n<td class=\"cvagas\">CR<\/td>\r\n<td class=\"cremuneracao\">R$ 5.533,01 \/30h<\/td>\r\n<\/tr><tr>\r\n<td class=\"ccargos\">\r\n<span data-balloon-length=\"medium\" aria-label=\"Requisitos b\u00e1sicos gerais (idade m\u00ednima 18 anos, nacionalidade brasileira ou portuguesa, quita\u00e7\u00e3o eleitoral e militar, aptid\u00e3o f\u00edsica e mental) e requisitos espec\u00edficos de forma\u00e7\u00e3o e registro profissional conforme Anexo II do edital.\" data-balloon-pos=\"up\">M\u00c9DICO - NUTROLOGIA<\/span><\/td>\r\n<td class=\"cvagas\">CR<\/td>\r\n<td class=\"cremuneracao\">R$ 9.499,54 \/20h<\/td>\r\n<\/tr><tr>\r\n<td class=\"ccargos\">\r\n<span data-balloon-length=\"medium\" aria-label=\"Requisitos b\u00e1sicos gerais (idade m\u00ednima 18 anos, nacionalidade brasileira ou portuguesa, quita\u00e7\u00e3o eleitoral e militar, aptid\u00e3o f\u00edsica e mental) e requisitos espec\u00edficos de forma\u00e7\u00e3o e registro profissional conforme Anexo II do edital.\" data-balloon-pos=\"up\">M\u00c9DICO - ALERGIA E IMUNOLOGIA<\/span><\/td>\r\n<td class=\"cvagas\">CR<\/td>\r\n<td class=\"cremuneracao\">R$ 9.499,54 \/20h<\/td>\r\n<\/tr><tr>\r\n<td class=\"ccargos\">\r\n<span data-balloon-length=\"medium\" aria-label=\"Requisitos b\u00e1sicos gerais (idade m\u00ednima 18 anos, nacionalidade brasileira ou portuguesa, quita\u00e7\u00e3o eleitoral e militar, aptid\u00e3o f\u00edsica e mental) e requisitos espec\u00edficos de forma\u00e7\u00e3o e registro profissional conforme Anexo II do edital.\" data-balloon-pos=\"up\">M\u00c9DICO - ANESTESIOLOGIA<\/span><\/td>\r\n<td class=\"cvagas\">CR<\/td>\r\n<td class=\"cremuneracao\">R$ 9.499,54 \/20h<\/td>\r\n<\/tr><tr>\r\n<td class=\"ccargos\">\r\n<span data-balloon-length=\"medium\" aria-label=\"Requisitos b\u00e1sicos gerais (idade m\u00ednima 18 anos, nacionalidade brasileira ou portuguesa, quita\u00e7\u00e3o eleitoral e militar, aptid\u00e3o f\u00edsica e mental) e requisitos espec\u00edficos de forma\u00e7\u00e3o e registro profissional conforme Anexo II do edital.\" data-balloon-pos=\"up\">M\u00c9DICO - CARDIOLOGIA<\/span><\/td>\r\n<td class=\"cvagas\">CR<\/td>\r\n<td class=\"cremuneracao\">R$ 9.499,54 \/20h<\/td>\r\n<\/tr><tr>\r\n<td class=\"ccargos\">\r\n<span data-balloon-length=\"medium\" aria-label=\"Requisitos b\u00e1sicos gerais (idade m\u00ednima 18 anos, nacionalidade brasileira ou portuguesa, quita\u00e7\u00e3o eleitoral e militar, aptid\u00e3o f\u00edsica e mental) e requisitos espec\u00edficos de forma\u00e7\u00e3o e registro profissional conforme Anexo II do edital.\" data-balloon-pos=\"up\">M\u00c9DICO - CARDIOLOGIA PEDI\u00c1TRICA<\/span><\/td>\r\n<td class=\"cvagas\">CR<\/td>\r\n<td class=\"cremuneracao\">R$ 9.499,54 \/20h<\/td>\r\n<\/tr><tr>\r\n<td class=\"ccargos\">\r\n<span data-balloon-length=\"medium\" aria-label=\"Requisitos b\u00e1sicos gerais (idade m\u00ednima 18 anos, nacionalidade brasileira ou portuguesa, quita\u00e7\u00e3o eleitoral e militar, aptid\u00e3o f\u00edsica e mental) e requisitos espec\u00edficos de forma\u00e7\u00e3o e registro profissional conforme Anexo II do edital.\" data-balloon-pos=\"up\">M\u00c9DICO - CIRURGIA CABE\u00c7A E PESCO\u00c7O<\/span><\/td>\r\n<td class=\"cvagas\">CR<\/td>\r\n<td class=\"cremuneracao\">R$ 9.499,54 \/20h<\/td>\r\n<\/tr><tr>\r\n<td class=\"ccargos\">\r\n<span data-balloon-length=\"medium\" aria-label=\"Requisitos b\u00e1sicos gerais (idade m\u00ednima 18 anos, nacionalidade brasileira ou portuguesa, quita\u00e7\u00e3o eleitoral e militar, aptid\u00e3o f\u00edsica e mental) e requisitos espec\u00edficos de forma\u00e7\u00e3o e registro profissional conforme Anexo II do edital.\" data-balloon-pos=\"up\">M\u00c9DICO - CIRURGIA GERAL<\/span><\/td>\r\n<td class=\"cvagas\">CR<\/td>\r\n<td class=\"cremuneracao\">R$ 9.499,54 \/20h<\/td>\r\n<\/tr><tr>\r\n<td class=\"ccargos\">\r\n<span data-balloon-length=\"medium\" aria-label=\"Requisitos b\u00e1sicos gerais (idade m\u00ednima 18 anos, nacionalidade brasileira ou portuguesa, quita\u00e7\u00e3o eleitoral e militar, aptid\u00e3o f\u00edsica e mental) e requisitos espec\u00edficos de forma\u00e7\u00e3o e registro profissional conforme Anexo II do edital.\" data-balloon-pos=\"up\">M\u00c9DICO - CIRURGIA PEDI\u00c1TRICA<\/span><\/td>\r\n<td class=\"cvagas\">CR<\/td>\r\n<td class=\"cremuneracao\">R$ 9.499,54 \/20h<\/td>\r\n<\/tr><tr>\r\n<td class=\"ccargos\">\r\n<span data-balloon-length=\"medium\" aria-label=\"Requisitos b\u00e1sicos gerais (idade m\u00ednima 18 anos, nacionalidade brasileira ou portuguesa, quita\u00e7\u00e3o eleitoral e militar, aptid\u00e3o f\u00edsica e mental) e requisitos espec\u00edficos de forma\u00e7\u00e3o e registro profissional conforme Anexo II do edital.\" data-balloon-pos=\"up\">M\u00c9DICO - CIRURGIA PL\u00c1STICA<\/span><\/td>\r\n<td class=\"cvagas\">CR<\/td>\r\n<td class=\"cremuneracao\">R$ 9.499,54 \/20h<\/td>\r\n<\/tr><tr>\r\n<td class=\"ccargos\">\r\n<span data-balloon-length=\"medium\" aria-label=\"Requisitos b\u00e1sicos gerais (idade m\u00ednima 18 anos, nacionalidade brasileira ou portuguesa, quita\u00e7\u00e3o eleitoral e militar, aptid\u00e3o f\u00edsica e mental) e requisitos espec\u00edficos de forma\u00e7\u00e3o e registro profissional conforme Anexo II do edital.\" data-balloon-pos=\"up\">M\u00c9DICO - CIRURGIA TOR\u00c1CICA<\/span><\/td>\r\n<td class=\"cvagas\">CR<\/td>\r\n<td class=\"cremuneracao\">R$ 9.499,54 \/20h<\/td>\r\n<\/tr><tr>\r\n<td class=\"ccargos\">\r\n<span data-balloon-length=\"medium\" aria-label=\"Requisitos b\u00e1sicos gerais (idade m\u00ednima 18 anos, nacionalidade brasileira ou portuguesa, quita\u00e7\u00e3o eleitoral e militar, aptid\u00e3o f\u00edsica e mental) e requisitos espec\u00edficos de forma\u00e7\u00e3o e registro profissional conforme Anexo II do edital.\" data-balloon-pos=\"up\">M\u00c9DICO - CIRURGIA VASCULAR<\/span><\/td>\r\n<td class=\"cvagas\">CR<\/td>\r\n<td class=\"cremuneracao\">R$ 9.499,54 \/20h<\/td>\r\n<\/tr><tr>\r\n<td class=\"ccargos\">\r\n<span data-balloon-length=\"medium\" aria-label=\"Requisitos b\u00e1sicos gerais (idade m\u00ednima 18 anos, nacionalidade brasileira ou portuguesa, quita\u00e7\u00e3o eleitoral e militar, aptid\u00e3o f\u00edsica e mental) e requisitos espec\u00edficos de forma\u00e7\u00e3o e registro profissional conforme Anexo II do edital.\" data-balloon-pos=\"up\">M\u00c9DICO - CL\u00cdNICA M\u00c9DICA<\/span><\/td>\r\n<td class=\"cvagas\">CR<\/td>\r\n<td class=\"cremuneracao\">R$ 9.499,54 \/20h<\/td>\r\n<\/tr><tr>\r\n<td class=\"ccargos\">\r\n<span data-balloon-length=\"medium\" aria-label=\"Requisitos b\u00e1sicos gerais (idade m\u00ednima 18 anos, nacionalidade brasileira ou portuguesa, quita\u00e7\u00e3o eleitoral e militar, aptid\u00e3o f\u00edsica e mental) e requisitos espec\u00edficos de forma\u00e7\u00e3o e registro profissional conforme Anexo II do edital.\" data-balloon-pos=\"up\">M\u00c9DICO - ENDOCRINOLOGIA PEDI\u00c1TRICA<\/span><\/td>\r\n<td class=\"cvagas\">CR<\/td>\r\n<td class=\"cremuneracao\">R$ 9.499,54 \/20h<\/td>\r\n<\/tr><tr>\r\n<td class=\"ccargos\">\r\n<span data-balloon-length=\"medium\" aria-label=\"Requisitos b\u00e1sicos gerais (idade m\u00ednima 18 anos, nacionalidade brasileira ou portuguesa, quita\u00e7\u00e3o eleitoral e militar, aptid\u00e3o f\u00edsica e mental) e requisitos espec\u00edficos de forma\u00e7\u00e3o e registro profissional conforme Anexo II do edital.\" data-balloon-pos=\"up\">M\u00c9DICO - GASTROENTEROLOGIA<\/span><\/td>\r\n<td class=\"cvagas\">CR<\/td>\r\n<td class=\"cremuneracao\">R$ 9.499,54 \/20h<\/td>\r\n<\/tr><tr>\r\n<td class=\"ccargos\">\r\n<span data-balloon-length=\"medium\" aria-label=\"Requisitos b\u00e1sicos gerais (idade m\u00ednima 18 anos, nacionalidade brasileira ou portuguesa, quita\u00e7\u00e3o eleitoral e militar, aptid\u00e3o f\u00edsica e mental) e requisitos espec\u00edficos de forma\u00e7\u00e3o e registro profissional conforme Anexo II do edital.\" data-balloon-pos=\"up\">M\u00c9DICO - GASTROENTEROLOGIA PEDI\u00c1TRICA<\/span><\/td>\r\n<td class=\"cvagas\">CR<\/td>\r\n<td class=\"cremuneracao\">R$ 9.499,54 \/20h<\/td>\r\n<\/tr><tr>\r\n<td class=\"ccargos\">\r\n<span data-balloon-length=\"medium\" aria-label=\"Requisitos b\u00e1sicos gerais (idade m\u00ednima 18 anos, nacionalidade brasileira ou portuguesa, quita\u00e7\u00e3o eleitoral e militar, aptid\u00e3o f\u00edsica e mental) e requisitos espec\u00edficos de forma\u00e7\u00e3o e registro profissional conforme Anexo II do edital.\" data-balloon-pos=\"up\">M\u00c9DICO - GEN\u00c9TICA M\u00c9DICA<\/span><\/td>\r\n<td class=\"cvagas\">CR<\/td>\r\n<td class=\"cremuneracao\">R$ 9.499,54 \/20h<\/td>\r\n<\/tr><tr>\r\n<td class=\"ccargos\">\r\n<span data-balloon-length=\"medium\" aria-label=\"Requisitos b\u00e1sicos gerais (idade m\u00ednima 18 anos, nacionalidade brasileira ou portuguesa, quita\u00e7\u00e3o eleitoral e militar, aptid\u00e3o f\u00edsica e mental) e requisitos espec\u00edficos de forma\u00e7\u00e3o e registro profissional conforme Anexo II do edital.\" data-balloon-pos=\"up\">M\u00c9DICO - GINECOLOGIA E OBSTETRICIA<\/span><\/td>\r\n<td class=\"cvagas\">CR<\/td>\r\n<td class=\"cremuneracao\">R$ 9.499,54 \/20h<\/td>\r\n<\/tr><tr>\r\n<td class=\"ccargos\">\r\n<span data-balloon-length=\"medium\" aria-label=\"Requisitos b\u00e1sicos gerais (idade m\u00ednima 18 anos, nacionalidade brasileira ou portuguesa, quita\u00e7\u00e3o eleitoral e militar, aptid\u00e3o f\u00edsica e mental) e requisitos espec\u00edficos de forma\u00e7\u00e3o e registro profissional conforme Anexo II do edital.\" data-balloon-pos=\"up\">M\u00c9DICO - HEMATOLOGIA<\/span><\/td>\r\n<td class=\"cvagas\">CR<\/td>\r\n<td class=\"cremuneracao\">R$ 9.499,54 \/20h<\/td>\r\n<\/tr><tr>\r\n<td class=\"ccargos\">\r\n<span data-balloon-length=\"medium\" aria-label=\"Requisitos b\u00e1sicos gerais (idade m\u00ednima 18 anos, nacionalidade brasileira ou portuguesa, quita\u00e7\u00e3o eleitoral e militar, aptid\u00e3o f\u00edsica e mental) e requisitos espec\u00edficos de forma\u00e7\u00e3o e registro profissional conforme Anexo II do edital.\" data-balloon-pos=\"up\">M\u00c9DICO - HEMATOLOGIA PEDI\u00c1TRICA<\/span><\/td>\r\n<td class=\"cvagas\">CR<\/td>\r\n<td class=\"cremuneracao\">R$ 9.499,54 \/20h<\/td>\r\n<\/tr><tr>\r\n<td class=\"ccargos\">\r\n<span data-balloon-length=\"medium\" aria-label=\"Requisitos b\u00e1sicos gerais (idade m\u00ednima 18 anos, nacionalidade brasileira ou portuguesa, quita\u00e7\u00e3o eleitoral e militar, aptid\u00e3o f\u00edsica e mental) e requisitos espec\u00edficos de forma\u00e7\u00e3o e registro profissional conforme Anexo II do edital.\" data-balloon-pos=\"up\">M\u00c9DICO - INFECTOLOGIA<\/span><\/td>\r\n<td class=\"cvagas\">CR<\/td>\r\n<td class=\"cremuneracao\">R$ 9.499,54 \/20h<\/td>\r\n<\/tr><tr>\r\n<td class=\"ccargos\">\r\n<span data-balloon-length=\"medium\" aria-label=\"Requisitos b\u00e1sicos gerais (idade m\u00ednima 18 anos, nacionalidade brasileira ou portuguesa, quita\u00e7\u00e3o eleitoral e militar, aptid\u00e3o f\u00edsica e mental) e requisitos espec\u00edficos de forma\u00e7\u00e3o e registro profissional conforme Anexo II do edital.\" data-balloon-pos=\"up\">M\u00c9DICO - INFECTOLOGIA PEDI\u00c1TRICA<\/span><\/td>\r\n<td class=\"cvagas\">CR<\/td>\r\n<td class=\"cremuneracao\">R$ 9.499,54 \/20h<\/td>\r\n<\/tr><tr>\r\n<td class=\"ccargos\">\r\n<span data-balloon-length=\"medium\" aria-label=\"Requisitos b\u00e1sicos gerais (idade m\u00ednima 18 anos, nacionalidade brasileira ou portuguesa, quita\u00e7\u00e3o eleitoral e militar, aptid\u00e3o f\u00edsica e mental) e requisitos espec\u00edficos de forma\u00e7\u00e3o e registro profissional conforme Anexo II do edital.\" data-balloon-pos=\"up\">M\u00c9DICO - MASTOLOGISTA<\/span><\/td>\r\n<td class=\"cvagas\">CR<\/td>\r\n<td class=\"cremuneracao\">R$ 9.499,54 \/20h<\/td>\r\n<\/tr><tr>\r\n<td class=\"ccargos\">\r\n<span data-balloon-length=\"medium\" aria-label=\"Requisitos b\u00e1sicos gerais (idade m\u00ednima 18 anos, nacionalidade brasileira ou portuguesa, quita\u00e7\u00e3o eleitoral e militar, aptid\u00e3o f\u00edsica e mental) e requisitos espec\u00edficos de forma\u00e7\u00e3o e registro profissional conforme Anexo II do edital.\" data-balloon-pos=\"up\">M\u00c9DICO - MEDICINA DE EMERG\u00caNCIA<\/span><\/td>\r\n<td class=\"cvagas\">CR<\/td>\r\n<td class=\"cremuneracao\">R$ 9.499,54 \/20h<\/td>\r\n<\/tr><tr>\r\n<td class=\"ccargos\">\r\n<span data-balloon-length=\"medium\" aria-label=\"Requisitos b\u00e1sicos gerais (idade m\u00ednima 18 anos, nacionalidade brasileira ou portuguesa, quita\u00e7\u00e3o eleitoral e militar, aptid\u00e3o f\u00edsica e mental) e requisitos espec\u00edficos de forma\u00e7\u00e3o e registro profissional conforme Anexo II do edital.\" data-balloon-pos=\"up\">M\u00c9DICO - MEDICINA INTENSIVA<\/span><\/td>\r\n<td class=\"cvagas\">CR<\/td>\r\n<td class=\"cremuneracao\">R$ 9.499,54 \/20h<\/td>\r\n<\/tr><tr>\r\n<td class=\"ccargos\">\r\n<span data-balloon-length=\"medium\" aria-label=\"Requisitos b\u00e1sicos gerais (idade m\u00ednima 18 anos, nacionalidade brasileira ou portuguesa, quita\u00e7\u00e3o eleitoral e militar, aptid\u00e3o f\u00edsica e mental) e requisitos espec\u00edficos de forma\u00e7\u00e3o e registro profissional conforme Anexo II do edital.\" data-balloon-pos=\"up\">M\u00c9DICO - MEDICINA INTENSIVA PEDI\u00c1TRICA<\/span><\/td>\r\n<td class=\"cvagas\">CR<\/td>\r\n<td class=\"cremuneracao\">R$ 9.499,54 \/20h<\/td>\r\n<\/tr><tr>\r\n<td class=\"ccargos\">\r\n<span data-balloon-length=\"medium\" aria-label=\"Requisitos b\u00e1sicos gerais (idade m\u00ednima 18 anos, nacionalidade brasileira ou portuguesa, quita\u00e7\u00e3o eleitoral e militar, aptid\u00e3o f\u00edsica e mental) e requisitos espec\u00edficos de forma\u00e7\u00e3o e registro profissional conforme Anexo II do edital.\" data-balloon-pos=\"up\">M\u00c9DICO - NEFROLOGIA<\/span><\/td>\r\n<td class=\"cvagas\">CR<\/td>\r\n<td class=\"cremuneracao\">R$ 9.499,54 \/20h<\/td>\r\n<\/tr><tr>\r\n<td class=\"ccargos\">\r\n<span data-balloon-length=\"medium\" aria-label=\"Requisitos b\u00e1sicos gerais (idade m\u00ednima 18 anos, nacionalidade brasileira ou portuguesa, quita\u00e7\u00e3o eleitoral e militar, aptid\u00e3o f\u00edsica e mental) e requisitos espec\u00edficos de forma\u00e7\u00e3o e registro profissional conforme Anexo II do edital.\" data-balloon-pos=\"up\">M\u00c9DICO - NEFROLOGIA PEDI\u00c1TRICA<\/span><\/td>\r\n<td class=\"cvagas\">CR<\/td>\r\n<td class=\"cremuneracao\">R$ 9.499,54 \/20h<\/td>\r\n<\/tr><tr>\r\n<td class=\"ccargos\">\r\n<span data-balloon-length=\"medium\" aria-label=\"Requisitos b\u00e1sicos gerais (idade m\u00ednima 18 anos, nacionalidade brasileira ou portuguesa, quita\u00e7\u00e3o eleitoral e militar, aptid\u00e3o f\u00edsica e mental) e requisitos espec\u00edficos de forma\u00e7\u00e3o e registro profissional conforme Anexo II do edital.\" data-balloon-pos=\"up\">M\u00c9DICO - NEONATOLOGIA<\/span><\/td>\r\n<td class=\"cvagas\">CR<\/td>\r\n<td class=\"cremuneracao\">R$ 9.499,54 \/20h<\/td>\r\n<\/tr><tr>\r\n<td class=\"ccargos\">\r\n<span data-balloon-length=\"medium\" aria-label=\"Requisitos b\u00e1sicos gerais (idade m\u00ednima 18 anos, nacionalidade brasileira ou portuguesa, quita\u00e7\u00e3o eleitoral e militar, aptid\u00e3o f\u00edsica e mental) e requisitos espec\u00edficos de forma\u00e7\u00e3o e registro profissional conforme Anexo II do edital.\" data-balloon-pos=\"up\">M\u00c9DICO - NEUROCIRURGI\u00c3O<\/span><\/td>\r\n<td class=\"cvagas\">CR<\/td>\r\n<td class=\"cremuneracao\">R$ 9.499,54 \/20h<\/td>\r\n<\/tr><tr>\r\n<td class=\"ccargos\">\r\n<span data-balloon-length=\"medium\" aria-label=\"Requisitos b\u00e1sicos gerais (idade m\u00ednima 18 anos, nacionalidade brasileira ou portuguesa, quita\u00e7\u00e3o eleitoral e militar, aptid\u00e3o f\u00edsica e mental) e requisitos espec\u00edficos de forma\u00e7\u00e3o e registro profissional conforme Anexo II do edital.\" data-balloon-pos=\"up\">M\u00c9DICO - NEUROLOGIA<\/span><\/td>\r\n<td class=\"cvagas\">CR<\/td>\r\n<td class=\"cremuneracao\">R$ 9.499,54 \/20h<\/td>\r\n<\/tr><tr>\r\n<td class=\"ccargos\">\r\n<span data-balloon-length=\"medium\" aria-label=\"Requisitos b\u00e1sicos gerais (idade m\u00ednima 18 anos, nacionalidade brasileira ou portuguesa, quita\u00e7\u00e3o eleitoral e militar, aptid\u00e3o f\u00edsica e mental) e requisitos espec\u00edficos de forma\u00e7\u00e3o e registro profissional conforme Anexo II do edital.\" data-balloon-pos=\"up\">M\u00c9DICO - NEUROLOGIA PEDI\u00c1TRICA<\/span><\/td>\r\n<td class=\"cvagas\">CR<\/td>\r\n<td class=\"cremuneracao\">R$ 9.499,54 \/20h<\/td>\r\n<\/tr><tr>\r\n<td class=\"ccargos\">\r\n<span data-balloon-length=\"medium\" aria-label=\"Requisitos b\u00e1sicos gerais (idade m\u00ednima 18 anos, nacionalidade brasileira ou portuguesa, quita\u00e7\u00e3o eleitoral e militar, aptid\u00e3o f\u00edsica e mental) e requisitos espec\u00edficos de forma\u00e7\u00e3o e registro profissional conforme Anexo II do edital.\" data-balloon-pos=\"up\">M\u00c9DICO - OFTALMOLOGIA<\/span><\/td>\r\n<td class=\"cvagas\">CR<\/td>\r\n<td class=\"cremuneracao\">R$ 9.499,54 \/20h<\/td>\r\n<\/tr><tr>\r\n<td class=\"ccargos\">\r\n<span data-balloon-length=\"medium\" aria-label=\"Requisitos b\u00e1sicos gerais (idade m\u00ednima 18 anos, nacionalidade brasileira ou portuguesa, quita\u00e7\u00e3o eleitoral e militar, aptid\u00e3o f\u00edsica e mental) e requisitos espec\u00edficos de forma\u00e7\u00e3o e registro profissional conforme Anexo II do edital.\" data-balloon-pos=\"up\">M\u00c9DICO - ONCOLOGIA CL\u00cdNICA<\/span><\/td>\r\n<td class=\"cvagas\">CR<\/td>\r\n<td class=\"cremuneracao\">R$ 9.499,54 \/20h<\/td>\r\n<\/tr><tr>\r\n<td class=\"ccargos\">\r\n<span data-balloon-length=\"medium\" aria-label=\"Requisitos b\u00e1sicos gerais (idade m\u00ednima 18 anos, nacionalidade brasileira ou portuguesa, quita\u00e7\u00e3o eleitoral e militar, aptid\u00e3o f\u00edsica e mental) e requisitos espec\u00edficos de forma\u00e7\u00e3o e registro profissional conforme Anexo II do edital.\" data-balloon-pos=\"up\">M\u00c9DICO - ONCOLOGIA PEDI\u00c1TRICA<\/span><\/td>\r\n<td class=\"cvagas\">CR<\/td>\r\n<td class=\"cremuneracao\">R$ 9.499,54 \/20h<\/td>\r\n<\/tr><tr>\r\n<td class=\"ccargos\">\r\n<span data-balloon-length=\"medium\" aria-label=\"Requisitos b\u00e1sicos gerais (idade m\u00ednima 18 anos, nacionalidade brasileira ou portuguesa, quita\u00e7\u00e3o eleitoral e militar, aptid\u00e3o f\u00edsica e mental) e requisitos espec\u00edficos de forma\u00e7\u00e3o e registro profissional conforme Anexo II do edital.\" data-balloon-pos=\"up\">M\u00c9DICO - ORTOPEDIA E TRAUMATOLOGIA<\/span><\/td>\r\n<td class=\"cvagas\">CR<\/td>\r\n<td class=\"cremuneracao\">R$ 9.499,54 \/20h<\/td>\r\n<\/tr><tr>\r\n<td class=\"ccargos\">\r\n<span data-balloon-length=\"medium\" aria-label=\"Requisitos b\u00e1sicos gerais (idade m\u00ednima 18 anos, nacionalidade brasileira ou portuguesa, quita\u00e7\u00e3o eleitoral e militar, aptid\u00e3o f\u00edsica e mental) e requisitos espec\u00edficos de forma\u00e7\u00e3o e registro profissional conforme Anexo II do edital.\" data-balloon-pos=\"up\">M\u00c9DICO - OTORRINOLARINGOLOGIA<\/span><\/td>\r\n<td class=\"cvagas\">CR<\/td>\r\n<td class=\"cremuneracao\">R$ 9.499,54 \/20h<\/td>\r\n<\/tr><tr>\r\n<td class=\"ccargos\">\r\n<span data-balloon-length=\"medium\" aria-label=\"Requisitos b\u00e1sicos gerais (idade m\u00ednima 18 anos, nacionalidade brasileira ou portuguesa, quita\u00e7\u00e3o eleitoral e militar, aptid\u00e3o f\u00edsica e mental) e requisitos espec\u00edficos de forma\u00e7\u00e3o e registro profissional conforme Anexo II do edital.\" data-balloon-pos=\"up\">M\u00c9DICO - PEDIATRIA<\/span><\/td>\r\n<td class=\"cvagas\">CR<\/td>\r\n<td class=\"cremuneracao\">R$ 9.499,54 \/20h<\/td>\r\n<\/tr><tr>\r\n<td class=\"ccargos\">\r\n<span data-balloon-length=\"medium\" aria-label=\"Requisitos b\u00e1sicos gerais (idade m\u00ednima 18 anos, nacionalidade brasileira ou portuguesa, quita\u00e7\u00e3o eleitoral e militar, aptid\u00e3o f\u00edsica e mental) e requisitos espec\u00edficos de forma\u00e7\u00e3o e registro profissional conforme Anexo II do edital.\" data-balloon-pos=\"up\">M\u00c9DICO - PNEUMOLOGIA<\/span><\/td>\r\n<td class=\"cvagas\">CR<\/td>\r\n<td class=\"cremuneracao\">R$ 9.499,54 \/20h<\/td>\r\n<\/tr><tr>\r\n<td class=\"ccargos\">\r\n<span data-balloon-length=\"medium\" aria-label=\"Requisitos b\u00e1sicos gerais (idade m\u00ednima 18 anos, nacionalidade brasileira ou portuguesa, quita\u00e7\u00e3o eleitoral e militar, aptid\u00e3o f\u00edsica e mental) e requisitos espec\u00edficos de forma\u00e7\u00e3o e registro profissional conforme Anexo II do edital.\" data-balloon-pos=\"up\">M\u00c9DICO - PNEUMOLOGIA PEDI\u00c1TRICA<\/span><\/td>\r\n<td class=\"cvagas\">CR<\/td>\r\n<td class=\"cremuneracao\">R$ 9.499,54 \/20h<\/td>\r\n<\/tr><tr>\r\n<td class=\"ccargos\">\r\n<span data-balloon-length=\"medium\" aria-label=\"Requisitos b\u00e1sicos gerais (idade m\u00ednima 18 anos, nacionalidade brasileira ou portuguesa, quita\u00e7\u00e3o eleitoral e militar, aptid\u00e3o f\u00edsica e mental) e requisitos espec\u00edficos de forma\u00e7\u00e3o e registro profissional conforme Anexo II do edital.\" data-balloon-pos=\"up\">M\u00c9DICO - PSIQUIATRIA<\/span><\/td>\r\n<td class=\"cvagas\">CR<\/td>\r\n<td class=\"cremuneracao\">R$ 9.499,54 \/20h<\/td>\r\n<\/tr><tr>\r\n<td class=\"ccargos\">\r\n<span data-balloon-length=\"medium\" aria-label=\"Requisitos b\u00e1sicos gerais (idade m\u00ednima 18 anos, nacionalidade brasileira ou portuguesa, quita\u00e7\u00e3o eleitoral e militar, aptid\u00e3o f\u00edsica e mental) e requisitos espec\u00edficos de forma\u00e7\u00e3o e registro profissional conforme Anexo II do edital.\" data-balloon-pos=\"up\">M\u00c9DICO - PSIQUIATRIA DA INF\u00c2NCIA E ADOLESC\u00caNCIA<\/span><\/td>\r\n<td class=\"cvagas\">CR<\/td>\r\n<td class=\"cremuneracao\">R$ 9.499,54 \/20h<\/td>\r\n<\/tr><tr>\r\n<td class=\"ccargos\">\r\n<span data-balloon-length=\"medium\" aria-label=\"Requisitos b\u00e1sicos gerais (idade m\u00ednima 18 anos, nacionalidade brasileira ou portuguesa, quita\u00e7\u00e3o eleitoral e militar, aptid\u00e3o f\u00edsica e mental) e requisitos espec\u00edficos de forma\u00e7\u00e3o e registro profissional conforme Anexo II do edital.\" data-balloon-pos=\"up\">M\u00c9DICO - RADIOLOGIA E DIAGN\u00d3STICO POR IMAGEM<\/span><\/td>\r\n<td class=\"cvagas\">CR<\/td>\r\n<td class=\"cremuneracao\">R$ 9.499,54 \/20h<\/td>\r\n<\/tr><tr>\r\n<td class=\"ccargos\">\r\n<span data-balloon-length=\"medium\" aria-label=\"Requisitos b\u00e1sicos gerais (idade m\u00ednima 18 anos, nacionalidade brasileira ou portuguesa, quita\u00e7\u00e3o eleitoral e militar, aptid\u00e3o f\u00edsica e mental) e requisitos espec\u00edficos de forma\u00e7\u00e3o e registro profissional conforme Anexo II do edital.\" data-balloon-pos=\"up\">M\u00c9DICO - RADIOLOGIA INTERVENCIONISTA E ANGIORRADIOLOGIA<\/span><\/td>\r\n<td class=\"cvagas\">CR<\/td>\r\n<td class=\"cremuneracao\">R$ 9.499,54 \/20h<\/td>\r\n<\/tr><tr>\r\n<td class=\"ccargos\">\r\n<span data-balloon-length=\"medium\" aria-label=\"Requisitos b\u00e1sicos gerais (idade m\u00ednima 18 anos, nacionalidade brasileira ou portuguesa, quita\u00e7\u00e3o eleitoral e militar, aptid\u00e3o f\u00edsica e mental) e requisitos espec\u00edficos de forma\u00e7\u00e3o e registro profissional conforme Anexo II do edital.\" data-balloon-pos=\"up\">M\u00c9DICO - REUMATOLOGIA PEDI\u00c1TRICA<\/span><\/td>\r\n<td class=\"cvagas\">CR<\/td>\r\n<td class=\"cremuneracao\">R$ 9.499,54 \/20h<\/td>\r\n<\/tr><tr>\r\n<td class=\"ccargos\">\r\n<span data-balloon-length=\"medium\" aria-label=\"Requisitos b\u00e1sicos gerais (idade m\u00ednima 18 anos, nacionalidade brasileira ou portuguesa, quita\u00e7\u00e3o eleitoral e militar, aptid\u00e3o f\u00edsica e mental) e requisitos espec\u00edficos de forma\u00e7\u00e3o e registro profissional conforme Anexo II do edital.\" data-balloon-pos=\"up\">M\u00c9DICO - UROLOGIA<\/span><\/td>\r\n<td class=\"cvagas\">CR<\/td>\r\n<td class=\"cremuneracao\">R$ 9.499,54 \/20h<\/td>\r\n<\/tr><tr>\r\n<td class=\"ccargos\">\r\n<span data-balloon-length=\"medium\" aria-label=\"Requisitos b\u00e1sicos gerais (idade m\u00ednima 18 anos, nacionalidade brasileira ou portuguesa, quita\u00e7\u00e3o eleitoral e militar, aptid\u00e3o f\u00edsica e mental) e requisitos espec\u00edficos de forma\u00e7\u00e3o e registro profissional conforme Anexo II do edital.\" data-balloon-pos=\"up\">ODONT\u00d3LOGO - ODONTOLOGIA HOSPITALAR<\/span><\/td>\r\n<td class=\"cvagas\">CR<\/td>\r\n<td class=\"cremuneracao\">R$ 5.533,01 \/30h<\/td>\r\n<\/tr><tr>\r\n<td class=\"ccargos\">\r\n<span data-balloon-length=\"medium\" aria-label=\"Requisitos b\u00e1sicos gerais (idade m\u00ednima 18 anos, nacionalidade brasileira ou portuguesa, quita\u00e7\u00e3o eleitoral e militar, aptid\u00e3o f\u00edsica e mental) e requisitos espec\u00edficos de forma\u00e7\u00e3o e registro profissional conforme Anexo II do edital.\" data-balloon-pos=\"up\">PSIC\u00d3LOGO - PSICOLOGIA HOSPITALAR<\/span><\/td>\r\n<td class=\"cvagas\">CR<\/td>\r\n<td class=\"cremuneracao\">R$ 5.533,01 \/30h<\/td>\r\n<\/tr><tr>\r\n<td class=\"ccargos\">\r\n<span data-balloon-length=\"medium\" aria-label=\"Requisitos b\u00e1sicos gerais (idade m\u00ednima 18 anos, nacionalidade brasileira ou portuguesa, quita\u00e7\u00e3o eleitoral e militar, aptid\u00e3o f\u00edsica e mental) e requisitos espec\u00edficos de forma\u00e7\u00e3o e registro profissional conforme Anexo II do edital.\" data-balloon-pos=\"up\">TERAPEUTA OCUPACIONAL<\/span><\/td>\r\n<td class=\"cvagas\">CR<\/td>\r\n<td class=\"cremuneracao\">R$ 5.533,01 \/30h<\/td>\r\n<\/tr><tr>\r\n<td class=\"ccargos\">\r\n<span data-balloon-length=\"medium\" aria-label=\"Requisitos b\u00e1sicos gerais (idade m\u00ednima 18 anos, nacionalidade brasileira ou portuguesa, quita\u00e7\u00e3o eleitoral e militar, aptid\u00e3o f\u00edsica e mental) e requisitos espec\u00edficos de forma\u00e7\u00e3o e registro profissional conforme Anexo II do edital.\" data-balloon-pos=\"up\">M\u00c9DICO - MEDICINA NUCLEAR<\/span><\/td>\r\n<td class=\"cvagas\">CR<\/td>\r\n<td class=\"cremuneracao\">R$ 9.499,54 \/20h<\/td>\r\n<\/tr><tr>\r\n<td class=\"ccargos\">\r\n<span data-balloon-length=\"medium\" aria-label=\"Requisitos b\u00e1sicos gerais (idade m\u00ednima 18 anos, nacionalidade brasileira ou portuguesa, quita\u00e7\u00e3o eleitoral e militar, aptid\u00e3o f\u00edsica e mental) e requisitos espec\u00edficos de forma\u00e7\u00e3o e registro profissional conforme Anexo II do edital.\" data-balloon-pos=\"up\">M\u00c9DICO - ANGIOLOGIA<\/span><\/td>\r\n<td class=\"cvagas\">CR<\/td>\r\n<td class=\"cremuneracao\">R$ 9.499,54 \/20h<\/td>\r\n<\/tr><tr>\r\n<td class=\"ccargos\">\r\n<span data-balloon-length=\"medium\" aria-label=\"Requisitos b\u00e1sicos gerais (idade m\u00ednima 18 anos, nacionalidade brasileira ou portuguesa, quita\u00e7\u00e3o eleitoral e militar, aptid\u00e3o f\u00edsica e mental) e requisitos espec\u00edficos de forma\u00e7\u00e3o e registro profissional conforme Anexo II do edital.\" data-balloon-pos=\"up\">M\u00c9DICO - ENDOSCOPIA<\/span><\/td>\r\n<td class=\"cvagas\">CR<\/td>\r\n<td class=\"cremuneracao\">R$ 9.499,54 \/20h<\/td>\r\n<\/tr><tr>\r\n<td class=\"ccargos\">\r\n<span data-balloon-length=\"medium\" aria-label=\"Requisitos b\u00e1sicos gerais (idade m\u00ednima 18 anos, nacionalidade brasileira ou portuguesa, quita\u00e7\u00e3o eleitoral e militar, aptid\u00e3o f\u00edsica e mental) e requisitos espec\u00edficos de forma\u00e7\u00e3o e registro profissional conforme Anexo II do edital.\" data-balloon-pos=\"up\">M\u00c9DICO - DERMATOLOGISTA<\/span><\/td>\r\n<td class=\"cvagas\">CR<\/td>\r\n<td class=\"cremuneracao\">R$ 9.499,54 \/20h<\/td>\r\n<\/tr><tr>\r\n<td class=\"ccargos\">\r\n<span data-balloon-length=\"medium\" aria-label=\"Requisitos b\u00e1sicos gerais (idade m\u00ednima 18 anos, nacionalidade brasileira ou portuguesa, quita\u00e7\u00e3o eleitoral e militar, aptid\u00e3o f\u00edsica e mental) e requisitos espec\u00edficos de forma\u00e7\u00e3o e registro profissional conforme Anexo II do edital.\" data-balloon-pos=\"up\">M\u00c9DICO - DERMATOLOGISTA (CIRURGIA MICROGRAFICA)<\/span><\/td>\r\n<td class=\"cvagas\">CR<\/td>\r\n<td class=\"cremuneracao\">R$ 9.499,54 \/20h<\/td>\r\n<\/tr><tr>\r\n<td class=\"ccargos\">\r\n<span data-balloon-length=\"medium\" aria-label=\"Requisitos b\u00e1sicos gerais (idade m\u00ednima 18 anos, nacionalidade brasileira ou portuguesa, quita\u00e7\u00e3o eleitoral e militar, aptid\u00e3o f\u00edsica e mental) e requisitos espec\u00edficos de forma\u00e7\u00e3o e registro profissional conforme Anexo II do edital.\" data-balloon-pos=\"up\">M\u00c9DICO - ULTRASSONOGRAFIA<\/span><\/td>\r\n<td class=\"cvagas\">CR<\/td>\r\n<td class=\"cremuneracao\">R$ 9.499,54 \/20h<\/td>\r\n<\/tr><tr>\r\n<td class=\"ccargos\">\r\n<span data-balloon-length=\"medium\" aria-label=\"Requisitos b\u00e1sicos gerais (idade m\u00ednima 18 anos, nacionalidade brasileira ou portuguesa, quita\u00e7\u00e3o eleitoral e militar, aptid\u00e3o f\u00edsica e mental) e requisitos espec\u00edficos de forma\u00e7\u00e3o e registro profissional conforme Anexo II do edital.\" data-balloon-pos=\"up\">M\u00c9DICO - CIRURGIA ONCOL\u00d3GICA<\/span><\/td>\r\n<td class=\"cvagas\">CR<\/td>\r\n<td class=\"cremuneracao\">R$ 9.499,54 \/20h<\/td>\r\n<\/tr><tr>\r\n<td class=\"ccargos\">\r\n<span data-balloon-length=\"medium\" aria-label=\"Requisitos b\u00e1sicos gerais (idade m\u00ednima 18 anos, nacionalidade brasileira ou portuguesa, quita\u00e7\u00e3o eleitoral e militar, aptid\u00e3o f\u00edsica e mental) e requisitos espec\u00edficos de forma\u00e7\u00e3o e registro profissional conforme Anexo II do edital.\" data-balloon-pos=\"up\">M\u00c9DICO - ULTRASSONOGRAFIA OBST\u00c9TRICA<\/span><\/td>\r\n<td class=\"cvagas\">CR<\/td>\r\n<td class=\"cremuneracao\">R$ 9.499,54 \/20h<\/td>\r\n<\/tr><tr>\r\n<td class=\"ccargos\">\r\n<span data-balloon-length=\"medium\" aria-label=\"Requisitos b\u00e1sicos gerais (idade m\u00ednima 18 anos, nacionalidade brasileira ou portuguesa, quita\u00e7\u00e3o eleitoral e militar, aptid\u00e3o f\u00edsica e mental) e requisitos espec\u00edficos de forma\u00e7\u00e3o e registro profissional conforme Anexo II do edital.\" data-balloon-pos=\"up\">M\u00c9DICO - REUMATOLOGIA<\/span><\/td>\r\n<td class=\"cvagas\">CR<\/td>\r\n<td class=\"cremuneracao\">R$ 9.499,54 \/20h<\/td>\r\n<\/tr>\r\n    <\/tbody>\r\n  <\/table>\r\n<\/div>"},"_links":{"self":[{"href":"https:\/\/www.agrobase.com.br\/concursos\/wp-json\/wp\/v2\/posts\/273325","targetHints":{"allow":["GET"]}}],"collection":[{"href":"https:\/\/www.agrobase.com.br\/concursos\/wp-json\/wp\/v2\/posts"}],"about":[{"href":"https:\/\/www.agrobase.com.br\/concursos\/wp-json\/wp\/v2\/types\/post"}],"author":[{"embeddable":true,"href":"https:\/\/www.agrobase.com.br\/concursos\/wp-json\/wp\/v2\/users\/7"}],"replies":[{"embeddable":true,"href":"https:\/\/www.agrobase.com.br\/concursos\/wp-json\/wp\/v2\/comments?post=273325"}],"version-history":[{"count":2,"href":"https:\/\/www.agrobase.com.br\/concursos\/wp-json\/wp\/v2\/posts\/273325\/revisions"}],"predecessor-version":[{"id":273333,"href":"https:\/\/www.agrobase.com.br\/concursos\/wp-json\/wp\/v2\/posts\/273325\/revisions\/273333"}],"wp:featuredmedia":[{"embeddable":true,"href":"https:\/\/www.agrobase.com.br\/concursos\/wp-json\/wp\/v2\/media\/273324"}],"wp:attachment":[{"href":"https:\/\/www.agrobase.com.br\/concursos\/wp-json\/wp\/v2\/media?parent=273325"}],"wp:term":[{"taxonomy":"category","embeddable":true,"href":"https:\/\/www.agrobase.com.br\/concursos\/wp-json\/wp\/v2\/categories?post=273325"},{"taxonomy":"post_tag","embeddable":true,"href":"https:\/\/www.agrobase.com.br\/concursos\/wp-json\/wp\/v2\/tags?post=273325"},{"taxonomy":"_amplo","embeddable":true,"href":"https:\/\/www.agrobase.com.br\/concursos\/wp-json\/wp\/v2\/_amplo?post=273325"},{"taxonomy":"destaque","embeddable":true,"href":"https:\/\/www.agrobase.com.br\/concursos\/wp-json\/wp\/v2\/destaque?post=273325"},{"taxonomy":"instituicoes","embeddable":true,"href":"https:\/\/www.agrobase.com.br\/concursos\/wp-json\/wp\/v2\/instituicoes?post=273325"}],"curies":[{"name":"wp","href":"https:\/\/api.w.org\/{rel}","templated":true}]}}