{"id":273311,"date":"2025-11-03T07:30:00","date_gmt":"2025-11-03T10:30:00","guid":{"rendered":"https:\/\/www.agrobase.com.br\/concursos\/?p=273311"},"modified":"2025-10-31T12:22:06","modified_gmt":"2025-10-31T15:22:06","slug":"prefeitura-barra-do-garcas-mt-selecao-simplificada-313-2025","status":"publish","type":"post","link":"https:\/\/www.agrobase.com.br\/concursos\/2025\/prefeitura-barra-do-garcas-mt-selecao-simplificada-313-2025\/","title":{"rendered":"Prefeitura Barra do Gar\u00e7as (MT) &#8211; Sele\u00e7\u00e3o Simplificada 313\/2025"},"content":{"rendered":"<h2>Informa\u00e7\u00f5es Gerais<\/h2>\n<p>O Processo Seletivo Simplificado da Prefeitura Municipal de Barra do Gar\u00e7as \u2013 MT, regido pelo Edital n\u00ba 22.871\/2025, est\u00e1 com edital publicado e visa \u00e0 contrata\u00e7\u00e3o tempor\u00e1ria e forma\u00e7\u00e3o de cadastro reserva para atua\u00e7\u00e3o na Secretaria Municipal de Sa\u00fade. O certame contempla 313 vagas imediatas, com regime de contrata\u00e7\u00e3o tempor\u00e1ria, conforme as legisla\u00e7\u00f5es municipais vigentes.<\/p>\n<p>As oportunidades abrangem os n\u00edveis m\u00e9dio, t\u00e9cnico e superior, com destaque para \u00e1reas da sa\u00fade e apoio t\u00e9cnico-administrativo. Entre os cargos ofertados, h\u00e1 vagas para profissionais das \u00e1reas de <strong>Nutri\u00e7\u00e3o, Medicina Veterin\u00e1ria, Engenharia de Alimentos e Biomedicina<\/strong>, al\u00e9m de diversas outras fun\u00e7\u00f5es como T\u00e9cnico em Enfermagem, Enfermeiro, Fisioterapeuta, Psic\u00f3logo e Odont\u00f3logo.<\/p>\n<p>As remunera\u00e7\u00f5es variam entre R$ 1.631,00 e R$ 3.536,11, com jornadas de trabalho de at\u00e9 40 horas semanais. Se voc\u00ea busca uma oportunidade no servi\u00e7o p\u00fablico municipal na \u00e1rea da sa\u00fade, continue a leitura para conferir os detalhes sobre inscri\u00e7\u00f5es, etapas e resultados.<\/p>\n<h2>Inscri\u00e7\u00f5es<\/h2>\n<p>As inscri\u00e7\u00f5es para o Processo Seletivo da Prefeitura de Barra do Gar\u00e7as \u2013 MT est\u00e3o <strong>abertas<\/strong> e devem ser realizadas exclusivamente pela internet, no site do Instituto Selecon (<a href=\"https:\/\/selecon.org.br\" target=\"_blank\" rel=\"noopener\">https:\/\/selecon.org.br<\/a>), entre os dias <strong>27 de outubro e 13 de novembro de 2025<\/strong>, conforme o hor\u00e1rio oficial de Barra do Gar\u00e7as \u2013 MT.<\/p>\n<p>O valor da taxa de inscri\u00e7\u00e3o \u00e9 de <strong>R$ 95,00<\/strong> para cargos de n\u00edvel m\u00e9dio e t\u00e9cnico, e de <strong>R$ 130,00<\/strong> para cargos de n\u00edvel superior. O pagamento deve ser efetuado at\u00e9 a data de vencimento do boleto, em qualquer ag\u00eancia banc\u00e1ria ou via internet banking. N\u00e3o ser\u00e3o aceitos pagamentos por PIX, TED, dep\u00f3sito ou outros meios n\u00e3o especificados no edital.<\/p>\n<p>Para efetivar a inscri\u00e7\u00e3o, o candidato deve preencher o formul\u00e1rio eletr\u00f4nico no site da banca, imprimir o comprovante e realizar o pagamento. Ap\u00f3s 72 horas do pagamento, \u00e9 necess\u00e1rio verificar na &#8220;\u00c1rea do Candidato&#8221; se a inscri\u00e7\u00e3o foi processada corretamente. Em caso de inconsist\u00eancia, o candidato deve entrar em contato com o SAC do Instituto Selecon.<\/p>\n<p>O edital prev\u00ea crit\u00e9rios para isen\u00e7\u00e3o da taxa, que devem ser consultados diretamente no documento oficial. Recomenda-se a leitura atenta do edital completo antes de efetuar o pagamento, pois n\u00e3o haver\u00e1 devolu\u00e7\u00e3o da taxa em caso de desist\u00eancia.<\/p>\n<h2>Etapas e Provas<\/h2>\n<p>O Processo Seletivo da Prefeitura de Barra do Gar\u00e7as \u2013 MT ser\u00e1 composto por etapa \u00fanica, v\u00e1lida para todos os cargos: <strong>Prova Objetiva de m\u00faltipla escolha<\/strong>, com car\u00e1ter eliminat\u00f3rio e classificat\u00f3rio. Al\u00e9m disso, haver\u00e1 <strong>Prova Escrita de Reda\u00e7\u00e3o<\/strong>, tamb\u00e9m de car\u00e1ter eliminat\u00f3rio e classificat\u00f3rio.<\/p>\n<p>A <strong>Prova Objetiva<\/strong> ser\u00e1 composta por 30 quest\u00f5es, distribu\u00eddas da seguinte forma:<\/p>\n<ul>\n<li><strong>Conhecimentos B\u00e1sicos<\/strong>: L\u00edngua Portuguesa (4 quest\u00f5es), Racioc\u00ednio L\u00f3gico (4 quest\u00f5es) e Legisla\u00e7\u00e3o (2 quest\u00f5es), totalizando 10 quest\u00f5es com peso 1,0 cada.<\/li>\n<li><strong>Conhecimentos Espec\u00edficos<\/strong>: 20 quest\u00f5es relacionadas \u00e0 \u00e1rea de atua\u00e7\u00e3o do cargo, com peso 2,0 cada.<\/li>\n<\/ul>\n<p>A pontua\u00e7\u00e3o m\u00e1xima da prova \u00e9 de 50 pontos, sendo necess\u00e1rio obter <strong>m\u00ednimo de 50% de acertos<\/strong> para ser considerado habilitado. A dura\u00e7\u00e3o total da prova ser\u00e1 de <strong>3 horas<\/strong>, incluindo o tempo para preenchimento do cart\u00e3o de respostas.<\/p>\n<p>As provas ser\u00e3o aplicadas no munic\u00edpio de Barra do Gar\u00e7as \u2013 MT, no turno da tarde, conforme cronograma a ser divulgado. O local, sala e hor\u00e1rio ser\u00e3o informados no Cart\u00e3o de Convoca\u00e7\u00e3o de Etapa (CCE), dispon\u00edvel na &#8220;\u00c1rea do Candidato&#8221; no site da banca organizadora.<\/p>\n<p>Recomenda-se a leitura completa do edital para informa\u00e7\u00f5es detalhadas sobre os conte\u00fados program\u00e1ticos, crit\u00e9rios de avalia\u00e7\u00e3o, recursos e demais orienta\u00e7\u00f5es.<\/p>\n<h2>Resultados e Gabarito<\/h2>\n<p>Os <strong>gabaritos preliminares<\/strong> das Provas Objetivas ser\u00e3o divulgados at\u00e9 as 17h do dia seguinte \u00e0 aplica\u00e7\u00e3o da prova, no site do Instituto Selecon (<a href=\"https:\/\/selecon.org.br\" target=\"_blank\" rel=\"noopener\">https:\/\/selecon.org.br<\/a>). Os <strong>cadernos de quest\u00f5es<\/strong> tamb\u00e9m estar\u00e3o dispon\u00edveis durante o prazo recursal.<\/p>\n<p>O <strong>resultado preliminar<\/strong> das provas ser\u00e1 publicado ap\u00f3s a an\u00e1lise dos cart\u00f5es de respostas. Os candidatos poder\u00e3o interpor recursos em at\u00e9 2 dias \u00fateis ap\u00f3s a publica\u00e7\u00e3o, por meio da &#8220;\u00c1rea do Candidato&#8221; no site da banca. A decis\u00e3o sobre os recursos ser\u00e1 divulgada no mesmo portal, sem envio de respostas individuais.<\/p>\n<p>O <strong>resultado final<\/strong> ser\u00e1 homologado pela Prefeitura de Barra do Gar\u00e7as \u2013 MT e publicado no <strong>Di\u00e1rio Oficial de Contas do Estado \u2013 TCE<\/strong> e nos sites <a href=\"https:\/\/www.barradogarcas.mt.gov.br\" target=\"_blank\" rel=\"noopener\">www.barradogarcas.mt.gov.br<\/a> e <a href=\"https:\/\/selecon.org.br\" target=\"_blank\" rel=\"noopener\">www.selecon.org.br<\/a>.<\/p>\n<p>A classifica\u00e7\u00e3o final ser\u00e1 organizada em quatro listas: geral, ampla concorr\u00eancia, pessoas com defici\u00eancia e candidatos negros. Os crit\u00e9rios de desempate incluem maior nota na prova de conhecimentos espec\u00edficos, idade mais elevada e outros definidos no edital.<\/p>\n<p>O processo seletivo ter\u00e1 validade de <strong>1 ano<\/strong>, podendo ser prorrogado por igual per\u00edodo. A convoca\u00e7\u00e3o dos aprovados e classificados em cadastro reserva ser\u00e1 feita conforme necessidade da administra\u00e7\u00e3o, por meio de publica\u00e7\u00f5es nos canais oficiais.<\/p>\n<p>\u00c9 de responsabilidade exclusiva do candidato acompanhar todas as publica\u00e7\u00f5es oficiais no site da banca organizadora, no portal da Prefeitura e no Di\u00e1rio Oficial de Contas do Estado \u2013 TCE.<\/p>\n","protected":false},"excerpt":{"rendered":"<p>Sel. Simplificada Pref. Barra do Gar\u00e7as (MT) com edital publicado! Vagas p\/ Enfermeiro e + (M\u00e9dio a Sup.). Inscri\u00e7\u00f5es a partir de 27\/10. Confira detalhes!<\/p>\n","protected":false},"author":7,"featured_media":273310,"comment_status":"open","ping_status":"open","sticky":false,"template":"","format":"standard","meta":{"_acf_changed":false,"_breakdance_hide_in_design_set":false,"_breakdance_tags":"","footnotes":""},"categories":[7,106,12,79,17,18,19,22,23,24,26,101,108,134],"tags":[47],"_amplo":[],"destaque":[],"instituicoes":[],"class_list":["post-273311","post","type-post","status-publish","format-standard","has-post-thumbnail","hentry","category-biomedicina","category-bioquimica","category-enfermagem","category-engenharia-alimentos","category-farmacia","category-fisioterapia","category-fonoaudiologia","category-veterinaria","category-nutricao","category-odontologia","category-psicologia","category-servico-social","category-tecnico-enfermagem","category-terapia-ocupacional","tag-mato-grosso"],"acf":{"_tipo_vagas":"vagas","_numero_vagas":"","_quadro_vagas":"","_cargos":"diversos","_cargos_especificos":"","_salario_max":"R$ 3536.11","_abertura":"20251027","_encerramento":"20251113","_inscricoes":"https:\/\/selecon.org.br","_executora_concurso":"","_instituicao_concurso":[],"_link_adicional":null,"_anexos":null,"_produtos":null,"_vagas":"313 vagas","_salario_min":"R$ 1631","_instituicao":"Prefeitura de Barra do Gar\u00e7as","_edital":"https:\/\/www.agrobase.com.br\/concursos\/wp-content\/uploads\/sites\/4\/2025\/10\/edital-313-2025-prefeitura-de-barra-do-garcas-mt.pdf","_anexos_edital":"https:\/\/www.agrobase.com.br\/concursos\/wp-content\/uploads\/sites\/4\/2025\/10\/anexos-edital-313-2025-prefeitura-de-barra-do-garcas-mt.pdf","_fund_incompleto":"","_fund_completo":"","_medio":"<div>\r\n<table class=\"quadro\">\r\n<thead>\r\n<tr>\r\n<th class=\"hcargo\">Cargo<\/th>\r\n<th class=\"hvagas\">Vagas<\/th>\r\n<th class=\"hremuneracao\">Remunera\u00e7\u00e3o<\/th>\r\n<\/tr>\r\n<\/thead>\r\n    <tbody>\r\n      <td class=\"ccargos\">\r\n<span data-balloon-length=\"medium\" aria-label=\"Profissional de N\u00edvel M\u00e9dio ou T\u00e9cnico Profissionalizante em farm\u00e1cia ou outro similar\" data-balloon-pos=\"up\">Assistente de Farm\u00e1cia<\/span><\/td>\r\n<td class=\"cvagas\">10<\/td>\r\n<td class=\"cremuneracao\">R$ 1.631,00 \/40h<\/td>\r\n<\/tr><td class=\"ccargos\">\r\n<span data-balloon-length=\"medium\" aria-label=\"Ensino M\u00e9dio, curso espec\u00edfico em Auxiliar de Sa\u00fade Bucal e registro profissional no Conselho Regional de Odontologia\" data-balloon-pos=\"up\">Auxiliar de Sa\u00fade Bucal da Estrat\u00e9gia da Fam\u00edlia<\/span><\/td>\r\n<td class=\"cvagas\">10<\/td>\r\n<td class=\"cremuneracao\">R$ 1.631,00 \/40h<\/td>\r\n<\/tr><td class=\"ccargos\">\r\n<span data-balloon-length=\"medium\" aria-label=\"N\u00edvel M\u00e9dio ou M\u00e9dio T\u00e9cnico Profissionalizante em An\u00e1lises Cl\u00ednicas,\" data-balloon-pos=\"up\">T\u00e9cnico em An\u00e1lises Cl\u00ednicas<\/span><\/td>\r\n<td class=\"cvagas\">02<\/td>\r\n<td class=\"cremuneracao\">R$ 1.631,00 \/40h<\/td>\r\n<\/tr><td class=\"ccargos\">\r\n<span data-balloon-length=\"medium\" aria-label=\"N\u00edvel M\u00e9dio ou T\u00e9cnico Profissionalizante e registro no conselho competente\" data-balloon-pos=\"up\">T\u00e9cnico em Enfermagem<\/span><\/td>\r\n<td class=\"cvagas\">150<\/td>\r\n<td class=\"cremuneracao\">R$ 1.631,00 \/40h<\/td>\r\n<\/tr><td class=\"ccargos\">\r\n<span data-balloon-length=\"medium\" aria-label=\"N\u00edvel M\u00e9dio ou T\u00e9cnico Profissionalizante e registro no conselho competente\" data-balloon-pos=\"up\">T\u00e9cnico em Radiologia<\/span><\/td>\r\n<td class=\"cvagas\">15<\/td>\r\n<td class=\"cremuneracao\">R$ 1.631,00 \/25h<\/td>\r\n<\/tr>\r\n    <\/tbody>\r\n  <\/table>\r\n<\/div>","_superior":"<div>\r\n<table class=\"quadro\">\r\n<thead>\r\n<tr>\r\n<th class=\"hcargo\">Cargo<\/th>\r\n<th class=\"hvagas\">Vagas<\/th>\r\n<th class=\"hremuneracao\">Remunera\u00e7\u00e3o<\/th>\r\n<\/tr>\r\n<\/thead>\r\n    <tbody>\r\n      <tr>\r\n<td class=\"ccargos\">\r\n<span data-balloon-length=\"medium\" aria-label=\"Curso superior em Servi\u00e7o Social e Registro no Conselho competente\" data-balloon-pos=\"up\">Assistente Social<\/span><\/td>\r\n<td class=\"cvagas\">10<\/td>\r\n<td class=\"cremuneracao\">R$ 2.658,73 \/30h<\/td>\r\n<\/tr><tr>\r\n<td class=\"ccargos\">\r\n<span data-balloon-length=\"medium\" aria-label=\"Curso superior em Biomedicina com diploma devidamente registrado no Conselho de Classe\" data-balloon-pos=\"up\">Biom\u00e9dico<\/span><\/td>\r\n<td class=\"cvagas\">01<\/td>\r\n<td class=\"cremuneracao\">R$ 3.536,11 \/40h<\/td>\r\n<\/tr><tr>\r\n<td class=\"ccargos\">\r\n<span data-balloon-length=\"medium\" aria-label=\"Curso superior em Biomedicina com diploma devidamente registrado no Conselho de Classe\" data-balloon-pos=\"up\">Biom\u00e9dico em An\u00e1lises Cl\u00ednicas Laboratoriais<\/span><\/td>\r\n<td class=\"cvagas\">02<\/td>\r\n<td class=\"cremuneracao\">R$ 3.536,11 \/40h<\/td>\r\n<\/tr><tr>\r\n<td class=\"ccargos\">\r\n<span data-balloon-length=\"medium\" aria-label=\"Curso superior de Enfermagem com diploma devidamente registrado no Conselho de Classe\" data-balloon-pos=\"up\">Enfermeiro<\/span><\/td>\r\n<td class=\"cvagas\">60<\/td>\r\n<td class=\"cremuneracao\">R$ 3.536,11 \/40h<\/td>\r\n<\/tr><tr>\r\n<td class=\"ccargos\">\r\n<span data-balloon-length=\"medium\" aria-label=\"Curso superior em Engenharia de Alimentos, com diploma devidamente registrado no Conselho de Classe\" data-balloon-pos=\"up\">Engenheiro de Alimentos<\/span><\/td>\r\n<td class=\"cvagas\">01<\/td>\r\n<td class=\"cremuneracao\">R$ 3.536,11 \/40h<\/td>\r\n<\/tr><tr>\r\n<td class=\"ccargos\">\r\n<span data-balloon-length=\"medium\" aria-label=\"N\u00edvel Superior em Farm\u00e1cia, Bioqu\u00edmica ou Bacharel em Biomedicina\" data-balloon-pos=\"up\">Farmac\u00eautico Bioqu\u00edmico<\/span><\/td>\r\n<td class=\"cvagas\">07<\/td>\r\n<td class=\"cremuneracao\">R$ 3.536,11 \/40h<\/td>\r\n<\/tr><tr>\r\n<td class=\"ccargos\">\r\n<span data-balloon-length=\"medium\" aria-label=\"Curso superior em Fisioterapia com diploma devidamente registrado no Conselho de Classe\" data-balloon-pos=\"up\">Fisioterapeuta<\/span><\/td>\r\n<td class=\"cvagas\">20<\/td>\r\n<td class=\"cremuneracao\">R$ 3.536,11 \/40h<\/td>\r\n<\/tr><tr>\r\n<td class=\"ccargos\">\r\n<span data-balloon-length=\"medium\" aria-label=\"Curso superior em Fonoaudiologia e diploma devidamente registrado no Conselho de Classe\" data-balloon-pos=\"up\">Fonoaudi\u00f3logo<\/span><\/td>\r\n<td class=\"cvagas\">02<\/td>\r\n<td class=\"cremuneracao\">R$ 3.536,11 \/40h<\/td>\r\n<\/tr><tr>\r\n<td class=\"ccargos\">\r\n<span data-balloon-length=\"medium\" aria-label=\"Curso superior em Medicina Veterin\u00e1ria, devidamente registrado no Conselho de Classe\" data-balloon-pos=\"up\">M\u00e9dico Veterin\u00e1rio<\/span><\/td>\r\n<td class=\"cvagas\">01<\/td>\r\n<td class=\"cremuneracao\">R$ 3.536,11 \/40h<\/td>\r\n<\/tr><tr>\r\n<td class=\"ccargos\">\r\n<span data-balloon-length=\"medium\" aria-label=\"Curso superior em Nutri\u00e7\u00e3o e diploma devidamente registrado no Conselho de Classe\" data-balloon-pos=\"up\">Nutricionista Sa\u00fade<\/span><\/td>\r\n<td class=\"cvagas\">05<\/td>\r\n<td class=\"cremuneracao\">R$ 3.536,11 \/40h<\/td>\r\n<\/tr><tr>\r\n<td class=\"ccargos\">\r\n<span data-balloon-length=\"medium\" aria-label=\"Curso superior em Odontologia, Registro no Conselho Regional\" data-balloon-pos=\"up\">Odont\u00f3logo<\/span><\/td>\r\n<td class=\"cvagas\">10<\/td>\r\n<td class=\"cremuneracao\">R$ 3.536,11 \/40h<\/td>\r\n<\/tr><tr>\r\n<td class=\"ccargos\">\r\n<span data-balloon-length=\"medium\" aria-label=\"Curso superior em Psicologia, Registro no Conselho Regional devidamente registrado\" data-balloon-pos=\"up\">Psic\u00f3logo Sa\u00fade<\/span><\/td>\r\n<td class=\"cvagas\">05<\/td>\r\n<td class=\"cremuneracao\">R$ 3.536,11 \/40h<\/td>\r\n<\/tr><tr>\r\n<td class=\"ccargos\">\r\n<span data-balloon-length=\"medium\" aria-label=\"Curso superior em Terapia Ocupacional e diploma devidamente registrado\" data-balloon-pos=\"up\">Terapeuta Ocupacional<\/span><\/td>\r\n<td class=\"cvagas\">02<\/td>\r\n<td class=\"cremuneracao\">R$ 3.536,11 \/40h<\/td>\r\n<\/tr>\r\n    <\/tbody>\r\n  <\/table>\r\n<\/div>"},"_links":{"self":[{"href":"https:\/\/www.agrobase.com.br\/concursos\/wp-json\/wp\/v2\/posts\/273311","targetHints":{"allow":["GET"]}}],"collection":[{"href":"https:\/\/www.agrobase.com.br\/concursos\/wp-json\/wp\/v2\/posts"}],"about":[{"href":"https:\/\/www.agrobase.com.br\/concursos\/wp-json\/wp\/v2\/types\/post"}],"author":[{"embeddable":true,"href":"https:\/\/www.agrobase.com.br\/concursos\/wp-json\/wp\/v2\/users\/7"}],"replies":[{"embeddable":true,"href":"https:\/\/www.agrobase.com.br\/concursos\/wp-json\/wp\/v2\/comments?post=273311"}],"version-history":[{"count":2,"href":"https:\/\/www.agrobase.com.br\/concursos\/wp-json\/wp\/v2\/posts\/273311\/revisions"}],"predecessor-version":[{"id":273317,"href":"https:\/\/www.agrobase.com.br\/concursos\/wp-json\/wp\/v2\/posts\/273311\/revisions\/273317"}],"wp:featuredmedia":[{"embeddable":true,"href":"https:\/\/www.agrobase.com.br\/concursos\/wp-json\/wp\/v2\/media\/273310"}],"wp:attachment":[{"href":"https:\/\/www.agrobase.com.br\/concursos\/wp-json\/wp\/v2\/media?parent=273311"}],"wp:term":[{"taxonomy":"category","embeddable":true,"href":"https:\/\/www.agrobase.com.br\/concursos\/wp-json\/wp\/v2\/categories?post=273311"},{"taxonomy":"post_tag","embeddable":true,"href":"https:\/\/www.agrobase.com.br\/concursos\/wp-json\/wp\/v2\/tags?post=273311"},{"taxonomy":"_amplo","embeddable":true,"href":"https:\/\/www.agrobase.com.br\/concursos\/wp-json\/wp\/v2\/_amplo?post=273311"},{"taxonomy":"destaque","embeddable":true,"href":"https:\/\/www.agrobase.com.br\/concursos\/wp-json\/wp\/v2\/destaque?post=273311"},{"taxonomy":"instituicoes","embeddable":true,"href":"https:\/\/www.agrobase.com.br\/concursos\/wp-json\/wp\/v2\/instituicoes?post=273311"}],"curies":[{"name":"wp","href":"https:\/\/api.w.org\/{rel}","templated":true}]}}