{"id":273268,"date":"2025-10-31T07:50:51","date_gmt":"2025-10-31T10:50:51","guid":{"rendered":"https:\/\/www.agrobase.com.br\/concursos\/?p=273268"},"modified":"2025-10-30T14:01:15","modified_gmt":"2025-10-30T17:01:15","slug":"prefeitura-mostardas-rs-selecao-simplificada-03-2025","status":"publish","type":"post","link":"https:\/\/www.agrobase.com.br\/concursos\/2025\/prefeitura-mostardas-rs-selecao-simplificada-03-2025\/","title":{"rendered":"Prefeitura Mostardas (RS) &#8211; Sele\u00e7\u00e3o Simplificada 03\/2025"},"content":{"rendered":"<h2>Informa\u00e7\u00f5es Gerais<\/h2>\n<p>O <strong>Processo Seletivo Simplificado da Prefeitura Municipal de Mostardas<\/strong>, regido pelo Edital n\u00ba 01\/2025, est\u00e1 com edital publicado e tem como objetivo a forma\u00e7\u00e3o de <strong>cadastro reserva<\/strong> para diversos cargos em car\u00e1ter tempor\u00e1rio. A sele\u00e7\u00e3o contempla fun\u00e7\u00f5es de n\u00edveis <strong>fundamental, m\u00e9dio\/t\u00e9cnico e superior<\/strong>, com oportunidades distribu\u00eddas em \u00e1reas administrativas, operacionais, educacionais e da sa\u00fade.<\/p>\n<p>O regime de contrata\u00e7\u00e3o ser\u00e1 <strong>tempor\u00e1rio<\/strong>, com v\u00ednculo regido pela legisla\u00e7\u00e3o municipal vigente. Entre os cargos ofertados, destacam-se oportunidades em \u00e1reas de interesse como <strong>Engenharia Ambiental, Biologia, Medicina Veterin\u00e1ria, Nutri\u00e7\u00e3o<\/strong> e <strong>Fonoaudiologia<\/strong>, especialmente por meio da fun\u00e7\u00e3o de <strong>Fiscal Ambiental<\/strong> e outras ligadas \u00e0 sa\u00fade p\u00fablica.<\/p>\n<p>As remunera\u00e7\u00f5es variam de <strong>R$ 1.339,42 a R$ 21.111,85<\/strong>, com jornadas de trabalho entre 20h e 40h semanais, conforme o cargo. Se voc\u00ea busca uma oportunidade no servi\u00e7o p\u00fablico com contrata\u00e7\u00e3o imediata ou futura, continue a leitura para conhecer os detalhes sobre inscri\u00e7\u00f5es, etapas e resultados.<\/p>\n<h2>Inscri\u00e7\u00f5es<\/h2>\n<p>As inscri\u00e7\u00f5es para o Processo Seletivo Simplificado da Prefeitura de Mostardas est\u00e3o <strong>abertas<\/strong> e devem ser realizadas <strong>presencialmente<\/strong> na Secretaria de Administra\u00e7\u00e3o, localizada na Rua Bento Gon\u00e7alves, 1020, entre os dias <strong>29 de outubro e 12 de novembro de 2025<\/strong>. O atendimento ocorre de segunda a sexta-feira, das <strong>8h30 \u00e0s 11h<\/strong> e das <strong>13h \u00e0s 16h<\/strong>.<\/p>\n<p>O valor da taxa de inscri\u00e7\u00e3o \u00e9 de <strong>R$ 65,40<\/strong> para todos os cargos. Candidatos que desejarem solicitar isen\u00e7\u00e3o devem apresentar requerimento espec\u00edfico (Anexo IV) e a Folha Resumo do Cadastro \u00danico atualizada (at\u00e9 30 dias), conforme as Leis Municipais n\u00ba 4255\/2021 e 4465\/2022.<\/p>\n<p>\u00c9 necess\u00e1rio entregar a ficha de inscri\u00e7\u00e3o preenchida, c\u00f3pias autenticadas de documentos pessoais e comprobat\u00f3rios de escolaridade, experi\u00eancia e habilita\u00e7\u00e3o legal para o cargo. A autentica\u00e7\u00e3o pode ser feita no ato da inscri\u00e7\u00e3o, mediante apresenta\u00e7\u00e3o dos originais.<\/p>\n<p>Ap\u00f3s o encerramento do per\u00edodo, ser\u00e1 publicada a lista de inscritos e das isen\u00e7\u00f5es indeferidas. Os candidatos devem acompanhar o status da inscri\u00e7\u00e3o no <a href=\"https:\/\/www.mostardas.rs.gov.br\" target=\"_blank\" rel=\"noopener\">site oficial da Prefeitura de Mostardas<\/a>.<\/p>\n<p>Recomenda-se a leitura atenta do edital completo para garantir o correto cumprimento de todas as exig\u00eancias.<\/p>\n<h2>Etapas e Provas<\/h2>\n<p>O processo seletivo ser\u00e1 composto por <strong>an\u00e1lise de curr\u00edculos<\/strong>, de car\u00e1ter <strong>classificat\u00f3rio e eliminat\u00f3rio<\/strong>, conforme crit\u00e9rios espec\u00edficos para cada cargo. A pontua\u00e7\u00e3o m\u00e1xima \u00e9 de <strong>100 pontos<\/strong>, e os candidatos que n\u00e3o obtiverem pontua\u00e7\u00e3o m\u00ednima em pelo menos um dos crit\u00e9rios ser\u00e3o desclassificados.<\/p>\n<p>A avalia\u00e7\u00e3o considerar\u00e1:<\/p>\n<ul>\n<li><strong>T\u00edtulos acad\u00eamicos<\/strong> (como p\u00f3s-gradua\u00e7\u00e3o, cursos t\u00e9cnicos e especializa\u00e7\u00f5es);<\/li>\n<li><strong>Cursos de aperfei\u00e7oamento<\/strong> realizados nos \u00faltimos 5 anos;<\/li>\n<li><strong>Experi\u00eancia profissional<\/strong> comprovada na \u00e1rea de atua\u00e7\u00e3o;<\/li>\n<li>Crit\u00e9rios espec\u00edficos por fun\u00e7\u00e3o, como atua\u00e7\u00e3o em sa\u00fade p\u00fablica, doc\u00eancia, atendimento ao p\u00fablico, entre outros.<\/li>\n<\/ul>\n<p>Os documentos comprobat\u00f3rios devem ser apresentados no ato da inscri\u00e7\u00e3o, em envelope lacrado, conforme orienta\u00e7\u00f5es do edital. Cada inscri\u00e7\u00e3o exige um envelope pr\u00f3prio, n\u00e3o sendo permitido o reaproveitamento de documentos entre cargos distintos.<\/p>\n<p>Os crit\u00e9rios de pontua\u00e7\u00e3o variam conforme o cargo. Por exemplo, para <strong>Fiscal Ambiental<\/strong>, s\u00e3o considerados cursos e experi\u00eancias na \u00e1rea ambiental e de fiscaliza\u00e7\u00e3o. J\u00e1 para <strong>Fonoaudi\u00f3logo<\/strong>, s\u00e3o avaliadas especializa\u00e7\u00f5es, participa\u00e7\u00e3o em eventos cient\u00edficos e experi\u00eancia no setor p\u00fablico.<\/p>\n<p>Para detalhes sobre os crit\u00e9rios de pontua\u00e7\u00e3o por cargo, documentos aceitos e prazos de an\u00e1lise, recomenda-se a leitura completa do edital.<\/p>\n<h2>Resultados e Gabarito<\/h2>\n<p>O resultado preliminar da an\u00e1lise curricular ser\u00e1 divulgado em at\u00e9 <strong>dois dias<\/strong> ap\u00f3s o encerramento da etapa de avalia\u00e7\u00e3o, no painel de publica\u00e7\u00f5es oficiais da Prefeitura Municipal e, se dispon\u00edvel, em meio eletr\u00f4nico.<\/p>\n<p>Ap\u00f3s a publica\u00e7\u00e3o, os candidatos poder\u00e3o interpor recurso <strong>uma \u00fanica vez<\/strong>, no prazo de <strong>1 (um) dia \u00fatil<\/strong>, utilizando o modelo do Anexo V. Os recursos devem ser protocolados presencialmente, via protocolo online no site oficial ou pelo e-mail <em>processoseleletivo@gmail.com<\/em>.<\/p>\n<p>Em caso de empate na pontua\u00e7\u00e3o final, ser\u00e3o aplicados os seguintes crit\u00e9rios de desempate, nesta ordem:<\/p>\n<ul>\n<li>Maior idade entre os candidatos com 60 anos ou mais;<\/li>\n<li>Maior titula\u00e7\u00e3o (doutorado, mestrado, especializa\u00e7\u00e3o);<\/li>\n<li>Sorteio p\u00fablico, se necess\u00e1rio.<\/li>\n<\/ul>\n<p>Ap\u00f3s o julgamento dos recursos e aplica\u00e7\u00e3o dos crit\u00e9rios de desempate, ser\u00e1 publicado o <strong>resultado final homologado<\/strong> pelo Prefeito Municipal. A partir da homologa\u00e7\u00e3o, passa a contar o prazo de validade do processo seletivo, que ser\u00e1 de <strong>2 anos, prorrog\u00e1vel por igual per\u00edodo<\/strong>.<\/p>\n<p>A convoca\u00e7\u00e3o dos aprovados ser\u00e1 feita por meio de contato direto e publica\u00e7\u00e3o oficial. O candidato deve acompanhar todas as atualiza\u00e7\u00f5es no <a href=\"https:\/\/www.mostardas.rs.gov.br\" target=\"_blank\" rel=\"noopener\">site da Prefeitura<\/a> e no painel de publica\u00e7\u00f5es da sede do Executivo Municipal. O acompanhamento das publica\u00e7\u00f5es \u00e9 de responsabilidade exclusiva do candidato.<\/p>\n","protected":false},"excerpt":{"rendered":"<p>Sel. Simplificada Pref. Mostardas (RS) com edital publicado! Vagas p\/ M\u00e9dicos e Enfermeiro (Fund. a Sup.). Inscri\u00e7\u00f5es a partir de 29\/10. Confira detalhes!<\/p>\n","protected":false},"author":7,"featured_media":273267,"comment_status":"open","ping_status":"open","sticky":false,"template":"","format":"standard","meta":{"_acf_changed":false,"_breakdance_hide_in_design_set":false,"_breakdance_tags":"","footnotes":""},"categories":[6434,12,19,111,100,6871,116,21,24,108,130],"tags":[58],"_amplo":[],"destaque":[],"instituicoes":[],"class_list":["post-273268","post","type-post","status-publish","format-standard","has-post-thumbnail","hentry","category-educacao-fisica-licenciatura","category-enfermagem","category-fonoaudiologia","category-geografia","category-historia","category-letras-ingles","category-matematica","category-medicina","category-odontologia","category-tecnico-enfermagem","category-tecnico-informatica","tag-rio-grande-sul"],"acf":{"_tipo_vagas":"vagas","_numero_vagas":"","_quadro_vagas":"","_cargos":"diversos","_cargos_especificos":"","_salario_max":"R$ 21111.85","_abertura":"20251029","_encerramento":"20251112","_inscricoes":"https:\/\/www.mostardas.rs.gov.br","_executora_concurso":"","_instituicao_concurso":[],"_link_adicional":null,"_anexos":null,"_produtos":null,"_vagas":"CR","_salario_min":"R$ 1339.42","_instituicao":"Prefeitura de Mostardas","_edital":"https:\/\/www.agrobase.com.br\/concursos\/wp-content\/uploads\/sites\/4\/2025\/10\/edital-03-2025-prefeitura-de-mostardas-rs.pdf","_anexos_edital":"https:\/\/www.agrobase.com.br\/concursos\/wp-content\/uploads\/sites\/4\/2025\/10\/anexos-edital-03-2025-prefeitura-de-mostardas-rs.pdf","_fund_incompleto":"<div>\r\n<table class=\"quadro\">\r\n<thead>\r\n<tr>\r\n<th class=\"hcargo\">Cargo<\/th>\r\n<th class=\"hvagas\">Vagas<\/th>\r\n<th class=\"hremuneracao\">Remunera\u00e7\u00e3o<\/th>\r\n<\/tr>\r\n<\/thead>\r\n    <tbody>\r\n      <td class=\"ccargos\">\r\n<span data-balloon-length=\"medium\" aria-label=\"Alfabetizado.\" data-balloon-pos=\"up\">Atendente Geral<\/span><\/td>\r\n<td class=\"cvagas\">CR<\/td>\r\n<td class=\"cremuneracao\">R$ 1.339,42 \/40h<\/td>\r\n<\/tr><td class=\"ccargos\">\r\n<span data-balloon-length=\"medium\" aria-label=\"Alfabetizado.\" data-balloon-pos=\"up\">Atendente Geral (4\u00ba Distrito \u2013 Dr. Edgardo Pereira Velho)<\/span><\/td>\r\n<td class=\"cvagas\">CR<\/td>\r\n<td class=\"cremuneracao\">R$ 1.339,42 \/40h<\/td>\r\n<\/tr><td class=\"ccargos\">\r\n<span data-balloon-length=\"medium\" aria-label=\"Alfabetizado; Certificado de Curso Especializado.\" data-balloon-pos=\"up\">Mec\u00e2nico<\/span><\/td>\r\n<td class=\"cvagas\">CR<\/td>\r\n<td class=\"cremuneracao\">R$ 1.724,43 \/40h<\/td>\r\n<\/tr><td class=\"ccargos\">\r\n<span data-balloon-length=\"medium\" data-balloon-pos=\"up\">Motorista<\/span><\/td>\r\n<td class=\"cvagas\">CR<\/td>\r\n<td class=\"cremuneracao\">R$ 1.879,83 \/40h<\/td>\r\n<\/tr><td class=\"ccargos\">\r\n<span data-balloon-length=\"medium\" data-balloon-pos=\"up\">Motorista De \u00d4nibus<\/span><\/td>\r\n<td class=\"cvagas\">CR<\/td>\r\n<td class=\"cremuneracao\">R$ 2.182,50 \/40h<\/td>\r\n<\/tr><td class=\"ccargos\">\r\n<span data-balloon-length=\"medium\" data-balloon-pos=\"up\">Motorista De \u00d4nibus (4\u00ba Distrito \u2013 Dr. Edgardo Pereira Velho)<\/span><\/td>\r\n<td class=\"cvagas\">CR<\/td>\r\n<td class=\"cremuneracao\">R$ 2.182,50 \/40h<\/td>\r\n<\/tr><td class=\"ccargos\">\r\n<span data-balloon-length=\"medium\" data-balloon-pos=\"up\">Operador De M\u00e1quinas e Equipamentos Agr\u00edcolas<\/span><\/td>\r\n<td class=\"cvagas\">CR<\/td>\r\n<td class=\"cremuneracao\">R$ 1.879,83 \/40h<\/td>\r\n<\/tr><td class=\"ccargos\">\r\n<span data-balloon-length=\"medium\" data-balloon-pos=\"up\">Operador De M\u00e1quinas e Equipamentos Agr\u00edcolas (4\u00ba Distrito \u2013 Dr. Edgardo Pereira Velho)<\/span><\/td>\r\n<td class=\"cvagas\">CR<\/td>\r\n<td class=\"cremuneracao\">R$ 1.879,83 \/40h<\/td>\r\n<\/tr><td class=\"ccargos\">\r\n<span data-balloon-length=\"medium\" data-balloon-pos=\"up\">Operador De M\u00e1quinas e Equipamentos Rodovi\u00e1rios<\/span><\/td>\r\n<td class=\"cvagas\">CR<\/td>\r\n<td class=\"cremuneracao\">R$ 1.879,83 \/40h<\/td>\r\n<\/tr><td class=\"ccargos\">\r\n<span data-balloon-length=\"medium\" data-balloon-pos=\"up\">Operador De M\u00e1quinas e Equipamentos Rodovi\u00e1rios (4\u00ba Distrito \u2013 Dr. Edgardo Pereira Velho)<\/span><\/td>\r\n<td class=\"cvagas\">CR<\/td>\r\n<td class=\"cremuneracao\">R$ 1.879,83 \/40h<\/td>\r\n<\/tr><td class=\"ccargos\">\r\n<span data-balloon-length=\"medium\" aria-label=\"Alfabetizado.\" data-balloon-pos=\"up\">Oper\u00e1rio<\/span><\/td>\r\n<td class=\"cvagas\">CR<\/td>\r\n<td class=\"cremuneracao\">R$ 1.339,42 \/40h<\/td>\r\n<\/tr><td class=\"ccargos\">\r\n<span data-balloon-length=\"medium\" aria-label=\"Alfabetizado.\" data-balloon-pos=\"up\">Pintor<\/span><\/td>\r\n<td class=\"cvagas\">CR<\/td>\r\n<td class=\"cremuneracao\">R$ 1.339,42 \/40h<\/td>\r\n<\/tr><td class=\"ccargos\">\r\n<span data-balloon-length=\"medium\" aria-label=\"Alfabetizado.\" data-balloon-pos=\"up\">Servente Geral<\/span><\/td>\r\n<td class=\"cvagas\">CR<\/td>\r\n<td class=\"cremuneracao\">R$ 1.339,42 \/40h<\/td>\r\n<\/tr><td class=\"ccargos\">\r\n<span data-balloon-length=\"medium\" aria-label=\"Alfabetizado.\" data-balloon-pos=\"up\">Servente Geral (4\u00ba Distrito \u2013 Dr. Edgardo Pereira Velho)<\/span><\/td>\r\n<td class=\"cvagas\">CR<\/td>\r\n<td class=\"cremuneracao\">R$ 1.339,42 \/40h<\/td>\r\n<\/tr><td class=\"ccargos\">\r\n<span data-balloon-length=\"medium\" aria-label=\"Alfabetizado.\" data-balloon-pos=\"up\">Servente\/Merendeira<\/span><\/td>\r\n<td class=\"cvagas\">CR<\/td>\r\n<td class=\"cremuneracao\">R$ 1.339,42 \/40h<\/td>\r\n<\/tr><td class=\"ccargos\">\r\n<span data-balloon-length=\"medium\" aria-label=\"Alfabetizado.\" data-balloon-pos=\"up\">Zelador Urbano\/Rural<\/span><\/td>\r\n<td class=\"cvagas\">CR<\/td>\r\n<td class=\"cremuneracao\">R$ 1.339,42 \/40h<\/td>\r\n<\/tr>\r\n    <\/tbody>\r\n  <\/table>\r\n<\/div>","_fund_completo":"","_medio":"<div>\r\n<table class=\"quadro\">\r\n<thead>\r\n<tr>\r\n<th class=\"hcargo\">Cargo<\/th>\r\n<th class=\"hvagas\">Vagas<\/th>\r\n<th class=\"hremuneracao\">Remunera\u00e7\u00e3o<\/th>\r\n<\/tr>\r\n<\/thead>\r\n    <tbody>\r\n      <td class=\"ccargos\">\r\n<span data-balloon-length=\"medium\" aria-label=\"Ensino m\u00e9dio completo.\" data-balloon-pos=\"up\">Fiscal Tribut\u00e1rio<\/span><\/td>\r\n<td class=\"cvagas\">CR<\/td>\r\n<td class=\"cremuneracao\">R$ 2.568,67 \/35h<\/td>\r\n<\/tr><td class=\"ccargos\">\r\n<span data-balloon-length=\"medium\" aria-label=\"Ensino m\u00e9dio completo.\" data-balloon-pos=\"up\">Fiscal Ambiental<\/span><\/td>\r\n<td class=\"cvagas\">CR<\/td>\r\n<td class=\"cremuneracao\">R$ 2.568,67 \/35h<\/td>\r\n<\/tr><td class=\"ccargos\">\r\n<span data-balloon-length=\"medium\" aria-label=\"Ensino m\u00e9dio completo.\" data-balloon-pos=\"up\">Monitor (4\u00ba Distrito \u2013 Dr. Edgardo Pereira Velho)<\/span><\/td>\r\n<td class=\"cvagas\">CR<\/td>\r\n<td class=\"cremuneracao\">R$ 2.182,50 \/40h<\/td>\r\n<\/tr><td class=\"ccargos\">\r\n<span data-balloon-length=\"medium\" aria-label=\"Curso T\u00e9cnico de Enfermagem; Diploma do curso T\u00e9cnico em Enfermagem; Habilita\u00e7\u00e3o legal para o exerc\u00edcio da profiss\u00e3o; Registro de COREN e Certid\u00e3o de regularidade.\" data-balloon-pos=\"up\">T\u00e9cnico em Enfermagem<\/span><\/td>\r\n<td class=\"cvagas\">CR<\/td>\r\n<td class=\"cremuneracao\">R$ 2.568,67 \/35h<\/td>\r\n<\/tr><td class=\"ccargos\">\r\n<span data-balloon-length=\"medium\" aria-label=\"Curso T\u00e9cnico de Enfermagem; Diploma do curso T\u00e9cnico em Enfermagem; Habilita\u00e7\u00e3o legal para o exerc\u00edcio da profiss\u00e3o; Registro de COREN e Certid\u00e3o de regularidade.\" data-balloon-pos=\"up\">T\u00e9cnico em Enfermagem (Balne\u00e1rio Mostardense)<\/span><\/td>\r\n<td class=\"cvagas\">CR<\/td>\r\n<td class=\"cremuneracao\">R$ 2.568,67 \/35h<\/td>\r\n<\/tr><td class=\"ccargos\">\r\n<span data-balloon-length=\"medium\" aria-label=\"Curso T\u00e9cnico de Enfermagem; Diploma do curso T\u00e9cnico em Enfermagem; Habilita\u00e7\u00e3o legal para o exerc\u00edcio da profiss\u00e3o; Registro de COREN e Certid\u00e3o de regularidade.\" data-balloon-pos=\"up\">T\u00e9cnico em Enfermagem (Praia do Farol da Solid\u00e3o \u2013 Opera\u00e7\u00e3o Ver\u00e3o)<\/span><\/td>\r\n<td class=\"cvagas\">CR<\/td>\r\n<td class=\"cremuneracao\">R$ 2.568,67 \/35h<\/td>\r\n<\/tr><td class=\"ccargos\">\r\n<span data-balloon-length=\"medium\" aria-label=\"Ensino M\u00e9dio e Certificado de Curso T\u00e9cnico em Inform\u00e1tica com no m\u00ednimo 1.200 horas; Certificado de Curso Especializado.\" data-balloon-pos=\"up\">T\u00e9cnico em Inform\u00e1tica<\/span><\/td>\r\n<td class=\"cvagas\">CR<\/td>\r\n<td class=\"cremuneracao\">R$ 2.568,67 \/35h<\/td>\r\n<\/tr>\r\n    <\/tbody>\r\n  <\/table>\r\n<\/div>","_superior":"<div>\r\n<table class=\"quadro\">\r\n<thead>\r\n<tr>\r\n<th class=\"hcargo\">Cargo<\/th>\r\n<th class=\"hvagas\">Vagas<\/th>\r\n<th class=\"hremuneracao\">Remunera\u00e7\u00e3o<\/th>\r\n<\/tr>\r\n<\/thead>\r\n    <tbody>\r\n      <tr>\r\n<td class=\"ccargos\">\r\n<span data-balloon-length=\"medium\" aria-label=\"Curso Superior completo de Odontologia; Diploma do Curso Cirurgi\u00e3o Dentista; Habilita\u00e7\u00e3o legal para o exerc\u00edcio da profiss\u00e3o; Registro no CRO e Certid\u00e3o de regularidade.\" data-balloon-pos=\"up\">Cirurgi\u00e3o Dentista (4\u00ba Distrito \u2013 Dr. Edgardo Pereira Velho)<\/span><\/td>\r\n<td class=\"cvagas\">CR<\/td>\r\n<td class=\"cremuneracao\">R$ 6.731,90 \/35h<\/td>\r\n<\/tr><tr>\r\n<td class=\"ccargos\">\r\n<span data-balloon-length=\"medium\" aria-label=\"Curso Superior; Diploma do Curso Enfermeiro; Habilita\u00e7\u00e3o legal para o exerc\u00edcio da profiss\u00e3o; Registro de COREN e Certid\u00e3o de regularidade.\" data-balloon-pos=\"up\">Enfermeiro<\/span><\/td>\r\n<td class=\"cvagas\">CR<\/td>\r\n<td class=\"cremuneracao\">R$ 6.731,90 \/35h<\/td>\r\n<\/tr><tr>\r\n<td class=\"ccargos\">\r\n<span data-balloon-length=\"medium\" aria-label=\"Curso Superior; Diploma do Curso Enfermeiro; Habilita\u00e7\u00e3o legal para o exerc\u00edcio da profiss\u00e3o; Registro de COREN e Certid\u00e3o de regularidade.\" data-balloon-pos=\"up\">Enfermeiro (Praia do Farol da Solid\u00e3o \u2013 Opera\u00e7\u00e3o Ver\u00e3o)<\/span><\/td>\r\n<td class=\"cvagas\">CR<\/td>\r\n<td class=\"cremuneracao\">R$ 6.731,90 \/35h<\/td>\r\n<\/tr><tr>\r\n<td class=\"ccargos\">\r\n<span data-balloon-length=\"medium\" aria-label=\"Curso Superior; Diploma do Curso Enfermeiro; Habilita\u00e7\u00e3o legal para o exerc\u00edcio da profiss\u00e3o; Registro de COREN e Certid\u00e3o de regularidade.\" data-balloon-pos=\"up\">Enfermeiro (Balne\u00e1rio Mostardense \u2013 Opera\u00e7\u00e3o Ver\u00e3o)<\/span><\/td>\r\n<td class=\"cvagas\">CR<\/td>\r\n<td class=\"cremuneracao\">R$ 6.731,90 \/35h<\/td>\r\n<\/tr><tr>\r\n<td class=\"ccargos\">\r\n<span data-balloon-length=\"medium\" aria-label=\"Curso Superior completo em Fonoaudiologia; Habilita\u00e7\u00e3o legal para o exerc\u00edcio da profiss\u00e3o de Fonoaudi\u00f3logo; inscri\u00e7\u00e3o (registro) v\u00e1lida no \u00f3rg\u00e3o de classe respectivo, juntamente com a Certid\u00e3o de Regularidade v\u00e1lida.\" data-balloon-pos=\"up\">Fonoaudi\u00f3logo<\/span><\/td>\r\n<td class=\"cvagas\">CR<\/td>\r\n<td class=\"cremuneracao\">R$ 5.032,98 \/20h<\/td>\r\n<\/tr><tr>\r\n<td class=\"ccargos\">\r\n<span data-balloon-length=\"medium\" aria-label=\"Curso Superior completo de Medicina com especializa\u00e7\u00e3o em Psiquiatria; Diploma do Curso de Medicina e Especializa\u00e7\u00e3o em Psiquiatria; Habilita\u00e7\u00e3o legal para o exerc\u00edcio da psiquiatria com Registro no CRM e Certid\u00e3o de regularidade.\" data-balloon-pos=\"up\">M\u00e9dico Psiquiatra<\/span><\/td>\r\n<td class=\"cvagas\">CR<\/td>\r\n<td class=\"cremuneracao\">R$ 21.111,85 \/20h<\/td>\r\n<\/tr><tr>\r\n<td class=\"ccargos\">\r\n<span data-balloon-length=\"medium\" aria-label=\"Curso Superior completo de Medicina com especializa\u00e7\u00e3o em Pediatria; Diploma do Curso de Medicina e Especializa\u00e7\u00e3o em Pediatria; Habilita\u00e7\u00e3o legal para o exerc\u00edcio da pediatria com Registro no CRM e Certid\u00e3o de regularidade.\" data-balloon-pos=\"up\">M\u00e9dico Pediatra<\/span><\/td>\r\n<td class=\"cvagas\">CR<\/td>\r\n<td class=\"cremuneracao\">R$ 21.111,85 \/20h<\/td>\r\n<\/tr><tr>\r\n<td class=\"ccargos\">\r\n<span data-balloon-length=\"medium\" aria-label=\"Curso Superior, de Licenciatura Plena em Letras, com habilita\u00e7\u00e3o em Portugu\u00eas\/Ingl\u00eas ou L\u00edngua Inglesa.\" data-balloon-pos=\"up\">Professor de L\u00edngua Inglesa<\/span><\/td>\r\n<td class=\"cvagas\">CR<\/td>\r\n<td class=\"cremuneracao\">R$ 2.796,03 \/20h<\/td>\r\n<\/tr><tr>\r\n<td class=\"ccargos\">\r\n<span data-balloon-length=\"medium\" aria-label=\"Curso Superior, de Licenciatura Plena em Letras, com habilita\u00e7\u00e3o em Portugu\u00eas\/Ingl\u00eas ou L\u00edngua Inglesa.\" data-balloon-pos=\"up\">Professor de L\u00edngua Inglesa (4\u00ba Distrito \u2013 Dr. Edgardo Pereira Velho)<\/span><\/td>\r\n<td class=\"cvagas\">CR<\/td>\r\n<td class=\"cremuneracao\">R$ 2.796,03 \/20h<\/td>\r\n<\/tr><tr>\r\n<td class=\"ccargos\">\r\n<span data-balloon-length=\"medium\" aria-label=\"Curso Superior, de Licenciatura Plena em Geografia.\" data-balloon-pos=\"up\">Professor de Geografia (4\u00ba Distrito \u2013 Dr. Edgardo Pereira Velho)<\/span><\/td>\r\n<td class=\"cvagas\">CR<\/td>\r\n<td class=\"cremuneracao\">R$ 2.796,03 \/20h<\/td>\r\n<\/tr><tr>\r\n<td class=\"ccargos\">\r\n<span data-balloon-length=\"medium\" aria-label=\"Curso Superior, de Licenciatura Plena em Hist\u00f3ria.\" data-balloon-pos=\"up\">Professor de Hist\u00f3ria<\/span><\/td>\r\n<td class=\"cvagas\">CR<\/td>\r\n<td class=\"cremuneracao\">R$ 2.796,03 \/20h<\/td>\r\n<\/tr><tr>\r\n<td class=\"ccargos\">\r\n<span data-balloon-length=\"medium\" aria-label=\"Curso Superior, de Licenciatura Plena em Hist\u00f3ria.\" data-balloon-pos=\"up\">Professor de Hist\u00f3ria (4\u00ba Distrito \u2013 Dr. Edgardo Pereira Velho)<\/span><\/td>\r\n<td class=\"cvagas\">CR<\/td>\r\n<td class=\"cremuneracao\">R$ 2.796,03 \/20h<\/td>\r\n<\/tr><tr>\r\n<td class=\"ccargos\">\r\n<span data-balloon-length=\"medium\" aria-label=\"Curso Superior, de Licenciatura Plena em Matem\u00e1tica.\" data-balloon-pos=\"up\">Professor de Matem\u00e1tica (4\u00ba Distrito \u2013 Dr. Edgardo Pereira Velho)<\/span><\/td>\r\n<td class=\"cvagas\">CR<\/td>\r\n<td class=\"cremuneracao\">R$ 2.796,03 \/20h<\/td>\r\n<\/tr><tr>\r\n<td class=\"ccargos\">\r\n<span data-balloon-length=\"medium\" aria-label=\"Curso Superior, de Licenciatura Plena em Educa\u00e7\u00e3o F\u00edsica.\" data-balloon-pos=\"up\">Professor de Educa\u00e7\u00e3o F\u00edsica (4\u00ba Distrito \u2013 Dr. Edgardo Pereira Velho)<\/span><\/td>\r\n<td class=\"cvagas\">CR<\/td>\r\n<td class=\"cremuneracao\">R$ 2.796,03 \/20h<\/td>\r\n<\/tr>\r\n    <\/tbody>\r\n  <\/table>\r\n<\/div>"},"_links":{"self":[{"href":"https:\/\/www.agrobase.com.br\/concursos\/wp-json\/wp\/v2\/posts\/273268","targetHints":{"allow":["GET"]}}],"collection":[{"href":"https:\/\/www.agrobase.com.br\/concursos\/wp-json\/wp\/v2\/posts"}],"about":[{"href":"https:\/\/www.agrobase.com.br\/concursos\/wp-json\/wp\/v2\/types\/post"}],"author":[{"embeddable":true,"href":"https:\/\/www.agrobase.com.br\/concursos\/wp-json\/wp\/v2\/users\/7"}],"replies":[{"embeddable":true,"href":"https:\/\/www.agrobase.com.br\/concursos\/wp-json\/wp\/v2\/comments?post=273268"}],"version-history":[{"count":2,"href":"https:\/\/www.agrobase.com.br\/concursos\/wp-json\/wp\/v2\/posts\/273268\/revisions"}],"predecessor-version":[{"id":273272,"href":"https:\/\/www.agrobase.com.br\/concursos\/wp-json\/wp\/v2\/posts\/273268\/revisions\/273272"}],"wp:featuredmedia":[{"embeddable":true,"href":"https:\/\/www.agrobase.com.br\/concursos\/wp-json\/wp\/v2\/media\/273267"}],"wp:attachment":[{"href":"https:\/\/www.agrobase.com.br\/concursos\/wp-json\/wp\/v2\/media?parent=273268"}],"wp:term":[{"taxonomy":"category","embeddable":true,"href":"https:\/\/www.agrobase.com.br\/concursos\/wp-json\/wp\/v2\/categories?post=273268"},{"taxonomy":"post_tag","embeddable":true,"href":"https:\/\/www.agrobase.com.br\/concursos\/wp-json\/wp\/v2\/tags?post=273268"},{"taxonomy":"_amplo","embeddable":true,"href":"https:\/\/www.agrobase.com.br\/concursos\/wp-json\/wp\/v2\/_amplo?post=273268"},{"taxonomy":"destaque","embeddable":true,"href":"https:\/\/www.agrobase.com.br\/concursos\/wp-json\/wp\/v2\/destaque?post=273268"},{"taxonomy":"instituicoes","embeddable":true,"href":"https:\/\/www.agrobase.com.br\/concursos\/wp-json\/wp\/v2\/instituicoes?post=273268"}],"curies":[{"name":"wp","href":"https:\/\/api.w.org\/{rel}","templated":true}]}}