{"id":273258,"date":"2025-10-31T07:30:24","date_gmt":"2025-10-31T10:30:24","guid":{"rendered":"https:\/\/www.agrobase.com.br\/concursos\/?p=273258"},"modified":"2025-10-30T12:24:33","modified_gmt":"2025-10-30T15:24:33","slug":"prefeitura-mirim-doce-sc-selecao-publica-08-2025","status":"publish","type":"post","link":"https:\/\/www.agrobase.com.br\/concursos\/2025\/prefeitura-mirim-doce-sc-selecao-publica-08-2025\/","title":{"rendered":"Prefeitura Mirim Doce (SC) &#8211; Sele\u00e7\u00e3o P\u00fablica 08\/2025"},"content":{"rendered":"<h2>Informa\u00e7\u00f5es Gerais<\/h2>\n<p>O Munic\u00edpio de Mirim Doce, em Santa Catarina, publicou o edital do novo <strong>Processo Seletivo P\u00fablico<\/strong>, com objetivo de forma\u00e7\u00e3o de cadastro reserva para diversos cargos tempor\u00e1rios no quadro de pessoal do Poder Executivo Municipal. O certame \u00e9 regido pelas Leis Complementares n\u00ba 02\/93 e n\u00ba 72\/2011 e contempla oportunidades em todos os n\u00edveis de escolaridade, com remunera\u00e7\u00f5es que variam de <strong>R$ 1.771,45 a R$ 5.713,07<\/strong>.<\/p>\n<p>As contrata\u00e7\u00f5es ocorrer\u00e3o em regime tempor\u00e1rio, conforme a necessidade da administra\u00e7\u00e3o p\u00fablica. H\u00e1 vagas para \u00e1reas estrat\u00e9gicas como <strong>Medicina Veterin\u00e1ria<\/strong>, <strong>Educa\u00e7\u00e3o<\/strong>, <strong>Servi\u00e7o Social<\/strong>, <strong>Engenharia (Arquitetura)<\/strong>, <strong>Contabilidade<\/strong>, entre outras. Profissionais com forma\u00e7\u00e3o em <strong>Medicina Veterin\u00e1ria<\/strong> poder\u00e3o concorrer ao cargo de Veterin\u00e1rio, com jornada de 40h semanais e sal\u00e1rio de R$ 5.713,07.<\/p>\n<p>Com ampla variedade de cargos e possibilidade de atua\u00e7\u00e3o em diferentes setores da administra\u00e7\u00e3o municipal, este processo seletivo \u00e9 uma excelente oportunidade para quem busca estabilidade tempor\u00e1ria e experi\u00eancia no servi\u00e7o p\u00fablico. Confira abaixo os detalhes sobre inscri\u00e7\u00f5es, etapas e resultados.<\/p>\n<h2>Inscri\u00e7\u00f5es<\/h2>\n<p>As inscri\u00e7\u00f5es para o Processo Seletivo de Mirim Doce est\u00e3o <strong>abertas<\/strong> e devem ser realizadas exclusivamente <strong>online<\/strong> no site da banca organizadora, <a href=\"https:\/\/www.legalleconcursos.com.br\" target=\"_blank\" rel=\"noopener\">www.legalleconcursos.com.br<\/a>, entre os dias <strong>28 de outubro e 10 de novembro de 2025<\/strong>, at\u00e9 \u00e0s 18h.<\/p>\n<p>As taxas de inscri\u00e7\u00e3o variam conforme o n\u00edvel de escolaridade:<\/p>\n<ul>\n<li>Ensino Fundamental\/Alfabetizado: R$ 40,00<\/li>\n<li>Ensino M\u00e9dio: R$ 70,00<\/li>\n<li>Ensino Superior: R$ 100,00<\/li>\n<\/ul>\n<p>O pagamento deve ser feito via boleto banc\u00e1rio, gerado no site at\u00e9 as 18h do \u00faltimo dia de inscri\u00e7\u00e3o. O boleto deve ser quitado at\u00e9 as 23h59 do mesmo dia, respeitando o hor\u00e1rio limite do banco escolhido. Pagamentos fora do prazo n\u00e3o ser\u00e3o aceitos.<\/p>\n<p>Pedidos de isen\u00e7\u00e3o da taxa devem seguir os crit\u00e9rios estabelecidos no edital e ser solicitados dentro do prazo estipulado. A inscri\u00e7\u00e3o s\u00f3 ser\u00e1 efetivada ap\u00f3s a confirma\u00e7\u00e3o do pagamento ou deferimento da isen\u00e7\u00e3o.<\/p>\n<p>Ap\u00f3s a inscri\u00e7\u00e3o, o candidato deve acessar a <strong>\u00c1rea do Candidato<\/strong> no site da Legalle Concursos com a senha cadastrada para acompanhar o status da inscri\u00e7\u00e3o, local de prova e demais comunicados oficiais.<\/p>\n<p>Recomenda-se a leitura atenta do edital completo para compreender todos os procedimentos e prazos.<\/p>\n<h2>Etapas e Provas<\/h2>\n<p>O Processo Seletivo de Mirim Doce ser\u00e1 composto por at\u00e9 tr\u00eas etapas, conforme o cargo pretendido:<\/p>\n<ul>\n<li><strong>Prova Te\u00f3rico-Objetiva<\/strong> \u2013 <em>eliminat\u00f3ria e classificat\u00f3ria<\/em>: aplicada a todos os cargos, com quest\u00f5es de m\u00faltipla escolha e dura\u00e7\u00e3o de at\u00e9 3 horas. As disciplinas incluem L\u00edngua Portuguesa, Matem\u00e1tica, Atualidades, Legisla\u00e7\u00e3o e Conhecimentos Espec\u00edficos, variando conforme o cargo. A nota m\u00ednima para aprova\u00e7\u00e3o \u00e9 de 40% do total de pontos.<\/li>\n<li><strong>Prova de T\u00edtulos<\/strong> \u2013 <em>classificat\u00f3ria<\/em>: exclusiva para os cargos de Pedagogo, Professores (Educa\u00e7\u00e3o Infantil, S\u00e9ries Iniciais, Educa\u00e7\u00e3o Especial e S\u00e9ries Finais \u2013 Habilitados e N\u00e3o Habilitados). Ser\u00e3o aceitos certificados de p\u00f3s-gradua\u00e7\u00e3o (especializa\u00e7\u00e3o, mestrado ou doutorado) na \u00e1rea de atua\u00e7\u00e3o ou em Educa\u00e7\u00e3o. Apenas o t\u00edtulo de maior valor acad\u00eamico ser\u00e1 pontuado.<\/li>\n<li><strong>Prova Pr\u00e1tica<\/strong> \u2013 <em>eliminat\u00f3ria e classificat\u00f3ria<\/em>: destinada aos cargos de Motorista, Motorista de Ambul\u00e2ncia e Operador de M\u00e1quina. Avalia habilidades pr\u00e1ticas espec\u00edficas da fun\u00e7\u00e3o, com penaliza\u00e7\u00f5es por faltas leves a eliminat\u00f3rias.<\/li>\n<\/ul>\n<p>As provas ser\u00e3o realizadas preferencialmente no munic\u00edpio de Mirim Doce, podendo ser aplicadas em cidades vizinhas caso necess\u00e1rio. Os candidatos devem acompanhar os editais de convoca\u00e7\u00e3o para informa\u00e7\u00f5es sobre datas, locais e hor\u00e1rios.<\/p>\n<p>Para detalhes sobre o conte\u00fado program\u00e1tico, crit\u00e9rios de avalia\u00e7\u00e3o e cronograma completo, consulte o edital oficial dispon\u00edvel no site da banca organizadora.<\/p>\n<h2>Resultados e Gabarito<\/h2>\n<p>O resultado final do Processo Seletivo ser\u00e1 calculado conforme a combina\u00e7\u00e3o de etapas aplic\u00e1veis a cada cargo:<\/p>\n<ul>\n<li><strong>Somente Prova Te\u00f3rico-Objetiva<\/strong>: para cargos como Agente Administrativo, Assistente Social, Enfermeiro, Veterin\u00e1rio, entre outros.<\/li>\n<li><strong>Prova Te\u00f3rico-Objetiva + Prova de T\u00edtulos<\/strong>: para Pedagogo e Professores (Educa\u00e7\u00e3o Infantil, S\u00e9ries Iniciais, Educa\u00e7\u00e3o Especial e S\u00e9ries Finais \u2013 Habilitados e N\u00e3o Habilitados).<\/li>\n<li><strong>Prova Te\u00f3rico-Objetiva + Prova Pr\u00e1tica<\/strong>: para Motorista, Motorista de Ambul\u00e2ncia e Operador de M\u00e1quina.<\/li>\n<\/ul>\n<p>Os candidatos ser\u00e3o classificados em ordem decrescente da nota final, com desempates resolvidos por crit\u00e9rios como idade (prioridade para idosos), maior nota em Conhecimentos Espec\u00edficos, L\u00edngua Portuguesa, Matem\u00e1tica, entre outros. Persistindo o empate, ser\u00e1 realizado sorteio p\u00fablico.<\/p>\n<p>Ser\u00e3o divulgadas duas listas de classifica\u00e7\u00e3o: uma geral e outra espec\u00edfica para pessoas com defici\u00eancia (PCD). Os resultados preliminares e definitivos de cada etapa, bem como os gabaritos, ser\u00e3o publicados no site da banca organizadora.<\/p>\n<p>Os candidatos poder\u00e3o interpor recursos em diversas fases do certame, como indeferimento de inscri\u00e7\u00e3o, resultado de provas, t\u00edtulos e convoca\u00e7\u00e3o para etapas pr\u00e1ticas. A homologa\u00e7\u00e3o do resultado final ser\u00e1 publicada oficialmente, e as convoca\u00e7\u00f5es ocorrer\u00e3o conforme a necessidade do munic\u00edpio.<\/p>\n<p><strong>\u00c9 responsabilidade exclusiva do candidato acompanhar todas as publica\u00e7\u00f5es no site da Legalle Concursos e no Di\u00e1rio Oficial do Munic\u00edpio.<\/strong><\/p>\n","protected":false},"excerpt":{"rendered":"<p>Sel. P\u00fablica Pref. Mirim Doce (SC) com edital publicado! Vagas p\/ Professor, Enfermeiro (Fund. a Sup.). Inscri\u00e7\u00f5es a partir de 28\/10. Sal\u00e1rios at\u00e9 R$ 5.7k. Confira detalhes!<\/p>\n","protected":false},"author":7,"featured_media":273257,"comment_status":"open","ping_status":"open","sticky":false,"template":"","format":"standard","meta":{"_acf_changed":false,"_breakdance_hide_in_design_set":false,"_breakdance_tags":"","footnotes":""},"categories":[5,6433,9,11,6434,12,17,111,100,20,6871,116,22,25,26,101],"tags":[61],"_amplo":[],"destaque":[],"instituicoes":[],"class_list":["post-273258","post","type-post","status-publish","format-standard","has-post-thumbnail","hentry","category-arquitetura","category-biologia-licenciatura","category-ciencias-contabeis","category-educacao-fisica","category-educacao-fisica-licenciatura","category-enfermagem","category-farmacia","category-geografia","category-historia","category-letras","category-letras-ingles","category-matematica","category-veterinaria","category-pedagogia","category-psicologia","category-servico-social","tag-santa-catarina"],"acf":{"_tipo_vagas":"vagas","_numero_vagas":"","_quadro_vagas":"","_cargos":"diversos","_cargos_especificos":"","_salario_max":"R$ 5713.07","_abertura":"20251028","_encerramento":"20251110","_inscricoes":"https:\/\/www.legalleconcursos.com.br","_executora_concurso":"","_instituicao_concurso":[],"_link_adicional":null,"_anexos":null,"_produtos":null,"_vagas":"CR","_salario_min":"R$ 1771.45","_instituicao":"Prefeitura de Mirim Doce","_edital":"https:\/\/www.agrobase.com.br\/concursos\/wp-content\/uploads\/sites\/4\/2025\/10\/edital-08-2025-prefeitura-de-mirim-doce-sc.pdf","_anexos_edital":"https:\/\/www.agrobase.com.br\/concursos\/wp-content\/uploads\/sites\/4\/2025\/10\/anexos-edital-08-2025-prefeitura-de-mirim-doce-sc.pdf","_fund_incompleto":"<div>\r\n<table class=\"quadro\">\r\n<thead>\r\n<tr>\r\n<th class=\"hcargo\">Cargo<\/th>\r\n<th class=\"hvagas\">Vagas<\/th>\r\n<th class=\"hremuneracao\">Remunera\u00e7\u00e3o<\/th>\r\n<\/tr>\r\n<\/thead>\r\n    <tbody>\r\n      <td class=\"ccargos\">\r\n<span data-balloon-length=\"medium\" aria-label=\"Alfabetizado e\/ou experi\u00eancia na \u00e1rea de atua\u00e7\u00e3o.\" data-balloon-pos=\"up\">Faxineira<\/span><\/td>\r\n<td class=\"cvagas\">CR<\/td>\r\n<td class=\"cremuneracao\">R$ 1.771,45 \/40h<\/td>\r\n<\/tr><td class=\"ccargos\">\r\n<span data-balloon-length=\"medium\" aria-label=\"Alfabetizado e\/ou experi\u00eancia na \u00e1rea de atua\u00e7\u00e3o.\" data-balloon-pos=\"up\">Merendeira<\/span><\/td>\r\n<td class=\"cvagas\">CR<\/td>\r\n<td class=\"cremuneracao\">R$ 1.771,45 \/40h<\/td>\r\n<\/tr><td class=\"ccargos\">\r\n<span data-balloon-length=\"medium\" aria-label=\"Alfabetizado e\/ou experi\u00eancia na \u00e1rea de atua\u00e7\u00e3o com habilita\u00e7\u00e3o D.\" data-balloon-pos=\"up\">Motorista de Ambul\u00e2ncia<\/span><\/td>\r\n<td class=\"cvagas\">CR<\/td>\r\n<td class=\"cremuneracao\">R$ 2.260,87 \/40h<\/td>\r\n<\/tr><td class=\"ccargos\">\r\n<span data-balloon-length=\"medium\" data-balloon-pos=\"up\">Motorista<\/span><\/td>\r\n<td class=\"cvagas\">CR<\/td>\r\n<td class=\"cremuneracao\">R$ 2.260,87 \/40h<\/td>\r\n<\/tr><td class=\"ccargos\">\r\n<span data-balloon-length=\"medium\" data-balloon-pos=\"up\">Operador de M\u00e1quina<\/span><\/td>\r\n<td class=\"cvagas\">CR<\/td>\r\n<td class=\"cremuneracao\">R$ 2.260,87 \/40h<\/td>\r\n<\/tr><td class=\"ccargos\">\r\n<span data-balloon-length=\"medium\" aria-label=\"Alfabetizado e\/ou experi\u00eancia na \u00e1rea de atua\u00e7\u00e3o.\" data-balloon-pos=\"up\">Oper\u00e1rio<\/span><\/td>\r\n<td class=\"cvagas\">CR<\/td>\r\n<td class=\"cremuneracao\">R$ 1.771,45 \/40h<\/td>\r\n<\/tr>\r\n    <\/tbody>\r\n  <\/table>\r\n<\/div>","_fund_completo":"<div>\r\n<table class=\"quadro\">\r\n<thead>\r\n<tr>\r\n<th class=\"hcargo\">Cargo<\/th>\r\n<th class=\"hvagas\">Vagas<\/th>\r\n<th class=\"hremuneracao\">Remunera\u00e7\u00e3o<\/th>\r\n<\/tr>\r\n<\/thead>\r\n    <tbody>\r\n      <td class=\"ccargos\">\r\n<span data-balloon-length=\"medium\" aria-label=\"Portador de Certificado de Conclus\u00e3o de Curso de 1\u00ba Grau e\/ou experi\u00eancia comprovada na \u00e1rea de atua\u00e7\u00e3o.\" data-balloon-pos=\"up\">Inseminador<\/span><\/td>\r\n<td class=\"cvagas\">CR<\/td>\r\n<td class=\"cremuneracao\">R$ 1.771,45 \/40h<\/td>\r\n<\/tr><td class=\"ccargos\">\r\n<span data-balloon-length=\"medium\" aria-label=\"Portador de certificado de Conclus\u00e3o de Curso de 1\u00ba Grau e\/ou experi\u00eancia na \u00e1rea de atua\u00e7\u00e3o.\" data-balloon-pos=\"up\">Vigia<\/span><\/td>\r\n<td class=\"cvagas\">CR<\/td>\r\n<td class=\"cremuneracao\">R$ 1.771,45 \/40h<\/td>\r\n<\/tr>\r\n    <\/tbody>\r\n  <\/table>\r\n<\/div>","_medio":"<div>\r\n<table class=\"quadro\">\r\n<thead>\r\n<tr>\r\n<th class=\"hcargo\">Cargo<\/th>\r\n<th class=\"hvagas\">Vagas<\/th>\r\n<th class=\"hremuneracao\">Remunera\u00e7\u00e3o<\/th>\r\n<\/tr>\r\n<\/thead>\r\n    <tbody>\r\n      <td class=\"ccargos\">\r\n<span data-balloon-length=\"medium\" aria-label=\"Ensino M\u00e9dio Completo.\" data-balloon-pos=\"up\">Agente Administrativo<\/span><\/td>\r\n<td class=\"cvagas\">CR<\/td>\r\n<td class=\"cremuneracao\">R$ 2.260,87 \/40h<\/td>\r\n<\/tr><td class=\"ccargos\">\r\n<span data-balloon-length=\"medium\" aria-label=\"Ensino M\u00e9dio Completo.\" data-balloon-pos=\"up\">Agente de Combate a Endemias<\/span><\/td>\r\n<td class=\"cvagas\">CR<\/td>\r\n<td class=\"cremuneracao\">R$ 1.953,00 \/40h<\/td>\r\n<\/tr><td class=\"ccargos\">\r\n<span data-balloon-length=\"medium\" aria-label=\"Cursando a partir da 2\u00ba fase do curso de Pedagogia (ensino m\u00e9dio).\" data-balloon-pos=\"up\">Auxiliar de Sala<\/span><\/td>\r\n<td class=\"cvagas\">CR<\/td>\r\n<td class=\"cremuneracao\">R$ 1.825,41 \/20h<\/td>\r\n<\/tr><td class=\"ccargos\">\r\n<span data-balloon-length=\"medium\" aria-label=\"Cursando a partir da 2\u00aa fase do curso de Artes.\" data-balloon-pos=\"up\">Professor S\u00e9ries Finais - N\u00e3o-Habilitado em Artes<\/span><\/td>\r\n<td class=\"cvagas\">CR<\/td>\r\n<td class=\"cremuneracao\">R$ 1.825,41 \/20h<\/td>\r\n<\/tr><td class=\"ccargos\">\r\n<span data-balloon-length=\"medium\" aria-label=\"Cursando a partir da 2\u00aa fase do curso de Ci\u00eancias.\" data-balloon-pos=\"up\">Professor S\u00e9ries Finais - N\u00e3o-Habilitado em Ci\u00eancias<\/span><\/td>\r\n<td class=\"cvagas\">CR<\/td>\r\n<td class=\"cremuneracao\">R$ 1.825,41 \/20h<\/td>\r\n<\/tr><td class=\"ccargos\">\r\n<span data-balloon-length=\"medium\" aria-label=\"Cursando a partir da 2\u00aa fase do curso de Educa\u00e7\u00e3o F\u00edsica.\" data-balloon-pos=\"up\">Professor S\u00e9ries Finais - N\u00e3o-Habilitado em Educa\u00e7\u00e3o F\u00edsica<\/span><\/td>\r\n<td class=\"cvagas\">CR<\/td>\r\n<td class=\"cremuneracao\">R$ 1.825,41 \/20h<\/td>\r\n<\/tr><td class=\"ccargos\">\r\n<span data-balloon-length=\"medium\" aria-label=\"Cursando a partir da 2\u00aa fase do curso de Geografia.\" data-balloon-pos=\"up\">Professor S\u00e9ries Finais - N\u00e3o-Habilitado em Geografia<\/span><\/td>\r\n<td class=\"cvagas\">CR<\/td>\r\n<td class=\"cremuneracao\">R$ 1.825,41 \/20h<\/td>\r\n<\/tr><td class=\"ccargos\">\r\n<span data-balloon-length=\"medium\" aria-label=\"Cursando a partir da 2\u00aa fase do curso de Hist\u00f3ria.\" data-balloon-pos=\"up\">Professor S\u00e9ries Finais - N\u00e3o-Habilitado em Hist\u00f3ria<\/span><\/td>\r\n<td class=\"cvagas\">CR<\/td>\r\n<td class=\"cremuneracao\">R$ 1.825,41 \/20h<\/td>\r\n<\/tr><td class=\"ccargos\">\r\n<span data-balloon-length=\"medium\" aria-label=\"Cursando a partir da 2\u00aa fase do curso de L\u00edngua Estrangeira Ingl\u00eas.\" data-balloon-pos=\"up\">Professor S\u00e9ries Finais - N\u00e3o-Habilitado em L\u00edngua Estrangeira Ingl\u00eas<\/span><\/td>\r\n<td class=\"cvagas\">CR<\/td>\r\n<td class=\"cremuneracao\">R$ 1.825,41 \/20h<\/td>\r\n<\/tr><td class=\"ccargos\">\r\n<span data-balloon-length=\"medium\" aria-label=\"Cursando a partir da 2\u00aa fase do curso de L\u00edngua Portuguesa.\" data-balloon-pos=\"up\">Professor S\u00e9ries Finais - N\u00e3o-Habilitado em L\u00edngua Portuguesa<\/span><\/td>\r\n<td class=\"cvagas\">CR<\/td>\r\n<td class=\"cremuneracao\">R$ 1.825,41 \/20h<\/td>\r\n<\/tr><td class=\"ccargos\">\r\n<span data-balloon-length=\"medium\" aria-label=\"Cursando a partir da 2\u00aa fase do curso de Matem\u00e1tica.\" data-balloon-pos=\"up\">Professor S\u00e9ries Finais - N\u00e3o-Habilitado em Matem\u00e1tica<\/span><\/td>\r\n<td class=\"cvagas\">CR<\/td>\r\n<td class=\"cremuneracao\">R$ 1.825,41 \/20h<\/td>\r\n<\/tr>\r\n    <\/tbody>\r\n  <\/table>\r\n<\/div>","_superior":"<div>\r\n<table class=\"quadro\">\r\n<thead>\r\n<tr>\r\n<th class=\"hcargo\">Cargo<\/th>\r\n<th class=\"hvagas\">Vagas<\/th>\r\n<th class=\"hremuneracao\">Remunera\u00e7\u00e3o<\/th>\r\n<\/tr>\r\n<\/thead>\r\n    <tbody>\r\n      <tr>\r\n<td class=\"ccargos\">\r\n<span data-balloon-length=\"medium\" aria-label=\"Gradua\u00e7\u00e3o em Arquitetura e Registro no Conselho de Classe da Profiss\u00e3o.\" data-balloon-pos=\"up\">Arquiteto<\/span><\/td>\r\n<td class=\"cvagas\">CR<\/td>\r\n<td class=\"cremuneracao\">R$ 5.441,02 \/20h<\/td>\r\n<\/tr><tr>\r\n<td class=\"ccargos\">\r\n<span data-balloon-length=\"medium\" aria-label=\"Gradua\u00e7\u00e3o em Assist\u00eancia Social e\/ou Servi\u00e7o Social e Registro no Conselho de Classe da Profiss\u00e3o.\" data-balloon-pos=\"up\">Assistente Social 20h<\/span><\/td>\r\n<td class=\"cvagas\">CR<\/td>\r\n<td class=\"cremuneracao\">R$ 2.373,89 \/20h<\/td>\r\n<\/tr><tr>\r\n<td class=\"ccargos\">\r\n<span data-balloon-length=\"medium\" aria-label=\"Gradua\u00e7\u00e3o em Assist\u00eancia Social e\/ou Servi\u00e7o Social e Registro no Conselho de Classe da Profiss\u00e3o.\" data-balloon-pos=\"up\">Assistente Social 40h<\/span><\/td>\r\n<td class=\"cvagas\">CR<\/td>\r\n<td class=\"cremuneracao\">R$ 4.700,18 \/40h<\/td>\r\n<\/tr><tr>\r\n<td class=\"ccargos\">\r\n<span data-balloon-length=\"medium\" aria-label=\"Gradua\u00e7\u00e3o em Assist\u00eancia Social e\/ou Servi\u00e7o Social e Registro no Conselho de Classe da Profiss\u00e3o.\" data-balloon-pos=\"up\">Assistente Social 40h (educa\u00e7\u00e3o)<\/span><\/td>\r\n<td class=\"cvagas\">CR<\/td>\r\n<td class=\"cremuneracao\">R$ 4.700,18 \/40h<\/td>\r\n<\/tr><tr>\r\n<td class=\"ccargos\">\r\n<span data-balloon-length=\"medium\" aria-label=\"Gradua\u00e7\u00e3o em Contabilidade e Registro no Conselho de Classe da Profiss\u00e3o.\" data-balloon-pos=\"up\">Contador<\/span><\/td>\r\n<td class=\"cvagas\">CR<\/td>\r\n<td class=\"cremuneracao\">R$ 5.181,90 \/40h<\/td>\r\n<\/tr><tr>\r\n<td class=\"ccargos\">\r\n<span data-balloon-length=\"medium\" aria-label=\"Gradua\u00e7\u00e3o em Enfermagem e Registro no Conselho de Classe da Profiss\u00e3o.\" data-balloon-pos=\"up\">Enfermeiro<\/span><\/td>\r\n<td class=\"cvagas\">CR<\/td>\r\n<td class=\"cremuneracao\">R$ 4.700,18 \/40h<\/td>\r\n<\/tr><tr>\r\n<td class=\"ccargos\">\r\n<span data-balloon-length=\"medium\" aria-label=\"Gradua\u00e7\u00e3o (Bacharelado) em Educa\u00e7\u00e3o F\u00edsica e Registro no Conselho de Classe da Profiss\u00e3o.\" data-balloon-pos=\"up\">Educador F\u00edsico<\/span><\/td>\r\n<td class=\"cvagas\">CR<\/td>\r\n<td class=\"cremuneracao\">R$ 5.713,07 \/40h<\/td>\r\n<\/tr><tr>\r\n<td class=\"ccargos\">\r\n<span data-balloon-length=\"medium\" aria-label=\"N\u00edvel superior com forma\u00e7\u00e3o em Direito, Ci\u00eancias Cont\u00e1beis, Administra\u00e7\u00e3o, Administra\u00e7\u00e3o P\u00fablica ou Ci\u00eancias Econ\u00f4micas.\" data-balloon-pos=\"up\">Fiscal de Obras, Posturas e Tributos<\/span><\/td>\r\n<td class=\"cvagas\">CR<\/td>\r\n<td class=\"cremuneracao\">R$ 4.700,18 \/40h<\/td>\r\n<\/tr><tr>\r\n<td class=\"ccargos\">\r\n<span data-balloon-length=\"medium\" aria-label=\"Gradua\u00e7\u00e3o em Pedagogia ou em n\u00edvel de p\u00f3s-gradua\u00e7\u00e3o na \u00e1rea afim.\" data-balloon-pos=\"up\">Pedagogo (Orientador Pedag\u00f3gico)<\/span><\/td>\r\n<td class=\"cvagas\">CR<\/td>\r\n<td class=\"cremuneracao\">R$ 4.867,76 \/40h<\/td>\r\n<\/tr><tr>\r\n<td class=\"ccargos\">\r\n<span data-balloon-length=\"medium\" aria-label=\"Licenciatura Plena em Pedagogia.\" data-balloon-pos=\"up\">Professor - Educa\u00e7\u00e3o Infantil e S\u00e9ries Iniciais<\/span><\/td>\r\n<td class=\"cvagas\">CR<\/td>\r\n<td class=\"cremuneracao\">R$ 2.433,88 \/20h<\/td>\r\n<\/tr><tr>\r\n<td class=\"ccargos\">\r\n<span data-balloon-length=\"medium\" aria-label=\"Licenciatura Plena em Educa\u00e7\u00e3o Especial.\" data-balloon-pos=\"up\">Professor Apoiador (Educa\u00e7\u00e3o Especial)<\/span><\/td>\r\n<td class=\"cvagas\">CR<\/td>\r\n<td class=\"cremuneracao\">R$ 2.433,88 \/20h<\/td>\r\n<\/tr><tr>\r\n<td class=\"ccargos\">\r\n<span data-balloon-length=\"medium\" aria-label=\"Licenciatura Plena em Artes.\" data-balloon-pos=\"up\">Professor S\u00e9ries Finais - Habilitado em Artes<\/span><\/td>\r\n<td class=\"cvagas\">CR<\/td>\r\n<td class=\"cremuneracao\">R$ 2.433,88 \/20h<\/td>\r\n<\/tr><tr>\r\n<td class=\"ccargos\">\r\n<span data-balloon-length=\"medium\" aria-label=\"Licenciatura Plena em Ci\u00eancias.\" data-balloon-pos=\"up\">Professor S\u00e9ries Finais - Habilitado em Ci\u00eancias<\/span><\/td>\r\n<td class=\"cvagas\">CR<\/td>\r\n<td class=\"cremuneracao\">R$ 2.433,88 \/20h<\/td>\r\n<\/tr><tr>\r\n<td class=\"ccargos\">\r\n<span data-balloon-length=\"medium\" aria-label=\"Licenciatura Plena em Educa\u00e7\u00e3o F\u00edsica.\" data-balloon-pos=\"up\">Professor S\u00e9ries Finais - Habilitado em Educa\u00e7\u00e3o F\u00edsica<\/span><\/td>\r\n<td class=\"cvagas\">CR<\/td>\r\n<td class=\"cremuneracao\">R$ 2.433,88 \/20h<\/td>\r\n<\/tr><tr>\r\n<td class=\"ccargos\">\r\n<span data-balloon-length=\"medium\" aria-label=\"Licenciatura Plena em Geografia.\" data-balloon-pos=\"up\">Professor S\u00e9ries Finais - Habilitado em Geografia<\/span><\/td>\r\n<td class=\"cvagas\">CR<\/td>\r\n<td class=\"cremuneracao\">R$ 2.433,88 \/20h<\/td>\r\n<\/tr><tr>\r\n<td class=\"ccargos\">\r\n<span data-balloon-length=\"medium\" aria-label=\"Licenciatura Plena em Hist\u00f3ria.\" data-balloon-pos=\"up\">Professor S\u00e9ries Finais - Habilitado em Hist\u00f3ria<\/span><\/td>\r\n<td class=\"cvagas\">CR<\/td>\r\n<td class=\"cremuneracao\">R$ 2.433,88 \/20h<\/td>\r\n<\/tr><tr>\r\n<td class=\"ccargos\">\r\n<span data-balloon-length=\"medium\" aria-label=\"Licenciatura Plena em L\u00edngua Estrangeira Ingl\u00eas.\" data-balloon-pos=\"up\">Professor S\u00e9ries Finais - Habilitado em L\u00edngua Estrangeira Ingl\u00eas<\/span><\/td>\r\n<td class=\"cvagas\">CR<\/td>\r\n<td class=\"cremuneracao\">R$ 2.433,88 \/20h<\/td>\r\n<\/tr><tr>\r\n<td class=\"ccargos\">\r\n<span data-balloon-length=\"medium\" aria-label=\"Licenciatura Plena em L\u00edngua Portuguesa.\" data-balloon-pos=\"up\">Professor S\u00e9ries Finais - Habilitado em L\u00edngua Portuguesa<\/span><\/td>\r\n<td class=\"cvagas\">CR<\/td>\r\n<td class=\"cremuneracao\">R$ 2.433,88 \/20h<\/td>\r\n<\/tr><tr>\r\n<td class=\"ccargos\">\r\n<span data-balloon-length=\"medium\" aria-label=\"Licenciatura Plena em Matem\u00e1tica.\" data-balloon-pos=\"up\">Professor S\u00e9ries Finais - Habilitado em Matem\u00e1tica<\/span><\/td>\r\n<td class=\"cvagas\">CR<\/td>\r\n<td class=\"cremuneracao\">R$ 2.433,88 \/20h<\/td>\r\n<\/tr><tr>\r\n<td class=\"ccargos\">\r\n<span data-balloon-length=\"medium\" aria-label=\"Gradua\u00e7\u00e3o em Psicologia e Registro no Conselho de Classe da Profiss\u00e3o.\" data-balloon-pos=\"up\">Psic\u00f3logo<\/span><\/td>\r\n<td class=\"cvagas\">CR<\/td>\r\n<td class=\"cremuneracao\">R$ 4.700,18 \/40h<\/td>\r\n<\/tr><tr>\r\n<td class=\"ccargos\">\r\n<span data-balloon-length=\"medium\" aria-label=\"Ensino Superior completo em Medicina Veterin\u00e1ria com registro no respectivo \u00f3rg\u00e3o fiscalizador da profiss\u00e3o.\" data-balloon-pos=\"up\">Veterin\u00e1rio<\/span><\/td>\r\n<td class=\"cvagas\">CR<\/td>\r\n<td class=\"cremuneracao\">R$ 5.713,07 \/40h<\/td>\r\n<\/tr>\r\n    <\/tbody>\r\n  <\/table>\r\n<\/div>"},"_links":{"self":[{"href":"https:\/\/www.agrobase.com.br\/concursos\/wp-json\/wp\/v2\/posts\/273258","targetHints":{"allow":["GET"]}}],"collection":[{"href":"https:\/\/www.agrobase.com.br\/concursos\/wp-json\/wp\/v2\/posts"}],"about":[{"href":"https:\/\/www.agrobase.com.br\/concursos\/wp-json\/wp\/v2\/types\/post"}],"author":[{"embeddable":true,"href":"https:\/\/www.agrobase.com.br\/concursos\/wp-json\/wp\/v2\/users\/7"}],"replies":[{"embeddable":true,"href":"https:\/\/www.agrobase.com.br\/concursos\/wp-json\/wp\/v2\/comments?post=273258"}],"version-history":[{"count":1,"href":"https:\/\/www.agrobase.com.br\/concursos\/wp-json\/wp\/v2\/posts\/273258\/revisions"}],"predecessor-version":[{"id":273260,"href":"https:\/\/www.agrobase.com.br\/concursos\/wp-json\/wp\/v2\/posts\/273258\/revisions\/273260"}],"wp:featuredmedia":[{"embeddable":true,"href":"https:\/\/www.agrobase.com.br\/concursos\/wp-json\/wp\/v2\/media\/273257"}],"wp:attachment":[{"href":"https:\/\/www.agrobase.com.br\/concursos\/wp-json\/wp\/v2\/media?parent=273258"}],"wp:term":[{"taxonomy":"category","embeddable":true,"href":"https:\/\/www.agrobase.com.br\/concursos\/wp-json\/wp\/v2\/categories?post=273258"},{"taxonomy":"post_tag","embeddable":true,"href":"https:\/\/www.agrobase.com.br\/concursos\/wp-json\/wp\/v2\/tags?post=273258"},{"taxonomy":"_amplo","embeddable":true,"href":"https:\/\/www.agrobase.com.br\/concursos\/wp-json\/wp\/v2\/_amplo?post=273258"},{"taxonomy":"destaque","embeddable":true,"href":"https:\/\/www.agrobase.com.br\/concursos\/wp-json\/wp\/v2\/destaque?post=273258"},{"taxonomy":"instituicoes","embeddable":true,"href":"https:\/\/www.agrobase.com.br\/concursos\/wp-json\/wp\/v2\/instituicoes?post=273258"}],"curies":[{"name":"wp","href":"https:\/\/api.w.org\/{rel}","templated":true}]}}