{"id":273236,"date":"2025-10-30T08:30:44","date_gmt":"2025-10-30T11:30:44","guid":{"rendered":"https:\/\/www.agrobase.com.br\/concursos\/?p=273236"},"modified":"2025-10-29T16:32:29","modified_gmt":"2025-10-29T19:32:29","slug":"prefeitura-ribeirao-corrente-sp-selecao-publica-03-2025","status":"publish","type":"post","link":"https:\/\/www.agrobase.com.br\/concursos\/2025\/prefeitura-ribeirao-corrente-sp-selecao-publica-03-2025\/","title":{"rendered":"Prefeitura Ribeir\u00e3o Corrente (SP) &#8211; Sele\u00e7\u00e3o P\u00fablica 03\/2025"},"content":{"rendered":"<h2>Informa\u00e7\u00f5es Gerais<\/h2>\n<p>O Processo Seletivo da Prefeitura Municipal de Ribeir\u00e3o Corrente, no Estado de S\u00e3o Paulo, regido pelo edital publicado em 15 de outubro de 2025, est\u00e1 com inscri\u00e7\u00f5es abertas para contrata\u00e7\u00e3o tempor\u00e1ria sob o regime celetista. Organizado pela banca CONSESP, o certame visa \u00e0 forma\u00e7\u00e3o de cadastro reserva para diversas fun\u00e7\u00f5es nos n\u00edveis fundamental (completo e incompleto), m\u00e9dio, t\u00e9cnico e superior.<\/p>\n<p>H\u00e1 oportunidades em \u00e1reas administrativas, educacionais, operacionais e da sa\u00fade, com destaque para cargos de interesse como <strong>Nutricionista<\/strong>, que exige n\u00edvel superior e oferece remunera\u00e7\u00e3o de R$ 5.321,02. Tamb\u00e9m h\u00e1 vagas para <strong>Psic\u00f3logo<\/strong>, <strong>Fonoaudi\u00f3logo<\/strong>, <strong>Terapeuta Ocupacional<\/strong> e <strong>Assistente Social<\/strong>, entre outros profissionais da sa\u00fade e educa\u00e7\u00e3o.<\/p>\n<p>Com sal\u00e1rios que variam de R$ 2.394,34 a R$ 5.567,77, o processo seletivo representa uma excelente oportunidade para quem busca estabilidade e atua\u00e7\u00e3o no servi\u00e7o p\u00fablico municipal. Continue a leitura para conhecer os detalhes sobre inscri\u00e7\u00f5es, etapas e cronograma do certame.<\/p>\n<h2>Inscri\u00e7\u00f5es<\/h2>\n<p>As inscri\u00e7\u00f5es para o Processo Seletivo da Prefeitura de Ribeir\u00e3o Corrente est\u00e3o <strong>abertas<\/strong> e devem ser realizadas exclusivamente pela internet, no site <a href=\"http:\/\/www.consesp.com.br\" target=\"_blank\" rel=\"noopener\">www.consesp.com.br<\/a>, entre os dias <strong>15 de outubro e 12 de novembro de 2025<\/strong> (hor\u00e1rio de Bras\u00edlia).<\/p>\n<p>Os valores das taxas de inscri\u00e7\u00e3o variam conforme o n\u00edvel de escolaridade exigido para o cargo:<\/p>\n<ul>\n<li>Ensino Fundamental Incompleto ou Completo: R$ 30,00<\/li>\n<li>Ensino M\u00e9dio\/T\u00e9cnico: R$ 45,00<\/li>\n<li>Ensino Superior: R$ 55,00<\/li>\n<\/ul>\n<p>O pagamento deve ser efetuado exclusivamente via boleto banc\u00e1rio gerado no ato da inscri\u00e7\u00e3o, com vencimento em <strong>13 de novembro de 2025<\/strong>. Pagamentos por agendamento ser\u00e3o aceitos apenas se comprovadamente realizados dentro do prazo.<\/p>\n<p>Ap\u00f3s 48 horas do pagamento, o candidato deve acessar o site da CONSESP para verificar se sua inscri\u00e7\u00e3o foi confirmada. Em caso de inconsist\u00eancia, \u00e9 necess\u00e1rio entrar em contato com a organizadora pelos canais oficiais.<\/p>\n<p>N\u00e3o ser\u00e3o aceitas inscri\u00e7\u00f5es com pagamento fora do prazo ou por outros meios que n\u00e3o o boleto gerado no sistema. Recomenda-se aten\u00e7\u00e3o ao preenchimento dos dados e \u00e0 escolha da fun\u00e7\u00e3o, pois n\u00e3o ser\u00e1 poss\u00edvel alterar a inscri\u00e7\u00e3o ap\u00f3s finalizada.<\/p>\n<p>Para mais informa\u00e7\u00f5es sobre isen\u00e7\u00e3o de taxa, documenta\u00e7\u00e3o exigida e demais regras, \u00e9 imprescind\u00edvel a leitura atenta do edital completo dispon\u00edvel no site da organizadora.<\/p>\n<h2>Etapas e Provas<\/h2>\n<p>O processo seletivo da Prefeitura de Ribeir\u00e3o Corrente ser\u00e1 composto por at\u00e9 tr\u00eas etapas, conforme o cargo pretendido:<\/p>\n<ul>\n<li><strong>Prova Objetiva<\/strong> (eliminat\u00f3ria e classificat\u00f3ria): aplicada a todos os candidatos, com dura\u00e7\u00e3o de 2 horas e composta por quest\u00f5es de m\u00faltipla escolha (4 alternativas). As disciplinas incluem L\u00edngua Portuguesa, Racioc\u00ednio L\u00f3gico, Conhecimentos Espec\u00edficos e, conforme o cargo, Inform\u00e1tica ou Conhecimentos Educacionais. A pontua\u00e7\u00e3o ser\u00e1 ponderada, com peso 3 para Conhecimentos Espec\u00edficos e peso 1 para Conhecimentos Gerais. Ser\u00e1 aprovado o candidato que obtiver m\u00e9dia ponderada igual ou superior a 50 pontos e nota m\u00ednima de 50 pontos em Conhecimentos Espec\u00edficos.<\/li>\n<li><strong>Prova de T\u00edtulos<\/strong> (classificat\u00f3ria): exclusiva para os cargos de n\u00edvel superior na \u00e1rea da educa\u00e7\u00e3o. Ser\u00e3o aceitos t\u00edtulos como Doutorado, Mestrado, P\u00f3s-Gradua\u00e7\u00e3o lato sensu e aprova\u00e7\u00e3o em concursos anteriores na \u00e1rea do magist\u00e9rio. A pontua\u00e7\u00e3o m\u00e1xima \u00e9 de 10 pontos.<\/li>\n<li><strong>Prova Pr\u00e1tica<\/strong> (eliminat\u00f3ria e classificat\u00f3ria): destinada aos cargos de Motorista (Ambul\u00e2ncia, Transporte Escolar e Ve\u00edculos Leves). Avalia habilidades de dire\u00e7\u00e3o conforme crit\u00e9rios t\u00e9cnicos e infra\u00e7\u00f5es cometidas, com nota m\u00ednima de 50 pontos para aprova\u00e7\u00e3o.<\/li>\n<\/ul>\n<p>As provas objetivas e pr\u00e1ticas est\u00e3o previstas para o dia <strong>30 de novembro de 2025<\/strong>, em hor\u00e1rios distintos conforme o cargo. Os locais e hor\u00e1rios ser\u00e3o divulgados previamente no site da CONSESP. O Cart\u00e3o de Convoca\u00e7\u00e3o estar\u00e1 dispon\u00edvel com no m\u00ednimo 3 dias de anteced\u00eancia.<\/p>\n<p>Para detalhes sobre os conte\u00fados program\u00e1ticos, crit\u00e9rios de avalia\u00e7\u00e3o e documenta\u00e7\u00e3o exigida, \u00e9 fundamental consultar o edital completo.<\/p>\n<h2>Resultados e Gabarito<\/h2>\n<p>O cronograma do processo seletivo prev\u00ea a divulga\u00e7\u00e3o do <strong>gabarito preliminar<\/strong> no dia <strong>1\u00ba de dezembro de 2025<\/strong>, a partir das 14h, no site <a href=\"http:\/\/www.consesp.com.br\" target=\"_blank\" rel=\"noopener\">www.consesp.com.br<\/a>. O prazo para interposi\u00e7\u00e3o de recursos ser\u00e1 de 48 horas, encerrando-se em <strong>3 de dezembro de 2025<\/strong>, \u00e0s 14h.<\/p>\n<p>O <strong>gabarito definitivo<\/strong> e o <strong>resultado preliminar<\/strong> da prova objetiva ser\u00e3o divulgados at\u00e9 <strong>19 de dezembro de 2025<\/strong>. Ap\u00f3s novo per\u00edodo de recursos, o <strong>resultado final<\/strong> ser\u00e1 publicado em <strong>30 de dezembro de 2025<\/strong>, mesma data da <strong>homologa\u00e7\u00e3o<\/strong> do certame.<\/p>\n<p>A classifica\u00e7\u00e3o final considerar\u00e1:<\/p>\n<ul>\n<li>Nota da prova objetiva (ponderada)<\/li>\n<li>Nota da prova pr\u00e1tica (se aplic\u00e1vel)<\/li>\n<li>Pontua\u00e7\u00e3o de t\u00edtulos (para cargos da educa\u00e7\u00e3o)<\/li>\n<\/ul>\n<p>Em caso de empate, os crit\u00e9rios de desempate s\u00e3o: idade igual ou superior a 60 anos, maior nota em Conhecimentos Espec\u00edficos, maior nota em Conhecimentos Gerais e maior idade. Persistindo o empate, ser\u00e1 realizado sorteio com base na Loteria Federal.<\/p>\n<p>Os candidatos devem acompanhar as convoca\u00e7\u00f5es para admiss\u00e3o exclusivamente pelos canais oficiais da Prefeitura de Ribeir\u00e3o Corrente e da banca CONSESP. A aprova\u00e7\u00e3o n\u00e3o garante nomea\u00e7\u00e3o imediata, mas confere direito \u00e0 convoca\u00e7\u00e3o conforme a necessidade da administra\u00e7\u00e3o p\u00fablica durante a validade do processo seletivo, que ser\u00e1 de 1 ano a partir da homologa\u00e7\u00e3o.<\/p>\n<p>\u00c9 responsabilidade exclusiva do candidato acompanhar todas as publica\u00e7\u00f5es oficiais no site da organizadora e no Di\u00e1rio Oficial do Munic\u00edpio.<\/p>\n","protected":false},"excerpt":{"rendered":"<p>Processo Seletivo Pref. Ribeir\u00e3o Corrente (SP) com edital publicado! Vagas p\/ Professor, Enfermeiro (Fund. a Sup.). Inscri\u00e7\u00f5es a partir de 15\/10. Confira detalhes!<\/p>\n","protected":false},"author":7,"featured_media":273235,"comment_status":"open","ping_status":"open","sticky":false,"template":"","format":"standard","meta":{"_acf_changed":false,"_breakdance_hide_in_design_set":false,"_breakdance_tags":"","footnotes":""},"categories":[6433,141,6434,12,112,19,111,100,20,6871,116,23,25,26,101,108,134],"tags":[62],"_amplo":[],"destaque":[],"instituicoes":[],"class_list":["post-273236","post","type-post","status-publish","format-standard","has-post-thumbnail","hentry","category-biologia-licenciatura","category-educacao-artistica","category-educacao-fisica-licenciatura","category-enfermagem","category-filosofia","category-fonoaudiologia","category-geografia","category-historia","category-letras","category-letras-ingles","category-matematica","category-nutricao","category-pedagogia","category-psicologia","category-servico-social","category-tecnico-enfermagem","category-terapia-ocupacional","tag-sao-paulo"],"acf":{"_tipo_vagas":"vagas","_numero_vagas":"","_quadro_vagas":"","_cargos":"diversos","_cargos_especificos":"","_salario_max":"R$ 5567.77","_abertura":"20251015","_encerramento":"20251112","_inscricoes":"http:\/\/www.consesp.com.br","_executora_concurso":"","_instituicao_concurso":[],"_link_adicional":null,"_anexos":null,"_produtos":null,"_vagas":"CR","_salario_min":"R$ 2394.34","_instituicao":"Prefeitura de Ribeir\u00e3o Corrente","_edital":"https:\/\/www.agrobase.com.br\/concursos\/wp-content\/uploads\/sites\/4\/2025\/10\/edital-03-2025-prefeitura-de-ribeirao-corrente-sp.pdf","_anexos_edital":"https:\/\/www.agrobase.com.br\/concursos\/wp-content\/uploads\/sites\/4\/2025\/10\/anexos-edital-03-2025-prefeitura-de-ribeirao-corrente-sp.pdf","_fund_incompleto":"<div>\r\n<table class=\"quadro\">\r\n<thead>\r\n<tr>\r\n<th class=\"hcargo\">Cargo<\/th>\r\n<th class=\"hvagas\">Vagas<\/th>\r\n<th class=\"hremuneracao\">Remunera\u00e7\u00e3o<\/th>\r\n<\/tr>\r\n<\/thead>\r\n    <tbody>\r\n      <td class=\"ccargos\">\r\n<span data-balloon-length=\"medium\" aria-label=\"Ensino Fundamental Incompleto\" data-balloon-pos=\"up\">Ajudante de Limpeza<\/span><\/td>\r\n<td class=\"cvagas\">CR<\/td>\r\n<td class=\"cremuneracao\">R$ 2.394,34 \/40h<\/td>\r\n<\/tr><td class=\"ccargos\">\r\n<span data-balloon-length=\"medium\" aria-label=\"Ensino Fundamental Incompleto\" data-balloon-pos=\"up\">Ajudante Geral<\/span><\/td>\r\n<td class=\"cvagas\">CR<\/td>\r\n<td class=\"cremuneracao\">R$ 2.394,34 \/40h<\/td>\r\n<\/tr><td class=\"ccargos\">\r\n<span data-balloon-length=\"medium\" aria-label=\"Ensino Fundamental Incompleto\" data-balloon-pos=\"up\">Merendeiro<\/span><\/td>\r\n<td class=\"cvagas\">CR<\/td>\r\n<td class=\"cremuneracao\">R$ 2.394,34 \/40h<\/td>\r\n<\/tr><td class=\"ccargos\">\r\n<span data-balloon-length=\"medium\" aria-label=\"Ensino Fundamental Incompleto com Habilita\u00e7\u00e3o \u201cD\u201d\" data-balloon-pos=\"up\">Motorista de Ambul\u00e2ncia<\/span><\/td>\r\n<td class=\"cvagas\">CR<\/td>\r\n<td class=\"cremuneracao\">R$ 2.746,46 \/40h<\/td>\r\n<\/tr><td class=\"ccargos\">\r\n<span data-balloon-length=\"medium\" aria-label=\"Ensino Fundamental Incompleto, CNH Categoria M\u00ednima \u201cD\u201d\" data-balloon-pos=\"up\">Motorista de Transporte Escolar<\/span><\/td>\r\n<td class=\"cvagas\">CR<\/td>\r\n<td class=\"cremuneracao\">R$ 2.746,46 \/40h<\/td>\r\n<\/tr><td class=\"ccargos\">\r\n<span data-balloon-length=\"medium\" aria-label=\"Ensino Fundamental Incompleto com Habilita\u00e7\u00e3o C\" data-balloon-pos=\"up\">Motorista de Ve\u00edculo Leves<\/span><\/td>\r\n<td class=\"cvagas\">CR<\/td>\r\n<td class=\"cremuneracao\">R$ 2.746,46 \/40h<\/td>\r\n<\/tr><td class=\"ccargos\">\r\n<span data-balloon-length=\"medium\" aria-label=\"Ensino Fundamental Incompleto\" data-balloon-pos=\"up\">Padeiro<\/span><\/td>\r\n<td class=\"cvagas\">CR<\/td>\r\n<td class=\"cremuneracao\">R$ 2.746,46 \/40h<\/td>\r\n<\/tr>\r\n    <\/tbody>\r\n  <\/table>\r\n<\/div>","_fund_completo":"<div>\r\n<table class=\"quadro\">\r\n<thead>\r\n<tr>\r\n<th class=\"hcargo\">Cargo<\/th>\r\n<th class=\"hvagas\">Vagas<\/th>\r\n<th class=\"hremuneracao\">Remunera\u00e7\u00e3o<\/th>\r\n<\/tr>\r\n<\/thead>\r\n    <tbody>\r\n      <td class=\"ccargos\">\r\n<span data-balloon-length=\"medium\" aria-label=\"Ensino Fundamental Completo\" data-balloon-pos=\"up\">Auxiliar de Desenvolvimento Infantil<\/span><\/td>\r\n<td class=\"cvagas\">CR<\/td>\r\n<td class=\"cremuneracao\">R$ 2.636,40 \/40h<\/td>\r\n<\/tr>\r\n    <\/tbody>\r\n  <\/table>\r\n<\/div>","_medio":"<div>\r\n<table class=\"quadro\">\r\n<thead>\r\n<tr>\r\n<th class=\"hcargo\">Cargo<\/th>\r\n<th class=\"hvagas\">Vagas<\/th>\r\n<th class=\"hremuneracao\">Remunera\u00e7\u00e3o<\/th>\r\n<\/tr>\r\n<\/thead>\r\n    <tbody>\r\n      <td class=\"ccargos\">\r\n<span data-balloon-length=\"medium\" aria-label=\"Ensino M\u00e9dio Espec\u00edfico Completo e Registro no respectivo Conselho de Classe.\" data-balloon-pos=\"up\">T\u00e9cnico em Enfermagem<\/span><\/td>\r\n<td class=\"cvagas\">CR<\/td>\r\n<td class=\"cremuneracao\">R$ 2.746,46 \/30h<\/td>\r\n<\/tr><td class=\"ccargos\">\r\n<span data-balloon-length=\"medium\" aria-label=\"Ensino M\u00e9dio Completo, residir na \u00e1rea da comunidade em que atuar, desde a data da publica\u00e7\u00e3o do edital do Processo Seletivo\" data-balloon-pos=\"up\">Agente Comunit\u00e1rio de Sa\u00fade<\/span><\/td>\r\n<td class=\"cvagas\">CR<\/td>\r\n<td class=\"cremuneracao\">R$ 3.797,17 \/40h<\/td>\r\n<\/tr><td class=\"ccargos\">\r\n<span data-balloon-length=\"medium\" aria-label=\"Ensino M\u00e9dio Completo\" data-balloon-pos=\"up\">Agente de Vigil\u00e2ncia em Sa\u00fade<\/span><\/td>\r\n<td class=\"cvagas\">CR<\/td>\r\n<td class=\"cremuneracao\">R$ 2.636,40 \/40h<\/td>\r\n<\/tr><td class=\"ccargos\">\r\n<span data-balloon-length=\"medium\" aria-label=\"Ensino M\u00e9dio Completo\" data-balloon-pos=\"up\">Auxiliar de Secretaria<\/span><\/td>\r\n<td class=\"cvagas\">CR<\/td>\r\n<td class=\"cremuneracao\">R$ 2.746,46 \/40h<\/td>\r\n<\/tr>\r\n    <\/tbody>\r\n  <\/table>\r\n<\/div>","_superior":"<div>\r\n<table class=\"quadro\">\r\n<thead>\r\n<tr>\r\n<th class=\"hcargo\">Cargo<\/th>\r\n<th class=\"hvagas\">Vagas<\/th>\r\n<th class=\"hremuneracao\">Remunera\u00e7\u00e3o<\/th>\r\n<\/tr>\r\n<\/thead>\r\n    <tbody>\r\n      <tr>\r\n<td class=\"ccargos\">\r\n<span data-balloon-length=\"medium\" aria-label=\"Ensino Superior Completo em Servi\u00e7o Social e Registro no Conselho de Classe CRESS-SP.\" data-balloon-pos=\"up\">Assistente Social<\/span><\/td>\r\n<td class=\"cvagas\">CR<\/td>\r\n<td class=\"cremuneracao\">R$ 4.000,72 \/30h<\/td>\r\n<\/tr><tr>\r\n<td class=\"ccargos\">\r\n<span data-balloon-length=\"medium\" aria-label=\"Ensino Superior Completo em Enfermagem com Registro no Conselho de Classe COREN-SP.\" data-balloon-pos=\"up\">Enfermeiro<\/span><\/td>\r\n<td class=\"cvagas\">CR<\/td>\r\n<td class=\"cremuneracao\">R$ 4.000,72 \/30h<\/td>\r\n<\/tr><tr>\r\n<td class=\"ccargos\">\r\n<span data-balloon-length=\"medium\" aria-label=\"Ensino Superior Completo em Fonoaudiologia e Registro no Conselho de Classe.\" data-balloon-pos=\"up\">Fonoaudi\u00f3logo<\/span><\/td>\r\n<td class=\"cvagas\">CR<\/td>\r\n<td class=\"cremuneracao\">R$ 5.321,02 \/30h<\/td>\r\n<\/tr><tr>\r\n<td class=\"ccargos\">\r\n<span data-balloon-length=\"medium\" aria-label=\"Ensino Superior Completo em Nutri\u00e7\u00e3o e Registro no Conselho de Classe CRN-SP.\" data-balloon-pos=\"up\">Nutricionista<\/span><\/td>\r\n<td class=\"cvagas\">CR<\/td>\r\n<td class=\"cremuneracao\">R$ 5.321,02 \/40h<\/td>\r\n<\/tr><tr>\r\n<td class=\"ccargos\">\r\n<span data-balloon-length=\"medium\" aria-label=\"Ensino Superior Completo em Psicologia e Registro no Conselho de Classe.\" data-balloon-pos=\"up\">Psic\u00f3logo<\/span><\/td>\r\n<td class=\"cvagas\">CR<\/td>\r\n<td class=\"cremuneracao\">R$ 5.321,02 \/30h<\/td>\r\n<\/tr><tr>\r\n<td class=\"ccargos\">\r\n<span data-balloon-length=\"medium\" aria-label=\"Ensino Superior Completo em Pedagogia ou Psicologia e P\u00f3s-Gradua\u00e7\u00e3o em Psicopedagogia de no M\u00ednimo de 360 horas.\" data-balloon-pos=\"up\">Psicopedagogo<\/span><\/td>\r\n<td class=\"cvagas\">CR<\/td>\r\n<td class=\"cremuneracao\">R$ 5.209,11 \/40h<\/td>\r\n<\/tr><tr>\r\n<td class=\"ccargos\">\r\n<span data-balloon-length=\"medium\" aria-label=\"Ensino Superior Completo em Terapia Ocupacional com Inscri\u00e7\u00e3o no Conselho Regional de Fisioterapia e Terapia Ocupacional (CREFITO).\" data-balloon-pos=\"up\">Terapeuta Ocupacional<\/span><\/td>\r\n<td class=\"cvagas\">CR<\/td>\r\n<td class=\"cremuneracao\">R$ 4.000,72 \/20h<\/td>\r\n<\/tr><tr>\r\n<td class=\"ccargos\">\r\n<span data-balloon-length=\"medium\" aria-label=\"Ensino Superior Espec\u00edfico Completo Em Licenciatura Plena Em Pedagogia.\" data-balloon-pos=\"up\">Professor de Creche<\/span><\/td>\r\n<td class=\"cvagas\">CR<\/td>\r\n<td class=\"cremuneracao\">R$ 5.567,77 \/40h<\/td>\r\n<\/tr><tr>\r\n<td class=\"ccargos\">\r\n<span data-balloon-length=\"medium\" aria-label=\"Ensino Superior Espec\u00edfico Completo Em Licenciatura Plena Em Arte\" data-balloon-pos=\"up\">Professor de Educa\u00e7\u00e3o B\u00e1sica II - Arte<\/span><\/td>\r\n<td class=\"cvagas\">CR<\/td>\r\n<td class=\"cremuneracao\">R$ 2.554,40 \/20h<\/td>\r\n<\/tr><tr>\r\n<td class=\"ccargos\">\r\n<span data-balloon-length=\"medium\" aria-label=\"Ensino Superior Espec\u00edfico Completo Em Licenciatura Plena Em Ci\u00eancias.\" data-balloon-pos=\"up\">Professor de Educa\u00e7\u00e3o B\u00e1sica II - Ci\u00eancias<\/span><\/td>\r\n<td class=\"cvagas\">CR<\/td>\r\n<td class=\"cremuneracao\">R$ 2.554,40 \/20h<\/td>\r\n<\/tr><tr>\r\n<td class=\"ccargos\">\r\n<span data-balloon-length=\"medium\" aria-label=\"Ensino Superior Espec\u00edfico Completo Em Licenciatura Plena Em Educa\u00e7\u00e3o F\u00edsica.\" data-balloon-pos=\"up\">Professor de Educa\u00e7\u00e3o B\u00e1sica II - Educa\u00e7\u00e3o F\u00edsica<\/span><\/td>\r\n<td class=\"cvagas\">CR<\/td>\r\n<td class=\"cremuneracao\">R$ 2.554,40 \/20h<\/td>\r\n<\/tr><tr>\r\n<td class=\"ccargos\">\r\n<span data-balloon-length=\"medium\" aria-label=\"Ensino Superior Espec\u00edfico Completo Em Licenciatura Plena Em Filosofia.\" data-balloon-pos=\"up\">Professor de Educa\u00e7\u00e3o B\u00e1sica II - Filosofia<\/span><\/td>\r\n<td class=\"cvagas\">CR<\/td>\r\n<td class=\"cremuneracao\">R$ 2.554,40 \/20h<\/td>\r\n<\/tr><tr>\r\n<td class=\"ccargos\">\r\n<span data-balloon-length=\"medium\" aria-label=\"Ensino Superior Espec\u00edfico Completo Em Licenciatura Plena Em Geografia.\" data-balloon-pos=\"up\">Professor de Educa\u00e7\u00e3o B\u00e1sica II - Geografia<\/span><\/td>\r\n<td class=\"cvagas\">CR<\/td>\r\n<td class=\"cremuneracao\">R$ 2.554,40 \/20h<\/td>\r\n<\/tr><tr>\r\n<td class=\"ccargos\">\r\n<span data-balloon-length=\"medium\" aria-label=\"Ensino Superior Espec\u00edfico Completo Em Licenciatura Plena Em Hist\u00f3ria.\" data-balloon-pos=\"up\">Professor de Educa\u00e7\u00e3o B\u00e1sica II - Hist\u00f3ria<\/span><\/td>\r\n<td class=\"cvagas\">CR<\/td>\r\n<td class=\"cremuneracao\">R$ 2.554,40 \/20h<\/td>\r\n<\/tr><tr>\r\n<td class=\"ccargos\">\r\n<span data-balloon-length=\"medium\" aria-label=\"Ensino Superior Espec\u00edfico Completo Em Licenciatura Plena Em Matem\u00e1tica.\" data-balloon-pos=\"up\">Professor de Educa\u00e7\u00e3o B\u00e1sica II - Matem\u00e1tica<\/span><\/td>\r\n<td class=\"cvagas\">CR<\/td>\r\n<td class=\"cremuneracao\">R$ 2.554,40 \/20h<\/td>\r\n<\/tr><tr>\r\n<td class=\"ccargos\">\r\n<span data-balloon-length=\"medium\" aria-label=\"Ensino Superior Espec\u00edfico Completo Em Licenciatura Plena Em Portugu\u00eas.\" data-balloon-pos=\"up\">Professor de Educa\u00e7\u00e3o B\u00e1sica II - Portugu\u00eas<\/span><\/td>\r\n<td class=\"cvagas\">CR<\/td>\r\n<td class=\"cremuneracao\">R$ 2.554,40 \/20h<\/td>\r\n<\/tr><tr>\r\n<td class=\"ccargos\">\r\n<span data-balloon-length=\"medium\" aria-label=\"Ensino Superior Espec\u00edfico Completo Em Licenciatura Plena Em Ingl\u00eas.\" data-balloon-pos=\"up\">Professor de Educa\u00e7\u00e3o B\u00e1sica II - Ingl\u00eas<\/span><\/td>\r\n<td class=\"cvagas\">CR<\/td>\r\n<td class=\"cremuneracao\">R$ 2.554,40 \/20h<\/td>\r\n<\/tr><tr>\r\n<td class=\"ccargos\">\r\n<span data-balloon-length=\"medium\" aria-label=\"Ensino Superior Espec\u00edfico Completo Em Licenciatura Plena Em Pedagogia.\" data-balloon-pos=\"up\">Professor PEB I<\/span><\/td>\r\n<td class=\"cvagas\">CR<\/td>\r\n<td class=\"cremuneracao\">R$ 3.481,60 \/30h<\/td>\r\n<\/tr><tr>\r\n<td class=\"ccargos\">\r\n<span data-balloon-length=\"medium\" aria-label=\"Ensino Superior Espec\u00edfico Completo Em Licenciatura Plena Em Pedagogia, Com Habilita\u00e7\u00e3o Espec\u00edfica Em Educa\u00e7\u00e3o Especial Com P\u00f3s-Gradua\u00e7\u00e3o Em Educa\u00e7\u00e3o Especial.\" data-balloon-pos=\"up\">Professor PEB II - Educa\u00e7\u00e3o Especial<\/span><\/td>\r\n<td class=\"cvagas\">CR<\/td>\r\n<td class=\"cremuneracao\">R$ 2.554,40 \/20h<\/td>\r\n<\/tr>\r\n    <\/tbody>\r\n  <\/table>\r\n<\/div>"},"_links":{"self":[{"href":"https:\/\/www.agrobase.com.br\/concursos\/wp-json\/wp\/v2\/posts\/273236","targetHints":{"allow":["GET"]}}],"collection":[{"href":"https:\/\/www.agrobase.com.br\/concursos\/wp-json\/wp\/v2\/posts"}],"about":[{"href":"https:\/\/www.agrobase.com.br\/concursos\/wp-json\/wp\/v2\/types\/post"}],"author":[{"embeddable":true,"href":"https:\/\/www.agrobase.com.br\/concursos\/wp-json\/wp\/v2\/users\/7"}],"replies":[{"embeddable":true,"href":"https:\/\/www.agrobase.com.br\/concursos\/wp-json\/wp\/v2\/comments?post=273236"}],"version-history":[{"count":1,"href":"https:\/\/www.agrobase.com.br\/concursos\/wp-json\/wp\/v2\/posts\/273236\/revisions"}],"predecessor-version":[{"id":273238,"href":"https:\/\/www.agrobase.com.br\/concursos\/wp-json\/wp\/v2\/posts\/273236\/revisions\/273238"}],"wp:featuredmedia":[{"embeddable":true,"href":"https:\/\/www.agrobase.com.br\/concursos\/wp-json\/wp\/v2\/media\/273235"}],"wp:attachment":[{"href":"https:\/\/www.agrobase.com.br\/concursos\/wp-json\/wp\/v2\/media?parent=273236"}],"wp:term":[{"taxonomy":"category","embeddable":true,"href":"https:\/\/www.agrobase.com.br\/concursos\/wp-json\/wp\/v2\/categories?post=273236"},{"taxonomy":"post_tag","embeddable":true,"href":"https:\/\/www.agrobase.com.br\/concursos\/wp-json\/wp\/v2\/tags?post=273236"},{"taxonomy":"_amplo","embeddable":true,"href":"https:\/\/www.agrobase.com.br\/concursos\/wp-json\/wp\/v2\/_amplo?post=273236"},{"taxonomy":"destaque","embeddable":true,"href":"https:\/\/www.agrobase.com.br\/concursos\/wp-json\/wp\/v2\/destaque?post=273236"},{"taxonomy":"instituicoes","embeddable":true,"href":"https:\/\/www.agrobase.com.br\/concursos\/wp-json\/wp\/v2\/instituicoes?post=273236"}],"curies":[{"name":"wp","href":"https:\/\/api.w.org\/{rel}","templated":true}]}}