{"id":273229,"date":"2025-10-30T08:20:38","date_gmt":"2025-10-30T11:20:38","guid":{"rendered":"https:\/\/www.agrobase.com.br\/concursos\/?p=273229"},"modified":"2025-10-29T16:22:32","modified_gmt":"2025-10-29T19:22:32","slug":"prefeitura-maracaja-sc-selecao-publica-01-2025","status":"publish","type":"post","link":"https:\/\/www.agrobase.com.br\/concursos\/2025\/prefeitura-maracaja-sc-selecao-publica-01-2025\/","title":{"rendered":"Prefeitura Maracaj\u00e1 (SC) &#8211; Sele\u00e7\u00e3o P\u00fablica 01\/2025"},"content":{"rendered":"<h2>Informa\u00e7\u00f5es Gerais<\/h2>\n<p>O Munic\u00edpio de Maracaj\u00e1, em Santa Catarina, publicou o edital do <strong>Processo Seletivo P\u00fablico regido pelo Edital n\u00ba 01\/2025<\/strong>, com inscri\u00e7\u00f5es abertas e organiza\u00e7\u00e3o sob responsabilidade do Instituto Legalle. O certame visa \u00e0 <strong>contrata\u00e7\u00e3o tempor\u00e1ria de servidores<\/strong> e forma\u00e7\u00e3o de cadastro reserva para diversos cargos do Quadro Geral do Munic\u00edpio, sob o <strong>regime estatut\u00e1rio<\/strong>.<\/p>\n<p>S\u00e3o ofertadas <strong>82 vagas imediatas<\/strong>, al\u00e9m de cadastro reserva, abrangendo candidatos com escolaridade de n\u00edvel fundamental (incompleto e completo), m\u00e9dio\/t\u00e9cnico e superior. As oportunidades contemplam \u00e1reas administrativas, operacionais, educacionais e da sa\u00fade.<\/p>\n<p>Entre os destaques, h\u00e1 vagas para profissionais das \u00e1reas de <strong>Engenharia Civil e Nutri\u00e7\u00e3o<\/strong>.<\/p>\n<p>Continue a leitura para saber como se inscrever, conhecer as etapas do processo seletivo e entender os crit\u00e9rios de classifica\u00e7\u00e3o.<\/p>\n<h2>Inscri\u00e7\u00f5es<\/h2>\n<p>As <strong>inscri\u00e7\u00f5es est\u00e3o abertas<\/strong> entre os dias <strong>13 de outubro e 12 de novembro de 2025<\/strong>, exclusivamente pela internet, por meio do site <a href=\"https:\/\/www.institutolegalle.org.br\" target=\"_blank\" rel=\"noopener\">www.institutolegalle.org.br<\/a>. O prazo se encerra \u00e0s 18h do \u00faltimo dia.<\/p>\n<p>As taxas de inscri\u00e7\u00e3o variam conforme o n\u00edvel de escolaridade exigido para o cargo pretendido. O pagamento deve ser feito at\u00e9 o prazo final em qualquer ag\u00eancia banc\u00e1ria, por meio de boleto gerado no sistema de inscri\u00e7\u00e3o. Recomenda-se aten\u00e7\u00e3o ao c\u00f3digo de barras, que deve iniciar com o n\u00famero 001 (Banco do Brasil).<\/p>\n<p>Candidatos sem acesso \u00e0 internet poder\u00e3o utilizar um computador disponibilizado pela Prefeitura de Maracaj\u00e1, na Avenida Get\u00falio Vargas, n\u00ba 530, Centro, das 08h \u00e0s 12h e das 13h \u00e0s 17h, em dias \u00fateis.<\/p>\n<p>\u00c9 poss\u00edvel solicitar <strong>isen\u00e7\u00e3o da taxa<\/strong>, conforme crit\u00e9rios da Lei Federal n\u00ba 13.656\/2018, durante o per\u00edodo indicado no edital. A inscri\u00e7\u00e3o s\u00f3 ser\u00e1 confirmada ap\u00f3s a compensa\u00e7\u00e3o banc\u00e1ria do pagamento.<\/p>\n<p>Ap\u00f3s a inscri\u00e7\u00e3o, o candidato deve acompanhar a situa\u00e7\u00e3o do cadastro e demais comunicados na \u00e1rea restrita do site da banca.<\/p>\n<p>Para mais detalhes sobre documentos exigidos, isen\u00e7\u00e3o, atendimento especial e regras gerais, <strong>\u00e9 imprescind\u00edvel a leitura atenta do edital completo<\/strong>.<\/p>\n<h2>Etapas e Provas<\/h2>\n<p>O Processo Seletivo da Prefeitura de Maracaj\u00e1\/SC ser\u00e1 composto por at\u00e9 quatro etapas, conforme o cargo:<\/p>\n<ul>\n<li><strong>Prova Te\u00f3rico-Objetiva<\/strong> (eliminat\u00f3ria e classificat\u00f3ria): aplicada a todos os cargos. A avalia\u00e7\u00e3o ser\u00e1 de m\u00faltipla escolha, com disciplinas como L\u00edngua Portuguesa, Matem\u00e1tica, Conhecimentos Gerais e Conhecimentos Espec\u00edficos, conforme o cargo. A dura\u00e7\u00e3o e os crit\u00e9rios de aprova\u00e7\u00e3o est\u00e3o definidos no edital.<\/li>\n<li><strong>Prova de Reda\u00e7\u00e3o<\/strong> (eliminat\u00f3ria e classificat\u00f3ria): destinada aos cargos de Assistente Social, Assistente Social na Educa\u00e7\u00e3o, Coordenador Pedag\u00f3gico, Enfermeiro, Engenheiro Civil e Fisioterapeuta.<\/li>\n<li><strong>Prova Pr\u00e1tica<\/strong> (eliminat\u00f3ria e classificat\u00f3ria): exclusiva para os cargos de Motorista (Ambul\u00e2ncia, Autom\u00f3vel, Caminh\u00e3o, \u00d4nibus), Operador de M\u00e1quinas e Equipamentos e Operador de Tratores Agr\u00edcolas. Os candidatos dever\u00e3o apresentar CNH v\u00e1lida e realizar tarefas espec\u00edficas da fun\u00e7\u00e3o.<\/li>\n<li><strong>Prova de T\u00edtulos<\/strong> (classificat\u00f3ria): aplicada aos cargos de Coordenador Pedag\u00f3gico e Professores (diversas disciplinas), com pontua\u00e7\u00e3o baseada na forma\u00e7\u00e3o acad\u00eamica e experi\u00eancia profissional.<\/li>\n<\/ul>\n<p>A convoca\u00e7\u00e3o para cada etapa ser\u00e1 publicada no site da banca organizadora. Para detalhes sobre conte\u00fados, crit\u00e9rios de pontua\u00e7\u00e3o e cronograma completo, <strong>consulte o edital oficial<\/strong>.<\/p>\n<h2>Resultados e Gabarito<\/h2>\n<p>O cronograma prev\u00ea a <strong>divulga\u00e7\u00e3o do gabarito preliminar<\/strong> da Prova Te\u00f3rico-Objetiva e do espelho da Reda\u00e7\u00e3o no dia <strong>14 de dezembro de 2025<\/strong>, com prazo de recursos entre <strong>15 e 17 de dezembro<\/strong>. O <strong>gabarito oficial<\/strong> ser\u00e1 publicado em <strong>7 de janeiro de 2026<\/strong>.<\/p>\n<p>As <strong>notas preliminares<\/strong> das provas (objetiva, reda\u00e7\u00e3o, pr\u00e1tica e de t\u00edtulos) ser\u00e3o divulgadas em <strong>8 de janeiro de 2026<\/strong>, com per\u00edodo de recursos de <strong>9 a 13 de janeiro<\/strong>. As <strong>notas oficiais<\/strong> ser\u00e3o publicadas em <strong>19 de janeiro<\/strong>, seguidas da convoca\u00e7\u00e3o para sorteio p\u00fablico de desempate, se necess\u00e1rio.<\/p>\n<p>A <strong>homologa\u00e7\u00e3o final dos resultados<\/strong> est\u00e1 prevista para ocorrer a partir de <strong>22 de janeiro de 2026<\/strong>.<\/p>\n<p>A classifica\u00e7\u00e3o final ser\u00e1 definida pela soma das notas obtidas nas etapas aplic\u00e1veis a cada cargo. Em caso de empate, ser\u00e3o considerados crit\u00e9rios como idade (para idosos), exerc\u00edcio da fun\u00e7\u00e3o de jurado, maior nota nas provas e, se necess\u00e1rio, sorteio p\u00fablico.<\/p>\n<p>O provimento dos cargos seguir\u00e1 a ordem de classifica\u00e7\u00e3o e as necessidades do Munic\u00edpio, dentro do prazo de validade do processo seletivo, que ser\u00e1 de <strong>1 ano, prorrog\u00e1vel por igual per\u00edodo<\/strong>.<\/p>\n<p><strong>\u00c9 responsabilidade exclusiva do candidato acompanhar todas as publica\u00e7\u00f5es oficiais<\/strong> no site do Instituto Legalle e no Di\u00e1rio Oficial do Munic\u00edpio.<\/p>\n","protected":false},"excerpt":{"rendered":"<p>Sel. P\u00fablica Pref. Maracaj\u00e1 (SC) com edital publicado! Vagas p\/ Professor e Enfermeiro (Fund. a Sup.). Inscri\u00e7\u00f5es a partir de 13\/10. Confira detalhes!<\/p>\n","protected":false},"author":7,"featured_media":273228,"comment_status":"open","ping_status":"open","sticky":false,"template":"","format":"standard","meta":{"_acf_changed":false,"_breakdance_hide_in_design_set":false,"_breakdance_tags":"","footnotes":""},"categories":[6433,6434,12,14,18,19,111,100,20,6871,116,21,23,24,25,26,101,108,143],"tags":[61],"_amplo":[],"destaque":[],"instituicoes":[],"class_list":["post-273229","post","type-post","status-publish","format-standard","has-post-thumbnail","hentry","category-biologia-licenciatura","category-educacao-fisica-licenciatura","category-enfermagem","category-engenharia","category-fisioterapia","category-fonoaudiologia","category-geografia","category-historia","category-letras","category-letras-ingles","category-matematica","category-medicina","category-nutricao","category-odontologia","category-pedagogia","category-psicologia","category-servico-social","category-tecnico-enfermagem","category-tecnico-odontologia","tag-santa-catarina"],"acf":{"_tipo_vagas":"vagas","_numero_vagas":"","_quadro_vagas":"","_cargos":"diversos","_cargos_especificos":"","_salario_max":"R$ 6135.18","_abertura":"20251013","_encerramento":"20251112","_inscricoes":"https:\/\/www.institutolegalle.org.br","_executora_concurso":"","_instituicao_concurso":[],"_link_adicional":null,"_anexos":null,"_produtos":null,"_vagas":"82 vagas + CR","_salario_min":"R$ 1706.08","_instituicao":"Prefeitura de Maracaj\u00e1","_edital":"https:\/\/www.agrobase.com.br\/concursos\/wp-content\/uploads\/sites\/4\/2025\/10\/edital-01-2025-prefeitura-de-maracaja-sc.pdf","_anexos_edital":"https:\/\/www.agrobase.com.br\/concursos\/wp-content\/uploads\/sites\/4\/2025\/10\/anexos-edital-01-2025-prefeitura-de-maracaja-sc.pdf","_fund_incompleto":"<div>\r\n<table class=\"quadro\">\r\n<thead>\r\n<tr>\r\n<th class=\"hcargo\">Cargo<\/th>\r\n<th class=\"hvagas\">Vagas<\/th>\r\n<th class=\"hremuneracao\">Remunera\u00e7\u00e3o<\/th>\r\n<\/tr>\r\n<\/thead>\r\n    <tbody>\r\n      <td class=\"ccargos\">Agente de Limpeza Urbana, Obras e Servi\u00e7os Gerais<\/td>\r\n<td class=\"cvagas\">08 + CR<\/td>\r\n<td class=\"cremuneracao\">R$ 1.756,01 \/40h<\/td>\r\n<\/tr><td class=\"ccargos\">Mec\u00e2nico<\/td>\r\n<td class=\"cvagas\">CR<\/td>\r\n<td class=\"cremuneracao\">R$ 3.238,51 \/40h<\/td>\r\n<\/tr><td class=\"ccargos\">Merendeira<\/td>\r\n<td class=\"cvagas\">05 + CR<\/td>\r\n<td class=\"cremuneracao\">R$ 1.756,01 \/40h<\/td>\r\n<\/tr><td class=\"ccargos\">Operador de M\u00e1quinas e Equipamentos<\/td>\r\n<td class=\"cvagas\">CR<\/td>\r\n<td class=\"cremuneracao\">R$ 2.708,42 \/40h<\/td>\r\n<\/tr><td class=\"ccargos\">Operador de Tratores Agr\u00edcolas<\/td>\r\n<td class=\"cvagas\">CR<\/td>\r\n<td class=\"cremuneracao\">R$ 2.083,40 \/40h<\/td>\r\n<\/tr><td class=\"ccargos\">Servente de Escola<\/td>\r\n<td class=\"cvagas\">04 + CR<\/td>\r\n<td class=\"cremuneracao\">R$ 1.756,01 \/40h<\/td>\r\n<\/tr><td class=\"ccargos\">Vigia<\/td>\r\n<td class=\"cvagas\">CR<\/td>\r\n<td class=\"cremuneracao\">R$ 1.756,01 \/40h<\/td>\r\n<\/tr><td class=\"ccargos\">Zelador de Escola<\/td>\r\n<td class=\"cvagas\">01 + CR<\/td>\r\n<td class=\"cremuneracao\">R$ 2.672,65 \/40h<\/td>\r\n<\/tr>\r\n    <\/tbody>\r\n  <\/table>\r\n<\/div>","_fund_completo":"<div>\r\n<table class=\"quadro\">\r\n<thead>\r\n<tr>\r\n<th class=\"hcargo\">Cargo<\/th>\r\n<th class=\"hvagas\">Vagas<\/th>\r\n<th class=\"hremuneracao\">Remunera\u00e7\u00e3o<\/th>\r\n<\/tr>\r\n<\/thead>\r\n    <tbody>\r\n      <td class=\"ccargos\">Faxineira\/Copeira<\/td>\r\n<td class=\"cvagas\">02 + CR<\/td>\r\n<td class=\"cremuneracao\">R$ 1.756,01 \/40h<\/td>\r\n<\/tr><td class=\"ccargos\">Gari\/Separador de Res\u00edduos S\u00f3lidos<\/td>\r\n<td class=\"cvagas\">05 + CR<\/td>\r\n<td class=\"cremuneracao\">R$ 1.756,01 \/40h<\/td>\r\n<\/tr><td class=\"ccargos\">Lavador de Frota<\/td>\r\n<td class=\"cvagas\">01 + CR<\/td>\r\n<td class=\"cremuneracao\">R$ 1.756,01 \/40h<\/td>\r\n<\/tr><td class=\"ccargos\">Monitor de \u00d4nibus<\/td>\r\n<td class=\"cvagas\">03 + CR<\/td>\r\n<td class=\"cremuneracao\">R$ 1.756,01 \/40h<\/td>\r\n<\/tr><td class=\"ccargos\">Motorista de Ambul\u00e2ncia<\/td>\r\n<td class=\"cvagas\">CR<\/td>\r\n<td class=\"cremuneracao\">R$ 2.729,22 \/40h<\/td>\r\n<\/tr><td class=\"ccargos\">Motorista de Autom\u00f3vel<\/td>\r\n<td class=\"cvagas\">CR<\/td>\r\n<td class=\"cremuneracao\">R$ 1.807,79 \/40h<\/td>\r\n<\/tr><td class=\"ccargos\">Motorista de Caminh\u00e3o<\/td>\r\n<td class=\"cvagas\">CR<\/td>\r\n<td class=\"cremuneracao\">R$ 2.677,17 \/40h<\/td>\r\n<\/tr><td class=\"ccargos\">Motorista de \u00d4nibus<\/td>\r\n<td class=\"cvagas\">03 + CR<\/td>\r\n<td class=\"cremuneracao\">R$ 2.429,22 \/40h<\/td>\r\n<\/tr>\r\n    <\/tbody>\r\n  <\/table>\r\n<\/div>","_medio":"<div>\r\n<table class=\"quadro\">\r\n<thead>\r\n<tr>\r\n<th class=\"hcargo\">Cargo<\/th>\r\n<th class=\"hvagas\">Vagas<\/th>\r\n<th class=\"hremuneracao\">Remunera\u00e7\u00e3o<\/th>\r\n<\/tr>\r\n<\/thead>\r\n    <tbody>\r\n      <td class=\"ccargos\">Auxiliar de Agente Administrativo<\/td>\r\n<td class=\"cvagas\">CR<\/td>\r\n<td class=\"cremuneracao\">R$ 2.187,57 \/40h<\/td>\r\n<\/tr><td class=\"ccargos\">Auxiliar de Biblioteca<\/td>\r\n<td class=\"cvagas\">02 + CR<\/td>\r\n<td class=\"cremuneracao\">R$ 2.433,88 \/40h<\/td>\r\n<\/tr><td class=\"ccargos\">Auxiliar de Ensino de Educa\u00e7\u00e3o Infantil<\/td>\r\n<td class=\"cvagas\">14 + CR<\/td>\r\n<td class=\"cremuneracao\">R$ 1.825,41 \/30h<\/td>\r\n<\/tr><td class=\"ccargos\">Auxiliar de Farm\u00e1cia<\/td>\r\n<td class=\"cvagas\">CR<\/td>\r\n<td class=\"cremuneracao\">R$ 2.347,41 \/40h<\/td>\r\n<\/tr><td class=\"ccargos\">Auxiliar de Sa\u00fade Bucal<\/td>\r\n<td class=\"cvagas\">01 + CR<\/td>\r\n<td class=\"cremuneracao\">R$ 2.095,90 \/40h<\/td>\r\n<\/tr><td class=\"ccargos\">Auxiliar de Servi\u00e7os Administrativos<\/td>\r\n<td class=\"cvagas\">CR<\/td>\r\n<td class=\"cremuneracao\">R$ 2.433,88 \/40h<\/td>\r\n<\/tr><td class=\"ccargos\">Auxiliar Educacional<\/td>\r\n<td class=\"cvagas\">15 + CR<\/td>\r\n<td class=\"cremuneracao\">R$ 2.433,88 \/40h<\/td>\r\n<\/tr><td class=\"ccargos\">Eletricista<\/td>\r\n<td class=\"cvagas\">01 + CR<\/td>\r\n<td class=\"cremuneracao\">R$ 2.259,72 \/40h<\/td>\r\n<\/tr><td class=\"ccargos\">Fiscal em Vigil\u00e2ncia Sanit\u00e1ria<\/td>\r\n<td class=\"cvagas\">CR<\/td>\r\n<td class=\"cremuneracao\">R$ 2.095,90 \/40h<\/td>\r\n<\/tr><td class=\"ccargos\">Professor de Educa\u00e7\u00e3o Infantil<\/td>\r\n<td class=\"cvagas\">03 + CR<\/td>\r\n<td class=\"cremuneracao\">R$ 4.867,77 \/40h<\/td>\r\n<\/tr><td class=\"ccargos\">Professor de S\u00e9ries Iniciais<\/td>\r\n<td class=\"cvagas\">04 + CR<\/td>\r\n<td class=\"cremuneracao\">R$ 4.867,77 \/40h<\/td>\r\n<\/tr><td class=\"ccargos\">T\u00e9cnico em Enfermagem ESF<\/td>\r\n<td class=\"cvagas\">CR<\/td>\r\n<td class=\"cremuneracao\">R$ 3.595,97 \/40h<\/td>\r\n<\/tr>\r\n    <\/tbody>\r\n  <\/table>\r\n<\/div>","_superior":"<div>\r\n<table class=\"quadro\">\r\n<thead>\r\n<tr>\r\n<th class=\"hcargo\">Cargo<\/th>\r\n<th class=\"hvagas\">Vagas<\/th>\r\n<th class=\"hremuneracao\">Remunera\u00e7\u00e3o<\/th>\r\n<\/tr>\r\n<\/thead>\r\n    <tbody>\r\n      <tr>\r\n<td class=\"ccargos\">Assistente Social<\/td>\r\n<td class=\"cvagas\">01 + CR<\/td>\r\n<td class=\"cremuneracao\">R$ 3.093,95 \/30h<\/td>\r\n<\/tr><tr>\r\n<td class=\"ccargos\">Assistente Social Educa\u00e7\u00e3o<\/td>\r\n<td class=\"cvagas\">CR<\/td>\r\n<td class=\"cremuneracao\">R$ 3.093,95 \/30h<\/td>\r\n<\/tr><tr>\r\n<td class=\"ccargos\">Coordenador Pedag\u00f3gico<\/td>\r\n<td class=\"cvagas\">02 + CR<\/td>\r\n<td class=\"cremuneracao\">R$ 4.867,77 \/40h<\/td>\r\n<\/tr><tr>\r\n<td class=\"ccargos\">Enfermeiro<\/td>\r\n<td class=\"cvagas\">CR<\/td>\r\n<td class=\"cremuneracao\">R$ 5.215,63 \/40h<\/td>\r\n<\/tr><tr>\r\n<td class=\"ccargos\">Engenheiro Civil<\/td>\r\n<td class=\"cvagas\">01 + CR<\/td>\r\n<td class=\"cremuneracao\">R$ 6.135,18 \/40h<\/td>\r\n<\/tr><tr>\r\n<td class=\"ccargos\">Fisioterapeuta<\/td>\r\n<td class=\"cvagas\">CR<\/td>\r\n<td class=\"cremuneracao\">R$ 4.410,26 \/30h<\/td>\r\n<\/tr><tr>\r\n<td class=\"ccargos\">Fonoaudi\u00f3logo<\/td>\r\n<td class=\"cvagas\">CR<\/td>\r\n<td class=\"cremuneracao\">R$ 1.706,08 \/10h<\/td>\r\n<\/tr><tr>\r\n<td class=\"ccargos\">M\u00e9dico Ginecologista\/Obstetra<\/td>\r\n<td class=\"cvagas\">CR<\/td>\r\n<td class=\"cremuneracao\">R$ 5.941,23 \/20h<\/td>\r\n<\/tr><tr>\r\n<td class=\"ccargos\">Nutricionista<\/td>\r\n<td class=\"cvagas\">CR<\/td>\r\n<td class=\"cremuneracao\">R$ 5.240,05 \/40h<\/td>\r\n<\/tr><tr>\r\n<td class=\"ccargos\">Odont\u00f3logo<\/td>\r\n<td class=\"cvagas\">CR<\/td>\r\n<td class=\"cremuneracao\">R$ 4.408,38 \/20h<\/td>\r\n<\/tr><tr>\r\n<td class=\"ccargos\">Orientador Social<\/td>\r\n<td class=\"cvagas\">02 + CR<\/td>\r\n<td class=\"cremuneracao\">R$ 3.527,24 \/40h<\/td>\r\n<\/tr><tr>\r\n<td class=\"ccargos\">Professor de Artes<\/td>\r\n<td class=\"cvagas\">01 + CR<\/td>\r\n<td class=\"cremuneracao\">R$ 4.867,77 \/40h<\/td>\r\n<\/tr><tr>\r\n<td class=\"ccargos\">Professor de Atendimento de Educa\u00e7\u00e3o Especializada - AEE<\/td>\r\n<td class=\"cvagas\">01 + CR<\/td>\r\n<td class=\"cremuneracao\">R$ 4.867,77 \/40h<\/td>\r\n<\/tr><tr>\r\n<td class=\"ccargos\">Professor de Ci\u00eancias<\/td>\r\n<td class=\"cvagas\">01 + CR<\/td>\r\n<td class=\"cremuneracao\">R$ 2.433,88 \/20h<\/td>\r\n<\/tr><tr>\r\n<td class=\"ccargos\">Professor de Educa\u00e7\u00e3o F\u00edsica<\/td>\r\n<td class=\"cvagas\">CR<\/td>\r\n<td class=\"cremuneracao\">R$ 4.867,77 \/40h<\/td>\r\n<\/tr><tr>\r\n<td class=\"ccargos\">Professor de Educa\u00e7\u00e3o Patrimonial Ambiental<\/td>\r\n<td class=\"cvagas\">01 + CR<\/td>\r\n<td class=\"cremuneracao\">R$ 4.867,77 \/10h\/20h\/30h\/40h<\/td>\r\n<\/tr><tr>\r\n<td class=\"ccargos\">Professor de Ensino Religioso<\/td>\r\n<td class=\"cvagas\">CR<\/td>\r\n<td class=\"cremuneracao\">R$ 2.433,88 \/10h\/20h<\/td>\r\n<\/tr><tr>\r\n<td class=\"ccargos\">Professor de Geografia<\/td>\r\n<td class=\"cvagas\">CR<\/td>\r\n<td class=\"cremuneracao\">R$ 4.867,77 \/10h\/20h\/30h\/40h<\/td>\r\n<\/tr><tr>\r\n<td class=\"ccargos\">Professor de Hist\u00f3ria<\/td>\r\n<td class=\"cvagas\">CR<\/td>\r\n<td class=\"cremuneracao\">R$ 4.867,77 \/10h\/20h\/30h\/40h<\/td>\r\n<\/tr><tr>\r\n<td class=\"ccargos\">Professor de L\u00edngua Inglesa<\/td>\r\n<td class=\"cvagas\">01 + CR<\/td>\r\n<td class=\"cremuneracao\">R$ 4.867,77 \/10h\/20h\/30h\/40h<\/td>\r\n<\/tr><tr>\r\n<td class=\"ccargos\">Professor de L\u00edngua Portuguesa<\/td>\r\n<td class=\"cvagas\">CR<\/td>\r\n<td class=\"cremuneracao\">R$ 2.433,88 \/20h<\/td>\r\n<\/tr><tr>\r\n<td class=\"ccargos\">Professor de Matem\u00e1tica<\/td>\r\n<td class=\"cvagas\">CR<\/td>\r\n<td class=\"cremuneracao\">R$ 2.433,88 \/20h<\/td>\r\n<\/tr><tr>\r\n<td class=\"ccargos\">Psic\u00f3logo de Educa\u00e7\u00e3o<\/td>\r\n<td class=\"cvagas\">CR<\/td>\r\n<td class=\"cremuneracao\">R$ 4.443,01 \/40h<\/td>\r\n<\/tr><tr>\r\n<td class=\"ccargos\">Psic\u00f3logo Social<\/td>\r\n<td class=\"cvagas\">01 + CR<\/td>\r\n<td class=\"cremuneracao\">R$ 3.332,26 \/30h<\/td>\r\n<\/tr>\r\n    <\/tbody>\r\n  <\/table>\r\n<\/div>"},"_links":{"self":[{"href":"https:\/\/www.agrobase.com.br\/concursos\/wp-json\/wp\/v2\/posts\/273229","targetHints":{"allow":["GET"]}}],"collection":[{"href":"https:\/\/www.agrobase.com.br\/concursos\/wp-json\/wp\/v2\/posts"}],"about":[{"href":"https:\/\/www.agrobase.com.br\/concursos\/wp-json\/wp\/v2\/types\/post"}],"author":[{"embeddable":true,"href":"https:\/\/www.agrobase.com.br\/concursos\/wp-json\/wp\/v2\/users\/7"}],"replies":[{"embeddable":true,"href":"https:\/\/www.agrobase.com.br\/concursos\/wp-json\/wp\/v2\/comments?post=273229"}],"version-history":[{"count":3,"href":"https:\/\/www.agrobase.com.br\/concursos\/wp-json\/wp\/v2\/posts\/273229\/revisions"}],"predecessor-version":[{"id":273234,"href":"https:\/\/www.agrobase.com.br\/concursos\/wp-json\/wp\/v2\/posts\/273229\/revisions\/273234"}],"wp:featuredmedia":[{"embeddable":true,"href":"https:\/\/www.agrobase.com.br\/concursos\/wp-json\/wp\/v2\/media\/273228"}],"wp:attachment":[{"href":"https:\/\/www.agrobase.com.br\/concursos\/wp-json\/wp\/v2\/media?parent=273229"}],"wp:term":[{"taxonomy":"category","embeddable":true,"href":"https:\/\/www.agrobase.com.br\/concursos\/wp-json\/wp\/v2\/categories?post=273229"},{"taxonomy":"post_tag","embeddable":true,"href":"https:\/\/www.agrobase.com.br\/concursos\/wp-json\/wp\/v2\/tags?post=273229"},{"taxonomy":"_amplo","embeddable":true,"href":"https:\/\/www.agrobase.com.br\/concursos\/wp-json\/wp\/v2\/_amplo?post=273229"},{"taxonomy":"destaque","embeddable":true,"href":"https:\/\/www.agrobase.com.br\/concursos\/wp-json\/wp\/v2\/destaque?post=273229"},{"taxonomy":"instituicoes","embeddable":true,"href":"https:\/\/www.agrobase.com.br\/concursos\/wp-json\/wp\/v2\/instituicoes?post=273229"}],"curies":[{"name":"wp","href":"https:\/\/api.w.org\/{rel}","templated":true}]}}