{"id":273207,"date":"2025-10-30T07:40:58","date_gmt":"2025-10-30T10:40:58","guid":{"rendered":"https:\/\/www.agrobase.com.br\/concursos\/?p=273207"},"modified":"2025-10-30T09:38:28","modified_gmt":"2025-10-30T12:38:28","slug":"ufpr-pr-selecao-publica-331-2025","status":"publish","type":"post","link":"https:\/\/www.agrobase.com.br\/concursos\/2025\/ufpr-pr-selecao-publica-331-2025\/","title":{"rendered":"UFPR (PR) &#8211; Sele\u00e7\u00e3o P\u00fablica 331\/2025"},"content":{"rendered":"<h2>Informa\u00e7\u00f5es Gerais<\/h2>\n<p>O edital da Universidade Federal do Paran\u00e1 (UFPR) anuncia a abertura do processo seletivo para <strong>Professor Substituto da Carreira de Magist\u00e9rio Superior<\/strong>, conforme normas estabelecidas pela Pr\u00f3-Reitoria de Gest\u00e3o de Pessoas (PROGEPE). O certame visa \u00e0 <strong>contrata\u00e7\u00e3o tempor\u00e1ria<\/strong> de docentes para atua\u00e7\u00e3o em diversos setores da universidade, com vagas distribu\u00eddas em m\u00faltiplas \u00e1reas do conhecimento. O regime de contrata\u00e7\u00e3o segue as diretrizes da <strong>Lei n\u00ba 8.745\/93<\/strong>, com v\u00ednculo tempor\u00e1rio e carga hor\u00e1ria de 20h ou 40h semanais, conforme o cargo.<\/p>\n<p>S\u00e3o ofertadas <strong>26 vagas<\/strong>, todas para n\u00edvel superior, com exig\u00eancia de gradua\u00e7\u00e3o, especializa\u00e7\u00e3o, mestrado ou doutorado, conforme a \u00e1rea. As oportunidades abrangem setores como Medicina, Direito, Engenharia, Ci\u00eancias Sociais, Educa\u00e7\u00e3o, Letras, Contabilidade, Arquitetura e \u00e1reas de interesse como <strong>Medicina Veterin\u00e1ria<\/strong>, <strong>Engenharia de Aquicultura<\/strong> e <strong>Economia e Desenvolvimento Rural<\/strong>, sendo estas de especial aten\u00e7\u00e3o para os leitores do nosso portal.<\/p>\n<p>Se voc\u00ea busca uma oportunidade na doc\u00eancia superior federal, continue a leitura para conhecer os detalhes sobre inscri\u00e7\u00f5es, etapas do processo e cronograma de resultados.<\/p>\n<h2>Inscri\u00e7\u00f5es<\/h2>\n<p>As inscri\u00e7\u00f5es para o processo seletivo de Professor Substituto da UFPR est\u00e3o <strong>abertas<\/strong> e devem ser realizadas <strong>online<\/strong>, mediante o envio de requerimento \u00e0 unidade promotora do certame, conforme orienta\u00e7\u00f5es dispon\u00edveis no site da PROGEPE: <a href=\"https:\/\/progepe.ufpr.br\/a\/concursos\/docente\/concursos_publicos\/inscricao_substitutos.html\" target=\"_blank\" rel=\"noopener\">https:\/\/progepe.ufpr.br\/a\/concursos\/docente\/concursos_publicos\/inscricao_substitutos.html<\/a>.<\/p>\n<p>O valor da taxa de inscri\u00e7\u00e3o \u00e9 de <strong>R$ 61,80<\/strong>, com pagamento via <strong>PIX<\/strong> (em qualquer banco) ou <strong>Boleto GRU<\/strong> (pag\u00e1vel apenas no Banco do Brasil). O comprovante de pagamento deve ser enviado junto com os demais documentos exigidos: documento de identidade, titula\u00e7\u00e3o, curriculum vitae com comprovantes e o requerimento de inscri\u00e7\u00e3o devidamente preenchido e assinado.<\/p>\n<p>Pedidos de <strong>isen\u00e7\u00e3o da taxa<\/strong> podem ser feitos nos primeiros dias \u00fateis do per\u00edodo de inscri\u00e7\u00f5es, conforme a dura\u00e7\u00e3o do prazo, com resposta divulgada no site da PROGEPE no dia \u00fatil seguinte ao t\u00e9rmino do prazo para solicita\u00e7\u00e3o.<\/p>\n<p>\u00c9 responsabilidade da pessoa candidata acompanhar o status da inscri\u00e7\u00e3o e eventuais pend\u00eancias diretamente com a unidade promotora. Em caso de indeferimento, caber\u00e1 recurso conforme previsto na Resolu\u00e7\u00e3o n\u00ba 92\/06-CEPE.<\/p>\n<p>Recomenda-se fortemente a leitura atenta do edital completo para garantir o correto envio da documenta\u00e7\u00e3o e o cumprimento dos prazos estabelecidos.<\/p>\n<h2>Etapas e Provas<\/h2>\n<p>O processo seletivo para Professor Substituto da UFPR ser\u00e1 composto por <strong>etapas definidas pela unidade promotora<\/strong>, conforme especificado no edital e seus anexos. As provas poder\u00e3o envolver an\u00e1lise de t\u00edtulos, prova did\u00e1tica e\/ou entrevista, a depender da \u00e1rea de conhecimento e da unidade respons\u00e1vel.<\/p>\n<p>As etapas do certame seguem os seguintes princ\u00edpios:<\/p>\n<ul>\n<li><strong>Provas com car\u00e1ter eliminat\u00f3rio e\/ou classificat\u00f3rio<\/strong>, conforme definido pela unidade promotora;<\/li>\n<li><strong>Conte\u00fado das provas e crit\u00e9rios de avalia\u00e7\u00e3o<\/strong> ser\u00e3o os mesmos para todos os candidatos, inclusive para aqueles que concorrem \u00e0s vagas reservadas;<\/li>\n<li><strong>Condi\u00e7\u00f5es especiais<\/strong> poder\u00e3o ser solicitadas por candidatos com defici\u00eancia ou lactantes, mediante requerimento no ato da inscri\u00e7\u00e3o;<\/li>\n<li><strong>Procedimentos espec\u00edficos<\/strong> para candidatos cotistas (pretos, pardos, ind\u00edgenas e quilombolas), incluindo heteroidentifica\u00e7\u00e3o e verifica\u00e7\u00e3o documental, ser\u00e3o realizados por comiss\u00f5es especializadas;<\/li>\n<li>As <strong>datas, locais e formatos das provas<\/strong> ser\u00e3o definidos e divulgados pelas respectivas unidades promotoras.<\/li>\n<\/ul>\n<p>Recomenda-se que os candidatos consultem o edital completo e os anexos espec\u00edficos de sua \u00e1rea para verificar as etapas aplic\u00e1veis, os crit\u00e9rios de avalia\u00e7\u00e3o e o cronograma detalhado.<\/p>\n<h2>Resultados e Gabarito<\/h2>\n<p>Os <strong>resultados das inscri\u00e7\u00f5es<\/strong> ser\u00e3o divulgados por cada unidade promotora do certame, conforme edital espec\u00edfico. Em caso de indeferimento, o candidato poder\u00e1 interpor recurso nos prazos estabelecidos.<\/p>\n<p>Para candidatos que optarem por vagas reservadas, haver\u00e1 etapas complementares de verifica\u00e7\u00e3o:<\/p>\n<ul>\n<li><strong>Heteroidentifica\u00e7\u00e3o<\/strong> para candidatos pretos e pardos, com resultado publicado no site da PROGEPE;<\/li>\n<li><strong>Verifica\u00e7\u00e3o documental<\/strong> para candidatos ind\u00edgenas e quilombolas, tamb\u00e9m com publica\u00e7\u00e3o no site da PROGEPE;<\/li>\n<li>Em ambos os casos, ser\u00e1 poss\u00edvel apresentar <strong>recurso<\/strong> em at\u00e9 2 dias \u00fateis ap\u00f3s a divulga\u00e7\u00e3o do resultado.<\/li>\n<\/ul>\n<p>O <strong>resultado final do teste seletivo<\/strong> ser\u00e1 publicado no <strong>Di\u00e1rio Oficial da Uni\u00e3o<\/strong> apenas ap\u00f3s a conclus\u00e3o dos procedimentos de verifica\u00e7\u00e3o e prazos recursais. A homologa\u00e7\u00e3o do resultado \u00e9 de responsabilidade da unidade promotora, que tamb\u00e9m ser\u00e1 respons\u00e1vel por solicitar \u00e0 PROGEPE a contrata\u00e7\u00e3o dos aprovados.<\/p>\n<p>Crit\u00e9rios de classifica\u00e7\u00e3o e desempate seguem as normas da Resolu\u00e7\u00e3o n\u00ba 92\/06-CEPE e do Decreto n\u00ba 9.739\/2019. Em caso de empate, ser\u00e3o considerados crit\u00e9rios como maior titula\u00e7\u00e3o, idade e outros definidos no edital.<\/p>\n<p>O acompanhamento de todas as publica\u00e7\u00f5es oficiais, tanto no site da PROGEPE quanto no Di\u00e1rio Oficial da Uni\u00e3o, \u00e9 de responsabilidade exclusiva da pessoa candidata.<\/p>\n","protected":false},"excerpt":{"rendered":"<p>Inscri\u00e7\u00f5es Encerradas &#8211; Sel. P\u00fablica UFPR (PR). Vagas p\/ Professores de Medicina e Bioqu\u00edmica (Superior). Acompanhe provas e resultados!<\/p>\n","protected":false},"author":7,"featured_media":273206,"comment_status":"open","ping_status":"open","sticky":false,"template":"","format":"standard","meta":{"_acf_changed":false,"_breakdance_hide_in_design_set":false,"_breakdance_tags":"","footnotes":""},"categories":[3,4,5,6433,7,106,8,126,9,121,10,117,95,14,148,96,125,112,20,116,21,22,24,25,6435,101,118],"tags":[52],"_amplo":[],"destaque":[],"instituicoes":[],"class_list":["post-273207","post","type-post","status-publish","format-standard","has-post-thumbnail","hentry","category-administracao","category-agronomia","category-arquitetura","category-biologia-licenciatura","category-biomedicina","category-bioquimica","category-biotecnologia","category-ciencia-computacao","category-ciencias-contabeis","category-ciencias-sociais","category-direito","category-economia","category-engenharia-agricola","category-engenharia","category-engenharia-aquicultura","category-engenharia-pesca","category-engenharia-producao","category-filosofia","category-letras","category-matematica","category-medicina","category-veterinaria","category-odontologia","category-pedagogia","category-quimica-licenciatura","category-servico-social","category-sociologia","tag-parana"],"acf":{"_tipo_vagas":"vagas","_numero_vagas":"","_quadro_vagas":"","_cargos":"diversos","_cargos_especificos":"","_salario_max":"R$ 8.058,29","_abertura":"20251022","_encerramento":null,"_inscricoes":"https:\/\/progepe.ufpr.br\/a\/concursos\/docente\/concursos_publicos\/inscricao_substitutos.html","_executora_concurso":"","_instituicao_concurso":[],"_link_adicional":null,"_anexos":null,"_produtos":null,"_vagas":"26 vagas","_salario_min":"R$ 3.090,43","_instituicao":"UFPR","_edital":"https:\/\/www.agrobase.com.br\/concursos\/wp-content\/uploads\/sites\/4\/2025\/10\/edital-331-2025-ufpr-pr.pdf","_anexos_edital":"","_fund_incompleto":"","_fund_completo":"","_medio":"","_superior":"<div>\r\n<table class=\"quadro\">\r\n<thead>\r\n<tr>\r\n<th class=\"hcargo\">Cargo<\/th>\r\n<th class=\"hvagas\">Vagas<\/th>\r\n<th class=\"hremuneracao\">Remunera\u00e7\u00e3o<\/th>\r\n<\/tr>\r\n<\/thead>\r\n    <tbody>\r\n      <tr>\r\n<td class=\"ccargos\">\r\n<span data-balloon-length=\"medium\" aria-label=\"Gradua\u00e7\u00e3o em Medicina, registrada no Conselho Regional de Medicina; com Resid\u00eancia M\u00e9dica em Cl\u00ednica M\u00e9dica ou Pneumologia; ou Especializa\u00e7\u00e3o em Cl\u00ednica M\u00e9dica ou Pneumologia, obtidos na forma da lei\" data-balloon-pos=\"up\">Professor de Medicina (Pneumologia)<\/span><\/td>\r\n<td class=\"cvagas\">01<\/td>\r\n<td class=\"cremuneracao\">R$ 3.399,47 \/20h<\/td>\r\n<\/tr><tr>\r\n<td class=\"ccargos\">\r\n<span data-balloon-length=\"medium\" aria-label=\"Gradua\u00e7\u00e3o em Medicina, registrada no Conselho Regional de Medicina; com Resid\u00eancia M\u00e9dica em Psiquiatria; ou Especializa\u00e7\u00e3o em Psiquiatria, obtidos na forma da lei\" data-balloon-pos=\"up\">Professor de Medicina (Psiquiatria)<\/span><\/td>\r\n<td class=\"cvagas\">01<\/td>\r\n<td class=\"cremuneracao\">R$ 3.399,47 \/20h<\/td>\r\n<\/tr><tr>\r\n<td class=\"ccargos\">\r\n<span data-balloon-length=\"medium\" aria-label=\"Doutorado nas seguintes \u00e1reas de conhecimento: Ci\u00eancias-Bioqu\u00edmica; Bioqu\u00edmica; Biologia Molecular; Biologia Celular e Molecular; Engenharia de Bioprocessos e Biotecnologia; Qu\u00edmica; Farmacologia; Ci\u00eancias Farmac\u00eauticas; Ci\u00eancias Biol\u00f3gicas; Gen\u00e9tica e Patologia, obtidos na forma da lei\" data-balloon-pos=\"up\">Professor de Bioqu\u00edmica e Biologia Molecular<\/span><\/td>\r\n<td class=\"cvagas\">01<\/td>\r\n<td class=\"cremuneracao\">R$ 8.058,29 \/40h<\/td>\r\n<\/tr><tr>\r\n<td class=\"ccargos\">\r\n<span data-balloon-length=\"medium\" aria-label=\"Gradua\u00e7\u00e3o em Odontologia. Especialista em Pr\u00f3tese Dent\u00e1ria. Mestre em Odontologia ou Mestre em Cl\u00ednica Odontol\u00f3gica com \u00c1rea de Concentra\u00e7\u00e3o em Pr\u00f3tese Dent\u00e1ria ou Reabilita\u00e7\u00e3o Oral, obtidos na forma da lei\" data-balloon-pos=\"up\">Professor de Pr\u00f3tese Dent\u00e1ria (Pr\u00f3tese Parcial Remov\u00edvel)<\/span><\/td>\r\n<td class=\"cvagas\">01<\/td>\r\n<td class=\"cremuneracao\">R$ 5.949,07 \/40h<\/td>\r\n<\/tr><tr>\r\n<td class=\"ccargos\">\r\n<span data-balloon-length=\"medium\" aria-label=\"Gradua\u00e7\u00e3o em Medicina com Resid\u00eancia M\u00e9dica em Pediatria ou T\u00edtulo de Especialista em Pediatria, Resid\u00eancia M\u00e9dica ou T\u00edtulo de Especialista em Endocrinologia Pedi\u00e1trica, T\u00edtulo de Mestre em Sa\u00fade da Crian\u00e7a e do Adolescente ou Pediatria, com \u00e1rea de concentra\u00e7\u00e3o em Endocrinologia Pedi\u00e1trica, obtidos na forma da lei\" data-balloon-pos=\"up\">Professor de Endocrinologia Pedi\u00e1trica<\/span><\/td>\r\n<td class=\"cvagas\">01<\/td>\r\n<td class=\"cremuneracao\">R$ 3.863,04 \/20h<\/td>\r\n<\/tr><tr>\r\n<td class=\"ccargos\">\r\n<span data-balloon-length=\"medium\" aria-label=\"Gradua\u00e7\u00e3o em Medicina e Especializa\u00e7\u00e3o Registrada junto ao CRM-PR em Ginecologia e Obstetr\u00edcia, obtidos na forma da lei\" data-balloon-pos=\"up\">Professor de Obstetr\u00edcia<\/span><\/td>\r\n<td class=\"cvagas\">03<\/td>\r\n<td class=\"cremuneracao\">R$ 3.399,47 \/20h<\/td>\r\n<\/tr><tr>\r\n<td class=\"ccargos\">\r\n<span data-balloon-length=\"medium\" aria-label=\"Gradua\u00e7\u00e3o em Matem\u00e1tica ou \u00e1reas afins (Matem\u00e1tica Industrial, Aplicada ou Computacional, F\u00edsica, Estat\u00edstica, Ci\u00eancias da Computa\u00e7\u00e3o e Engenharias), obtidos na forma da lei\" data-balloon-pos=\"up\">Professor de C\u00e1lculo (C\u00e1lculo Diferencial e Integral)<\/span><\/td>\r\n<td class=\"cvagas\">01<\/td>\r\n<td class=\"cremuneracao\">R$ 3.090,43 \/20h<\/td>\r\n<\/tr><tr>\r\n<td class=\"ccargos\">\r\n<span data-balloon-length=\"medium\" aria-label=\"Licenciatura em Qu\u00edmica com Mestrado em Educa\u00e7\u00e3o\/Ensino de Ci\u00eancias\/Educa\u00e7\u00e3o Cient\u00edfica\/Educa\u00e7\u00e3o em Ci\u00eancias\/Ensino de Qu\u00edmica e com Mestrado em Educa\u00e7\u00e3o\/Ensino de Ci\u00eancias\/Educa\u00e7\u00e3o Cient\u00edfica\/Educa\u00e7\u00e3o em Ci\u00eancias\/Ensino de Qu\u00edmica, obtidos na forma da lei\" data-balloon-pos=\"up\">Professor de Ensino de Qu\u00edmica e Qu\u00edmica Geral<\/span><\/td>\r\n<td class=\"cvagas\">01<\/td>\r\n<td class=\"cremuneracao\">R$ 5.949,07 \/40h<\/td>\r\n<\/tr><tr>\r\n<td class=\"ccargos\">\r\n<span data-balloon-length=\"medium\" aria-label=\"Gradua\u00e7\u00e3o em Letras Franc\u00eas ou Gradua\u00e7\u00e3o em Letras Portugu\u00eas-Franc\u00eas; Mestrado em Letras, obtidos na forma da lei\" data-balloon-pos=\"up\">Professor de L\u00edngua Francesa e Literaturas em L\u00edngua Francesa<\/span><\/td>\r\n<td class=\"cvagas\">01<\/td>\r\n<td class=\"cremuneracao\">R$ 5.949,07 \/40h<\/td>\r\n<\/tr><tr>\r\n<td class=\"ccargos\">\r\n<span data-balloon-length=\"medium\" aria-label=\"Doutorado em Direito, obtido na forma da lei\" data-balloon-pos=\"up\">Professor de Pr\u00e1tica Jur\u00eddica em Direito P\u00fablico (\u00eanfase em Direitos Humanos)<\/span><\/td>\r\n<td class=\"cvagas\">01<\/td>\r\n<td class=\"cremuneracao\">R$ 8.058,29 \/40h<\/td>\r\n<\/tr><tr>\r\n<td class=\"ccargos\">\r\n<span data-balloon-length=\"medium\" aria-label=\"Doutorado em Direito, obtido na forma da lei\" data-balloon-pos=\"up\">Professor de Pr\u00e1tica Jur\u00eddica em Direito P\u00fablico (\u00eanfase em Direitos Humanos)<\/span><\/td>\r\n<td class=\"cvagas\">01<\/td>\r\n<td class=\"cremuneracao\">R$ 4.867,43 \/20h<\/td>\r\n<\/tr><tr>\r\n<td class=\"ccargos\">\r\n<span data-balloon-length=\"medium\" aria-label=\"Mestrado em Gest\u00e3o da Informa\u00e7\u00e3o; ou Ci\u00eancia da Informa\u00e7\u00e3o; ou Administra\u00e7\u00e3o; ou Ci\u00eancia da Computa\u00e7\u00e3o; ou Inform\u00e1tica; ou Computa\u00e7\u00e3o Aplicada; ou Engenharia da Computa\u00e7\u00e3o; ou Engenharia, Gest\u00e3o e M\u00eddia do Conhecimento; ou Gest\u00e3o e Organiza\u00e7\u00e3o do Conhecimento; ou Tecnologia e Sociedade, obtidos na forma da lei\" data-balloon-pos=\"up\">Professor de Tecnologias da Informa\u00e7\u00e3o e da Comunica\u00e7\u00e3o e Gest\u00e3o da Informa\u00e7\u00e3o<\/span><\/td>\r\n<td class=\"cvagas\">01<\/td>\r\n<td class=\"cremuneracao\">R$ 3.863,04 \/20h<\/td>\r\n<\/tr><tr>\r\n<td class=\"ccargos\">\r\n<span data-balloon-length=\"medium\" aria-label=\"Gradua\u00e7\u00e3o em Ci\u00eancias Cont\u00e1beis e Mestrado em Ci\u00eancias Cont\u00e1beis ou Contabilidade, obtidas na forma da lei\" data-balloon-pos=\"up\">Professor de Contabilidade Geral<\/span><\/td>\r\n<td class=\"cvagas\">01<\/td>\r\n<td class=\"cremuneracao\">R$5.949,07 \/40h<\/td>\r\n<\/tr><tr>\r\n<td class=\"ccargos\">\r\n<span data-balloon-length=\"medium\" aria-label=\"Licenciatura em Ci\u00eancias Sociais com Doutorado em Educa\u00e7\u00e3o ou Doutorado em Ci\u00eancias Sociais, obtidos na forma da lei\" data-balloon-pos=\"up\">Professor de Metodologia e Pr\u00e1tica de Doc\u00eancia em Ci\u00eancias Sociais<\/span><\/td>\r\n<td class=\"cvagas\">01<\/td>\r\n<td class=\"cremuneracao\">R$ 8.058,29 \/40h<\/td>\r\n<\/tr><tr>\r\n<td class=\"ccargos\">\r\n<span data-balloon-length=\"medium\" aria-label=\"Licenciatura em Qu\u00edmica ou Licenciatura em Ci\u00eancias com Habilita\u00e7\u00e3o em Qu\u00edmica; e Doutorado em Educa\u00e7\u00e3o ou Doutorado em Educa\u00e7\u00e3o em Ci\u00eancias, obtidos na forma da lei\" data-balloon-pos=\"up\">Professor de Pr\u00e1tica e Metodologia de Ensino de Qu\u00edmica<\/span><\/td>\r\n<td class=\"cvagas\">01<\/td>\r\n<td class=\"cremuneracao\">R$ 8.058,29 \/40h<\/td>\r\n<\/tr><tr>\r\n<td class=\"ccargos\">\r\n<span data-balloon-length=\"medium\" aria-label=\"Licenciatura e Doutorado em Educa\u00e7\u00e3o, obtidos na forma da lei\" data-balloon-pos=\"up\">Professor de Pr\u00e1tica Pedag\u00f3gica (Educa\u00e7\u00e3o Infantil e Ensino Fundamental)<\/span><\/td>\r\n<td class=\"cvagas\">01<\/td>\r\n<td class=\"cremuneracao\">R$ 8.058,29 \/40h<\/td>\r\n<\/tr><tr>\r\n<td class=\"ccargos\">\r\n<span data-balloon-length=\"medium\" aria-label=\"Gradua\u00e7\u00e3o em Administra\u00e7\u00e3o P\u00fablica ou Gest\u00e3o P\u00fablica ou Pol\u00edticas P\u00fablicas ou Gest\u00e3o de Pol\u00edticas P\u00fablicas ou Administra\u00e7\u00e3o ou Sociologia ou Ci\u00eancia Pol\u00edtica ou Ci\u00eancias Sociais E Mestrado em qualquer \u00e1rea, obtidos na forma da lei\" data-balloon-pos=\"up\">Professor de Teoria e Pr\u00e1tica da Pol\u00edtica e Gest\u00e3o de Pessoas no Setor P\u00fablico<\/span><\/td>\r\n<td class=\"cvagas\">01<\/td>\r\n<td class=\"cremuneracao\">R$ 3.863,04 \/20h<\/td>\r\n<\/tr><tr>\r\n<td class=\"ccargos\">\r\n<span data-balloon-length=\"medium\" aria-label=\"Gradua\u00e7\u00e3o - Licenciatura em artes; Pedagogia com Especializa\u00e7\u00e3o (lato) ou Mestrado (stricto) na \u00e1rea de Artes e\/ou Educa\u00e7\u00e3o, obtidos na forma da lei\" data-balloon-pos=\"up\">Professor de Arte-Educa\u00e7\u00e3o (Desenvolvimento Profissional Docente e Est\u00e1gios Supervisionados)<\/span><\/td>\r\n<td class=\"cvagas\">01<\/td>\r\n<td class=\"cremuneracao\">R$ 5.949,07 \/40h<\/td>\r\n<\/tr><tr>\r\n<td class=\"ccargos\">\r\n<span data-balloon-length=\"medium\" aria-label=\"Gradua\u00e7\u00e3o em Servi\u00e7o Social com titula\u00e7\u00e3o m\u00ednima de Especializa\u00e7\u00e3o em Servi\u00e7o Social e\/ou Quest\u00e3o Social e\/ou Pol\u00edticas P\u00fablicas e Sociais e \u00e1reas afins, obtidos na forma da lei\" data-balloon-pos=\"up\">Professor de Servi\u00e7o Social e Pol\u00edticas P\u00fablicas<\/span><\/td>\r\n<td class=\"cvagas\">01<\/td>\r\n<td class=\"cremuneracao\">R$3.399,47 \/20h<\/td>\r\n<\/tr><tr>\r\n<td class=\"ccargos\">\r\n<span data-balloon-length=\"medium\" aria-label=\"Gradua\u00e7\u00e3o em Medicina Veterin\u00e1ria com Resid\u00eancia em Medicina Veterin\u00e1ria ou Mestrado e\/ou Doutorado em Programas de P\u00f3s-gradua\u00e7\u00e3o na \u00e1rea Medicina Veterin\u00e1ria da CAPES, obtidos na forma da lei\" data-balloon-pos=\"up\">Professor de Medicina Veterin\u00e1ria (Farmacologia e Terap\u00eautica)<\/span><\/td>\r\n<td class=\"cvagas\">01<\/td>\r\n<td class=\"cremuneracao\">R$ 3.863,04; \/20h<\/td>\r\n<\/tr><tr>\r\n<td class=\"ccargos\">\r\n<span data-balloon-length=\"medium\" aria-label=\"Gradua\u00e7\u00e3o em Ci\u00eancias Econ\u00f4micas ou Administra\u00e7\u00e3o ou Agronomia. Mestrado em: Economia ou Desenvolvimento Rural Sustent\u00e1vel ou Desenvolvimento Regional e Agroneg\u00f3cio ou Teoria Econ\u00f4mica ou Desenvolvimento Econ\u00f4mico ou Economia Aplicada ou Economia Agr\u00edcola ou Economia Rural ou Economia Agr\u00e1ria ou Economia Regional ou Economia Regional e Urbana, obtidos na forma da lei\" data-balloon-pos=\"up\">Professor de Economia e Desenvolvimento Rural<\/span><\/td>\r\n<td class=\"cvagas\">01<\/td>\r\n<td class=\"cremuneracao\">R$ 3.863,04 \/20h<\/td>\r\n<\/tr><tr>\r\n<td class=\"ccargos\">\r\n<span data-balloon-length=\"medium\" aria-label=\"Gradua\u00e7\u00e3o na modalidade bacharelado em Engenharia de Aquicultura ou em Engenharia de Pesca ou em Engenharia Agr\u00edcola, obtidas na forma da lei\" data-balloon-pos=\"up\">Professor de Engenharia de Aquicultura<\/span><\/td>\r\n<td class=\"cvagas\">01<\/td>\r\n<td class=\"cremuneracao\">R$ 4.326,60 \/40h<\/td>\r\n<\/tr><tr>\r\n<td class=\"ccargos\">\r\n<span data-balloon-length=\"medium\" aria-label=\"Gradua\u00e7\u00e3o em Arquitetura e Urbanismo COM Mestrado na \u00c1rea de Arquitetura ou Constru\u00e7\u00e3o Civil ou Engenharia Civil ou \u00e1reas afins, obtidos na forma da lei\" data-balloon-pos=\"up\">Professor de Arquitetura e Urbanismo (Tecnologia e Constru\u00e7\u00e3o Civil)<\/span><\/td>\r\n<td class=\"cvagas\">01<\/td>\r\n<td class=\"cremuneracao\">R$ 3.863,04 \/20h<\/td>\r\n<\/tr><tr>\r\n<td class=\"ccargos\">\r\n<span data-balloon-length=\"medium\" aria-label=\"Gradua\u00e7\u00e3o em Engenharia, Administra\u00e7\u00e3o ou Economia, acrescida de Mestrado na \u00e1rea de Administra\u00e7\u00e3o, Economia ou Engenharia e Doutorado em qualquer \u00e1rea, obtidos na forma da lei\" data-balloon-pos=\"up\">Professor de Administra\u00e7\u00e3o e Economia de Engenharia<\/span><\/td>\r\n<td class=\"cvagas\">01<\/td>\r\n<td class=\"cremuneracao\">R$ 8.058,29 \/40h<\/td>\r\n<\/tr><tr>\r\n<td class=\"ccargos\">\r\n<span data-balloon-length=\"medium\" aria-label=\"Gradua\u00e7\u00e3o em Engenharia, Administra\u00e7\u00e3o ou Economia, acrescida de Mestrado e\/ou Doutorado na \u00e1rea de Administra\u00e7\u00e3o, Economia ou Engenharia, obtidos na forma da lei\" data-balloon-pos=\"up\">Professor de Administra\u00e7\u00e3o e Economia de Engenharia<\/span><\/td>\r\n<td class=\"cvagas\">01<\/td>\r\n<td class=\"cremuneracao\">R$ 3.863,04 \/20h<\/td>\r\n<\/tr><tr>\r\n<td class=\"ccargos\">\r\n<span data-balloon-length=\"medium\" aria-label=\"Gradua\u00e7\u00e3o em Engenharia Civil, acrescida de Mestrado em Transportes, Engenharia de Transportes, Engenharia de Materiais, Geotecnia, ou em Engenharia Civil, obtidos na forma da lei\" data-balloon-pos=\"up\">Professor de Engenharia Civil (Infraestrutura de Transportes)<\/span><\/td>\r\n<td class=\"cvagas\">01<\/td>\r\n<td class=\"cremuneracao\">R$ 5.949,07 \/40h<\/td>\r\n<\/tr>\r\n    <\/tbody>\r\n  <\/table>\r\n<\/div>"},"_links":{"self":[{"href":"https:\/\/www.agrobase.com.br\/concursos\/wp-json\/wp\/v2\/posts\/273207","targetHints":{"allow":["GET"]}}],"collection":[{"href":"https:\/\/www.agrobase.com.br\/concursos\/wp-json\/wp\/v2\/posts"}],"about":[{"href":"https:\/\/www.agrobase.com.br\/concursos\/wp-json\/wp\/v2\/types\/post"}],"author":[{"embeddable":true,"href":"https:\/\/www.agrobase.com.br\/concursos\/wp-json\/wp\/v2\/users\/7"}],"replies":[{"embeddable":true,"href":"https:\/\/www.agrobase.com.br\/concursos\/wp-json\/wp\/v2\/comments?post=273207"}],"version-history":[{"count":4,"href":"https:\/\/www.agrobase.com.br\/concursos\/wp-json\/wp\/v2\/posts\/273207\/revisions"}],"predecessor-version":[{"id":273240,"href":"https:\/\/www.agrobase.com.br\/concursos\/wp-json\/wp\/v2\/posts\/273207\/revisions\/273240"}],"wp:featuredmedia":[{"embeddable":true,"href":"https:\/\/www.agrobase.com.br\/concursos\/wp-json\/wp\/v2\/media\/273206"}],"wp:attachment":[{"href":"https:\/\/www.agrobase.com.br\/concursos\/wp-json\/wp\/v2\/media?parent=273207"}],"wp:term":[{"taxonomy":"category","embeddable":true,"href":"https:\/\/www.agrobase.com.br\/concursos\/wp-json\/wp\/v2\/categories?post=273207"},{"taxonomy":"post_tag","embeddable":true,"href":"https:\/\/www.agrobase.com.br\/concursos\/wp-json\/wp\/v2\/tags?post=273207"},{"taxonomy":"_amplo","embeddable":true,"href":"https:\/\/www.agrobase.com.br\/concursos\/wp-json\/wp\/v2\/_amplo?post=273207"},{"taxonomy":"destaque","embeddable":true,"href":"https:\/\/www.agrobase.com.br\/concursos\/wp-json\/wp\/v2\/destaque?post=273207"},{"taxonomy":"instituicoes","embeddable":true,"href":"https:\/\/www.agrobase.com.br\/concursos\/wp-json\/wp\/v2\/instituicoes?post=273207"}],"curies":[{"name":"wp","href":"https:\/\/api.w.org\/{rel}","templated":true}]}}