{"id":273202,"date":"2025-10-30T07:30:19","date_gmt":"2025-10-30T10:30:19","guid":{"rendered":"https:\/\/www.agrobase.com.br\/concursos\/?p=273202"},"modified":"2025-10-30T10:36:03","modified_gmt":"2025-10-30T13:36:03","slug":"uft-to-selecao-67-2025","status":"publish","type":"post","link":"https:\/\/www.agrobase.com.br\/concursos\/2025\/uft-to-selecao-67-2025\/","title":{"rendered":"UFT (TO) &#8211; Sele\u00e7\u00e3o 67\/2025"},"content":{"rendered":"<h2>Informa\u00e7\u00f5es Gerais<\/h2>\n<p>O concurso p\u00fablico para <strong>Professor Substituto da Universidade Federal do Tocantins (UFT)<\/strong>, regido pelo edital <strong>2025-3<\/strong>, est\u00e1 com inscri\u00e7\u00f5es abertas. Organizado pela Coordena\u00e7\u00e3o de Desenvolvimento Estrat\u00e9gico (CDE) e executado pela COPESE, o certame visa \u00e0 <strong>contrata\u00e7\u00e3o tempor\u00e1ria<\/strong> de docentes para atua\u00e7\u00e3o em diversas \u00e1reas do conhecimento, sob regime de trabalho de 20h ou 40h semanais.<\/p>\n<p>S\u00e3o ofertadas <strong>12 vagas imediatas mais cadastro de reserva<\/strong>, todas destinadas a profissionais com <strong>n\u00edvel superior<\/strong> completo e, em muitos casos, com especializa\u00e7\u00e3o, mestrado ou doutorado, conforme os requisitos espec\u00edficos de cada \u00e1rea.<\/p>\n<p>As oportunidades abrangem setores como Direito, Arquitetura, Hist\u00f3ria, Letras, Pedagogia, Engenharia El\u00e9trica e destacam-se especialmente as vagas para <strong>Engenharia Florestal, Engenharia Ambiental, Nutri\u00e7\u00e3o e Ci\u00eancias Biol\u00f3gicas<\/strong> \u2014 \u00e1reas de grande interesse para profissionais das Ci\u00eancias Agr\u00e1rias, Sa\u00fade e Meio Ambiente.<\/p>\n<p>Os sal\u00e1rios variam de <strong>R$ 3.090,43 a R$ 4.326,60<\/strong>, de acordo com a carga hor\u00e1ria e titula\u00e7\u00e3o do candidato aprovado. Continue a leitura para saber como se inscrever, as etapas do processo seletivo e os crit\u00e9rios de classifica\u00e7\u00e3o.<\/p>\n<h2>Inscri\u00e7\u00f5es<\/h2>\n<p>As inscri\u00e7\u00f5es para o processo seletivo de Professor Substituto da UFT est\u00e3o <strong>abertas<\/strong> e devem ser realizadas <strong>exclusivamente online<\/strong>, no per\u00edodo de <strong>24 a 31 de outubro de 2025<\/strong>, por meio do site <a href=\"https:\/\/www.uft.edu.br\/concursos-e-selecoes\" target=\"_blank\" rel=\"noopener\">www.uft.edu.br\/concursos-e-selecoes<\/a>. O sistema estar\u00e1 dispon\u00edvel das 10h do primeiro dia at\u00e9 as 23h59 do \u00faltimo dia, conforme o hor\u00e1rio local de Palmas &#8211; TO.<\/p>\n<p>O valor da taxa de inscri\u00e7\u00e3o \u00e9 <strong>\u00fanico: R$ 120,00<\/strong>. Ap\u00f3s o preenchimento do formul\u00e1rio eletr\u00f4nico, o candidato dever\u00e1 anexar, em arquivo \u00fanico em PDF, os documentos exigidos: documento de identifica\u00e7\u00e3o com foto, curr\u00edculo (Lattes ou Vitae) e quadro de t\u00edtulos preenchido e assinado, conforme modelo do edital.<\/p>\n<p>O boleto banc\u00e1rio ser\u00e1 gerado automaticamente ap\u00f3s o envio do formul\u00e1rio e dever\u00e1 ser pago, preferencialmente, no Banco do Brasil. <strong>N\u00e3o ser\u00e3o aceitos pagamentos via PIX, transfer\u00eancias, agendamentos ou dep\u00f3sitos<\/strong>. Pagamentos fora do prazo ou em desacordo com as regras ser\u00e3o desconsiderados.<\/p>\n<p>\u00c9 fundamental que o candidato acompanhe o status da inscri\u00e7\u00e3o na \u00e1rea restrita do site e leia atentamente o edital completo para garantir o correto cumprimento de todas as exig\u00eancias.<\/p>\n<h2>Etapas e Provas<\/h2>\n<p>O processo seletivo ser\u00e1 composto por <strong>uma \u00fanica etapa<\/strong>, dividida em tr\u00eas fases distintas, conforme descrito a seguir:<\/p>\n<ul>\n<li><strong>Entrevista e An\u00e1lise de Curr\u00edculo (Lattes ou Vitae)<\/strong> \u2013 <em>car\u00e1ter eliminat\u00f3rio e classificat\u00f3rio<\/em>. A entrevista ter\u00e1 dura\u00e7\u00e3o de at\u00e9 15 minutos e ser\u00e1 realizada antes da prova did\u00e1tica. Ser\u00e3o avaliados crit\u00e9rios como trajet\u00f3ria acad\u00eamica, experi\u00eancia profissional e ader\u00eancia ao perfil da vaga. O candidato que obtiver nota inferior a 3,0 (tr\u00eas) pontos ser\u00e1 eliminado.<\/li>\n<li><strong>Prova Did\u00e1tica<\/strong> \u2013 <em>car\u00e1ter eliminat\u00f3rio e classificat\u00f3rio<\/em>. Consiste em uma aula te\u00f3rica, com dura\u00e7\u00e3o de at\u00e9 30 minutos, seguida de at\u00e9 10 minutos de argui\u00e7\u00e3o. O tema ser\u00e1 sorteado previamente, conforme os objetos de avalia\u00e7\u00e3o do edital. Ser\u00e3o analisados aspectos como dom\u00ednio do conte\u00fado, clareza na exposi\u00e7\u00e3o e coer\u00eancia did\u00e1tico-pedag\u00f3gica.<\/li>\n<li><strong>Avalia\u00e7\u00e3o de T\u00edtulos<\/strong> \u2013 <em>car\u00e1ter exclusivamente classificat\u00f3rio<\/em>. Ser\u00e3o considerados apenas os documentos enviados corretamente em formato PDF. Participam desta fase apenas os candidatos que alcan\u00e7arem nota igual ou superior a 3,0 na entrevista e na prova did\u00e1tica.<\/li>\n<\/ul>\n<p>As datas, hor\u00e1rios e locais de realiza\u00e7\u00e3o das fases ser\u00e3o divulgados no site oficial do concurso. Recomenda-se a leitura atenta do edital para detalhes sobre os crit\u00e9rios de pontua\u00e7\u00e3o, conte\u00fados exigidos e demais orienta\u00e7\u00f5es.<\/p>\n<h2>Resultados e Gabarito<\/h2>\n<p>A <strong>nota final<\/strong> do candidato ser\u00e1 composta pela soma das pontua\u00e7\u00f5es obtidas na Entrevista e An\u00e1lise de Curr\u00edculo, na Prova Did\u00e1tica e na Avalia\u00e7\u00e3o de T\u00edtulos. Em caso de empate, os crit\u00e9rios de desempate seguir\u00e3o a seguinte ordem:<\/p>\n<ul>\n<li>Maior idade entre os candidatos com 60 anos ou mais (conforme o Estatuto do Idoso);<\/li>\n<li>Maior nota na Prova Did\u00e1tica;<\/li>\n<li>Maior pontua\u00e7\u00e3o na Avalia\u00e7\u00e3o de T\u00edtulos;<\/li>\n<li>Maior nota na Entrevista.<\/li>\n<\/ul>\n<p>O <strong>resultado final<\/strong> ser\u00e1 publicado no site oficial da UFT (<a href=\"https:\/\/www.uft.edu.br\/concursos-e-selecoes\" target=\"_blank\" rel=\"noopener\">www.uft.edu.br\/concursos-e-selecoes<\/a>), na se\u00e7\u00e3o &#8220;Professor Substituto 2025-3&#8221;. Tamb\u00e9m ser\u00e1 divulgado o cronograma de contrata\u00e7\u00e3o dos aprovados.<\/p>\n<p>A <strong>contrata\u00e7\u00e3o<\/strong> est\u00e1 condicionada \u00e0 aprova\u00e7\u00e3o em inspe\u00e7\u00e3o m\u00e9dica e \u00e0 apresenta\u00e7\u00e3o dos documentos exigidos, incluindo a verifica\u00e7\u00e3o de compatibilidade de v\u00ednculo p\u00fablico, quando aplic\u00e1vel.<\/p>\n<p>\u00c9 de responsabilidade exclusiva do candidato acompanhar todas as publica\u00e7\u00f5es oficiais no site da banca organizadora e no Di\u00e1rio Oficial, garantindo o cumprimento dos prazos e procedimentos estabelecidos.<\/p>\n","protected":false},"excerpt":{"rendered":"<p>Sele\u00e7\u00e3o UFT (TO) com edital publicado! Vagas p\/ Professor Substituto e \u00e1reas afins (Superior). Inscri\u00e7\u00f5es a partir de 24\/10. Sal\u00e1rios at\u00e9 R$ 4.3k. Confira detalhes!<\/p>\n","protected":false},"author":7,"featured_media":273201,"comment_status":"open","ping_status":"open","sticky":false,"template":"","format":"standard","meta":{"_acf_changed":false,"_breakdance_hide_in_design_set":false,"_breakdance_tags":"","footnotes":""},"categories":[4,5,6433,10,97,13,79,15,112,6436,115,100,20,6871,116,23,25,118],"tags":[64],"_amplo":[],"destaque":[],"instituicoes":[],"class_list":["post-273202","post","type-post","status-publish","format-standard","has-post-thumbnail","hentry","category-agronomia","category-arquitetura","category-biologia-licenciatura","category-direito","category-ecologia","category-engenharia-ambiental","category-engenharia-alimentos","category-engenharia-florestal","category-filosofia","category-fisica-licenciatura","category-geologia","category-historia","category-letras","category-letras-ingles","category-matematica","category-nutricao","category-pedagogia","category-sociologia","tag-tocantins"],"acf":{"_tipo_vagas":"vagas","_numero_vagas":"","_quadro_vagas":"","_cargos":"diversos","_cargos_especificos":"","_salario_max":"R$ 4326.6","_abertura":"20251024","_encerramento":"20251031","_inscricoes":"https:\/\/www.uft.edu.br\/concursos-e-selecoes","_executora_concurso":"","_instituicao_concurso":[],"_link_adicional":null,"_anexos":null,"_produtos":null,"_vagas":"12 vagas + CR","_salario_min":"R$ 3090.43","_instituicao":"UFT","_edital":"https:\/\/www.agrobase.com.br\/concursos\/wp-content\/uploads\/sites\/4\/2025\/10\/edital-67-2025-uft-to.pdf","_anexos_edital":"https:\/\/www.agrobase.com.br\/concursos\/wp-content\/uploads\/sites\/4\/2025\/10\/anexos-edital-67-2025-uft-to.pdf","_fund_incompleto":"","_fund_completo":"","_medio":"","_superior":"<div>\r\n<table class=\"quadro\">\r\n<thead>\r\n<tr>\r\n<th class=\"hcargo\">Cargo<\/th>\r\n<th class=\"hvagas\">Vagas<\/th>\r\n<th class=\"hremuneracao\">Remunera\u00e7\u00e3o<\/th>\r\n<\/tr>\r\n<\/thead>\r\n    <tbody>\r\n      <tr>\r\n<td class=\"ccargos\">\r\n<span data-balloon-length=\"medium\" aria-label=\"Gradua\u00e7\u00e3o em Educa\u00e7\u00e3o do Campo - Artes Visuais e M\u00fasica ou Gradua\u00e7\u00e3o em M\u00fasica e\/ou Especializa\u00e7\u00e3o em Educa\u00e7\u00e3o do Campo ou Especializa\u00e7\u00e3o em M\u00fasica ou Especializa\u00e7\u00e3o em Doc\u00eancia do Ensino Superior e\/ou Mestrado em Educa\u00e7\u00e3o ou Mestrado em M\u00fasica e\/ou Doutorado em Educa\u00e7\u00e3o ou Doutorado em M\u00fasica ou Doutorado em Artes em linha de pesquisa em M\u00fasica.\" data-balloon-pos=\"up\">Educa\u00e7\u00e3o do Campo - Artes\/M\u00fasica \/ Est\u00e1gio Curricular Supervisionado\/Instrumento Eletivo I-Teclado I\/Linguagem Musical - Percep\u00e7\u00e3o, prepara\u00e7\u00e3o vocal e canto coletivo\/Instrumento Eletivo I-Teclado\/Did\u00e1tica Geral\/Altern\u00e2ncia Pedag\u00f3gica e Pr\u00e1ticas Comunit\u00e1rias \u00c1reas afins.<\/span><\/td>\r\n<td class=\"cvagas\">01<\/td>\r\n<td class=\"cremuneracao\">R$ 4.326,60 \/40h<\/td>\r\n<\/tr><tr>\r\n<td class=\"ccargos\">\r\n<span data-balloon-length=\"medium\" aria-label=\"Gradua\u00e7\u00e3o em Direito e\/ou Especializa\u00e7\u00e3o em Direito ou Ci\u00eancias Jur\u00eddicas ou Direitos Humanos ou Ci\u00eancias Sociais ou Antropologia ou Ci\u00eancia Pol\u00edtica ou Sociologia ou Filosofia ou Hist\u00f3ria e\/ou Mestrado em Direito ou Ci\u00eancias Jur\u00eddicas ou Direitos Humanos ou Ci\u00eancias Sociais ou Antropologia ou Ci\u00eancia Pol\u00edtica ou Sociologia ou Filosofia ou Hist\u00f3ria ou Mestrado em Presta\u00e7\u00e3o Jurisdicional e Direitos Humanos ou Desenvolvimento Regional ou Ci\u00eancias do Ambiente ou Gest\u00e3o de Pol\u00edticas P\u00fablica ou Educa\u00e7\u00e3o ou Filosofia.\" data-balloon-pos=\"up\">Direito - Direito Penal\/Direito Processual Penal\/Direito Internacional\/Direitos Humanos\/Sociologia do Direito \u00c1reas afins<\/span><\/td>\r\n<td class=\"cvagas\">01<\/td>\r\n<td class=\"cremuneracao\">R$ 4.326,60 \/40h<\/td>\r\n<\/tr><tr>\r\n<td class=\"ccargos\">\r\n<span data-balloon-length=\"medium\" aria-label=\"Gradua\u00e7\u00e3o em Direito e\/ou Especializa\u00e7\u00e3o em Direito ou Ci\u00eancias Jur\u00eddicas ou Direitos Humanos ou Ci\u00eancias Sociais ou Antropologia ou Ci\u00eancia Pol\u00edtica ou Sociologia ou Filosofia ou Hist\u00f3ria e\/ou Mestrado em Presta\u00e7\u00e3o Jurisdicional e Direitos Humanos ou Desenvolvimento Regional ou Ci\u00eancias do Ambiente ou Gest\u00e3o de Pol\u00edticas P\u00fablica ou Educa\u00e7\u00e3o ou Filosofia ou Mestrado em Direito ou Ci\u00eancias Jur\u00eddicas ou Direitos Humanos ou Ci\u00eancias Sociais ou Antropologia ou Ci\u00eancia Pol\u00edtica ou Sociologia ou Filosofia ou Hist\u00f3ria e\/ou Doutorado em Presta\u00e7\u00e3o Jurisdicional e Direitos Humanos ou Desenvolvimento Regional ou Ci\u00eancias do Ambiente ou Gest\u00e3o de Pol\u00edticas P\u00fablica ou Educa\u00e7\u00e3o ou Filosofia ou Doutorado em Direito ou Ci\u00eancias Jur\u00eddicas ou Direitos Humanos ou Ci\u00eancias Sociais ou Antropologia ou Ci\u00eancia Pol\u00edtica ou Sociologia ou Filosofia ou Hist\u00f3ria.\" data-balloon-pos=\"up\">Direito - Direito do Trabalho\/Direito Previdenci\u00e1rio\/Direito do Consumidor\/Direito Empresarial\/Pr\u00e1tica Jur\u00eddica \/ \u00c1reas afins.<\/span><\/td>\r\n<td class=\"cvagas\">CR<\/td>\r\n<td class=\"cremuneracao\">R$ 4.326,60 \/40h<\/td>\r\n<\/tr><tr>\r\n<td class=\"ccargos\">\r\n<span data-balloon-length=\"medium\" aria-label=\"Gradua\u00e7\u00e3o em Engenharia Florestal ou Engenharia Industrial Madeireira e\/ou Mestrado em Ci\u00eancias Florestais e Ambientais ou Ci\u00eancias Florestais ou Engenharia Florestal ou Ci\u00eancia e Tecnologia da Madeira e\/ou Doutorado em Ci\u00eancias Florestais ou Engenharia Florestal ou Ci\u00eancia e Tecnologia da Madeira ou Ci\u00eancias Florestais e Ambientais.\" data-balloon-pos=\"up\">Engenharia Florestal - Recursos Florestais e Engenharia Florestal \/ Pain\u00e9is da Madeira\/Recursos Energ\u00e9ticos da Madeira\/Mec\u00e2nica da Madeira\/Qu\u00edmica da Madeira\/Serrarias e Usinagem da Madeira \/ \u00c1reas afins.<\/span><\/td>\r\n<td class=\"cvagas\">CR<\/td>\r\n<td class=\"cremuneracao\">R$ 4.326,60 \/40h<\/td>\r\n<\/tr><tr>\r\n<td class=\"ccargos\">\r\n<span data-balloon-length=\"medium\" aria-label=\"Gradua\u00e7\u00e3o em Arquitetura e Urbanismo e\/ou Especializa\u00e7\u00e3o em qualquer \u00e1rea e\/ou Mestrado em qualquer \u00e1rea.\" data-balloon-pos=\"up\">Arquitetura e Urbanismo - Ci\u00eancias Sociais Aplicadas Projeto de Arquitetura\/Estudos Elementares em Arquitetura e Urbanismo\/\u00c1reas afins.<\/span><\/td>\r\n<td class=\"cvagas\">CR<\/td>\r\n<td class=\"cremuneracao\">R$ 3.090,43 \/20h<\/td>\r\n<\/tr><tr>\r\n<td class=\"ccargos\">\r\n<span data-balloon-length=\"medium\" aria-label=\"Gradua\u00e7\u00e3o em Arquitetura e Urbanismo e\/ou Especializa\u00e7\u00e3o em qualquer \u00e1rea e\/ou Mestrado em qualquer \u00e1rea e\/ou Doutorado em qualquer \u00e1rea.\" data-balloon-pos=\"up\">Arquitetura e Urbanismo - Ci\u00eancias Sociais Aplicadas\/Hist\u00f3ria da Arquitetura e da Cidade, da Modernidade \u00e0 eclos\u00e3o do Movimento Moderno\/Est\u00e9tica, Arquitetura, Arte e Pol\u00edtica\/Desenho e Pl\u00e1stica\/\u00c1reas afins.<\/span><\/td>\r\n<td class=\"cvagas\">02<\/td>\r\n<td class=\"cremuneracao\">R$ 4.326,60 \/40h<\/td>\r\n<\/tr><tr>\r\n<td class=\"ccargos\">\r\n<span data-balloon-length=\"medium\" aria-label=\"Gradua\u00e7\u00e3o em Arquitetura e Urbanismo e\/ou Especializa\u00e7\u00e3o em qualquer \u00e1rea e\/ou Mestrado em qualquer \u00e1rea.\" data-balloon-pos=\"up\">Arquitetura e Urbanismo - Ci\u00eancias Sociais Aplicadas Conforto Ambiental Desenho de Arquitetura \/ Desenho e Pl\u00e1stica \/ Desenho T\u00e9cnico Assistido por Computador \/\u00c1reas afins.<\/span><\/td>\r\n<td class=\"cvagas\">01<\/td>\r\n<td class=\"cremuneracao\">R$ 4.326,60 \/40h<\/td>\r\n<\/tr><tr>\r\n<td class=\"ccargos\">\r\n<span data-balloon-length=\"medium\" aria-label=\"Gradua\u00e7\u00e3o em Engenharia Ambiental ou Geologia ou Agronomia ou Engenharia Agron\u00f4mica e\/ou Especializa\u00e7\u00e3o em Manejo e Conserva\u00e7\u00e3o do Solo e da \u00c1gua ou Especializa\u00e7\u00e3o em Manejo e Conserva\u00e7\u00e3o dos Recursos Naturais ou Especializa\u00e7\u00e3o em Ci\u00eancia do Solo ou Especializa\u00e7\u00e3o em Solos e Nutri\u00e7\u00e3o de Plantas ou Especializa\u00e7\u00e3o em Qu\u00edmica Ambiental e\/ou Mestrado em Engenharia Ambiental ou Mestrado em Ci\u00eancias do Ambiente ou Mestrado em Agroenergia Digital ou Mestrado em Qu\u00edmica ou Mestrado em Manejo e Conserva\u00e7\u00e3o do Solo e da \u00c1gua ou Mestrado em Manejo e Conserva\u00e7\u00e3o dos Recursos Naturais ou Mestrado em Ci\u00eancia do Solo ou Mestrado em Solos e Nutri\u00e7\u00e3o de Plantas ou Mestrado em Qu\u00edmica Ambiental Ou Mestrado em \u00c1reas Afins e\/ou Doutorado em Doutorado em Ci\u00eancias do Ambiente ou Doutorado em Biodiversidade e Biotecnologia ou Doutorado em Manejo e Conserva\u00e7\u00e3o do Solo e da \u00c1gua ou Doutorado em Manejo e Conserva\u00e7\u00e3o dos Recursos Naturais ou Doutorado em Ci\u00eancia do Solo ou Doutorado em Solos e Nutri\u00e7\u00e3o de Plantas Ou Doutorado em \u00c1reas Afins.\" data-balloon-pos=\"up\">Engenharia Ambiental - Engenharia\/Ci\u00eancias Agr\u00e1rias\/Ci\u00eancias Exatas e da Terra\/Solos\/Manejo e Conserva\u00e7\u00e3o dos Recursos Naturais\/Qu\u00edmica Ambiental\/\u00c1reas afins.<\/span><\/td>\r\n<td class=\"cvagas\">01<\/td>\r\n<td class=\"cremuneracao\">R$ 4.326,60 \/40h<\/td>\r\n<\/tr><tr>\r\n<td class=\"ccargos\">\r\n<span data-balloon-length=\"medium\" aria-label=\"Gradua\u00e7\u00e3o em Nutri\u00e7\u00e3o e\/ou Mestrado em Ci\u00eancias da Sa\u00fade ou Mestrado em Ensino em Ci\u00eancias e Sa\u00fade e\/ou Doutorado em Ci\u00eancia da Nutri\u00e7\u00e3o ou Doutorado em Ci\u00eancia dos Alimentos ou Doutorado em Nutri\u00e7\u00e3o e Metabolismo ou Doutorado em Alimentos, Nutri\u00e7\u00e3o e Sa\u00fade ou Doutorado em Alimenta\u00e7\u00e3o, Nutri\u00e7\u00e3o e Sa\u00fade ou Doutorado em Alimentos e Nutri\u00e7\u00e3o ou Doutorado em Nutri\u00e7\u00e3o Humana ou Doutorado em Sa\u00fade e Nutri\u00e7\u00e3o ou Doutorado em Ci\u00eancias Nutricionais ou Doutorado em Nutri\u00e7\u00e3o e Alimentos ou Doutorado em Ci\u00eancias da Sa\u00fade.\" data-balloon-pos=\"up\">Nutri\u00e7\u00e3o - Nutri\u00e7\u00e3o Cl\u00ednica\/Pr\u00e1ticas em Ambulat\u00f3rio de Especialidades em Nutri\u00e7\u00e3o\/Componente Curricular de Extens\u00e3o\/\u00c1reas afins.<\/span><\/td>\r\n<td class=\"cvagas\">CR<\/td>\r\n<td class=\"cremuneracao\">R$ 3.090,43 \/20h<\/td>\r\n<\/tr><tr>\r\n<td class=\"ccargos\">\r\n<span data-balloon-length=\"medium\" aria-label=\"Licenciatura em Pedagogia ou Biologia e\/ou Especializa\u00e7\u00e3o em Educa\u00e7\u00e3o Escolar e \u00e1reas afins e\/ou Mestrado em Educa\u00e7\u00e3o Escolar e \u00e1reas afins e\/ou Doutorado em Educa\u00e7\u00e3o Escolar e \u00e1reas afins.\" data-balloon-pos=\"up\">Pedagogia - Educa\u00e7\u00e3o\/Eixo curricular II N\u00facleo de conhecimento profissional \/ Eixo curricular III N\u00facleo de conhecimento da escola e doc\u00eancia\/\u00c1reas afins.<\/span><\/td>\r\n<td class=\"cvagas\">CR<\/td>\r\n<td class=\"cremuneracao\">R$ 3.090,43 \/20h<\/td>\r\n<\/tr><tr>\r\n<td class=\"ccargos\">\r\n<span data-balloon-length=\"medium\" aria-label=\"Gradua\u00e7\u00e3o em Ci\u00eancias Biol\u00f3gicas e\/ou Especializa\u00e7\u00e3o em Paleontologia ou Geologia ou Geoci\u00eancias ou Biologia Evolutiva ou Biodiversidade, Ecologia e Conserva\u00e7\u00e3o ou Ci\u00eancias do Ambiente ou Ecologia de Ec\u00f3tonos ou Ambiente e desenvolvimento e\/ou Mestrado em Biodiversidade, Ecologia e Conserva\u00e7\u00e3o, ou Ci\u00eancias do Ambiente ou Ecologia de Ec\u00f3tonos ou Paleontologia ou Geologia ou Geoci\u00eancias ou Biologia Evolutiva ou Ambiente e desenvolvimento e\/ou Doutorado em Paleontologia ou Geologia ou Geoci\u00eancias ou Biologia Evolutiva.\" data-balloon-pos=\"up\">Ci\u00eancias Biol\u00f3gicas - Geologia e Paleontologia\/Evolu\u00e7\u00e3o\/Processos Evolutivos\/Geologia e Paleontologia\/Evolu\u00e7\u00e3o\/\u00c1reas afins.<\/span><\/td>\r\n<td class=\"cvagas\">CR<\/td>\r\n<td class=\"cremuneracao\">R$ 3.090,43 \/20h<\/td>\r\n<\/tr><tr>\r\n<td class=\"ccargos\">\r\n<span data-balloon-length=\"medium\" aria-label=\"Licenciatura e Bacharelado em Ci\u00eancias Biol\u00f3gicas ou Licenciatura e Bacharelado em Biologia e\/ou Mestrado em Ci\u00eancias do Ambiente, Biodiversidade e Biotecnologia com \u00eanfase em Biotecnologia ou Mestrado em Microbiologia ou Mestrado em Imunologia ou Mestrado em Bioqu\u00edmica ou Mestrado em Ci\u00eancias Biol\u00f3gicas com \u00eanfase em Bioqu\u00edmica ou Mestrado em Biologia Microbiana e\/ou Doutorado em Ci\u00eancias do Ambiente Biodiversidade e Biotecnologia com \u00eanfase em Biotecnologia ou Doutorado em Microbiologia ou Doutorado em Imunologia ou Doutorado em Bioqu\u00edmica ou Doutorado em Ci\u00eancias Biol\u00f3gicas com \u00eanfase em Microbiologia ou Doutorado em Ci\u00eancias Biol\u00f3gicas com \u00eanfase em Bioqu\u00edmica ou Doutorado em Biologia Microbiana.\" data-balloon-pos=\"up\">Ci\u00eancias Biol\u00f3gicas - Bioqu\u00edmica\/Microbiologia e Imunologia\/Bioqu\u00edmica\/Imunologia\/Microbiologia\/Microbiologia e Imunologia\/\u00c1reas afins.<\/span><\/td>\r\n<td class=\"cvagas\">01<\/td>\r\n<td class=\"cremuneracao\">R$ 3.090,43 \/20h<\/td>\r\n<\/tr><tr>\r\n<td class=\"ccargos\">\r\n<span data-balloon-length=\"medium\" aria-label=\"Gradua\u00e7\u00e3o em Hist\u00f3ria e\/ou Mestrado em Hist\u00f3ria ou Educa\u00e7\u00e3o ou Hist\u00f3ria das Popula\u00e7\u00f5es Amaz\u00f4nicas e\/ou Doutorado em Hist\u00f3ria ou Educa\u00e7\u00e3o.\" data-balloon-pos=\"up\">Hist\u00f3ria - Ensino de Hist\u00f3ria \/ Pol\u00edtica, Gest\u00e3o e Curr\u00edculo\/Semin\u00e1rio de Pesquisa II\/\u00c1reas afins.<\/span><\/td>\r\n<td class=\"cvagas\">01<\/td>\r\n<td class=\"cremuneracao\">R$ 4.326,60 \/40h<\/td>\r\n<\/tr><tr>\r\n<td class=\"ccargos\">\r\n<span data-balloon-length=\"medium\" aria-label=\"Gradua\u00e7\u00e3o em Hist\u00f3ria e\/ou Mestrado em Hist\u00f3ria ou Hist\u00f3ria das Popula\u00e7\u00f5es Amaz\u00f4nicas e\/ou Doutorado em Hist\u00f3ria.\" data-balloon-pos=\"up\">Hist\u00f3ria - Hist\u00f3ria da Am\u00e9rica\/Hist\u00f3ria do Brasil \/ \u00c1reas afins.<\/span><\/td>\r\n<td class=\"cvagas\">01<\/td>\r\n<td class=\"cremuneracao\">R$ 4.326,60 \/40h<\/td>\r\n<\/tr><tr>\r\n<td class=\"ccargos\">\r\n<span data-balloon-length=\"medium\" aria-label=\"Gradua\u00e7\u00e3o em Pedagogia e\/ou Mestrado em Educa\u00e7\u00e3o e \u00e1reas afins e\/ou Doutorado em Educa\u00e7\u00e3o e \u00e1reas afins.\" data-balloon-pos=\"up\">Letras - Educa\u00e7\u00e3o\/Pedag\u00f3gicas\/Did\u00e1tica\/Pol\u00edtica, Legisla\u00e7\u00e3o e Organiza\u00e7\u00e3o da Educa\u00e7\u00e3o B\u00e1sica\/Hist\u00f3ria da Educa\u00e7\u00e3o\/\u00c1reas afins.<\/span><\/td>\r\n<td class=\"cvagas\">CR<\/td>\r\n<td class=\"cremuneracao\">R$ 4.326,60 \/40h<\/td>\r\n<\/tr><tr>\r\n<td class=\"ccargos\">\r\n<span data-balloon-length=\"medium\" aria-label=\"Gradua\u00e7\u00e3o em Letras ou Estudos da Linguagem ou Lingu\u00edstica ou Lingu\u00edstica Aplicada ou Estudos Lingu\u00edsticos e Liter\u00e1rios e\/ou Especializa\u00e7\u00e3o em Letras ou Estudos da Linguagem ou Lingu\u00edstica ou Lingu\u00edstica Aplicada ou Estudos Lingu\u00edsticos e Liter\u00e1rios e\/ou Mestrado em Letras ou Estudos da Linguagem ou Lingu\u00edstica ou Lingu\u00edstica Aplicada ou Estudos Lingu\u00edsticos e Liter\u00e1rios.\" data-balloon-pos=\"up\">Letras - Lingu\u00edstica\/Letras\/Artes\/Escrita Acad\u00eamica em L\u00edngua Inglesa\/Estudos Tem\u00e1ticos em L\u00edngua Inglesa e\/ou em Literaturas de L\u00edngua Inglesa\/Estrat\u00e9gias de Leitura em L\u00edngua Inglesa\/Leitura e Introdu\u00e7\u00e3o \u00e0 Produ\u00e7\u00e3o Textual em L\u00edngua Inglesa\/\u00c1reas afins.<\/span><\/td>\r\n<td class=\"cvagas\">02<\/td>\r\n<td class=\"cremuneracao\">R$ 4.326,60 \/40h<\/td>\r\n<\/tr><tr>\r\n<td class=\"ccargos\">\r\n<span data-balloon-length=\"medium\" aria-label=\"Licenciatura Plena em Matem\u00e1tica ou Licenciatura em F\u00edsica e\/ou Especializa\u00e7\u00e3o em Matem\u00e1tica ou F\u00edsica e\/ou Mestrado em Matem\u00e1tica ou F\u00edsica.\" data-balloon-pos=\"up\">Engenharia El\u00e9trica - Matem\u00e1tica \/Engenharia El\u00e9trica\/C\u00e1lculo Diferencial e integral\/\u00c1reas afins.<\/span><\/td>\r\n<td class=\"cvagas\">01<\/td>\r\n<td class=\"cremuneracao\">R$ 4.326,60 \/40h<\/td>\r\n<\/tr>\r\n    <\/tbody>\r\n  <\/table>\r\n<\/div>"},"_links":{"self":[{"href":"https:\/\/www.agrobase.com.br\/concursos\/wp-json\/wp\/v2\/posts\/273202","targetHints":{"allow":["GET"]}}],"collection":[{"href":"https:\/\/www.agrobase.com.br\/concursos\/wp-json\/wp\/v2\/posts"}],"about":[{"href":"https:\/\/www.agrobase.com.br\/concursos\/wp-json\/wp\/v2\/types\/post"}],"author":[{"embeddable":true,"href":"https:\/\/www.agrobase.com.br\/concursos\/wp-json\/wp\/v2\/users\/7"}],"replies":[{"embeddable":true,"href":"https:\/\/www.agrobase.com.br\/concursos\/wp-json\/wp\/v2\/comments?post=273202"}],"version-history":[{"count":1,"href":"https:\/\/www.agrobase.com.br\/concursos\/wp-json\/wp\/v2\/posts\/273202\/revisions"}],"predecessor-version":[{"id":273204,"href":"https:\/\/www.agrobase.com.br\/concursos\/wp-json\/wp\/v2\/posts\/273202\/revisions\/273204"}],"wp:featuredmedia":[{"embeddable":true,"href":"https:\/\/www.agrobase.com.br\/concursos\/wp-json\/wp\/v2\/media\/273201"}],"wp:attachment":[{"href":"https:\/\/www.agrobase.com.br\/concursos\/wp-json\/wp\/v2\/media?parent=273202"}],"wp:term":[{"taxonomy":"category","embeddable":true,"href":"https:\/\/www.agrobase.com.br\/concursos\/wp-json\/wp\/v2\/categories?post=273202"},{"taxonomy":"post_tag","embeddable":true,"href":"https:\/\/www.agrobase.com.br\/concursos\/wp-json\/wp\/v2\/tags?post=273202"},{"taxonomy":"_amplo","embeddable":true,"href":"https:\/\/www.agrobase.com.br\/concursos\/wp-json\/wp\/v2\/_amplo?post=273202"},{"taxonomy":"destaque","embeddable":true,"href":"https:\/\/www.agrobase.com.br\/concursos\/wp-json\/wp\/v2\/destaque?post=273202"},{"taxonomy":"instituicoes","embeddable":true,"href":"https:\/\/www.agrobase.com.br\/concursos\/wp-json\/wp\/v2\/instituicoes?post=273202"}],"curies":[{"name":"wp","href":"https:\/\/api.w.org\/{rel}","templated":true}]}}