{"id":273174,"date":"2025-10-29T08:33:09","date_gmt":"2025-10-29T11:33:09","guid":{"rendered":"https:\/\/www.agrobase.com.br\/concursos\/?p=273174"},"modified":"2025-10-28T15:34:55","modified_gmt":"2025-10-28T18:34:55","slug":"prefeitura-treze-tilias-sc-selecao-publica-01-2025","status":"publish","type":"post","link":"https:\/\/www.agrobase.com.br\/concursos\/2025\/prefeitura-treze-tilias-sc-selecao-publica-01-2025\/","title":{"rendered":"Prefeitura Treze T\u00edlias (SC) &#8211; Sele\u00e7\u00e3o P\u00fablica 01\/2025"},"content":{"rendered":"<h2>Informa\u00e7\u00f5es Gerais<\/h2>\n<p>O Processo Seletivo da Prefeitura de Treze T\u00edlias, regido pelo edital publicado sob a coordena\u00e7\u00e3o do Instituto Brasileiro de Administra\u00e7\u00e3o Municipal (IBAM), est\u00e1 com inscri\u00e7\u00f5es abertas para forma\u00e7\u00e3o de cadastro reserva em diversos cargos tempor\u00e1rios do quadro municipal. O certame contempla oportunidades nos n\u00edveis fundamental, m\u00e9dio\/t\u00e9cnico e superior, com sal\u00e1rios que variam de <strong>R$ 1.880,89<\/strong> a <strong>R$ 31.025,34<\/strong>, conforme a fun\u00e7\u00e3o e a carga hor\u00e1ria.<\/p>\n<p>As vagas abrangem \u00e1reas como educa\u00e7\u00e3o, sa\u00fade, assist\u00eancia social e administra\u00e7\u00e3o p\u00fablica. Destacam-se oportunidades para profissionais com forma\u00e7\u00e3o em <strong>Nutri\u00e7\u00e3o<\/strong>, uma das \u00e1reas de interesse do site, al\u00e9m de cargos como enfermeiro, farmac\u00eautico, assistente social, psic\u00f3logo, professores de diversas disciplinas e t\u00e9cnico em enfermagem.<\/p>\n<p>Os contratos ser\u00e3o firmados sob regime tempor\u00e1rio, conforme legisla\u00e7\u00e3o municipal vigente. Continue a leitura para saber como se inscrever, conhecer as etapas do processo e acompanhar os resultados.<\/p>\n<h2>Inscri\u00e7\u00f5es<\/h2>\n<p>As inscri\u00e7\u00f5es para o Processo Seletivo da Prefeitura de Treze T\u00edlias est\u00e3o <strong>abertas<\/strong> e devem ser realizadas exclusivamente <strong>online<\/strong>, por meio do site <a href=\"https:\/\/www.ibam-concursos.org.br\" target=\"_blank\" rel=\"noopener\">www.ibam-concursos.org.br<\/a>, entre <strong>13 de outubro de 2025 (a partir das 6h)<\/strong> e <strong>11 de novembro de 2025 (at\u00e9 as 18h)<\/strong>.<\/p>\n<p>O valor da taxa de inscri\u00e7\u00e3o varia conforme o n\u00edvel do cargo pretendido, e o pagamento deve ser feito <strong>em esp\u00e9cie ou via internet banking<\/strong>, por meio de boleto banc\u00e1rio gerado no ato da inscri\u00e7\u00e3o. N\u00e3o ser\u00e3o aceitos pagamentos via cheque, PIX ou agendamento eletr\u00f4nico. O pagamento deve ser realizado <strong>impreterivelmente at\u00e9 o \u00faltimo dia de inscri\u00e7\u00e3o<\/strong>.<\/p>\n<p>O candidato poder\u00e1 acompanhar a confirma\u00e7\u00e3o do pagamento e o status da inscri\u00e7\u00e3o acessando a <strong>\u00c1rea do Candidato<\/strong> no site da banca. \u00c9 poss\u00edvel solicitar isen\u00e7\u00e3o da taxa conforme crit\u00e9rios estabelecidos no edital.<\/p>\n<p>Recomenda-se a leitura atenta do edital completo dispon\u00edvel no site da organizadora para garantir o correto preenchimento da inscri\u00e7\u00e3o e o cumprimento de todos os requisitos.<\/p>\n<h2>Etapas e Provas<\/h2>\n<p>O Processo Seletivo da Prefeitura de Treze T\u00edlias ser\u00e1 composto por duas etapas principais:<\/p>\n<ul>\n<li><strong>Prova Objetiva<\/strong> \u2013 de car\u00e1ter <em>eliminat\u00f3rio e classificat\u00f3rio<\/em>, com quest\u00f5es de m\u00faltipla escolha. A prova ser\u00e1 aplicada no dia <strong>07 de dezembro de 2025<\/strong>, \u00e0s 14h, com dura\u00e7\u00e3o de <strong>2 horas<\/strong>, no munic\u00edpio de Treze T\u00edlias. Caso necess\u00e1rio, candidatos poder\u00e3o ser alocados em munic\u00edpios vizinhos. As disciplinas cobradas incluem <strong>Portugu\u00eas, Conhecimentos Gerais e Conhecimentos T\u00e9cnico-profissionais<\/strong>, conforme o cargo.<\/li>\n<li><strong>Prova de T\u00edtulos<\/strong> \u2013 de car\u00e1ter <em>classificat\u00f3rio<\/em>, exclusiva para os cargos de Coordenador Pedag\u00f3gico, Professores, Profissional de Educa\u00e7\u00e3o F\u00edsica e T\u00e9cnicos Municipais de N\u00edvel Superior. Ser\u00e3o aceitos t\u00edtulos de <strong>Especializa\u00e7\u00e3o (5 pontos)<\/strong>, <strong>Mestrado (8 pontos)<\/strong> e <strong>Doutorado (10 pontos)<\/strong>, desde que relacionados \u00e0 \u00e1rea de atua\u00e7\u00e3o. Apenas um t\u00edtulo por categoria ser\u00e1 considerado.<\/li>\n<\/ul>\n<p>As provas objetivas ser\u00e3o corrigidas por leitura \u00f3ptica, e o candidato dever\u00e1 preencher corretamente a folha de respostas. A n\u00e3o assinatura da folha ou o preenchimento incorreto poder\u00e1 acarretar desclassifica\u00e7\u00e3o.<\/p>\n<p>Os candidatos devem acessar o cart\u00e3o de confirma\u00e7\u00e3o de inscri\u00e7\u00e3o a partir de <strong>27 de novembro de 2025<\/strong> na \u00c1rea do Candidato. \u00c9 obrigat\u00f3ria a apresenta\u00e7\u00e3o de documento oficial com foto no dia da prova.<\/p>\n<p>Para detalhes sobre o conte\u00fado program\u00e1tico, crit\u00e9rios de pontua\u00e7\u00e3o e cronograma completo, recomenda-se a leitura integral do edital.<\/p>\n<h2>Resultados e Gabarito<\/h2>\n<p>O cronograma de divulga\u00e7\u00e3o dos resultados do Processo Seletivo da Prefeitura de Treze T\u00edlias prev\u00ea as seguintes datas:<\/p>\n<ul>\n<li><strong>Gabarito Preliminar:<\/strong> 08 de dezembro de 2025<\/li>\n<li><strong>Per\u00edodo para recursos contra o gabarito:<\/strong> 09 e 10 de dezembro de 2025<\/li>\n<li><strong>Gabarito Definitivo e Classifica\u00e7\u00e3o Preliminar:<\/strong> 07 de janeiro de 2026<\/li>\n<li><strong>Per\u00edodo para recursos contra a pontua\u00e7\u00e3o:<\/strong> 08 e 09 de janeiro de 2026<\/li>\n<li><strong>Classifica\u00e7\u00e3o Final:<\/strong> 15 de janeiro de 2026<\/li>\n<\/ul>\n<p>Em caso de empate na pontua\u00e7\u00e3o, os crit\u00e9rios de desempate variam conforme o n\u00edvel do cargo, priorizando maior pontua\u00e7\u00e3o em Conhecimentos T\u00e9cnico-profissionais, Conhecimentos Gerais, Portugu\u00eas e, por fim, maior idade. Para candidatos com 60 anos ou mais, o crit\u00e9rio et\u00e1rio \u00e9 aplicado prioritariamente, conforme o Estatuto do Idoso.<\/p>\n<p>Os resultados ser\u00e3o publicados no site <a href=\"https:\/\/www.ibam-concursos.org.br\" target=\"_blank\" rel=\"noopener\">www.ibam-concursos.org.br<\/a>, na se\u00e7\u00e3o Documenta\u00e7\u00e3o do Concurso. A homologa\u00e7\u00e3o final ser\u00e1 divulgada ap\u00f3s o julgamento de todos os recursos.<\/p>\n<p>Os aprovados formar\u00e3o cadastro de reserva e poder\u00e3o ser convocados durante o prazo de validade do processo seletivo. A convoca\u00e7\u00e3o ser\u00e1 feita por meio do site oficial da Prefeitura de Treze T\u00edlias (<a href=\"https:\/\/trezetilias.atende.net\" target=\"_blank\" rel=\"noopener\">trezetilias.atende.net<\/a>) e \u00e9 responsabilidade do candidato manter seus dados atualizados e acompanhar todas as publica\u00e7\u00f5es oficiais.<\/p>\n","protected":false},"excerpt":{"rendered":"<p>Processo Seletivo Pref. Treze T\u00edlias (SC) com edital publicado! Vagas p\/ M\u00e9dico e Professores (Fund. a Sup.). Inscri\u00e7\u00f5es a partir de 13\/10. Confira detalhes!<\/p>\n","protected":false},"author":7,"featured_media":273173,"comment_status":"open","ping_status":"open","sticky":false,"template":"","format":"standard","meta":{"_acf_changed":false,"_breakdance_hide_in_design_set":false,"_breakdance_tags":"","footnotes":""},"categories":[6434,12,17,100,20,6871,21,23,25,26,101,108],"tags":[61],"_amplo":[],"destaque":[],"instituicoes":[],"class_list":["post-273174","post","type-post","status-publish","format-standard","has-post-thumbnail","hentry","category-educacao-fisica-licenciatura","category-enfermagem","category-farmacia","category-historia","category-letras","category-letras-ingles","category-medicina","category-nutricao","category-pedagogia","category-psicologia","category-servico-social","category-tecnico-enfermagem","tag-santa-catarina"],"acf":{"_tipo_vagas":"vagas","_numero_vagas":"","_quadro_vagas":"","_cargos":"diversos","_cargos_especificos":"","_salario_max":"R$ 31025.34","_abertura":"20251013","_encerramento":"20251111","_inscricoes":"https:\/\/www.ibam-concursos.org.br","_executora_concurso":"","_instituicao_concurso":[],"_link_adicional":null,"_anexos":null,"_produtos":null,"_vagas":"CR","_salario_min":"R$ 1880.89","_instituicao":"Prefeitura de Treze T\u00edlias","_edital":"https:\/\/www.agrobase.com.br\/concursos\/wp-content\/uploads\/sites\/4\/2025\/10\/edital-01-2025-prefeitura-de-treze-tilias-sc.pdf","_anexos_edital":"https:\/\/www.agrobase.com.br\/concursos\/wp-content\/uploads\/sites\/4\/2025\/10\/anexos-edital-01-2025-prefeitura-de-treze-tilias-sc.pdf","_fund_incompleto":"","_fund_completo":"<div>\r\n<table class=\"quadro\">\r\n<thead>\r\n<tr>\r\n<th class=\"hcargo\">Cargo<\/th>\r\n<th class=\"hvagas\">Vagas<\/th>\r\n<th class=\"hremuneracao\">Remunera\u00e7\u00e3o<\/th>\r\n<\/tr>\r\n<\/thead>\r\n    <tbody>\r\n      <td class=\"ccargos\">\r\n<span data-balloon-length=\"medium\" data-balloon-pos=\"up\">MOTORISTA DE VE\u00cdCULOS LEVES<\/span><\/td>\r\n<td class=\"cvagas\">CR<\/td>\r\n<td class=\"cremuneracao\">R$ 4.284,41 \/40h<\/td>\r\n<\/tr>\r\n    <\/tbody>\r\n  <\/table>\r\n<\/div>","_medio":"<div>\r\n<table class=\"quadro\">\r\n<thead>\r\n<tr>\r\n<th class=\"hcargo\">Cargo<\/th>\r\n<th class=\"hvagas\">Vagas<\/th>\r\n<th class=\"hremuneracao\">Remunera\u00e7\u00e3o<\/th>\r\n<\/tr>\r\n<\/thead>\r\n    <tbody>\r\n      <td class=\"ccargos\">\r\n<span data-balloon-length=\"medium\" aria-label=\"Certificado de conclus\u00e3o do Ensino M\u00e9dio\" data-balloon-pos=\"up\">AGENTE ADMINISTRATIVO<\/span><\/td>\r\n<td class=\"cvagas\">CR<\/td>\r\n<td class=\"cremuneracao\">R$ 2.507,85 \/40h<\/td>\r\n<\/tr><td class=\"ccargos\">\r\n<span data-balloon-length=\"medium\" aria-label=\"Certificado de conclus\u00e3o do Ensino M\u00e9dio e comprovante atualizado de endere\u00e7o em uma das ruas a seguir relacionadas, desde a data da publica\u00e7\u00e3o deste edital: Rua Ana Rockenback, Rua Andre Pernlochner, Rua Angelo Zuffo, Rua Antonio Schaupenlehner, Rua Carlos Steinwandter, Rua Dona Rosina, Rua Fritz Kafmann, Rua Jacob Eberl, Rua Jose Brandalise, Rua Jose Kasteller, Rua Ludwig Brugger, Rua Maria Otilia Zieher, Rua Notburg Elisabeth Felder, Rua Rudolf Margreiter, Rua Thomas Praxmarer\" data-balloon-pos=\"up\">AGENTE COMUNIT\u00c1RIO DE SA\u00daDE ESF Tirol - \u00c1rea 01<\/span><\/td>\r\n<td class=\"cvagas\">CR<\/td>\r\n<td class=\"cremuneracao\">R$ 3.036,00 \/40h<\/td>\r\n<\/tr><td class=\"ccargos\">\r\n<span data-balloon-length=\"medium\" aria-label=\"Certificado de conclus\u00e3o do Ensino M\u00e9dio e comprovante atualizado de endere\u00e7o em uma das ruas a seguir relacionadas, desde a data da publica\u00e7\u00e3o deste edital: Rua 13 de Outubro, Rua 29 de Abril, Rua Amantino Fortunato Comunello (Antiga Rua Circular), Rua Franz Pointl, Rua Fredolino Rambo, Rua Ijair Pessin, Rua Jo\u00e3o Constante Piaia, Rua Johann Rohrer, Rua Jorge Anrain, Rua Jose Kandler, Rua Karl Altenburger, Rua Prefeito Ivo Nerci Hartmann (Antiga Rua Ivo D' Aquino), Travessa Jo\u00e3o Bohn\" data-balloon-pos=\"up\">AGENTE COMUNIT\u00c1RIO DE SA\u00daDE ESF Edelweiss - \u00c1rea 03<\/span><\/td>\r\n<td class=\"cvagas\">CR<\/td>\r\n<td class=\"cremuneracao\">R$ 3.036,00 \/40h<\/td>\r\n<\/tr><td class=\"ccargos\">\r\n<span data-balloon-length=\"medium\" aria-label=\"Certificado de conclus\u00e3o do Ensino M\u00e9dio e comprovante atualizado de endere\u00e7o em uma das ruas a seguir relacionadas, desde a data da publica\u00e7\u00e3o deste edital: Linha S\u00e3o Bento, Linha Grubber, Linha S\u00e3o Roque, Linha Tr\u00eas Irm\u00e3os, Rodovia Dos Pioneiros, Rua Araucaria (Lot. Recanto das T\u00edlias - Pr\u00f3x. Ordemilk), Rua Das Palmeiras (Lot. Recanto das T\u00edlias - Pr\u00f3x. Ordemilk), Rua Ip\u00ea Amarelo (Lot. Recanto das T\u00edlias - Pr\u00f3x. Ordemilk), Rua Cerejeira Rosa (Lot. Recanto das Tilias - Pr\u00f3x. Ordemilk), Loteamento Bem Morar, Rua Hermann Josef Thaler\" data-balloon-pos=\"up\">AGENTE COMUNIT\u00c1RIO DE SA\u00daDE ESF Dos Alpes - \u00c1rea 04<\/span><\/td>\r\n<td class=\"cvagas\">CR<\/td>\r\n<td class=\"cremuneracao\">R$ 3.036,00 \/40h<\/td>\r\n<\/tr><td class=\"ccargos\">\r\n<span data-balloon-length=\"medium\" aria-label=\"Magist\u00e9rio de N\u00edvel M\u00e9dio e\/ou cursando a partir da 3\u00aa Fase de Pedagogia\" data-balloon-pos=\"up\">AGENTE DE APOIO \u00c0 EDUCA\u00c7\u00c3O<\/span><\/td>\r\n<td class=\"cvagas\">CR<\/td>\r\n<td class=\"cremuneracao\">R$ 2.507,85 \/40h<\/td>\r\n<\/tr><td class=\"ccargos\">\r\n<span data-balloon-length=\"medium\" aria-label=\"Ensino m\u00e9dio completo com certificado de conclus\u00e3o de Curso de Auxiliar de Creche com carga hor\u00e1ria m\u00ednima de 200 (duzentas) horas\/aula, reconhecido e registrado pelo MEC\" data-balloon-pos=\"up\">AUXILIAR DE CRECHE<\/span><\/td>\r\n<td class=\"cvagas\">CR<\/td>\r\n<td class=\"cremuneracao\">R$ 1.880,89 \/30h<\/td>\r\n<\/tr><td class=\"ccargos\">\r\n<span data-balloon-length=\"medium\" aria-label=\"Certificado de conclus\u00e3o do Ensino M\u00e9dio de T\u00e9cnico em Enfermagem\" data-balloon-pos=\"up\">TMNM \u2013 T\u00c9CNICO EM ENFERMAGEM<\/span><\/td>\r\n<td class=\"cvagas\">CR<\/td>\r\n<td class=\"cremuneracao\">R$ 3.696,01 \/40h<\/td>\r\n<\/tr>\r\n    <\/tbody>\r\n  <\/table>\r\n<\/div>","_superior":"<div>\r\n<table class=\"quadro\">\r\n<thead>\r\n<tr>\r\n<th class=\"hcargo\">Cargo<\/th>\r\n<th class=\"hvagas\">Vagas<\/th>\r\n<th class=\"hremuneracao\">Remunera\u00e7\u00e3o<\/th>\r\n<\/tr>\r\n<\/thead>\r\n    <tbody>\r\n      <tr>\r\n<td class=\"ccargos\">\r\n<span data-balloon-length=\"medium\" aria-label=\"Diploma de gradua\u00e7\u00e3o, de licenciatura plena, com habilita\u00e7\u00e3o para atua\u00e7\u00e3o na Educa\u00e7\u00e3o Infantil e no Ensino Fundamental\" data-balloon-pos=\"up\">COORDENADOR PEDAG\u00d3GICO<\/span><\/td>\r\n<td class=\"cvagas\">CR<\/td>\r\n<td class=\"cremuneracao\">R$ 6.566,85 \/40h<\/td>\r\n<\/tr><tr>\r\n<td class=\"ccargos\">\r\n<span data-balloon-length=\"medium\" aria-label=\"Diploma de gradua\u00e7\u00e3o, de licenciatura plena, em Educa\u00e7\u00e3o F\u00edsica e comprovante de cadastro ativo no CREF\" data-balloon-pos=\"up\">PROFESSOR DE EDUCA\u00c7\u00c3O F\u00cdSICA<\/span><\/td>\r\n<td class=\"cvagas\">CR<\/td>\r\n<td class=\"cremuneracao\">R$ 5.710,33 \/40h<\/td>\r\n<\/tr><tr>\r\n<td class=\"ccargos\">\r\n<span data-balloon-length=\"medium\" aria-label=\"Diploma de gradua\u00e7\u00e3o, de licenciatura plena, com habilita\u00e7\u00e3o para atua\u00e7\u00e3o na Educa\u00e7\u00e3o Infantil\" data-balloon-pos=\"up\">PROFESSOR DE EDUCA\u00c7\u00c3O INFANTIL<\/span><\/td>\r\n<td class=\"cvagas\">CR<\/td>\r\n<td class=\"cremuneracao\">R$ 2.855,16 \/20h<\/td>\r\n<\/tr><tr>\r\n<td class=\"ccargos\">\r\n<span data-balloon-length=\"medium\" aria-label=\"Diploma de gradua\u00e7\u00e3o, de licenciatura plena, com habilita\u00e7\u00e3o para atua\u00e7\u00e3o na Educa\u00e7\u00e3o Infantil\" data-balloon-pos=\"up\">PROFESSOR DE EDUCA\u00c7\u00c3O INFANTIL<\/span><\/td>\r\n<td class=\"cvagas\">CR<\/td>\r\n<td class=\"cremuneracao\">R$ 5.710,33 \/40h<\/td>\r\n<\/tr><tr>\r\n<td class=\"ccargos\">\r\n<span data-balloon-length=\"medium\" aria-label=\"Diploma de gradua\u00e7\u00e3o, de licenciatura plena, em Hist\u00f3ria\" data-balloon-pos=\"up\">PROFESSOR DE HIST\u00d3RIA<\/span><\/td>\r\n<td class=\"cvagas\">CR<\/td>\r\n<td class=\"cremuneracao\">R$ 2.855,16 \/20h<\/td>\r\n<\/tr><tr>\r\n<td class=\"ccargos\">\r\n<span data-balloon-length=\"medium\" aria-label=\"Diploma de gradua\u00e7\u00e3o, de licenciatura plena, em Letras com habilita\u00e7\u00e3o em L\u00edngua Alem\u00e3 ou Forma\u00e7\u00e3o em Curso de Pedagogia com apresenta\u00e7\u00e3o de Certificado de Conclus\u00e3o de Curso de L\u00edngua Alem\u00e3 B2\" data-balloon-pos=\"up\">PROFESSOR DE L\u00cdNGUA ALEM\u00c3<\/span><\/td>\r\n<td class=\"cvagas\">CR<\/td>\r\n<td class=\"cremuneracao\">R$ 5.710,33 \/40h<\/td>\r\n<\/tr><tr>\r\n<td class=\"ccargos\">\r\n<span data-balloon-length=\"medium\" aria-label=\"Diploma de gradua\u00e7\u00e3o, de licenciatura plena, em Letras com habilita\u00e7\u00e3o em Ingl\u00eas\" data-balloon-pos=\"up\">PROFESSOR DE L\u00cdNGUA INGLESA<\/span><\/td>\r\n<td class=\"cvagas\">CR<\/td>\r\n<td class=\"cremuneracao\">R$ 5.710,33 \/40h<\/td>\r\n<\/tr><tr>\r\n<td class=\"ccargos\">\r\n<span data-balloon-length=\"medium\" aria-label=\"Diploma de gradua\u00e7\u00e3o, de licenciatura plena, em Letras\" data-balloon-pos=\"up\">PROFESSOR DE L\u00cdNGUA PORTUGUESA<\/span><\/td>\r\n<td class=\"cvagas\">CR<\/td>\r\n<td class=\"cremuneracao\">R$ 5.710,33 \/40h<\/td>\r\n<\/tr><tr>\r\n<td class=\"ccargos\">\r\n<span data-balloon-length=\"medium\" aria-label=\"Diploma de gradua\u00e7\u00e3o, de licenciatura plena, com habilita\u00e7\u00e3o para atua\u00e7\u00e3o no Ensino Fundamental\" data-balloon-pos=\"up\">PROFESSOR DE S\u00c9RIES INICIAIS<\/span><\/td>\r\n<td class=\"cvagas\">CR<\/td>\r\n<td class=\"cremuneracao\">R$ 2.855,16 \/20h<\/td>\r\n<\/tr><tr>\r\n<td class=\"ccargos\">\r\n<span data-balloon-length=\"medium\" aria-label=\"Diploma de gradua\u00e7\u00e3o, de licenciatura plena, com habilita\u00e7\u00e3o para atua\u00e7\u00e3o no Ensino Fundamental\" data-balloon-pos=\"up\">PROFESSOR DE S\u00c9RIES INICIAIS<\/span><\/td>\r\n<td class=\"cvagas\">CR<\/td>\r\n<td class=\"cremuneracao\">R$ 5.710,33 \/40h<\/td>\r\n<\/tr><tr>\r\n<td class=\"ccargos\">\r\n<span data-balloon-length=\"medium\" aria-label=\"Diploma de bacharel em Educa\u00e7\u00e3o F\u00edsica e comprovante de cadastro ativo no CREF\" data-balloon-pos=\"up\">PROFISSIONAL DE EDUCA\u00c7\u00c3O F\u00cdSICA<\/span><\/td>\r\n<td class=\"cvagas\">CR<\/td>\r\n<td class=\"cremuneracao\">R$ 5.710,33 \/40h<\/td>\r\n<\/tr><tr>\r\n<td class=\"ccargos\">\r\n<span data-balloon-length=\"medium\" aria-label=\"Diploma de gradua\u00e7\u00e3o em Servi\u00e7o Social e comprovante de registro ativo no CRESS\" data-balloon-pos=\"up\">TMNS - ASSISTENTE SOCIAL<\/span><\/td>\r\n<td class=\"cvagas\">CR<\/td>\r\n<td class=\"cremuneracao\">R$ 3.081,73 \/20h<\/td>\r\n<\/tr><tr>\r\n<td class=\"ccargos\">\r\n<span data-balloon-length=\"medium\" aria-label=\"Diploma de gradua\u00e7\u00e3o em Enfermagem e comprovante de registro ativo no COREN\" data-balloon-pos=\"up\">TMNS - ENFERMEIRO<\/span><\/td>\r\n<td class=\"cvagas\">CR<\/td>\r\n<td class=\"cremuneracao\">R$ 6.163,50 \/40h<\/td>\r\n<\/tr><tr>\r\n<td class=\"ccargos\">\r\n<span data-balloon-length=\"medium\" aria-label=\"Diploma de gradua\u00e7\u00e3o em Farm\u00e1cia e comprovante de registro ativo no CRF\" data-balloon-pos=\"up\">TMNS - FARMAC\u00caUTICO<\/span><\/td>\r\n<td class=\"cvagas\">CR<\/td>\r\n<td class=\"cremuneracao\">R$ 6.163,50 \/40h<\/td>\r\n<\/tr><tr>\r\n<td class=\"ccargos\">\r\n<span data-balloon-length=\"medium\" aria-label=\"Diploma de gradua\u00e7\u00e3o em Medicina e comprovante de registro ativo no CRM\" data-balloon-pos=\"up\">TMNS - M\u00c9DICO<\/span><\/td>\r\n<td class=\"cvagas\">CR<\/td>\r\n<td class=\"cremuneracao\">R$ 31.025,34 \/40h<\/td>\r\n<\/tr><tr>\r\n<td class=\"ccargos\">\r\n<span data-balloon-length=\"medium\" aria-label=\"Diploma de gradua\u00e7\u00e3o em Nutri\u00e7\u00e3o e comprovante de registro ativo no CRN\" data-balloon-pos=\"up\">TMNS - NUTRICIONISTA<\/span><\/td>\r\n<td class=\"cvagas\">CR<\/td>\r\n<td class=\"cremuneracao\">R$ 3.081,73 \/20h<\/td>\r\n<\/tr><tr>\r\n<td class=\"ccargos\">\r\n<span data-balloon-length=\"medium\" aria-label=\"Diploma de gradua\u00e7\u00e3o em Psic\u00f3logo e comprovante de registro ativo no CRP\" data-balloon-pos=\"up\">TMNS - PSIC\u00d3LOGO<\/span><\/td>\r\n<td class=\"cvagas\">CR<\/td>\r\n<td class=\"cremuneracao\">R$ 6.163,50 \/40h<\/td>\r\n<\/tr>\r\n    <\/tbody>\r\n  <\/table>\r\n<\/div>"},"_links":{"self":[{"href":"https:\/\/www.agrobase.com.br\/concursos\/wp-json\/wp\/v2\/posts\/273174","targetHints":{"allow":["GET"]}}],"collection":[{"href":"https:\/\/www.agrobase.com.br\/concursos\/wp-json\/wp\/v2\/posts"}],"about":[{"href":"https:\/\/www.agrobase.com.br\/concursos\/wp-json\/wp\/v2\/types\/post"}],"author":[{"embeddable":true,"href":"https:\/\/www.agrobase.com.br\/concursos\/wp-json\/wp\/v2\/users\/7"}],"replies":[{"embeddable":true,"href":"https:\/\/www.agrobase.com.br\/concursos\/wp-json\/wp\/v2\/comments?post=273174"}],"version-history":[{"count":1,"href":"https:\/\/www.agrobase.com.br\/concursos\/wp-json\/wp\/v2\/posts\/273174\/revisions"}],"predecessor-version":[{"id":273176,"href":"https:\/\/www.agrobase.com.br\/concursos\/wp-json\/wp\/v2\/posts\/273174\/revisions\/273176"}],"wp:featuredmedia":[{"embeddable":true,"href":"https:\/\/www.agrobase.com.br\/concursos\/wp-json\/wp\/v2\/media\/273173"}],"wp:attachment":[{"href":"https:\/\/www.agrobase.com.br\/concursos\/wp-json\/wp\/v2\/media?parent=273174"}],"wp:term":[{"taxonomy":"category","embeddable":true,"href":"https:\/\/www.agrobase.com.br\/concursos\/wp-json\/wp\/v2\/categories?post=273174"},{"taxonomy":"post_tag","embeddable":true,"href":"https:\/\/www.agrobase.com.br\/concursos\/wp-json\/wp\/v2\/tags?post=273174"},{"taxonomy":"_amplo","embeddable":true,"href":"https:\/\/www.agrobase.com.br\/concursos\/wp-json\/wp\/v2\/_amplo?post=273174"},{"taxonomy":"destaque","embeddable":true,"href":"https:\/\/www.agrobase.com.br\/concursos\/wp-json\/wp\/v2\/destaque?post=273174"},{"taxonomy":"instituicoes","embeddable":true,"href":"https:\/\/www.agrobase.com.br\/concursos\/wp-json\/wp\/v2\/instituicoes?post=273174"}],"curies":[{"name":"wp","href":"https:\/\/api.w.org\/{rel}","templated":true}]}}