{"id":273168,"date":"2025-10-29T08:20:16","date_gmt":"2025-10-29T11:20:16","guid":{"rendered":"https:\/\/www.agrobase.com.br\/concursos\/?p=273168"},"modified":"2025-10-28T15:20:29","modified_gmt":"2025-10-28T18:20:29","slug":"prefeitura-piratuba-sc-selecao-publica-01-2025","status":"publish","type":"post","link":"https:\/\/www.agrobase.com.br\/concursos\/2025\/prefeitura-piratuba-sc-selecao-publica-01-2025\/","title":{"rendered":"Prefeitura Piratuba (SC) &#8211; Sele\u00e7\u00e3o P\u00fablica 01\/2025"},"content":{"rendered":"<h2>Informa\u00e7\u00f5es Gerais<\/h2>\n<p>O Munic\u00edpio de Piratuba, em Santa Catarina, publicou o <strong>Edital n\u00ba 01\/2025<\/strong> para realiza\u00e7\u00e3o de Processo Seletivo destinado \u00e0 contrata\u00e7\u00e3o tempor\u00e1ria e forma\u00e7\u00e3o de cadastro reserva para diversos cargos do quadro municipal. O certame, sob responsabilidade da AMAUC \u2013 Associa\u00e7\u00e3o de Munic\u00edpios do Alto Uruguai Catarinense, est\u00e1 com <strong>inscri\u00e7\u00f5es abertas<\/strong> e ser\u00e1 regido pelo regime jur\u00eddico estatut\u00e1rio, com filia\u00e7\u00e3o ao Regime Geral de Previd\u00eancia Social (RGPS).<\/p>\n<p>O processo contempla oportunidades para candidatos de n\u00edveis <strong>fundamental incompleto, m\u00e9dio\/t\u00e9cnico e superior<\/strong>, com destaque para \u00e1reas como <strong>Nutri\u00e7\u00e3o<\/strong>, al\u00e9m de cargos nas \u00e1reas de sa\u00fade, educa\u00e7\u00e3o, servi\u00e7os gerais e operacionais. As remunera\u00e7\u00f5es variam entre <strong>R$ 949,15 e R$ 14.464,72<\/strong>, conforme o cargo e a carga hor\u00e1ria.<\/p>\n<p>Se voc\u00ea busca uma oportunidade no servi\u00e7o p\u00fablico municipal, continue a leitura para conhecer os prazos, etapas e crit\u00e9rios do processo seletivo.<\/p>\n<h2>Inscri\u00e7\u00f5es<\/h2>\n<p>As inscri\u00e7\u00f5es para o Processo Seletivo da Prefeitura de Piratuba\/SC est\u00e3o <strong>abertas<\/strong> e devem ser realizadas <strong>exclusivamente pela internet<\/strong>, no per\u00edodo de <strong>13 de outubro de 2025, a partir das 14h, at\u00e9 11 de novembro de 2025, \u00e0s 23h59<\/strong>, por meio do site <a href=\"https:\/\/amauc.selecao.net.br\/\" target=\"_blank\" rel=\"noopener\">https:\/\/amauc.selecao.net.br\/<\/a>.<\/p>\n<p>O valor da taxa de inscri\u00e7\u00e3o ser\u00e1 calculado com base na carga hor\u00e1ria de 20h para os cargos de professor habilitado (n\u00edvel superior). Candidatos que optarem por se inscrever em duas \u00e1reas dever\u00e3o realizar duas inscri\u00e7\u00f5es e efetuar dois pagamentos distintos.<\/p>\n<p>O pagamento do boleto deve ser feito at\u00e9 <strong>12 de novembro de 2025<\/strong>, respeitando os hor\u00e1rios banc\u00e1rios. A inscri\u00e7\u00e3o s\u00f3 ser\u00e1 validada ap\u00f3s a compensa\u00e7\u00e3o banc\u00e1ria do pagamento.<\/p>\n<p>Est\u00e3o isentos do pagamento da taxa os candidatos inscritos no Cadastro \u00danico para Programas Sociais do Governo Federal (Cad\u00danico) e com renda familiar inferior a dois sal\u00e1rios m\u00ednimos. A solicita\u00e7\u00e3o de isen\u00e7\u00e3o deve ser feita entre <strong>13 e 27 de outubro de 2025<\/strong>, com envio da documenta\u00e7\u00e3o exigida via sistema.<\/p>\n<p>O munic\u00edpio disponibilizar\u00e1 um computador com acesso \u00e0 internet na sede da Prefeitura, durante o hor\u00e1rio de expediente, para candidatos que necessitarem.<\/p>\n<p>\u00c9 fundamental que o candidato acompanhe o status da inscri\u00e7\u00e3o e demais atualiza\u00e7\u00f5es na <strong>\u00c1rea do Candidato<\/strong> no site da banca organizadora. Para mais informa\u00e7\u00f5es, recomenda-se a leitura atenta do edital completo.<\/p>\n<h2>Etapas e Provas<\/h2>\n<p>O Processo Seletivo da Prefeitura de Piratuba\/SC ser\u00e1 composto por at\u00e9 tr\u00eas etapas, conforme o cargo pretendido:<\/p>\n<ul>\n<li><strong>Prova Objetiva<\/strong> (eliminat\u00f3ria e classificat\u00f3ria): aplicada a todos os candidatos, ser\u00e1 realizada no dia <strong>30\/11\/2025<\/strong>, das 08h30 \u00e0s 11h00, com dura\u00e7\u00e3o de 2h30. A prova conter\u00e1 <strong>20 quest\u00f5es de m\u00faltipla escolha<\/strong>, com cinco alternativas cada, sendo apenas uma correta. As disciplinas variam conforme o cargo e est\u00e3o detalhadas no edital.<\/li>\n<li><strong>Prova de T\u00edtulos<\/strong> (classificat\u00f3ria): exclusiva para os cargos de <strong>Professor<\/strong> (todas as \u00e1reas). Os t\u00edtulos dever\u00e3o ser anexados no ato da inscri\u00e7\u00e3o, entre <strong>13\/10 e 11\/11\/2025<\/strong>, em arquivo \u00fanico e leg\u00edvel. Ser\u00e1 considerado apenas o t\u00edtulo de maior valor acad\u00eamico, com pontua\u00e7\u00e3o m\u00e1xima de 1,0 ponto.<\/li>\n<li><strong>Prova Pr\u00e1tica<\/strong> (eliminat\u00f3ria e classificat\u00f3ria): destinada apenas aos candidatos ao cargo de <strong>Operador de M\u00e1quinas Agr\u00edcolas e Similares<\/strong>. Ser\u00e1 realizada tamb\u00e9m em <strong>30\/11\/2025<\/strong>, em local e hor\u00e1rio a serem divulgados. A avalia\u00e7\u00e3o consistir\u00e1 na execu\u00e7\u00e3o de tarefas pr\u00e1ticas com equipamentos espec\u00edficos, com nota m\u00e1xima de 6,0 pontos.<\/li>\n<\/ul>\n<p>Para a realiza\u00e7\u00e3o das provas, os candidatos devem portar documento oficial com foto e caneta esferogr\u00e1fica transparente de tinta preta ou azul. A aus\u00eancia de documenta\u00e7\u00e3o ou o descumprimento das normas de aplica\u00e7\u00e3o implicar\u00e1 na elimina\u00e7\u00e3o do certame.<\/p>\n<p>Recomenda-se a leitura atenta do edital para conhecer os conte\u00fados program\u00e1ticos, crit\u00e9rios de avalia\u00e7\u00e3o, regras espec\u00edficas por cargo e demais orienta\u00e7\u00f5es do processo seletivo.<\/p>\n<h2>Resultados e Gabarito<\/h2>\n<p>O cronograma de divulga\u00e7\u00e3o dos resultados do Processo Seletivo de Piratuba\/SC prev\u00ea as seguintes datas:<\/p>\n<ul>\n<li><strong>13\/11\/2025<\/strong>: Publica\u00e7\u00e3o das inscri\u00e7\u00f5es deferidas e indeferidas.<\/li>\n<li><strong>24\/11\/2025<\/strong>: Divulga\u00e7\u00e3o dos locais de prova e homologa\u00e7\u00e3o final das inscri\u00e7\u00f5es.<\/li>\n<li><strong>01\/12\/2025<\/strong>: Divulga\u00e7\u00e3o do gabarito preliminar da prova objetiva.<\/li>\n<li><strong>19\/12\/2025<\/strong>: Publica\u00e7\u00e3o do resultado preliminar da prova objetiva, prova pr\u00e1tica (quando aplic\u00e1vel) e prova de t\u00edtulos.<\/li>\n<\/ul>\n<p>Os candidatos poder\u00e3o interpor recursos em at\u00e9 <strong>5 dias \u00fateis<\/strong> ap\u00f3s a publica\u00e7\u00e3o de cada resultado, exclusivamente pela \u00c1rea do Candidato no site <a href=\"https:\/\/amauc.selecao.net.br\/\" target=\"_blank\" rel=\"noopener\">https:\/\/amauc.selecao.net.br\/<\/a>. Cada recurso deve ser fundamentado e, no caso de quest\u00f5es da prova objetiva, apresentado individualmente por item contestado.<\/p>\n<p>A classifica\u00e7\u00e3o final ser\u00e1 divulgada ap\u00f3s o julgamento dos recursos. Em caso de empate na nota final, ser\u00e3o adotados os seguintes crit\u00e9rios de desempate, nesta ordem:<\/p>\n<ul>\n<li>Maior idade (para candidatos com 60 anos ou mais);<\/li>\n<li>Maior n\u00famero de acertos em Conhecimentos Espec\u00edficos;<\/li>\n<li>Maior n\u00famero de acertos em L\u00edngua Portuguesa;<\/li>\n<li>Maior n\u00famero de acertos em Conhecimentos Gerais;<\/li>\n<li>Maior idade (geral);<\/li>\n<li>Sorteio p\u00fablico, se necess\u00e1rio.<\/li>\n<\/ul>\n<p>O resultado final ser\u00e1 homologado por ato do Prefeito Municipal e publicado nos sites oficiais. A convoca\u00e7\u00e3o dos aprovados ser\u00e1 feita por e-mail, telefone, WhatsApp ou publica\u00e7\u00e3o no Di\u00e1rio Oficial do Munic\u00edpio. O prazo de validade do processo seletivo \u00e9 <strong>exclusivo para o ano de 2026<\/strong>, podendo ser prorrogado por igual per\u00edodo, a crit\u00e9rio da Administra\u00e7\u00e3o.<\/p>\n<p><strong>\u00c9 responsabilidade exclusiva do candidato acompanhar todas as publica\u00e7\u00f5es oficiais<\/strong> no site da banca organizadora e no portal da Prefeitura de Piratuba\/SC.<\/p>\n","protected":false},"excerpt":{"rendered":"<p>Sel. P\u00fablica Pref. Piratuba (SC) com edital publicado! Vagas p\/ Professor, M\u00e9dico (Fund. a Sup.). Inscri\u00e7\u00f5es a partir de 13\/10. At\u00e9 R$ 14.4k. Confira detalhes!<\/p>\n","protected":false},"author":7,"featured_media":273167,"comment_status":"open","ping_status":"open","sticky":false,"template":"","format":"standard","meta":{"_acf_changed":false,"_breakdance_hide_in_design_set":false,"_breakdance_tags":"","footnotes":""},"categories":[6433,141,6434,12,17,18,19,111,100,20,6871,116,21,119,23,25,26,108,143],"tags":[61],"_amplo":[],"destaque":[],"instituicoes":[],"class_list":["post-273168","post","type-post","status-publish","format-standard","has-post-thumbnail","hentry","category-biologia-licenciatura","category-educacao-artistica","category-educacao-fisica-licenciatura","category-enfermagem","category-farmacia","category-fisioterapia","category-fonoaudiologia","category-geografia","category-historia","category-letras","category-letras-ingles","category-matematica","category-medicina","category-musica","category-nutricao","category-pedagogia","category-psicologia","category-tecnico-enfermagem","category-tecnico-odontologia","tag-santa-catarina"],"acf":{"_tipo_vagas":"vagas","_numero_vagas":"","_quadro_vagas":"","_cargos":"diversos","_cargos_especificos":"","_salario_max":"R$ 14464.72","_abertura":"20251013","_encerramento":"20251111","_inscricoes":"https:\/\/amauc.selecao.net.br\/","_executora_concurso":"","_instituicao_concurso":[],"_link_adicional":null,"_anexos":null,"_produtos":null,"_vagas":"03 vagas + CR","_salario_min":"R$ 949.15","_instituicao":"Prefeitura de Piratuba","_edital":"https:\/\/www.agrobase.com.br\/concursos\/wp-content\/uploads\/sites\/4\/2025\/10\/edital-01-2025-prefeitura-de-piratuba-sc.pdf","_anexos_edital":"https:\/\/www.agrobase.com.br\/concursos\/wp-content\/uploads\/sites\/4\/2025\/10\/anexos-edital-01-2025-prefeitura-de-piratuba-sc.pdf","_fund_incompleto":"<div>\r\n<table class=\"quadro\">\r\n<thead>\r\n<tr>\r\n<th class=\"hcargo\">Cargo<\/th>\r\n<th class=\"hvagas\">Vagas<\/th>\r\n<th class=\"hremuneracao\">Remunera\u00e7\u00e3o<\/th>\r\n<\/tr>\r\n<\/thead>\r\n    <tbody>\r\n      <td class=\"ccargos\">\r\n<span data-balloon-length=\"medium\" data-balloon-pos=\"up\">Operador de M\u00e1quinas Agr\u00edcolas e Similares<\/span><\/td>\r\n<td class=\"cvagas\">CR<\/td>\r\n<td class=\"cremuneracao\">R$ 2.492,00 \/40h<\/td>\r\n<\/tr><td class=\"ccargos\">\r\n<span data-balloon-length=\"medium\" aria-label=\"Alfabetizado\" data-balloon-pos=\"up\">Agente de Servi\u00e7os Gerais Externos<\/span><\/td>\r\n<td class=\"cvagas\">CR<\/td>\r\n<td class=\"cremuneracao\">R$ 2.227,27 \/40h<\/td>\r\n<\/tr>\r\n    <\/tbody>\r\n  <\/table>\r\n<\/div>","_fund_completo":"","_medio":"<div>\r\n<table class=\"quadro\">\r\n<thead>\r\n<tr>\r\n<th class=\"hcargo\">Cargo<\/th>\r\n<th class=\"hvagas\">Vagas<\/th>\r\n<th class=\"hremuneracao\">Remunera\u00e7\u00e3o<\/th>\r\n<\/tr>\r\n<\/thead>\r\n    <tbody>\r\n      <td class=\"ccargos\">\r\n<span data-balloon-length=\"medium\" aria-label=\"Habilita\u00e7\u00e3o legal para o exerc\u00edcio da profiss\u00e3o de t\u00e9cnico em enfermagem, com Registro no Conselho Regional de Enfermagem \u2013 COREN\/SC.\" data-balloon-pos=\"up\">T\u00e9cnico em Enfermagem<\/span><\/td>\r\n<td class=\"cvagas\">CR<\/td>\r\n<td class=\"cremuneracao\">R$ 2.833,59 \/40h<\/td>\r\n<\/tr><td class=\"ccargos\">\r\n<span data-balloon-length=\"medium\" aria-label=\"Ensino M\u00e9dio completo, com Curso de Auxiliar em Sa\u00fade Bucal e registro no CRO-SC\" data-balloon-pos=\"up\">Auxiliar de Sa\u00fade Bucal<\/span><\/td>\r\n<td class=\"cvagas\">CR<\/td>\r\n<td class=\"cremuneracao\">R$ 1.903,00 \/40h<\/td>\r\n<\/tr><td class=\"ccargos\">\r\n<span data-balloon-length=\"medium\" aria-label=\"Ensino M\u00e9dio\" data-balloon-pos=\"up\">Cuidador Escolar<\/span><\/td>\r\n<td class=\"cvagas\">CR<\/td>\r\n<td class=\"cremuneracao\">R$ 1.898,32 \/40h<\/td>\r\n<\/tr><td class=\"ccargos\">\r\n<span data-balloon-length=\"medium\" aria-label=\"Ensino M\u00e9dio\" data-balloon-pos=\"up\">Cuidador Escolar<\/span><\/td>\r\n<td class=\"cvagas\">CR<\/td>\r\n<td class=\"cremuneracao\">R$ 949,15 \/20h<\/td>\r\n<\/tr><td class=\"ccargos\">\r\n<span data-balloon-length=\"medium\" aria-label=\"Ensino M\u00e9dio; residir na \u00e1rea da comunidade em que atuar, desde a data da publica\u00e7\u00e3o do edital do Processo Seletivo P\u00fablico; ter conclu\u00eddo com aproveitamento, curso de e forma\u00e7\u00e3o inicial, com carga hor\u00e1ria m\u00ednima de 40 horas.\" data-balloon-pos=\"up\">Agente Comunit\u00e1ria de Sa\u00fade para atua\u00e7\u00e3o na Micro-\u00e1rea 15\u00b9<\/span><\/td>\r\n<td class=\"cvagas\">01<\/td>\r\n<td class=\"cremuneracao\">R$ 3.036,00 \/40h<\/td>\r\n<\/tr>\r\n    <\/tbody>\r\n  <\/table>\r\n<\/div>","_superior":"<div>\r\n<table class=\"quadro\">\r\n<thead>\r\n<tr>\r\n<th class=\"hcargo\">Cargo<\/th>\r\n<th class=\"hvagas\">Vagas<\/th>\r\n<th class=\"hremuneracao\">Remunera\u00e7\u00e3o<\/th>\r\n<\/tr>\r\n<\/thead>\r\n    <tbody>\r\n      <tr>\r\n<td class=\"ccargos\">\r\n<span data-balloon-length=\"medium\" aria-label=\"Curso Superior de Medicina com registro no Conselho Regional de Medicina.\" data-balloon-pos=\"up\">M\u00e9dico<\/span><\/td>\r\n<td class=\"cvagas\">CR<\/td>\r\n<td class=\"cremuneracao\">R$ 14.464,72 \/20h<\/td>\r\n<\/tr><tr>\r\n<td class=\"ccargos\">\r\n<span data-balloon-length=\"medium\" aria-label=\"Habilita\u00e7\u00e3o legal para o exerc\u00edcio da profiss\u00e3o de fisioterapeuta, com registro no Conselho Regional de Fisioterapia e Terapia Ocupacional - CREFITO\/SC\" data-balloon-pos=\"up\">Fisioterapeuta<\/span><\/td>\r\n<td class=\"cvagas\">CR<\/td>\r\n<td class=\"cremuneracao\">R$ 3.903,99 \/20h<\/td>\r\n<\/tr><tr>\r\n<td class=\"ccargos\">\r\n<span data-balloon-length=\"medium\" aria-label=\"Habilita\u00e7\u00e3o legal para o exerc\u00edcio da profiss\u00e3o de fonoaudi\u00f3logo, com registro no Conselho Regional de Fonoaudiologia \u2013 CREFONO\/SC\" data-balloon-pos=\"up\">Fonoaudi\u00f3logo<\/span><\/td>\r\n<td class=\"cvagas\">CR<\/td>\r\n<td class=\"cremuneracao\">R$ 5.856,00 \/30h<\/td>\r\n<\/tr><tr>\r\n<td class=\"ccargos\">\r\n<span data-balloon-length=\"medium\" aria-label=\"Habilita\u00e7\u00e3o legal para o exerc\u00edcio da profiss\u00e3o de Nutricionista, com registro no Conselho Regional de Nutricionista - CRN\/SC.\" data-balloon-pos=\"up\">Nutricionista<\/span><\/td>\r\n<td class=\"cvagas\">CR<\/td>\r\n<td class=\"cremuneracao\">R$ 2.660,26 \/20h<\/td>\r\n<\/tr><tr>\r\n<td class=\"ccargos\">\r\n<span data-balloon-length=\"medium\" aria-label=\"Habilita\u00e7\u00e3o de grau superior, \u00e0 n\u00edvel de gradua\u00e7\u00e3o, obtida em curso de Enfermagem ou Enfermeira Obst\u00e9trica, com Registro no Conselho Regional de Enfermagem - COREN.\" data-balloon-pos=\"up\">Enfermeiro<\/span><\/td>\r\n<td class=\"cvagas\">CR<\/td>\r\n<td class=\"cremuneracao\">R$ 8.491,35 \/40h<\/td>\r\n<\/tr><tr>\r\n<td class=\"ccargos\">\r\n<span data-balloon-length=\"medium\" aria-label=\"Habilita\u00e7\u00e3o legal para o exerc\u00edcio da profiss\u00e3o de farmac\u00eautico bioqu\u00edmico, inscrito no Conselho Regional de Farm\u00e1cia.\" data-balloon-pos=\"up\">Farmac\u00eautico<\/span><\/td>\r\n<td class=\"cvagas\">CR<\/td>\r\n<td class=\"cremuneracao\">R$ 3.903,99 \/20h<\/td>\r\n<\/tr><tr>\r\n<td class=\"ccargos\">\r\n<span data-balloon-length=\"medium\" aria-label=\"Habilita\u00e7\u00e3o em Psicologia com especializa\u00e7\u00e3o em \u00e1reas educacionais ou afins, fornecido por institui\u00e7\u00e3o de ensino superior reconhecida pelo Minist\u00e9rio da Educa\u00e7\u00e3o.\" data-balloon-pos=\"up\">Psic\u00f3logo Educacional<\/span><\/td>\r\n<td class=\"cvagas\">01<\/td>\r\n<td class=\"cremuneracao\">R$ 5.320,55 \/40h<\/td>\r\n<\/tr><tr>\r\n<td class=\"ccargos\">\r\n<span data-balloon-length=\"medium\" aria-label=\"Habilita\u00e7\u00e3o em grau superior em n\u00edvel em Inform\u00e1tica Educacional\" data-balloon-pos=\"up\">Facilitador de Inform\u00e1tica<\/span><\/td>\r\n<td class=\"cvagas\">01<\/td>\r\n<td class=\"cremuneracao\">R$ 4.555,98 \/40h<\/td>\r\n<\/tr><tr>\r\n<td class=\"ccargos\">\r\n<span data-balloon-length=\"medium\" aria-label=\"Habilita\u00e7\u00e3o em Grau Superior, Licenciatura em Pedagogia\" data-balloon-pos=\"up\">Auxiliar de Creche<\/span><\/td>\r\n<td class=\"cvagas\">CR<\/td>\r\n<td class=\"cremuneracao\">R$ 3.796,62 \/40h<\/td>\r\n<\/tr><tr>\r\n<td class=\"ccargos\">\r\n<span data-balloon-length=\"medium\" aria-label=\"Habilitado - Habilita\u00e7\u00e3o em Grau Superior, Licenciatura em Pedagogia \/ Educa\u00e7\u00e3o Infantil. N\u00e3o Habilitado - Certid\u00e3o de frequ\u00eancia em Curso de Gradua\u00e7\u00e3o em Licenciatura Plena em Pedagogia.\" data-balloon-pos=\"up\">Professor Educa\u00e7\u00e3o Infantil<\/span><\/td>\r\n<td class=\"cvagas\">CR<\/td>\r\n<td class=\"cremuneracao\">R$ 2.148,99 \/20h<\/td>\r\n<\/tr><tr>\r\n<td class=\"ccargos\">\r\n<span data-balloon-length=\"medium\" aria-label=\"Habilitado - Habilita\u00e7\u00e3o em Grau Superior, Licenciatura em Pedagogia \/ Anos Iniciais. N\u00e3o Habilitado - Certid\u00e3o de frequ\u00eancia em Curso de Gradua\u00e7\u00e3o em Licenciatura Plena em Pedagogia.\" data-balloon-pos=\"up\">Professor Ensino Fundamental I - Anos Iniciais<\/span><\/td>\r\n<td class=\"cvagas\">CR<\/td>\r\n<td class=\"cremuneracao\">R$ 2.148,99 \/20h<\/td>\r\n<\/tr><tr>\r\n<td class=\"ccargos\">\r\n<span data-balloon-length=\"medium\" aria-label=\"Habilitado - Habilita\u00e7\u00e3o em Grau Superior, Licenciatura em M\u00fasica. N\u00e3o Habilitado - Certid\u00e3o de frequ\u00eancia em Curso de Gradua\u00e7\u00e3o na \u00e1rea de atua\u00e7\u00e3o.\" data-balloon-pos=\"up\">Professor Educa\u00e7\u00e3o Infantil - M\u00fasica<\/span><\/td>\r\n<td class=\"cvagas\">CR<\/td>\r\n<td class=\"cremuneracao\">R$ 2.148,99 \/20h<\/td>\r\n<\/tr><tr>\r\n<td class=\"ccargos\">\r\n<span data-balloon-length=\"medium\" aria-label=\"Habilitado - Habilita\u00e7\u00e3o em Grau Superior, Licenciatura na \u00e1rea de atua\u00e7\u00e3o. N\u00e3o Habilitado - Certid\u00e3o de frequ\u00eancia em Curso de Gradua\u00e7\u00e3o na \u00e1rea de atua\u00e7\u00e3o.\" data-balloon-pos=\"up\">Professor Ensino Infantil e Ensino Fundamental I e II - Artes<\/span><\/td>\r\n<td class=\"cvagas\">CR<\/td>\r\n<td class=\"cremuneracao\">R$ 2.148,99 \/20h<\/td>\r\n<\/tr><tr>\r\n<td class=\"ccargos\">\r\n<span data-balloon-length=\"medium\" aria-label=\"Habilitado - Habilita\u00e7\u00e3o em Grau Superior, Licenciatura na \u00e1rea de atua\u00e7\u00e3o. N\u00e3o Habilitado - Certid\u00e3o de frequ\u00eancia em Curso de Gradua\u00e7\u00e3o na \u00e1rea de atua\u00e7\u00e3o.\" data-balloon-pos=\"up\">Professor Ensino Infantil e Ensino Fundamental I e II - Ingl\u00eas<\/span><\/td>\r\n<td class=\"cvagas\">CR<\/td>\r\n<td class=\"cremuneracao\">R$ 2.148,99 \/20h<\/td>\r\n<\/tr><tr>\r\n<td class=\"ccargos\">\r\n<span data-balloon-length=\"medium\" aria-label=\"Habilitado - Habilita\u00e7\u00e3o em Grau Superior, Licenciatura na \u00e1rea de atua\u00e7\u00e3o. N\u00e3o Habilitado - Certid\u00e3o de frequ\u00eancia em Curso de Gradua\u00e7\u00e3o na \u00e1rea de atua\u00e7\u00e3o.\" data-balloon-pos=\"up\">Professor Ensino Fundamental II - Portugu\u00eas<\/span><\/td>\r\n<td class=\"cvagas\">CR<\/td>\r\n<td class=\"cremuneracao\">R$ 2.148,99 \/20h<\/td>\r\n<\/tr><tr>\r\n<td class=\"ccargos\">\r\n<span data-balloon-length=\"medium\" aria-label=\"Habilitado - Habilita\u00e7\u00e3o em Grau Superior, Licenciatura na \u00e1rea de atua\u00e7\u00e3o. N\u00e3o Habilitado - Certid\u00e3o de frequ\u00eancia em Curso de Gradua\u00e7\u00e3o na \u00e1rea de atua\u00e7\u00e3o.\" data-balloon-pos=\"up\">Professor Ensino Fundamental I e II - Ci\u00eancias<\/span><\/td>\r\n<td class=\"cvagas\">CR<\/td>\r\n<td class=\"cremuneracao\">R$ 2.148,99 \/20h<\/td>\r\n<\/tr><tr>\r\n<td class=\"ccargos\">\r\n<span data-balloon-length=\"medium\" aria-label=\"Habilitado - Habilita\u00e7\u00e3o em Grau Superior, Licenciatura na \u00e1rea de atua\u00e7\u00e3o. N\u00e3o Habilitado - Certid\u00e3o de frequ\u00eancia em Curso de Gradua\u00e7\u00e3o na \u00e1rea de atua\u00e7\u00e3o.\" data-balloon-pos=\"up\">Professor Ensino Fundamental II - Geografia<\/span><\/td>\r\n<td class=\"cvagas\">CR<\/td>\r\n<td class=\"cremuneracao\">R$ 2.148,99 \/20h<\/td>\r\n<\/tr><tr>\r\n<td class=\"ccargos\">\r\n<span data-balloon-length=\"medium\" aria-label=\"Habilitado - Habilita\u00e7\u00e3o em Grau Superior, Licenciatura na \u00e1rea de atua\u00e7\u00e3o. N\u00e3o Habilitado - Certid\u00e3o de frequ\u00eancia em Curso de Gradua\u00e7\u00e3o na \u00e1rea de atua\u00e7\u00e3o.\" data-balloon-pos=\"up\">Professor Ensino Fundamental II - Matem\u00e1tica<\/span><\/td>\r\n<td class=\"cvagas\">CR<\/td>\r\n<td class=\"cremuneracao\">R$ 2.148,99 \/20h<\/td>\r\n<\/tr><tr>\r\n<td class=\"ccargos\">\r\n<span data-balloon-length=\"medium\" aria-label=\"Habilitado - Habilita\u00e7\u00e3o em Grau Superior, Licenciatura na \u00e1rea de atua\u00e7\u00e3o. N\u00e3o Habilitado - Certid\u00e3o de frequ\u00eancia em Curso de Gradua\u00e7\u00e3o na \u00e1rea de atua\u00e7\u00e3o.\" data-balloon-pos=\"up\">Professor Ensino Fundamental II - Hist\u00f3ria<\/span><\/td>\r\n<td class=\"cvagas\">CR<\/td>\r\n<td class=\"cremuneracao\">R$ 2.148,99 \/20h<\/td>\r\n<\/tr><tr>\r\n<td class=\"ccargos\">\r\n<span data-balloon-length=\"medium\" aria-label=\"Habilitado - Habilita\u00e7\u00e3o em Grau Superior, Licenciatura na \u00e1rea de atua\u00e7\u00e3o.\" data-balloon-pos=\"up\">Professor Educa\u00e7\u00e3o Infantil e Ensino Fundamental I e II - Educa\u00e7\u00e3o F\u00edsica<\/span><\/td>\r\n<td class=\"cvagas\">CR<\/td>\r\n<td class=\"cremuneracao\">R$ 2.148,99 \/20h<\/td>\r\n<\/tr><tr>\r\n<td class=\"ccargos\">\r\n<span data-balloon-length=\"medium\" aria-label=\"Habilitado - Habilita\u00e7\u00e3o em Grau Superior, Licenciatura na \u00e1rea de atua\u00e7\u00e3o. N\u00e3o Habilitado - Certid\u00e3o de frequ\u00eancia em Curso de Gradua\u00e7\u00e3o na \u00e1rea de atua\u00e7\u00e3o.\" data-balloon-pos=\"up\">Professor Ensino Fundamental II - Ensino Religioso<\/span><\/td>\r\n<td class=\"cvagas\">CR<\/td>\r\n<td class=\"cremuneracao\">R$ 2.148,99 \/20h<\/td>\r\n<\/tr><tr>\r\n<td class=\"ccargos\">\r\n<span data-balloon-length=\"medium\" aria-label=\"Habilitado - Habilita\u00e7\u00e3o em Grau Superior, Licenciatura na \u00e1rea de atua\u00e7\u00e3o. N\u00e3o Habilitado - Certid\u00e3o de frequ\u00eancia em Curso de Gradua\u00e7\u00e3o na \u00e1rea de atua\u00e7\u00e3o.\" data-balloon-pos=\"up\">Professor Ensino Infantil e Ensino Fundamental I e II - AEE<\/span><\/td>\r\n<td class=\"cvagas\">CR<\/td>\r\n<td class=\"cremuneracao\">R$ 2.148,99 \/20h<\/td>\r\n<\/tr>\r\n    <\/tbody>\r\n  <\/table>\r\n<\/div>"},"_links":{"self":[{"href":"https:\/\/www.agrobase.com.br\/concursos\/wp-json\/wp\/v2\/posts\/273168","targetHints":{"allow":["GET"]}}],"collection":[{"href":"https:\/\/www.agrobase.com.br\/concursos\/wp-json\/wp\/v2\/posts"}],"about":[{"href":"https:\/\/www.agrobase.com.br\/concursos\/wp-json\/wp\/v2\/types\/post"}],"author":[{"embeddable":true,"href":"https:\/\/www.agrobase.com.br\/concursos\/wp-json\/wp\/v2\/users\/7"}],"replies":[{"embeddable":true,"href":"https:\/\/www.agrobase.com.br\/concursos\/wp-json\/wp\/v2\/comments?post=273168"}],"version-history":[{"count":2,"href":"https:\/\/www.agrobase.com.br\/concursos\/wp-json\/wp\/v2\/posts\/273168\/revisions"}],"predecessor-version":[{"id":273172,"href":"https:\/\/www.agrobase.com.br\/concursos\/wp-json\/wp\/v2\/posts\/273168\/revisions\/273172"}],"wp:featuredmedia":[{"embeddable":true,"href":"https:\/\/www.agrobase.com.br\/concursos\/wp-json\/wp\/v2\/media\/273167"}],"wp:attachment":[{"href":"https:\/\/www.agrobase.com.br\/concursos\/wp-json\/wp\/v2\/media?parent=273168"}],"wp:term":[{"taxonomy":"category","embeddable":true,"href":"https:\/\/www.agrobase.com.br\/concursos\/wp-json\/wp\/v2\/categories?post=273168"},{"taxonomy":"post_tag","embeddable":true,"href":"https:\/\/www.agrobase.com.br\/concursos\/wp-json\/wp\/v2\/tags?post=273168"},{"taxonomy":"_amplo","embeddable":true,"href":"https:\/\/www.agrobase.com.br\/concursos\/wp-json\/wp\/v2\/_amplo?post=273168"},{"taxonomy":"destaque","embeddable":true,"href":"https:\/\/www.agrobase.com.br\/concursos\/wp-json\/wp\/v2\/destaque?post=273168"},{"taxonomy":"instituicoes","embeddable":true,"href":"https:\/\/www.agrobase.com.br\/concursos\/wp-json\/wp\/v2\/instituicoes?post=273168"}],"curies":[{"name":"wp","href":"https:\/\/api.w.org\/{rel}","templated":true}]}}