{"id":273136,"date":"2025-10-29T07:10:58","date_gmt":"2025-10-29T10:10:58","guid":{"rendered":"https:\/\/www.agrobase.com.br\/concursos\/?p=273136"},"modified":"2025-10-28T12:36:28","modified_gmt":"2025-10-28T15:36:28","slug":"prefeitura-vazante-mg-selecao-simplificada-03-2026","status":"publish","type":"post","link":"https:\/\/www.agrobase.com.br\/concursos\/2025\/prefeitura-vazante-mg-selecao-simplificada-03-2026\/","title":{"rendered":"Prefeitura Vazante (MG) &#8211; Sele\u00e7\u00e3o Simplificada 03\/2026"},"content":{"rendered":"<h2>Informa\u00e7\u00f5es Gerais<\/h2>\n<p>O edital n\u00ba 03\/2026 da Prefeitura Municipal de Vazante-MG, promovido pela Secretaria Municipal da Sa\u00fade, anuncia a abertura de um <strong>Processo Seletivo Simplificado<\/strong> para forma\u00e7\u00e3o de <strong>banco de reserva<\/strong> de profissionais para contrata\u00e7\u00e3o tempor\u00e1ria, conforme a Lei Municipal n\u00ba 1772\/2019. O certame visa suprir demandas emergenciais nas <strong>unidades de atendimento p\u00fablico de sa\u00fade<\/strong> do munic\u00edpio.<\/p>\n<p>As contrata\u00e7\u00f5es ocorrer\u00e3o sob <strong>regime administrativo<\/strong>, sem v\u00ednculo empregat\u00edcio, com contribui\u00e7\u00f5es ao Regime Geral de Previd\u00eancia Social. S\u00e3o contemplados os n\u00edveis de escolaridade <strong>fundamental incompleto, m\u00e9dio\/t\u00e9cnico e superior<\/strong>, com remunera\u00e7\u00f5es que variam entre R$ 1.558,04 e R$ 2.862,08, conforme o cargo.<\/p>\n<p>H\u00e1 oportunidades para diversas \u00e1reas da sa\u00fade, com destaque para cargos de interesse como <strong>Nutri\u00e7\u00e3o, Biologia, Medicina Veterin\u00e1ria<\/strong> e <strong>Farm\u00e1cia<\/strong>. Os profissionais aprovados poder\u00e3o ser convocados conforme a necessidade da administra\u00e7\u00e3o, respeitando a ordem de classifica\u00e7\u00e3o e o prazo de validade do processo, que vai at\u00e9 31 de dezembro de 2026.<\/p>\n<p>Confira a seguir as informa\u00e7\u00f5es completas sobre inscri\u00e7\u00f5es, etapas e resultados do processo seletivo.<\/p>\n<h2>Inscri\u00e7\u00f5es<\/h2>\n<p>As inscri\u00e7\u00f5es para o Processo Seletivo Simplificado da Secretaria Municipal da Sa\u00fade de Vazante-MG estar\u00e3o <strong>abertas entre os dias 24 e 30 de outubro de 2025<\/strong>, com atendimento presencial das <strong>08h \u00e0s 11h e das 13h \u00e0s 17h<\/strong>, no <strong>CRAS \u2013 Avenida Geraldo Campos, n\u00ba 700, Vazante Sul<\/strong>.<\/p>\n<p>N\u00e3o ser\u00e1 cobrada <strong>taxa de inscri\u00e7\u00e3o<\/strong>. A inscri\u00e7\u00e3o deve ser feita <strong>pessoalmente<\/strong> ou por meio de <strong>procura\u00e7\u00e3o espec\u00edfica<\/strong>, com firma reconhecida ou assinatura digital. O candidato dever\u00e1 apresentar documentos como identidade, CPF, comprovante de endere\u00e7o, diplomas e comprova\u00e7\u00f5es de experi\u00eancia profissional, conforme detalhado no edital.<\/p>\n<p>\u00c9 vedada a inscri\u00e7\u00e3o para mais de um cargo ou especialidade. Caso ocorra, ser\u00e1 considerada v\u00e1lida apenas a \u00faltima inscri\u00e7\u00e3o realizada dentro do prazo. Inscri\u00e7\u00f5es em desacordo com as normas ser\u00e3o indeferidas.<\/p>\n<p>O acompanhamento de comunicados, retifica\u00e7\u00f5es, resultados e demais informa\u00e7\u00f5es deve ser feito pelos sites <a href=\"https:\/\/www.vazante.mg.gov.br\" target=\"_blank\" rel=\"noopener\">www.vazante.mg.gov.br<\/a> e <a href=\"https:\/\/www.diariomunicipal.com.br\" target=\"_blank\" rel=\"noopener\">www.diariomunicipal.com.br<\/a>.<\/p>\n<p>Recomenda-se fortemente a leitura atenta do edital completo antes da inscri\u00e7\u00e3o.<\/p>\n<h2>Etapas e Provas<\/h2>\n<p>O processo seletivo ser\u00e1 composto por <strong>tr\u00eas etapas<\/strong>, conforme descrito a seguir:<\/p>\n<ul>\n<li><strong>1\u00aa Etapa \u2013 Candidatura e Habilita\u00e7\u00e3o (eliminat\u00f3ria):<\/strong> an\u00e1lise da documenta\u00e7\u00e3o apresentada no ato da inscri\u00e7\u00e3o, com verifica\u00e7\u00e3o dos pr\u00e9-requisitos exigidos para cada cargo. A n\u00e3o conformidade com os requisitos implicar\u00e1 na elimina\u00e7\u00e3o do candidato.<\/li>\n<li><strong>2\u00aa Etapa \u2013 An\u00e1lise de Curr\u00edculo e T\u00edtulos (classificat\u00f3ria):<\/strong> pontua\u00e7\u00e3o de at\u00e9 70 pontos, conforme crit\u00e9rios estabelecidos no Anexo II do edital. Ser\u00e3o considerados apenas os t\u00edtulos e experi\u00eancias compat\u00edveis com as atribui\u00e7\u00f5es do cargo. Est\u00e1gios e atividades em empresa j\u00fanior n\u00e3o ser\u00e3o pontuados.<\/li>\n<li><strong>3\u00aa Etapa \u2013 Entrevista (eliminat\u00f3ria e classificat\u00f3ria):<\/strong> realizada entre os dias <strong>10 e 14 de novembro de 2025<\/strong>, no CRAS (Av. Geraldo Campos, n\u00ba 700), por ordem de chegada. A pontua\u00e7\u00e3o m\u00e1xima \u00e9 de 100 pontos, sendo necess\u00e1rio atingir ao menos 60% da nota e pontuar em todos os indicadores para ser habilitado.<\/li>\n<\/ul>\n<p>A nota final ser\u00e1 o somat\u00f3rio das pontua\u00e7\u00f5es obtidas nas tr\u00eas etapas. Em caso de empate, ser\u00e3o utilizados como crit\u00e9rios de desempate: maior idade e melhor desempenho na entrevista.<\/p>\n<p>Recomenda-se a leitura atenta do edital para detalhes sobre os crit\u00e9rios de pontua\u00e7\u00e3o, cronograma e conte\u00fado exigido em cada fase.<\/p>\n<h2>Resultados e Gabarito<\/h2>\n<p>O <strong>resultado provis\u00f3rio<\/strong> ser\u00e1 divulgado at\u00e9 o dia <strong>24 de novembro de 2025<\/strong> nos sites <a href=\"https:\/\/www.vazante.mg.gov.br\" target=\"_blank\" rel=\"noopener\">www.vazante.mg.gov.br<\/a> e <a href=\"https:\/\/www.diariomunicipal.com.br\" target=\"_blank\" rel=\"noopener\">www.diariomunicipal.com.br<\/a>, bem como no mural oficial da Prefeitura de Vazante.<\/p>\n<p>Ap\u00f3s a publica\u00e7\u00e3o do resultado provis\u00f3rio, inicia-se o prazo para <strong>interposi\u00e7\u00e3o de recursos<\/strong>, cujo julgamento poder\u00e1 alterar a classifica\u00e7\u00e3o final. O resultado definitivo ser\u00e1 divulgado ap\u00f3s a an\u00e1lise dos recursos, nos mesmos canais oficiais.<\/p>\n<p>As <strong>convoca\u00e7\u00f5es<\/strong> ser\u00e3o feitas por meio de publica\u00e7\u00e3o no mural da Prefeitura e nos sites oficiais. O candidato convocado dever\u00e1 comparecer no local, data e hor\u00e1rio estabelecidos. O n\u00e3o comparecimento implicar\u00e1 na perda da posi\u00e7\u00e3o no banco de reserva, podendo o candidato ser reposicionado ao final da lista a crit\u00e9rio da administra\u00e7\u00e3o.<\/p>\n<p>Antes da contrata\u00e7\u00e3o, o candidato dever\u00e1 se submeter a <strong>exames m\u00e9dicos pr\u00e9-admissionais<\/strong> para comprova\u00e7\u00e3o de aptid\u00e3o f\u00edsica e mental. A aus\u00eancia de laudo m\u00e9dico considerado apto resultar\u00e1 na elimina\u00e7\u00e3o do banco de reserva.<\/p>\n<p>O processo seletivo ter\u00e1 validade at\u00e9 <strong>31 de dezembro de 2026<\/strong>, e os contratos poder\u00e3o ter dura\u00e7\u00e3o de at\u00e9 12 meses, podendo ser rescindidos conforme crit\u00e9rios legais e administrativos.<\/p>\n<p>\u00c9 responsabilidade exclusiva do candidato acompanhar todas as publica\u00e7\u00f5es e atualiza\u00e7\u00f5es nos canais oficiais da Prefeitura e do Di\u00e1rio Oficial.<\/p>\n","protected":false},"excerpt":{"rendered":"<p>Aguardando in\u00edcio: Processo Seletivo Pref. Vazante (MG) p\/ Enfermeiro e T\u00e9cnico Enfermagem (Fund. a Sup.). Inscri\u00e7\u00f5es a partir de 24\/10. Confira detalhes!<\/p>\n","protected":false},"author":7,"featured_media":273135,"comment_status":"open","ping_status":"open","sticky":false,"template":"","format":"standard","meta":{"_acf_changed":false,"_breakdance_hide_in_design_set":false,"_breakdance_tags":"","footnotes":""},"categories":[6,7,106,11,12,17,18,19,21,22,23,24,26,101,108,143,134],"tags":[50],"_amplo":[],"destaque":[],"instituicoes":[],"class_list":["post-273136","post","type-post","status-publish","format-standard","has-post-thumbnail","hentry","category-biologia","category-biomedicina","category-bioquimica","category-educacao-fisica","category-enfermagem","category-farmacia","category-fisioterapia","category-fonoaudiologia","category-medicina","category-veterinaria","category-nutricao","category-odontologia","category-psicologia","category-servico-social","category-tecnico-enfermagem","category-tecnico-odontologia","category-terapia-ocupacional","tag-minas-gerais"],"acf":{"_tipo_vagas":"vagas","_numero_vagas":"","_quadro_vagas":"","_cargos":"diversos","_cargos_especificos":"","_salario_max":"R$ 2862.08","_abertura":"20251024","_encerramento":"20251030","_inscricoes":"http:\/\/www.vazante.mg.gov.br","_executora_concurso":"","_instituicao_concurso":[],"_link_adicional":null,"_anexos":null,"_produtos":null,"_vagas":"CR","_salario_min":"R$ 1558.04","_instituicao":"Prefeitura de Vazante","_edital":"https:\/\/www.agrobase.com.br\/concursos\/wp-content\/uploads\/sites\/4\/2025\/10\/edital-03-2026-prefeitura-de-vazante-mg.pdf","_anexos_edital":"","_fund_incompleto":"<div>\r\n<table class=\"quadro\">\r\n<thead>\r\n<tr>\r\n<th class=\"hcargo\">Cargo<\/th>\r\n\r\n<th class=\"hremuneracao\">Remunera\u00e7\u00e3o<\/th>\r\n<\/tr>\r\n<\/thead>\r\n    <tbody>\r\n      <td class=\"ccargos\">\r\n<span data-balloon-length=\"medium\" aria-label=\"Ensino Fundamental Incompleto.\" data-balloon-pos=\"up\">Agente de Apoio da Sa\u00fade 1 - Auxiliar de Servi\u00e7os Gerais<\/span><\/td>\r\n\r\n<td class=\"cremuneracao\">R$ 1.558,04 \/40h<\/td>\r\n<\/tr><td class=\"ccargos\">\r\n<span data-balloon-length=\"medium\" aria-label=\"Ensino Fundamental Incompleto.\" data-balloon-pos=\"up\">Agente de Apoio da Sa\u00fade 1 - Auxiliar de Lavanderia<\/span><\/td>\r\n\r\n<td class=\"cremuneracao\">R$ 1.558,04 \/40h<\/td>\r\n<\/tr><td class=\"ccargos\">\r\n<span data-balloon-length=\"medium\" aria-label=\"Ensino Fundamental Incompleto.\" data-balloon-pos=\"up\">Agente de Apoio da Sa\u00fade 1 - Cantineiro<\/span><\/td>\r\n\r\n<td class=\"cremuneracao\">R$ 1.558,04 \/40h<\/td>\r\n<\/tr><td class=\"ccargos\">\r\n<span data-balloon-length=\"medium\" aria-label=\"Ensino Fundamental Incompleto.\" data-balloon-pos=\"up\">Agente de Apoio da Sa\u00fade 1 - Oper\u00e1rio Apoio da Sa\u00fade<\/span><\/td>\r\n\r\n<td class=\"cremuneracao\">R$ 1.558,04 \/40h<\/td>\r\n<\/tr><td class=\"ccargos\">\r\n<span data-balloon-length=\"medium\" aria-label=\"Ensino Fundamental Incompleto e Carteira Nacional de Habilita\u00e7\u00e3o na categoria 'D', prova pr\u00e1tica na condu\u00e7\u00e3o.\" data-balloon-pos=\"up\">Motorista de Apoio da Sa\u00fade<\/span><\/td>\r\n\r\n<td class=\"cremuneracao\">R$ 1.908,04 \/40h<\/td>\r\n<\/tr>\r\n    <\/tbody>\r\n  <\/table>\r\n<\/div>","_fund_completo":"","_medio":"<div>\r\n<table class=\"quadro\">\r\n<thead>\r\n<tr>\r\n<th class=\"hcargo\">Cargo<\/th>\r\n\r\n<th class=\"hremuneracao\">Remunera\u00e7\u00e3o<\/th>\r\n<\/tr>\r\n<\/thead>\r\n    <tbody>\r\n      <td class=\"ccargos\">\r\n<span data-balloon-length=\"medium\" aria-label=\"Ensino M\u00e9dio Completo.\" data-balloon-pos=\"up\">Agente de Apoio da Sa\u00fade 3 - Assistente T\u00e9cnico de Apoio da Sa\u00fade<\/span><\/td>\r\n\r\n<td class=\"cremuneracao\">R$ 1.653,65 \/40h<\/td>\r\n<\/tr><td class=\"ccargos\">\r\n<span data-balloon-length=\"medium\" aria-label=\"Curso T\u00e9cnico em Enfermagem, registro e regularidade no COREN.\" data-balloon-pos=\"up\">T\u00e9cnico de Servi\u00e7os de Sa\u00fade - T\u00e9cnico de Enfermagem<\/span><\/td>\r\n\r\n<td class=\"cremuneracao\">R$ 1.908,04 \/40h<\/td>\r\n<\/tr><td class=\"ccargos\">\r\n<span data-balloon-length=\"medium\" aria-label=\"Ensino M\u00e9dio completo e comprova\u00e7\u00e3o de experi\u00eancia nas fun\u00e7\u00f5es t\u00edpicas da especialidade de no m\u00ednimo 06 meses (atrav\u00e9s de carteira de trabalho, atestados t\u00e9cnicos\/declara\u00e7\u00f5es fornecidas por entidades p\u00fablicas ou c\u00f3pia de contrato de presta\u00e7\u00e3o de servi\u00e7os). Inscri\u00e7\u00e3o ou Regularidade no Conselho de Classe.\" data-balloon-pos=\"up\">Assistente de Servi\u00e7os de Sa\u00fade - Auxiliar de Sa\u00fade Bucal<\/span><\/td>\r\n\r\n<td class=\"cremuneracao\">R$ 1.702,93 \/40h<\/td>\r\n<\/tr><td class=\"ccargos\">\r\n<span data-balloon-length=\"medium\" aria-label=\"Qualifica\u00e7\u00e3o em Curso T\u00e9cnico em Radiologia. Registro e regularidade no Conselho de Classe pertinente. Curso de transporte de passageiros e primeiros socorros.\" data-balloon-pos=\"up\">T\u00e9cnico de Servi\u00e7os de Sa\u00fade - T\u00e9cnico em Radiologia<\/span><\/td>\r\n\r\n<td class=\"cremuneracao\">R$ 1.908,04 \/24h<\/td>\r\n<\/tr>\r\n    <\/tbody>\r\n  <\/table>\r\n<\/div>","_superior":"<div>\r\n<table class=\"quadro\">\r\n<thead>\r\n<tr>\r\n<th class=\"hcargo\">Cargo<\/th>\r\n\r\n<th class=\"hremuneracao\">Remunera\u00e7\u00e3o<\/th>\r\n<\/tr>\r\n<\/thead>\r\n    <tbody>\r\n      <tr>\r\n<td class=\"ccargos\">\r\n<span data-balloon-length=\"medium\" aria-label=\"Forma\u00e7\u00e3o superior em Enfermagem, Farm\u00e1cia, Bioqu\u00edmica, Biomedicina, Nutri\u00e7\u00e3o, Medicina ou Medicina Veterin\u00e1ria.\" data-balloon-pos=\"up\">Fiscal Municipal - Fiscal Sanit\u00e1rio<\/span><\/td>\r\n\r\n<td class=\"cremuneracao\">R$ 2.385,07 \/40h<\/td>\r\n<\/tr><tr>\r\n<td class=\"ccargos\">\r\n<span data-balloon-length=\"medium\" aria-label=\"Curso Superior em Enfermagem, registro e regularidade no Conselho Regional de Enfermagem.\" data-balloon-pos=\"up\">Especialista de Servi\u00e7os de Sa\u00fade 1 - Enfermeiro<\/span><\/td>\r\n\r\n<td class=\"cremuneracao\">R$ 2.862,08 \/40h<\/td>\r\n<\/tr><tr>\r\n<td class=\"ccargos\">\r\n<span data-balloon-length=\"medium\" aria-label=\"Curso Superior em Fisioterapia com registro e regularidade no Conselho Regional de Fisioterapia.\" data-balloon-pos=\"up\">Especialista de Servi\u00e7os de Sa\u00fade 1 - Fisioterapeuta<\/span><\/td>\r\n\r\n<td class=\"cremuneracao\">R$ 2.146,56 \/30h<\/td>\r\n<\/tr><tr>\r\n<td class=\"ccargos\">\r\n<span data-balloon-length=\"medium\" aria-label=\"Curso Superior em Fonoaudiologia com registro e regularidade no Conselho Regional de Fonoaudiologia.\" data-balloon-pos=\"up\">Especialista de Servi\u00e7os de Sa\u00fade 1 - Fonoaudi\u00f3loga<\/span><\/td>\r\n\r\n<td class=\"cremuneracao\">R$ 2.146,56 \/30h<\/td>\r\n<\/tr><tr>\r\n<td class=\"ccargos\">\r\n<span data-balloon-length=\"medium\" aria-label=\"Curso Superior em Farm\u00e1cia com registro e regularidade no Conselho Regional de Farm\u00e1cia.\" data-balloon-pos=\"up\">Especialista de Servi\u00e7os de Sa\u00fade 1 - Farmac\u00eautico<\/span><\/td>\r\n\r\n<td class=\"cremuneracao\">R$ 2.146,56 \/30h<\/td>\r\n<\/tr><tr>\r\n<td class=\"ccargos\">\r\n<span data-balloon-length=\"medium\" aria-label=\"Gradua\u00e7\u00e3o em Servi\u00e7o Social com registro e regularidade no Conselho Regional da Categoria.\" data-balloon-pos=\"up\">Especialista de Servi\u00e7os de Sa\u00fade 1 - Assistente Social de Apoio da Sa\u00fade<\/span><\/td>\r\n\r\n<td class=\"cremuneracao\">R$ 2.146,56 \/30h<\/td>\r\n<\/tr><tr>\r\n<td class=\"ccargos\">\r\n<span data-balloon-length=\"medium\" aria-label=\"Curso Superior em Terapia Ocupacional, inscri\u00e7\u00e3o e regularidade no Conselho Regional de Fisioterapia e Terapia Ocupacional.\" data-balloon-pos=\"up\">Especialista de Servi\u00e7os de Sa\u00fade 1 - Terapeuta Ocupacional<\/span><\/td>\r\n\r\n<td class=\"cremuneracao\">R$ 2.146,56 \/30h<\/td>\r\n<\/tr><tr>\r\n<td class=\"ccargos\">\r\n<span data-balloon-length=\"medium\" aria-label=\"Curso Superior em Educa\u00e7\u00e3o F\u00edsica, bacharelado, com registro no Conselho Regional de Educa\u00e7\u00e3o F\u00edsica.\" data-balloon-pos=\"up\">Especialista de Servi\u00e7os de Sa\u00fade 1 - Educador F\u00edsico de Apoio \u00e0 Sa\u00fade<\/span><\/td>\r\n\r\n<td class=\"cremuneracao\">R$ 2.862,08 \/40h<\/td>\r\n<\/tr><tr>\r\n<td class=\"ccargos\">\r\n<span data-balloon-length=\"medium\" aria-label=\"Curso Superior em Nutri\u00e7\u00e3o com registro e regularidade no Conselho Regional de Nutri\u00e7\u00e3o.\" data-balloon-pos=\"up\">Especialista de Servi\u00e7os de Sa\u00fade 1 - Nutricionista<\/span><\/td>\r\n\r\n<td class=\"cremuneracao\">R$ 2.146,56 \/30h<\/td>\r\n<\/tr><tr>\r\n<td class=\"ccargos\">\r\n<span data-balloon-length=\"medium\" aria-label=\"Curso Superior em Psicologia com registro e regularidade no Conselho Regional de Psicologia.\" data-balloon-pos=\"up\">Especialista de Servi\u00e7os de Sa\u00fade 1 - Psic\u00f3logo<\/span><\/td>\r\n\r\n<td class=\"cremuneracao\">R$ 2.146,56 \/30h<\/td>\r\n<\/tr><tr>\r\n<td class=\"ccargos\">\r\n<span data-balloon-length=\"medium\" aria-label=\"Gradua\u00e7\u00e3o em Biologia, Biomedicina ou Bioqu\u00edmica, com registro e regularidade no respectivo Conselho de Classe profissional.\" data-balloon-pos=\"up\">Especialista de Servi\u00e7os de Sa\u00fade 1 - Bi\u00f3logo, Biom\u00e9dico ou Bioqu\u00edmico<\/span><\/td>\r\n\r\n<td class=\"cremuneracao\">R$ 2.146,56 \/30h<\/td>\r\n<\/tr><tr>\r\n<td class=\"ccargos\">\r\n<span data-balloon-length=\"medium\" aria-label=\"Curso Superior em Odontologia com registro e regularidade no Conselho Regional de Odontologia, especializa\u00e7\u00e3o em Endodontia.\" data-balloon-pos=\"up\">Profissional de Odontologia - Odont\u00f3logo com especialidade em Endodontia<\/span><\/td>\r\n\r\n<td class=\"cremuneracao\">R$ 2.862,08 \/20h<\/td>\r\n<\/tr><tr>\r\n<td class=\"ccargos\">\r\n<span data-balloon-length=\"medium\" aria-label=\"Curso Superior em Odontologia com registro e regularidade no Conselho Regional de Odontologia, especializa\u00e7\u00e3o em Cirurgia Oral.\" data-balloon-pos=\"up\">Profissional de Odontologia - Odont\u00f3logo com especialidade em Cirurgia Oral<\/span><\/td>\r\n\r\n<td class=\"cremuneracao\">R$ 2.862,08 \/20h<\/td>\r\n<\/tr><tr>\r\n<td class=\"ccargos\">\r\n<span data-balloon-length=\"medium\" aria-label=\"Curso Superior em Odontologia com registro e regularidade no Conselho Regional de Odontologia.\" data-balloon-pos=\"up\">Profissional de Odontologia - Odont\u00f3logo N1<\/span><\/td>\r\n\r\n<td class=\"cremuneracao\">R$ 2.862,08 \/20h<\/td>\r\n<\/tr><tr>\r\n<td class=\"ccargos\">\r\n<span data-balloon-length=\"medium\" aria-label=\"Curso Superior em Medicina Veterin\u00e1ria com registro no Conselho Regional de Medicina Veterin\u00e1ria.\" data-balloon-pos=\"up\">Especialista de Servi\u00e7os de Sa\u00fade 2 - M\u00e9dico Veterin\u00e1rio<\/span><\/td>\r\n\r\n<td class=\"cremuneracao\">R$ 2.862,08 \/20h<\/td>\r\n<\/tr>\r\n    <\/tbody>\r\n  <\/table>\r\n<\/div>"},"_links":{"self":[{"href":"https:\/\/www.agrobase.com.br\/concursos\/wp-json\/wp\/v2\/posts\/273136","targetHints":{"allow":["GET"]}}],"collection":[{"href":"https:\/\/www.agrobase.com.br\/concursos\/wp-json\/wp\/v2\/posts"}],"about":[{"href":"https:\/\/www.agrobase.com.br\/concursos\/wp-json\/wp\/v2\/types\/post"}],"author":[{"embeddable":true,"href":"https:\/\/www.agrobase.com.br\/concursos\/wp-json\/wp\/v2\/users\/7"}],"replies":[{"embeddable":true,"href":"https:\/\/www.agrobase.com.br\/concursos\/wp-json\/wp\/v2\/comments?post=273136"}],"version-history":[{"count":1,"href":"https:\/\/www.agrobase.com.br\/concursos\/wp-json\/wp\/v2\/posts\/273136\/revisions"}],"predecessor-version":[{"id":273138,"href":"https:\/\/www.agrobase.com.br\/concursos\/wp-json\/wp\/v2\/posts\/273136\/revisions\/273138"}],"wp:featuredmedia":[{"embeddable":true,"href":"https:\/\/www.agrobase.com.br\/concursos\/wp-json\/wp\/v2\/media\/273135"}],"wp:attachment":[{"href":"https:\/\/www.agrobase.com.br\/concursos\/wp-json\/wp\/v2\/media?parent=273136"}],"wp:term":[{"taxonomy":"category","embeddable":true,"href":"https:\/\/www.agrobase.com.br\/concursos\/wp-json\/wp\/v2\/categories?post=273136"},{"taxonomy":"post_tag","embeddable":true,"href":"https:\/\/www.agrobase.com.br\/concursos\/wp-json\/wp\/v2\/tags?post=273136"},{"taxonomy":"_amplo","embeddable":true,"href":"https:\/\/www.agrobase.com.br\/concursos\/wp-json\/wp\/v2\/_amplo?post=273136"},{"taxonomy":"destaque","embeddable":true,"href":"https:\/\/www.agrobase.com.br\/concursos\/wp-json\/wp\/v2\/destaque?post=273136"},{"taxonomy":"instituicoes","embeddable":true,"href":"https:\/\/www.agrobase.com.br\/concursos\/wp-json\/wp\/v2\/instituicoes?post=273136"}],"curies":[{"name":"wp","href":"https:\/\/api.w.org\/{rel}","templated":true}]}}