{"id":273098,"date":"2025-10-28T07:40:39","date_gmt":"2025-10-28T10:40:39","guid":{"rendered":"https:\/\/www.agrobase.com.br\/concursos\/?p=273098"},"modified":"2025-10-27T14:14:07","modified_gmt":"2025-10-27T17:14:07","slug":"prefeitura-nhandeara-sp-selecao-publica-02-2025","status":"publish","type":"post","link":"https:\/\/www.agrobase.com.br\/concursos\/2025\/prefeitura-nhandeara-sp-selecao-publica-02-2025\/","title":{"rendered":"Prefeitura Nhandeara (SP) &#8211; Sele\u00e7\u00e3o P\u00fablica 02\/2025"},"content":{"rendered":"<h2>Informa\u00e7\u00f5es Gerais<\/h2>\n<p>O Processo Seletivo n\u00ba 002\/2025 da <strong>Prefeitura Municipal de Nhandeara<\/strong>, no Estado de S\u00e3o Paulo, est\u00e1 com <strong>edital publicado<\/strong> e inscri\u00e7\u00f5es abertas para forma\u00e7\u00e3o de cadastro reserva em diversas fun\u00e7\u00f5es p\u00fablicas. Organizado pela CMM Assessoria e Consultoria em Gest\u00e3o P\u00fablica, o certame visa atender <strong>necessidades tempor\u00e1rias do interesse p\u00fablico<\/strong>, conforme o artigo 37, inciso IX, da Constitui\u00e7\u00e3o Federal.<\/p>\n<p>O processo contempla oportunidades para profissionais de <strong>n\u00edveis fundamental (incompleto e completo), m\u00e9dio\/t\u00e9cnico e superior<\/strong>, com sal\u00e1rios que variam de <strong>R$ 1.518,00 a R$ 4.152,78<\/strong>, conforme a fun\u00e7\u00e3o e carga hor\u00e1ria. As \u00e1reas contempladas incluem educa\u00e7\u00e3o, sa\u00fade, servi\u00e7os urbanos e administrativos.<\/p>\n<p>Entre os cargos de destaque, h\u00e1 vagas para <strong>Nutricionista<\/strong>, fun\u00e7\u00e3o de interesse especial para candidatos da \u00e1rea de Nutri\u00e7\u00e3o. Tamb\u00e9m h\u00e1 oportunidades para profissionais da educa\u00e7\u00e3o, sa\u00fade e servi\u00e7os gerais.<\/p>\n<p>Se voc\u00ea busca uma oportunidade no servi\u00e7o p\u00fablico municipal, continue a leitura para conhecer os detalhes sobre inscri\u00e7\u00f5es, etapas e cronograma de resultados.<\/p>\n<h2>Inscri\u00e7\u00f5es<\/h2>\n<p>As inscri\u00e7\u00f5es para o Processo Seletivo da Prefeitura de Nhandeara est\u00e3o <strong>abertas<\/strong> e devem ser realizadas <strong>exclusivamente pela internet<\/strong>, no site <a href=\"https:\/\/www.cmmconcursos.com.br\" target=\"_blank\" rel=\"noopener\">www.cmmconcursos.com.br<\/a>, entre os dias <strong>26 de outubro e 09 de novembro de 2025<\/strong>, at\u00e9 \u00e0s 23h30min.<\/p>\n<p>Para se inscrever, o candidato deve acessar a &#8220;\u00c1rea do Candidato&#8221;, realizar o cadastro (ou login, se j\u00e1 for cadastrado), selecionar o processo seletivo e a fun\u00e7\u00e3o desejada, preencher os dados e finalizar a inscri\u00e7\u00e3o. Ap\u00f3s esse processo, \u00e9 necess\u00e1rio <strong>imprimir o boleto banc\u00e1rio<\/strong> e efetuar o pagamento at\u00e9 o primeiro dia \u00fatil ap\u00f3s o encerramento das inscri\u00e7\u00f5es.<\/p>\n<p>O valor da taxa de inscri\u00e7\u00e3o varia conforme o cargo, e j\u00e1 inclui despesas banc\u00e1rias. A inscri\u00e7\u00e3o ser\u00e1 validada apenas ap\u00f3s o pagamento do boleto dentro do prazo. N\u00e3o ser\u00e3o aceitos pagamentos via caixas eletr\u00f4nicos, transfer\u00eancias ou agendamentos.<\/p>\n<p>Pedidos de isen\u00e7\u00e3o da taxa devem seguir os crit\u00e9rios estabelecidos no edital. Ap\u00f3s a homologa\u00e7\u00e3o das inscri\u00e7\u00f5es, ser\u00e1 publicado o escalonamento com a rela\u00e7\u00e3o dos candidatos inscritos. Em caso de problemas, o candidato deve entrar em contato com a banca organizadora pelo e-mail <a href=\"mailto:contato@cmmconcursos.com\">contato@cmmconcursos.com<\/a>.<\/p>\n<p>Recomenda-se fortemente a leitura atenta do edital completo para garantir o correto preenchimento da inscri\u00e7\u00e3o e o cumprimento de todos os requisitos.<\/p>\n<h2>Etapas e Provas<\/h2>\n<p>O Processo Seletivo ser\u00e1 composto por at\u00e9 tr\u00eas etapas, conforme o cargo:<\/p>\n<ul>\n<li><strong>Prova Objetiva<\/strong> (eliminat\u00f3ria e classificat\u00f3ria): aplicada a todos os cargos, com 25 quest\u00f5es de m\u00faltipla escolha, valendo at\u00e9 100 pontos. A prova ter\u00e1 dura\u00e7\u00e3o de 3 horas e ser\u00e1 realizada em dois turnos (manh\u00e3 e tarde), conforme o cargo. O candidato deve obter no m\u00ednimo 40 pontos para n\u00e3o ser eliminado.<\/li>\n<li><strong>Prova Pr\u00e1tica<\/strong> (eliminat\u00f3ria e classificat\u00f3ria): exclusiva para o cargo de Motorista. Avalia habilidades t\u00e9cnicas por meio de exame de dire\u00e7\u00e3o veicular com dura\u00e7\u00e3o de at\u00e9 20 minutos. O candidato ser\u00e1 avaliado por faltas classificadas em leves, m\u00e9dias, graves, grav\u00edssimas ou eliminat\u00f3rias. A nota m\u00ednima para aprova\u00e7\u00e3o \u00e9 de 40 pontos.<\/li>\n<li><strong>Prova de T\u00edtulos<\/strong> (classificat\u00f3ria): destinada aos cargos de Professor (Educa\u00e7\u00e3o B\u00e1sica I, AEE, Artes, Educa\u00e7\u00e3o F\u00edsica, Ingl\u00eas) e Psicopedagoga. Os t\u00edtulos devem ser entregues no dia da prova objetiva, em envelope identificado, e poder\u00e3o somar at\u00e9 11 pontos. Apenas candidatos aprovados na prova objetiva ter\u00e3o os t\u00edtulos considerados.<\/li>\n<\/ul>\n<p>As provas objetivas est\u00e3o previstas para o dia 30 de novembro de 2025. Os candidatos devem acompanhar o site da banca organizadora para confirma\u00e7\u00e3o de datas, locais e hor\u00e1rios. A leitura completa do edital \u00e9 essencial para conhecer os conte\u00fados cobrados, crit\u00e9rios de avalia\u00e7\u00e3o e demais orienta\u00e7\u00f5es.<\/p>\n<h2>Resultados e Gabarito<\/h2>\n<p>O cronograma do Processo Seletivo prev\u00ea a <strong>divulga\u00e7\u00e3o do gabarito preliminar<\/strong> no dia <strong>1\u00ba de dezembro de 2025<\/strong>, com prazo para interposi\u00e7\u00e3o de recursos nos dias 2 e 3 de dezembro. O <strong>resultado preliminar<\/strong> ser\u00e1 publicado em <strong>15 de dezembro de 2025<\/strong>, seguido de prazo recursal nos dias 16 e 17 de dezembro.<\/p>\n<p>As <strong>provas pr\u00e1ticas<\/strong> e a <strong>avalia\u00e7\u00e3o de t\u00edtulos<\/strong> ocorrer\u00e3o entre os meses de novembro e janeiro, com datas e locais a serem divulgados em editais espec\u00edficos. A <strong>classifica\u00e7\u00e3o final<\/strong> e a <strong>homologa\u00e7\u00e3o<\/strong> do certame tamb\u00e9m est\u00e3o previstas para esse per\u00edodo.<\/p>\n<p>Os crit\u00e9rios de desempate incluem: idade igual ou superior a 60 anos, maior n\u00famero de acertos nas disciplinas espec\u00edficas, portugu\u00eas, matem\u00e1tica\/racioc\u00ednio l\u00f3gico, inform\u00e1tica (se houver), conhecimentos gerais (se houver) e maior idade. Persistindo o empate, ser\u00e1 realizado sorteio com base na Loteria Federal.<\/p>\n<p>A <strong>homologa\u00e7\u00e3o final<\/strong> poder\u00e1 ocorrer por fun\u00e7\u00e3o ou em conjunto, a crit\u00e9rio da Administra\u00e7\u00e3o. A convoca\u00e7\u00e3o dos aprovados ser\u00e1 feita conforme necessidade do munic\u00edpio e disponibilidade de vagas, respeitando a ordem de classifica\u00e7\u00e3o. Os candidatos devem acompanhar todas as publica\u00e7\u00f5es oficiais no site <a href=\"https:\/\/www.cmmconcursos.com.br\" target=\"_blank\" rel=\"noopener\">www.cmmconcursos.com.br<\/a> e no Di\u00e1rio Oficial do Munic\u00edpio.<\/p>\n<p><strong>\u00c9 de responsabilidade exclusiva do candidato<\/strong> acompanhar as atualiza\u00e7\u00f5es, resultados e convoca\u00e7\u00f5es divulgadas pela banca organizadora.<\/p>\n","protected":false},"excerpt":{"rendered":"<p>Processo Seletivo Pref. Nhandeara (SP) com edital publicado! Vagas p\/ Professor, Agente Sa\u00fade (Fund. a Sup.). Inscri\u00e7\u00f5es a partir de 26\/10. Confira detalhes!<\/p>\n","protected":false},"author":7,"featured_media":273097,"comment_status":"open","ping_status":"open","sticky":false,"template":"","format":"standard","meta":{"_acf_changed":false,"_breakdance_hide_in_design_set":false,"_breakdance_tags":"","footnotes":""},"categories":[141,6434,19,6871,23,25,26,108,134],"tags":[62],"_amplo":[],"destaque":[],"instituicoes":[],"class_list":["post-273098","post","type-post","status-publish","format-standard","has-post-thumbnail","hentry","category-educacao-artistica","category-educacao-fisica-licenciatura","category-fonoaudiologia","category-letras-ingles","category-nutricao","category-pedagogia","category-psicologia","category-tecnico-enfermagem","category-terapia-ocupacional","tag-sao-paulo"],"acf":{"_tipo_vagas":"vagas","_numero_vagas":"","_quadro_vagas":"","_cargos":"diversos","_cargos_especificos":"","_salario_max":"R$ 4152.78","_abertura":"20251026","_encerramento":"20251109","_inscricoes":"https:\/\/www.cmmconcursos.com.br","_executora_concurso":"","_instituicao_concurso":[],"_link_adicional":null,"_anexos":null,"_produtos":null,"_vagas":"CR","_salario_min":"R$ 1518","_instituicao":"Prefeitura de Nhandeara","_edital":"https:\/\/www.agrobase.com.br\/concursos\/wp-content\/uploads\/sites\/4\/2025\/10\/edital-02-2025-prefeitura-de-nhandeara-sp.pdf","_anexos_edital":"https:\/\/www.agrobase.com.br\/concursos\/wp-content\/uploads\/sites\/4\/2025\/10\/anexos-edital-02-2025-prefeitura-de-nhandeara-sp.pdf","_fund_incompleto":"<div>\r\n<table class=\"quadro\">\r\n<thead>\r\n<tr>\r\n<th class=\"hcargo\">Cargo<\/th>\r\n<th class=\"hvagas\">Vagas<\/th>\r\n<th class=\"hremuneracao\">Remunera\u00e7\u00e3o<\/th>\r\n<\/tr>\r\n<\/thead>\r\n    <tbody>\r\n      <td class=\"ccargos\">\r\n<span data-balloon-length=\"medium\" aria-label=\"Ensino Fundamental Incompleto.\" data-balloon-pos=\"up\">COVEIRO<\/span><\/td>\r\n<td class=\"cvagas\">CR<\/td>\r\n<td class=\"cremuneracao\">R$ 1.518,00 \/44h<\/td>\r\n<\/tr><td class=\"ccargos\">\r\n<span data-balloon-length=\"medium\" aria-label=\"Ensino Fundamental Incompleto.\" data-balloon-pos=\"up\">SERVI\u00c7OS GERAIS MASCULINO<\/span><\/td>\r\n<td class=\"cvagas\">CR<\/td>\r\n<td class=\"cremuneracao\">R$ 1.518,00 \/44h<\/td>\r\n<\/tr><td class=\"ccargos\">\r\n<span data-balloon-length=\"medium\" aria-label=\"Ensino Fundamental Incompleto\" data-balloon-pos=\"up\">SERVI\u00c7OS GERAIS FEMININO<\/span><\/td>\r\n<td class=\"cvagas\">CR<\/td>\r\n<td class=\"cremuneracao\">R$ 1.518,00 \/44h<\/td>\r\n<\/tr><td class=\"ccargos\">\r\n<span data-balloon-length=\"medium\" aria-label=\"Ensino Fundamental Incompleto\" data-balloon-pos=\"up\">COLETOR DE LIXO MASCULINO<\/span><\/td>\r\n<td class=\"cvagas\">CR<\/td>\r\n<td class=\"cremuneracao\">R$ 1.518,00 \/40h<\/td>\r\n<\/tr>\r\n    <\/tbody>\r\n  <\/table>\r\n<\/div>","_fund_completo":"<div>\r\n<table class=\"quadro\">\r\n<thead>\r\n<tr>\r\n<th class=\"hcargo\">Cargo<\/th>\r\n<th class=\"hvagas\">Vagas<\/th>\r\n<th class=\"hremuneracao\">Remunera\u00e7\u00e3o<\/th>\r\n<\/tr>\r\n<\/thead>\r\n    <tbody>\r\n      <td class=\"ccargos\">\r\n<span data-balloon-length=\"medium\" data-balloon-pos=\"up\">MOTORISTA<\/span><\/td>\r\n<td class=\"cvagas\">CR<\/td>\r\n<td class=\"cremuneracao\">R$ 1.954,26 \/44h<\/td>\r\n<\/tr>\r\n    <\/tbody>\r\n  <\/table>\r\n<\/div>","_medio":"<div>\r\n<table class=\"quadro\">\r\n<thead>\r\n<tr>\r\n<th class=\"hcargo\">Cargo<\/th>\r\n<th class=\"hvagas\">Vagas<\/th>\r\n<th class=\"hremuneracao\">Remunera\u00e7\u00e3o<\/th>\r\n<\/tr>\r\n<\/thead>\r\n    <tbody>\r\n      <td class=\"ccargos\">\r\n<span data-balloon-length=\"medium\" aria-label=\"Ensino M\u00e9dio Completo.\" data-balloon-pos=\"up\">ASSISTENTE DE DESENVOLVIMENTO INFANTIL E FUNDAMENTAL<\/span><\/td>\r\n<td class=\"cvagas\">CR<\/td>\r\n<td class=\"cremuneracao\">R$ 1.779,33 \/40h<\/td>\r\n<\/tr><td class=\"ccargos\">\r\n<span data-balloon-length=\"medium\" aria-label=\"Ensino M\u00e9dio Completo conforme Lei Federal 11.350 de 05 de outubro de 2006 e residir na \u00e1rea de comunidade em que atuar desde a data da publica\u00e7\u00e3o do edital.\" data-balloon-pos=\"up\">AGENTE COMUNIT\u00c1RIO DE SA\u00daDE<\/span><\/td>\r\n<td class=\"cvagas\">CR<\/td>\r\n<td class=\"cremuneracao\">R$ 2.979,62 \/40h<\/td>\r\n<\/tr><td class=\"ccargos\">\r\n<span data-balloon-length=\"medium\" aria-label=\"Ensino M\u00e9dio Completo, Curso T\u00e9cnico Espec\u00edfico e Registro no COREN\" data-balloon-pos=\"up\">T\u00c9CNICO EM ENFERMAGEM<\/span><\/td>\r\n<td class=\"cvagas\">CR<\/td>\r\n<td class=\"cremuneracao\">R$ 1.954,26 \/30h<\/td>\r\n<\/tr>\r\n    <\/tbody>\r\n  <\/table>\r\n<\/div>","_superior":"<div>\r\n<table class=\"quadro\">\r\n<thead>\r\n<tr>\r\n<th class=\"hcargo\">Cargo<\/th>\r\n<th class=\"hvagas\">Vagas<\/th>\r\n<th class=\"hremuneracao\">Remunera\u00e7\u00e3o<\/th>\r\n<\/tr>\r\n<\/thead>\r\n    <tbody>\r\n      <tr>\r\n<td class=\"ccargos\">\r\n<span data-balloon-length=\"medium\" aria-label=\"Ensino Superior Completo em Fonoaudiologia e Registro no CREFONO.\" data-balloon-pos=\"up\">FONOAUDI\u00d3LOGA<\/span><\/td>\r\n<td class=\"cvagas\">CR<\/td>\r\n<td class=\"cremuneracao\">R$ 3.124,36 \/20h<\/td>\r\n<\/tr><tr>\r\n<td class=\"ccargos\">\r\n<span data-balloon-length=\"medium\" aria-label=\"Ensino Superior em Nutri\u00e7\u00e3o e Registro no CRN.\" data-balloon-pos=\"up\">NUTRICIONISTA<\/span><\/td>\r\n<td class=\"cvagas\">CR<\/td>\r\n<td class=\"cremuneracao\">R$ 3.124,36 \/20h<\/td>\r\n<\/tr><tr>\r\n<td class=\"ccargos\">\r\n<span data-balloon-length=\"medium\" aria-label=\"Ensino Superior Completo \u2013 Licenciatura de Gradua\u00e7\u00e3o Plena em Pedagogia e especializa\u00e7\u00e3o em Educa\u00e7\u00e3o Especial.\" data-balloon-pos=\"up\">PROFESSOR DE AEE \u2013 ATENDIMENTO EDUCACIONAL ESPECIALIZADO<\/span><\/td>\r\n<td class=\"cvagas\">CR<\/td>\r\n<td class=\"cremuneracao\">R$ 3.775,80 \/30h<\/td>\r\n<\/tr><tr>\r\n<td class=\"ccargos\">\r\n<span data-balloon-length=\"medium\" aria-label=\"Ensino Superior Completo - Licenciatura de Gradua\u00e7\u00e3o Plena em Pedagogia.\" data-balloon-pos=\"up\">PROFESSOR DE EDUCA\u00c7\u00c3O B\u00c1SICA I<\/span><\/td>\r\n<td class=\"cvagas\">CR<\/td>\r\n<td class=\"cremuneracao\">R$ 3.775,80 \/30h<\/td>\r\n<\/tr><tr>\r\n<td class=\"ccargos\">\r\n<span data-balloon-length=\"medium\" aria-label=\"Ensino Superior, Gradua\u00e7\u00e3o em Licenciatura Plena com Habilita\u00e7\u00e3o espec\u00edfica na Disciplina Pr\u00f3pria, ou Curso Superior em \u00c1rea Correspondente com Complementa\u00e7\u00e3o nos termos da Legisla\u00e7\u00e3o Vigente.\" data-balloon-pos=\"up\">PROFESSOR DE EDUCA\u00c7\u00c3O B\u00c1SICA II \u2013 ARTES<\/span><\/td>\r\n<td class=\"cvagas\">CR<\/td>\r\n<td class=\"cremuneracao\">R$ 3.775,80 \/30h<\/td>\r\n<\/tr><tr>\r\n<td class=\"ccargos\">\r\n<span data-balloon-length=\"medium\" aria-label=\"Ensino Superior Completo com Licenciatura Plena com Habilita\u00e7\u00e3o Espec\u00edfica em \u00e1rea pr\u00f3pria ou forma\u00e7\u00e3o correspondente e registro no CONFEF\/CREF.\" data-balloon-pos=\"up\">PROFESSOR DE EDUCA\u00c7\u00c3O B\u00c1SICA II \u2013 EDUCA\u00c7\u00c3O F\u00cdSICA<\/span><\/td>\r\n<td class=\"cvagas\">CR<\/td>\r\n<td class=\"cremuneracao\">R$ 3.775,80 \/30h<\/td>\r\n<\/tr><tr>\r\n<td class=\"ccargos\">\r\n<span data-balloon-length=\"medium\" aria-label=\"Ensino Superior, Gradua\u00e7\u00e3o em Licenciatura Plena com Habilita\u00e7\u00e3o espec\u00edfica na Disciplina Pr\u00f3pria, ou Curso Superior em \u00c1rea Correspondente com Complementa\u00e7\u00e3o nos termos da Legisla\u00e7\u00e3o Vigente.\" data-balloon-pos=\"up\">PROFESSOR DE EDUCA\u00c7\u00c3O B\u00c1SICA II - INGL\u00caS<\/span><\/td>\r\n<td class=\"cvagas\">CR<\/td>\r\n<td class=\"cremuneracao\">R$ 3.775,80 \/30h<\/td>\r\n<\/tr><tr>\r\n<td class=\"ccargos\">\r\n<span data-balloon-length=\"medium\" aria-label=\"Ensino Superior em Pedagogia ou Psicologia com especializa\u00e7\u00e3o em psicopedagogia\" data-balloon-pos=\"up\">PSICOPEDAGOGA<\/span><\/td>\r\n<td class=\"cvagas\">CR<\/td>\r\n<td class=\"cremuneracao\">R$ 3.959,79 \/30h<\/td>\r\n<\/tr><tr>\r\n<td class=\"ccargos\">\r\n<span data-balloon-length=\"medium\" aria-label=\"Ensino Superior Completo em Terapia Ocupacional, com registro no Conselho Regional de Fisioterapia e Terapia Ocupacional \u2013 CREFITO.\" data-balloon-pos=\"up\">TERAPEUTA OCUPACIONAL<\/span><\/td>\r\n<td class=\"cvagas\">CR<\/td>\r\n<td class=\"cremuneracao\">R$ 4.152,78 \/30h<\/td>\r\n<\/tr>\r\n    <\/tbody>\r\n  <\/table>\r\n<\/div>"},"_links":{"self":[{"href":"https:\/\/www.agrobase.com.br\/concursos\/wp-json\/wp\/v2\/posts\/273098","targetHints":{"allow":["GET"]}}],"collection":[{"href":"https:\/\/www.agrobase.com.br\/concursos\/wp-json\/wp\/v2\/posts"}],"about":[{"href":"https:\/\/www.agrobase.com.br\/concursos\/wp-json\/wp\/v2\/types\/post"}],"author":[{"embeddable":true,"href":"https:\/\/www.agrobase.com.br\/concursos\/wp-json\/wp\/v2\/users\/7"}],"replies":[{"embeddable":true,"href":"https:\/\/www.agrobase.com.br\/concursos\/wp-json\/wp\/v2\/comments?post=273098"}],"version-history":[{"count":2,"href":"https:\/\/www.agrobase.com.br\/concursos\/wp-json\/wp\/v2\/posts\/273098\/revisions"}],"predecessor-version":[{"id":273103,"href":"https:\/\/www.agrobase.com.br\/concursos\/wp-json\/wp\/v2\/posts\/273098\/revisions\/273103"}],"wp:featuredmedia":[{"embeddable":true,"href":"https:\/\/www.agrobase.com.br\/concursos\/wp-json\/wp\/v2\/media\/273097"}],"wp:attachment":[{"href":"https:\/\/www.agrobase.com.br\/concursos\/wp-json\/wp\/v2\/media?parent=273098"}],"wp:term":[{"taxonomy":"category","embeddable":true,"href":"https:\/\/www.agrobase.com.br\/concursos\/wp-json\/wp\/v2\/categories?post=273098"},{"taxonomy":"post_tag","embeddable":true,"href":"https:\/\/www.agrobase.com.br\/concursos\/wp-json\/wp\/v2\/tags?post=273098"},{"taxonomy":"_amplo","embeddable":true,"href":"https:\/\/www.agrobase.com.br\/concursos\/wp-json\/wp\/v2\/_amplo?post=273098"},{"taxonomy":"destaque","embeddable":true,"href":"https:\/\/www.agrobase.com.br\/concursos\/wp-json\/wp\/v2\/destaque?post=273098"},{"taxonomy":"instituicoes","embeddable":true,"href":"https:\/\/www.agrobase.com.br\/concursos\/wp-json\/wp\/v2\/instituicoes?post=273098"}],"curies":[{"name":"wp","href":"https:\/\/api.w.org\/{rel}","templated":true}]}}