{"id":273093,"date":"2025-10-28T07:30:43","date_gmt":"2025-10-28T10:30:43","guid":{"rendered":"https:\/\/www.agrobase.com.br\/concursos\/?p=273093"},"modified":"2025-10-27T14:06:08","modified_gmt":"2025-10-27T17:06:08","slug":"ufrb-ba-selecao-simplificada-03-2025","status":"publish","type":"post","link":"https:\/\/www.agrobase.com.br\/concursos\/2025\/ufrb-ba-selecao-simplificada-03-2025\/","title":{"rendered":"UFRB (BA) &#8211; Sele\u00e7\u00e3o Simplificada 03\/2025"},"content":{"rendered":"<h2>Informa\u00e7\u00f5es Gerais<\/h2>\n<p>O Minist\u00e9rio da Educa\u00e7\u00e3o, por meio da Universidade Federal do Rec\u00f4ncavo da Bahia (UFRB), publicou o <strong>Edital n\u00ba 03\/2025<\/strong> referente ao <strong>Processo Seletivo Simplificado para contrata\u00e7\u00e3o de Professor Substituto<\/strong>. O certame est\u00e1 com <strong>inscri\u00e7\u00f5es abertas<\/strong> e visa o preenchimento de <strong>38 vagas<\/strong> tempor\u00e1rias em diversas \u00e1reas do conhecimento, sob o regime da Lei n\u00ba 8.745\/1993.<\/p>\n<p>As oportunidades s\u00e3o destinadas exclusivamente a profissionais com <strong>n\u00edvel superior<\/strong>, contemplando \u00e1reas como Ci\u00eancias da Sa\u00fade, Engenharias, Computa\u00e7\u00e3o, Humanidades, Artes e Ci\u00eancias Exatas. Destaque especial para vagas nas \u00e1reas de <strong>Medicina Veterin\u00e1ria<\/strong>, <strong>Engenharia Ambiental<\/strong>, <strong>Nutri\u00e7\u00e3o<\/strong>, <strong>Ci\u00eancia dos Alimentos<\/strong> e <strong>Biologia<\/strong>, de grande interesse para candidatos das ci\u00eancias agr\u00e1rias e da sa\u00fade.<\/p>\n<p>Se voc\u00ea busca uma oportunidade docente no ensino superior federal, continue a leitura para conhecer os detalhes sobre inscri\u00e7\u00f5es, etapas do processo seletivo e cronograma de resultados.<\/p>\n<h2>Inscri\u00e7\u00f5es<\/h2>\n<p>As <strong>inscri\u00e7\u00f5es est\u00e3o abertas<\/strong> e devem ser realizadas exclusivamente <strong>pela internet<\/strong>, no per\u00edodo de <strong>24 de outubro a 6 de novembro de 2025<\/strong>, por meio do sistema de concursos da UFRB: <a href=\"https:\/\/sistemas.ufrb.edu.br\/sigrh\/public\/home.jsf\" target=\"_blank\" rel=\"noopener\">https:\/\/sistemas.ufrb.edu.br\/sigrh\/public\/home.jsf<\/a>.<\/p>\n<p>Ser\u00e1 permitida apenas uma inscri\u00e7\u00e3o por candidato. Em caso de m\u00faltiplas inscri\u00e7\u00f5es, ser\u00e1 considerada apenas a \u00faltima com pagamento confirmado ou isen\u00e7\u00e3o deferida. O candidato dever\u00e1 possuir os recursos tecnol\u00f3gicos necess\u00e1rios para participa\u00e7\u00e3o remota em todas as etapas do processo seletivo, incluindo computador com webcam, microfone e conex\u00e3o de internet est\u00e1vel.<\/p>\n<p>Durante a inscri\u00e7\u00e3o, \u00e9 necess\u00e1rio preencher o requerimento eletr\u00f4nico e anexar documentos obrigat\u00f3rios em formato PDF, como documento de identidade e, se for o caso, comprova\u00e7\u00e3o para solicita\u00e7\u00e3o de isen\u00e7\u00e3o da taxa. A homologa\u00e7\u00e3o da inscri\u00e7\u00e3o depende da confirma\u00e7\u00e3o do pagamento ou deferimento da isen\u00e7\u00e3o.<\/p>\n<p>O sistema n\u00e3o aceita pagamentos fora do prazo ou por modalidades n\u00e3o previstas. Recomenda-se aten\u00e7\u00e3o aos hor\u00e1rios banc\u00e1rios e \u00e0 correta finaliza\u00e7\u00e3o do processo no sistema. Altera\u00e7\u00f5es de dados s\u00f3 ser\u00e3o permitidas durante o per\u00edodo de inscri\u00e7\u00e3o, na \u00e1rea do candidato.<\/p>\n<p>Para mais informa\u00e7\u00f5es sobre crit\u00e9rios de isen\u00e7\u00e3o, documenta\u00e7\u00e3o exigida e orienta\u00e7\u00f5es t\u00e9cnicas, \u00e9 indispens\u00e1vel a leitura atenta do edital completo.<\/p>\n<h2>Etapas e Provas<\/h2>\n<p>O processo seletivo ser\u00e1 realizado <strong>integralmente de forma remota<\/strong> e contar\u00e1 com duas etapas, ambas de car\u00e1ter <strong>eliminat\u00f3rio e classificat\u00f3rio<\/strong>:<\/p>\n<ul>\n<li><strong>Prova de T\u00edtulos (PT):<\/strong> consiste na an\u00e1lise do Barema preenchido pelo candidato, Curr\u00edculo Lattes e documentos comprobat\u00f3rios. Os t\u00edtulos s\u00e3o divididos em quatro categorias: acad\u00eamicos, did\u00e1ticos e profissionais, forma\u00e7\u00e3o complementar e produ\u00e7\u00e3o cient\u00edfica\/art\u00edstica. A nota varia de 0 a 10, sendo desclassificados os candidatos com nota zero. A pontua\u00e7\u00e3o ser\u00e1 ajustada proporcionalmente com base na maior nota obtida entre os concorrentes.<\/li>\n<li><strong>Prova Did\u00e1tica (PD):<\/strong> consiste em uma aula expositiva remota, com dura\u00e7\u00e3o entre 40 e 45 minutos, sobre ponto sorteado previamente. Avalia dom\u00ednio do conte\u00fado, comunica\u00e7\u00e3o, planejamento e uso de recursos did\u00e1ticos. A nota tamb\u00e9m varia de 0 a 10, sendo eliminado o candidato que obtiver nota inferior a 7,0. A prova ser\u00e1 gravada e n\u00e3o haver\u00e1 argui\u00e7\u00e3o pela banca.<\/li>\n<\/ul>\n<p>Apenas os candidatos mais bem classificados na Prova de T\u00edtulos participar\u00e3o da Prova Did\u00e1tica, respeitando crit\u00e9rios de reserva de vagas. A nota final ser\u00e1 composta pela m\u00e9dia ponderada das duas etapas: <strong>Prova de T\u00edtulos (peso 0,3) e Prova Did\u00e1tica (peso 0,7)<\/strong>.<\/p>\n<p>Para detalhes sobre crit\u00e9rios de avalia\u00e7\u00e3o, pontua\u00e7\u00e3o e cronograma, recomenda-se a leitura completa do edital e seus anexos.<\/p>\n<h2>Resultados e Gabarito<\/h2>\n<p>O <strong>resultado preliminar<\/strong> da sele\u00e7\u00e3o ser\u00e1 divulgado na p\u00e1gina oficial do processo seletivo da UFRB (<a href=\"https:\/\/sistemas.ufrb.edu.br\/sigrh\/public\/home.jsf\" target=\"_blank\" rel=\"noopener\">https:\/\/sistemas.ufrb.edu.br\/sigrh\/public\/home.jsf<\/a>), juntamente com as notas da Prova Did\u00e1tica. Os candidatos poder\u00e3o interpor recurso no dia \u00fatil seguinte \u00e0 publica\u00e7\u00e3o, conforme orienta\u00e7\u00f5es espec\u00edficas do edital.<\/p>\n<p>O <strong>resultado final<\/strong> da sele\u00e7\u00e3o, incluindo a distribui\u00e7\u00e3o das reservas de vagas, ser\u00e1 publicado at\u00e9 <strong>20 de mar\u00e7o de 2026<\/strong>, com prazo para recursos at\u00e9 <strong>25 de mar\u00e7o de 2026<\/strong>. A vers\u00e3o definitiva, ap\u00f3s an\u00e1lise dos recursos, ser\u00e1 divulgada at\u00e9 <strong>31 de mar\u00e7o de 2026<\/strong>.<\/p>\n<p>A <strong>homologa\u00e7\u00e3o do resultado final<\/strong> est\u00e1 prevista para publica\u00e7\u00e3o no <strong>Di\u00e1rio Oficial da Uni\u00e3o at\u00e9 7 de abril de 2026<\/strong>. A partir dessa data, inicia-se a vig\u00eancia do processo seletivo, com validade de <strong>12 meses<\/strong>, prorrog\u00e1vel por igual per\u00edodo.<\/p>\n<p>Crit\u00e9rios de desempate incluem: idade igual ou superior a 60 anos, maior nota na Prova Did\u00e1tica, maior nota na Prova de T\u00edtulos e maior idade.<\/p>\n<p>Convoca\u00e7\u00f5es, entrevistas e etapas complementares (como heteroidentifica\u00e7\u00e3o e avalia\u00e7\u00e3o multiprofissional) ser\u00e3o divulgadas em documentos espec\u00edficos no site da UFRB. \u00c9 responsabilidade exclusiva do candidato acompanhar todas as publica\u00e7\u00f5es oficiais no site da banca organizadora e no Di\u00e1rio Oficial da Uni\u00e3o.<\/p>\n","protected":false},"excerpt":{"rendered":"<p>Aguardando in\u00edcio: Processo Seletivo UFRB (BA) com edital publicado! Vagas p\/ Professor Substituto (Superior). Inscri\u00e7\u00f5es a partir de 24\/10. Confira detalhes!<\/p>\n","protected":false},"author":7,"featured_media":273092,"comment_status":"open","ping_status":"open","sticky":false,"template":"","format":"standard","meta":{"_acf_changed":false,"_breakdance_hide_in_design_set":false,"_breakdance_tags":"","footnotes":""},"categories":[3,4,5,6433,7,8,126,121,120,10,117,12,13,14,151,103,142,16,136,17,6436,18,19,155,20,6871,116,21,22,23,26,124,134],"tags":[42],"_amplo":[],"destaque":[],"instituicoes":[],"class_list":["post-273093","post","type-post","status-publish","format-standard","has-post-thumbnail","hentry","category-administracao","category-agronomia","category-arquitetura","category-biologia-licenciatura","category-biomedicina","category-biotecnologia","category-ciencia-computacao","category-ciencias-sociais","category-comunicacao-social","category-direito","category-economia","category-enfermagem","category-engenharia-ambiental","category-engenharia","category-engenharia-computacao","category-engenharia-eletrica","category-engenharia-eletronica","category-engenharia-sanitaria","category-estatistica","category-farmacia","category-fisica-licenciatura","category-fisioterapia","category-fonoaudiologia","category-gestao-ambiental","category-letras","category-letras-ingles","category-matematica","category-medicina","category-veterinaria","category-nutricao","category-psicologia","category-publicidade","category-terapia-ocupacional","tag-bahia"],"acf":{"_tipo_vagas":"vagas","_numero_vagas":"","_quadro_vagas":"","_cargos":"diversos","_cargos_especificos":"","_salario_max":"R$ 11.536,10","_abertura":"20251024","_encerramento":"20251106","_inscricoes":"https:\/\/sistemas.ufrb.edu.br\/sigrh\/public\/home.jsf","_executora_concurso":"","_instituicao_concurso":[],"_link_adicional":null,"_anexos":null,"_produtos":null,"_vagas":"38 vagas","_salario_min":"R$ 3090,43","_instituicao":"UFRB","_edital":"https:\/\/www.agrobase.com.br\/concursos\/wp-content\/uploads\/sites\/4\/2025\/10\/edital-03-2025-ufrb-ba.pdf","_anexos_edital":"https:\/\/www.agrobase.com.br\/concursos\/wp-content\/uploads\/sites\/4\/2025\/10\/anexos-edital-03-2025-ufrb-ba.pdf","_fund_incompleto":"","_fund_completo":"","_medio":"","_superior":"<div>\r\n<table class=\"quadro\">\r\n<thead>\r\n<tr>\r\n<th class=\"hcargo\">Cargo<\/th>\r\n<th class=\"hvagas\">Vagas<\/th>\r\n<th class=\"hremuneracao\">Remunera\u00e7\u00e3o<\/th>\r\n<\/tr>\r\n<\/thead>\r\n    <tbody>\r\n      <tr>\r\n<td class=\"ccargos\">\r\n<span data-balloon-length=\"medium\" aria-label=\"Gradua\u00e7\u00e3o em Medicina Veterin\u00e1ria\" data-balloon-pos=\"up\">Farmacologia e Toxicologia Veterin\u00e1ria \/ Sa\u00fade Animal<\/span><\/td>\r\n<td class=\"cvagas\">01<\/td>\r\n<td class=\"cremuneracao\">R$ 0,00 \/20h<\/td>\r\n<\/tr><tr>\r\n<td class=\"ccargos\">\r\n<span data-balloon-length=\"medium\" aria-label=\"Gradua\u00e7\u00e3o em Engenharia Sanit\u00e1ria e Ambiental ou Engenharia Civil E Mestrado em Engenharia Sanit\u00e1ria e Ambiental ou Engenharia Civil\" data-balloon-pos=\"up\">Tecnologia Ambiental: Saneamento B\u00e1sico<\/span><\/td>\r\n<td class=\"cvagas\">01<\/td>\r\n<td class=\"cremuneracao\">R$ 0,00 \/20h<\/td>\r\n<\/tr><tr>\r\n<td class=\"ccargos\">\r\n<span data-balloon-length=\"medium\" aria-label=\"Gradua\u00e7\u00e3o em Engenharia El\u00e9trica ou Mestrado em Engenharia El\u00e9trica\" data-balloon-pos=\"up\">Engenharia El\u00e9trica\/SECOMP<\/span><\/td>\r\n<td class=\"cvagas\">01<\/td>\r\n<td class=\"cremuneracao\">R$ 0,00 \/40h<\/td>\r\n<\/tr><tr>\r\n<td class=\"ccargos\">\r\n<span data-balloon-length=\"medium\" aria-label=\"Gradua\u00e7\u00e3o em Engenharia Civil E Mestrado em Engenharia Civil\" data-balloon-pos=\"up\">Mec\u00e2nica dos S\u00f3lidos\/ Engenharia Civil<\/span><\/td>\r\n<td class=\"cvagas\">01<\/td>\r\n<td class=\"cremuneracao\">R$ 0,00 \/40h<\/td>\r\n<\/tr><tr>\r\n<td class=\"ccargos\">\r\n<span data-balloon-length=\"medium\" aria-label=\"Gradua\u00e7\u00e3o em Engenharia Civil E Mestrado em Engenharia Civil\" data-balloon-pos=\"up\">Desenho T\u00e9cnico\/ Engenharia Civil<\/span><\/td>\r\n<td class=\"cvagas\">01<\/td>\r\n<td class=\"cremuneracao\">R$ 0,00 \/40h<\/td>\r\n<\/tr><tr>\r\n<td class=\"ccargos\">\r\n<span data-balloon-length=\"medium\" aria-label=\"Gradua\u00e7\u00e3o em Engenharia Sanit\u00e1ria e Ambiental ou Gest\u00e3o Ambiental E Mestrado em Meio Ambiente e Agr\u00e1rias ou Ci\u00eancias Ambientais\" data-balloon-pos=\"up\">Tecnologia Ambiental: Gest\u00e3o e Planejamento Ambiental<\/span><\/td>\r\n<td class=\"cvagas\">01<\/td>\r\n<td class=\"cremuneracao\">R$ 0,00 \/20h<\/td>\r\n<\/tr><tr>\r\n<td class=\"ccargos\">\r\n<span data-balloon-length=\"medium\" aria-label=\"Bacharelado em: Engenharia de Computa\u00e7\u00e3o ou Ci\u00eancia da Computa\u00e7\u00e3o ou Ci\u00eancias Exatas e Tecnol\u00f3gicas ou An\u00e1lise e Desenvolvimento de Sistemas ou Sistemas de Informa\u00e7\u00e3o ou Tecn\u00f3logo em Redes de Computadores ou Licenciatura em Inform\u00e1tica ou Computa\u00e7\u00e3o.\" data-balloon-pos=\"up\">Engenharia de Computa\u00e7\u00e3o\/SECOMP<\/span><\/td>\r\n<td class=\"cvagas\">01<\/td>\r\n<td class=\"cremuneracao\">R$ 0,00 \/40h<\/td>\r\n<\/tr><tr>\r\n<td class=\"ccargos\">\r\n<span data-balloon-length=\"medium\" aria-label=\"Gradua\u00e7\u00e3o em Matem\u00e1tica ou Ci\u00eancias Exatas e Tecnol\u00f3gicas ou Estat\u00edstica ou F\u00edsica E Mestrado em Matem\u00e1tica\" data-balloon-pos=\"up\">Matem\u00e1tica e Estat\u00edstica<\/span><\/td>\r\n<td class=\"cvagas\">01<\/td>\r\n<td class=\"cremuneracao\">R$ 0,00 \/20h<\/td>\r\n<\/tr><tr>\r\n<td class=\"ccargos\">\r\n<span data-balloon-length=\"medium\" aria-label=\"Gradua\u00e7\u00e3o em Publicidade e Propaganda E Mestrado em Comunica\u00e7\u00e3o ou Cinema ou Artes ou Multimeios ou Administra\u00e7\u00e3o ou Cultura e Sociedade ou Mem\u00f3ria: Linguagem e Sociedade ou Desenho, Cultura e Interatividade ou Desenvolvimento Regional e Urbano.\" data-balloon-pos=\"up\">Publicidade e Propaganda\/ Comunica\u00e7\u00e3o e Linguagens<\/span><\/td>\r\n<td class=\"cvagas\">01<\/td>\r\n<td class=\"cremuneracao\">R$ 0,00 \/40h<\/td>\r\n<\/tr><tr>\r\n<td class=\"ccargos\">\r\n<span data-balloon-length=\"medium\" aria-label=\"Gradua\u00e7\u00e3o em Administra\u00e7\u00e3o ou Administra\u00e7\u00e3o P\u00fablica ou Gest\u00e3o P\u00fablica ou Economia ou Ci\u00eancia Pol\u00edtica ou Direito ou Gest\u00e3o de Pol\u00edticas P\u00fablicas E Mestrado em Ci\u00eancias Sociais Aplicadas ou Ci\u00eancias Humanas\" data-balloon-pos=\"up\">Administra\u00e7\u00e3o P\u00fablica e Processos Gerenciais\/ Ci\u00eancias Sociais Aplicadas<\/span><\/td>\r\n<td class=\"cvagas\">01<\/td>\r\n<td class=\"cremuneracao\">R$ 0,00 \/40h<\/td>\r\n<\/tr><tr>\r\n<td class=\"ccargos\">\r\n<span data-balloon-length=\"medium\" aria-label=\"Gradua\u00e7\u00e3o em Artes Visuais ou Design ou Comunica\u00e7\u00e3o ou Arquitetura E Mestrado em Artes Visuais ou Design ou Comunica\u00e7\u00e3o ou Arquitetura\" data-balloon-pos=\"up\">Arte e Patrim\u00f4nio<\/span><\/td>\r\n<td class=\"cvagas\">01<\/td>\r\n<td class=\"cremuneracao\">R$ 0,00 \/40h<\/td>\r\n<\/tr><tr>\r\n<td class=\"ccargos\">\r\n<span data-balloon-length=\"medium\" aria-label=\"Gradua\u00e7\u00e3o em Matem\u00e1tica\" data-balloon-pos=\"up\">Matem\u00e1tica\/ Ci\u00eancias Exatas e da Terra<\/span><\/td>\r\n<td class=\"cvagas\">01<\/td>\r\n<td class=\"cremuneracao\">R$ 0,00 \/40h<\/td>\r\n<\/tr><tr>\r\n<td class=\"ccargos\">\r\n<span data-balloon-length=\"medium\" aria-label=\"Gradua\u00e7\u00e3o em Fisioterapia ou Terapia Ocupacional E Mestrado em Ci\u00eancias da Reabilita\u00e7\u00e3o ou Fisioterapia ou Terapia ocupacional ou \u00c1rea da Sa\u00fade\" data-balloon-pos=\"up\">Ci\u00eancias da Sa\u00fade\/Interdisciplinar<\/span><\/td>\r\n<td class=\"cvagas\">01<\/td>\r\n<td class=\"cremuneracao\">R$ 0,00 \/20h<\/td>\r\n<\/tr><tr>\r\n<td class=\"ccargos\">\r\n<span data-balloon-length=\"medium\" aria-label=\"Gradua\u00e7\u00e3o em Computa\u00e7\u00e3o ou Ci\u00eancia da Computa\u00e7\u00e3o ou Sistemas de Informa\u00e7\u00e3o, ou An\u00e1lise e Desenvolvimento de Sistemas ou Tecn\u00f3logo em An\u00e1lise e Desenvolvimento de Sistemas ou Licenciatura em Computa\u00e7\u00e3o ou Engenharia El\u00e9trica ou Engenharia da Computa\u00e7\u00e3o ou Engenharia Mecatr\u00f4nica ou Matem\u00e1tica ou Administra\u00e7\u00e3o de Empresas com \u00canfase em An\u00e1lise de Sistemas. E Mestrado em Computa\u00e7\u00e3o ou Ci\u00eancia da Computa\u00e7\u00e3o ou Sistemas de Informa\u00e7\u00e3o ou Engenharia El\u00e9trica ou Engenharia da Computa\u00e7\u00e3o ou Engenharia Mecatr\u00f4nica ou Matem\u00e1tica ou administra\u00e7\u00e3o ou gest\u00e3o ou Tecnologias ou Modelagem Computacional.\" data-balloon-pos=\"up\">Computa\u00e7\u00e3o\/ Ci\u00eancias Exatas e da Terra<\/span><\/td>\r\n<td class=\"cvagas\">01<\/td>\r\n<td class=\"cremuneracao\">R$ 0,00 \/40h<\/td>\r\n<\/tr><tr>\r\n<td class=\"ccargos\">\r\n<span data-balloon-length=\"medium\" aria-label=\"Gradua\u00e7\u00e3o em Engenharia El\u00e9trica ou Engenharia Eletr\u00f4nica ou Engenharia Mecatr\u00f4nica ou Engenharia de Telecomunica\u00e7\u00f5es ou Engenharia em Tecnologia Assistiva e Acessibilidade ou Engenharia de Computa\u00e7\u00e3o ou Engenharia de Controle e Automa\u00e7\u00e3o E Mestrado em Engenharia El\u00e9trica ou Engenharia Eletr\u00f4nica ou Engenharia Mecatr\u00f4nica ou Engenharia de Telecomunica\u00e7\u00f5es ou Engenharia em Tecnologia Assistiva e Acessibilidade ou Engenharia de Computa\u00e7\u00e3o ou Engenharia de Controle e Automa\u00e7\u00e3o ou F\u00edsica ou Computa\u00e7\u00e3o\" data-balloon-pos=\"up\">Eletr\u00f4nica\/ Engenharias<\/span><\/td>\r\n<td class=\"cvagas\">01<\/td>\r\n<td class=\"cremuneracao\">R$  \/40h<\/td>\r\n<\/tr><tr>\r\n<td class=\"ccargos\">\r\n<span data-balloon-length=\"medium\" aria-label=\"Gradua\u00e7\u00e3o em Ci\u00eancias Humanas ou Ci\u00eancias Sociais ou Ci\u00eancias Agr\u00e1rias E Mestrado em Ci\u00eancias Humanas ou Ci\u00eancias Sociais Aplicadas ou Desenvolvimento Rural ou Extens\u00e3o Rural ou Educa\u00e7\u00e3o no Campo\" data-balloon-pos=\"up\">Economia Solid\u00e1ria e Cooperativismo\/ Educa\u00e7\u00e3o do campo, Soberania Alimentar, Tecnologias e Diversidade<\/span><\/td>\r\n<td class=\"cvagas\">01<\/td>\r\n<td class=\"cremuneracao\">R$ 0,00 \/40h<\/td>\r\n<\/tr><tr>\r\n<td class=\"ccargos\">\r\n<span data-balloon-length=\"medium\" aria-label=\"Gradua\u00e7\u00e3o em Matem\u00e1tica ou Licenciatura em Ci\u00eancias com Habilita\u00e7\u00e3o em Matem\u00e1tica ou Licenciatura em Educa\u00e7\u00e3o do Campo com Habilita\u00e7\u00e3o em Matem\u00e1tica\" data-balloon-pos=\"up\">Matem\u00e1tica\/ Doc\u00eancia, Pr\u00e1ticas Educativas, Ensino e Educa\u00e7\u00e3o do Campo<\/span><\/td>\r\n<td class=\"cvagas\">01<\/td>\r\n<td class=\"cremuneracao\">R$ 0,00 \/40h<\/td>\r\n<\/tr><tr>\r\n<td class=\"ccargos\">\r\n<span data-balloon-length=\"medium\" aria-label=\"Gradua\u00e7\u00e3o em Educa\u00e7\u00e3o do Campo ou Agroecologia ou Agronomia E Mestrado em Educa\u00e7\u00e3o do Campo ou Agroecologia ou Agronomia\" data-balloon-pos=\"up\">Educa\u00e7\u00e3o do Campo e Agroecologia \/ Cultura, Corpo e Educa\u00e7\u00e3o<\/span><\/td>\r\n<td class=\"cvagas\">01<\/td>\r\n<td class=\"cremuneracao\">R$ 0,00 \/40h<\/td>\r\n<\/tr><tr>\r\n<td class=\"ccargos\">\r\n<span data-balloon-length=\"medium\" aria-label=\"Gradua\u00e7\u00e3o em Letras E Mestrado em Letras ou Literatura ou Lingu\u00edstica\" data-balloon-pos=\"up\">L\u00edngua Portuguesa e suas Literaturas \/ Humanidades Letras e Arte<\/span><\/td>\r\n<td class=\"cvagas\">01<\/td>\r\n<td class=\"cremuneracao\">R$ 0,00 \/40h<\/td>\r\n<\/tr><tr>\r\n<td class=\"ccargos\">\r\n<span data-balloon-length=\"medium\" aria-label=\"Gradua\u00e7\u00e3o em Letras com Habilita\u00e7\u00e3o em L\u00edngua Inglesa ou Dupla Habilita\u00e7\u00e3o Portugu\u00eas\/ Ingl\u00eas\" data-balloon-pos=\"up\">Ensino de L\u00edngua Inglesa \/ Humanidades, Letras e Artes<\/span><\/td>\r\n<td class=\"cvagas\">01<\/td>\r\n<td class=\"cremuneracao\">R$ 0,00 \/40h<\/td>\r\n<\/tr><tr>\r\n<td class=\"ccargos\">\r\n<span data-balloon-length=\"medium\" aria-label=\"Licenciatura em Letras Libras ou Licenciatura em Letras com Especializa\u00e7\u00e3o em Libras\" data-balloon-pos=\"up\">Libras\/\u00c1rea de conhecimento Humanidades, Letras e Artes<\/span><\/td>\r\n<td class=\"cvagas\">03<\/td>\r\n<td class=\"cremuneracao\">R$ 0,00 \/40h<\/td>\r\n<\/tr><tr>\r\n<td class=\"ccargos\">\r\n<span data-balloon-length=\"medium\" aria-label=\"Gradua\u00e7\u00e3o em Nutri\u00e7\u00e3o E Mestrado em Ci\u00eancias da Sa\u00fade, Nutri\u00e7\u00e3o, Medicina, Sa\u00fade Coletiva, Enfermagem, Ci\u00eancias Biol\u00f3gicas I, Ci\u00eancias Biol\u00f3gicas II ou Ci\u00eancias biol\u00f3gicas III\" data-balloon-pos=\"up\">Pr\u00e1ticas do Cuidado em Sa\u00fade: Nutri\u00e7\u00e3o<\/span><\/td>\r\n<td class=\"cvagas\">01<\/td>\r\n<td class=\"cremuneracao\">R$ 0,00 \/20h<\/td>\r\n<\/tr><tr>\r\n<td class=\"ccargos\">\r\n<span data-balloon-length=\"medium\" aria-label=\"Gradua\u00e7\u00e3o em Enfermagem E Mestrado em Enfermagem ou Mestrado em Sa\u00fade Coletiva\" data-balloon-pos=\"up\">Enfermagem\/Sa\u00fade Coletiva<\/span><\/td>\r\n<td class=\"cvagas\">01<\/td>\r\n<td class=\"cremuneracao\">R$ 0,00 \/40h<\/td>\r\n<\/tr><tr>\r\n<td class=\"ccargos\">\r\n<span data-balloon-length=\"medium\" aria-label=\"Gradua\u00e7\u00e3o em Nutri\u00e7\u00e3o E Mestrado em Ci\u00eancias da Nutri\u00e7\u00e3o, Ci\u00eancias dos Alimentos, Ci\u00eancias Agr\u00e1rias, Ci\u00eancias da Sa\u00fade ou Sa\u00fade Coletiva\" data-balloon-pos=\"up\">Ci\u00eancia dos Alimentos \/ Alimenta\u00e7\u00e3o Coletiva<\/span><\/td>\r\n<td class=\"cvagas\">01<\/td>\r\n<td class=\"cremuneracao\">R$ 0,00 \/40h<\/td>\r\n<\/tr><tr>\r\n<td class=\"ccargos\">\r\n<span data-balloon-length=\"medium\" aria-label=\"Gradua\u00e7\u00e3o em Psicologia E Mestrado em Psicologia ou Psicologia Cl\u00ednica, Psicologia da Sa\u00fade\" data-balloon-pos=\"up\">Psicologia\/Humanidades<\/span><\/td>\r\n<td class=\"cvagas\">01<\/td>\r\n<td class=\"cremuneracao\">R$ 0,00 \/20h<\/td>\r\n<\/tr><tr>\r\n<td class=\"ccargos\">\r\n<span data-balloon-length=\"medium\" aria-label=\"Gradua\u00e7\u00e3o na \u00e1rea de Ci\u00eancias da Sa\u00fade ou de Ci\u00eancias Sociais E Mestrado em Ci\u00eancias Sociais ou Sa\u00fade Coletiva ou Interdisciplinar\" data-balloon-pos=\"up\">Processos de Apropria\u00e7\u00e3o da Realidade I, II e III Sa\u00fade da Coletiva<\/span><\/td>\r\n<td class=\"cvagas\">01<\/td>\r\n<td class=\"cremuneracao\">R$ 0,00 \/20h<\/td>\r\n<\/tr><tr>\r\n<td class=\"ccargos\">\r\n<span data-balloon-length=\"medium\" aria-label=\"Gradua\u00e7\u00e3o em Nutri\u00e7\u00e3o E Mestrado em Nutri\u00e7\u00e3o ou em Sa\u00fade Coletiva\" data-balloon-pos=\"up\">Nutri\u00e7\u00e3o\/Sa\u00fade Coletiva<\/span><\/td>\r\n<td class=\"cvagas\">01<\/td>\r\n<td class=\"cremuneracao\">R$ 0,00 \/40h<\/td>\r\n<\/tr><tr>\r\n<td class=\"ccargos\">\r\n<span data-balloon-length=\"medium\" aria-label=\"Gradua\u00e7\u00e3o na \u00e1rea de Ci\u00eancias da Sa\u00fade ou de Ci\u00eancias Sociais ou de Ci\u00eancias Sociais Aplicadas E Mestrado em Ci\u00eancias Sociais ou Sa\u00fade Coletiva ou Interdisciplinar\" data-balloon-pos=\"up\">Cultura e Sociedade &amp; Processos de Apropria\u00e7\u00e3o da Realidade\/Sa\u00fade Coletiva<\/span><\/td>\r\n<td class=\"cvagas\">01<\/td>\r\n<td class=\"cremuneracao\">R$ 0,00 \/40h<\/td>\r\n<\/tr><tr>\r\n<td class=\"ccargos\">\r\n<span data-balloon-length=\"medium\" aria-label=\"Gradua\u00e7\u00e3o em Biomedicina ou Biotecnologia ou Ci\u00eancias Biol\u00f3gicas ou Educa\u00e7\u00e3o F\u00edsica ou Enfermagem ou Farm\u00e1cia ou Fisioterapia, Fonoaudiologia ou Medicina ou Nutri\u00e7\u00e3o ou Odontologia ou Terapia Ocupacional ou Bacharelado Interdisciplinar em Sa\u00fade E Especializa\u00e7\u00e3o em \u00e1rea da Sa\u00fade ou Ci\u00eancias Biol\u00f3gicas E Mestrado em \u00e1rea da Sa\u00fade ou Ci\u00eancias Biol\u00f3gicas\" data-balloon-pos=\"up\">Ci\u00eancias Morfofuncionais II, III e IV \/ Ci\u00eancias B\u00e1sicas da Sa\u00fade<\/span><\/td>\r\n<td class=\"cvagas\">01<\/td>\r\n<td class=\"cremuneracao\">R$ 0,00 \/40h<\/td>\r\n<\/tr><tr>\r\n<td class=\"ccargos\">\r\n<span data-balloon-length=\"medium\" aria-label=\"Gradua\u00e7\u00e3o em Enfermagem E Especializa\u00e7\u00e3o em Enfermagem em Pediatria e Neonatologia ou Enfermagem na Sa\u00fade da Crian\u00e7a e do Adolescente ou Enfermagem em Terapia Intensiva Pedi\u00e1trica e Neonatal\" data-balloon-pos=\"up\">Enfermagem na aten\u00e7\u00e3o \u00e0 Sa\u00fade da Crian\u00e7a e Adolescente\/Pr\u00e1ticas do Cuidado - Enfermagem<\/span><\/td>\r\n<td class=\"cvagas\">01<\/td>\r\n<td class=\"cremuneracao\">R$ 0,00 \/40h<\/td>\r\n<\/tr><tr>\r\n<td class=\"ccargos\">\r\n<span data-balloon-length=\"medium\" aria-label=\"Gradua\u00e7\u00e3o em Enfermagem E Especializa\u00e7\u00e3o em Urg\u00eancia e Emerg\u00eancia ou Unidade de Terapia Intensiva Adulta ou Cardiologia ou Centro Cir\u00fargico ou Centro M\u00e9dico-Cir\u00fargico\" data-balloon-pos=\"up\">Planejamento e Administra\u00e7\u00e3o em Servi\u00e7os de Sa\u00fade II\/ Pr\u00e1ticas do Cuidado: Enfermagem<\/span><\/td>\r\n<td class=\"cvagas\">01<\/td>\r\n<td class=\"cremuneracao\">R$ 0,00 \/40h<\/td>\r\n<\/tr><tr>\r\n<td class=\"ccargos\">\r\n<span data-balloon-length=\"medium\" aria-label=\"Gradua\u00e7\u00e3o em Psicologia E Mestrado em Psicologia ou Sa\u00fade Coletiva ou Interdisciplinar ou Filosofia ou Sociologia\" data-balloon-pos=\"up\">Humanidades<\/span><\/td>\r\n<td class=\"cvagas\">01<\/td>\r\n<td class=\"cremuneracao\">R$ 0,00 \/40h<\/td>\r\n<\/tr><tr>\r\n<td class=\"ccargos\">\r\n<span data-balloon-length=\"medium\" aria-label=\"Gradua\u00e7\u00e3o em Medicina\" data-balloon-pos=\"up\">Sa\u00fade da Fam\u00edlia\/\u00c1rea de Pr\u00e1ticas do Cuidado em Sa\u00fade: Medicina<\/span><\/td>\r\n<td class=\"cvagas\">01<\/td>\r\n<td class=\"cremuneracao\">R$ 0,00 \/20h<\/td>\r\n<\/tr><tr>\r\n<td class=\"ccargos\">\r\n<span data-balloon-length=\"medium\" aria-label=\"Gradua\u00e7\u00e3o em Medicina\" data-balloon-pos=\"up\">Pr\u00e1tica em M\u00e9dia Complexidade II\/\u00c1rea de Pr\u00e1ticas do Cuidado em Sa\u00fade: Medicina<\/span><\/td>\r\n<td class=\"cvagas\">01<\/td>\r\n<td class=\"cremuneracao\">R$ 0,00 \/20h<\/td>\r\n<\/tr><tr>\r\n<td class=\"ccargos\">\r\n<span data-balloon-length=\"medium\" aria-label=\"Gradua\u00e7\u00e3o em \u00e1rea da Sa\u00fade E Especializa\u00e7\u00e3o em Sa\u00fade da Fam\u00edlia E Mestrado em Sa\u00fade Coletiva\" data-balloon-pos=\"up\">Sa\u00fade Coletiva\/\u00c1rea de Pr\u00e1ticas do Cuidado em Sa\u00fade: Medicina<\/span><\/td>\r\n<td class=\"cvagas\">02<\/td>\r\n<td class=\"cremuneracao\">R$ 0,00 \/20h<\/td>\r\n<\/tr>\r\n    <\/tbody>\r\n  <\/table>\r\n<\/div>"},"_links":{"self":[{"href":"https:\/\/www.agrobase.com.br\/concursos\/wp-json\/wp\/v2\/posts\/273093","targetHints":{"allow":["GET"]}}],"collection":[{"href":"https:\/\/www.agrobase.com.br\/concursos\/wp-json\/wp\/v2\/posts"}],"about":[{"href":"https:\/\/www.agrobase.com.br\/concursos\/wp-json\/wp\/v2\/types\/post"}],"author":[{"embeddable":true,"href":"https:\/\/www.agrobase.com.br\/concursos\/wp-json\/wp\/v2\/users\/7"}],"replies":[{"embeddable":true,"href":"https:\/\/www.agrobase.com.br\/concursos\/wp-json\/wp\/v2\/comments?post=273093"}],"version-history":[{"count":2,"href":"https:\/\/www.agrobase.com.br\/concursos\/wp-json\/wp\/v2\/posts\/273093\/revisions"}],"predecessor-version":[{"id":273102,"href":"https:\/\/www.agrobase.com.br\/concursos\/wp-json\/wp\/v2\/posts\/273093\/revisions\/273102"}],"wp:featuredmedia":[{"embeddable":true,"href":"https:\/\/www.agrobase.com.br\/concursos\/wp-json\/wp\/v2\/media\/273092"}],"wp:attachment":[{"href":"https:\/\/www.agrobase.com.br\/concursos\/wp-json\/wp\/v2\/media?parent=273093"}],"wp:term":[{"taxonomy":"category","embeddable":true,"href":"https:\/\/www.agrobase.com.br\/concursos\/wp-json\/wp\/v2\/categories?post=273093"},{"taxonomy":"post_tag","embeddable":true,"href":"https:\/\/www.agrobase.com.br\/concursos\/wp-json\/wp\/v2\/tags?post=273093"},{"taxonomy":"_amplo","embeddable":true,"href":"https:\/\/www.agrobase.com.br\/concursos\/wp-json\/wp\/v2\/_amplo?post=273093"},{"taxonomy":"destaque","embeddable":true,"href":"https:\/\/www.agrobase.com.br\/concursos\/wp-json\/wp\/v2\/destaque?post=273093"},{"taxonomy":"instituicoes","embeddable":true,"href":"https:\/\/www.agrobase.com.br\/concursos\/wp-json\/wp\/v2\/instituicoes?post=273093"}],"curies":[{"name":"wp","href":"https:\/\/api.w.org\/{rel}","templated":true}]}}