{"id":273076,"date":"2025-10-28T07:10:01","date_gmt":"2025-10-28T10:10:01","guid":{"rendered":"https:\/\/www.agrobase.com.br\/concursos\/?p=273076"},"modified":"2025-10-27T11:30:32","modified_gmt":"2025-10-27T14:30:32","slug":"prefeitura-joao-neiva-es-selecao-simplificada-26-2025","status":"publish","type":"post","link":"https:\/\/www.agrobase.com.br\/concursos\/2025\/prefeitura-joao-neiva-es-selecao-simplificada-26-2025\/","title":{"rendered":"Prefeitura Jo\u00e3o Neiva (ES) &#8211; Sele\u00e7\u00e3o Simplificada 26\/2025"},"content":{"rendered":"<h2>Informa\u00e7\u00f5es Gerais<\/h2>\n<p>O Munic\u00edpio de Jo\u00e3o Neiva, no Esp\u00edrito Santo, publicou o edital do <strong>Processo Seletivo Simplificado para Cadastro Reserva<\/strong>, com vistas \u00e0 contrata\u00e7\u00e3o tempor\u00e1ria de <strong>Profissionais do Magist\u00e9rio<\/strong> para o ano letivo de 2026. O certame \u00e9 regido pelas Leis Municipais n\u00ba 3.036\/2018 e n\u00ba 3.181\/2019 e ser\u00e1 executado pela Secretaria Municipal de Educa\u00e7\u00e3o.<\/p>\n<p>O processo visa atender a necessidades de excepcional interesse p\u00fablico, como substitui\u00e7\u00e3o de docentes afastados ou preenchimento de vagas em programas espec\u00edficos da rede municipal de ensino. A sele\u00e7\u00e3o contempla exclusivamente o <strong>n\u00edvel superior<\/strong>, com oportunidades para diversas \u00e1reas da educa\u00e7\u00e3o b\u00e1sica, incluindo Educa\u00e7\u00e3o Infantil, Ensino Fundamental, Educa\u00e7\u00e3o Especial e disciplinas espec\u00edficas como L\u00edngua Portuguesa, Matem\u00e1tica, Ci\u00eancias, Hist\u00f3ria, Geografia, Educa\u00e7\u00e3o F\u00edsica, Arte e Pedagogia.<\/p>\n<p>Profissionais com forma\u00e7\u00e3o em <strong>Biologia<\/strong> est\u00e3o entre os contemplados, especialmente para o cargo de Professor de Ci\u00eancias, o que pode ser de grande interesse para candidatos dessa \u00e1rea.<\/p>\n<p>Continue a leitura para saber como se inscrever, quais s\u00e3o as etapas do processo e como acompanhar os resultados.<\/p>\n<h2>Inscri\u00e7\u00f5es<\/h2>\n<p>As inscri\u00e7\u00f5es para o Processo Seletivo est\u00e3o <strong>abertas<\/strong> e devem ser realizadas <strong>presencialmente<\/strong>, mediante o preenchimento da Ficha de Inscri\u00e7\u00e3o (Anexo II do edital). O candidato deve protocolar sua inscri\u00e7\u00e3o na <strong>Recep\u00e7\u00e3o da Secretaria Municipal de Educa\u00e7\u00e3o de Jo\u00e3o Neiva<\/strong>, entre os dias <strong>4 e 5 de novembro de 2025<\/strong>, das 8h \u00e0s 16h.<\/p>\n<p>N\u00e3o h\u00e1 cobran\u00e7a de taxa de inscri\u00e7\u00e3o. No ato da inscri\u00e7\u00e3o, \u00e9 necess\u00e1rio apresentar a ficha devidamente preenchida, sem rasuras, e uma c\u00f3pia leg\u00edvel da Carteira de Identidade (frente e verso). Cada candidato poder\u00e1 se inscrever apenas uma vez.<\/p>\n<p>N\u00e3o ser\u00e3o aceitas inscri\u00e7\u00f5es por fax, correio, e-mail ou fora do prazo estipulado. Ap\u00f3s a entrega, o candidato receber\u00e1 um comprovante de protocolo. N\u00e3o ser\u00e1 poss\u00edvel alterar ou excluir a inscri\u00e7\u00e3o ap\u00f3s a confirma\u00e7\u00e3o.<\/p>\n<p>Para mais informa\u00e7\u00f5es e acesso ao edital completo, acesse o site oficial da Prefeitura de Jo\u00e3o Neiva: <a href=\"https:\/\/www.joaoneiva.es.gov.br\" target=\"_blank\" rel=\"noopener\">www.joaoneiva.es.gov.br<\/a>.<\/p>\n<h2>Etapas e Provas<\/h2>\n<p>O Processo Seletivo ser\u00e1 composto pelas seguintes etapas:<\/p>\n<ul>\n<li><strong>Inscri\u00e7\u00e3o:<\/strong> entrega da Ficha de Inscri\u00e7\u00e3o e documenta\u00e7\u00e3o exigida.<\/li>\n<li><strong>An\u00e1lise de T\u00edtulos e Tempo de Servi\u00e7o<\/strong> (classificat\u00f3ria): pontua\u00e7\u00e3o baseada em forma\u00e7\u00e3o acad\u00eamica e experi\u00eancia profissional. Ser\u00e3o considerados t\u00edtulos como especializa\u00e7\u00e3o, mestrado e doutorado em Educa\u00e7\u00e3o, al\u00e9m de cursos de forma\u00e7\u00e3o continuada e tempo de reg\u00eancia de classe.<\/li>\n<li><strong>Classifica\u00e7\u00e3o Geral:<\/strong> com base na pontua\u00e7\u00e3o obtida na an\u00e1lise de t\u00edtulos e experi\u00eancia.<\/li>\n<li><strong>Convoca\u00e7\u00e3o e Comprova\u00e7\u00e3o de T\u00edtulos:<\/strong> os documentos informados na inscri\u00e7\u00e3o dever\u00e3o ser apresentados para valida\u00e7\u00e3o.<\/li>\n<li><strong>Prova Pr\u00e1tica de Inform\u00e1tica<\/strong> (eliminat\u00f3ria): exclusiva para o cargo de Professor MaPP &#8211; Pedagogo. Avalia conhecimentos em Word, Excel e PowerPoint, com exig\u00eancia de, no m\u00ednimo, 60% de aproveitamento.<\/li>\n<\/ul>\n<p>\u00c9 importante destacar que os t\u00edtulos utilizados como pr\u00e9-requisitos n\u00e3o ser\u00e3o pontuados. A pontua\u00e7\u00e3o m\u00e1xima na etapa de t\u00edtulos \u00e9 de 100 pontos. A prova pr\u00e1tica ser\u00e1 aplicada somente ap\u00f3s a convoca\u00e7\u00e3o e confer\u00eancia documental.<\/p>\n<p>Recomenda-se a leitura atenta do edital para conhecer os crit\u00e9rios de pontua\u00e7\u00e3o, os documentos aceitos e o cronograma completo do processo.<\/p>\n<h2>Resultados e Gabarito<\/h2>\n<p>O edital prev\u00ea a possibilidade de interposi\u00e7\u00e3o de recursos nas seguintes situa\u00e7\u00f5es: indeferimento da inscri\u00e7\u00e3o e indeferimento da inscri\u00e7\u00e3o na modalidade Pessoa com Defici\u00eancia (PcD). Os recursos devem ser protocolados presencialmente, em formul\u00e1rio pr\u00f3prio (Anexo III), na Secretaria Municipal de Educa\u00e7\u00e3o, dentro dos prazos estabelecidos no cronograma oficial.<\/p>\n<p>O crit\u00e9rio de desempate ser\u00e1 a <strong>maior idade<\/strong> entre os candidatos. A convoca\u00e7\u00e3o dos classificados ser\u00e1 feita exclusivamente pelo site da Prefeitura de Jo\u00e3o Neiva (<a href=\"https:\/\/www.joaoneiva.es.gov.br\" target=\"_blank\" rel=\"noopener\">www.joaoneiva.es.gov.br<\/a>), conforme a necessidade da rede municipal de ensino e respeitando rigorosamente a ordem de classifica\u00e7\u00e3o.<\/p>\n<p>Os candidatos convocados dever\u00e3o apresentar toda a documenta\u00e7\u00e3o exigida no edital, inclusive originais e c\u00f3pias simples, para an\u00e1lise e formaliza\u00e7\u00e3o do contrato. A convoca\u00e7\u00e3o n\u00e3o garante a contrata\u00e7\u00e3o, sendo esta condicionada \u00e0 valida\u00e7\u00e3o documental e \u00e0 aptid\u00e3o em exame m\u00e9dico admissional.<\/p>\n<p>A homologa\u00e7\u00e3o do resultado final ser\u00e1 publicada no site oficial da Prefeitura. O Processo Seletivo ter\u00e1 validade at\u00e9 <strong>31 de dezembro de 2026<\/strong>, podendo ser prorrogado por mais um ano, a crit\u00e9rio da Administra\u00e7\u00e3o Municipal.<\/p>\n<p><strong>\u00c9 de responsabilidade exclusiva do candidato<\/strong> acompanhar todas as publica\u00e7\u00f5es e atualiza\u00e7\u00f5es no site da Prefeitura e no Di\u00e1rio Oficial, inclusive resultados, convoca\u00e7\u00f5es e eventuais retifica\u00e7\u00f5es do edital.<\/p>\n","protected":false},"excerpt":{"rendered":"<p>Sel. Simplificada Pref. Jo\u00e3o Neiva (ES) com edital publicado! Vagas p\/ Professores (Superior). Inscri\u00e7\u00f5es a partir de 04\/11. Sal\u00e1rios at\u00e9 R$ 4.5k. Confira detalhes!<\/p>\n","protected":false},"author":7,"featured_media":273075,"comment_status":"open","ping_status":"open","sticky":false,"template":"","format":"standard","meta":{"_acf_changed":false,"_breakdance_hide_in_design_set":false,"_breakdance_tags":"","footnotes":""},"categories":[145,140,6433,121,141,6434,112,111,100,20,6871,116,119,25],"tags":[45],"_amplo":[],"destaque":[],"instituicoes":[],"class_list":["post-273076","post","type-post","status-publish","format-standard","has-post-thumbnail","hentry","category-artes-cenicas","category-artes-plasticas","category-biologia-licenciatura","category-ciencias-sociais","category-educacao-artistica","category-educacao-fisica-licenciatura","category-filosofia","category-geografia","category-historia","category-letras","category-letras-ingles","category-matematica","category-musica","category-pedagogia","tag-espirito-santo"],"acf":{"_tipo_vagas":"vagas","_numero_vagas":"","_quadro_vagas":"","_cargos":"diversos","_cargos_especificos":"","_salario_max":"R$ 4583.57","_abertura":"20251104","_encerramento":"20251105","_inscricoes":"https:\/\/www.joaoneiva.es.gov.br","_executora_concurso":"","_instituicao_concurso":[],"_link_adicional":null,"_anexos":null,"_produtos":null,"_vagas":"CR","_salario_min":"R$ 2693.62","_instituicao":"Prefeitura de Jo\u00e3o Neiva","_edital":"https:\/\/www.agrobase.com.br\/concursos\/wp-content\/uploads\/sites\/4\/2025\/10\/edital-26-2025-prefeitura-de-joao-neiva-es.pdf","_anexos_edital":"https:\/\/www.agrobase.com.br\/concursos\/wp-content\/uploads\/sites\/4\/2025\/10\/anexos-edital-26-2025-prefeitura-de-joao-neiva-es.pdf","_fund_incompleto":"","_fund_completo":"","_medio":"","_superior":"<div>\r\n<table class=\"quadro\">\r\n<thead>\r\n<tr>\r\n<th class=\"hcargo\">Cargo<\/th>\r\n<th class=\"hvagas\">Vagas<\/th>\r\n<th class=\"hremuneracao\">Remunera\u00e7\u00e3o<\/th>\r\n<\/tr>\r\n<\/thead>\r\n    <tbody>\r\n      <tr>\r\n<td class=\"ccargos\">\r\n<span data-balloon-length=\"medium\" aria-label=\"Licenciatura Plena em Pedagogia com habilita\u00e7\u00e3o em Educa\u00e7\u00e3o Infantil; ou Licenciatura em Pedagogia, regulamentada pela Resolu\u00e7\u00e3o CNE\/CP n\u00b0 1, de 15\/05\/2006; ou Curso Normal Superior com habilita\u00e7\u00e3o para o Magist\u00e9rio em Educa\u00e7\u00e3o Infantil.\" data-balloon-pos=\"up\">Professor MaPA Educa\u00e7\u00e3o Infantil<\/span><\/td>\r\n<td class=\"cvagas\">CR<\/td>\r\n<td class=\"cremuneracao\">R$ 0,00<\/td>\r\n<\/tr><tr>\r\n<td class=\"ccargos\">\r\n<span data-balloon-length=\"medium\" aria-label=\"Licenciatura Plena em Pedagogia com habilita\u00e7\u00e3o em S\u00e9rie\/Anos Iniciais do Ensino Fundamental; ou Licenciatura em Pedagogia, regulamentada pela Resolu\u00e7\u00e3o CNE\/CP n\u00b0 1, de 15\/05\/2006; ou Curso Normal Superior com habilita\u00e7\u00e3o para o Magist\u00e9rio em S\u00e9rie\/Anos Iniciais do Ensino Fundamental.\" data-balloon-pos=\"up\">Professor MaPA Ensino Fundamental<\/span><\/td>\r\n<td class=\"cvagas\">CR<\/td>\r\n<td class=\"cremuneracao\">R$ 0,00<\/td>\r\n<\/tr><tr>\r\n<td class=\"ccargos\">\r\n<span data-balloon-length=\"medium\" aria-label=\"Licenciatura Plena em Pedagogia com habilita\u00e7\u00e3o em S\u00e9rie\/Anos Iniciais do Ensino Fundamental; ou Licenciatura em Pedagogia, regulamentada pela Resolu\u00e7\u00e3o CNE\/CP n\u00b0 1, de 15\/05\/2006; ou Curso Normal Superior com habilita\u00e7\u00e3o para o Magist\u00e9rio em S\u00e9rie\/Anos Iniciais do Ensino Fundamental; e Especializa\u00e7\u00e3o em Educa\u00e7\u00e3o Especial.\" data-balloon-pos=\"up\">Professor MaPA Para atuar na Sala de Recurso Multifuncional<\/span><\/td>\r\n<td class=\"cvagas\">CR<\/td>\r\n<td class=\"cremuneracao\">R$ 0,00<\/td>\r\n<\/tr><tr>\r\n<td class=\"ccargos\">\r\n<span data-balloon-length=\"medium\" aria-label=\"Licenciatura em Letras\/Portugu\u00eas; ou Diploma de Bacharel\/Tecn\u00f3logo acrescido do Programa Especial de Forma\u00e7\u00e3o Pedag\u00f3gica para docentes com habilita\u00e7\u00e3o em Letras\/Portugu\u00eas.\" data-balloon-pos=\"up\">Professor MaPB L\u00edngua Portuguesa<\/span><\/td>\r\n<td class=\"cvagas\">CR<\/td>\r\n<td class=\"cremuneracao\">R$ 0,00<\/td>\r\n<\/tr><tr>\r\n<td class=\"ccargos\">\r\n<span data-balloon-length=\"medium\" aria-label=\"Licenciatura em Matem\u00e1tica; ou Diploma de Bacharel\/Tecn\u00f3logo acrescido do Programa Especial de Forma\u00e7\u00e3o Pedag\u00f3gica para docentes com habilita\u00e7\u00e3o em Matem\u00e1tica; ou Licenciatura Curta em Ci\u00eancias com Plenifica\u00e7\u00e3o em Matem\u00e1tica.\" data-balloon-pos=\"up\">Professor MaPB Matem\u00e1tica<\/span><\/td>\r\n<td class=\"cvagas\">CR<\/td>\r\n<td class=\"cremuneracao\">R$ 0,00<\/td>\r\n<\/tr><tr>\r\n<td class=\"ccargos\">\r\n<span data-balloon-length=\"medium\" aria-label=\"Licenciatura em Letras\/Ingl\u00eas; ou Diploma de Bacharel\/Tecn\u00f3logo acrescido do Programa Especial de Forma\u00e7\u00e3o Pedag\u00f3gica para docentes com habilita\u00e7\u00e3o em Letras\/Ingl\u00eas; ou Licenciatura em Portugu\u00eas\/Ingl\u00eas; ou Diploma de Bacharel\/Tecn\u00f3logo acrescido do Programa Especial de Forma\u00e7\u00e3o Pedag\u00f3gica para docentes com habilita\u00e7\u00e3o em Portugu\u00eas\/Ingl\u00eas.\" data-balloon-pos=\"up\">Professor MaPB L\u00edngua Inglesa<\/span><\/td>\r\n<td class=\"cvagas\">CR<\/td>\r\n<td class=\"cremuneracao\">R$ 0,00<\/td>\r\n<\/tr><tr>\r\n<td class=\"ccargos\">\r\n<span data-balloon-length=\"medium\" aria-label=\"Licenciatura em Biologia; ou Diploma de Bacharel\/Tecn\u00f3logo acrescido do Programa Especial de Forma\u00e7\u00e3o Pedag\u00f3gica para docentes em Biologia; ou Licenciatura em Ci\u00eancias Biol\u00f3gicas; ou Diploma de Bacharel\/Tecn\u00f3logo acrescido do Programa Especial de Forma\u00e7\u00e3o Pedag\u00f3gica para docentes com habilita\u00e7\u00e3o em Ci\u00eancias Biol\u00f3gicas; ou Licenciatura Curta em Ci\u00eancias com Plenifica\u00e7\u00e3o Em Biologia.\" data-balloon-pos=\"up\">Professor MaPB Ci\u00eancias<\/span><\/td>\r\n<td class=\"cvagas\">CR<\/td>\r\n<td class=\"cremuneracao\">R$ 0,00<\/td>\r\n<\/tr><tr>\r\n<td class=\"ccargos\">\r\n<span data-balloon-length=\"medium\" aria-label=\"Licenciatura em Ci\u00eancias Sociais; ou Licenciatura em Geografia; ou Diploma de Bacharel\/Tecn\u00f3logo acrescido do Programa Especial de Forma\u00e7\u00e3o Pedag\u00f3gica para docentes com habilita\u00e7\u00e3o em Geografia; ou Licenciatura Curta em Estudos Sociais com Plenifica\u00e7\u00e3o em Geografia.\" data-balloon-pos=\"up\">Professor MaPB Geografia<\/span><\/td>\r\n<td class=\"cvagas\">CR<\/td>\r\n<td class=\"cremuneracao\">R$ 0,00<\/td>\r\n<\/tr><tr>\r\n<td class=\"ccargos\">\r\n<span data-balloon-length=\"medium\" aria-label=\"Licenciatura em Hist\u00f3ria; ou Diploma de Bacharel\/Tecn\u00f3logo acrescido do Programa Especial de Forma\u00e7\u00e3o Pedag\u00f3gica para docentes com habilita\u00e7\u00e3o em Hist\u00f3ria; ou Licenciatura em Ci\u00eancias Sociais (para atua\u00e7\u00e3o de 6\u00ba ao 9\u00ba ano do ensino fundamental; ou Licenciatura em Filosofia.\" data-balloon-pos=\"up\">Professor MaPB Hist\u00f3ria<\/span><\/td>\r\n<td class=\"cvagas\">CR<\/td>\r\n<td class=\"cremuneracao\">R$ 0,00<\/td>\r\n<\/tr><tr>\r\n<td class=\"ccargos\">\r\n<span data-balloon-length=\"medium\" aria-label=\"Licenciatura em Educa\u00e7\u00e3o F\u00edsica; ou Diploma de Bacharel\/Tecn\u00f3logo acrescido do Programa Especial de Forma\u00e7\u00e3o Pedag\u00f3gica para docentes com habilita\u00e7\u00e3o em Educa\u00e7\u00e3o F\u00edsica.\" data-balloon-pos=\"up\">Professor MaPB Educa\u00e7\u00e3o F\u00edsica<\/span><\/td>\r\n<td class=\"cvagas\">CR<\/td>\r\n<td class=\"cremuneracao\">R$ 0,00<\/td>\r\n<\/tr><tr>\r\n<td class=\"ccargos\">\r\n<span data-balloon-length=\"medium\" aria-label=\"Licenciatura em Artes Pl\u00e1sticas; ou Diploma de Bacharel\/Tecn\u00f3logo acrescido do Programa Especial de Forma\u00e7\u00e3o Pedag\u00f3gica para docentes com habilita\u00e7\u00e3o em Artes Pl\u00e1sticas; ou Licenciatura em Artes Visuais; ou Diploma de Bacharel\/Tecn\u00f3logo acrescido do Programa Especial de Forma\u00e7\u00e3o Pedag\u00f3gica para docentes com habilita\u00e7\u00e3o em Artes Visuais; ou Licenciatura em Educa\u00e7\u00e3o Art\u00edstica; ou Diploma de Bacharel\/Tecn\u00f3logo acrescido do Programa Especial de Forma\u00e7\u00e3o Pedag\u00f3gica para docentes com habilita\u00e7\u00e3o em Educa\u00e7\u00e3o Art\u00edstica; ou Licenciatura em M\u00fasica; ou Diploma de Bacharel\/Tecn\u00f3logo acrescido do Programa Especial de Forma\u00e7\u00e3o Pedag\u00f3gica para docentes com habilita\u00e7\u00e3o em M\u00fasica; ou Licenciatura em Teatro; ou Licenciatura em Dan\u00e7a; ou Licenciatura em Artes; ou Diploma de Bacharel\/Tecn\u00f3logo acrescido do Programa Especial de Forma\u00e7\u00e3o Pedag\u00f3gica para docentes com habilita\u00e7\u00e3o em Artes; ou Licenciatura em Artes C\u00eanicas; ou Diploma de Bacharel\/Tecn\u00f3logo acrescido do Programa Especial de Forma\u00e7\u00e3o Pedag\u00f3gica para docentes com habilita\u00e7\u00e3o em Artes C\u00eanicas.\" data-balloon-pos=\"up\">Professor MaPB Arte<\/span><\/td>\r\n<td class=\"cvagas\">CR<\/td>\r\n<td class=\"cremuneracao\">R$ 0,00<\/td>\r\n<\/tr><tr>\r\n<td class=\"ccargos\">\r\n<span data-balloon-length=\"medium\" aria-label=\"Licenciatura Plena em Pedagogia com habilita\u00e7\u00e3o em Supervis\u00e3o, Orienta\u00e7\u00e3o, Administra\u00e7\u00e3o, Inspe\u00e7\u00e3o, Gest\u00e3o Escolar ou Gest\u00e3o Educacional; ou Licenciatura plena na \u00c1rea da Educa\u00e7\u00e3o com especializa\u00e7\u00e3o em Supervis\u00e3o, Orienta\u00e7\u00e3o, Administra\u00e7\u00e3o, Inspe\u00e7\u00e3o, Gest\u00e3o Escolar ou Educacional; e Experi\u00eancia m\u00ednima de 2 (dois) anos de reg\u00eancia de classe.\" data-balloon-pos=\"up\">Professor MaPP Pedagogo<\/span><\/td>\r\n<td class=\"cvagas\">CR<\/td>\r\n<td class=\"cremuneracao\">R$ 0,00<\/td>\r\n<\/tr>\r\n    <\/tbody>\r\n  <\/table>\r\n<\/div>"},"_links":{"self":[{"href":"https:\/\/www.agrobase.com.br\/concursos\/wp-json\/wp\/v2\/posts\/273076","targetHints":{"allow":["GET"]}}],"collection":[{"href":"https:\/\/www.agrobase.com.br\/concursos\/wp-json\/wp\/v2\/posts"}],"about":[{"href":"https:\/\/www.agrobase.com.br\/concursos\/wp-json\/wp\/v2\/types\/post"}],"author":[{"embeddable":true,"href":"https:\/\/www.agrobase.com.br\/concursos\/wp-json\/wp\/v2\/users\/7"}],"replies":[{"embeddable":true,"href":"https:\/\/www.agrobase.com.br\/concursos\/wp-json\/wp\/v2\/comments?post=273076"}],"version-history":[{"count":1,"href":"https:\/\/www.agrobase.com.br\/concursos\/wp-json\/wp\/v2\/posts\/273076\/revisions"}],"predecessor-version":[{"id":273078,"href":"https:\/\/www.agrobase.com.br\/concursos\/wp-json\/wp\/v2\/posts\/273076\/revisions\/273078"}],"wp:featuredmedia":[{"embeddable":true,"href":"https:\/\/www.agrobase.com.br\/concursos\/wp-json\/wp\/v2\/media\/273075"}],"wp:attachment":[{"href":"https:\/\/www.agrobase.com.br\/concursos\/wp-json\/wp\/v2\/media?parent=273076"}],"wp:term":[{"taxonomy":"category","embeddable":true,"href":"https:\/\/www.agrobase.com.br\/concursos\/wp-json\/wp\/v2\/categories?post=273076"},{"taxonomy":"post_tag","embeddable":true,"href":"https:\/\/www.agrobase.com.br\/concursos\/wp-json\/wp\/v2\/tags?post=273076"},{"taxonomy":"_amplo","embeddable":true,"href":"https:\/\/www.agrobase.com.br\/concursos\/wp-json\/wp\/v2\/_amplo?post=273076"},{"taxonomy":"destaque","embeddable":true,"href":"https:\/\/www.agrobase.com.br\/concursos\/wp-json\/wp\/v2\/destaque?post=273076"},{"taxonomy":"instituicoes","embeddable":true,"href":"https:\/\/www.agrobase.com.br\/concursos\/wp-json\/wp\/v2\/instituicoes?post=273076"}],"curies":[{"name":"wp","href":"https:\/\/api.w.org\/{rel}","templated":true}]}}