{"id":273066,"date":"2025-10-27T08:30:55","date_gmt":"2025-10-27T11:30:55","guid":{"rendered":"https:\/\/www.agrobase.com.br\/concursos\/?p=273066"},"modified":"2025-11-26T16:04:59","modified_gmt":"2025-11-26T19:04:59","slug":"prefeitura-presidente-epitacio-sp-selecao-publica-02-2025","status":"publish","type":"post","link":"https:\/\/www.agrobase.com.br\/concursos\/2025\/prefeitura-presidente-epitacio-sp-selecao-publica-02-2025\/","title":{"rendered":"Prefeitura Presidente Epit\u00e1cio (SP) &#8211; Sele\u00e7\u00e3o P\u00fablica 02\/2025"},"content":{"rendered":"<h2>Informa\u00e7\u00f5es Gerais<\/h2>\n<p>O Processo Seletivo da Prefeitura Municipal da Est\u00e2ncia Tur\u00edstica de Presidente Epit\u00e1cio, no Estado de S\u00e3o Paulo, foi oficialmente divulgado por meio de edital em parceria com a banca organizadora CONSESP. O certame, regido pelo regime de contrata\u00e7\u00e3o celetista, visa \u00e0 forma\u00e7\u00e3o de cadastro reserva e ao preenchimento de uma vaga imediata para o cargo de Terapeuta Ocupacional.<\/p>\n<p>O processo contempla oportunidades para candidatos de todos os n\u00edveis de escolaridade \u2014 do alfabetizado ao superior \u2014, com destaque para \u00e1reas da educa\u00e7\u00e3o, sa\u00fade e servi\u00e7os gerais. Entre os cargos de n\u00edvel superior, h\u00e1 vagas para profissionais de Enfermagem e Terapia Ocupacional, al\u00e9m de diversas fun\u00e7\u00f5es docentes.<\/p>\n<p>Com sal\u00e1rios que variam entre R$ 1.854,18 e R$ 2.342,65, o certame oferece jornadas de trabalho entre 150h e 200h mensais, conforme o cargo. Continue a leitura para saber como se inscrever, conhecer as etapas do processo e acompanhar os resultados.<\/p>\n<h2>Inscri\u00e7\u00f5es<\/h2>\n<p>As inscri\u00e7\u00f5es para o Processo Seletivo da Prefeitura de Presidente Epit\u00e1cio estar\u00e3o abertas exclusivamente pela internet, no site <a href=\"https:\/\/www.consesp.com.br\" target=\"_blank\" rel=\"noopener\">www.consesp.com.br<\/a>, entre os dias <strong>15 de outubro e 9 de novembro de 2025<\/strong>, respeitando o hor\u00e1rio de Bras\u00edlia.<\/p>\n<p>As taxas de inscri\u00e7\u00e3o variam conforme o n\u00edvel de escolaridade exigido para o cargo. O pagamento dever\u00e1 ser feito por boleto banc\u00e1rio gerado no ato da inscri\u00e7\u00e3o, com vencimento em <strong>10 de novembro de 2025<\/strong>. N\u00e3o ser\u00e3o aceitas outras formas de pagamento, e o agendamento s\u00f3 ser\u00e1 v\u00e1lido se comprovadamente efetivado at\u00e9 a data de vencimento.<\/p>\n<p>O candidato deve acompanhar o status da inscri\u00e7\u00e3o na \u00e1rea restrita do site da CONSESP, 48 horas ap\u00f3s o pagamento. Caso o status n\u00e3o conste como &#8220;inscri\u00e7\u00e3o confirmada&#8221;, \u00e9 necess\u00e1rio entrar em contato com a banca organizadora pelos canais oficiais.<\/p>\n<p>Recomenda-se aten\u00e7\u00e3o \u00e0s instru\u00e7\u00f5es durante o preenchimento do formul\u00e1rio e \u00e0 leitura completa do edital para evitar erros que possam invalidar a inscri\u00e7\u00e3o.<\/p>\n<p>Para mais informa\u00e7\u00f5es e acesso ao edital completo, acesse o site da <a href=\"https:\/\/www.consesp.com.br\" target=\"_blank\" rel=\"noopener\">CONSESP<\/a>.<\/p>\n<h2>Etapas e Provas<\/h2>\n<p>O Processo Seletivo ser\u00e1 composto por <strong>prova objetiva<\/strong> para todos os cargos, com <strong>avalia\u00e7\u00e3o de t\u00edtulos<\/strong> exclusivamente para as fun\u00e7\u00f5es de n\u00edvel superior na \u00e1rea da educa\u00e7\u00e3o.<\/p>\n<ul>\n<li><strong>Prova Objetiva<\/strong> \u2013 de car\u00e1ter classificat\u00f3rio, ser\u00e1 aplicada a todos os candidatos. A prova ser\u00e1 composta por quest\u00f5es de m\u00faltipla escolha, com quatro alternativas, e ter\u00e1 dura\u00e7\u00e3o de 2 horas. Ser\u00e3o cobradas disciplinas de <em>L\u00edngua Portuguesa<\/em>, <em>Racioc\u00ednio L\u00f3gico<\/em> e <em>Conhecimentos Espec\u00edficos<\/em>, al\u00e9m de <em>Inform\u00e1tica<\/em> ou <em>Conhecimentos Educacionais<\/em>, conforme o cargo. A nota final ser\u00e1 calculada por m\u00e9dia ponderada, com peso 3 para Conhecimentos Espec\u00edficos e peso 1 para Conhecimentos Gerais.<\/li>\n<li><strong>Avalia\u00e7\u00e3o de T\u00edtulos<\/strong> \u2013 de car\u00e1ter classificat\u00f3rio, aplic\u00e1vel apenas aos cargos de Professor. Ser\u00e3o aceitos t\u00edtulos de Doutorado (5 pontos), Mestrado (3 pontos) e P\u00f3s-gradua\u00e7\u00e3o lato sensu (2 pontos), com pontua\u00e7\u00e3o m\u00e1xima de 10 pontos. Os t\u00edtulos devem ser entregues no dia da prova, em envelope lacrado e com documenta\u00e7\u00e3o autenticada conforme as regras do edital.<\/li>\n<\/ul>\n<p>As provas objetivas est\u00e3o previstas para o dia <strong>30 de novembro de 2025<\/strong>, em dois turnos, com hor\u00e1rios e locais a serem divulgados previamente no site da CONSESP. Recomenda-se a leitura atenta do edital para detalhes sobre conte\u00fado program\u00e1tico, crit\u00e9rios de avalia\u00e7\u00e3o e cronograma completo.<\/p>\n<h2>Resultados e Gabarito<\/h2>\n<p>O cronograma de divulga\u00e7\u00e3o dos resultados ser\u00e1 publicado no site da CONSESP, incluindo as datas para:<\/p>\n<ul>\n<li><strong>Gabarito Preliminar<\/strong> \u2013 divulgado ap\u00f3s a aplica\u00e7\u00e3o da prova objetiva, com prazo de 2 dias corridos para interposi\u00e7\u00e3o de recursos.<\/li>\n<li><strong>Gabarito Definitivo e Resultado Preliminar<\/strong> \u2013 publicados ap\u00f3s an\u00e1lise dos recursos, com base nas altera\u00e7\u00f5es eventualmente procedidas.<\/li>\n<li><strong>Resultado Final<\/strong> \u2013 divulgado ap\u00f3s a avalia\u00e7\u00e3o dos t\u00edtulos (quando aplic\u00e1vel) e encerramento de todas as fases.<\/li>\n<\/ul>\n<p>Os crit\u00e9rios de classifica\u00e7\u00e3o incluem a nota final da prova objetiva (calculada por m\u00e9dia ponderada) e, para os cargos com t\u00edtulos, a soma da pontua\u00e7\u00e3o obtida. Em caso de empate, ser\u00e3o considerados: idade igual ou superior a 60 anos, maior nota em Conhecimentos Espec\u00edficos, maior nota em Conhecimentos Gerais, maior idade e, por fim, sorteio p\u00fablico conforme regras do edital.<\/p>\n<p>A homologa\u00e7\u00e3o do resultado final ser\u00e1 publicada no site da banca organizadora e poder\u00e1 ocorrer por cargo ou por conjunto de fun\u00e7\u00f5es. A convoca\u00e7\u00e3o dos aprovados seguir\u00e1 rigorosamente a ordem de classifica\u00e7\u00e3o e ser\u00e1 feita por meio de publica\u00e7\u00f5es oficiais no site da CONSESP e no Di\u00e1rio Oficial do Munic\u00edpio.<\/p>\n<p>\u00c9 responsabilidade exclusiva do candidato acompanhar todas as publica\u00e7\u00f5es e atualiza\u00e7\u00f5es no site da banca organizadora e nos canais oficiais da Prefeitura de Presidente Epit\u00e1cio.<\/p>\n","protected":false},"excerpt":{"rendered":"<p>Processo Seletivo Pref. Presidente Epit\u00e1cio (SP) com edital publicado! Vagas p\/ Professor, Enfermeiro (Fund. a Sup.). Inscri\u00e7\u00f5es a partir de 15\/10. Confira detalhes!<\/p>\n","protected":false},"author":7,"featured_media":273065,"comment_status":"open","ping_status":"open","sticky":false,"template":"","format":"standard","meta":{"_acf_changed":false,"_breakdance_hide_in_design_set":false,"_breakdance_tags":"","footnotes":""},"categories":[6433,141,6434,12,111,100,20,6871,116,25,108,134],"tags":[62],"_amplo":[],"destaque":[],"instituicoes":[],"class_list":["post-273066","post","type-post","status-publish","format-standard","has-post-thumbnail","hentry","category-biologia-licenciatura","category-educacao-artistica","category-educacao-fisica-licenciatura","category-enfermagem","category-geografia","category-historia","category-letras","category-letras-ingles","category-matematica","category-pedagogia","category-tecnico-enfermagem","category-terapia-ocupacional","tag-sao-paulo"],"acf":{"_tipo_vagas":"vagas","_numero_vagas":"","_quadro_vagas":"","_cargos":"diversos","_cargos_especificos":"","_salario_max":"R$ 2342.65","_abertura":"20251015","_encerramento":"20251109","_inscricoes":"https:\/\/www.consesp.com.br","_executora_concurso":"","_instituicao_concurso":[],"_link_adicional":null,"_anexos":null,"_produtos":null,"_vagas":"CR","_salario_min":"R$ 1854.18","_instituicao":"Prefeitura de Presidente Epit\u00e1cio","_edital":"https:\/\/www.agrobase.com.br\/concursos\/wp-content\/uploads\/sites\/4\/2025\/10\/edital-02-2025-prefeitura-de-presidente-epitacio-sp.pdf","_anexos_edital":"https:\/\/www.agrobase.com.br\/concursos\/wp-content\/uploads\/sites\/4\/2025\/10\/anexos-edital-02-2025-prefeitura-de-presidente-epitacio-sp.pdf","_fund_incompleto":"<div>\r\n<table class=\"quadro\">\r\n<thead>\r\n<tr>\r\n<th class=\"hcargo\">Cargo<\/th>\r\n<th class=\"hvagas\">Vagas<\/th>\r\n<th class=\"hremuneracao\">Remunera\u00e7\u00e3o<\/th>\r\n<\/tr>\r\n<\/thead>\r\n    <tbody>\r\n      <td class=\"ccargos\">\r\n<span data-balloon-length=\"medium\" aria-label=\"N\u00edvel de Ensino Fundamental Incompleto Certificado do Ensino Fundamental s\u00e9ries iniciais.\" data-balloon-pos=\"up\">Auxiliar de Servi\u00e7os Gerais<\/span><\/td>\r\n<td class=\"cvagas\">CR<\/td>\r\n<td class=\"cremuneracao\">R$ 1.854,18 \/200h<\/td>\r\n<\/tr><td class=\"ccargos\">\r\n<span data-balloon-length=\"medium\" aria-label=\"N\u00edvel de Ensino Fundamental Incompleto Certificado do Ensino Fundamental s\u00e9ries iniciais.\" data-balloon-pos=\"up\">Merendeira<\/span><\/td>\r\n<td class=\"cvagas\">CR<\/td>\r\n<td class=\"cremuneracao\">R$ 1.863,45 \/200h<\/td>\r\n<\/tr><td class=\"ccargos\">\r\n<span data-balloon-length=\"medium\" data-balloon-pos=\"up\">Motorista<\/span><\/td>\r\n<td class=\"cvagas\">CR<\/td>\r\n<td class=\"cremuneracao\">R$ 1.882,13 \/200h<\/td>\r\n<\/tr><td class=\"ccargos\">\r\n<span data-balloon-length=\"medium\" data-balloon-pos=\"up\">Motorista de Ambul\u00e2ncia<\/span><\/td>\r\n<td class=\"cvagas\">CR<\/td>\r\n<td class=\"cremuneracao\">R$ 1.882,13 \/200h<\/td>\r\n<\/tr>\r\n    <\/tbody>\r\n  <\/table>\r\n<\/div>","_fund_completo":"<div>\r\n<table class=\"quadro\">\r\n<thead>\r\n<tr>\r\n<th class=\"hcargo\">Cargo<\/th>\r\n<th class=\"hvagas\">Vagas<\/th>\r\n<th class=\"hremuneracao\">Remunera\u00e7\u00e3o<\/th>\r\n<\/tr>\r\n<\/thead>\r\n    <tbody>\r\n      <td class=\"ccargos\">\r\n<span data-balloon-length=\"medium\" aria-label=\"Ensino Fundamental Completo.\" data-balloon-pos=\"up\">Auxiliar de Desenvolvimento Infantil<\/span><\/td>\r\n<td class=\"cvagas\">CR<\/td>\r\n<td class=\"cremuneracao\">R$ 1.891,54 \/200h<\/td>\r\n<\/tr><td class=\"ccargos\">\r\n<span data-balloon-length=\"medium\" aria-label=\"Ensino Fundamental Completo.\" data-balloon-pos=\"up\">Inspetor de Aluno<\/span><\/td>\r\n<td class=\"cvagas\">CR<\/td>\r\n<td class=\"cremuneracao\">R$ 1.872,77 \/200h<\/td>\r\n<\/tr>\r\n    <\/tbody>\r\n  <\/table>\r\n<\/div>","_medio":"<div>\r\n<table class=\"quadro\">\r\n<thead>\r\n<tr>\r\n<th class=\"hcargo\">Cargo<\/th>\r\n<th class=\"hvagas\">Vagas<\/th>\r\n<th class=\"hremuneracao\">Remunera\u00e7\u00e3o<\/th>\r\n<\/tr>\r\n<\/thead>\r\n    <tbody>\r\n      <td class=\"ccargos\">\r\n<span data-balloon-length=\"medium\" aria-label=\"Ensino T\u00e9cnico na \u00c1rea e Registro COREN.\" data-balloon-pos=\"up\">T\u00e9cnico em Enfermagem<\/span><\/td>\r\n<td class=\"cvagas\">CR<\/td>\r\n<td class=\"cremuneracao\">R$ 1.978,38 \/200h<\/td>\r\n<\/tr>\r\n    <\/tbody>\r\n  <\/table>\r\n<\/div>","_superior":"<div>\r\n<table class=\"quadro\">\r\n<thead>\r\n<tr>\r\n<th class=\"hcargo\">Cargo<\/th>\r\n<th class=\"hvagas\">Vagas<\/th>\r\n<th class=\"hremuneracao\">Remunera\u00e7\u00e3o<\/th>\r\n<\/tr>\r\n<\/thead>\r\n    <tbody>\r\n      <tr>\r\n<td class=\"ccargos\">\r\n<span data-balloon-length=\"medium\" aria-label=\"N\u00edvel Superior na \u00e1rea e registro no COREN.\" data-balloon-pos=\"up\">Enfermeiro<\/span><\/td>\r\n<td class=\"cvagas\">CR<\/td>\r\n<td class=\"cremuneracao\">R$ 2.342,65 \/200h<\/td>\r\n<\/tr><tr>\r\n<td class=\"ccargos\">\r\n<span data-balloon-length=\"medium\" aria-label=\"Curso Superior Completo e Registro no Conselho Regional de Fisioterapia e Terapia Ocupacional - CREFITO\" data-balloon-pos=\"up\">Terapeuta Ocupacional<\/span><\/td>\r\n<td class=\"cvagas\">01<\/td>\r\n<td class=\"cremuneracao\">R$ 2.342,65 \/150h<\/td>\r\n<\/tr><tr>\r\n<td class=\"ccargos\">\r\n<span data-balloon-length=\"medium\" aria-label=\"Curso Normal superior com Habilita\u00e7\u00e3o em Educa\u00e7\u00e3o Infantil, Curso Normal Superior com Habilita\u00e7\u00e3o em Magist\u00e9rio das s\u00e9ries iniciais do Ensino Fundamental ou Licenciatura em Pedagogia com Habilita\u00e7\u00e3o em Magist\u00e9rio das s\u00e9ries iniciais do Ensino Fundamental ou programa especial de forma\u00e7\u00e3o Pedag\u00f3gica Superior, qualquer que seja a nomenclatura do curso, com habilita\u00e7\u00e3o em magist\u00e9rio das s\u00e9ries iniciais do Ensino Fundamental. Atendimento Educacional Especializado (AEE): Licenciatura em Educa\u00e7\u00e3o Especial e\/ou Especializa\u00e7\u00e3o em Educa\u00e7\u00e3o Especial.\" data-balloon-pos=\"up\">Professor de Educ. B\u00e1sica I<\/span><\/td>\r\n<td class=\"cvagas\">CR<\/td>\r\n<td class=\"cremuneracao\">R$ 19,65 \/170h<\/td>\r\n<\/tr><tr>\r\n<td class=\"ccargos\">\r\n<span data-balloon-length=\"medium\" aria-label=\"Curso Normal superior com Habilita\u00e7\u00e3o em Educa\u00e7\u00e3o Infantil, Curso Normal Superior com Habilita\u00e7\u00e3o em Magist\u00e9rio das s\u00e9ries iniciais do Ensino Fundamental ou Licenciatura em Pedagogia com Habilita\u00e7\u00e3o em Magist\u00e9rio das s\u00e9ries iniciais do Ensino Fundamental ou programa especial de forma\u00e7\u00e3o Pedag\u00f3gica Superior, qualquer que seja a nomenclatura do curso, com habilita\u00e7\u00e3o em magist\u00e9rio das s\u00e9ries iniciais do Ensino Fundamental, Observa\u00e7\u00e3o: Atendimento Educacional Especializado (AEE): Licenciatura em Educa\u00e7\u00e3o Especial e\/ou Especializa\u00e7\u00e3o em Educa\u00e7\u00e3o Especial.\" data-balloon-pos=\"up\">Professor de Educ. B\u00e1sica I - Creche<\/span><\/td>\r\n<td class=\"cvagas\">CR<\/td>\r\n<td class=\"cremuneracao\">R$ 19,65 \/190h<\/td>\r\n<\/tr><tr>\r\n<td class=\"ccargos\">\r\n<span data-balloon-length=\"medium\" aria-label=\"Habilita\u00e7\u00e3o com Licenciatura Plena em Educa\u00e7\u00e3o Art\u00edstica\/Arte.\" data-balloon-pos=\"up\">Professor de Educ. B\u00e1sica II - Arte<\/span><\/td>\r\n<td class=\"cvagas\">CR<\/td>\r\n<td class=\"cremuneracao\">R$ 20,63 \/02h<\/td>\r\n<\/tr><tr>\r\n<td class=\"ccargos\">\r\n<span data-balloon-length=\"medium\" aria-label=\"Habilita\u00e7\u00e3o com Licenciatura Plena ou em Ci\u00eancias Biol\u00f3gicas ou Licenciatura em Ci\u00eancias, com Habilita\u00e7\u00e3o Plena em Qu\u00edmica e Biologia.\" data-balloon-pos=\"up\">Professor de Educ. B\u00e1sica II - Ci\u00eancias<\/span><\/td>\r\n<td class=\"cvagas\">CR<\/td>\r\n<td class=\"cremuneracao\">R$ 20,63 \/02h<\/td>\r\n<\/tr><tr>\r\n<td class=\"ccargos\">\r\n<span data-balloon-length=\"medium\" aria-label=\"Forma\u00e7\u00e3o em Bacharelado (Resolu\u00e7\u00e3o CNE\/CES 07\/2004) e\/ou Licenciatura Plena (Resolu\u00e7\u00e3o CFE 03\/87) na \u00e1rea de Educa\u00e7\u00e3o F\u00edsica com registro no CONFEF\/CREFS.\" data-balloon-pos=\"up\">Professor de Educ. B\u00e1sica II - Educa\u00e7\u00e3o F\u00edsica<\/span><\/td>\r\n<td class=\"cvagas\">CR<\/td>\r\n<td class=\"cremuneracao\">R$ 20,63 \/02h<\/td>\r\n<\/tr><tr>\r\n<td class=\"ccargos\">\r\n<span data-balloon-length=\"medium\" aria-label=\"Habilita\u00e7\u00e3o com licenciatura plena em Geografia ou em Estudos Sociais, com habilita\u00e7\u00e3o em Geografia.\" data-balloon-pos=\"up\">Professor de Educ. B\u00e1sica II - Geografia<\/span><\/td>\r\n<td class=\"cvagas\">CR<\/td>\r\n<td class=\"cremuneracao\">R$ 20,63 \/02h<\/td>\r\n<\/tr><tr>\r\n<td class=\"ccargos\">\r\n<span data-balloon-length=\"medium\" aria-label=\"Habilita\u00e7\u00e3o com Licenciatura Plena em Geografia ou em Estudos Sociais, com habilita\u00e7\u00e3o em Hist\u00f3ria.\" data-balloon-pos=\"up\">Professor de Educ. B\u00e1sica II - Hist\u00f3ria<\/span><\/td>\r\n<td class=\"cvagas\">CR<\/td>\r\n<td class=\"cremuneracao\">R$ 20,63 \/02h<\/td>\r\n<\/tr><tr>\r\n<td class=\"ccargos\">\r\n<span data-balloon-length=\"medium\" aria-label=\"Licenciatura Plena em Letras com Habilita\u00e7\u00e3o Espec\u00edfica.\" data-balloon-pos=\"up\">Professor de Educ. B\u00e1sica II - L\u00edngua Portuguesa\/Ingl\u00eas<\/span><\/td>\r\n<td class=\"cvagas\">CR<\/td>\r\n<td class=\"cremuneracao\">R$ 20,63 \/02h<\/td>\r\n<\/tr><tr>\r\n<td class=\"ccargos\">\r\n<span data-balloon-length=\"medium\" aria-label=\"Habilita\u00e7\u00e3o com Licenciatura Plena em Matem\u00e1tica.\" data-balloon-pos=\"up\">Professor de Educ. B\u00e1sica II - Matem\u00e1tica<\/span><\/td>\r\n<td class=\"cvagas\">CR<\/td>\r\n<td class=\"cremuneracao\">R$ 20,63 \/02h<\/td>\r\n<\/tr>\r\n    <\/tbody>\r\n  <\/table>\r\n<\/div>"},"_links":{"self":[{"href":"https:\/\/www.agrobase.com.br\/concursos\/wp-json\/wp\/v2\/posts\/273066","targetHints":{"allow":["GET"]}}],"collection":[{"href":"https:\/\/www.agrobase.com.br\/concursos\/wp-json\/wp\/v2\/posts"}],"about":[{"href":"https:\/\/www.agrobase.com.br\/concursos\/wp-json\/wp\/v2\/types\/post"}],"author":[{"embeddable":true,"href":"https:\/\/www.agrobase.com.br\/concursos\/wp-json\/wp\/v2\/users\/7"}],"replies":[{"embeddable":true,"href":"https:\/\/www.agrobase.com.br\/concursos\/wp-json\/wp\/v2\/comments?post=273066"}],"version-history":[{"count":3,"href":"https:\/\/www.agrobase.com.br\/concursos\/wp-json\/wp\/v2\/posts\/273066\/revisions"}],"predecessor-version":[{"id":274327,"href":"https:\/\/www.agrobase.com.br\/concursos\/wp-json\/wp\/v2\/posts\/273066\/revisions\/274327"}],"wp:featuredmedia":[{"embeddable":true,"href":"https:\/\/www.agrobase.com.br\/concursos\/wp-json\/wp\/v2\/media\/273065"}],"wp:attachment":[{"href":"https:\/\/www.agrobase.com.br\/concursos\/wp-json\/wp\/v2\/media?parent=273066"}],"wp:term":[{"taxonomy":"category","embeddable":true,"href":"https:\/\/www.agrobase.com.br\/concursos\/wp-json\/wp\/v2\/categories?post=273066"},{"taxonomy":"post_tag","embeddable":true,"href":"https:\/\/www.agrobase.com.br\/concursos\/wp-json\/wp\/v2\/tags?post=273066"},{"taxonomy":"_amplo","embeddable":true,"href":"https:\/\/www.agrobase.com.br\/concursos\/wp-json\/wp\/v2\/_amplo?post=273066"},{"taxonomy":"destaque","embeddable":true,"href":"https:\/\/www.agrobase.com.br\/concursos\/wp-json\/wp\/v2\/destaque?post=273066"},{"taxonomy":"instituicoes","embeddable":true,"href":"https:\/\/www.agrobase.com.br\/concursos\/wp-json\/wp\/v2\/instituicoes?post=273066"}],"curies":[{"name":"wp","href":"https:\/\/api.w.org\/{rel}","templated":true}]}}